{"id":6324,"date":"2026-09-04T20:48:06","date_gmt":"2026-09-04T20:48:06","guid":{"rendered":"https:\/\/rafalk-elblag.pl\/?p=6324"},"modified":"2026-09-04T20:48:06","modified_gmt":"2026-09-04T20:48:06","slug":"xxiii-niedziela-zwykla-2","status":"publish","type":"post","link":"https:\/\/rafalk-elblag.pl\/?p=6324","title":{"rendered":"XXIII NIEDZIELA ZWYK\u0141A"},"content":{"rendered":"<p><img decoding=\"async\" class=\"aligncenter\" src=\"http:\/\/rafalk-elblag.pl\/wp-content\/uploads\/2026\/02\/WhatsApp-Image-2026-02-04-at-16.06.21-3-300x200.jpeg\"><\/p>\n<h2 style=\"text-align: center;\"><span style=\"color: #008000;\"><strong>POTRZEBA \u017bYCIA RELIGIJNEGO<br \/>\nU DZIECI I M\u0141ODZIE\u017bY<\/strong><\/span><\/h2>\n<p>Troska rodzic\u00f3w o poprawne wychowanie dzieci przejawia si\u0119 w r\u00f3\u017cnorakiej formie. Ze swymi problemami nie zamykaj\u0105 si\u0119 w kr\u0119gu rodzinnym, lecz r\u00f3wnie\u017c nawi\u0105zuj\u0105 kontakty ze szko\u0142\u0105. Wielk\u0105 nadziej\u0119 pok\u0142adaj\u0105 w szkolnym katechecie, kt\u00f3ry ma teologiczne wykszta\u0142cenie i cieszy si\u0119 du\u017cym powa\u017caniem. Pragn\u0105 z nim wsp\u00f3\u0142pracowa\u0107 w dziedzinie dobrego przygotowania dzieci do I Spowiedzi i Komunii \u015bwi\u0119tej, czyli pe\u0142nego uczestnictwa w niedzielno-\u015bwi\u0105tecznej Eucharystii. Dzi\u0119ki takiej wsp\u00f3\u0142pracy dzieci \u0142atwiej mog\u0105 zrozumie\u0107 ten wyj\u0105tkowy dar Boga, kt\u00f3ry jest potrzebny w pog\u0142\u0119bianiu wiary. \u017bycie religijne sk\u0142ania dzieci do coraz wi\u0119kszej mi\u0142o\u015bci Jezusa i ludzi. One ucz\u0105 si\u0119 od rodzic\u00f3w wzajemnego szacunku i troski o w\u0142asny dom i parafi\u0119. Nie ulega w\u0105tpliwo\u015bci, \u017ce B\u00f3g takim rodzinom b\u0142ogos\u0142awi i ka\u017cdego obdarza swoimi \u0142askami. Tacy rodzice posiadaj\u0105 konkretny cel wychowawczy oraz nadaj\u0105 mu w\u0142a\u015bciwy sens (KDK 48). Umocnieni wiar\u0105, wytwarzaj\u0105 w swym domu atmosfer\u0119 coraz bogatszego \u017cycia duchowego. Ma to niema\u0142e znaczenie w religijnej formacji dzieci. W katolickim domu nierzadko znajduje si\u0119 czas na rozmowy o tematyce religijnej i wychowawczej. Koryguje si\u0119 tam czyny, aby nie obci\u0105\u017ca\u0142y sumienia, gdy\u017c ono jest najlepszym wychowawc\u0105 ka\u017cdego cz\u0142owieka. Dotyczy to r\u00f3wnie\u017c \u017cycia religijnego, kt\u00f3re przejawia si\u0119 w r\u00f3\u017cnych formach, a wi\u0119c w codziennych modlitwach i uczestnictwie w niedzielnej Eucharystii. Tam, gdzie rodzice dbaj\u0105 o religijne wychowanie swych dzieci, nie ma wi\u0119kszych trudno\u015bci z ucz\u0119szczaniem na katechezy i Msz\u0119 \u015bw. Rodzice, pob\u0142ogos\u0142awieni w Sakramencie Ma\u0142\u017ce\u0144stwa, ciesz\u0105 si\u0119 specjalnymi darami stanu, kt\u00f3re s\u0105 potrzebne w wychowaniu dzieci. Posiadana wiara w Chrystusa daje im \u0142atwo\u015b\u0107 prowadzenia domu w duchu katolickim. Ucz\u0105, \u017ce drogowskazem cz\u0142owieka jest Dekalog i Ewangelia. Jezus za\u015b ukryty w Eucharystii, nadal wszystkich zaprasza do Siebie i ci\u0105gle powtarza ustami celebransa podczas Mszy \u015bw. \u2014 \u201eBierzcie i jedzcie\u201d (Mt 28,26). Eucharystycznemu wychowaniu dzieci sprzyja codzienna ich praca w domu i szkole, a chrze\u015bcija\u0144skie zasady moralno\u015bci ukazuj\u0105 kierunek, w kt\u00f3rym nale\u017cy i\u015b\u0107, by nie utraci\u0107 kontaktu z Bogiem. We wsp\u00f3\u0142czesnych czasach rodzice w swym religijnym wychowaniu napotykaj\u0105 r\u00f3\u017cne przeszkody. Niema\u0142e spustoszenie siej\u0105 liberalne \u015brodki masowego przekazu. Programy telewizyjno-radiowe, kasety i kolorowe czasopisma o tematyce obcej katolickiemu wychowaniu, do\u015b\u0107 \u0142atwo przyci\u0105gaj\u0105 m\u0142odych, bo nie stawiaj\u0105 wymaga\u0144 pod wzgl\u0119dem formacyjnym. W takich sytuacjach s\u0105 potrzebni rodzice, by chroni\u0107 dzieci przed niebezpiecze\u0144stwami tak religijnymi, jak i moralnymi. Dom rodzinny jest jedynym miejscem, gdzie ch\u0119tnie si\u0119 przebywa. Tu autentycznie prze\u017cywa si\u0119 wszystkie sprawy rodzinne i je\u015bli jest zgoda mi\u0119dzy domownikami, panuje sprzyjaj\u0105ca atmosfera do wszelkich rozm\u00f3w, a w tym na tematy religijno-moralne. Wsp\u00f3lnie te\u017c \u015bwi\u0119tuje si\u0119 w niedziele i nie opuszcza si\u0119 w tym dniu Eucharystii. W eucharystycznym wychowaniu dzieci g\u0142\u00f3wnym podmiotem s\u0105 rodzice, a szczeg\u00f3lnie matka. Oni okazuj\u0105 wobec wszystkich sw\u0105 \u017cyczliwo\u015b\u0107 i zach\u0119caj\u0105 do wype\u0142niania w\u0142asnych obowi\u0105zk\u00f3w (odnosi si\u0119 to szczeg\u00f3lnie do dzieci w szkolnym wieku). Ucz\u0105 zgody i poszanowania ka\u017cdego cz\u0142owieka, mi\u0142o\u015bci Boga<br \/>\ni bli\u017anich. Przypominaj\u0105 o praktykach religijnych i zasadach chrze\u015bcija\u0144skiej moralno\u015bci.<\/p>\n<p><img decoding=\"async\" class=\"aligncenter\" src=\"http:\/\/rafalk-elblag.pl\/wp-content\/uploads\/2026\/02\/WhatsApp-Image-2026-02-04-at-16.06.21-2-300x200.jpeg\"><\/p>\n<h2 style=\"text-align: center;\"><span style=\"color: #008000;\"><strong>OG\u0141OSZENIA PARAFIALNE&nbsp; 06.09.2026 r.<\/strong><\/span><\/h2>\n<h2 style=\"text-align: center;\"><span style=\"color: #008000;\"><strong>XXIII NIEDZIELA ZWYK\u0141A<\/strong><\/span><\/h2>\n<ol>\n<li><strong>INFORMUJEMY <\/strong>\u017ce od wrze\u015bnia powracamy do Mszy \u015bwi\u0119tej niedzielnej o godzinie 15:00, kt\u00f3ra rozpoczyna si\u0119 Koronk\u0105 do Mi\u0142osierdzia Bo\u017cego. <em>Dzi\u0119kuj\u0119 osobom z Apostolatu Bo\u017cego Mi\u0142osierdzia za prowadzenie Koronki w czasie wakacji.<\/em><\/li>\n<li>Dzisiaj pierwsza niedziela miesi\u0105ca. Zapraszamy na <strong>ADORACJ\u0118 NAJ\u015aWI\u0118TSZEGO SAKRAMENTU OD GODZ. 16:00 DO GODZ. 18.00.<\/strong><\/li>\n<li>W pierwsze niedziele miesi\u0105ca taca przeznaczona jest na inwestycje w naszej parafii. <em>B\u00f3g zap\u0142a\u0107 za sk\u0142adane ofiary<\/em><em>oraz te przekazane na konto parafialne.<\/em><\/li>\n<li><strong>Rozpocz\u0105\u0142 si\u0119 Nowy Rok Szkolny i Katechetyczny.<\/strong>Wsp\u00f3lnie zatroszczmy si\u0119 o dobre wychowanie m\u0142odego pokolenia. Postarajmy si\u0119 znale\u017a\u0107 czas dla naszych dziecii zadbajmy o ich udzia\u0142 w lekcjach religii. <strong><em>Przypominamy ponadto, \u017ce przygotowanie do przyj\u0119cia sakrament\u00f3w \u015bwi\u0119tych tj. do pierwszej Spowiedzi i Komunii \u015awi\u0119tej oraz do Sakramentu Bierzmowania odbywa si\u0119 r\u00f3wnie\u017c w Ko\u015bciele.<\/em><\/strong><\/li>\n<li>Osoby z grupy modlitewnej <strong>RODZINNY R\u00d3\u017bANIEC<\/strong> zapraszamy po Mszach \u015bwi\u0119tych w II niedziel\u0119 (13 wrze\u015bnia) miesi\u0105ca do pana Piotra &#8211; organisty po odbi\u00f3r tajemnic r\u00f3\u017ca\u0144cowych. Zapraszamy tak\u017ce nowe osoby, kt\u00f3re chc\u0105 si\u0119 modli\u0107.<\/li>\n<li>Pan Piotr \u2013 Organista zaprasza dzieci ze Scholki Parafialnej na pr\u00f3by \u015bpiewu w ka\u017cd\u0105 niedziel\u0119 o godz. 9:40 do salki parafialnej. <em>Nowe osoby s\u0105 bardzo mile widziane.<\/em><\/li>\n<li>W tym tygodniu na plebanii odb\u0119d\u0105 si\u0119 spotkania rodzic\u00f3w dzieci przygotowuj\u0105cych si\u0119 w tym roku szkolnym do Pierwszej Spowiedzi i Komunii \u015awi\u0119tej wed\u0142ug nast\u0119puj\u0105cego porz\u0105dku:<\/li>\n<\/ol>\n<ul>\n<li><strong>poniedzia\u0142ek (7 wrze\u015bnia) o godz. 19:00 rodzice klas III a i III b <\/strong><\/li>\n<li><strong>wtorek (8 wrze\u015bnia) o godz. 19:00 rodzice klas III c i III d <\/strong>oraz rodzice dzieci ucz\u0105cych si\u0119 w innych szko\u0142ach. <strong>OBECNO\u015a\u0106 RODZIC\u00d3W OBOWI\u0104ZKOWA.<\/strong><\/li>\n<\/ul>\n<ol start=\"8\">\n<li><strong>Zapisy do SAKRAMENTU BIERZMOWANIA<\/strong>m\u0142odzie\u017cyz klas VIII Szko\u0142y Podstawowej trwaj\u0105 do ko\u0144ca wrze\u015bnia. <em>Zg\u0142oszenia przyjmuje ks. Adam.<\/em><\/li>\n<li>W najbli\u017cszy czwartek tj.10wrze\u015bniao godz. 8:00 zapraszamy na Msz\u0119 \u015bw.<em> dzi\u0119kczynn\u0105 za naszego najstarszego Parafianina EUGENIUSZA WILE\u0143SKIEGO z okazji 100-lecia Jego urodzin.. Wsp\u00f3lnie b\u0119dziemy dzi\u0119kowa\u0107 za d\u0142ugie \u017cycie Czcigodnego JUBILATA oraz \u015bwiadectwo Jego \u017cywej wiary. Dodam, \u017ce pan Eugeniusz codziennie uczestniczy we Mszy \u015bw. w naszym ko\u015bciele. W dniu tym prosi\u0107 te\u017c b\u0119dziemy o potrzebne \u0142aski Bo\u017ce i opiek\u0119 Matki Bo\u017cej Szkaplerznej na dalsze lata \u017cycia.<\/em><\/li>\n<li><strong>Przypominamy, <\/strong>\u017ce w dniach 9-13 wrze\u015bnia br. odb\u0119dzie si\u0119 <strong><em>XII \u017bu\u0142awska Pielgrzymka Piesza od uj\u015bcia Wis\u0142y do Gietrzwa\u0142du.<\/em><\/strong> Zach\u0119camy do udzia\u0142u.<\/li>\n<li>Nasza parafia organizuje <strong>pielgrzymk\u0119 autokarow\u0105 do SANKTUARIUM MATKI BO\u017bEJ GIETRZWA\u0141DZKIEJ na obchody 149 Rocznicy Objawie\u0144. <\/strong><em>Wyjazd 13 wrze\u015bnia (niedziela) o godz. 7:30. Koszt 55 z\u0142<strong>. Zapraszamy.<\/strong><\/em><\/li>\n<li><strong>Trwa rekrutacja na studia do Seminarium Duchownego w Elbl\u0105gu oraz na Wydzia\u0142 Teologii uniwersytetu w Olsztynie. Studia odbywaj\u0105 si\u0119 w zakresach: formacja kap\u0142a\u0144ska, nauczanie religii, nauki o rodzinie, muzyka sakralna. Osoby ju\u017c studiuj\u0105ce w Olsztynie mog\u0105 podj\u0105\u0107 studia z teologii jako drugi dodatkowy kierunek. <\/strong><\/li>\n<li><strong>KANCELARIA PARAFIALNA:<\/strong> czynna w \u015brody&nbsp; od 16:00 do 17:30 oraz w pi\u0105tki po Mszy \u015bw. wieczorowej do godz. 19:30.<\/li>\n<li>Mamy dzi\u015b mo\u017cliwo\u015b\u0107 nabycia kolejnego dwumiesi\u0119cznika<strong> \u201eHISTORIA KO\u015aCIO\u0141A\u201d<\/strong><strong><em>w <\/em><\/strong><strong>cenie 16 z\u0142. oraz <\/strong>nowy numer \u201eGo\u015bcia Niedzielnego\u201d<strong> w cenie 12 z\u0142.<\/strong> Jest te\u017c wy\u0142o\u017cony<strong> BIULETYN PARAFIALNY<\/strong> na stolikach przy wej\u015bciu do ko\u015bcio\u0142a.<u> Zach\u0119camy do zabrania dla siebie i swoich s\u0105siad\u00f3w<em>.<\/em><\/u><\/li>\n<\/ol>\n<h2 style=\"text-align: center;\"><span style=\"color: #008000;\"><strong>Numer Konta Parafialnego<\/strong><\/span><\/h2>\n<h2 style=\"text-align: center;\"><span style=\"color: #008000;\"><strong>PKO BP 72 1020 1752 0000 0102 0069 6047<\/strong><\/span><\/h2>\n<p><em><img decoding=\"async\" class=\"aligncenter\" src=\"http:\/\/rafalk-elblag.pl\/wp-content\/uploads\/2026\/02\/WhatsApp-Image-2026-02-04-at-16.06.21-1-300x200.jpeg\"><\/em><\/p>\n<table width=\"721\">\n<tbody>\n<tr>\n<td colspan=\"2\" width=\"721\">\n<p style=\"text-align: center;\"><span style=\"color: #008000;\"><strong>23 NIEDZIELA ZWYK\u0141A \/ 6 wrzesie\u0144 2026 \/ Mt 18, 15 \u2013 20&nbsp;&nbsp; <\/strong><\/span><\/p>\n<\/td>\n<\/tr>\n<tr>\n<td width=\"70\"><span style=\"color: #008000;\"><strong>8.00<\/strong><\/span><\/td>\n<td width=\"651\">O Bo\u017ce b\u0142ogos\u0142awie\u0144stwo dla Karoliny i Oskara oraz Sebastiana i Natalii<br \/>\ni ich rodzin<\/td>\n<\/tr>\n<tr>\n<td width=\"70\"><span style=\"color: #008000;\"><strong>10.00<\/strong><\/span><\/td>\n<td width=\"651\">O Bo\u017ce b\u0142ogos\u0142awie\u0144stwo na nowy rok szkolny, potrzebne \u0142aski, dary Ducha \u015awi\u0119tego oraz opiek\u0119 Matki Bo\u017cej Szkaplerznej dla Piotra MA\u0143SKIEGO i Julii KU\u015aNIEWSKIEJ<\/td>\n<\/tr>\n<tr>\n<td width=\"70\"><span style=\"color: #008000;\"><strong>12.00<\/strong><\/span><\/td>\n<td width=\"651\"><span style=\"color: #ff0000;\"><strong>Za Parafian<\/strong><\/span><\/td>\n<\/tr>\n<tr>\n<td width=\"70\"><span style=\"color: #008000;\"><strong>15.00<\/strong><\/span><\/td>\n<td width=\"651\">\u015ap. Stefani\u0119 w 37 rocznic\u0119 \u015bmierci, W\u0142adys\u0142awa(m) w 44 rocznic\u0119 \u015bmierci BAJSON i zmar\u0142ych z rodziny<\/td>\n<\/tr>\n<tr>\n<td width=\"70\"><span style=\"color: #008000;\"><strong>18.00<\/strong><\/span><\/td>\n<td width=\"651\">\u015ap. Jadwig\u0119 K\u0118DZIERSK\u0104 w 32 rocznice \u015bmierci i zmar\u0142ych z rodzin: K\u0118DZIERSKICH, HERMAN i SOLECKICH<\/td>\n<\/tr>\n<tr>\n<td colspan=\"2\" width=\"721\">\n<p style=\"text-align: center;\"><span style=\"color: #008000;\"><strong>PONIEDZIA\u0141EK \/ 7 wrzesie\u0144 2026 \/ \u0141k 6, 6 \u2013 11<\/strong><\/span><\/p>\n<\/td>\n<\/tr>\n<tr>\n<td width=\"70\"><span style=\"color: #008000;\"><strong>8.00<\/strong><\/span><\/td>\n<td width=\"651\">O zdrowie, potrzebne \u0142aski dla Krystyny BIELSKIEJ \u2013 prosi wnuczka<\/td>\n<\/tr>\n<tr>\n<td width=\"70\"><span style=\"color: #008000;\"><strong>18.00<\/strong><\/span><\/td>\n<td width=\"651\">\u015ap. Andrzeja w rocznic\u0119 \u015bmierci, Izydora, Genowef\u0119, Franciszka(m) z rodziny BINKOWSKICH<\/td>\n<\/tr>\n<tr>\n<td width=\"70\"><span style=\"color: #008000;\"><strong>18.00<\/strong><\/span><\/td>\n<td width=\"651\">\u015ap. Regin\u0119 URBA\u0143SK\u0104 w 7 rocznic\u0119 \u015bmierci<\/td>\n<\/tr>\n<tr>\n<td colspan=\"2\" width=\"721\">\n<p style=\"text-align: center;\"><span style=\"color: #0000ff;\"><strong>WTOREK \/ 8 wrzesie\u0144 2026 \/&nbsp;&nbsp; Mt 1, 1 \u2013 16. 18 \u2013 23 <\/strong><\/span><\/p>\n<p style=\"text-align: center;\"><span style=\"color: #0000ff;\"><strong>\u015aWI\u0118TO NARODZENIA N. M. P.<\/strong><\/span><\/p>\n<\/td>\n<\/tr>\n<tr>\n<td width=\"70\"><span style=\"color: #0000ff;\"><strong>8.00<\/strong><\/span><\/td>\n<td width=\"651\">\u015ap. Leona RACZKOWSKIEGO w 13 rocznic\u0119 \u015bmierci, Teres\u0119 RACZKOWSK\u0104, Ligi\u0119<br \/>\ni&nbsp; J\u00f3zefa(m) TR\u0104BSKICH<\/td>\n<\/tr>\n<tr>\n<td width=\"70\"><span style=\"color: #0000ff;\"><strong>18.00<\/strong><\/span><\/td>\n<td width=\"651\">Dzi\u0119kczynna w 52 rocznic\u0119 \u015blubu Teresy i Mieczys\u0142awa(m) z pro\u015bb\u0105 o dalsz\u0105 opiek\u0119 Bo\u017ce b\u0142ogos\u0142awie\u0144stwo i opiek\u0119 Matki Bo\u017cej Szkaplerznej na dalsze \u017cycie dla ca\u0142ej rodziny<\/td>\n<\/tr>\n<tr>\n<td colspan=\"2\" width=\"721\">\n<p style=\"text-align: center;\"><span style=\"color: #008000;\"><strong>\u015aRODA \/ 9 wrzesie\u0144 2026 \/ \u0141k 6, 20 \u2013 26<\/strong><\/span><\/p>\n<\/td>\n<\/tr>\n<tr>\n<td width=\"70\"><span style=\"color: #008000;\"><strong>8.00<\/strong><\/span><\/td>\n<td width=\"651\">\u015ap. Franciszk\u0119(k) i Eugeniusza TOLDORF<\/td>\n<\/tr>\n<tr>\n<td width=\"70\"><span style=\"color: #008000;\"><strong>18.00<\/strong><\/span><\/td>\n<td width=\"651\">\u015ap. Edwarda KORZENIOWSKIEGO w 25 rocznic\u0119 \u015bmierci<\/td>\n<\/tr>\n<tr>\n<td colspan=\"2\" width=\"721\">\n<p style=\"text-align: center;\"><span style=\"color: #008000;\"><strong>CZWARTEK \/ 10 wrzesie\u0144 2026 \/ \u0141k 6, 27 \u2013 38<\/strong><\/span><\/p>\n<\/td>\n<\/tr>\n<tr>\n<td width=\"70\"><span style=\"color: #008000;\"><strong>8.00<\/strong><\/span><\/td>\n<td width=\"651\">Dzi\u0119kczynna z okazji 100 rocznicy urodzin Eugeniusza WIELE\u0143SKIEGO z pro\u015bb\u0105 o Bo\u017ce b\u0142ogos\u0142awie\u0144stwo i opiek\u0119 matki Bo\u017cej Szkaplerznej na kolejne lata \u017cycia dla Jubilata<\/td>\n<\/tr>\n<tr>\n<td width=\"70\"><span style=\"color: #008000;\"><strong>18.00<\/strong><\/span><\/td>\n<td width=\"651\">\u015ap. Bronis\u0142aw\u0119(k) i Stanis\u0142awa(m) ZASKALSKICH, Stanis\u0142aw\u0119, Wilhelma, Henryka(m) GLI\u0143SKICH<\/td>\n<\/tr>\n<tr>\n<td width=\"70\"><span style=\"color: #008000;\"><strong>18.00<\/strong><\/span><\/td>\n<td width=\"651\">Dzi\u0119kczynna z okazji 100 rocznicy urodzin Eugeniusza WIELE\u0143SKIEGO z pro\u015bb\u0105 o Bo\u017ce b\u0142ogos\u0142awie\u0144stwo i opiek\u0119 matki Bo\u017cej Szkaplerznej na kolejne lata \u017cycia dla Jubilata<\/td>\n<\/tr>\n<tr>\n<td colspan=\"2\" width=\"721\">\n<p style=\"text-align: center;\"><span style=\"color: #ff6600;\"><strong>Adoracja naj\u015bwi\u0119tszego sakramentu do godziny 20.00 <\/strong><\/span><\/p>\n<\/td>\n<\/tr>\n<tr>\n<td colspan=\"2\" width=\"721\">\n<p style=\"text-align: center;\"><span style=\"color: #008000;\"><strong>PI\u0104TEK \/ 11 wrzesie\u0144 2026 \/ \u0141k 6, 39 \u2013 42 <\/strong><\/span><\/p>\n<\/td>\n<\/tr>\n<tr>\n<td width=\"70\"><span style=\"color: #008000;\"><strong>8.00<\/strong><\/span><\/td>\n<td width=\"651\">\u015ap. Janin\u0119 B\u0141A\u017bEWICZ w 7 miesi\u0105cu po \u015bmierci, Zbigniewa B\u0141A\u017bEWICZ w 8 rocznic\u0119 \u015bmierci, Jadwig\u0119 I\u0141GOWSK\u0104 w 24 rocznice \u015bmierci, J\u00f3zef\u0119(k) i Wac\u0142awa I\u0141GOWSKICH<\/td>\n<\/tr>\n<tr>\n<td width=\"70\"><span style=\"color: #008000;\"><strong>18.00<\/strong><\/span><\/td>\n<td width=\"651\">\u015ap. Andrzeja JANKOWSKIEGO w 1 rocznic\u0119 \u015bmierci<\/td>\n<\/tr>\n<tr>\n<td width=\"70\"><span style=\"color: #008000;\"><strong>18.00<\/strong><\/span><\/td>\n<td width=\"651\">\u015ap. Zofi\u0119 STA\u0143CZYK w 30 dniu po pogrzebie<\/td>\n<\/tr>\n<tr>\n<td colspan=\"2\" width=\"721\">\n<p style=\"text-align: center;\"><span style=\"color: #008000;\"><strong>SOBOTA \/ 12 wrzesie\u0144 2026 \/ \u0141k 6, 43 \u2013 49<\/strong><\/span><\/p>\n<\/td>\n<\/tr>\n<tr>\n<td width=\"70\"><span style=\"color: #008000;\"><strong>8.00<\/strong><\/span><\/td>\n<td width=\"651\">\u015ap. Adama Szymona GRZANOWSKIEGO<\/td>\n<\/tr>\n<tr>\n<td width=\"70\"><span style=\"color: #008000;\"><strong>16.00<\/strong><\/span><\/td>\n<td width=\"651\">\u015aLUB \u2013 Natalii Korzec i Mateusza Groszyk<\/td>\n<\/tr>\n<tr>\n<td width=\"70\"><span style=\"color: #008000;\"><strong>18.00<\/strong><\/span><\/td>\n<td width=\"651\">Dzi\u0119kczynna w 50 rocznic\u0119 \u015blubu Teresy i Wies\u0142awa HORBACZEWSKICH, o Bo\u017ce b\u0142ogos\u0142awie\u0144stwo, opiek\u0119 Matki Bo\u017cej dla z\u0142otych Jubilat\u00f3w na kolejne lata \u017cycia<\/td>\n<\/tr>\n<tr>\n<td width=\"70\"><span style=\"color: #008000;\"><strong>18.00<\/strong><\/span><\/td>\n<td width=\"651\">Dzi\u0119kczynna w 18 rocznic\u0119 urodzin Marii DENISIUK z pro\u015bb\u0105 o Bo\u017ce b\u0142ogos\u0142awie\u0144stwo, dary Ducha \u015awi\u0119tego oraz dojrza\u0142o\u015b\u0107 w doros\u0142ym \u017cyciu<\/td>\n<\/tr>\n<tr>\n<td colspan=\"2\" width=\"721\">\n<p style=\"text-align: center;\"><span style=\"color: #008000;\"><strong>24 NIEDZIELA ZWYK\u0141A \/ 13 wrzesie\u0144 2026 \/ Mt 18, 21 \u2013 35&nbsp;&nbsp; <\/strong><\/span><\/p>\n<\/td>\n<\/tr>\n<tr>\n<td width=\"70\"><span style=\"color: #008000;\"><strong>8.00<\/strong><\/span><\/td>\n<td width=\"651\">\u015ap. Jana, Bronis\u0142aw\u0119(k), W\u0142adys\u0142awa(m), Stanis\u0142awa(m) KOWALSKICH<\/td>\n<\/tr>\n<tr>\n<td width=\"70\"><span style=\"color: #008000;\"><strong>10.00<\/strong><\/span><\/td>\n<td width=\"651\">\u015ap. Janin\u0119 i Wac\u0142awa KLEPACKICH, Janin\u0119 w 2 rocznic\u0119 \u015bmierci i Henryka(m) WI\u015aNIEWSKICH<\/td>\n<\/tr>\n<tr>\n<td width=\"70\"><span style=\"color: #008000;\"><strong>12.00<\/strong><\/span><\/td>\n<td width=\"651\">O Bo\u017ce b\u0142ogos\u0142awie\u0144stwo, o si\u0142\u0119 pokonywania wszelkich trudno\u015bci dla Nikodema i jego rodziny, Agnieszki i ca\u0142ej rodziny zakonnej oraz Magdaleny i jej rodziny<\/td>\n<\/tr>\n<tr>\n<td width=\"70\"><span style=\"color: #008000;\"><strong>15.00<\/strong><\/span><\/td>\n<td width=\"651\">\u015ap. Macieja BO\u017bEK w 16 rocznic\u0119 \u015bmierci<\/td>\n<\/tr>\n<tr>\n<td width=\"70\"><span style=\"color: #008000;\"><strong>18.00<\/strong><\/span><\/td>\n<td width=\"651\">\u015ap. Stanis\u0142awa(m), Antoniego, Ma\u0142gorzat\u0119 ROGALSKICH<\/td>\n<\/tr>\n<\/tbody>\n<\/table>\n<p>&nbsp;<\/p>\n","protected":false},"excerpt":{"rendered":"<p>POTRZEBA \u017bYCIA RELIGIJNEGO U DZIECI I M\u0141ODZIE\u017bY Troska rodzic\u00f3w o poprawne wychowanie dzieci przejawia si\u0119 w r\u00f3\u017cnorakiej formie. Ze swymi problemami nie zamykaj\u0105 si\u0119 w kr\u0119gu rodzinnym, lecz r\u00f3wnie\u017c nawi\u0105zuj\u0105 kontakty ze szko\u0142\u0105. Wielk\u0105 nadziej\u0119 pok\u0142adaj\u0105 w szkolnym katechecie, kt\u00f3ry ma teologiczne wykszta\u0142cenie i cieszy si\u0119 du\u017cym powa\u017caniem. Pragn\u0105 z nim wsp\u00f3\u0142pracowa\u0107 w dziedzinie dobrego [&hellip;]<\/p>\n","protected":false},"author":1,"featured_media":6325,"comment_status":"closed","ping_status":"closed","sticky":false,"template":"","format":"standard","meta":{"ngg_post_thumbnail":0,"footnotes":""},"categories":[11,8,4,3],"tags":[],"class_list":["post-6324","post","type-post","status-publish","format-standard","has-post-thumbnail","hentry","category-aktualnosci","category-blog","category-intencje","category-ogloszenia"],"_links":{"self":[{"href":"https:\/\/rafalk-elblag.pl\/index.php?rest_route=\/wp\/v2\/posts\/6324","targetHints":{"allow":["GET"]}}],"collection":[{"href":"https:\/\/rafalk-elblag.pl\/index.php?rest_route=\/wp\/v2\/posts"}],"about":[{"href":"https:\/\/rafalk-elblag.pl\/index.php?rest_route=\/wp\/v2\/types\/post"}],"author":[{"embeddable":true,"href":"https:\/\/rafalk-elblag.pl\/index.php?rest_route=\/wp\/v2\/users\/1"}],"replies":[{"embeddable":true,"href":"https:\/\/rafalk-elblag.pl\/index.php?rest_route=%2Fwp%2Fv2%2Fcomments&post=6324"}],"version-history":[{"count":1,"href":"https:\/\/rafalk-elblag.pl\/index.php?rest_route=\/wp\/v2\/posts\/6324\/revisions"}],"predecessor-version":[{"id":6326,"href":"https:\/\/rafalk-elblag.pl\/index.php?rest_route=\/wp\/v2\/posts\/6324\/revisions\/6326"}],"wp:featuredmedia":[{"embeddable":true,"href":"https:\/\/rafalk-elblag.pl\/index.php?rest_route=\/wp\/v2\/media\/6325"}],"wp:attachment":[{"href":"https:\/\/rafalk-elblag.pl\/index.php?rest_route=%2Fwp%2Fv2%2Fmedia&parent=6324"}],"wp:term":[{"taxonomy":"category","embeddable":true,"href":"https:\/\/rafalk-elblag.pl\/index.php?rest_route=%2Fwp%2Fv2%2Fcategories&post=6324"},{"taxonomy":"post_tag","embeddable":true,"href":"https:\/\/rafalk-elblag.pl\/index.php?rest_route=%2Fwp%2Fv2%2Ftags&post=6324"}],"curies":[{"name":"wp","href":"https:\/\/api.w.org\/{rel}","templated":true}]}}