{"id":6190,"date":"2026-05-01T14:32:16","date_gmt":"2026-05-01T14:32:16","guid":{"rendered":"https:\/\/rafalk-elblag.pl\/?p=6190"},"modified":"2026-05-01T14:33:40","modified_gmt":"2026-05-01T14:33:40","slug":"v-niedziela-wielkanocna-dobrego-pasterza","status":"publish","type":"post","link":"https:\/\/rafalk-elblag.pl\/?p=6190","title":{"rendered":"V NIEDZIELA WIELKANOCNA"},"content":{"rendered":"<p><img decoding=\"async\" class=\"aligncenter\" src=\"http:\/\/rafalk-elblag.pl\/wp-content\/uploads\/2026\/02\/WhatsApp-Image-2026-02-04-at-16.06.21-3-300x200.jpeg\"><\/p>\n<h2 style=\"text-align: center;\"><strong><span style=\"color: #0000ff;\">Matka Boska Cz\u0119stochowska. <\/span><br \/>\n<span style=\"color: #0000ff;\">Historia s\u0142ynnego obrazu.<\/span><\/strong><\/h2>\n<p>Czarna Madonna, jak nazywa si\u0119 obraz Matki Boskiej Cz\u0119stochowskiej, uznawana jest za cudowny wizerunek, poniewa\u017c na skutek modlitwy przed nim, tysi\u0105ce wiernych do\u015bwiadczy\u0142o uzdrowienia i innych cud\u00f3w. Obraz ukazuje Maryj\u0119 skierowan\u0105 przodem do widza z g\u0142ow\u0105 lekko zwr\u00f3con\u0105 w prawo. Jej prawa r\u0119ka ukazana jest sko\u015bnie na wysoko\u015bci piersi, a lewa podtrzymuje siedz\u0105ce na niej Dzieci\u0105tko Jezus. Maryja ubrana jest w ciemnogranatow\u0105 sukni\u0119 i p\u0142aszcz na\u0142o\u017cony tak\u017ce na g\u0142ow\u0119. Zdobi\u0105 go z\u0142ote lilie i z\u0142ota gwiazda sze\u015bcioramienn\u0105 nad czo\u0142em. Matka Boska Cz\u0119stochowska ma poci\u0105g\u0142\u0105 twarz z bliznami, w\u0105skim, d\u0142ugim nosem, ma\u0142ymi ustami i oczami z rozb\u0142yskami \u015bwiat\u0142a wok\u00f3\u0142 t\u0119cz\u00f3wek. Maryja spogl\u0105da z obrazu ze smutkiem i refleksyjn\u0105 zadum\u0105. Natomiast ma\u0142y Jezus zwr\u00f3cony jest twarz\u0105 do Matki i ma uniesion\u0105 praw\u0105 r\u0119k\u0119 do b\u0142ogos\u0142awie\u0144stwa. W lewej d\u0142oni trzyma \u015bwi\u0119t\u0105 ksi\u0119g\u0119, prawdopodobnie Ewangeli\u0119 w zielonobrunatnej oprawie. Dzieci\u0105tko ma jasnokarminow\u0105 tunik\u0119 z ornamentami. Ma twarz z kr\u00f3tkim noskiem, pe\u0142nymi ustami i loczkami w\u0142os\u00f3w. Jego twarz jest smutna i zamy\u015blona. Wizerunek Bogarodzicy zosta\u0142 namalowany przy u\u017cyciu techniki temperowej na p\u0142\u00f3tnie naklejonym na trzy sklejone deski lipowe o wymiarach 122,2 x 82,2 cm. Razem z opraw\u0105 obraz ma wymiary 137,0 x 97,2 cm. Na przestrzeni setek lat istnienia wymaga\u0142 licznych konserwacji i rewaloryzacji. Ciemna kolorystyka obrazu Matki Boskiej Cz\u0119stochowskiej to efekt \u015bciemnienia warstwy werniksu, czyli szlachetnego lakieru stosowanego do cel\u00f3w artystycznych. Od XVIII wieku obraz jest ozdabiany bogatymi sukniami. Aktualnie jest ich siedem. Najstarsze \u2013 diamentowa i rubinowa pochodz\u0105 z XVII wieku. Od 1656 roku Czarna Madonna i Dzieci\u0105tko maj\u0105 na g\u0142owach korony w nawi\u0105zaniu do tytu\u0142u Matki Bo\u017cej Kr\u00f3lowej Polski. Dodatkow\u0105 ozdob\u0105 obrazu jest srebrna zas\u0142ona z 1675 roku.<\/p>\n<h2 style=\"text-align: center;\"><span style=\"color: #0000ff;\"><strong>Historia obrazu Matki Boskiej Cz\u0119stochowskiej<\/strong><\/span><\/h2>\n<p>Historia obrazu Matki Boskiej Cz\u0119stochowskiej si\u0119ga XIV wieku. Jego autorem jest nieznany w\u0142oski malarz. Najstarszy dokument dotycz\u0105cy tego dzie\u0142a to pi\u0119tnastowieczna legenda pt. \u201ePrzenosiny tablicy B\u0142ogos\u0142awionej Maryi Dziewicy, kt\u00f3r\u0105 \u015bwi\u0119ty \u0141ukasz wymalowa\u0142 w\u0142asnymi r\u0119kami\u201d. Wed\u0142ug niej obraz Matki Boskiej Cz\u0119stochowskiej nie pochodzi z XIV wieku, ale z okresu pocz\u0105tk\u00f3w Chrze\u015bcija\u0144stwa, a namalowa\u0142 go \u015bw. \u0141ukasz Ewangelista na deskach sto\u0142u pochodz\u0105cego z domu Maryi w Jerozolimie. Zanim Czarna Madonna trafi\u0142a do Polski, cesarz Konstantyn Wielki sprowadzi\u0142 go do Konstantynopola. Tam te\u017c zas\u0142yn\u0105 wieloma \u0142askami. Nast\u0119pnie obraz Matki Boskiej Cz\u0119stochowskiej trafi\u0142 na Ru\u015b na pro\u015bb\u0119 ksi\u0119cia Lwa Halickiego. Do Cz\u0119stochowy to niezwyk\u0142e dzie\u0142o trafi\u0142o za spraw\u0105 ksi\u0119cia W\u0142adys\u0142awa Opolczyka. Mia\u0142o to miejsce 31 sierpnia 1384 roku.<\/p>\n<p><img decoding=\"async\" class=\"aligncenter\" src=\"http:\/\/rafalk-elblag.pl\/wp-content\/uploads\/2026\/02\/WhatsApp-Image-2026-02-04-at-16.06.21-2-300x200.jpeg\"><\/p>\n<p><strong>&nbsp;<\/strong><\/p>\n<h2 style=\"text-align: center;\"><span style=\"color: #0000ff;\"><strong>OG\u0141OSZENIA PARAFIALNE&nbsp; 3.05.2026 r.<\/strong><\/span><\/h2>\n<h2 style=\"text-align: center;\"><span style=\"color: #0000ff;\"><strong>VNIEDZIELA WIELKANOCNA<\/strong><\/span><\/h2>\n<p><strong>&nbsp;<\/strong><\/p>\n<ol>\n<li>W dniu dzisiejszym zapraszamy na <span style=\"color: #0000ff;\"><strong>ADORACJ\u0118 NAJ\u015aWI\u0118TSZEGO SAKRAMENTU od godz. 16:00 do godz. 18:00.<\/strong><\/span><\/li>\n<li>W pi\u0105tek 8 maja obchodzimy<span style=\"color: #0000ff;\"> <strong>UROCZYSTO\u015a\u0106 \u015aW. STANIS\u0141AWA, BISKUPA<br \/>\nI M\u0118CZENNIKA, G\u0141\u00d3WNEGO PATRONA POLSKI.<\/strong><\/span><\/li>\n<\/ol>\n<p><span style=\"color: #0000ff;\"><em>Zapraszamy na Msze \u015bw. o godzinie 8.00 i 18.00.<\/em><\/span><\/p>\n<ol start=\"3\">\n<li>W pierwsze niedziele miesi\u0105ca zbierana taca przeznaczona jest na inwestycje w naszej parafii. <em>B\u00f3g zap\u0142a\u0107 za sk\u0142adane ofiary<strong>.<\/strong><\/em><\/li>\n<li><span style=\"color: #0000ff;\"><strong>Obecny miesi\u0105c jest szczeg\u00f3lnie po\u015bwi\u0119cony Matce Bo\u017cej poprzez odprawianie nabo\u017ce\u0144stw \u201eMAJOWYCH\u201d<\/strong><\/span><em><span style=\"color: #0000ff;\">.<\/span> Nasza Ojczyzna od wiek\u00f3w s\u0142yn\u0119\u0142a z oddawania czci Maryi w \u015bpiewie<\/em> Litanii Loreta\u0144skiej w ro\u017cnych miejscach np. w ko\u015bcio\u0142ach, kaplicach, przy figurkach, przydro\u017cnych krzy\u017cach i w naszych domach. Ten obraz modl\u0105cego si\u0119 Ludu Bo\u017cego wielu z nas ci\u0105gle nosi w sobie. <span style=\"color: #0000ff;\"><strong>Zapraszamy na nabo\u017ce\u0144stwa ku czci Naj\u015bwi\u0119tszej Maryi Panny: doros\u0142ych i m\u0142odzie\u017c codziennie o godz. 17:30, a dzieci we wtorki i czwartki o godz. 16:30<\/strong>.<\/span><\/li>\n<li>W tym tygodniu przypada pierwszy czwartek miesi\u0105ca maja:<\/li>\n<\/ol>\n<ul>\n<li><span style=\"color: #0000ff;\"><strong>w pierwszy czwartek (7.05.)<\/strong><\/span> b\u0119dziemy modli\u0107 si\u0119 o \u015bwi\u0119to\u015b\u0107 dla kap\u0142an\u00f3w oraz o liczne i \u015bwi\u0119te powo\u0142ania kap\u0142a\u0144skie, zakonne i misyjne z naszej parafii. <span style=\"color: #0000ff;\"><strong>Zapraszamy na Msz\u0119 \u015bw. o godz. 18:00 a po na ,,Godzin\u0119 \u015awi\u0119t\u0105\u201d<\/strong>,<\/span> czyli Adoracj\u0119 przed Naj\u015bwi\u0119tszym Sakramentem&nbsp; w powy\u017cszych intencjach.<\/li>\n<\/ul>\n<ol start=\"6\">\n<li>Spotkania m\u0142odzie\u017cy przygotowuj\u0105cej si\u0119 do<strong><span style=\"color: #0000ff;\"> Sakramentu Bierzmowania<\/span>, <\/strong>odbywaj\u0105 si\u0119 z ks. Adamem <span style=\"color: #0000ff;\"><strong>w ka\u017cdy poniedzia\u0142ek po Mszy \u015bw. o godz. 19:00<\/strong><\/span>. Obecno\u015b\u0107 kandydat\u00f3w(rok I i rok II) na powy\u017cszych spotkaniach jest obowi\u0105zkowe.<\/li>\n<li>W dniu 17 maja br. o godz. 14:00 w Katedrze \u015bw. Miko\u0142aja w Elbl\u0105gu odb\u0119dzie si\u0119 koncert uwielbienia, przygotowany przez m\u0142odych ludzi \u2013 z potrzeby serca, z nadziei i z my\u015bl\u0105 o Martynie. Przesz\u0142a Ona powa\u017cn\u0105 operacj\u0119 \u2013kraniotomie dwuczo\u0142ow\u0105. Przed ni\u0105 d\u0142uga droga rehabilitacji i leczenia.<\/li>\n<\/ol>\n<p><span style=\"color: #0000ff;\"><strong><em>Nie chcemy, by sz\u0142a t\u0105 drog\u0105 sama. Przyjd\u017a.<\/em><\/strong><\/span><\/p>\n<ol start=\"8\">\n<li>Osoby z grupy modlitewnej <span style=\"color: #0000ff;\"><strong>Rodzinny R\u00f3\u017caniec zapraszamy dzisiaj<\/strong> <\/span>po Mszach \u015bwi\u0119tych w II niedziel\u0119 miesi\u0105ca po odbi\u00f3r tajemnic r\u00f3\u017ca\u0144cowych i deklaracji na kolejny miesi\u0105c u pana Piotra &#8211; Organisty. <em>Zapraszamy tak\u017ce nowe osoby, kt\u00f3re chc\u0105 modli\u0107 si\u0119 za swoje rodziny.<\/em><\/li>\n<li><strong><span style=\"color: #0000ff;\">Trwa okres Wielkanocny &#8211; czas rado\u015bci ze Zmartwychwstania Pana Jezusa.<\/span> <\/strong><em>Zach\u0119camy wiernych do skorzystania z \u0142aski sakramentu pojednania i do przyj\u0119cia KOMUNII \u015aW. WIELKANOCNEJ. Spowied\u017a \u015bw. w tygodniu od 7:45 oraz od 17:30.<\/em><\/li>\n<li>Wszystkim Jubilatom i Solenizantom tego tygodnia \u017cyczymy wszelkiego dobra &nbsp;&nbsp;&nbsp;&nbsp;&nbsp;&nbsp;&nbsp;&nbsp;&nbsp;w \u017cyciu, b\u0142ogos\u0142awie\u0144stwa Bo\u017cego i&nbsp; oddajemy pod opiek\u0119 Matki Bo\u017cej Szkaplerznej.<\/li>\n<li>Zach\u0119cam do nabywania nowego numeru \u201eGo\u015bcia Niedzielnego\u201d <span style=\"color: #0000ff;\"><strong>z dodatkiem \u201eGo\u015bcia Elbl\u0105skiego\u201d w cenie 10 z\u0142.<\/strong><\/span><\/li>\n<li>Pan powo\u0142a\u0142 do wieczno\u015bci: \u015bp. Gra\u017cyn\u0119 KOWALCZYK lat 71 z ul. Korczaka<\/li>\n<\/ol>\n<table>\n<tbody>\n<tr>\n<td width=\"631\">\n<h2 style=\"text-align: center;\"><span style=\"color: #0000ff;\"><strong>Numer Konta Parafialnego<\/strong><\/span><\/h2>\n<h2 style=\"text-align: center;\"><span style=\"color: #0000ff;\"><strong>PKO BP 72 1020 1752 0000 0102 0069 6047<\/strong><\/span><\/h2>\n<\/td>\n<\/tr>\n<\/tbody>\n<\/table>\n<p>&nbsp;<\/p>\n<p><em><img decoding=\"async\" class=\"aligncenter\" src=\"http:\/\/rafalk-elblag.pl\/wp-content\/uploads\/2026\/02\/WhatsApp-Image-2026-02-04-at-16.06.21-1-300x200.jpeg\"><\/em><\/p>\n<table width=\"721\">\n<tbody>\n<tr>\n<td colspan=\"2\" width=\"721\">\n<p style=\"text-align: center;\"><strong><br \/>\n<span style=\"color: #0000ff;\">PI\u0104TA NIEDZIELA WIELKANOCY \/ 3 maj&nbsp; 2026 \/ J 14, 1 \u2013 12&nbsp;&nbsp; <\/span><\/strong><\/p>\n<\/td>\n<\/tr>\n<tr>\n<td width=\"69\"><span style=\"color: #0000ff;\"><strong>8.00<\/strong><\/span><\/td>\n<td width=\"652\">O Bo\u017ce b\u0142ogos\u0142awie\u0144stwo dla Karoliny i Oskara oraz Sebastiana i Natalii i ich rodzin<\/td>\n<\/tr>\n<tr>\n<td width=\"69\"><span style=\"color: #0000ff;\"><strong>8.00<\/strong><\/span><\/td>\n<td width=\"652\">\u015ap. Jadwig\u0119 ZALEWSK\u0104 \u2013 3 msza gregoria\u0144ska<\/td>\n<\/tr>\n<tr>\n<td width=\"69\"><span style=\"color: #0000ff;\"><strong>10.00<\/strong><\/span><\/td>\n<td width=\"652\">Dzi\u0119kczynna z okazji 16 rocznicy urodzin Marcina o Bo\u017ce b\u0142ogos\u0142awie\u0144stwo<br \/>\ni potrzebne \u0142aski i dary Ducha \u015awi\u0119tego<\/td>\n<\/tr>\n<tr>\n<td width=\"69\"><span style=\"color: #0000ff;\"><strong>12.00<\/strong><\/span><\/td>\n<td width=\"652\"><span style=\"color: #ff0000;\"><strong>ZA PARAFIAN<\/strong><\/span><\/td>\n<\/tr>\n<tr>\n<td width=\"69\"><span style=\"color: #0000ff;\"><strong>15.00<\/strong><\/span><\/td>\n<td width=\"652\">\u015ap. Zenona KANANOWICZ \u2013 29 msza gregoria\u0144ska<\/td>\n<\/tr>\n<tr>\n<td width=\"69\"><span style=\"color: #0000ff;\"><strong>18.00<\/strong><\/span><\/td>\n<td width=\"652\">\u015ap. Kazimier\u0119(k) i Antoniego RYBICKICH, Bogumi\u0142\u0119(k) i Jana(m), Benedykta<br \/>\ni zmar\u0142ych z rodzin: RYBICKICH, KU\u0141AKOWSKICH, MIKO\u0141AJEWSKICH<\/td>\n<\/tr>\n<tr>\n<td colspan=\"2\" width=\"721\">\n<p style=\"text-align: center;\"><span style=\"color: #0000ff;\"><strong>PONIEDZIA\u0141EK \/ 4 maj&nbsp; 2026 \/ J 14, 21 \u2013 26<\/strong><\/span><\/p>\n<p style=\"text-align: center;\"><span style=\"color: #0000ff;\"><strong>WSPOMNIENIE \u015aW. FLORIANA \u2013 M\u0118CZENNIKA <\/strong><\/span><\/p>\n<\/td>\n<\/tr>\n<tr>\n<td width=\"69\"><span style=\"color: #0000ff;\"><strong>8.00<\/strong><\/span><\/td>\n<td width=\"652\">Dzi\u0119kczynna&nbsp; w 90 rocznic\u0119 urodzin Moniki GO\u0141Y\u0143SKIEJ z pro\u015bb\u0105 o Bo\u017ce b\u0142ogos\u0142awie\u0144stwo, opiek\u0119 Matki Bo\u017cej i potrzebne \u0142aski dla Jubilatki<\/td>\n<\/tr>\n<tr>\n<td width=\"69\"><span style=\"color: #0000ff;\"><strong>18.00<\/strong><\/span><\/td>\n<td width=\"652\">\u015ap. Zenona KANANOWICZ \u2013 30 msza gregoria\u0144ska<\/td>\n<\/tr>\n<tr>\n<td width=\"69\"><span style=\"color: #0000ff;\"><strong>18.00<\/strong><\/span><\/td>\n<td width=\"652\">\u015ap. Jadwig\u0119 ZALEWSK\u0104 \u2013 4 msza gregoria\u0144ska<\/td>\n<\/tr>\n<tr>\n<td colspan=\"2\" width=\"721\">\n<p style=\"text-align: center;\"><span style=\"color: #0000ff;\"><strong>WTOREK \/ 5 maj&nbsp; 2026 \/&nbsp;&nbsp; J 14, 27 \u2013 31a <\/strong><\/span><\/p>\n<\/td>\n<\/tr>\n<tr>\n<td width=\"69\"><span style=\"color: #0000ff;\"><strong>8.00<\/strong><\/span><\/td>\n<td width=\"652\">\u015ap. Jadwig\u0119 ZALEWSK\u0104 \u2013 5 msza gregoria\u0144ska<\/td>\n<\/tr>\n<tr>\n<td width=\"69\"><span style=\"color: #0000ff;\"><strong>18.00<\/strong><\/span><\/td>\n<td width=\"652\">\u015ap. Krzysztofa HERMANA w 1 rocznic\u0119 \u015bmierci i zmar\u0142ych z rodzin: HERMAN, K\u0118DZIERSKICH i SOLECKICH<\/td>\n<\/tr>\n<tr>\n<td width=\"69\"><span style=\"color: #0000ff;\"><strong>18.00<\/strong><\/span><\/td>\n<td width=\"652\">\u015ap. Tadeusza JASI\u0143SKIEGO w 30 dniu po pogrzebie<\/td>\n<\/tr>\n<tr>\n<td colspan=\"2\" width=\"721\">\n<p style=\"text-align: center;\"><span style=\"color: #0000ff;\"><strong>\u015aRODA \/ 6 maj 2026 \/ J 14, 6 \u2013 14<\/strong><\/span><\/p>\n<\/td>\n<\/tr>\n<tr>\n<td width=\"69\"><span style=\"color: #0000ff;\"><strong>8.00<\/strong><\/span><\/td>\n<td width=\"652\">\u015ap. Genowef\u0119 BOROWIECK\u0104 w 33 rocznic\u0119 \u015bmierci oraz zmar\u0142ych z rodzin: SKALI\u0143SKICH i BOROWIECKICH<\/td>\n<\/tr>\n<tr>\n<td width=\"69\"><span style=\"color: #0000ff;\"><strong>18.00<\/strong><\/span><\/td>\n<td width=\"652\">\u015ap. Jadwig\u0119 ZALEWSK\u0104 \u2013 6 msza gregoria\u0144ska<\/td>\n<\/tr>\n<tr>\n<td width=\"69\"><span style=\"color: #0000ff;\"><strong>18.00<\/strong><\/span><\/td>\n<td width=\"652\">\u015ap. Jaros\u0142awa GO\u0141\u0118BIOWSKIEGO oraz za zmar\u0142ych Teres\u0119 i Bernarda, Mari\u0119<\/p>\n<p>i Mieczys\u0142awa<\/td>\n<\/tr>\n<tr>\n<td colspan=\"2\" width=\"721\">\n<p style=\"text-align: center;\"><span style=\"color: #0000ff;\"><strong>CZWARTEK \/ 7 maj 2026 \/ J 15, 9 \u2013 11 <\/strong><\/span><\/p>\n<\/td>\n<\/tr>\n<tr>\n<td width=\"69\"><span style=\"color: #0000ff;\"><strong>8.00<\/strong><\/span><\/td>\n<td width=\"652\">\u015ap. Jadwig\u0119 ZALEWSK\u0104 \u2013 7 msza gregoria\u0144ska<\/td>\n<\/tr>\n<tr>\n<td width=\"69\"><span style=\"color: #0000ff;\"><strong>18.00<\/strong><\/span><\/td>\n<td width=\"652\">O powo\u0142ania kap\u0142a\u0144skie, zakonne i misyjne z naszej parafii oraz za kap\u0142an\u00f3w pos\u0142uguj\u0105cych w naszej parafii<\/td>\n<\/tr>\n<tr>\n<td colspan=\"2\" width=\"721\">\n<p style=\"text-align: center;\"><span style=\"color: #ff0000;\"><strong>ADORACJA NAJ\u015aWI\u0118TSZEGO SAKRAMENTU DO GODZ. 20.00<\/strong><\/span><\/p>\n<\/td>\n<\/tr>\n<tr>\n<td colspan=\"2\" width=\"721\">\n<p style=\"text-align: center;\"><span style=\"color: #0000ff;\"><strong>PI\u0104TEK \/ 8 maj&nbsp; 2026 \/ J 10, 11 \u2013 16<\/strong><\/span><\/p>\n<p style=\"text-align: center;\"><span style=\"color: #0000ff;\"><strong>UROCZYSTO\u015a\u0106 \u015aW. STANIS\u0141AWA \u2013 BISKUPA I M\u0118CZENNIKA, PATRONA POLSKI&nbsp;&nbsp; <\/strong><\/span><\/p>\n<\/td>\n<\/tr>\n<tr>\n<td width=\"69\"><span style=\"color: #0000ff;\"><strong>8.00<\/strong><\/span><\/td>\n<td width=\"652\">\u015ap. Stanis\u0142aw\u0119 MOCHOL z okazji imienin<\/td>\n<\/tr>\n<tr>\n<td width=\"69\"><span style=\"color: #0000ff;\"><strong>18.00<\/strong><\/span><\/td>\n<td width=\"652\">\u015ap. Jadwig\u0119 ZALEWSK\u0104 \u2013 8 msza gregoria\u0144ska<\/td>\n<\/tr>\n<tr>\n<td width=\"69\"><span style=\"color: #0000ff;\"><strong>18.00<\/strong><\/span><\/td>\n<td width=\"652\">\u015ap. Stanis\u0142awa(m) i Janina<\/td>\n<\/tr>\n<tr>\n<td colspan=\"2\" width=\"721\">\n<p style=\"text-align: center;\"><span style=\"color: #0000ff;\"><strong>SOBOTA \/ 9 maj&nbsp; 2026 \/ J 15, 18 \u2013 21&nbsp; <\/strong><\/span><\/p>\n<\/td>\n<\/tr>\n<tr>\n<td width=\"69\"><span style=\"color: #0000ff;\"><strong>8.00<\/strong><\/span><\/td>\n<td width=\"652\">\u015ap. Jadwig\u0119 ZALEWSK\u0104 \u2013 9 msza gregoria\u0144ska<\/td>\n<\/tr>\n<tr>\n<td width=\"69\"><span style=\"color: #0000ff;\"><strong>8.00<\/strong><\/span><\/td>\n<td width=\"652\">Lil\u0119 SOBCZY\u0143SK\u0104 w 30 dniu po pogrzebie<\/td>\n<\/tr>\n<tr>\n<td width=\"69\"><span style=\"color: #0000ff;\"><strong>18.00<\/strong><\/span><\/td>\n<td width=\"652\">Dzi\u0119kczynna w 32 rocznic\u0119 urodzin Piotra GREGORCZYKA z pro\u015bb\u0105 o Bo\u017ce b\u0142ogos\u0142awie\u0144stwo dary Ducha \u015awi\u0119tego, opiek\u0119 Matki Bo\u017cej Szkaplerznej oraz<br \/>\no wstawiennictwo \u015bwi\u0119tych patron\u00f3w<\/td>\n<\/tr>\n<tr>\n<td width=\"69\"><span style=\"color: #0000ff;\"><strong>18.00<\/strong><\/span><\/td>\n<td width=\"652\">\u015ap. Miros\u0142aw ZALEWSKI w 2 rocznic\u0119 \u015bmierci oraz rodzic\u00f3w Stanis\u0142aw\u0119 i Mariana ZALEWSKICH<\/td>\n<\/tr>\n<tr>\n<td colspan=\"2\" width=\"721\">\n<p style=\"text-align: center;\"><span style=\"color: #0000ff;\"><strong>SZ\u00d3STA NIEDZIELA WIELKANOCY \/ 10 maj&nbsp; 2026 \/ J 14, 15 \u2013 21&nbsp;&nbsp; <\/strong><\/span><\/p>\n<\/td>\n<\/tr>\n<tr>\n<td width=\"69\"><span style=\"color: #0000ff;\"><strong>8.00<\/strong><\/span><\/td>\n<td width=\"652\">\u015ap. Bazylego i Stefani\u0119<\/td>\n<\/tr>\n<tr>\n<td width=\"69\"><span style=\"color: #0000ff;\"><strong>10.00<\/strong><\/span><\/td>\n<td width=\"652\">O Bo\u017ce b\u0142ogos\u0142awie\u0144stwo, o si\u0142\u0119 pokonywania wszelkich trudno\u015bci dla Nikodema<br \/>\ni jego rodziny, Agnieszki i ca\u0142ej rodziny zakonnej oraz Magdaleny i jej rodziny<\/td>\n<\/tr>\n<tr>\n<td width=\"69\"><span style=\"color: #0000ff;\"><strong>10.00<\/strong><\/span><\/td>\n<td width=\"652\">O Bo\u017ce b\u0142ogos\u0142awie\u0144stwo, opiek\u0119 Matki Bo\u017cej Szkaplerznej dla Tobiasza z okazji urodzin<\/td>\n<\/tr>\n<tr>\n<td width=\"69\"><span style=\"color: #0000ff;\"><strong>12.00<\/strong><\/span><\/td>\n<td width=\"652\"><span style=\"color: #ff0000;\"><strong>ZA PARAFIAN<\/strong><\/span><\/td>\n<\/tr>\n<tr>\n<td width=\"69\"><span style=\"color: #0000ff;\"><strong>15.00<\/strong><\/span><\/td>\n<td width=\"652\"><span style=\"color: #00ff00;\"><strong>Rezerwacja<\/strong><\/span><\/td>\n<\/tr>\n<tr>\n<td width=\"69\"><span style=\"color: #0000ff;\"><strong>18.00<\/strong><\/span><\/td>\n<td width=\"652\">\u015ap. Jadwig\u0119 ZALEWSK\u0104 \u2013 10 msza gregoria\u0144ska<\/td>\n<\/tr>\n<\/tbody>\n<\/table>\n<p>&nbsp;<\/p>\n","protected":false},"excerpt":{"rendered":"<p>Matka Boska Cz\u0119stochowska. Historia s\u0142ynnego obrazu. Czarna Madonna, jak nazywa si\u0119 obraz Matki Boskiej Cz\u0119stochowskiej, uznawana jest za cudowny wizerunek, poniewa\u017c na skutek modlitwy przed nim, tysi\u0105ce wiernych do\u015bwiadczy\u0142o uzdrowienia i innych cud\u00f3w. Obraz ukazuje Maryj\u0119 skierowan\u0105 przodem do widza z g\u0142ow\u0105 lekko zwr\u00f3con\u0105 w prawo. Jej prawa r\u0119ka ukazana jest sko\u015bnie na wysoko\u015bci piersi, [&hellip;]<\/p>\n","protected":false},"author":1,"featured_media":6191,"comment_status":"closed","ping_status":"closed","sticky":false,"template":"","format":"standard","meta":{"ngg_post_thumbnail":0,"footnotes":""},"categories":[11,8,4,3],"tags":[],"class_list":["post-6190","post","type-post","status-publish","format-standard","has-post-thumbnail","hentry","category-aktualnosci","category-blog","category-intencje","category-ogloszenia"],"_links":{"self":[{"href":"https:\/\/rafalk-elblag.pl\/index.php?rest_route=\/wp\/v2\/posts\/6190","targetHints":{"allow":["GET"]}}],"collection":[{"href":"https:\/\/rafalk-elblag.pl\/index.php?rest_route=\/wp\/v2\/posts"}],"about":[{"href":"https:\/\/rafalk-elblag.pl\/index.php?rest_route=\/wp\/v2\/types\/post"}],"author":[{"embeddable":true,"href":"https:\/\/rafalk-elblag.pl\/index.php?rest_route=\/wp\/v2\/users\/1"}],"replies":[{"embeddable":true,"href":"https:\/\/rafalk-elblag.pl\/index.php?rest_route=%2Fwp%2Fv2%2Fcomments&post=6190"}],"version-history":[{"count":2,"href":"https:\/\/rafalk-elblag.pl\/index.php?rest_route=\/wp\/v2\/posts\/6190\/revisions"}],"predecessor-version":[{"id":6193,"href":"https:\/\/rafalk-elblag.pl\/index.php?rest_route=\/wp\/v2\/posts\/6190\/revisions\/6193"}],"wp:featuredmedia":[{"embeddable":true,"href":"https:\/\/rafalk-elblag.pl\/index.php?rest_route=\/wp\/v2\/media\/6191"}],"wp:attachment":[{"href":"https:\/\/rafalk-elblag.pl\/index.php?rest_route=%2Fwp%2Fv2%2Fmedia&parent=6190"}],"wp:term":[{"taxonomy":"category","embeddable":true,"href":"https:\/\/rafalk-elblag.pl\/index.php?rest_route=%2Fwp%2Fv2%2Fcategories&post=6190"},{"taxonomy":"post_tag","embeddable":true,"href":"https:\/\/rafalk-elblag.pl\/index.php?rest_route=%2Fwp%2Fv2%2Ftags&post=6190"}],"curies":[{"name":"wp","href":"https:\/\/api.w.org\/{rel}","templated":true}]}}