{"id":6103,"date":"2026-03-14T21:50:01","date_gmt":"2026-03-14T21:50:01","guid":{"rendered":"https:\/\/rafalk-elblag.pl\/?p=6103"},"modified":"2026-03-14T21:50:01","modified_gmt":"2026-03-14T21:50:01","slug":"iv-niedziela-wielkiego-postu","status":"publish","type":"post","link":"https:\/\/rafalk-elblag.pl\/?p=6103","title":{"rendered":"IV NIEDZIELA WIELKIEGO POSTU"},"content":{"rendered":"<p><img decoding=\"async\" class=\"aligncenter\" src=\"http:\/\/rafalk-elblag.pl\/wp-content\/uploads\/2026\/02\/WhatsApp-Image-2026-02-04-at-16.06.21-2-300x200.jpeg\"><\/p>\n<p><strong>&nbsp;<\/strong><\/p>\n<h2 style=\"text-align: center;\"><span style=\"color: #800080;\"><strong>OG\u0141OSZENIA15.03.2026 r.<\/strong><\/span><\/h2>\n<h2 style=\"text-align: center;\"><span style=\"color: #800080;\"><strong>IV NIEDZIELA WIELKIEGO POSTU<\/strong><\/span><\/h2>\n<ol>\n<li><strong>W dniu dzisiejszym rozpoczynamy <\/strong><em><strong>REKOLEKCJE <\/strong><\/em><strong>WIELKOPOSTNE, <\/strong>kt\u00f3re poprowadzi Ojciec Mateusz Paw\u0142owski OMI \u2013 Oblat M.N. <em>Pro\u015bmy o \u015bwiat\u0142o Ducha \u015awi\u0119tego dla Ojca Rekolekcjonisty i ca\u0142ej parafii, aby s\u0142owa wypowiedziane w czasie tych dni, przemieni\u0142y nasze serca i przygotowa\u0142y na rado\u015b\u0107 \u015awi\u0105t Wielkanocnych. <\/em><\/li>\n<\/ol>\n<p><strong><em>Program rekolekcji znajdziemy w Biuletynie<\/em><\/strong><em>.<\/em><\/p>\n<ol start=\"2\">\n<li>W czasie rekolekcji prosimy o zg\u0142aszanie w zakrystii chorych parafian, <strong><em>do kt\u00f3rych nie chodzimy w I pi\u0105tki miesi\u0105ca.<\/em><\/strong> Kap\u0142an uda si\u0119 do tych os\u00f3b z Komuni\u0105 \u015bwi\u0119t\u0105 w \u015brod\u0119 18marca br. od godz. 15:00.<\/li>\n<li><strong>W WIELKIM PO\u015aCIE<\/strong> w ka\u017cd\u0105 niedziel\u0119 zapraszamy na \u015bpiewanie <strong>GODZINEK KU CZCI M\u0118KI PA\u0143SKIEJ<\/strong> o godz. 7:40 oraz na <strong>GORZKIE \u017bALE<\/strong> z kazaniem pasyjnym o godz. 17:15.&nbsp; Natomiast w pi\u0105tki zapraszamy na<strong> DROG\u0118 KRZY\u017bOW\u0104:<\/strong><\/li>\n<\/ol>\n<ul>\n<li><em><span style=\"color: #800080;\"> 16:30 dla dzieci;<\/span> <\/em><\/li>\n<li><span style=\"color: #800080;\"><em> 17:15 dla doros\u0142ych;<\/em><\/span><\/li>\n<li><span style=\"color: #800080;\"><em>19:00 dla kandydat\u00f3w do Sakramentu Bierzmowania i os\u00f3b pracuj\u0105cych.<\/em><\/span><\/li>\n<\/ul>\n<p><strong>PAMI\u0118TAJMY, \u017ce Wielki Post jest tak zwanym \u201eczasem zakazanym\u201d dla wszelkich hucznych wesel, zabaw i dyskotek !!!<\/strong><\/p>\n<ol start=\"4\">\n<li><strong><em>DROGI PARAFIANINIE <\/em><\/strong><em>czy odkry\u0142e\u015b warto\u015b\u0107 okresowych lub sta\u0142ych przyrzecze\u0144 abstynenckich w Wielkim Po\u015bcie ? Je\u015bli tak &#8211; to prosz\u0119 o wpisanie si\u0119 do PARAFIALNEJ KSI\u0118GI TRZE\u0179WO\u015aCI wy\u0142o\u017conej na stoliku pod ch\u00f3rem przed obrazem Matki Bo\u017cej Nieustaj\u0105cej Pomocy. <\/em><\/li>\n<li>W czwartek<strong>(19 marca)<\/strong> przypada <strong>UROCZYSTO\u015a\u0106 \u015aWI\u0118TEGO J\u00d3ZEFA<\/strong>. W tym dniu zapraszamy wszystkich Parafian a szczeg\u00f3lnie m\u0119\u017cczyzn do uczestnictwa we Mszach \u015bw. o godz. 8:00 i 18:00. Po Mszy \u015bw. wieczorowej odb\u0119dzie si\u0119 nabo\u017ce\u0144stwo ku czci \u015bw. J\u00f3zefa. <strong><em>Wszystkim solenizantom \u017cyczymy b\u0142ogos\u0142awie\u0144stwa Bo\u017cego i opieki \u015bw. J\u00f3zefa.<\/em><\/strong><\/li>\n<li>Spotkanie lider\u00f3w wsp\u00f3lnot parafialnych i odpowiedzialnych za grupy odb\u0119dzie si\u0119 21 marca (sobota) na plebanii o godz. 17:00. Serdecznie zapraszam.<\/li>\n<li>W sobot\u0119 21 marca br. po Mszy \u015bw. o godz. 18:00 b\u0119dziemy mogli uczestniczy\u0107 w <strong>NABO\u017bE\u0143STWIE ZAS\u0141ONI\u0118CIA KRZY\u017bA w naszym ko\u015bciele. Zapraszamy.<\/strong><\/li>\n<li>Za tydzie\u0144 tj. 22 marca br. zapraszamy wszystkie osoby odpowiedzialne na swoje \u201eMARGARETKI\u201d na spotkanie o godz. 16:00 do salki na plebani.<\/li>\n<li><strong>Kandydat\u00f3w do Sakramentu Bierzmowania( ROK I)<\/strong>zapraszamy22 marca na spotkanie po Mszy \u015bw. o godz. 18.00 z ks. Adamem. Obecno\u015b\u0107 obowi\u0105zkowa.<\/li>\n<li>Przypominamy o <strong>SKARBONCE<\/strong> na <strong>JA\u0141MU\u017bN\u0118 WIELKOPOSTN\u0104 2026<\/strong>. <em>W ten spos\u00f3b w\u0142\u0105czymy si\u0119 w og\u00f3lnopolsk\u0105 akcj\u0119 charytatywn\u0105<strong>.<\/strong><\/em><\/li>\n<li><strong>Wolontariusze Caritas<\/strong> za tydzie\u0144 (22 marca) b\u0119d\u0105 rozprowadza\u0107 \u015bwieczki (bia\u0142e lub \u017c\u00f3\u0142te) na st\u00f3\u0142 WIELKANOCNY w cenie 20 z\u0142.<\/li>\n<li><strong>EKSTREMALNA DROGA KRZYZOWA (EDK).W tym roku 27.03.2026 r. w nocy b\u0119dziemy podr\u00f3\u017cowa\u0107 w g\u0142\u0105b siebie. <\/strong>Ka\u017cdego kto chce wyruszy\u0107 na EDK zapraszamy do ko\u015bcio\u0142a \u015bw. Brata Alberta przy ul. Cz\u0119stochowskiej 28 w Elbl\u0105gu na Msz\u0119 \u015bw. o godzinie 20.00.Po Mszy \u015bw. b\u0119dzie mo\u017cliwo\u015b\u0107 odebrania pakiet\u00f3w EDK (koszt 30 z\u0142. \u2013 pakiet zawiera: ksi\u0105\u017ceczki z rozwa\u017caniami, opask\u0119 silikonow\u0105 i odblaskow\u0105 oraz opis trasy). Proponujemy 5 elbl\u0105skich tras. <strong>Wi\u0119cej informacji na stronie<\/strong>edk.org.pl. W razie jakichkolwiek pyta\u0144, czy niejasno\u015bci mo\u017cna pisa\u0107 na adres e-maila: elblag.edk@gmail.com.<\/li>\n<li>Zach\u0119cam do nabywania nowego numeru <strong>\u201eGo\u015bcia Niedzielnego\u201d <\/strong>z dodatkiem \u201eGo\u015b\u0107 Elbl\u0105ski w cenie 10 z\u0142. oraz <strong>\u201eGO\u015aC EXTRA\u201d<\/strong> w cenie 14 z\u0142. Temat: \u015bw. Franciszek \u2013 pierwszy stygmatyk.<\/li>\n<\/ol>\n<table width=\"671\">\n<tbody>\n<tr>\n<td width=\"671\">\n<h2 style=\"text-align: center;\"><span style=\"color: #800080;\"><strong>Numer Konta Parafialnego<\/strong><\/span><\/h2>\n<h2 style=\"text-align: center;\"><span style=\"color: #800080;\"><strong>PKO BP 72 1020 1752 0000 0102 0069 6047<\/strong><\/span><\/h2>\n<\/td>\n<\/tr>\n<\/tbody>\n<\/table>\n<p>&nbsp;<\/p>\n<p><em><img decoding=\"async\" class=\"aligncenter\" src=\"http:\/\/rafalk-elblag.pl\/wp-content\/uploads\/2026\/02\/WhatsApp-Image-2026-02-04-at-16.06.21-1-300x200.jpeg\"><\/em><\/p>\n<table style=\"height: 3349px;\" width=\"790\">\n<tbody>\n<tr>\n<td colspan=\"2\" width=\"721\">\n<p style=\"text-align: center;\"><strong><br \/>\n<span style=\"color: #ff00ff;\">IV NIEDZIELA WIELKIEGO POSTU \/ 15 marzec 2026 \/ J 9, 1 \u2013 41&nbsp; <\/span><\/strong><\/p>\n<\/td>\n<\/tr>\n<tr>\n<td width=\"69\"><span style=\"color: #ff00ff;\"><strong>8.00<\/strong><\/span><\/td>\n<td width=\"652\">Za dusz\u0119 w czy\u015b\u0107cu cierpi\u0105ce, \u015ap. Romana<\/td>\n<\/tr>\n<tr>\n<td width=\"69\"><span style=\"color: #ff00ff;\"><strong>10.00<\/strong><\/span><\/td>\n<td width=\"652\">\u015ap. Danut\u0119 &nbsp;BORYSZEWSK\u0104 \u2013 15 msza gregoria\u0144ska<\/td>\n<\/tr>\n<tr>\n<td width=\"69\"><span style=\"color: #ff00ff;\"><strong>12.00<\/strong><\/span><\/td>\n<td width=\"652\"><span style=\"color: #ff0000;\"><strong>ZA PARAFIAN<\/strong><\/span><\/td>\n<\/tr>\n<tr>\n<td width=\"69\"><span style=\"color: #ff00ff;\"><strong>15.00<\/strong><\/span><\/td>\n<td width=\"652\">\u015ap. Stanis\u0142awa(m) KANDYBA w 23 rocznic\u0119 \u015bmierci oraz za zmar\u0142ych z obojga stron<\/td>\n<\/tr>\n<tr>\n<td width=\"69\"><span style=\"color: #ff00ff;\"><strong>18.00<\/strong><\/span><\/td>\n<td width=\"652\">\u015ap. Mariusza WIDOMSKIEGO w 4 rocznic\u0119 \u015bmierci oraz za zmar\u0142ych z rodzin: WIDOMSKICH i MAKOWSKICH<\/td>\n<\/tr>\n<tr>\n<td colspan=\"2\" width=\"721\">\n<p style=\"text-align: center;\"><span style=\"color: #800080;\"><strong>PONIEDZIA\u0141EK \/ 16 marzec 2026 \/ J 4, 43 \u2013 54<\/strong><\/span><\/p>\n<\/td>\n<\/tr>\n<tr>\n<td width=\"69\"><span style=\"color: #800080;\"><strong>8.00<\/strong><\/span><\/td>\n<td width=\"652\">\u015ap. Danut\u0119 &nbsp;BORYSZEWSK\u0104 \u2013 16 msza gregoria\u0144ska<\/td>\n<\/tr>\n<tr>\n<td width=\"69\"><span style=\"color: #800080;\"><strong>11.00<\/strong><\/span><\/td>\n<td width=\"652\">\u015ap. Jerzego DUD\u0118<\/td>\n<\/tr>\n<tr>\n<td width=\"69\"><span style=\"color: #800080;\"><strong>18.00<\/strong><\/span><\/td>\n<td width=\"652\">O Bo\u017ce b\u0142ogos\u0142awie\u0144stwo dla \u017cywych, \u0142ask\u0119 zdrowia dla chorych, Bo\u017ce mi\u0142osierdzie dla zmar\u0142ych cz\u0142onk\u00f3w Bractwa Szkaplerznego i ca\u0142ej Rodziny Szkaplerznej<\/td>\n<\/tr>\n<tr>\n<td width=\"69\"><span style=\"color: #800080;\"><strong>18.00<\/strong><\/span><\/td>\n<td width=\"652\">O \u0142ask\u0119 uzdrowienia dla Iwony WYNIMKO oraz o wype\u0142nienie woli Bo\u017cej<br \/>\nw chorobie oraz opiek\u0119 Matki Bo\u017cej Szkaplerznej<\/td>\n<\/tr>\n<tr>\n<td width=\"69\"><span style=\"color: #800080;\"><strong>20.00<\/strong><\/span><\/td>\n<td width=\"652\">\u015ap. Danut\u0119 RABIEGA, Romana \u017bELAZNY oraz zmar\u0142ych z rodzin: MICHALSKICH, \u017bELAZNYCH<\/td>\n<\/tr>\n<tr>\n<td colspan=\"2\" width=\"721\">\n<p style=\"text-align: center;\"><span style=\"color: #800080;\"><strong>WTOREK \/ 17 marzec 2026 \/&nbsp;&nbsp; J 5, 1 \u2013 16<\/strong><\/span><\/p>\n<\/td>\n<\/tr>\n<tr>\n<td width=\"69\"><span style=\"color: #800080;\"><strong>8.00<\/strong><\/span><\/td>\n<td width=\"652\">\u015ap. Danut\u0119 &nbsp;BORYSZEWSK\u0104 \u2013 17 msza gregoria\u0144ska<\/td>\n<\/tr>\n<tr>\n<td width=\"69\"><span style=\"color: #800080;\"><strong>11.00<\/strong><\/span><\/td>\n<td width=\"652\">\u015ap. Bronis\u0142aw\u0119 i Stanis\u0142awa ZASKALSKICH, Stanis\u0142aw\u0119 i Wilhelma oraz Henryka z rodziny GLI\u0143SKICH<\/td>\n<\/tr>\n<tr>\n<td width=\"69\"><span style=\"color: #800080;\"><strong>18.00<\/strong><\/span><\/td>\n<td width=\"652\">\u015ap. Wac\u0142awa(m) BAZYLAK w 7 rocznic\u0119 \u015bmierci i zmar\u0142ych z rodzin: BAZYLAK<br \/>\ni WA\u015aNIEWSKICH<\/td>\n<\/tr>\n<tr>\n<td width=\"69\"><span style=\"color: #800080;\"><strong>20.00<\/strong><\/span><\/td>\n<td width=\"652\">Za zmar\u0142ych rodzic\u00f3w: Janin\u0119 i Mieczys\u0142awa MARCI\u0143CZUK oraz zmar\u0142a bratow\u0105 Iren\u0119 MARCI\u0143CZUK<\/td>\n<\/tr>\n<tr>\n<td colspan=\"2\" width=\"721\">\n<p style=\"text-align: center;\"><span style=\"color: #800080;\"><strong>\u015aRODA \/ 18 marzec 2026 \/ J 5, 17 \u2013 30<\/strong><\/span><\/p>\n<\/td>\n<\/tr>\n<tr>\n<td width=\"69\"><span style=\"color: #800080;\"><strong>8.00<\/strong><\/span><\/td>\n<td width=\"652\">O zdrowie, Bo\u017ce b\u0142ogos\u0142awie\u0144stwo i opiek\u0119 Matki Bo\u017cej dla Krystyny z okazji imienin<\/td>\n<\/tr>\n<tr>\n<td width=\"69\"><span style=\"color: #800080;\"><strong>11.00<\/strong><\/span><\/td>\n<td width=\"652\">\u015ap. Wac\u0142awa(m) \u017bENDARSKIEGO w 29 rocznic\u0119 \u015bmierci oraz zmar\u0142ych z rodziny<\/td>\n<\/tr>\n<tr>\n<td width=\"69\"><span style=\"color: #800080;\"><strong>18.00<\/strong><\/span><\/td>\n<td width=\"652\">\u015ap. Danut\u0119 &nbsp;BORYSZEWSK\u0104 \u2013 18 msza gregoria\u0144ska<\/td>\n<\/tr>\n<tr>\n<td width=\"69\"><span style=\"color: #800080;\"><strong>18.00<\/strong><\/span><\/td>\n<td width=\"652\">\u015ap. Waldemara LIS w 30 dniu po pogrzebie<\/td>\n<\/tr>\n<tr>\n<td width=\"69\"><span style=\"color: #800080;\"><strong>20.00<\/strong><\/span><\/td>\n<td width=\"652\">\u015ap. Gabriel\u0119 i Bogumi\u0142a(m) ZEMBRZUSKICH oraz zmar\u0142ych z rodziny PLIT<\/td>\n<\/tr>\n<tr>\n<td colspan=\"2\" width=\"721\">\n<p style=\"text-align: center;\"><span style=\"color: #800080;\"><strong>CZWARTEK \/ 19 marzec 2026 \/ \u0141k 2, 41 \u2013 51a <\/strong><\/span><\/p>\n<p style=\"text-align: center;\"><span style=\"color: #800080;\"><strong>UROCZYSTO\u015a\u0106 \u015aW. J\u00d3ZEFA OBLUBIE\u0143CA N. M. P.<\/strong><\/span><\/p>\n<\/td>\n<\/tr>\n<tr>\n<td width=\"69\"><span style=\"color: #800080;\"><strong>8.00<\/strong><\/span><\/td>\n<td width=\"652\">\u015ap. Danut\u0119 &nbsp;BORYSZEWSK\u0104 \u2013 19 msza gregoria\u0144ska<\/td>\n<\/tr>\n<tr>\n<td width=\"69\"><span style=\"color: #800080;\"><strong>18.00<\/strong><\/span><\/td>\n<td width=\"652\">O Bo\u017ce b\u0142ogos\u0142awie\u0144stwo, \u0142ask\u0119 zdrowia, opiek\u0119 Matki Bo\u017cej dla m\u0119\u017ca Romana<\/td>\n<\/tr>\n<tr>\n<td width=\"69\"><span style=\"color: #800080;\"><strong>18.00<\/strong><\/span><\/td>\n<td width=\"652\">\u015ap. J\u00f3zefa(m) KWIATOSZ z okazji imienin oraz rodzic\u00f3w z obojga stron<\/td>\n<\/tr>\n<tr>\n<td colspan=\"2\" width=\"721\"><strong>&nbsp;<\/strong><\/p>\n<p style=\"text-align: center;\"><span style=\"color: #0000ff;\"><strong>ADORACJA NAJ\u015aWI\u0118TRZEGO SAKRAMENTU DO GODZ. 20.00<\/strong><\/span><\/p>\n<\/td>\n<\/tr>\n<tr>\n<td colspan=\"2\" width=\"721\">\n<p style=\"text-align: center;\"><span style=\"color: #800080;\"><strong>PI\u0104TEK \/ 20 marzec 2026 \/ J 7, 1 \u2013 2. 10. 25 \u2013 30&nbsp;&nbsp; <\/strong><\/span><\/p>\n<\/td>\n<\/tr>\n<tr>\n<td width=\"69\"><span style=\"color: #800080;\"><strong>8.00<\/strong><\/span><\/td>\n<td width=\"652\">\u015ap. Danut\u0119 &nbsp;BORYSZEWSK\u0104 \u2013 20 msza gregoria\u0144ska<\/td>\n<\/tr>\n<tr>\n<td width=\"69\"><span style=\"color: #800080;\"><strong>8.00<\/strong><\/span><\/td>\n<td width=\"652\">\u015ap. Mariana ZACHAREWICZ w 30 dniu po pogrzebie<\/td>\n<\/tr>\n<tr>\n<td width=\"69\"><span style=\"color: #800080;\"><strong>18.00<\/strong><\/span><\/td>\n<td width=\"652\">\u015ap. Janusza EKES w 5 rocznic\u0119 \u015bmierci oraz zmar\u0142ych z rodzin: DOMAGALSKICH, DYMOWSKICH i EKES<\/td>\n<\/tr>\n<tr>\n<td width=\"69\"><span style=\"color: #800080;\"><strong>18.00<\/strong><\/span><\/td>\n<td width=\"652\">Za zmar\u0142ych rodzic\u00f3w Janin\u0119 i Tomasza oraz Stanis\u0142aw\u0119 i Edwarda<\/td>\n<\/tr>\n<tr>\n<td colspan=\"2\" width=\"721\">\n<p style=\"text-align: center;\"><span style=\"color: #800080;\"><strong>SOBOTA \/ 21 marzec 2026 \/ J 7, 40 \u2013 53&nbsp; <\/strong><\/span><\/p>\n<\/td>\n<\/tr>\n<tr>\n<td width=\"69\"><span style=\"color: #800080;\"><strong>8.00<\/strong><\/span><\/td>\n<td width=\"652\">\u015ap. Stefana BOROWIECKIEGO w 38 rocznic\u0119 \u015bmierci oraz zmar\u0142ych: Genowef\u0119, Janin\u0119, Longina, Kazimierza i Tadeusza<\/td>\n<\/tr>\n<tr>\n<td width=\"69\"><span style=\"color: #800080;\"><strong>8.00<\/strong><\/span><\/td>\n<td width=\"652\">O Mi\u0142osierdzie Bo\u017ce przez Serce Naj\u015bwi\u0119tszej Maryi Panny i Serce Pana Jezusa dla Polski \u2013 intencja od parafian<\/td>\n<\/tr>\n<tr>\n<td width=\"69\"><span style=\"color: #800080;\"><strong>18.00<\/strong><\/span><\/td>\n<td width=\"652\">\u015ap. Danut\u0119 &nbsp;BORYSZEWSK\u0104 \u2013 21 msza gregoria\u0144ska<\/td>\n<\/tr>\n<tr>\n<td colspan=\"2\" width=\"721\">\n<p style=\"text-align: center;\"><span style=\"color: #800080;\"><strong>V NIEDZIELA WIELKIEGO POSTU \/ 22 marzec 2026 \/ J 11, 3 \u2013 7. 17. 20 \u2013 27. 33b \u2013 45&nbsp;&nbsp; <\/strong><\/span><\/p>\n<\/td>\n<\/tr>\n<tr>\n<td width=\"69\"><span style=\"color: #800080;\"><strong>8.00<\/strong><\/span><\/td>\n<td width=\"652\">\u015ap. Danut\u0119 BORYSZEWSK\u0104 \u2013 22 msza gregoria\u0144ska<\/td>\n<\/tr>\n<tr>\n<td width=\"69\"><span style=\"color: #800080;\"><strong>8.00<\/strong><\/span><\/td>\n<td width=\"652\">\u015ap. Regin\u0119 w 15 rocznic\u0119 \u015bmierci oraz Artura KOWALSKICH<\/td>\n<\/tr>\n<tr>\n<td width=\"69\"><span style=\"color: #800080;\"><strong>10.00<\/strong><\/span><\/td>\n<td width=\"652\">\u015ap. Zenona MAGO\u0143 w 1 rocznic\u0119 \u015bmierci<\/td>\n<\/tr>\n<tr>\n<td width=\"69\"><span style=\"color: #800080;\"><strong>12.00<\/strong><\/span><\/td>\n<td width=\"652\"><span style=\"color: #ff0000;\"><strong>ZA PARAFIAN<\/strong><\/span><\/td>\n<\/tr>\n<tr>\n<td width=\"69\"><span style=\"color: #800080;\"><strong>15.00<\/strong><\/span><\/td>\n<td width=\"652\">O Bo\u017ce b\u0142ogos\u0142awie\u0144stwo opiek\u0119 Matki Bo\u017cej Szkaplerznej dla Ewy z okazji 50 rocznicy urodzin. O Bo\u017ce prowadzenie w \u017cyciu dla Jubilatki i jej rodziny<\/td>\n<\/tr>\n<tr>\n<td width=\"69\"><span style=\"color: #800080;\"><strong>18.00<\/strong><\/span><\/td>\n<td width=\"652\">\u015ap.&nbsp; Barbar\u0119 JO\u0143SK\u0104 w 10 rocznic\u0119 \u015bmierci<\/td>\n<\/tr>\n<\/tbody>\n<\/table>\n<p>&nbsp;<\/p>\n","protected":false},"excerpt":{"rendered":"<p>&nbsp; OG\u0141OSZENIA15.03.2026 r. IV NIEDZIELA WIELKIEGO POSTU W dniu dzisiejszym rozpoczynamy REKOLEKCJE WIELKOPOSTNE, kt\u00f3re poprowadzi Ojciec Mateusz Paw\u0142owski OMI \u2013 Oblat M.N. Pro\u015bmy o \u015bwiat\u0142o Ducha \u015awi\u0119tego dla Ojca Rekolekcjonisty i ca\u0142ej parafii, aby s\u0142owa wypowiedziane w czasie tych dni, przemieni\u0142y nasze serca i przygotowa\u0142y na rado\u015b\u0107 \u015awi\u0105t Wielkanocnych. Program rekolekcji znajdziemy w Biuletynie. W [&hellip;]<\/p>\n","protected":false},"author":1,"featured_media":6105,"comment_status":"closed","ping_status":"closed","sticky":false,"template":"","format":"standard","meta":{"ngg_post_thumbnail":0,"footnotes":""},"categories":[11,8,4,3],"tags":[],"class_list":["post-6103","post","type-post","status-publish","format-standard","has-post-thumbnail","hentry","category-aktualnosci","category-blog","category-intencje","category-ogloszenia"],"_links":{"self":[{"href":"https:\/\/rafalk-elblag.pl\/index.php?rest_route=\/wp\/v2\/posts\/6103","targetHints":{"allow":["GET"]}}],"collection":[{"href":"https:\/\/rafalk-elblag.pl\/index.php?rest_route=\/wp\/v2\/posts"}],"about":[{"href":"https:\/\/rafalk-elblag.pl\/index.php?rest_route=\/wp\/v2\/types\/post"}],"author":[{"embeddable":true,"href":"https:\/\/rafalk-elblag.pl\/index.php?rest_route=\/wp\/v2\/users\/1"}],"replies":[{"embeddable":true,"href":"https:\/\/rafalk-elblag.pl\/index.php?rest_route=%2Fwp%2Fv2%2Fcomments&post=6103"}],"version-history":[{"count":1,"href":"https:\/\/rafalk-elblag.pl\/index.php?rest_route=\/wp\/v2\/posts\/6103\/revisions"}],"predecessor-version":[{"id":6106,"href":"https:\/\/rafalk-elblag.pl\/index.php?rest_route=\/wp\/v2\/posts\/6103\/revisions\/6106"}],"wp:featuredmedia":[{"embeddable":true,"href":"https:\/\/rafalk-elblag.pl\/index.php?rest_route=\/wp\/v2\/media\/6105"}],"wp:attachment":[{"href":"https:\/\/rafalk-elblag.pl\/index.php?rest_route=%2Fwp%2Fv2%2Fmedia&parent=6103"}],"wp:term":[{"taxonomy":"category","embeddable":true,"href":"https:\/\/rafalk-elblag.pl\/index.php?rest_route=%2Fwp%2Fv2%2Fcategories&post=6103"},{"taxonomy":"post_tag","embeddable":true,"href":"https:\/\/rafalk-elblag.pl\/index.php?rest_route=%2Fwp%2Fv2%2Ftags&post=6103"}],"curies":[{"name":"wp","href":"https:\/\/api.w.org\/{rel}","templated":true}]}}