{"id":6098,"date":"2026-03-07T11:25:42","date_gmt":"2026-03-07T11:25:42","guid":{"rendered":"https:\/\/rafalk-elblag.pl\/?p=6098"},"modified":"2026-03-07T11:26:52","modified_gmt":"2026-03-07T11:26:52","slug":"iii-niedziela-wielkiego-postu","status":"publish","type":"post","link":"https:\/\/rafalk-elblag.pl\/?p=6098","title":{"rendered":"III NIEDZIELA WIELKIEGO POSTU"},"content":{"rendered":"<p><img decoding=\"async\" class=\"aligncenter\" src=\"http:\/\/rafalk-elblag.pl\/wp-content\/uploads\/2026\/02\/WhatsApp-Image-2026-02-04-at-16.06.21-3-300x200.jpeg\"><\/p>\n<h2 style=\"text-align: center;\"><span style=\"color: #800080;\"><strong>&nbsp;<\/strong><strong>&nbsp;<\/strong><strong>Dlaczego rekolekcje wielkopostne?<\/strong><\/span><\/h2>\n<p>Wielki Post nie bez powodu okre\u015bla si\u0119 mianem czasu nawr\u00f3cenia. &#8211; Ogromn\u0105 pomoc\u0105 w poszukiwaniu drogi do Boga jest nastr\u00f3j towarzysz\u0105cy okresowi Wielkiego Postu. &#8211; To 40 dni pokuty i wyrzecze\u0144. To czas wi\u0119kszej modlitwy, kt\u00f3rej potrzeb\u0119 u\u015bwiadamiaj\u0105 nam Drogi Krzy\u017cowe, Gorzkie \u017cale. To tak\u017ce czas, kt\u00f3ry ma nam uzmys\u0142owi\u0107, \u017ce w naszym \u017cyciu musimy dokonywa\u0107 wybor\u00f3w; wybiera\u0107 to, co wa\u017cniejsze, szlachetniejsze, wspanialsze. St\u0105d te\u017c w Wielkim Po\u015bcie rezygnujemy z pewnych przyjemno\u015bci, rado\u015bci, zabawy. Wszystko to czynimy po to, by w naszym \u017cyciu dokonywa\u0142o si\u0119 dobro, by by\u0142o go o wiele wi\u0119cej ni\u017c z\u0142a. R\u00f3wnie wa\u017cna jest charakterystyczna dla tego okresu w roku liturgicznym Ko\u015bcio\u0142a atmosfera wyciszenia. Musimy zwolni\u0107 tempo \u017cycia, poniewa\u017c w tym zabieganiu, nat\u0142oku spraw codziennych, cz\u0119sto nie dopuszczamy do siebie g\u0142\u0119bszej refleksji, nie zastanawiamy si\u0119, po co \u017cyjemy, jaki jest sens tego wszystkiego, co robimy, co jest w \u017cyciu najwa\u017cniejsze. Rekolekcje wielkopostne pozwalaj\u0105 nam cho\u0107 na chwil\u0119 zatrzyma\u0107 si\u0119 i pog\u0142\u0119bi\u0107 swoj\u0105 wiar\u0119. &#8211; A ta, rodzi si\u0119 ze s\u0142uchania S\u0142owa Bo\u017cego. Pog\u0142\u0119biaj\u0105c wiar\u0119 poprzez uczestnictwo w lekcjach duchowych, stajemy si\u0119 coraz bardziej ufni wobec Bogu. &#8211; Kiedy ca\u0142kowicie zawierzymy Panu Bogu, w\u00f3wczas odkryjemy jak bardzo nas kocha. Odkryjemy, \u017ce B\u00f3g nie tylko nas stworzy\u0142 i troszczy si\u0119 o nas, ale te\u017c da\u0142 nam swojego Syna, kt\u00f3ry swoje \u017cycie odda\u0142 za nas na krzy\u017cu. Rekolekcje s\u0105 po to, \u017ceby\u015bmy zrozumieli, \u017ce nie jeste\u015bmy sami, \u017ce dobro jest silniejsze od z\u0142a i \u017ce potrafimy czyni\u0107 dobro. Chodzi o to, by\u015bmy z Chrystusem potrafili wej\u015b\u0107 w \u201ecywilizacj\u0119 mi\u0142o\u015bci, \u017cycia\u201d, a nie przebywa\u0107 w \u201ecywilizacji z\u0142a, ciemno\u015bci, \u015bmierci\u201d.<\/p>\n<h2 style=\"text-align: center;\"><span style=\"color: #800080;\"><strong>Ka\u017cdy ma swoje w\u0142asne rekolekcje<\/strong><\/span><\/h2>\n<p>Znaczenie rekolekcji zale\u017cy przede wszystkim od naszego otwarcia si\u0119 na \u0142ask\u0119 Bo\u017c\u0105. Do nawr\u00f3cenia nie zawsze s\u0105 potrzebne kilkudniowe lekcje duchowe. Czasem wystarczy jedno spotkanie ze S\u0142owem Bo\u017cym, jedno spotkanie we wsp\u00f3lnocie, kt\u00f3re wywrze na nas niezatarty \u015blad. &#8211; Wyj\u0105tkowymi rekolekcjami s\u0105 z pewno\u015bci\u0105 te przed \u015bwi\u0119ceniami kap\u0142a\u0144skimi, \u015blubami zakonnymi czy te\u017c te dla narzeczonych, poniewa\u017c przygotowuj\u0105 one do wyj\u0105tkowego wydarzenia. Z kolei dla os\u00f3b uzale\u017cnionych od alkoholu czy wsp\u00f3\u0142uzale\u017cnionych, takimi niezapomnianymi rekolekcjami s\u0105 te, podczas kt\u00f3rych dokona\u0142 si\u0119 prze\u0142om w ich podej\u015bciu do choroby alkoholowej. &#8211; U\u015bwiadomienie sobie, \u017ce ma si\u0119 problem z alkoholem jest cz\u0119sto pocz\u0105tkiem drogi do zdrowienia &#8211; m\u00f3wi. Ka\u017cdy ma swoje \u201ewyj\u0105tkowe\u201d rekolekcje. Ci, kt\u00f3rzy jeszcze ich takich nie do\u015bwiadczyli, winni skorzysta\u0107 z szansy, kt\u00f3r\u0105 daje tegoroczny Wielki Post i postara\u0107 si\u0119 odpowiednio je prze\u017cy\u0107.<\/p>\n<p><img decoding=\"async\" class=\"aligncenter\" src=\"http:\/\/rafalk-elblag.pl\/wp-content\/uploads\/2026\/02\/WhatsApp-Image-2026-02-04-at-16.06.21-2-300x200.jpeg\"><\/p>\n<p><strong>&nbsp;<\/strong><\/p>\n<h2 style=\"text-align: center;\"><span style=\"color: #800080;\"><strong>OG\u0141OSZENIA8.03.2026 r.<\/strong><\/span><\/h2>\n<h2 style=\"text-align: center;\"><span style=\"color: #800080;\"><strong>III NIEDZIELA WIELKIEGO POSTU<\/strong><\/span><\/h2>\n<p><strong>&nbsp;<\/strong><\/p>\n<ol>\n<li><strong>Z okazji Dnia Kobiet<\/strong> wszystkim paniom sk\u0142adamy najserdeczniejsze \u017cyczenia wielu \u0142ask Bo\u017cych oraz opieki Matki Naj\u015bwi\u0119tszej. <em>Niech dzisiejszy dzie\u0144 b\u0119dzie wyrazem wdzi\u0119czno\u015bci za wielk\u0105 mi\u0142o\u015b\u0107 i dobro\u0107, jak\u0105 wnosz\u0105 w nasze rodziny niewiasty.<\/em><\/li>\n<li><strong>Kandydat\u00f3w do Sakramentu Bierzmowania zapraszamy dzisiaj tj. 8 marca na spotkanie po Mszy \u015bw. o godz. 18.00. Obecno\u015b\u0107 obowi\u0105zkowa. <\/strong><\/li>\n<li><strong>Rodzic\u00f3w dzieci klas III Szko\u0142y Podstawowej<\/strong> przygotowuj\u0105cych si\u0119 do I Spowiedzi i Komunii \u015bw. zapraszam jutro (9 marca) na comiesi\u0119czne spotkanie do ko\u015bcio\u0142a na godz. 19:00. <em>Obecno\u015b\u0107 obojga RODZIC\u00d3W mile widziana.<\/em><\/li>\n<li><span style=\"color: #ff0000;\"><strong>W WIELKIM PO\u015aCIE<\/strong> w ka\u017cd\u0105 niedziel\u0119 zapraszamy na \u015bpiewanie <strong>GODZINEK KU CZCI M\u0118KI PA\u0143SKIEJ<\/strong> o godz. 7:40 oraz na <strong>GORZKIE \u017bALE<\/strong> z kazaniem pasyjnym o godz. 17:15.&nbsp; Natomiast w pi\u0105tki zapraszamy na<strong> DROG\u0118 KRZY\u017bOW\u0104:<\/strong><\/span><\/li>\n<\/ol>\n<ul>\n<li><em><span style=\"color: #ff0000;\"> 16:30 dla dzieci;<\/span> <\/em><\/li>\n<li><span style=\"color: #ff0000;\"><em> 17:15 dla doros\u0142ych;<\/em><\/span><\/li>\n<li><span style=\"color: #ff0000;\"><em>19:00 dla kandydat\u00f3w do Sakramentu Bierzmowania i os\u00f3b pracuj\u0105cych.<\/em><\/span><\/li>\n<\/ul>\n<p><span style=\"color: #ff0000;\"><strong>PAMI\u0118TAJMY, \u017ce Wielki Post jest tak zwanym \u201eczasem zakazanym\u201d dla wszelkich hucznych wesel, zabaw i dyskotek !!!<\/strong><\/span><\/p>\n<ol start=\"5\">\n<li><strong><em>DROGI PARAFIANINIE <\/em><\/strong><em>czy odkry\u0142e\u015b warto\u015b\u0107 okresowych lub sta\u0142ych przyrzecze\u0144 abstynenckich w Wielkim Po\u015bcie ? Je\u015bli tak &#8211; to prosz\u0119 o wpisanie si\u0119 do PARAFIALNEJ KSI\u0118GI TRZE\u0179WO\u015aCI wy\u0142o\u017conej na stoliku pod ch\u00f3rem przed obrazem Matki Bo\u017cej Nieustaj\u0105cej Pomocy. <\/em><\/li>\n<li><strong>W WIELKIM PO\u015aCIE <\/strong>zapraszamy w tygodniu na Msze \u015bw. o godz. 8:00 lub 18:00. Pami\u0119tajmy, to okres szczeg\u00f3lny i warto by, by\u0142o znale\u017a\u0107 czas na spotkanie z Bogiem podczas<\/li>\n<li><strong>Za tydzie\u0144 15 marca br. rozpoczniemy nasze tegoroczne Rekolekcje Wielkopostne dla wszystkich parafian..<\/strong> Poprowadzi je Ojciec Mateusz Paw\u0142owski OMI \u2013 Oblat M.N.. <em>Uczy\u0144my wszystko, aby wzi\u0105\u0107 w nich udzia\u0142. Pro\u015bmy o potrzebne dary Ducha \u015awi\u0119tego dla Ojca Mateusza i dla nas, by\u015bmy byli otwarci na g\u0142oszone S\u0142owo. <\/em>Informujemy, \u017ce w poniedzia\u0142ek, wtorek i w \u015brod\u0119 Msze \u015awi\u0119te z naukami dla doros\u0142ych odb\u0119d\u0105 si\u0119 <strong>o godz. 8:00, 11:00, 18:00, 20:00.<\/strong><\/li>\n<li>Tradycyjnie zapraszamy do wsp\u00f3lnej modlitwy za osoby uzale\u017cnione, b\u0119d\u0105ce w problemie i ich bliskich, a tak\u017ce dobrodziej\u00f3w. Jednoczmy swoje cierpienia z cierpieniami Chrystusa. zaprasza do wsp\u00f3lnej modlitwy w trzeci\u0105 niedziel\u0119 miesi\u0105ca. Najbli\u017csza Msza \u015aw. <strong>Stowarzyszenie KARAN<\/strong>. w niedziel\u0119 15 marca o godz. 16:00, w ko\u015bciele Bo\u017cego Cia\u0142a, ul. Robotnicza 29 w Elbl\u0105gu. Po Eucharystii spotkanie przy herbacie.<\/li>\n<li><strong>EKSTREMALNA DROGA KRZYZOWA (EDK).W tym roku 27.03.2026 r. w nocy b\u0119dziemy podr\u00f3\u017cowa\u0107 w g\u0142\u0105b siebie. <\/strong>Ka\u017cdego kto chce wyruszy\u0107 na EDK zapraszamy do ko\u015bcio\u0142a \u015bw. Brata Alberta przy ul. Cz\u0119stochowskiej 28 w Elbl\u0105gu na Msz\u0119 \u015bw. o godzinie 20.00.Po Mszy \u015bw. b\u0119dzie mo\u017cliwo\u015b\u0107 odebrania pakiet\u00f3w EDK (koszt 30 z\u0142. \u2013 pakiet zawiera: ksi\u0105\u017ceczki z rozwa\u017caniami, opask\u0119 silikonow\u0105 i odblaskow\u0105 oraz opis trasy). Proponujemy 5 elbl\u0105skich tras. <strong>Wi\u0119cej informacji na stronie <\/strong>edk.org.pl. W razie jakichkolwiek pyta\u0144, czy niejasno\u015bci mo\u017cna pisa\u0107 na adres e-maila: elblag.edk@gmail.com.<\/li>\n<li>Zach\u0119cam do nabywania nowego numeru <strong>\u201eGo\u015bcia Niedzielnego\u201d <\/strong>z dodatkiem \u201eGo\u015b\u0107 Elbl\u0105ski w cenie 10 z\u0142.<\/li>\n<\/ol>\n<p><em><img decoding=\"async\" class=\"aligncenter\" src=\"http:\/\/rafalk-elblag.pl\/wp-content\/uploads\/2026\/02\/WhatsApp-Image-2026-02-04-at-16.06.21-1-300x200.jpeg\"><\/em><\/p>\n<table width=\"721\">\n<tbody>\n<tr>\n<td colspan=\"2\" width=\"721\">\n<p style=\"text-align: center;\"><strong><br \/>\n<span style=\"color: #800080;\">III NIEDZIELA WIELKIEGO POSTU \/ 8 marzec 2026 \/ J 4, 5 \u2013 15.19b \u2013 26.&nbsp; <\/span><\/strong><\/p>\n<\/td>\n<\/tr>\n<tr>\n<td width=\"69\"><span style=\"color: #800080;\"><strong>8.00<\/strong><\/span><\/td>\n<td width=\"652\">O Bo\u017ce b\u0142ogos\u0142awie\u0144stwo dla wnuk\u00f3w Kai i Wojciecha z pro\u015bb\u0105 o potrzebne \u0142aski<\/td>\n<\/tr>\n<tr>\n<td width=\"69\"><span style=\"color: #800080;\"><strong>10.00<\/strong><\/span><\/td>\n<td width=\"652\">O Bo\u017ce b\u0142ogos\u0142awie\u0144stwo, o si\u0142\u0119 pokonywania wszelkich trudno\u015bci dla Nikodema<br \/>\ni jego rodziny, Agnieszki i ca\u0142ej rodziny zakonnej oraz Magdaleny i jej rodziny<\/td>\n<\/tr>\n<tr>\n<td width=\"69\"><span style=\"color: #800080;\"><strong>12.00<\/strong><\/span><\/td>\n<td width=\"652\"><span style=\"color: #ff0000;\"><strong>ZA PARAFIAN<\/strong><\/span><\/td>\n<\/tr>\n<tr>\n<td width=\"69\"><span style=\"color: #800080;\"><strong>15.00<\/strong><\/span><\/td>\n<td width=\"652\">\u015ap. Bronis\u0142awa(m) JANICKIEGO w 25 rocznic\u0119 \u015bmierci oraz Wiktori\u0119 JANICK\u0104<br \/>\ni zmar\u0142ych z rodzin: SZCZ\u0118SNYCH i JANICKICH<\/td>\n<\/tr>\n<tr>\n<td width=\"69\"><span style=\"color: #800080;\"><strong>18.00<\/strong><\/span><\/td>\n<td width=\"652\">\u015ap. Danut\u0119 Boryszewsk\u0105 \u2013 8 msza gregoria\u0144ska<\/td>\n<\/tr>\n<tr>\n<td colspan=\"2\" width=\"721\">\n<p style=\"text-align: center;\"><span style=\"color: #800080;\"><strong>PONIEDZIA\u0141EK \/ 9 marzec 2026 \/ \u0141k 4, 24 \u2013 30<\/strong><\/span><\/p>\n<\/td>\n<\/tr>\n<tr>\n<td width=\"69\"><span style=\"color: #800080;\"><strong>8.00<\/strong><\/span><\/td>\n<td width=\"652\">O \u0142ask\u0119 zdrowia dla Joanny oraz o potrzebne \u0142aski, opiek\u0119 Matki Bo\u017cej<\/td>\n<\/tr>\n<tr>\n<td width=\"69\"><span style=\"color: #800080;\"><strong>18.00<\/strong><\/span><\/td>\n<td width=\"652\">\u015ap. Danut\u0119 Boryszewsk\u0105 \u2013 9 msza gregoria\u0144ska<\/td>\n<\/tr>\n<tr>\n<td colspan=\"2\" width=\"721\">\n<p style=\"text-align: center;\"><span style=\"color: #800080;\"><strong>WTOREK \/ 10 marzec 2026 \/&nbsp;&nbsp; Mt 18, 21 \u2013 35<\/strong><\/span><\/p>\n<\/td>\n<\/tr>\n<tr>\n<td width=\"69\"><span style=\"color: #800080;\"><strong>8.00<\/strong><\/span><\/td>\n<td width=\"652\">\u015ap. Danut\u0119 Boryszewsk\u0105 \u2013 10 msza gregoria\u0144ska<\/td>\n<\/tr>\n<tr>\n<td width=\"69\"><span style=\"color: #800080;\"><strong>18.00<\/strong><\/span><\/td>\n<td width=\"652\">\u015ap. Iren\u0119 KALI\u0143SK\u0104 w 6 rocznic\u0119 \u015bmierci i zmar\u0142ych z rodzin: KALI\u0143SKICH<br \/>\ni WOJTCZAK\u00d3W<\/td>\n<\/tr>\n<tr>\n<td colspan=\"2\" width=\"721\">\n<p style=\"text-align: center;\"><span style=\"color: #800080;\"><strong>\u015aRODA \/ 11 marzec 2026 \/ Mt 5, 17 \u2013 19<\/strong><\/span><\/p>\n<\/td>\n<\/tr>\n<tr>\n<td width=\"69\"><span style=\"color: #800080;\"><strong>8.00<\/strong><\/span><\/td>\n<td width=\"652\">\u015ap. Ks. Artura SUTU\u0141\u0118 i \u015ap. Ks. Tadeusza<\/td>\n<\/tr>\n<tr>\n<td width=\"69\"><span style=\"color: #800080;\"><strong>8.00<\/strong><\/span><\/td>\n<td width=\"652\">\u015ap. Bronis\u0142awa(m) KWIATKOWSKIEGO w 30 dniu po pogrzebie<\/td>\n<\/tr>\n<tr>\n<td width=\"69\"><span style=\"color: #800080;\"><strong>18.00<\/strong><\/span><\/td>\n<td width=\"652\">\u015ap. Danut\u0119 Boryszewsk\u0105 \u2013 11 msza gregoria\u0144ska<\/td>\n<\/tr>\n<tr>\n<td colspan=\"2\" width=\"721\">\n<p style=\"text-align: center;\"><span style=\"color: #800080;\"><strong>CZWARTEK \/ 12 marzec 2026 \/ \u0141k 11, 14 \u2013 23 <\/strong><\/span><\/p>\n<\/td>\n<\/tr>\n<tr>\n<td width=\"69\"><span style=\"color: #800080;\"><strong>8.00<\/strong><\/span><\/td>\n<td width=\"652\">\u015ap. Danut\u0119 Boryszewsk\u0105 \u2013 12 msza gregoria\u0144ska<\/td>\n<\/tr>\n<tr>\n<td width=\"69\"><span style=\"color: #800080;\"><strong>18.00<\/strong><\/span><\/td>\n<td width=\"652\">\u015ap. Stanis\u0142aw\u0119(k) D\u0104BROWSK\u0104 w 5 rocznic\u0119 \u015bmierci i zmar\u0142ych z rodziny<\/td>\n<\/tr>\n<tr>\n<td colspan=\"2\" width=\"721\">\n<p style=\"text-align: center;\"><span style=\"color: #0000ff;\"><strong>ADORACJA NAJ\u015aWI\u0118TRZEGO SAKRAMENTU DO GODZ. 20.00<\/strong><\/span><\/p>\n<\/td>\n<\/tr>\n<tr>\n<td colspan=\"2\" width=\"721\">\n<p style=\"text-align: center;\"><span style=\"color: #800080;\"><strong>PI\u0104TEK \/ 13 marzec 2026 \/ Mk 12, 28b \u2013 34&nbsp; <\/strong><\/span><\/p>\n<\/td>\n<\/tr>\n<tr>\n<td width=\"69\"><span style=\"color: #800080;\"><strong>8.00<\/strong><\/span><\/td>\n<td width=\"652\">\u015ap. Danut\u0119 Boryszewsk\u0105 \u2013 13 msza gregoria\u0144ska<\/td>\n<\/tr>\n<tr>\n<td width=\"69\"><span style=\"color: #800080;\"><strong>8.00<\/strong><\/span><\/td>\n<td width=\"652\">\u015ap. Kazimierza STANDARSKIEGO w 7 rocznic\u0119 \u015bmierci<\/td>\n<\/tr>\n<tr>\n<td width=\"69\"><span style=\"color: #800080;\"><strong>18.00<\/strong><\/span><\/td>\n<td width=\"652\">\u015ap. Ew\u0119 ZAMOCIN w 3 rocznic\u0119 \u015bmierci<\/td>\n<\/tr>\n<tr>\n<td colspan=\"2\" width=\"721\">\n<p style=\"text-align: center;\"><span style=\"color: #800080;\"><strong>SOBOTA \/ 14 marzec 2026 \/ \u0141k 18, 9 \u2013 14&nbsp; <\/strong><\/span><\/p>\n<\/td>\n<\/tr>\n<tr>\n<td width=\"69\"><span style=\"color: #800080;\"><strong>8.00<\/strong><\/span><\/td>\n<td width=\"652\">\u015ap. Danut\u0119 Boryszewsk\u0105 \u2013 14 msza gregoria\u0144ska<\/td>\n<\/tr>\n<tr>\n<td width=\"69\"><span style=\"color: #800080;\"><strong>18.00<\/strong><\/span><\/td>\n<td width=\"652\">\u015ap. Barbar\u0119 w 29 rocznic\u0119 \u015bmierci, \u015ap. Lucjana w 10 rocznic\u0119 \u015bmierci KOCHANOWICZ i zmar\u0142ych z rodziny<\/td>\n<\/tr>\n<tr>\n<td width=\"69\"><span style=\"color: #800080;\"><strong>18.00<\/strong><\/span><\/td>\n<td width=\"652\">\u015ap. Danut\u0119 i Tadeusza DUDEK oraz za zmar\u0142ych z rodziny<\/td>\n<\/tr>\n<tr>\n<td colspan=\"2\" width=\"721\">\n<p style=\"text-align: center;\"><span style=\"color: #ff00ff;\"><strong>IV NIEDZIELA WIELKIEGO POSTU \/ 15 marzec 2026 \/ J 9, 1 \u2013 41&nbsp; <\/strong><\/span><\/p>\n<\/td>\n<\/tr>\n<tr>\n<td width=\"69\"><span style=\"color: #ff00ff;\"><strong>8.00<\/strong><\/span><\/td>\n<td width=\"652\">Za dusz\u0119 w czy\u015b\u0107cu cierpi\u0105ce, \u015ap. Romana<\/td>\n<\/tr>\n<tr>\n<td width=\"69\"><span style=\"color: #ff00ff;\"><strong>10.00<\/strong><\/span><\/td>\n<td width=\"652\">\u015ap. Danut\u0119 Boryszewsk\u0105 \u2013 15 msza gregoria\u0144ska<\/td>\n<\/tr>\n<tr>\n<td width=\"69\"><span style=\"color: #ff00ff;\"><strong>12.00<\/strong><\/span><\/td>\n<td width=\"652\"><span style=\"color: #ff0000;\"><strong>ZA PARAFIAN<\/strong><\/span><\/td>\n<\/tr>\n<tr>\n<td width=\"69\"><span style=\"color: #ff00ff;\"><strong>15.00<\/strong><\/span><\/td>\n<td width=\"652\">\u015ap. Stanis\u0142awa(m) KANDYBA w 23 rocznic\u0119 \u015bmierci oraz za zmar\u0142ych z obojga stron<\/td>\n<\/tr>\n<tr>\n<td width=\"69\"><span style=\"color: #ff00ff;\"><strong>18.00<\/strong><\/span><\/td>\n<td width=\"652\">\u015ap. Mariusza WIDOMSKIEGO w 4 rocznic\u0119 \u015bmierci oraz za zmar\u0142ych z rodzin: WIDOMSKICH i MAKOWSKICH<\/td>\n<\/tr>\n<\/tbody>\n<\/table>\n<p>&nbsp;<\/p>\n","protected":false},"excerpt":{"rendered":"<p>&nbsp;&nbsp;Dlaczego rekolekcje wielkopostne? Wielki Post nie bez powodu okre\u015bla si\u0119 mianem czasu nawr\u00f3cenia. &#8211; Ogromn\u0105 pomoc\u0105 w poszukiwaniu drogi do Boga jest nastr\u00f3j towarzysz\u0105cy okresowi Wielkiego Postu. &#8211; To 40 dni pokuty i wyrzecze\u0144. To czas wi\u0119kszej modlitwy, kt\u00f3rej potrzeb\u0119 u\u015bwiadamiaj\u0105 nam Drogi Krzy\u017cowe, Gorzkie \u017cale. To tak\u017ce czas, kt\u00f3ry ma nam uzmys\u0142owi\u0107, \u017ce w [&hellip;]<\/p>\n","protected":false},"author":1,"featured_media":6099,"comment_status":"closed","ping_status":"closed","sticky":false,"template":"","format":"standard","meta":{"ngg_post_thumbnail":0,"footnotes":""},"categories":[11,8,4,3],"tags":[],"class_list":["post-6098","post","type-post","status-publish","format-standard","has-post-thumbnail","hentry","category-aktualnosci","category-blog","category-intencje","category-ogloszenia"],"_links":{"self":[{"href":"https:\/\/rafalk-elblag.pl\/index.php?rest_route=\/wp\/v2\/posts\/6098","targetHints":{"allow":["GET"]}}],"collection":[{"href":"https:\/\/rafalk-elblag.pl\/index.php?rest_route=\/wp\/v2\/posts"}],"about":[{"href":"https:\/\/rafalk-elblag.pl\/index.php?rest_route=\/wp\/v2\/types\/post"}],"author":[{"embeddable":true,"href":"https:\/\/rafalk-elblag.pl\/index.php?rest_route=\/wp\/v2\/users\/1"}],"replies":[{"embeddable":true,"href":"https:\/\/rafalk-elblag.pl\/index.php?rest_route=%2Fwp%2Fv2%2Fcomments&post=6098"}],"version-history":[{"count":2,"href":"https:\/\/rafalk-elblag.pl\/index.php?rest_route=\/wp\/v2\/posts\/6098\/revisions"}],"predecessor-version":[{"id":6101,"href":"https:\/\/rafalk-elblag.pl\/index.php?rest_route=\/wp\/v2\/posts\/6098\/revisions\/6101"}],"wp:featuredmedia":[{"embeddable":true,"href":"https:\/\/rafalk-elblag.pl\/index.php?rest_route=\/wp\/v2\/media\/6099"}],"wp:attachment":[{"href":"https:\/\/rafalk-elblag.pl\/index.php?rest_route=%2Fwp%2Fv2%2Fmedia&parent=6098"}],"wp:term":[{"taxonomy":"category","embeddable":true,"href":"https:\/\/rafalk-elblag.pl\/index.php?rest_route=%2Fwp%2Fv2%2Fcategories&post=6098"},{"taxonomy":"post_tag","embeddable":true,"href":"https:\/\/rafalk-elblag.pl\/index.php?rest_route=%2Fwp%2Fv2%2Ftags&post=6098"}],"curies":[{"name":"wp","href":"https:\/\/api.w.org\/{rel}","templated":true}]}}