{"id":6044,"date":"2026-01-24T21:24:27","date_gmt":"2026-01-24T21:24:27","guid":{"rendered":"https:\/\/rafalk-elblag.pl\/?p=6044"},"modified":"2026-01-24T21:24:27","modified_gmt":"2026-01-24T21:24:27","slug":"iii-niedziela-zwykla","status":"publish","type":"post","link":"https:\/\/rafalk-elblag.pl\/?p=6044","title":{"rendered":"III NIEDZIELA ZWYK\u0141A"},"content":{"rendered":"<p><img loading=\"lazy\" decoding=\"async\" class=\"aligncenter\" src=\"https:\/\/rafalk-elblag.pl\/wp-content\/uploads\/2025\/08\/biuletyn-graf.jpg\" width=\"552\" height=\"357\"><\/p>\n<h2 style=\"text-align: center;\"><span style=\"color: #008000;\"><strong>OKRES ZWYK\u0141Y W KO\u015aCIELE<\/strong><\/span><\/h2>\n<p>Okres Zwyk\u0142y \u2013 Jest to najd\u0142u\u017cszy okres liturgiczny, trwaj\u0105cy mi\u0119dzy 33 a 34 niedziel. Podzielony jest na dwie cz\u0119\u015bci. Pierwsza: kr\u00f3tsza (ok. 8-9 niedziel) trwa od niedzieli Chrztu Pa\u0144skiego do \u015arody Popielcowej za\u015b druga: od Niedzieli Zes\u0142ania Ducha \u015awi\u0119tego do I Niedzieli Adwentu.<\/p>\n<p>Rodzi si\u0119 zatem w\u0105tpliwo\u015b\u0107; po co nam Okres Zwyk\u0142y? Przecie\u017c tyle jest \u015bwi\u0105t i wspomnie\u0144, kt\u00f3re nale\u017ca\u0142oby zawrze\u0107 w roku ko\u015bcielnym. I w\u0142a\u015bnie. Tu kryje si\u0119 tajemnica Okresu Zwyk\u0142ego &#8211; jest on tak s\u0142abo poznany przez nas. A przecie\u017c w czasie tego okresu w liturgii wspominamy tylu \u015bwi\u0119tych, obchodzimy \u015bwi\u0119ta i uroczysto\u015bci Maryjne. Jest to czas kiedy g\u0142\u0119biej poznajemy \u017cycie Jezusa, jego dzia\u0142alno\u015b\u0107; g\u0142\u00f3wnie poprzez Liturgi\u0119 S\u0142owa. Tylko w\u00f3wczas, gdy dobrze j\u0105 zrozumiemy i odbierzemy, b\u0119dziemy mogli Go na\u015bladowa\u0107 tak, jak On tego chce.<\/p>\n<p>Okres Zwyk\u0142y oddziela niejako dwa najwa\u017cniejsze obchody Ko\u015bcio\u0142a: Narodzenie Chrystusa oraz Pasch\u0119 (Zmartwychwstanie Pa\u0144skie). I w\u0142a\u015bnie czas ten, tak\u017ce przez swoja d\u0142ugo\u015b\u0107, uczy nas pewnej t\u0119sknoty za wa\u017cnymi uroczysto\u015bciami. Wakacje, bo z tymi najcz\u0119\u015bciej kojarzy nam si\u0119 Okres Zwyk\u0142y, to pi\u0119kny czas, kt\u00f3ry mo\u017cna i warto po\u015bwi\u0119ci\u0107 na cz\u0119stsz\u0105 modlitw\u0119, kontemplacj\u0119 czy lektur\u0119 Pisma \u015awi\u0119tego; nie tylko w murach ko\u015bcio\u0142a, ale w\u0142a\u015bnie w otoczeniu przyrody; na urlopie, wakacjach, rekolekcjach.<br \/>\nTo okres, kt\u00f3rego nie mo\u017cna zmarnowa\u0107 s\u0105dz\u0105c, i\u017c odpoczywamy od Boga! Przecie\u017c On &#8211; sam B\u00f3g od nas nie odpoczywa. Czy\u017c nie czuwa nad nami na g\u00f3rskich szlakach, w falach morza i w czasie podr\u00f3\u017cy? W\u0142a\u015bnie w takich sytuacjach mo\u017cemy da\u0107 pi\u0119kne i \u017cywe \u015bwiadectwo wiary, kt\u00f3re polega na spe\u0142nianiu Jego woli i okazywaniu przynale\u017cno\u015bci do Jego Ko\u015bcio\u0142a w ka\u017cdym miejscu<br \/>\ni w ka\u017cdym czasie. Okres Zwyk\u0142y w ci\u0105gu roku to swego rodzaju &#8222;szko\u0142a samodzielno\u015bci praktyk religijnych&#8221;.<br \/>\nNie prze\u015bpijmy Okresu Zwyk\u0142ego.<\/p>\n<p><img loading=\"lazy\" decoding=\"async\" class=\"aligncenter\" src=\"https:\/\/rafalk-elblag.pl\/wp-content\/uploads\/2025\/08\/ogl-graf.png\" width=\"553\" height=\"261\"><\/p>\n<h2 style=\"text-align: center;\"><span style=\"color: #008000;\"><strong>OG\u0141OSZENIA PARAFIALNE&nbsp; 25.01.2026 r.<\/strong><\/span><\/h2>\n<h2 style=\"text-align: center;\"><strong>III NIEDZIELA ZWYK\u0141A<\/strong><\/h2>\n<ol>\n<li>Dzisiaj Wolontariusze Caritas zbieraj\u0105 przed ko\u015bcio\u0142em ofiary dla najubo\u017cszych i potrzebuj\u0105cych z naszej parafii<em>. Po Mszy \u015bw. o godz. 15:00 spotkanie comiesi\u0119czne w salce na plebanii dla Apostolatu Bo\u017cego Mi\u0142osierdzia i Woluntariuszy Caritas\u2013 serdecznie zapraszam.&nbsp; <\/em><\/li>\n<li><strong>W tym tygodniu zako\u0144czymy wizyty duszpasterskie w naszej parafii.<\/strong> Kol\u0119da rozpoczyna od godz. 16:00.<em> Program kol\u0119dy znajdziemy w Biuletynie Parafialnym. <\/em><em><u>Rodziny, kt\u00f3re nie mog\u0142y przyj\u0105\u0107 kap\u0142ana w wyznaczonym dla nich czasie, a pragn\u0105 by kol\u0119da w ich domu si\u0119 odby\u0142a prosimy o zapisanie si\u0119 w zakrystii. Do tych rodzin udamy si\u0119 31 stycznia br. od godz. 16:00.<\/u><\/em><\/li>\n<li>Pod ch\u00f3rem znajduje si\u0119 naczynie z <strong>WOD\u0104 \u015aWIECON\u0104<\/strong>. Prosz\u0119 o zaopatrzenie si\u0119 w te wod\u0119 do po\u015bwiecenia mieszkania podczas kol\u0119dy.<\/li>\n<li><strong>INFORMUJEMY!!!! Do sta\u0142ego porz\u0105dku Mszy \u015bw. o godz. 8:00 i o godz. 18:00 wracamy od 2 lutego (poniedzia\u0142ek). Zapraszamy.<\/strong><\/li>\n<li>Zach\u0119camy do nabywania nowego numeru <strong>\u201eGo\u015bcia Niedzielnego\u201d <\/strong>z dodatkiem \u201eGo\u015b\u0107 Elbl\u0105ski\u201d w cenie 10 z\u0142.<\/li>\n<li><strong>W czwartek 29 stycznia br. na godz. 10:00 zapraszam ch\u0119tne osoby do pomocy przy rozbieraniu dekoracji \u015bwi\u0105tecznej ko\u015bcio\u0142a. <\/strong><\/li>\n<li>Za tydzie\u0144 pierwsza niedziela miesi\u0105ca, ofiary sk\u0142adane na tac\u0119 w tym dniu przeznaczone b\u0119d\u0105 na ogrzewanie naszego ko\u015bcio\u0142a. Prosimy wzi\u0105\u0107 pod uwag\u0119, \u017ce z powodu ataku zimy, ju\u017c ponad miesi\u0105c ko\u015bci\u00f3\u0142 jest ogrzewany bez przerwy. <em>Dzi\u0119kuj\u0119 za zrozumienie i z\u0142o\u017cone ofiary.<\/em><\/li>\n<li><strong>Na czas ferii zimowych &#8211; wszystkim dzieciom, m\u0142odzie\u017cy i nauczycielom \u017cyczymy na ten czas b\u0142ogos\u0142awie\u0144stwa Bo\u017cego, bezpiecznego i pe\u0142nego rado\u015bci wypoczynku. <\/strong><\/li>\n<li><strong>PROPOZYCJE PIELGRZYMEK W ROKU 2026 !!!PARAFIA ORGANIZUJE:<\/strong><\/li>\n<\/ol>\n<ul>\n<li>autokarow\u0105 pielgrzymk\u0119 do Niepokalanowa, \u015awi\u0119ty Krzy\u017c, Kielce, Sandomierz i nie tylko. Termin od 25 kwietnia do 28 kwietnia 2026 roku, cztery dni. Koszt ok. 1200 z\u0142.<\/li>\n<li>autokarow\u0105 pielgrzymk\u0119 do Medjugorie we wrze\u015bniu(21-28) 2026 roku.<\/li>\n<\/ul>\n<p>Koszt ok. 900 z\u0142 i 270 euro.<\/p>\n<ul>\n<li>samolotow\u0105 pielgrzymk\u0119 do Portugalii: Fatima, Lizbona, Porto<br \/>\nw pa\u017adzierniku2026 roku. <em>Zapisy i wi\u0119cej informacji u ks. Proboszcza. <\/em><\/li>\n<\/ul>\n<p><strong><em>Pomy\u015bl i zaplanuj ju\u017c dzi\u015b Tw\u00f3j wyjazd do tak wa\u017cnych i cudownych miejsc.<\/em><\/strong><\/p>\n<ol start=\"10\">\n<li>Pan powo\u0142a\u0142 do wieczno\u015bci:<\/li>\n<\/ol>\n<p><span style=\"color: #800080;\"><strong>\u015bp. Mari\u0119 CEMERZEWSK\u0104 lat 91 z ul. Sobieskiego<\/strong><\/span><\/p>\n<p><span style=\"color: #800080;\"><strong><em>DOBRY JEZU A NASZ PANIE DAJ JEJ WIECZNE SPOCZYWANIE.<\/em><\/strong><\/span><\/p>\n<h4><em><img loading=\"lazy\" decoding=\"async\" class=\"aligncenter\" src=\"https:\/\/rafalk-elblag.pl\/wp-content\/uploads\/2025\/08\/intencje-gragika.jpg\" width=\"552\" height=\"276\"><\/em><\/h4>\n<table width=\"721\">\n<tbody>\n<tr>\n<td colspan=\"2\" width=\"721\">\n<p style=\"text-align: center;\"><strong><br \/>\n<span style=\"color: #008000;\">III NIEDZIELA ZWYK\u0141A \/ 25 stycze\u0144 2026 \/ Mt 4, 12 \u2013 23&nbsp; <\/span><\/strong><\/p>\n<\/td>\n<\/tr>\n<tr>\n<td width=\"67\"><span style=\"color: #008000;\"><strong>8.00<\/strong><\/span><\/td>\n<td width=\"654\">Dzi\u0119kczynna w 80 rocznic\u0119 urodzin z pro\u015bb\u0105 o Bo\u017ce b\u0142ogos\u0142awie\u0144stwo, opiek\u0119 Matki Bo\u017cej Szkaplerznej i potrzebne \u0142aski na kolejne lata \u017cycia dla Ludwiki RADZISZEWSKIEJ<\/td>\n<\/tr>\n<tr>\n<td width=\"67\"><span style=\"color: #008000;\"><strong>8.00<\/strong><\/span><\/td>\n<td width=\"654\">Za zmar\u0142ych z rodziny MENDALKA \u2013 Antoniego, Pauliny, Piotra i Tadeusza<\/td>\n<\/tr>\n<tr>\n<td width=\"67\"><strong>10.00<\/strong><\/td>\n<td width=\"654\">\u015ap. Jana(m) BRALEWSKIEGO w 25 rocznic\u0119 \u015bmierci oraz Macieja BRALEWSKIEGO<\/td>\n<\/tr>\n<tr>\n<td width=\"67\"><span style=\"color: #008000;\"><strong>10.00<\/strong><\/span><\/td>\n<td width=\"654\">\u015ap. Mariana NARUSZEWICZA w 30 dniu po pogrzebie<\/td>\n<\/tr>\n<tr>\n<td width=\"67\"><span style=\"color: #008000;\"><strong>12.00<\/strong><\/span><\/td>\n<td width=\"654\"><span style=\"color: #ff0000;\"><strong>ZA PARAFIAN<\/strong><\/span><\/td>\n<\/tr>\n<tr>\n<td width=\"67\"><span style=\"color: #008000;\"><strong>15.00<\/strong><\/span><\/td>\n<td width=\"654\">\u015ap. Monik\u0119 MA\u0143SK\u0104 \u2013 25 msza gregoria\u0144ska<\/td>\n<\/tr>\n<tr>\n<td colspan=\"2\" width=\"721\">\n<p style=\"text-align: center;\"><span style=\"color: #0000ff;\"><strong>ADORACJA NAJ\u015aWI\u0118TSZEGO SAKRAMENTU OD 16:00 DO 18:00<\/strong><\/span><\/p>\n<\/td>\n<\/tr>\n<tr>\n<td width=\"67\"><span style=\"color: #008000;\"><strong>18.00<\/strong><\/span><\/td>\n<td width=\"654\">O Bo\u017ce b\u0142ogos\u0142awie\u0144stwo dla Miko\u0142aja z okazji urodzin oraz za rodzic\u00f3w<br \/>\ni rodze\u0144stwo o potrzebne \u0142aski<\/td>\n<\/tr>\n<tr>\n<td colspan=\"2\" width=\"721\">\n<p style=\"text-align: center;\"><span style=\"color: #008000;\"><strong>PONIEDZIA\u0141EK \/ 26 stycze\u0144 2026 \/ Mk 3, 22 \u2013 30<\/strong><\/span><\/p>\n<p style=\"text-align: center;\"><span style=\"color: #008000;\"><strong>WSPOMNIENIE \u015aW. BISKUP\u00d3W TYMOTEUSZA I TYTUSA<\/strong><\/span><\/p>\n<\/td>\n<\/tr>\n<tr>\n<td width=\"67\"><span style=\"color: #008000;\"><strong>8.00<\/strong><\/span><\/td>\n<td width=\"654\">\u015ap. J\u00f3zefa(m) CZESZEJKO \u2013 SOCHACKIEGO<\/td>\n<\/tr>\n<tr>\n<td width=\"67\"><span style=\"color: #008000;\"><strong>15.00<\/strong><\/span><\/td>\n<td width=\"654\">\u015ap. Monik\u0119 MA\u0143SK\u0104 \u2013 26 msza gregoria\u0144ska<\/td>\n<\/tr>\n<tr>\n<td colspan=\"2\" width=\"721\">\n<p style=\"text-align: center;\"><span style=\"color: #008000;\"><strong>WTOREK \/ 27 stycze\u0144 2026 \/&nbsp;&nbsp; Mk 3, 31 \u2013 35<\/strong><\/span><\/p>\n<p style=\"text-align: center;\"><span style=\"color: #008000;\"><strong>WSPOMNIENIE B\u0141. JERZEGO MATULEWICZA<\/strong><\/span><\/p>\n<\/td>\n<\/tr>\n<tr>\n<td width=\"67\"><span style=\"color: #008000;\"><strong>8.00<\/strong><\/span><\/td>\n<td width=\"654\">\u015ap. Mieczys\u0142awa(m) D\u0104BKOWSKIEGO w 29 rocznic\u0119 \u015bmierci i zmar\u0142ych z rodziny D\u0104BKOWSKICH<\/td>\n<\/tr>\n<tr>\n<td width=\"67\"><span style=\"color: #008000;\"><strong>15.00<\/strong><\/span><\/td>\n<td width=\"654\">\u015ap. Monik\u0119 MA\u0143SK\u0104 \u2013 27 msza gregoria\u0144ska<\/td>\n<\/tr>\n<tr>\n<td colspan=\"2\" width=\"721\">\n<p style=\"text-align: center;\"><span style=\"color: #008000;\"><strong>\u015aRODA \/ 28 stycze\u0144 2026 \/ Mk 4, 1 \u2013 20<\/strong><\/span><\/p>\n<p style=\"text-align: center;\"><span style=\"color: #008000;\"><strong>WSPOMNIENIE \u015aW. TOMASZA Z AKWINU, PREZBITERA I DOKTORA KO\u015aCIO\u0141A <\/strong><\/span><\/p>\n<\/td>\n<\/tr>\n<tr>\n<td width=\"67\"><span style=\"color: #008000;\"><strong>8.00<\/strong><\/span><\/td>\n<td width=\"654\">\u015ap. Monik\u0119 MA\u0143SK\u0104 \u2013 28 msza gregoria\u0144ska<\/td>\n<\/tr>\n<tr>\n<td width=\"67\"><span style=\"color: #008000;\"><strong>15.00<\/strong><\/span><\/td>\n<td width=\"654\">O zdrowie Bo\u017ce b\u0142ogos\u0142awie\u0144stwo, potrzebne \u0142aski dla Wies\u0142awy(k) i Sebastiana oraz dla Miko\u0142aja S\u0118K<\/td>\n<\/tr>\n<tr>\n<td width=\"67\"><span style=\"color: #008000;\"><strong>15.00<\/strong><\/span><\/td>\n<td width=\"654\">\u015ap. Janin\u0119 i Jerzego RYBCZY\u0143SKICH w 39 rocznic\u0119 \u015bmierci<\/td>\n<\/tr>\n<tr>\n<td colspan=\"2\" width=\"721\">\n<p style=\"text-align: center;\"><span style=\"color: #008000;\"><strong>CZWARTEK \/ 29 stycznia 2026 \/ Mk 4, 21 \u2013 25<\/strong><\/span><\/p>\n<\/td>\n<\/tr>\n<tr>\n<td width=\"67\"><span style=\"color: #008000;\"><strong>8.00<\/strong><\/span><\/td>\n<td width=\"654\">\u015ap. Jerzego w 6 rocznic\u0119 \u015bmierci<\/td>\n<\/tr>\n<tr>\n<td width=\"67\"><span style=\"color: #008000;\"><strong>15.00<\/strong><\/span><\/td>\n<td width=\"654\">\u015ap. Monik\u0119 MA\u0143SK\u0104 \u2013 29 msza gregoria\u0144ska<\/td>\n<\/tr>\n<tr>\n<td colspan=\"2\" width=\"721\">\n<p style=\"text-align: center;\"><span style=\"color: #008000;\"><strong>PI\u0104TEK \/ 30 stycze\u0144 2026 \/ Mk 4, 26 \u2013 34<\/strong><\/span><\/p>\n<\/td>\n<\/tr>\n<tr>\n<td width=\"67\"><span style=\"color: #008000;\"><strong>8.00<\/strong><\/span><\/td>\n<td width=\"654\">O Bo\u017ce b\u0142ogos\u0142awie\u0144stwo, opiek\u0119 Matki Bo\u017cej Szkaplerznej dla Macieja z okazji<br \/>\n40 rocznicy urodzin z pro\u015bb\u0105 o Bo\u017ce b\u0142ogos\u0142awie\u0144stwo dla Jubilata i Jego rodziny<\/td>\n<\/tr>\n<tr>\n<td width=\"67\"><span style=\"color: #008000;\"><strong>15.00<\/strong><\/span><\/td>\n<td width=\"654\">\u015ap. Monik\u0119 MA\u0143SK\u0104 \u2013 30 msza gregoria\u0144ska<\/td>\n<\/tr>\n<tr>\n<td width=\"67\"><span style=\"color: #008000;\"><strong>15.00<\/strong><\/span><\/td>\n<td width=\"654\">\u015ap. Ryszarda(m) KLACH w 3 rocznic\u0119 \u015bmierci<\/td>\n<\/tr>\n<tr>\n<td colspan=\"2\" width=\"721\">\n<p style=\"text-align: center;\"><span style=\"color: #008000;\"><strong>SOBOTA \/ 31 stycze\u0144 2026 \/ Mk 4, 35 \u2013 41 <\/strong><\/span><\/p>\n<p style=\"text-align: center;\"><span style=\"color: #008000;\"><strong>WSPOMNIENIE \u015aW. JANA BOSKO, PREZBITERA <\/strong><\/span><\/p>\n<\/td>\n<\/tr>\n<tr>\n<td width=\"67\"><span style=\"color: #008000;\"><strong>8.00<\/strong><\/span><\/td>\n<td width=\"654\">O Bo\u017ce b\u0142ogos\u0142awie\u0144stwo, potrzebne \u0142aski i opiek\u0119 Matki Bo\u017cej dla Marty, Agnieszki i&nbsp; Micha\u0142a z okazji urodzin<\/td>\n<\/tr>\n<tr>\n<td width=\"67\"><span style=\"color: #008000;\"><strong>15.00<\/strong><\/span><\/td>\n<td width=\"654\">\u015ap. Henryka(m) SINKIEWICZ w 15 rocznic\u0119 \u015bmierci<\/td>\n<\/tr>\n<tr>\n<td width=\"67\"><span style=\"color: #008000;\"><strong>15.00<\/strong><\/span><\/td>\n<td width=\"654\">\u015ap. Jana(m) KR\u00d3L w 5 rocznic\u0119 \u015bmierci oraz zmar\u0142ych z rodzin: KR\u00d3L i SZERASZEWICZ<\/td>\n<\/tr>\n<tr>\n<td colspan=\"2\" width=\"721\">\n<p style=\"text-align: center;\"><span style=\"color: #008000;\"><strong>IV NIEDZIELA ZWYK\u0141A \/ 1 luty 2026 \/ Mt 5, 1 \u2013 12a&nbsp; <\/strong><\/span><\/p>\n<\/td>\n<\/tr>\n<tr>\n<td width=\"67\"><span style=\"color: #008000;\"><strong>8.00<\/strong><\/span><\/td>\n<td width=\"654\">O do\u015bwiadczenie Bo\u017cej mi\u0142o\u015bci i przemian\u0119 serca, uzdrowienie relacji, powr\u00f3t do Boga dla Karoliny i Oskara, Sebastiana i Natalii<\/td>\n<\/tr>\n<tr>\n<td width=\"67\"><span style=\"color: #008000;\"><strong>10.00<\/strong><\/span><\/td>\n<td width=\"654\">\u015ap. Adama RASZKOWSKIEG \u2013 1 msza gregoria\u0144ska<\/td>\n<\/tr>\n<tr>\n<td width=\"67\"><span style=\"color: #008000;\"><strong>10.00<\/strong><\/span><\/td>\n<td width=\"654\">Dzi\u0119kczynna w 60 rocznic\u0119 \u015blubu Teresy i Floriana KASZUBOWSKICH z pro\u015bb\u0105 o Bo\u017ce b\u0142ogos\u0142awie\u0144stwo i potrzebne \u0142aski dla Jubilat\u00f3w<\/td>\n<\/tr>\n<tr>\n<td width=\"67\"><span style=\"color: #008000;\"><strong>12.00<\/strong><\/span><\/td>\n<td width=\"654\"><span style=\"color: #ff0000;\"><strong>ZA PARAFIAN<\/strong><\/span><\/td>\n<\/tr>\n<tr>\n<td width=\"67\"><span style=\"color: #008000;\"><strong>15.00<\/strong><\/span><\/td>\n<td width=\"654\">\u015ap. Janin\u0119 PASTUSZKA w 9 rocznic\u0119 \u015bmierci oraz zmar\u0142ych Jana, Zbigniewa, Tadeusza, Wojciecha i zmar\u0142ych z rodziny PASTUSZKA<\/td>\n<\/tr>\n<tr>\n<td width=\"67\"><span style=\"color: #008000;\"><strong>18.00<\/strong><\/span><\/td>\n<td width=\"654\">\u015ap. Wojciecha JAKUBOWSKIEGO i zmar\u0142ych z rodziny<\/td>\n<\/tr>\n<\/tbody>\n<\/table>\n<p>&nbsp;<\/p>\n<p><em><u>&nbsp;<\/u><\/em><\/p>\n","protected":false},"excerpt":{"rendered":"<p>OKRES ZWYK\u0141Y W KO\u015aCIELE Okres Zwyk\u0142y \u2013 Jest to najd\u0142u\u017cszy okres liturgiczny, trwaj\u0105cy mi\u0119dzy 33 a 34 niedziel. Podzielony jest na dwie cz\u0119\u015bci. Pierwsza: kr\u00f3tsza (ok. 8-9 niedziel) trwa od niedzieli Chrztu Pa\u0144skiego do \u015arody Popielcowej za\u015b druga: od Niedzieli Zes\u0142ania Ducha \u015awi\u0119tego do I Niedzieli Adwentu. Rodzi si\u0119 zatem w\u0105tpliwo\u015b\u0107; po co nam Okres [&hellip;]<\/p>\n","protected":false},"author":1,"featured_media":6045,"comment_status":"closed","ping_status":"closed","sticky":false,"template":"","format":"standard","meta":{"ngg_post_thumbnail":0,"footnotes":""},"categories":[11,8,4,3],"tags":[],"class_list":["post-6044","post","type-post","status-publish","format-standard","has-post-thumbnail","hentry","category-aktualnosci","category-blog","category-intencje","category-ogloszenia"],"_links":{"self":[{"href":"https:\/\/rafalk-elblag.pl\/index.php?rest_route=\/wp\/v2\/posts\/6044","targetHints":{"allow":["GET"]}}],"collection":[{"href":"https:\/\/rafalk-elblag.pl\/index.php?rest_route=\/wp\/v2\/posts"}],"about":[{"href":"https:\/\/rafalk-elblag.pl\/index.php?rest_route=\/wp\/v2\/types\/post"}],"author":[{"embeddable":true,"href":"https:\/\/rafalk-elblag.pl\/index.php?rest_route=\/wp\/v2\/users\/1"}],"replies":[{"embeddable":true,"href":"https:\/\/rafalk-elblag.pl\/index.php?rest_route=%2Fwp%2Fv2%2Fcomments&post=6044"}],"version-history":[{"count":1,"href":"https:\/\/rafalk-elblag.pl\/index.php?rest_route=\/wp\/v2\/posts\/6044\/revisions"}],"predecessor-version":[{"id":6046,"href":"https:\/\/rafalk-elblag.pl\/index.php?rest_route=\/wp\/v2\/posts\/6044\/revisions\/6046"}],"wp:featuredmedia":[{"embeddable":true,"href":"https:\/\/rafalk-elblag.pl\/index.php?rest_route=\/wp\/v2\/media\/6045"}],"wp:attachment":[{"href":"https:\/\/rafalk-elblag.pl\/index.php?rest_route=%2Fwp%2Fv2%2Fmedia&parent=6044"}],"wp:term":[{"taxonomy":"category","embeddable":true,"href":"https:\/\/rafalk-elblag.pl\/index.php?rest_route=%2Fwp%2Fv2%2Fcategories&post=6044"},{"taxonomy":"post_tag","embeddable":true,"href":"https:\/\/rafalk-elblag.pl\/index.php?rest_route=%2Fwp%2Fv2%2Ftags&post=6044"}],"curies":[{"name":"wp","href":"https:\/\/api.w.org\/{rel}","templated":true}]}}