{"id":6039,"date":"2026-01-16T22:27:44","date_gmt":"2026-01-16T22:27:44","guid":{"rendered":"https:\/\/rafalk-elblag.pl\/?p=6039"},"modified":"2026-01-16T22:27:44","modified_gmt":"2026-01-16T22:27:44","slug":"ii-niedziela-zwykla","status":"publish","type":"post","link":"https:\/\/rafalk-elblag.pl\/?p=6039","title":{"rendered":"II NIEDZIELA ZWYK\u0141A"},"content":{"rendered":"<p><img loading=\"lazy\" decoding=\"async\" class=\"aligncenter\" src=\"https:\/\/rafalk-elblag.pl\/wp-content\/uploads\/2025\/08\/biuletyn-graf.jpg\" width=\"552\" height=\"357\"><\/p>\n<p><strong>\u201eJedno cia\u0142o. Jeden Duch. Jedna nadzieja\u201d \u2013 pod tym has\u0142em, zaczerpni\u0119tym z Listu do Efezjan (Ef 4,4),<br \/>\nw dniach 18\u201325 stycznia 2026 r. obchodzony b\u0119dzie Tydzie\u0144 Modlitw o Jedno\u015b\u0107 Chrze\u015bcijan. <\/strong><\/p>\n<p>Tydzie\u0144 Modlitw o Jedno\u015b\u0107 Chrze\u015bcijan jest szczeg\u00f3lnym czasem wsp\u00f3lnej modlitwy, refleksji i spotkania uczni\u00f3w Chrystusa r\u00f3\u017cnych wyzna\u0144. W 2026 roku centrum rozwa\u017ca\u0144 stanowi fragment Listu \u015bw. Paw\u0142a do Efezjan (Ef 4,1\u201313), ukazuj\u0105cy Ko\u015bci\u00f3\u0142 jako jedno Cia\u0142o, o\u017cywiane przez jednego Ducha i zmierzaj\u0105ce ku jednej nadziei.&nbsp;<\/p>\n<p>&nbsp;<\/p>\n<h2 style=\"text-align: center;\"><span style=\"color: #008000;\"><strong>PROGRAM W DIECEZJI ELBL\u0104SKIEJ<\/strong><\/span><\/h2>\n<p><span style=\"color: #008000;\"><strong>17 stycznia &#8211; sobota \u2013 godz. 15.30<\/strong><\/span>&nbsp;&#8211; Ko\u015bci\u00f3\u0142 Zielono\u015bwi\u0105tkowy we Fromborku, ul. Elbl\u0105ska 38 \u2013 spotkanie ekumeniczne -gospodarz pastor prezbiter Wojciech Gajewski \u2013 wyk\u0142ad prof. Marcin Majewski, Ko\u015bci\u00f3\u0142 Rzymskokatolicki<\/p>\n<p><span style=\"color: #008000;\"><strong>18 stycznia &#8211; niedziela &#8211; godz. 18.00<\/strong><\/span>&nbsp;&#8211; Katedra Elbl\u0105ska, ul. Mostowa 18 \u2013 uroczysta Msza \u015bwi\u0119ta z intencji jedno\u015bci chrze\u015bcijan po przewodnictwem Biskupa Elbl\u0105skiego Wojciecha Skibickiego z udzia\u0142em Go\u015bci Ekumenicznych z Ko\u015bcio\u0142\u00f3w Prawos\u0142awnego, Ewangelicko-Augsburskiego, Zielono\u015bwi\u0105tkowego, Polskokatolickiego i bratniego Ko\u015bcio\u0142a Greckokatolickiego<\/p>\n<p><span style=\"color: #008000;\"><strong>20 stycznia \u2013 wtorek \u2013 godz. 18.00<\/strong><\/span>&nbsp;&#8211; Parafia Rzymskokatolicka pw. \u015bw. Antoniego z Padwy<br \/>\nw Miko\u0142ajkach Pomorskich, ul. Ko\u015bciuszki 22 \u2013 nabo\u017ce\u0144stwo ekumeniczne pod przewodnictwem bpa Jacka Jezierskiego. Gospodarz: ks. prob. kan. Miros\u0142aw Mazur<\/p>\n<p><span style=\"color: #008000;\"><strong>24 stycznia \u2013 sobota \u2013 godz. 17.00<\/strong><\/span>&nbsp;&#8211; Parafia Rzymskokatolicka pw. \u015bw. Jana Chrzciciela w Szymonowie \u2013 nabo\u017ce\u0144stwo ekumeniczne pod przewodnictwem bpa Jacka Jezierskiego . Gospodarz: ks. prob. Marcin Rusiecki<\/p>\n<p><span style=\"color: #008000;\"><strong>1 lutego \u2013 niedziela \u2013 godz. 17.00<\/strong><\/span>&nbsp;\u2013 Msza \u015bw. w Ko\u015bciele Polskokatolickim, parafia pw. Dobrego Pasterza w Elbl\u0105gu, ul. Warszawska 10 z udzia\u0142em bpa Jacka Jezierskiego. Gospodarz: ks. Kazimierz Klaban<\/p>\n<p><img loading=\"lazy\" decoding=\"async\" class=\"aligncenter\" src=\"https:\/\/rafalk-elblag.pl\/wp-content\/uploads\/2025\/08\/ogl-graf.png\" width=\"553\" height=\"261\"><\/p>\n<h2 style=\"text-align: center;\"><span style=\"color: #008000;\"><strong>OG\u0141OSZENIA PARAFIALNE&nbsp; 18.01.2026 r.<\/strong><\/span><\/h2>\n<h2 style=\"text-align: center;\"><span style=\"color: #008000;\"><strong>II NIEDZIELA ZWYK\u0141A<\/strong><\/span><\/h2>\n<p><strong>&nbsp;<\/strong><\/p>\n<ol>\n<li>Zapraszamy dzisiaj na Adoracj\u0119 Naj\u015bwi\u0119tszego Sakramentu od godz. 16:00 do 18:00. <strong><em>Przyjd\u017a i oddaj Panu Bogu rozpocz\u0119ty Nowy Rok 2026.<\/em><\/strong><\/li>\n<li>Wsp\u00f3lnota Odnowy w Duchu \u015awi\u0119tym <strong>\u201eKANA GALILEJSKA\u201d<\/strong> obchodzi dzisiaj 28 rocznic\u0119 istnienia przy naszej parafii. Wsp\u00f3lnota podczas Mszy \u015bw. o godz. 12:00,&nbsp; b\u0119dzie dzi\u0119kowa\u0107 Panu Bogu za wszelkie \u0142aski i dary Ducha \u015awi\u0119tego w tym czasie otrzymane.<\/li>\n<li>Od 18 stycznia (niedziela) rozpoczyna si\u0119 w ko\u015bciele <strong>TYDZIE\u0143 MODLITW O JEDNO\u015a\u0106 CHRZE\u015aCIJAN.<\/strong> Zach\u0119camy wszystkich do wsp\u00f3lnej modlitwy. <strong>Wi\u0119cej informacji na ten temat znajdziemy w naszym Biuletynie.<\/strong><\/li>\n<li>Trwa wizyta duszpasterska w naszej parafii. W tym tygodniu kol\u0119d\u0119 rozpoczynamy od godz. 16:00. <strong>Grafik kol\u0119dy znajdziemy w Biuletynie. <\/strong>W trakcie kol\u0119dy podczas Mszy \u015bw. o godz. 8:00 i o godz. 15:00 polecamy rodziny do kt\u00f3rych udamy si\u0119 z Wizyt\u0105 Duszpastersk\u0105. Zapraszamy do wsp\u00f3lnej modlitwy.<\/li>\n<li>Pragn\u0119 poinformowa\u0107 \u017ce pod ch\u00f3rem znajduje si\u0119 naczynie z <strong>WOD\u0104 \u015aWI\u0118CON\u0104<\/strong>. Prosz\u0119 o zaopatrzenie si\u0119 w te wod\u0119 do po\u015bwiecenia mieszkania podczas kol\u0119dy.<\/li>\n<li>W tradycji przyj\u0119te jest, \u017ce podczas kol\u0119dy ministranci i lektorzy otrzymuj\u0105 dobrowolne ofiary jako wyraz wdzi\u0119czno\u015bci za pos\u0142ug\u0119 przy O\u0142tarzu Pa\u0144skim. Zebrane ofiary przeznaczone b\u0119d\u0105 na ich wsp\u00f3lny wyjazd. <em>Za okazane dobro dzi\u0119kujemy!<\/em><\/li>\n<li>W \u015brod\u0119 prze\u017cywa\u0107 b\u0119dziemy <strong>DZIE\u0143 BABCI a w czwartek DZIE\u0143 DZIADKA.<\/strong> Pami\u0119tajmy o nich w naszych modlitwach \u2013 pro\u015bmy dla \u017cyj\u0105cych o zdrowie i Bo\u017ce b\u0142ogos\u0142awie\u0144stwo, dla zmar\u0142ych \u2013 o \u017cycie wieczne w niebie.<\/li>\n<li>Za tydzie\u0144 Wolontariusze Caritas zbiera\u0107 b\u0119d\u0105 przed ko\u015bcio\u0142em ofiary dla najubo\u017cszych i potrzebuj\u0105cych z naszej parafii<em>.&nbsp; Parafialny Oddzia\u0142 Caritas naszej parafii znajduje si\u0119 przy ul. Myliusa 1A i jest czynny w I i III czwartek miesi\u0105ca od 16:00 do 17:00.<\/em><\/li>\n<\/ol>\n<p>Spotkanie co miesi\u0119czne dla Apostolatu Bo\u017cego Mi\u0142osierdzia i Woluntariuszy Caritas odb\u0119dzie si\u0119 za tydzie\u0144 tj. 25 stycznia po Mszy \u015bw. o godz. 15:00. Zapraszamy.<\/p>\n<ol start=\"9\">\n<li><strong>Stowarzyszenie KARAN<\/strong> zaprasza do wsp\u00f3lnej modlitwy w trzeci\u0105 niedziel\u0119 miesi\u0105ca. <strong><em>Najbli\u017csza Msza \u015bw. w niedziel\u0119 18 stycznia o godz. 16:00, w ko\u015bciele Bo\u017cego Cia\u0142a, ul. Robotnicza 29 w Elbl\u0105gu. Po Eucharystii spotkanie op\u0142atkowe.<\/em><\/strong><\/li>\n<li><em><u>Rodziny, kt\u00f3re nie mog\u0142y przyj\u0105\u0107 kap\u0142ana w wyznaczonym dla nich czasie, a pragn\u0105 by kol\u0119da w ich domu si\u0119 odby\u0142a prosimy o zapisanie si\u0119 w zakrystii. Do tych rodzin udamy si\u0119 w sobot\u0119 31 stycznia br. od godz. 16:00.&nbsp; <\/u><\/em><\/li>\n<li><em>PROSIMY O ZAMYKANIE DRZWI PRZY WCHODZENIU I WYCHODZENIU Z KO\u015aCIO\u0141A PONIEWA\u017b KO\u015aCI\u00d3\u0141 JEST OGRZEWANY.&nbsp;&nbsp; <strong>DZI\u0118KUJEMY.<\/strong><\/em><\/li>\n<li>Pan powo\u0142a\u0142 do wieczno\u015bci: \u015bp. Jaros\u0142awa GO\u0141\u0118BIOWSKIEGO lat 76 z ul. Korczaka<\/li>\n<\/ol>\n<h2 style=\"text-align: center;\"><span style=\"color: #800080;\">&nbsp;&nbsp;&nbsp;&nbsp;&nbsp;&nbsp;&nbsp;&nbsp;&nbsp;&nbsp;&nbsp;&nbsp;&nbsp;&nbsp;&nbsp;&nbsp;&nbsp;&nbsp;&nbsp;&nbsp;&nbsp;&nbsp;&nbsp;&nbsp;&nbsp;&nbsp;&nbsp;&nbsp;&nbsp;&nbsp;&nbsp;&nbsp;&nbsp;&nbsp;&nbsp;&nbsp;&nbsp;&nbsp;&nbsp;&nbsp;&nbsp;&nbsp;&nbsp;&nbsp;&nbsp;&nbsp;&nbsp; \u015bp. Waldemara MI\u0141OSZA lat 70 z ul. Brzechwy<\/span><\/h2>\n<table width=\"660\">\n<tbody>\n<tr>\n<td width=\"660\">\n<h2 style=\"text-align: center;\"><span style=\"color: #0000ff;\"><strong>Numer Konta Parafialnego<\/strong><\/span><\/h2>\n<h2 style=\"text-align: center;\"><span style=\"color: #0000ff;\"><strong>PKO BP 72 1020 1752 0000 0102 0069 6047<\/strong><\/span><\/h2>\n<\/td>\n<\/tr>\n<\/tbody>\n<\/table>\n<h4><em><img loading=\"lazy\" decoding=\"async\" class=\"aligncenter\" src=\"https:\/\/rafalk-elblag.pl\/wp-content\/uploads\/2025\/08\/intencje-gragika.jpg\" width=\"552\" height=\"276\"><\/em><\/h4>\n<table width=\"721\">\n<tbody>\n<tr>\n<td colspan=\"2\" width=\"721\">\n<h2 style=\"text-align: center;\"><strong><br \/>\n<span style=\"color: #008000;\">II NIEDZIELA ZWYK\u0141A \/ 18 stycze\u0144 2026 \/ J 1, 29 \u2013 34&nbsp; <\/span><\/strong><\/h2>\n<\/td>\n<\/tr>\n<tr>\n<td width=\"67\"><span style=\"color: #008000;\"><strong>8.00<\/strong><\/span><\/td>\n<td width=\"654\">\u015ap. Monik\u0119 MA\u0143SK\u0104 \u2013 18 msza gregoria\u0144ska<\/td>\n<\/tr>\n<tr>\n<td width=\"67\"><span style=\"color: #008000;\"><strong>10.00<\/strong><\/span><\/td>\n<td width=\"654\">Dzi\u0119kczynna w 35 rocznic\u0119 \u015blubu Bogumi\u0142y i Zbigniewa TROCZEK z pro\u015bb\u0105 o Bo\u017ce b\u0142ogos\u0142awie\u0144stwo i potrzebne \u0142aski dla czcigodnych Jubilat\u00f3w<\/td>\n<\/tr>\n<tr>\n<td width=\"67\"><span style=\"color: #008000;\"><strong>10.00<\/strong><\/span><\/td>\n<td width=\"654\">\u015ap. Beat\u0119 JARGI\u0141O w 1 rocznic\u0119 \u015bmierci<\/td>\n<\/tr>\n<tr>\n<td width=\"67\"><span style=\"color: #008000;\"><strong>12.00<\/strong><\/span><\/td>\n<td width=\"654\">Dzi\u0119kczynna w 28 rocznic\u0119 powstania wsp\u00f3lnoty Odnowy w Duchu \u015awi\u0119tym \u201eKana Galilejska\u201d przy naszej parafii z pro\u015bb\u0105 o potrzebne dary Ducha \u015awi\u0119tego dla ksi\u0119dza opiekuna, liderki i ca\u0142ej wsp\u00f3lnoty<\/td>\n<\/tr>\n<tr>\n<td width=\"67\"><span style=\"color: #008000;\"><strong>15.00<\/strong><\/span><\/td>\n<td width=\"654\">\u015ap. Andrzeja KLECHA w 4 rocznic\u0119 \u015bmierci i zmar\u0142ych z rodzin: KLECHA, MI\u0143KIEWICZ i KUBISIAK<\/td>\n<\/tr>\n<tr>\n<td colspan=\"2\" width=\"721\">\n<h4 style=\"text-align: center;\"><span style=\"color: #0000ff;\"><strong>ADORACJA NAJ\u015aWI\u0118TSZEGO SAKRAMENTU OD 16:00 DO 18:00<\/strong><\/span><\/h4>\n<\/td>\n<\/tr>\n<tr>\n<td width=\"67\"><span style=\"color: #008000;\"><strong>18.00<\/strong><\/span><\/td>\n<td width=\"654\">\u015ap. Dorot\u0119 GAPYS w 27 rocznic\u0119 \u015bmierci<\/td>\n<\/tr>\n<tr>\n<td colspan=\"2\" width=\"721\">\n<h2 style=\"text-align: center;\"><span style=\"color: #008000;\"><strong>PONIEDZIA\u0141EK \/ 19 stycze\u0144 2026 \/ Mk 2, 18 \u2013 22<\/strong><\/span><\/h2>\n<\/td>\n<\/tr>\n<tr>\n<td width=\"67\"><span style=\"color: #008000;\"><strong>8.00<\/strong><\/span><\/td>\n<td width=\"654\">\u015ap. Monik\u0119 MA\u0143SK\u0104 \u2013 19 msza gregoria\u0144ska<\/td>\n<\/tr>\n<tr>\n<td width=\"67\"><span style=\"color: #008000;\"><strong>15.00<\/strong><\/span><\/td>\n<td width=\"654\">\u015ap. Wies\u0142aw\u0119(k) KIE\u0141BASA w 30 dniu po pogrzebie<\/td>\n<\/tr>\n<tr>\n<td width=\"67\"><span style=\"color: #008000;\"><strong>15.00<\/strong><\/span><\/td>\n<td width=\"654\">\u015ap. Wies\u0142awa(m) WOJSZNIS w 31 rocznic\u0119 \u015bmierci<\/td>\n<\/tr>\n<tr>\n<td colspan=\"2\" width=\"721\">\n<h2 style=\"text-align: center;\"><span style=\"color: #008000;\"><strong>WTOREK \/ 20 stycze\u0144 2026 \/&nbsp;&nbsp; Mk 2, 23 \u2013 28<\/strong><\/span><\/h2>\n<\/td>\n<\/tr>\n<tr>\n<td width=\"67\"><span style=\"color: #008000;\"><strong>8.00<\/strong><\/span><\/td>\n<td width=\"654\">\u015ap. Monik\u0119 MA\u0143SK\u0104 \u2013 20 msza gregoria\u0144ska<\/td>\n<\/tr>\n<tr>\n<td width=\"67\"><span style=\"color: #008000;\"><strong>15.00<\/strong><\/span><\/td>\n<td width=\"654\">O Bo\u017ce b\u0142ogos\u0142awie\u0144stwo opiek\u0119 Matki Bo\u017cej i Bo\u017ce prowadzenie, przemian\u0119 \u017cycia i serca dla Sebastiana i \u0142ask\u0119 nawr\u00f3cenia<\/td>\n<\/tr>\n<tr>\n<td colspan=\"2\" width=\"721\">\n<h2 style=\"text-align: center;\"><span style=\"color: #008000;\"><strong>\u015aRODA \/ 21 stycze\u0144 2026 \/ Mk 3, 1 \u2013 6<\/strong><\/span><\/h2>\n<h4 style=\"text-align: center;\"><span style=\"color: #008000;\"><strong>WSPOMNIENIE \u015aW. AGNIESZKI \u2013 DZIEWICY I M\u0118CZENNICY <\/strong><\/span><\/h4>\n<\/td>\n<\/tr>\n<tr>\n<td width=\"67\"><span style=\"color: #008000;\"><strong>8.00<\/strong><\/span><\/td>\n<td width=\"654\">\u015ap. Karola WI\u015aNIEWSKIEGO w 17 rocznic\u0119 \u015bmierci i zmar\u0142ych z rodzin: WI\u015aNIEWSKICH i FILAR<\/td>\n<\/tr>\n<tr>\n<td width=\"67\"><span style=\"color: #008000;\"><strong>15.00<\/strong><\/span><\/td>\n<td width=\"654\">\u015ap. Monik\u0119 MA\u0143SK\u0104 \u2013 21 msza gregoria\u0144ska<\/td>\n<\/tr>\n<tr>\n<td width=\"67\"><span style=\"color: #008000;\"><strong>15.00<\/strong><\/span><\/td>\n<td width=\"654\">\u015ap. Danut\u0119 CHY\u0141A w 1 rocznic\u0119 \u015bmierci<\/td>\n<\/tr>\n<tr>\n<td colspan=\"2\" width=\"721\">\n<h2 style=\"text-align: center;\"><span style=\"color: #008000;\"><strong>CZWARTEK \/ 22 stycznia 2026 \/ Mk 3, 7 \u2013 12<\/strong><\/span><\/h2>\n<\/td>\n<\/tr>\n<tr>\n<td width=\"67\"><span style=\"color: #008000;\"><strong>8.00<\/strong><\/span><\/td>\n<td width=\"654\">\u015ap. J\u00f3zefa(m) GRACZYK w 1 rocznic\u0119 \u015bmierci<\/td>\n<\/tr>\n<tr>\n<td width=\"67\"><span style=\"color: #008000;\"><strong>15.00<\/strong><\/span><\/td>\n<td width=\"654\">\u015ap. Monik\u0119 MA\u0143SK\u0104 \u2013 22 msza gregoria\u0144ska<\/td>\n<\/tr>\n<tr>\n<td colspan=\"2\" width=\"721\">\n<h2 style=\"text-align: center;\"><span style=\"color: #008000;\"><strong>PI\u0104TEK \/ 23 stycze\u0144 2026 \/ Mk 3, 13 \u2013 19<\/strong><\/span><\/h2>\n<h4 style=\"text-align: center;\"><span style=\"color: #008000;\"><strong>WSPOMNIENIE \u015aW. WINCENTEGO PALLOTTIEGO &#8211; PREZBITERA <\/strong><\/span><\/h4>\n<\/td>\n<\/tr>\n<tr>\n<td width=\"67\"><span style=\"color: #008000;\"><strong>8.00<\/strong><\/span><\/td>\n<td width=\"654\">\u015ap. Stanis\u0142awa(m) D\u0104BROWSKIEGO w 5 rocznic\u0119 \u015bmierci i zmar\u0142ych<br \/>\nz rodziny<\/td>\n<\/tr>\n<tr>\n<td width=\"67\"><span style=\"color: #008000;\"><strong>15.00<\/strong><\/span><\/td>\n<td width=\"654\">\u015ap. Monik\u0119 MA\u0143SK\u0104 \u2013 23 msza gregoria\u0144ska<\/td>\n<\/tr>\n<tr>\n<td colspan=\"2\" width=\"721\">\n<h2 style=\"text-align: center;\"><span style=\"color: #008000;\"><strong>SOBOTA \/ 24 stycze\u0144 2026 \/ Mk 3, 20 \u2013 21 <\/strong><\/span><\/h2>\n<p style=\"text-align: center;\"><span style=\"color: #008000;\"><strong>WSPOMNIENIE \u015aW. FRANCISZKA SALEZEGO \u2013 BISKUPA I DOKTORA KO\u015aCIO\u0141A <\/strong><\/span><\/p>\n<\/td>\n<\/tr>\n<tr>\n<td width=\"67\"><span style=\"color: #008000;\"><strong>8.00<\/strong><\/span><\/td>\n<td width=\"654\">Dzi\u0119kczynna za miniony rok z pro\u015bb\u0105 o \u0142aski na kolejny rok dla ca\u0142ej rodziny BRZUSKA<\/td>\n<\/tr>\n<tr>\n<td width=\"67\"><span style=\"color: #008000;\"><strong>15.00<\/strong><\/span><\/td>\n<td width=\"654\">\u015ap. Monik\u0119 MA\u0143SK\u0104 \u2013 24 msza gregoria\u0144ska<\/td>\n<\/tr>\n<tr>\n<td colspan=\"2\" width=\"721\">\n<h2 style=\"text-align: center;\"><span style=\"color: #008000;\"><strong>III NIEDZIELA ZWYK\u0141A\/ 25 stycze\u0144 2026 \/Mt 4, 12\u201323&nbsp; <\/strong><\/span><\/h2>\n<\/td>\n<\/tr>\n<tr>\n<td width=\"67\"><span style=\"color: #008000;\"><strong>8.00<\/strong><\/span><\/td>\n<td width=\"654\">Dzi\u0119kczynna w 80 rocznic\u0119 urodzin z pro\u015bb\u0105 o Bo\u017ce b\u0142ogos\u0142awie\u0144stwo, opiek\u0119 Matki Bo\u017cej Szkaplerznej i potrzebne \u0142aski na kolejne lata \u017cycia dla Ludwiki RADZISZEWSKIEJ<\/td>\n<\/tr>\n<tr>\n<td width=\"67\"><span style=\"color: #008000;\"><strong>8.00<\/strong><\/span><\/td>\n<td width=\"654\">Za zmar\u0142ych z rodziny MENDALKA \u2013 Antoniego, Pauliny, Piotra i Tadeusza<\/td>\n<\/tr>\n<tr>\n<td width=\"67\"><span style=\"color: #008000;\"><strong>10.00<\/strong><\/span><\/td>\n<td width=\"654\">\u015ap. Jana(m) BRALEWSKIEGO w 25 rocznic\u0119 \u015bmierci oraz Macieja BRALEWSKIEGO<\/td>\n<\/tr>\n<tr>\n<td width=\"67\"><span style=\"color: #008000;\"><strong>10.00<\/strong><\/span><\/td>\n<td width=\"654\">\u015ap. Mariana NARUSZEWICZA w 30 dniu po pogrzebie<\/td>\n<\/tr>\n<tr>\n<td width=\"67\"><span style=\"color: #008000;\"><strong>12.00<\/strong><\/span><\/td>\n<td width=\"654\"><span style=\"color: #ff0000;\"><strong>ZA PARAFIAN<\/strong><\/span><\/td>\n<\/tr>\n<tr>\n<td width=\"67\"><span style=\"color: #008000;\"><strong>15.00<\/strong><\/span><\/td>\n<td width=\"654\">\u015ap. Monik\u0119 MA\u0143SK\u0104 \u2013 25 msza gregoria\u0144ska<\/td>\n<\/tr>\n<tr>\n<td colspan=\"2\" width=\"721\">\n<h4 style=\"text-align: center;\"><span style=\"color: #0000ff;\"><strong>ADORACJA NAJ\u015aWI\u0118TSZEGO SAKRAMENTU OD 16:00 DO 18:00<\/strong><\/span><\/h4>\n<\/td>\n<\/tr>\n<tr>\n<td width=\"67\"><span style=\"color: #008000;\"><strong>18.00<\/strong><\/span><\/td>\n<td width=\"654\">O Bo\u017ce b\u0142ogos\u0142awie\u0144stwo dla Miko\u0142aja z okazji urodzin oraz za rodzic\u00f3w<br \/>\ni rodze\u0144stwo o potrzebne \u0142aski<\/td>\n<\/tr>\n<\/tbody>\n<\/table>\n<p>&nbsp;<\/p>\n","protected":false},"excerpt":{"rendered":"<p>\u201eJedno cia\u0142o. Jeden Duch. Jedna nadzieja\u201d \u2013 pod tym has\u0142em, zaczerpni\u0119tym z Listu do Efezjan (Ef 4,4), w dniach 18\u201325 stycznia 2026 r. obchodzony b\u0119dzie Tydzie\u0144 Modlitw o Jedno\u015b\u0107 Chrze\u015bcijan. Tydzie\u0144 Modlitw o Jedno\u015b\u0107 Chrze\u015bcijan jest szczeg\u00f3lnym czasem wsp\u00f3lnej modlitwy, refleksji i spotkania uczni\u00f3w Chrystusa r\u00f3\u017cnych wyzna\u0144. W 2026 roku centrum rozwa\u017ca\u0144 stanowi fragment Listu [&hellip;]<\/p>\n","protected":false},"author":1,"featured_media":6040,"comment_status":"closed","ping_status":"closed","sticky":false,"template":"","format":"standard","meta":{"ngg_post_thumbnail":0,"footnotes":""},"categories":[11,8,4,3],"tags":[],"class_list":["post-6039","post","type-post","status-publish","format-standard","has-post-thumbnail","hentry","category-aktualnosci","category-blog","category-intencje","category-ogloszenia"],"_links":{"self":[{"href":"https:\/\/rafalk-elblag.pl\/index.php?rest_route=\/wp\/v2\/posts\/6039","targetHints":{"allow":["GET"]}}],"collection":[{"href":"https:\/\/rafalk-elblag.pl\/index.php?rest_route=\/wp\/v2\/posts"}],"about":[{"href":"https:\/\/rafalk-elblag.pl\/index.php?rest_route=\/wp\/v2\/types\/post"}],"author":[{"embeddable":true,"href":"https:\/\/rafalk-elblag.pl\/index.php?rest_route=\/wp\/v2\/users\/1"}],"replies":[{"embeddable":true,"href":"https:\/\/rafalk-elblag.pl\/index.php?rest_route=%2Fwp%2Fv2%2Fcomments&post=6039"}],"version-history":[{"count":1,"href":"https:\/\/rafalk-elblag.pl\/index.php?rest_route=\/wp\/v2\/posts\/6039\/revisions"}],"predecessor-version":[{"id":6041,"href":"https:\/\/rafalk-elblag.pl\/index.php?rest_route=\/wp\/v2\/posts\/6039\/revisions\/6041"}],"wp:featuredmedia":[{"embeddable":true,"href":"https:\/\/rafalk-elblag.pl\/index.php?rest_route=\/wp\/v2\/media\/6040"}],"wp:attachment":[{"href":"https:\/\/rafalk-elblag.pl\/index.php?rest_route=%2Fwp%2Fv2%2Fmedia&parent=6039"}],"wp:term":[{"taxonomy":"category","embeddable":true,"href":"https:\/\/rafalk-elblag.pl\/index.php?rest_route=%2Fwp%2Fv2%2Fcategories&post=6039"},{"taxonomy":"post_tag","embeddable":true,"href":"https:\/\/rafalk-elblag.pl\/index.php?rest_route=%2Fwp%2Fv2%2Ftags&post=6039"}],"curies":[{"name":"wp","href":"https:\/\/api.w.org\/{rel}","templated":true}]}}