{"id":6034,"date":"2026-01-09T22:01:57","date_gmt":"2026-01-09T22:01:57","guid":{"rendered":"https:\/\/rafalk-elblag.pl\/?p=6034"},"modified":"2026-01-09T22:01:57","modified_gmt":"2026-01-09T22:01:57","slug":"niedziela-chrztu-panskiego","status":"publish","type":"post","link":"https:\/\/rafalk-elblag.pl\/?p=6034","title":{"rendered":"NIEDZIELA CHRZTU PA\u0143SKIEGO"},"content":{"rendered":"<p><img loading=\"lazy\" decoding=\"async\" class=\"aligncenter\" src=\"https:\/\/rafalk-elblag.pl\/wp-content\/uploads\/2025\/08\/biuletyn-graf.jpg\" width=\"552\" height=\"357\"><\/p>\n<p><strong>Chrzest<\/strong> <strong>\u015bwi\u0119ty:<\/strong> jest pierwszym i najwa\u017cniejszym sakramentem w \u017cyciu chrze\u015bcijanina, poniewa\u017c otwiera drog\u0119 do wszystkich pozosta\u0142ych sakrament\u00f3w. To przez chrzest cz\u0142owiek zostaje w\u0142\u0105czony do wsp\u00f3lnoty Ko\u015bcio\u0142a i staje si\u0119 dzieckiem Bo\u017cym. Sakrament ten g\u0142adzi grzech pierworodny oraz wszelkie grzechy osobiste, je\u015bli przyjmowany jest przez osob\u0119 doros\u0142\u0105. Chrzest daje udzia\u0142 w \u017cyciu Jezusa Chrystusa i w Jego zbawczym dziele. Widzialnym znakiem sakramentu jest woda, kt\u00f3ra symbolizuje oczyszczenie, nowe narodzenie i \u017cycie. Wypowiedzenie formu\u0142y trynitarnej podkre\u015bla wiar\u0119<br \/>\nw Boga Ojca, Syna i Ducha \u015awi\u0119tego. Chrzest nie jest tylko uroczyst\u0105 ceremoni\u0105, ale realnym dzia\u0142aniem \u0142aski Bo\u017cej w \u017cyciu cz\u0142owieka. Ochrzczeni otrzymuj\u0105 niezatarte znami\u0119, kt\u00f3re na zawsze przynale\u017cy ich do Chrystusa. Z tego powodu sakrament chrztu mo\u017cna przyj\u0105\u0107 tylko raz w \u017cyciu. W przypadku chrztu dzieci ogromn\u0105 rol\u0119 odgrywaj\u0105 rodzice oraz chrzestni. To oni podejmuj\u0105 odpowiedzialno\u015b\u0107 za wychowanie dziecka w wierze chrze\u015bcija\u0144skiej. Chrzest zobowi\u0105zuje do \u017cycia zgodnego z Ewangeli\u0105 i nauk\u0105 Ko\u015bcio\u0142a. Jest wezwaniem do nawr\u00f3cenia, mi\u0142o\u015bci i odpowiedzialno\u015bci za innych ludzi. Sakrament ten przypomina, \u017ce wiara nie jest jedynie spraw\u0105 prywatn\u0105, lecz ma wymiar wsp\u00f3lnotowy. Chrzest \u015bwi\u0119ty rozpoczyna drog\u0119 duchowego wzrastania, kt\u00f3ra trwa przez ca\u0142e \u017cycie. Jest on fundamentem chrze\u015bcija\u0144skiej to\u017csamo\u015bci i znakiem nadziei zbawienia.<\/p>\n<p><img loading=\"lazy\" decoding=\"async\" class=\"aligncenter\" src=\"https:\/\/rafalk-elblag.pl\/wp-content\/uploads\/2025\/08\/ogl-graf.png\" width=\"553\" height=\"261\"><\/p>\n<p><strong>&nbsp;<\/strong><\/p>\n<h2 style=\"text-align: center;\"><span style=\"color: #ff9900;\"><strong>OG\u0141OSZENIA PARAFIALNE&nbsp; 11.01.2026 r.<\/strong><\/span><\/h2>\n<h2 style=\"text-align: center;\"><span style=\"color: #ff9900;\"><strong>&nbsp;NIEDZIELA CHRZTU PA\u0143SKIEGO<\/strong><\/span><\/h2>\n<p><strong>&nbsp;<\/strong><\/p>\n<ol>\n<li>Dzisiaj zapraszamy Adoracj\u0119 Naj\u015bwi\u0119tszego Sakramentu od godz. 16:00 do 18:00. <strong><em>Przyjd\u017a i oddaj Panu Bogu rozpocz\u0119ty Nowy Rok 2026.<\/em><\/strong><\/li>\n<li>Dzisiaj po Mszy \u015bw<strong>. <\/strong>o godz. 15:00 spotkanie op\u0142atkowe wsp\u00f3lnot parafialnych: <strong><em>Bractwa Szkaplerznego, Odnowy w Duchu \u015awi\u0119tym, Kr\u0119gu Biblijnego, Wsp\u00f3lnoty Krwi Chrystusa, Apostolatu Margaretka, Apostolatu Bo\u017cego Mi\u0142osierdzia, Wolontariuszy Caritas i \u017bywego R\u00f3\u017ca\u0144ca na kt\u00f3re serdecznie zapraszamy. <\/em><\/strong><\/li>\n<li><em><u>PROSIMY O ZAMYKANIE DRZWI PRZY WCHODZENIU I WYCHODZENIU Z KO\u015aCIO\u0141A PONIEWA\u017b KO\u015aCI\u00d3\u0141 JEST OGRZEWANY.&nbsp;&nbsp; <strong>DZI\u0118KUJEMY.<\/strong><\/u><\/em><\/li>\n<li>Trwa wizyta duszpasterska w naszej parafii. W tym tygodniu kol\u0119d\u0119 rozpoczynamy od godz. 16:00. <strong>Grafik kol\u0119dy znajdziemy w Biuletynie. <\/strong>W trakcie kol\u0119dy podczas Mszy \u015bw. o godz. 8:00 i o godz. 15:00 polecamy rodziny do kt\u00f3rych udamy si\u0119 z Wizyt\u0105 Duszpastersk\u0105.<\/li>\n<li>Pragn\u0119 poinformowa\u0107 \u017ce pod ch\u00f3rem znajduje si\u0119 naczynie z <strong>WOD\u0104 \u015aWI\u0118CON\u0104<\/strong>. Prosz\u0119 o zaopatrzenie si\u0119 w te wod\u0119 do po\u015bwiecenia mieszkania podczas kol\u0119dy.<\/li>\n<li>W tradycji przyj\u0119te jest, \u017ce podczas kol\u0119dy ministranci i lektorzy otrzymuj\u0105 dobrowolne ofiary jako wyraz wdzi\u0119czno\u015bci za pos\u0142ug\u0119 przy O\u0142tarzu Pa\u0144skim. Zebrane ofiary przeznaczone b\u0119d\u0105 na ich wsp\u00f3lny wyjazd.<\/li>\n<\/ol>\n<p><em>Za okazane dobro dzi\u0119kujemy!<\/em><\/p>\n<ol start=\"7\">\n<li>Ka\u017cdy 16 dzie\u0144 miesi\u0105ca to dzie\u0144 spotkania si\u0119 <strong>Bractwa Szkaplerznego i Rodziny Szkaplerznej<\/strong>. Zapraszamy 16 stycznia (pi\u0105tek) wszystkich nale\u017c\u0105cych i pragn\u0105cych w\u0142\u0105czy\u0107 si\u0119 do tej wsp\u00f3lnoty na Msz\u0119 \u015bw. o godz. 15:00.<\/li>\n<li>Od 18 stycznia (niedziela) rozpoczyna si\u0119 w ko\u015bciele <strong>TYDZIE\u0143 MODLITW O JEDNO\u015a\u0106 CHRZE\u015aCIJAN.<\/strong> Zach\u0119camy wszystkich do wsp\u00f3lnej modlitwy.<\/li>\n<li>Wiele os\u00f3b do\u015bwiadcza cierpienia wobec swojego uzale\u017cnienia, b\u0105d\u017a uzale\u017cnienia najbli\u017cszych a tak\u017ce innych prze\u017cywanych problem\u00f3w. <strong>Stowarzyszenie KARAN<\/strong> zaprasza do wsp\u00f3lnej modlitwy w trzeci\u0105 niedziel\u0119 miesi\u0105ca. W miesi\u0105cu styczniu chcemy Panu Bogu dzi\u0119kowa\u0107 za trzydzie\u015bci lat KARAN u w Elbl\u0105gu. <strong><em>Najbli\u017csza Msza \u015bw. w niedziel\u0119 18 stycznia o godz. 16:00, w ko\u015bciele Bo\u017cego Cia\u0142a,<br \/>\nRobotnicza 29 w Elbl\u0105gu. Po Eucharystii spotkanie op\u0142atkowe.<\/em><\/strong><\/li>\n<li>Wszystkim Jubilatom i Solenizantom tego tygodnia \u017cyczymy wielu \u0142ask Bo\u017cych<br \/>\ni opieki Matki Bo\u017cej Szkaplerznej.<\/li>\n<li>Pan powo\u0142a\u0142 do wieczno\u015bci:<\/li>\n<\/ol>\n<h2><span style=\"color: #800080;\">&nbsp;&nbsp;&nbsp;&nbsp;&nbsp;&nbsp;&nbsp;&nbsp;&nbsp;&nbsp;&nbsp;&nbsp;&nbsp;&nbsp;&nbsp;&nbsp;&nbsp;&nbsp;&nbsp;&nbsp;&nbsp;&nbsp;&nbsp;&nbsp;&nbsp;&nbsp;&nbsp;&nbsp; \u015bp. Kazimierza(m) CHOLEWA lat 69 z ul. Leszczy\u0144skiego<\/span><\/h2>\n<p>&nbsp;<\/p>\n<table width=\"660\">\n<tbody>\n<tr>\n<td width=\"660\">\n<h2 style=\"text-align: center;\"><span style=\"color: #0000ff;\"><strong>Numer Konta Parafialnego<\/strong><\/span><\/h2>\n<h2 style=\"text-align: center;\"><span style=\"color: #0000ff;\"><strong>PKO BP 72 1020 1752 0000 0102 0069 6047<\/strong><\/span><\/h2>\n<\/td>\n<\/tr>\n<\/tbody>\n<\/table>\n<p>&nbsp;<\/p>\n<h2 style=\"text-align: center;\"><span style=\"color: #ff0000;\"><strong><u>PROGRAM WIZYTY DUSZPASTERSKIEJ<\/u><\/strong><\/span><\/h2>\n<h2 style=\"text-align: center;\"><span style=\"color: #ff0000;\"><strong><u>W PARAFII \u015aW. RAFA\u0141A KALINOWSKIEGO<\/u><\/strong><\/span><\/h2>\n<table>\n<tbody>\n<tr>\n<td width=\"219\"><strong>Poniedzia\u0142ek<\/strong><\/p>\n<p>12.01.2026r. od 16:00<\/td>\n<td width=\"364\">&nbsp;<\/p>\n<p>ul. Broniewskiego<\/p>\n<p>1, 3, 5, 7, 9, 11<\/p>\n<p>ul. Broniewskiego<\/p>\n<p>13, 15, 17, 19, 21, 23<\/td>\n<\/tr>\n<tr>\n<td width=\"219\"><strong>Wtorek<\/strong><\/p>\n<p>13.01.2026r. od 16:00<\/td>\n<td width=\"364\">&nbsp;<\/p>\n<p>ul. Broniewskiego 20, 22, 25, 27<\/p>\n<p>ul. Broniewskiego 29, 31, 33, 35,<\/p>\n<p>&nbsp;<\/td>\n<\/tr>\n<tr>\n<td width=\"219\"><strong>\u015aroda<\/strong><\/p>\n<p>14.01.2026r. od 16:00<\/td>\n<td width=\"364\">&nbsp;<\/p>\n<p>ul. Broniewskiego 10, 12, 14, 16, 18<\/p>\n<p>ul. Broniewskiego 6 i 8<\/p>\n<p>&nbsp;<\/td>\n<\/tr>\n<tr>\n<td width=\"219\"><strong>Czwartek<\/strong><\/p>\n<p>15.01.2026r. od 16:00<\/td>\n<td width=\"364\">&nbsp;<\/p>\n<p>ul. Broniewskiego 2 i 4<\/p>\n<p>ul. K\u0142oczowskiego 1, 2, 3, 4, 5, 6<\/p>\n<p>&nbsp;<\/td>\n<\/tr>\n<tr>\n<td width=\"219\"><strong>&nbsp;<\/strong><\/p>\n<p><strong>Pi\u0105tek<\/strong><\/p>\n<p>16.01.2026r. od 16:00<\/td>\n<td width=\"364\">&nbsp;<\/p>\n<p>ul. K\u0142oczowskiego 7, 8, 9, 10, 11, 15<\/p>\n<p>ul. K\u0142oczowskiego16, 17, 18, 19, 20<\/td>\n<\/tr>\n<tr>\n<td width=\"219\"><strong>&nbsp;<\/strong><\/p>\n<p><strong>Sobota<\/strong><\/p>\n<p>17.01. 2026 od 16:00<\/p>\n<p><strong>&nbsp;<\/strong><\/td>\n<td width=\"364\">ul. \u0141okietka 1 &#8211; 55<\/p>\n<p>ul. \u0141okietka 56 &#8211; 127<\/td>\n<\/tr>\n<\/tbody>\n<\/table>\n<p><strong>&nbsp;<\/strong><\/p>\n<p><strong>Prosimy o przygotowanie si\u0119 do wizyty duszpasterskiej:<\/strong><\/p>\n<ul>\n<li>Obecna ca\u0142a rodzina<\/li>\n<li>Dzieci przygotowuj\u0105 zeszyty do religii, ziarenka potwierdzaj\u0105ce udzia\u0142 we Mszy \u015bw. Niedzielnej a m\u0142odzie\u017c ksi\u0105\u017ceczki od przygotowania do Sakramentu Bierzmowania<\/li>\n<li>Bia\u0142y obrus, Pismo \u015awi\u0119te, Krzy\u017c, \u015bwiecznik, woda \u015bwi\u0119cona, kropid\u0142o<\/li>\n<li><strong><em>Tematyk\u0105 tegorocznej kol\u0119dy: <\/em><\/strong><\/li>\n<\/ul>\n<p><strong><em>BO\u017bE NARODZENIE LATARNI\u0104 NADZIEI<\/em><\/strong><\/p>\n<p>&nbsp;<\/p>\n<p><strong>UWAGA !!!<\/strong> Kol\u0119dy rozpoczynamy od godz. 16:00<\/p>\n<h4><em><img loading=\"lazy\" decoding=\"async\" class=\"aligncenter\" src=\"https:\/\/rafalk-elblag.pl\/wp-content\/uploads\/2025\/08\/intencje-gragika.jpg\" width=\"552\" height=\"276\"><\/em><\/h4>\n<table width=\"721\">\n<tbody>\n<tr>\n<td colspan=\"2\" width=\"721\">\n<h2 style=\"text-align: center;\"><strong><br \/>\n<span style=\"color: #ff6600;\">NIEDZIELA \/ 11 stycze\u0144 2026 \/ Mt 3, 13 \u2013 17&nbsp; <\/span><\/strong><\/h2>\n<h2 style=\"text-align: center;\"><span style=\"color: #ff6600;\"><strong>\u015aWI\u0118TO CHRZTU PA\u0143SKIEGO<\/strong><\/span><\/h2>\n<\/td>\n<\/tr>\n<tr>\n<td width=\"67\"><span style=\"color: #ff6600;\"><strong>8.00<\/strong><\/span><\/td>\n<td width=\"654\">\u015ap. Monik\u0119 MA\u0143SK\u0104 \u2013 11 msza gregoria\u0144ska<\/td>\n<\/tr>\n<tr>\n<td width=\"67\"><span style=\"color: #ff6600;\"><strong>10.00<\/strong><\/span><\/td>\n<td width=\"654\">O uprzedzaj\u0105c\u0105 \u0142ask\u0119 natchnie\u0144, si\u0142\u0119 i rozwag\u0119, by wprowadzone w \u017cycie zaowocowa\u0142y ca\u0142kowitym przylgni\u0119ciem do Pana Boga dla Nikodema<br \/>\ni jego rodziny, Magdaleny i jej rodziny i Agnieszki i ca\u0142ej rodziny zakonnej<\/td>\n<\/tr>\n<tr>\n<td width=\"67\"><span style=\"color: #ff6600;\"><strong>10.00<\/strong><\/span><\/td>\n<td width=\"654\">\u015ap. Tadeusza TONGA w 4 rocznic\u0119 \u015bmierci i zmar\u0142ych z rodziny TONGA<br \/>\ni BOGUSZEWSKICH<\/td>\n<\/tr>\n<tr>\n<td width=\"67\"><span style=\"color: #ff6600;\"><strong>12.00<\/strong><\/span><\/td>\n<td width=\"654\"><span style=\"color: #ff0000;\"><strong>ZA PARAFIAN<\/strong><\/span><\/td>\n<\/tr>\n<tr>\n<td width=\"67\"><span style=\"color: #ff6600;\"><strong>15.00<\/strong><\/span><\/td>\n<td width=\"654\">O Bo\u017ce b\u0142ogos\u0142awie\u0144stwo dary Ducha \u015awi\u0119tego i opiek\u0119 Matki Bo\u017cej Szkaplerznej dla ks. Arkadiusza GRABOWSKIEGO z okazji imienin \u2013 intencja od Margaretki<\/td>\n<\/tr>\n<tr>\n<td colspan=\"2\" width=\"721\">\n<h4 style=\"text-align: center;\"><span style=\"color: #0000ff;\"><strong>ADORACJA NAJ\u015aWI\u0118TSZEGO SAKRAMENTU OD 16:00 DO 18:00<\/strong><\/span><\/h4>\n<\/td>\n<\/tr>\n<tr>\n<td width=\"67\"><span style=\"color: #ff6600;\"><strong>18.00<\/strong><\/span><\/td>\n<td width=\"654\">Dzi\u0119kczynna w 70 rocznic\u0119 urodzin Boles\u0142awa(m) z pro\u015bb\u0105 o zdrowie Bo\u017ce b\u0142ogos\u0142awie\u0144stwo, wiar\u0119 i potrzebne \u0142aski dla Jubilata<\/td>\n<\/tr>\n<tr>\n<td colspan=\"2\" width=\"721\">\n<h2 style=\"text-align: center;\"><span style=\"color: #008000;\"><strong>PONIEDZIA\u0141EK \/ 12 stycze\u0144 2026 \/ Mk 1, 14 \u2013 20<\/strong><\/span><\/h2>\n<\/td>\n<\/tr>\n<tr>\n<td width=\"67\"><span style=\"color: #008000;\"><strong>8.00<\/strong><\/span><\/td>\n<td width=\"654\">\u015ap. Monik\u0119 MA\u0143SK\u0104 \u2013 12 msza gregoria\u0144ska<\/td>\n<\/tr>\n<tr>\n<td width=\"67\"><span style=\"color: #008000;\"><strong>15.00<\/strong><\/span><\/td>\n<td width=\"654\">Z podzi\u0119kowaniem za miniony rok 2025 z pro\u015bb\u0105 o Bo\u017ce b\u0142ogos\u0142awie\u0144stwo, opiek\u0119 Matki Bo\u017cej dla m\u0119\u017ca Mieczys\u0142awa z okazji<br \/>\n75 urodzin i imienin<\/td>\n<\/tr>\n<tr>\n<td colspan=\"2\" width=\"721\">\n<h2 style=\"text-align: center;\"><span style=\"color: #008000;\"><strong>WTOREK \/ 13 stycze\u0144 2026 \/&nbsp;&nbsp; Mk 1, 21 \u2013 28<\/strong><\/span><\/h2>\n<\/td>\n<\/tr>\n<tr>\n<td width=\"67\"><span style=\"color: #008000;\"><strong>8.00<\/strong><\/span><\/td>\n<td width=\"654\">\u015ap. Monik\u0119 MA\u0143SK\u0104 \u2013 13 msza gregoria\u0144ska<\/td>\n<\/tr>\n<tr>\n<td width=\"67\"><span style=\"color: #008000;\"><strong>15.00<\/strong><\/span><\/td>\n<td width=\"654\">\u015ap. Wand\u0119 KOWNACK\u0104 w 1 rocznic\u0119 \u015bmierci<\/td>\n<\/tr>\n<tr>\n<td colspan=\"2\" width=\"721\">\n<h2 style=\"text-align: center;\"><span style=\"color: #008000;\"><strong>\u015aRODA \/ 14 stycze\u0144 2026 \/ Mk 1, 29 \u2013 39 <\/strong><\/span><\/h2>\n<\/td>\n<\/tr>\n<tr>\n<td width=\"67\"><span style=\"color: #008000;\"><strong>8.00<\/strong><\/span><\/td>\n<td width=\"654\">\u015ap. Monik\u0119 MA\u0143SK\u0104 \u2013 14 msza gregoria\u0144ska<\/td>\n<\/tr>\n<tr>\n<td width=\"67\"><span style=\"color: #008000;\"><strong>15.00<\/strong><\/span><\/td>\n<td width=\"654\">\u015ap. Antoniego \u0141UKASZEWSKIEGO w 1 rocznic\u0119 \u015bmierci<\/td>\n<\/tr>\n<tr>\n<td colspan=\"2\" width=\"721\">\n<h2 style=\"text-align: center;\"><span style=\"color: #008000;\"><strong>CZWARTEK \/ 15 stycznia 2026 \/ Mk 1, 40 \u2013 45<\/strong><\/span><\/h2>\n<\/td>\n<\/tr>\n<tr>\n<td width=\"67\"><span style=\"color: #008000;\"><strong>8.00<\/strong><\/span><\/td>\n<td width=\"654\">\u015ap. Monik\u0119 MA\u0143SK\u0104 \u2013 15 msza gregoria\u0144ska<\/td>\n<\/tr>\n<tr>\n<td width=\"67\"><span style=\"color: #008000;\"><strong>15.00<\/strong><\/span><\/td>\n<td width=\"654\">\u015ap. Cecyli\u0119 PLIT w 1 rocznic\u0119 \u015bmierci<\/td>\n<\/tr>\n<tr>\n<td width=\"67\"><span style=\"color: #008000;\"><strong>15.00<\/strong><\/span><\/td>\n<td width=\"654\">\u015ap. Romana i dusze w czy\u015b\u0107cu cierpi\u0105ce<\/td>\n<\/tr>\n<tr>\n<td colspan=\"2\" width=\"721\">\n<h2 style=\"text-align: center;\"><span style=\"color: #008000;\"><strong>PI\u0104TEK \/ 16 stycze\u0144 2026 \/ Mk 2, 1 \u2013 12 <\/strong><\/span><\/h2>\n<\/td>\n<\/tr>\n<tr>\n<td width=\"67\"><span style=\"color: #008000;\"><strong>8.00<\/strong><\/span><\/td>\n<td width=\"654\">\u015ap. Monik\u0119 MA\u0143SK\u0104 \u2013 16 msza gregoria\u0144ska<\/td>\n<\/tr>\n<tr>\n<td width=\"67\"><span style=\"color: #008000;\"><strong>15.00<\/strong><\/span><\/td>\n<td width=\"654\">O Bo\u017ce b\u0142ogos\u0142awie\u0144stwo dla \u017cywych, \u0142ask\u0119 zdrowia dla chorych i Bo\u017ce mi\u0142osierdzie dla zmar\u0142ych cz\u0142onk\u00f3w Bractwa Szkaplerznego i ca\u0142ej Rodziny Szkaplerznej<\/td>\n<\/tr>\n<tr>\n<td colspan=\"2\" width=\"721\">\n<h2 style=\"text-align: center;\"><span style=\"color: #008000;\"><strong>SOBOTA \/ 17 stycze\u0144 2026 \/ Mk 2, 13 \u2013 17 <\/strong><\/span><\/h2>\n<h2 style=\"text-align: center;\"><span style=\"color: #008000;\"><strong>WSPOMNIENIE \u015aW. ANTONIEGO \u2013 OPATA <\/strong><\/span><\/h2>\n<\/td>\n<\/tr>\n<tr>\n<td width=\"67\"><span style=\"color: #008000;\"><strong>8.00<\/strong><\/span><\/td>\n<td width=\"654\">\u015ap. Monik\u0119 MA\u0143SK\u0104 \u2013 17 msza gregoria\u0144ska<\/td>\n<\/tr>\n<tr>\n<td width=\"67\"><span style=\"color: #008000;\"><strong>15.00<\/strong><\/span><\/td>\n<td width=\"654\">\u015ap. Jadwig\u0119, Kazimierza(m) i Norberta<\/td>\n<\/tr>\n<tr>\n<td colspan=\"2\" width=\"721\">\n<h2 style=\"text-align: center;\"><span style=\"color: #008000;\"><strong>II NIEDZIELA ZWYK\u0141A \/ 18 stycze\u0144 2026 \/ J 1, 29 \u2013 34&nbsp; <\/strong><\/span><\/h2>\n<\/td>\n<\/tr>\n<tr>\n<td width=\"67\"><span style=\"color: #008000;\"><strong>8.00<\/strong><\/span><\/td>\n<td width=\"654\">\u015ap. Monik\u0119 MA\u0143SK\u0104 \u2013 18 msza gregoria\u0144ska<\/td>\n<\/tr>\n<tr>\n<td width=\"67\"><span style=\"color: #008000;\"><strong>10.00<\/strong><\/span><\/td>\n<td width=\"654\">Dzi\u0119kczynna w 35 rocznic\u0119 \u015blubu Bogumi\u0142y i Zbigniewa TROCZEK z pro\u015bb\u0105 o Bo\u017ce b\u0142ogos\u0142awie\u0144stwo i potrzebne \u0142aski dla czcigodnych Jubilat\u00f3w<\/td>\n<\/tr>\n<tr>\n<td width=\"67\"><span style=\"color: #008000;\"><strong>10.00<\/strong><\/span><\/td>\n<td width=\"654\">\u015ap. Beat\u0119 JARGI\u0141O w 1 rocznic\u0119 \u015bmierci<\/td>\n<\/tr>\n<tr>\n<td width=\"67\"><span style=\"color: #008000;\"><strong>12.00<\/strong><\/span><\/td>\n<td width=\"654\">Dzi\u0119kczynna w 28 rocznic\u0119 powstania wsp\u00f3lnoty Odnowy w Duchu \u015awi\u0119tym \u201eKana Galilejska\u201d przy naszej parafii z pro\u015bb\u0105 o potrzebne dary Ducha \u015awi\u0119tego dla ksi\u0119dza opiekuna, liderki i ca\u0142ej wsp\u00f3lnoty<\/td>\n<\/tr>\n<tr>\n<td width=\"67\"><span style=\"color: #008000;\"><strong>15.00<\/strong><\/span><\/td>\n<td width=\"654\">\u015ap. Andrzeja KLECHA w 4 rocznic\u0119 \u015bmierci i zmar\u0142ych z rodzin: KLECHA, MI\u0143KIEWICZ i KUBISIAK<\/td>\n<\/tr>\n<tr>\n<td colspan=\"2\" width=\"721\">\n<h4 style=\"text-align: center;\"><span style=\"color: #0000ff;\"><strong>ADORACJA NAJ\u015aWI\u0118TSZEGO SAKRAMENTU OD 16:00 DO 18:00<\/strong><\/span><\/h4>\n<\/td>\n<\/tr>\n<tr>\n<td width=\"67\"><span style=\"color: #008000;\"><strong>18.00<\/strong><\/span><\/td>\n<td width=\"654\">\u015ap. Dorot\u0119 GAPYS w 27 rocznic\u0119 \u015bmierci<\/td>\n<\/tr>\n<\/tbody>\n<\/table>\n<p>&nbsp;<\/p>\n","protected":false},"excerpt":{"rendered":"<p>Chrzest \u015bwi\u0119ty: jest pierwszym i najwa\u017cniejszym sakramentem w \u017cyciu chrze\u015bcijanina, poniewa\u017c otwiera drog\u0119 do wszystkich pozosta\u0142ych sakrament\u00f3w. To przez chrzest cz\u0142owiek zostaje w\u0142\u0105czony do wsp\u00f3lnoty Ko\u015bcio\u0142a i staje si\u0119 dzieckiem Bo\u017cym. Sakrament ten g\u0142adzi grzech pierworodny oraz wszelkie grzechy osobiste, je\u015bli przyjmowany jest przez osob\u0119 doros\u0142\u0105. Chrzest daje udzia\u0142 w \u017cyciu Jezusa Chrystusa i w [&hellip;]<\/p>\n","protected":false},"author":1,"featured_media":3611,"comment_status":"closed","ping_status":"closed","sticky":false,"template":"","format":"standard","meta":{"ngg_post_thumbnail":0,"footnotes":""},"categories":[11,8,4,3],"tags":[],"class_list":["post-6034","post","type-post","status-publish","format-standard","has-post-thumbnail","hentry","category-aktualnosci","category-blog","category-intencje","category-ogloszenia"],"_links":{"self":[{"href":"https:\/\/rafalk-elblag.pl\/index.php?rest_route=\/wp\/v2\/posts\/6034","targetHints":{"allow":["GET"]}}],"collection":[{"href":"https:\/\/rafalk-elblag.pl\/index.php?rest_route=\/wp\/v2\/posts"}],"about":[{"href":"https:\/\/rafalk-elblag.pl\/index.php?rest_route=\/wp\/v2\/types\/post"}],"author":[{"embeddable":true,"href":"https:\/\/rafalk-elblag.pl\/index.php?rest_route=\/wp\/v2\/users\/1"}],"replies":[{"embeddable":true,"href":"https:\/\/rafalk-elblag.pl\/index.php?rest_route=%2Fwp%2Fv2%2Fcomments&post=6034"}],"version-history":[{"count":1,"href":"https:\/\/rafalk-elblag.pl\/index.php?rest_route=\/wp\/v2\/posts\/6034\/revisions"}],"predecessor-version":[{"id":6036,"href":"https:\/\/rafalk-elblag.pl\/index.php?rest_route=\/wp\/v2\/posts\/6034\/revisions\/6036"}],"wp:featuredmedia":[{"embeddable":true,"href":"https:\/\/rafalk-elblag.pl\/index.php?rest_route=\/wp\/v2\/media\/3611"}],"wp:attachment":[{"href":"https:\/\/rafalk-elblag.pl\/index.php?rest_route=%2Fwp%2Fv2%2Fmedia&parent=6034"}],"wp:term":[{"taxonomy":"category","embeddable":true,"href":"https:\/\/rafalk-elblag.pl\/index.php?rest_route=%2Fwp%2Fv2%2Fcategories&post=6034"},{"taxonomy":"post_tag","embeddable":true,"href":"https:\/\/rafalk-elblag.pl\/index.php?rest_route=%2Fwp%2Fv2%2Ftags&post=6034"}],"curies":[{"name":"wp","href":"https:\/\/api.w.org\/{rel}","templated":true}]}}