{"id":6026,"date":"2026-01-02T22:22:04","date_gmt":"2026-01-02T22:22:04","guid":{"rendered":"https:\/\/rafalk-elblag.pl\/?p=6026"},"modified":"2026-01-09T22:03:28","modified_gmt":"2026-01-09T22:03:28","slug":"druga-niedziela-po-narodzeniu-panskim","status":"publish","type":"post","link":"https:\/\/rafalk-elblag.pl\/?p=6026","title":{"rendered":"DRUGA NIEDZIELA PO NARODZENIU PA\u0143SKIM"},"content":{"rendered":"<p><img loading=\"lazy\" decoding=\"async\" class=\"aligncenter\" src=\"https:\/\/rafalk-elblag.pl\/wp-content\/uploads\/2025\/08\/biuletyn-graf.jpg\" width=\"552\" height=\"357\"><\/p>\n<h2 style=\"text-align: center;\"><span style=\"color: #ff6600;\"><strong>Trzej Kr\u00f3lowie \u2013 kim byli i co oznacza\u0142o ich przybycie do Betlejem<\/strong>.<\/span><\/h2>\n<p>Trzej Kr\u00f3lowie, zwani r\u00f3wnie\u017c M\u0119drcami lub Magami ze Wschodu, to postacie opisane w Ewangelii. Biblia nie podaje ich imion, liczby ani dok\u0142adnego pochodzenia. Okre\u015blenie \u201etrzej\u201d pojawi\u0142o si\u0119 p\u00f3\u017aniej i wi\u0105\u017ce si\u0119 z trzema darami, kt\u00f3re z\u0142o\u017cyli Dzieci\u0105tku Jezus. Imiona <strong>Kacper, Melchior i Baltazar<\/strong> pochodz\u0105 z tradycji chrze\u015bcija\u0144skiej, ukszta\u0142towanej kilka wiek\u00f3w po narodzeniu Chrystusa.<\/p>\n<p><strong>Magowie<\/strong> prawdopodobnie byli uczonymi \u2013 astrologami lub kap\u0142anami \u2013 pochodz\u0105cymi z teren\u00f3w Persji, Babilonii lub Arabii. Zajmowali si\u0119 obserwacj\u0105 gwiazd, co w staro\u017cytno\u015bci by\u0142o uznawane za spos\u00f3b odczytywania znak\u00f3w od Boga. Zauwa\u017cywszy niezwyk\u0142\u0105 gwiazd\u0119, wyruszyli w d\u0142ug\u0105 i niebezpieczn\u0105 podr\u00f3\u017c do Judei, wierz\u0105c, \u017ce zapowiada ona narodziny wyj\u0105tkowego Kr\u00f3la. Po drodze przybyli do Jerozolimy, gdzie spotkali kr\u00f3la Heroda. Ten, obawiaj\u0105c si\u0119 utraty w\u0142adzy, potajemnie poleci\u0142 im odnale\u017a\u0107 Dzieci\u0119 i donie\u015b\u0107 o Jego miejscu pobytu. Gwiazda doprowadzi\u0142a jednak M\u0119drc\u00f3w do Betlejem, gdzie oddali pok\u0142on Jezusowi i z\u0142o\u017cyli dary<strong>: z\u0142oto \u2013 symbol w\u0142adzy kr\u00f3lewskiej, kadzid\u0142o \u2013 znak bosko\u015bci, oraz mirr\u0119 \u2013 zapowied\u017a cierpienia i \u015bmierci.<\/strong> Znaczenie przybycia Trzech Kr\u00f3li i Ich pok\u0142on oznacza objawienie si\u0119 Jezusa ca\u0142emu \u015bwiatu, nie tylko \u017bydom, ale tak\u017ce poganom. <strong><em>Uroczysto\u015b\u0107 Objawienia Pa\u0144skiego, przypomina o powszechnym charakterze zbawienia.<\/em><\/strong><\/p>\n<p><img loading=\"lazy\" decoding=\"async\" class=\"aligncenter\" src=\"https:\/\/rafalk-elblag.pl\/wp-content\/uploads\/2025\/08\/ogl-graf.png\" width=\"553\" height=\"261\"><\/p>\n<p><strong>&nbsp;<\/strong><\/p>\n<h2 style=\"text-align: center;\"><span style=\"color: #ff6600;\"><strong>OG\u0141OSZENIA PARAFIALNE&nbsp; 4.01.2026 r.<\/strong><\/span><\/h2>\n<h2 style=\"text-align: center;\"><span style=\"color: #ff6600;\"><strong>II NIEDZIELA PO NARODZENIU PA\u0143SKIM<\/strong><\/span><\/h2>\n<p><strong>&nbsp;<\/strong><\/p>\n<ol>\n<li>Dzisiaj zapraszamy na comiesi\u0119czn\u0105 Adoracj\u0119 Naj\u015bwi\u0119tszego Sakramentu od godz. 16:00 do 18:00. <strong><em>Przyjd\u017a i oddaj Panu Bogu rozpocz\u0119ty Nowy Rok 2026.<\/em><\/strong><\/li>\n<li>Z\u0142o\u017cone dzisiaj ofiary na tac\u0119 przeznaczone s\u0105 na sp\u0142at\u0119 nowych organ\u00f3w zakupionych do naszej \u015bwi\u0105tyni. <em>Dzi\u0119kuj\u0119 za zrozumienie i z\u0142o\u017cone ofiary.<\/em><\/li>\n<li><em><u>PROSIMY O ZAMYKANIE DRZWI PRZY WCHODZENIU I WYCHODZENIU Z KO\u015aCIO\u0141A PONIEWA\u017b KO\u015aCI\u00d3\u0141 JEST OGRZEWANY.&nbsp;&nbsp; <strong>DZI\u0118KUJEMY.<\/strong><\/u><\/em><\/li>\n<li>Trwa wizyta duszpasterska w naszej parafii. W tym tygodniu kol\u0119d\u0119 rozpoczynamy od godz. 16:00. Grafik kol\u0119dy znajdziemy w Biuletynie. <strong>W trakcie kol\u0119dy podczas Mszy \u015bw. o godz. 8:00 i o godz. 15:00 polecamy rodziny do kt\u00f3rych udamy si\u0119 z Wizyt\u0105 Duszpastersk\u0105. Tym bardziej zach\u0119camy do wsp\u00f3lnej modlitwy.<\/strong><\/li>\n<li>Pragn\u0119 poinformowa\u0107 \u017ce pod ch\u00f3rem znajduje si\u0119 naczynie z <strong>WOD\u0104 \u015aWI\u0118CON\u0104<\/strong>. Prosz\u0119 o zaopatrzenie si\u0119 w te wod\u0119 do po\u015bwiecenia mieszkania podczas kol\u0119dy.<\/li>\n<li>W tradycji przyj\u0119te jest, \u017ce podczas kol\u0119dy ministranci i lektorzy otrzymuj\u0105 dobrowolne ofiary jako wyraz wdzi\u0119czno\u015bci za pos\u0142ug\u0119 przy O\u0142tarzu Pa\u0144skim. Zebrane ofiary przeznaczone b\u0119d\u0105 na ich wsp\u00f3lny wyjazd. <em>Za okazane dobro dzi\u0119kujemy!<\/em><\/li>\n<li>We wtorek obchodzi\u0107 b\u0119dziemy <strong>UROCZYSTO\u015a\u0106 OBJAWIENIA PA\u0143SKIEGO (TRZECH KR\u00d3LI<\/strong>). Msze \u015awi\u0119te w tym dniu o godz. <strong><u>8:00, 10:00, 12:00 i 18:00.<\/u><\/strong> Jest to dzie\u0144 modlitw za misje, dlatego pami\u0119tajmy o misjonarzach pochodz\u0105cych z naszej parafii. Ofiary zbierane do puszek przeznaczone b\u0119d\u0105 na pomoc dla o. Dariusza Maruta CSSp pracuj\u0105cego na Madagaskarze. B\u00f3g zap\u0142a\u0107 za zrozumienie. <strong><em>W tym dniu podczas ka\u017cdej Mszy \u015awi\u0119tej po\u015bwi\u0119cenie kredy i wody, kt\u00f3r\u0105 mo\u017cemy zabra\u0107 do domu.<\/em><\/strong><\/li>\n<li><strong>Po raz kolejny w naszym mie\u015bcie odb\u0119dzie si\u0119 ORSZAK TRZECH KR\u00d3LI. Wydarzenie to, kt\u00f3re w tym roku obejmie wiele miast w Polsce przywraca star\u0105 polsk\u0105 tradycj\u0119 jase\u0142ek ulicznych<\/strong>: radosnych, wielobarwnych grup roz\u015bpiewanych<br \/>\ni u\u015bmiechni\u0119tych kol\u0119dnik\u00f3w g\u0142osz\u0105cych na ulicach Radosn\u0105 i Dobr\u0105 Nowin\u0119 o narodzeniu Jezusa. W tym dniu&nbsp; mo\u017cemy by\u0107 jak Trzej M\u0119drcy &#8211; ujrze\u0107 \u015bwiat\u0142o betlejemskiej gwiazdy, p\u00f3j\u015b\u0107 za ni\u0105 i odnale\u017a\u0107 Prawd\u0119, Dobro i Pi\u0119kno. <strong>Orszak rozpocznie si\u0119 na Placu Jagiello\u0144czyka o godz.13:00, a zako\u0144czy si\u0119 Msz\u0105 \u015bw. w Katedrze \u015bw. Miko\u0142aja.<\/strong><\/li>\n<li>Za tydzie\u0144 (11 stycznia) po Mszy \u015bw<strong>. <\/strong>o godz. 15:00 odb\u0119dzie si\u0119 spotkanie op\u0142atkowe dla wsp\u00f3lnot parafialnych: <strong><em>Bractwo Szkaplerzne, Odnowa w Duchu \u015awi\u0119tym, Kr\u0105g Biblijny, Wsp\u00f3lnota Krwi Chrystusa, Apostolat Margaretka, Apostolat Bo\u017cego Mi\u0142osierdzia, Wolontariuszy Caritas i \u017bywego R\u00f3\u017ca\u0144ca na kt\u00f3re serdecznie zapraszamy. <\/em><\/strong><\/li>\n<li>Wszystkim Jubilatom i Solenizantom tego tygodnia \u017cyczymy wielu \u0142ask Bo\u017cych i opieki Matki Bo\u017cej Szkaplerznej.<\/li>\n<li>Pan powo\u0142a\u0142 do wieczno\u015bci:<\/li>\n<\/ol>\n<p>&nbsp;&nbsp;&nbsp;&nbsp;&nbsp;&nbsp;&nbsp;&nbsp;&nbsp;&nbsp;&nbsp;&nbsp;&nbsp;&nbsp;&nbsp;&nbsp;&nbsp;&nbsp;&nbsp;&nbsp; \u015bp. Gra\u017cyn\u0119 PRZYDALSK\u0104 lat 70 z ul. Broniewskiego<\/p>\n<p><strong><em>&nbsp;&nbsp;&nbsp;&nbsp;&nbsp;&nbsp;&nbsp;&nbsp;&nbsp;&nbsp;&nbsp;&nbsp;&nbsp;&nbsp;&nbsp;&nbsp;&nbsp;&nbsp;&nbsp;&nbsp; <\/em><\/strong>\u015bp. Mariana NARUSZEWICZA lat 72 z ul. Korczaka<\/p>\n<p>&nbsp;&nbsp;&nbsp;&nbsp;&nbsp;&nbsp;&nbsp;&nbsp;&nbsp;&nbsp;&nbsp;&nbsp;&nbsp;&nbsp;&nbsp;&nbsp;&nbsp;&nbsp;&nbsp;&nbsp; \u015bp. Rafa\u0142a MA\u0106KOWIAKA lat 42 z ul. Tuwima<\/p>\n<p>&nbsp;<\/p>\n<table width=\"660\">\n<tbody>\n<tr>\n<td width=\"660\"><strong>Numer Konta Parafialnego<\/strong><\/p>\n<p><strong>PKO BP 72 1020 1752 0000 0102 0069 6047<\/strong><\/td>\n<\/tr>\n<\/tbody>\n<\/table>\n<p>&nbsp;<\/p>\n<h2 style=\"text-align: center;\"><span style=\"color: #ff6600;\"><strong><u>PROGRAM WIZYTY DUSZPASTERSKIEJ<\/u><\/strong><\/span><\/h2>\n<h2 style=\"text-align: center;\"><span style=\"color: #ff6600;\"><strong><u>W PARAFII \u015aW. RAFA\u0141A KALINOWSKIEGO<\/u><\/strong><\/span><\/h2>\n<p><strong><u>&nbsp;<\/u><\/strong><\/p>\n<table>\n<tbody>\n<tr>\n<td width=\"219\"><strong>Poniedzia\u0142ek<\/strong><\/p>\n<p>05.01.2026r. od 16:00<\/td>\n<td width=\"364\">&nbsp;<\/p>\n<p>ul. Brzechwy 14, 15, 16, 17, 18<\/p>\n<p>&nbsp;<\/td>\n<\/tr>\n<tr>\n<td width=\"219\"><strong>\u015aroda<\/strong><\/p>\n<p>07.01.2026r. od 16:00<\/td>\n<td width=\"364\">&nbsp;<\/p>\n<p>ul. Brzechwy 19, 20, 21, 22, 23<\/p>\n<p>ul. Brzechwy 24, 25, 26, 27, 28<\/p>\n<p>&nbsp;<\/td>\n<\/tr>\n<tr>\n<td width=\"219\"><strong>Czwartek<\/strong><\/p>\n<p>08.01.2026r. od 16:00<\/td>\n<td width=\"364\">&nbsp;<\/p>\n<p>ul. Brzechwy<\/p>\n<p>29, 30, 31, 32, 33, 34, 35, 36<\/p>\n<p>ul. Tuwima 1, 2, 3, 5<\/p>\n<p>&nbsp;<\/td>\n<\/tr>\n<tr>\n<td width=\"219\"><strong>&nbsp;<\/strong><\/p>\n<p><strong>Pi\u0105tek<\/strong><\/p>\n<p>9.01.2026r. od 16:00<\/td>\n<td width=\"364\">&nbsp;<\/p>\n<p>ul. Tuwima 6,7, 8<\/p>\n<p>ul. Tuwima 9, 10, 11, 12, 13<\/p>\n<p>&nbsp;<\/td>\n<\/tr>\n<tr>\n<td width=\"219\"><strong>&nbsp;<\/strong><\/p>\n<p><strong>Sobota<\/strong><\/p>\n<p>10.01. 2026 od 16:00<\/p>\n<p><strong>&nbsp;<\/strong><\/td>\n<td width=\"364\">ul. Mieszka I<\/p>\n<p>ul. Krzywoustego<\/td>\n<\/tr>\n<\/tbody>\n<\/table>\n<p><strong>&nbsp;<\/strong><\/p>\n<h2 style=\"text-align: center;\"><span style=\"color: #ff6600;\"><strong>Prosimy o przygotowanie si\u0119 do wizyty duszpasterskiej:<\/strong><\/span><\/h2>\n<ul>\n<li>Obecna ca\u0142a rodzina<\/li>\n<li>Dzieci przygotowuj\u0105 zeszyty do religii, ziarenka potwierdzaj\u0105ce udzia\u0142 we Mszy \u015bw. niedzielnej a m\u0142odzie\u017c ksi\u0105\u017ceczki od przygotowania do Sakramentu Bierzmowania<\/li>\n<li>Bia\u0142y obrus, Pismo \u015awi\u0119te, Krzy\u017c, \u015bwiecznik, woda \u015bwi\u0119cona, kropid\u0142o<\/li>\n<li><strong><em>Tematyk\u0105 tegorocznej kol\u0119dy: <\/em><\/strong><\/li>\n<\/ul>\n<h2 style=\"text-align: center;\"><span style=\"color: #ff6600;\"><strong><em>BO\u017bE NARODZENIE LATARNI\u0104 NADZIEI<\/em><\/strong><\/span><\/h2>\n<p>&nbsp;<\/p>\n<h2 style=\"text-align: center;\"><span style=\"color: #ff6600;\"><strong>UWAGA !!! Kol\u0119dy rozpoczynamy od godz. 16:00<\/strong><\/span><\/h2>\n<h4><em><img loading=\"lazy\" decoding=\"async\" class=\"aligncenter\" src=\"https:\/\/rafalk-elblag.pl\/wp-content\/uploads\/2025\/08\/intencje-gragika.jpg\" width=\"552\" height=\"276\"><\/em><\/h4>\n<table width=\"721\">\n<tbody>\n<tr>\n<td colspan=\"2\" width=\"721\"><strong><br \/>\nNIEDZIELA \/ 4 stycze\u0144 2026 \/ J 1, 1 \u2013 18&nbsp; <\/strong><\/td>\n<\/tr>\n<tr>\n<td width=\"67\"><strong>8.00<\/strong><\/td>\n<td width=\"654\">O do\u015bwiadczenie Bo\u017cej mi\u0142o\u015bci, przemian\u0119 serca i powr\u00f3t do Boga dla Karoliny<br \/>\ni Oskara oraz Sebastiana i Natalii<\/td>\n<\/tr>\n<tr>\n<td width=\"67\"><strong>10.00<\/strong><\/td>\n<td width=\"654\">\u015ap. Monik\u0119 MA\u0143SK\u0104 \u2013 4 msza gregoria\u0144ska<\/td>\n<\/tr>\n<tr>\n<td width=\"67\"><strong>12.00<\/strong><\/td>\n<td width=\"654\"><strong>ZA PARAFIAN<\/strong><\/td>\n<\/tr>\n<tr>\n<td width=\"67\"><strong>12.00<\/strong><\/td>\n<td width=\"654\">\u015ap. Ryszardy(k) TOMCZAK w 4 rocznic\u0119 \u015bmierci<\/td>\n<\/tr>\n<tr>\n<td width=\"67\"><strong>15.00<\/strong><\/td>\n<td width=\"654\">\u015ap. Boles\u0142awa Malinowskiego w 7 rocznic\u0119 \u015bmierci<\/td>\n<\/tr>\n<tr>\n<td colspan=\"2\" width=\"721\"><strong>ADORACJA NAJ\u015aWI\u0118TSZEGO SAKRAMENTU OD 16:00 DO 18:00<\/strong><\/td>\n<\/tr>\n<tr>\n<td width=\"67\"><strong>18:00<\/strong><\/td>\n<td width=\"654\">Rez.<\/td>\n<\/tr>\n<tr>\n<td colspan=\"2\" width=\"721\"><strong>PONIEDZIA\u0141EK \/ 5 stycze\u0144 2026 \/ J 1, 43 \u2013 51<\/strong><\/td>\n<\/tr>\n<tr>\n<td width=\"67\"><strong>8.00<\/strong><\/td>\n<td width=\"654\">\u015ap. Monik\u0119 MA\u0143SK\u0104 \u2013 5 msza gregoria\u0144ska<\/td>\n<\/tr>\n<tr>\n<td width=\"67\"><strong>15:00<\/strong><\/td>\n<td width=\"654\">\u015ap. Piotra \u017bygowskiego \u2013 intencja od siostry<\/td>\n<\/tr>\n<tr>\n<td colspan=\"2\" width=\"721\"><strong>WTOREK \/ 6 stycze\u0144 2026 \/&nbsp;&nbsp; Mt 2, 1 \u2013 12<\/strong><\/p>\n<p><strong>UROCZYSTO\u015a\u0106 OBJAWIENIA PA\u0143SKIEGO<\/strong><\/td>\n<\/tr>\n<tr>\n<td width=\"67\"><strong>8.00<\/strong><\/td>\n<td width=\"654\">\u015ap. Monik\u0119 MA\u0143SK\u0104 \u2013 6 msza gregoria\u0144ska<\/td>\n<\/tr>\n<tr>\n<td width=\"67\"><strong>10:00<\/strong><\/td>\n<td width=\"654\">\u015ap. Stanis\u0142awa(m) i zmar\u0142ych rodzic\u00f3w z obojga stron<\/td>\n<\/tr>\n<tr>\n<td width=\"67\"><strong>10.00<\/strong><\/td>\n<td width=\"654\">\u015ap. Krystyn\u0119 KAMI\u0143SK\u0104 w 15 rocznic\u0119 \u015bmierci<\/td>\n<\/tr>\n<tr>\n<td width=\"67\"><strong>12.00<\/strong><\/td>\n<td width=\"654\"><strong>ZA PARAFIAN<\/strong><\/td>\n<\/tr>\n<tr>\n<td width=\"67\"><strong>18.00<\/strong><\/td>\n<td width=\"654\">\u015ap. Jana(m) PRZEDWOJEWSKIEGO w 7 rocznic\u0119 \u015bmierci oraz Krystyn\u0119 i Gra\u017cyn\u0119 Przedwojewsk\u0105<\/td>\n<\/tr>\n<tr>\n<td colspan=\"2\" width=\"721\"><strong>\u015aRODA \/ 7 stycze\u0144 2026 \/ Mt 4, 12 \u2013 17. 23 \u2013 25 <\/strong><\/td>\n<\/tr>\n<tr>\n<td width=\"67\"><strong>8.00<\/strong><\/td>\n<td width=\"654\">\u015ap. Monik\u0119 MA\u0143SK\u0104 \u2013 7 msza gregoria\u0144ska<\/td>\n<\/tr>\n<tr>\n<td width=\"67\"><strong>15:00<\/strong><\/td>\n<td width=\"654\">\u015ap. Jadwig\u0119 Zieli\u0144sk\u0105 w 30 dniu po pogrzebie<\/td>\n<\/tr>\n<tr>\n<td colspan=\"2\" width=\"721\"><strong>CZWARTEK \/ 8 stycze\u0144 2026 \/ Mk 6, 34 \u2013 44<\/strong><\/td>\n<\/tr>\n<tr>\n<td width=\"67\"><strong>8:00<\/strong><\/td>\n<td width=\"654\">\u015ap. Monik\u0119 MA\u0143SK\u0104 \u2013 8 msza gregoria\u0144ska<\/td>\n<\/tr>\n<tr>\n<td width=\"67\"><strong>15:00<\/strong><\/td>\n<td width=\"654\">\u015ap. Jadwig\u0119 i Teofila<\/td>\n<\/tr>\n<tr>\n<td colspan=\"2\" width=\"721\"><strong>PI\u0104TEK \/ 9 stycze\u0144 2026 \/ Mk 6 , 45 \u2013 52 <\/strong><\/td>\n<\/tr>\n<tr>\n<td width=\"67\"><strong>8.00<\/strong><\/td>\n<td width=\"654\">\u015ap. Monik\u0119 MA\u0143SK\u0104 \u2013 9 msza gregoria\u0144ska<\/td>\n<\/tr>\n<tr>\n<td width=\"67\"><strong>15.00<\/strong><\/td>\n<td width=\"654\">O Bo\u017ce b\u0142ogos\u0142awie\u0144stwo, opiek\u0119 matki Bo\u017cej, dary Ducha \u015awi\u0119tego w podejmowanych \u017cyciowych decyzjach oraz o \u0142ask\u0119 wiary i m\u0105dro\u015bci<\/td>\n<\/tr>\n<tr>\n<td colspan=\"2\" width=\"721\"><strong>SOBOTA \/ 10 stycze\u0144 2026 \/ \u0141k 4, 14 \u2013 22a <\/strong><\/p>\n<p><strong>WSPOMNIENIE NAJ\u015aWI\u0118TSZEGO IMIENIA JEZUS<\/strong><\/td>\n<\/tr>\n<tr>\n<td width=\"67\"><strong>8.00<\/strong><\/td>\n<td width=\"654\">\u015ap. Monik\u0119 MA\u0143SK\u0104 \u2013 10 msza gregoria\u0144ska<\/td>\n<\/tr>\n<tr>\n<td width=\"67\"><strong>15:00<\/strong><\/td>\n<td width=\"654\">\u015ap. Krystyn\u0119 w 15 rocznic\u0119 \u015bmierci, Mari\u0119 w 21 rocznic\u0119 \u015bmierci z rodziny KO\u0141ODZIEJCZYK<\/td>\n<\/tr>\n<tr>\n<td colspan=\"2\" width=\"721\"><strong>NIEDZIELA \/ 11 stycze\u0144 2026 \/ Mt 3, 13 \u2013 17&nbsp; <\/strong><\/p>\n<p><strong>\u015aWI\u0118TO CHRZTU PA\u0143SKIEGO<\/strong><\/td>\n<\/tr>\n<tr>\n<td width=\"67\"><strong>8.00<\/strong><\/td>\n<td width=\"654\">\u015ap. Monik\u0119 MA\u0143SK\u0104 \u2013 11 msza gregoria\u0144ska<\/td>\n<\/tr>\n<tr>\n<td width=\"67\"><strong>10:00<\/strong><\/td>\n<td width=\"654\">O uprzedzaj\u0105c\u0105 \u0142ask\u0119 natchnie\u0144, si\u0142\u0119 i rozwag\u0119, by wprowadzone w \u017cycie zaowocowa\u0142y ca\u0142kowitym przylgni\u0119ciem do Pana Boga dla Nikodema i jego rodziny, Magdaleny i jej rodziny i Agnieszki i ca\u0142ej rodziny zakonnej<\/td>\n<\/tr>\n<tr>\n<td width=\"67\"><strong>12.00<\/strong><\/td>\n<td width=\"654\"><strong>ZA PARAFIAN<\/strong><\/td>\n<\/tr>\n<tr>\n<td width=\"67\"><strong>15.00<\/strong><\/td>\n<td width=\"654\">O Bo\u017ce b\u0142ogos\u0142awie\u0144stwo dary Ducha \u015awi\u0119tego i opiek\u0119 Matki Bo\u017cej Szkaplerznej dla ks. Arkadiusza Grabowskiego z okazji imienin \u2013 intencja od Margaretki<\/td>\n<\/tr>\n<tr>\n<td colspan=\"2\" width=\"721\"><strong>ADORACJA NAJ\u015aWI\u0118TSZEGO SAKRAMENTU OD 16:00 DO 18:00<\/strong><\/td>\n<\/tr>\n<tr>\n<td width=\"67\"><strong>18:00<\/strong><\/td>\n<td width=\"654\">Dzi\u0119kczynna w 70 rocznic\u0119 urodzin Boles\u0142awa(m) z pro\u015bb\u0105 o zdrowie Bo\u017ce b\u0142ogos\u0142awie\u0144stwo, wiar\u0119 i potrzebne \u0142aski dla Jubilata<\/td>\n<\/tr>\n<\/tbody>\n<\/table>\n<p>&nbsp;<\/p>\n<p>&nbsp;<\/p>\n","protected":false},"excerpt":{"rendered":"<p>Trzej Kr\u00f3lowie \u2013 kim byli i co oznacza\u0142o ich przybycie do Betlejem. Trzej Kr\u00f3lowie, zwani r\u00f3wnie\u017c M\u0119drcami lub Magami ze Wschodu, to postacie opisane w Ewangelii. Biblia nie podaje ich imion, liczby ani dok\u0142adnego pochodzenia. Okre\u015blenie \u201etrzej\u201d pojawi\u0142o si\u0119 p\u00f3\u017aniej i wi\u0105\u017ce si\u0119 z trzema darami, kt\u00f3re z\u0142o\u017cyli Dzieci\u0105tku Jezus. Imiona Kacper, Melchior i Baltazar [&hellip;]<\/p>\n","protected":false},"author":1,"featured_media":2632,"comment_status":"closed","ping_status":"closed","sticky":false,"template":"","format":"standard","meta":{"ngg_post_thumbnail":0,"footnotes":""},"categories":[11,8,4,3],"tags":[],"class_list":["post-6026","post","type-post","status-publish","format-standard","has-post-thumbnail","hentry","category-aktualnosci","category-blog","category-intencje","category-ogloszenia"],"_links":{"self":[{"href":"https:\/\/rafalk-elblag.pl\/index.php?rest_route=\/wp\/v2\/posts\/6026","targetHints":{"allow":["GET"]}}],"collection":[{"href":"https:\/\/rafalk-elblag.pl\/index.php?rest_route=\/wp\/v2\/posts"}],"about":[{"href":"https:\/\/rafalk-elblag.pl\/index.php?rest_route=\/wp\/v2\/types\/post"}],"author":[{"embeddable":true,"href":"https:\/\/rafalk-elblag.pl\/index.php?rest_route=\/wp\/v2\/users\/1"}],"replies":[{"embeddable":true,"href":"https:\/\/rafalk-elblag.pl\/index.php?rest_route=%2Fwp%2Fv2%2Fcomments&post=6026"}],"version-history":[{"count":3,"href":"https:\/\/rafalk-elblag.pl\/index.php?rest_route=\/wp\/v2\/posts\/6026\/revisions"}],"predecessor-version":[{"id":6038,"href":"https:\/\/rafalk-elblag.pl\/index.php?rest_route=\/wp\/v2\/posts\/6026\/revisions\/6038"}],"wp:featuredmedia":[{"embeddable":true,"href":"https:\/\/rafalk-elblag.pl\/index.php?rest_route=\/wp\/v2\/media\/2632"}],"wp:attachment":[{"href":"https:\/\/rafalk-elblag.pl\/index.php?rest_route=%2Fwp%2Fv2%2Fmedia&parent=6026"}],"wp:term":[{"taxonomy":"category","embeddable":true,"href":"https:\/\/rafalk-elblag.pl\/index.php?rest_route=%2Fwp%2Fv2%2Fcategories&post=6026"},{"taxonomy":"post_tag","embeddable":true,"href":"https:\/\/rafalk-elblag.pl\/index.php?rest_route=%2Fwp%2Fv2%2Ftags&post=6026"}],"curies":[{"name":"wp","href":"https:\/\/api.w.org\/{rel}","templated":true}]}}