{"id":6023,"date":"2025-12-28T06:25:29","date_gmt":"2025-12-28T06:25:29","guid":{"rendered":"https:\/\/rafalk-elblag.pl\/?p=6023"},"modified":"2025-12-28T06:25:29","modified_gmt":"2025-12-28T06:25:29","slug":"niedziela-swietej-rodziny","status":"publish","type":"post","link":"https:\/\/rafalk-elblag.pl\/?p=6023","title":{"rendered":"NIEDZIELA \u015aWI\u0118TEJ RODZINY"},"content":{"rendered":"<p><img loading=\"lazy\" decoding=\"async\" class=\"aligncenter\" src=\"https:\/\/rafalk-elblag.pl\/wp-content\/uploads\/2025\/08\/biuletyn-graf.jpg\" width=\"552\" height=\"357\"><\/p>\n<p><strong>Katechizm Ko\u015bcio\u0142a Katolickiego<\/strong><\/p>\n<p>postrzega rodzin\u0119 jako fundamentaln\u0105 wsp\u00f3lnot\u0119, wzorowan\u0105 na Tr\u00f3jcy \u015awi\u0119tej i Ko\u015bciele, opart\u0105 na sakramentalnym ma\u0142\u017ce\u0144stwie m\u0119\u017cczyzny i kobiety, kt\u00f3re jest nierozerwalne, jedyne i ca\u0142kowicie dla siebie oddane, s\u0142u\u017c\u0105c wzajemnemu wzrostowi w mi\u0142o\u015bci i wierze, a tak\u017ce wychowaniu potomstwa. Podkre\u015bla, \u017ce rodzina jest miejscem powo\u0142ania chrze\u015bcija\u0144skiego, a wi\u0119zy rodzinne, cho\u0107 wa\u017cne, maj\u0105 podporz\u0105dkowa\u0107 si\u0119 powo\u0142aniu do na\u015bladowania Chrystusa i przynale\u017cno\u015bci do rodziny Bo\u017cej, co obejmuje tak\u017ce szacunek dla powo\u0142a\u0144 do \u017cycia konsekrowanego i kap\u0142a\u0144skiego.<\/p>\n<p>&nbsp;<strong>Wychowanie do Wiary: <\/strong>Rodzina jest pierwszym miejscem formacji religijnej, gdzie przekazuje si\u0119 wiar\u0119, a rodzice maj\u0105 obowi\u0105zek piel\u0119gnowa\u0107 duchowy rozw\u00f3j dzieci.<\/p>\n<p><strong>Powo\u0142anie Chrze\u015bcija\u0144skie:<\/strong> Wi\u0119zi rodzinne s\u0105 wa\u017cne, ale nadrz\u0119dne jest powo\u0142anie do na\u015bladowania Jezusa. Rodzice powinni wspiera\u0107 dzieci w realizowaniu ich indywidualnych powo\u0142a\u0144, nawet je\u015bli prowadz\u0105 one do \u017cycia konsekrowanego.<\/p>\n<p><strong>Wsp\u00f3lnota Mi\u0142o\u015bci i \u017bycia:<\/strong> Rodzina to komunia os\u00f3b, przekraczaj\u0105ca egoizm, gdzie ma\u0142\u017conkowie s\u0105 dla siebie najwa\u017cniejsi i wspieraj\u0105 si\u0119 wzajemnie w ca\u0142ej sferze \u017cycia.<\/p>\n<p><img loading=\"lazy\" decoding=\"async\" class=\"aligncenter\" src=\"https:\/\/rafalk-elblag.pl\/wp-content\/uploads\/2025\/08\/ogl-graf.png\" width=\"553\" height=\"261\"><\/p>\n<h2 style=\"text-align: center;\"><strong><br \/>\n<span style=\"color: #ff6600;\">OG\u0141OSZENIA PARAFIALNE<\/span><\/strong><\/h2>\n<h2 style=\"text-align: center;\"><span style=\"color: #ff6600;\"><strong>NIEDZIELA \u015aWI\u0118TEJ RODZINY<\/strong><strong>28.12.2025 r.<\/strong><\/span><\/h2>\n<p><strong>&nbsp;<\/strong><\/p>\n<ol>\n<li><strong>UWAGA!!!<\/strong>W TRAKCIE WIZYT DUSZPASTERSKICH CZYLI KOL\u0118DY <strong>NIE B\u0118DZIESPRAWOWANAMSZA\u015aW. O GODZ. 18:00<\/strong> &#8211; ZOSTAJE ONA PRZENIESIONA NA <strong> 15:00.<\/strong><em>Zapraszamy r\u00f3wnie\u017c na <strong>ADORACJE NAJ\u015aWI\u0118TSZEGO SAKRAMENTU<\/strong> we wszystkie niedziele stycznia od godz. 16:00 do godz. 18:00.<\/em><\/li>\n<li>Zapraszamy dzisiaj o godz. 16:00\u2013na wyj\u0105tkowy <strong>KONCERT KOL\u0118DOWY<\/strong> Wykonawcy: Elbl\u0105ski Ch\u00f3r Kameralny, Magdalena Garbecka \u2013 fortepian, Mi\u0142osz Janiak \u2013 dyrygent. <strong><em>Wst\u0119p wolny.<\/em><\/strong><\/li>\n<li>W ostatni\u0105 niedziel\u0119 miesi\u0105ca i roku wolontariusze Caritas zbieraj\u0105 przed ko\u015bcio\u0142em ofiary dla najubo\u017cszych i potrzebuj\u0105cych z naszej parafii. <em>Dzi\u0119kujemy za wsparcie.<\/em><\/li>\n<li>Oktawa Narodzenia Pa\u0144skiego jest przed\u0142u\u017ceniem rado\u015bci wierz\u0105cych z przyj\u015bcia na \u015bwiat Syna Bo\u017cego. <strong><em>Zapraszamy na Msze \u015bw. o godz. 8:00 i 15:00.<\/em><\/strong><\/li>\n<li><strong>W NOWY ROK<\/strong>, (czwartek) Ko\u015bci\u00f3\u0142 obchodzi Uroczysto\u015b\u0107 \u015awi\u0119tej Bo\u017cej Rodzicielki Maryi. Jest to <strong>\u015aWIATOWY DZIE\u0143 MODLITW O POK\u00d3J,<\/strong> pro\u015bmy szczeg\u00f3lnie o ten pok\u00f3j na UKRAINIE i na ca\u0142ym \u015bwiecie.<\/li>\n<\/ol>\n<p><strong><em>Zapraszamy w tym dniu na Msze \u015bw. o godz. 8:00, 10:00, 12:00 i o godz. 18:00.<\/em><\/strong><\/p>\n<ol start=\"6\">\n<li>W tym tygodniu przypada pierwszy czwartek, pi\u0105tek i sobota miesi\u0105ca:<\/li>\n<\/ol>\n<ul>\n<li><strong>I czwartek miesi\u0105ca(1.01.) \u2013<\/strong> zapraszamy na Msz\u0119 \u015bw. <strong>o godz. 15:00,<\/strong> a po niej na Adoracj\u0119. <em>Zapraszamy wszystkie \u201eMargaretki\u201d i osoby modl\u0105ce si\u0119 za kap\u0142an\u00f3w.<\/em><\/li>\n<li><strong>I pi\u0105tek miesi\u0105ca<\/strong><strong>(2.01.)<\/strong> zapraszamy do skorzystania z Sakramentu Spowiedzi od godz. 7:45 lub od godz. 14:45. Zapraszamy na Msze \u015bw. o godz. 8:00 i o godz.15:00. <em>W tym dniu&nbsp; dzieci i m\u0142odzie\u017c zapraszamy szczeg\u00f3lnie na Msz\u0119 \u015bw. o <strong> 15:00. <\/strong><\/em><\/li>\n<li><strong>I sobota miesi\u0105ca (3.01.) z<\/strong>apraszamy na Msz\u0119 \u015bw. godz. <strong>15:00<\/strong> a bezpo\u015brednio po Mszy \u015bw. na NABO\u017bE\u0143STWO WYNAGRADZAJ\u0104CE w ramach nabo\u017ce\u0144stwa pierwszych pi\u0119ciu sob\u00f3t, o kt\u00f3re prosi\u0142a Matka Bo\u017ca w Fatimie.<\/li>\n<\/ul>\n<ol start=\"7\">\n<li>Do chorych z racji&nbsp; pierwszego pi\u0105tku miesi\u0105ca (2.01.) kap\u0142ani udadz\u0105 si\u0119 od godz. 9:30<\/li>\n<li><strong>KANCELARIA PARAFIALNA <\/strong>z racji trwaj\u0105cej KOL\u0118DY czynna b\u0119dzie czynna tylko w sobot\u0119 od godz. 11:00 do 12:30.<\/li>\n<li>Trwa wizyta duszpasterska w naszej parafii. Kol\u0119d\u0119 rozpoczynamy od godz. 16:00. Grafik kol\u0119dy znajdziemy w Biuletynie. <strong>W trakcie kol\u0119dy podczas Mszy \u015bw. o godz. 8:00 i o godz. 15:00 polecamy rodziny do kt\u00f3rych udamy si\u0119 z Wizyt\u0105 Duszpastersk\u0105. <em>Tym bardziej zach\u0119camy osoby dysponuj\u0105ce czasem do wsp\u00f3lnej modlitwy.<\/em><\/strong><\/li>\n<li>Pragn\u0119 poinformowa\u0107 \u017ce pod ch\u00f3rem znajduje si\u0119 naczynie z <strong>WOD\u0104 \u015aWIECON\u0104<\/strong>.<\/li>\n<\/ol>\n<p><u>Prosz\u0119 o&nbsp; zaopatrzenie si\u0119 w te wod\u0119 do po\u015bwiecenia mieszkania podczas kol\u0119dy.<\/u><\/p>\n<ol start=\"11\">\n<li>W tradycji przyj\u0119te jest, \u017ce podczas kol\u0119dy ministranci i lektorzy otrzymuj\u0105 dobrowolne ofiary jako wyraz wdzi\u0119czno\u015bci za pos\u0142ug\u0119 przy O\u0142tarzu Pa\u0144skim. Zebrane ofiary przeznaczone b\u0119d\u0105 na ich wsp\u00f3lny wyjazd. <em>&nbsp;Za okazane dobro dzi\u0119kujemy!<\/em><\/li>\n<\/ol>\n<ol start=\"12\">\n<li><strong><em>Parafian, kt\u00f3rzy pragn\u0105 podzi\u0119kowa\u0107 za ko\u0144cz\u0105cy si\u0119 ROK 2025 zapraszamy w \u015brod\u0119 &nbsp;(31 grudnia) na Msz\u0119 \u015bw. godz. 15:00 oraz na nabo\u017ce\u0144stwo dzi\u0119kczynno-przeb\u0142agalne przed Naj\u015bwi\u0119tszym Sakramentem bezpo\u015brednio po Mszy \u015bw.<\/em><\/strong><\/li>\n<\/ol>\n<ol start=\"13\">\n<li><strong>Dzi\u0119kuj\u0119 tym wszystkim,<\/strong> kt\u00f3rzy w\u0142\u0105czyli si\u0119 w przygotowanie naszego Ko\u015bcio\u0142a do \u015awi\u0105t Bo\u017cego Narodzenia. Szczeg\u00f3lne wyrazy wdzi\u0119czno\u015bci sk\u0142adam panom kt\u00f3rzy pojechali po choinki, pa\u0144stwu Bo\u017cenie, Henrykowi KULIG i pani Ma\u0142gorzacie Tr\u0105bskiej &#8211; zakrystiance oraz wszystkim kt\u00f3rzy po\u015bwiecili sw\u00f3j czas. <strong><em>B\u00f3g zap\u0142a\u0107.<\/em><\/strong><\/li>\n<li>Wszystkim Jubilatom i Solenizantom tego tygodnia \u017cyczymy wielu \u0142ask Bo\u017cych i opieki Matki Bo\u017cej Szkaplerznej.<\/li>\n<li>Za tydzie\u0144 ofiary z\u0142o\u017cone na tac\u0119 przeznaczone b\u0119d\u0105 na sp\u0142at\u0119 nowych organ\u00f3w zakupionych do naszej \u015bwi\u0105tyni. <em>Dzi\u0119kuj\u0119 za zrozumienie i z\u0142o\u017cone ofiary.<\/em><\/li>\n<li><em><u>PROSIMY O ZAMYKANIE DRZWI PRZY WCHODZENIU I WYCHODZENIU Z KO\u015aCIO\u0141A PONIEWA\u017b KO\u015aCI\u00d3\u0141 JEST OGRZEWANY.&nbsp;&nbsp; <strong>DZI\u0118KUJEMY.<\/strong><\/u><\/em><\/li>\n<\/ol>\n<h2 style=\"text-align: center;\"><span style=\"color: #ff6600;\"><strong><u>PROGRAM WIZYTY DUSZPASTERSKIEJ<\/u><\/strong><\/span><\/h2>\n<h2 style=\"text-align: center;\"><span style=\"color: #ff6600;\"><strong><u>W PARAFII \u015aW. RAFA\u0141A KALINOWSKIEGO<\/u><\/strong><\/span><\/h2>\n<p><strong><u>&nbsp;<\/u><\/strong><\/p>\n<table>\n<tbody>\n<tr>\n<td width=\"219\"><strong>Poniedzia\u0142ek<\/strong><\/p>\n<p>29.12.2025r. od 16:00<\/td>\n<td width=\"364\">&nbsp;<\/p>\n<p>ul. Korczaka 1,2,3,4,5,6<\/p>\n<p>ul. Korczaka 7,8,9,10,11,12<\/td>\n<\/tr>\n<tr>\n<td width=\"219\"><strong>Wtorek<\/strong><\/p>\n<p>30.12.2025r. od 16:00<\/td>\n<td width=\"364\">&nbsp;<\/p>\n<p>ul. Korczaka 13, 14, 15, 16, 17, 18<\/p>\n<p>ul. Korczaka 19, 20, 21, 22, 23, 24<\/td>\n<\/tr>\n<tr>\n<td width=\"219\"><strong>Pi\u0105tek<\/strong><\/p>\n<p>2.01.2026r. od 16:00<\/td>\n<td width=\"364\">&nbsp;<\/p>\n<p>ul. Korczaka 25, 26, 27, 28<\/p>\n<p>ul. Korczaka 30, 31, 32, 33<\/td>\n<\/tr>\n<tr>\n<td width=\"219\"><strong>&nbsp;<\/strong><\/p>\n<p><strong>Sobota<\/strong><\/p>\n<p>3.01. 2026 od 16:00<\/p>\n<p><strong>&nbsp;<\/strong><\/td>\n<td width=\"364\">&nbsp;<\/p>\n<p>ul. Brzechwy 1, 2, 3, 4, 6, 7<\/p>\n<p>ul. Brzechwy 8, 9, 10, 11, 12, 13<\/p>\n<p>&nbsp;<\/td>\n<\/tr>\n<\/tbody>\n<\/table>\n<p><strong><u>&nbsp;<\/u><\/strong><\/p>\n<p><strong>&nbsp;<\/strong><\/p>\n<p><span style=\"color: #ff6600;\"><strong>Prosimy o przygotowanie si\u0119 do wizyty duszpasterskiej:<\/strong><\/span><\/p>\n<p><span style=\"color: #ff6600;\"><strong>&nbsp;<\/strong><\/span><\/p>\n<ul>\n<li><span style=\"color: #000000;\">Obecna ca\u0142a rodzina<\/span><\/li>\n<li><span style=\"color: #000000;\">Dzieci przygotowuj\u0105 zeszyty do religii, ziarenka potwierdzaj\u0105ce udzia\u0142 we Mszy \u015bw. niedzielnej a m\u0142odzie\u017c ksi\u0105\u017ceczki od przygotowania do Sakramentu Bierzmowania<\/span><\/li>\n<li><span style=\"color: #000000;\">Bia\u0142y obrus, Pismo \u015awi\u0119te, Krzy\u017c, \u015bwiecznik, woda \u015bwi\u0119cona, kropid\u0142o<\/span><\/li>\n<li><span style=\"color: #000000;\"><strong><em>Tematyk\u0105 tegorocznej kol\u0119dy: <\/em><\/strong><\/span><\/li>\n<\/ul>\n<p><span style=\"color: #ff6600;\"><strong><em>BO\u017bE NARODZENIE LATARNI\u0104 NADZIEI<\/em><\/strong><\/span><\/p>\n<p>&nbsp;<\/p>\n<h2 style=\"text-align: center;\"><span style=\"color: #ff6600;\"><strong>UWAGA !!! Kol\u0119dy rozpoczynamy od godz. 16:00<\/strong><\/span><\/h2>\n<h4><em><img loading=\"lazy\" decoding=\"async\" class=\"aligncenter\" src=\"https:\/\/rafalk-elblag.pl\/wp-content\/uploads\/2025\/08\/intencje-gragika.jpg\" width=\"552\" height=\"276\"><\/em><\/h4>\n<table width=\"721\">\n<tbody>\n<tr>\n<td colspan=\"2\" width=\"721\">\n<h2 style=\"text-align: center;\"><strong><br \/>\n<span style=\"color: #ff6600;\">NIEDZIELA \/ 28 grudzie\u0144 2025 \/ Mt 2, 13 \u2013 15. 19 \u2013 23 <\/span><\/strong><\/h2>\n<h2 style=\"text-align: center;\"><span style=\"color: #ff6600;\"><strong>\u015aWI\u0118TO \u015aW. RODZINY \u2013 JEZUSA, MARYI I J\u00d3ZEFA <\/strong><\/span><\/h2>\n<\/td>\n<\/tr>\n<tr>\n<td width=\"54\"><span style=\"color: #ff6600;\"><strong>8.00<\/strong><\/span><\/td>\n<td width=\"667\">Za rodziny naszej parafii do kt\u00f3rych udamy si\u0119 wizyt\u0105 duszpastersk\u0105<\/td>\n<\/tr>\n<tr>\n<td width=\"54\"><span style=\"color: #ff6600;\"><strong>10.00<\/strong><\/span><\/td>\n<td width=\"667\">Dzi\u0119kczynna w 35 rocznic\u0119 \u015blubu Jolanty i Ryszarda \u015awiatkowskich, z pro\u015bb\u0105 o Bo\u017ce b\u0142ogos\u0142awie\u0144stwo, potrzebne \u0142aski, dary Ducha \u015awi\u0119tego dla per\u0142owych Jubilat\u00f3w<\/td>\n<\/tr>\n<tr>\n<td width=\"54\"><span style=\"color: #ff6600;\"><strong>12.00<\/strong><\/span><\/td>\n<td width=\"667\"><span style=\"color: #ff0000;\"><strong>ZA PARAFIAN<\/strong><\/span><\/td>\n<\/tr>\n<tr>\n<td width=\"54\"><span style=\"color: #ff6600;\"><strong>15.00<\/strong><\/span><\/td>\n<td width=\"667\">\u015ap. Maksymiliana w 39 rocznic\u0119 \u015bmierci, Mart\u0119 w 20 rocznic\u0119 \u015bmierci i zmar\u0142ych z rodziny SZYD\u0141OWSKICH<\/td>\n<\/tr>\n<tr>\n<td width=\"54\"><span style=\"color: #ff6600;\"><strong>18:00<\/strong><\/span><\/td>\n<td width=\"667\">Dzi\u0119kczynna w 19 rocznic\u0119 \u015blubu Magdaleny i Piotra ASIUKIEWICZ z pro\u015bb\u0105 o Bo\u017ce b\u0142ogos\u0142awie\u0144stwo dla ca\u0142ej rodziny<\/td>\n<\/tr>\n<tr>\n<td colspan=\"2\" width=\"721\">\n<h2 style=\"text-align: center;\"><span style=\"color: #ff6600;\"><strong>PONIEDZIA\u0141EK \/ 29 grudzie\u0144 2025 \/ \u0141k&nbsp; 2, 22 \u2013 35<\/strong><\/span><\/h2>\n<\/td>\n<\/tr>\n<tr>\n<td width=\"54\"><span style=\"color: #ff6600;\"><strong>8.00<\/strong><\/span><\/td>\n<td width=\"667\">Dzi\u0119kczynna za otrzymane \u0142aski w ko\u0144cz\u0105cym si\u0119 roku z pro\u015bb\u0105 o Bo\u017ce b\u0142ogos\u0142awie\u0144stwo<br \/>\ni opiek\u0119 Matki Bo\u017cej na kolejny rok dla Jadwigi RO\u017bENTALSKIEJ<\/td>\n<\/tr>\n<tr>\n<td width=\"54\"><span style=\"color: #ff6600;\"><strong>15:00<\/strong><\/span><\/td>\n<td width=\"667\">Dzi\u0119kczynna z okazji 15 rocznicy urodzin Zuzanny WI\u015aNIEWSKIEJ z pro\u015bb\u0105 o Bo\u017ce b\u0142ogos\u0142awie\u0144stwo, zdrowie i potrzebne \u0142aski<\/td>\n<\/tr>\n<tr>\n<td colspan=\"2\" width=\"721\">\n<h2 style=\"text-align: center;\"><strong><span style=\"color: #ff6600;\">WTOREK \/ 30 grudzie\u0144 2025 \/&nbsp;&nbsp; \u0141k 2, 36 \u2013 40<\/span><\/strong><\/h2>\n<\/td>\n<\/tr>\n<tr>\n<td width=\"54\"><span style=\"color: #ff6600;\"><strong>8.00<\/strong><\/span><\/td>\n<td width=\"667\">Dzi\u0119kczynno-b\u0142agalna o Bo\u017ce b\u0142ogos\u0142awie\u0144stwo i obfite \u0142aski dla Eugeniusza w dniu imienin<\/td>\n<\/tr>\n<tr>\n<td width=\"54\"><span style=\"color: #ff6600;\"><strong>15:00<\/strong><\/span><\/td>\n<td width=\"667\">\u015ap. Dariusza OLSZAKA w 30 dniu po pogrzebie<\/td>\n<\/tr>\n<tr>\n<td colspan=\"2\" width=\"721\">\n<h2 style=\"text-align: center;\"><span style=\"color: #ff6600;\"><strong>\u015aRODA \/ 31 grudzie\u0144 2025 \/ J 1, 1 \u2013 18<\/strong><\/span><\/h2>\n<\/td>\n<\/tr>\n<tr>\n<td width=\"54\"><span style=\"color: #ff6600;\"><strong>8.00<\/strong><\/span><\/td>\n<td width=\"667\">\u015ap. Jana(m) SO\u0141TYSA w 1 rocznic\u0119 \u015bmierci<\/td>\n<\/tr>\n<tr>\n<td width=\"54\"><span style=\"color: #ff6600;\"><strong>15:00<\/strong><\/span><\/td>\n<td width=\"667\"><span style=\"color: #ff0000;\"><strong>ZA PARAFIAN \u2013 Dzi\u0119kczynna za ko\u0144cz\u0105cy si\u0119 rok z pro\u015bb\u0105 o Bo\u017ce b\u0142ogos\u0142awie\u0144stwo w Nowym Roku <\/strong><\/span><\/td>\n<\/tr>\n<tr>\n<td colspan=\"2\" width=\"721\">\n<h2 style=\"text-align: center;\"><span style=\"color: #ff6600;\"><strong>CZWARTEK \/ 1 stycze\u0144 2026 \/ \u0141k 2, 16 \u2013 21<\/strong><\/span><\/h2>\n<h2 style=\"text-align: center;\"><span style=\"color: #ff6600;\"><strong>UROCZYSTO\u015a\u0106 \u015aWI\u0118TEJ BO\u017bEJ RODZICIELKI MARYI<\/strong><\/span><\/h2>\n<\/td>\n<\/tr>\n<tr>\n<td width=\"54\"><span style=\"color: #ff6600;\"><strong>8:00<\/strong><\/span><\/td>\n<td width=\"667\">\u015ap. Monik\u0119 MA\u0143SK\u0104 \u2013 1 msza gregoria\u0144ska<\/td>\n<\/tr>\n<tr>\n<td width=\"54\"><span style=\"color: #ff6600;\"><strong>10:00<\/strong><\/span><\/td>\n<td width=\"667\">Dzi\u0119kczynna za otrzymane \u0142aski z pro\u015bb\u0105 o dalsz\u0105 opiek\u0119, Bo\u017ce b\u0142ogos\u0142awie\u0144stwo w Nowym Roku dla ca\u0142ej rodziny WALA<\/td>\n<\/tr>\n<tr>\n<td width=\"54\"><span style=\"color: #ff6600;\"><strong>12:00<\/strong><\/span><\/td>\n<td width=\"667\"><span style=\"color: #ff0000;\"><strong>ZA PARAFIAN<\/strong><\/span><\/td>\n<\/tr>\n<tr>\n<td width=\"54\"><span style=\"color: #ff6600;\"><strong>18:00<\/strong><\/span><\/td>\n<td width=\"667\">\u015ap. Jerzego SZAFRAN w 30 dniu po pogrzebie<\/td>\n<\/tr>\n<tr>\n<td colspan=\"2\" width=\"721\">\n<h2 style=\"text-align: center;\"><span style=\"color: #ff6600;\"><strong>PI\u0104TEK \/ 2 stycze\u0144 2026 \/ J 1 , 19 \u2013 28<\/strong><\/span><\/h2>\n<h2 style=\"text-align: center;\"><span style=\"color: #ff6600;\"><strong>WSPOMNIENIE \u015aW. BAZYLEGO WIELKIEGO<br \/>\nI GRZEGORZA Z NAZJANZU <\/strong><\/span><\/h2>\n<\/td>\n<\/tr>\n<tr>\n<td width=\"54\"><span style=\"color: #ff6600;\"><strong>8.00<\/strong><\/span><\/td>\n<td width=\"667\">\u015ap. Monik\u0119 MA\u0143SK\u0104 \u2013 2 msza gregoria\u0144ska<\/td>\n<\/tr>\n<tr>\n<td width=\"54\"><span style=\"color: #ff6600;\"><strong>15.00<\/strong><\/span><\/td>\n<td width=\"667\">\u015ap. Apoloniusza KOMUDA w 13 rocznic\u0119 \u015bmierci oraz zmar\u0142ych rodzic\u00f3w i rodze\u0144stwo z obojga stron<\/td>\n<\/tr>\n<tr>\n<td colspan=\"2\" width=\"721\">\n<h2 style=\"text-align: center;\"><span style=\"color: #ff6600;\"><strong>SOBOTA \/ 3 stycze\u0144 2026 \/ J 1, 29 \u2013 34<\/strong><\/span><\/h2>\n<h2 style=\"text-align: center;\"><span style=\"color: #ff6600;\"><strong> WSPOMNIENIE NAJ\u015aWI\u0118TSZEGO IMIENIA JEZUS<\/strong><\/span><\/h2>\n<\/td>\n<\/tr>\n<tr>\n<td width=\"54\"><span style=\"color: #ff6600;\"><strong>8.00<\/strong><\/span><\/td>\n<td width=\"667\">\u015ap. Monik\u0119 MA\u0143SK\u0104 \u2013 3 msza gregoria\u0144ska<\/td>\n<\/tr>\n<tr>\n<td width=\"54\"><span style=\"color: #ff6600;\"><strong>15:00<\/strong><\/span><\/td>\n<td width=\"667\">O Bo\u017ce b\u0142ogos\u0142awie\u0144stwo dla \u017cywych, \u0142ask\u0119 zdrowia dla chorych i Bo\u017ce mi\u0142osierdzie dla zmar\u0142ych cz\u0142onk\u00f3w wsp\u00f3lnoty \u017bywego R\u00f3\u017ca\u0144ca z naszej parafii<\/td>\n<\/tr>\n<tr>\n<td colspan=\"2\" width=\"721\">\n<h2 style=\"text-align: center;\"><span style=\"color: #ff6600;\"><strong>NIEDZIELA \/ 4 stycze\u0144 2026 \/ J 1, 1 \u2013 18&nbsp; <\/strong><\/span><\/h2>\n<\/td>\n<\/tr>\n<tr>\n<td width=\"54\"><span style=\"color: #ff6600;\"><strong>8.00<\/strong><\/span><\/td>\n<td width=\"667\">O do\u015bwiadczenie Bo\u017cej mi\u0142o\u015bci, przemian\u0119 serca i powr\u00f3t do Boga dla Karoliny<br \/>\ni Oskara oraz Sebastiana i Natalii<\/td>\n<\/tr>\n<tr>\n<td width=\"54\"><span style=\"color: #ff6600;\"><strong>10:00<\/strong><\/span><\/td>\n<td width=\"667\">\u015ap. Monik\u0119 MA\u0143SK\u0104 \u2013 4 msza gregoria\u0144ska<\/td>\n<\/tr>\n<tr>\n<td width=\"54\"><span style=\"color: #ff6600;\"><strong>12.00<\/strong><\/span><\/td>\n<td width=\"667\"><span style=\"color: #ff0000;\"><strong>ZA PARAFIAN<\/strong><\/span><\/td>\n<\/tr>\n<tr>\n<td width=\"54\"><span style=\"color: #ff6600;\"><strong>12.00<\/strong><\/span><\/td>\n<td width=\"667\">\u015ap. Ryszardy(k) TOMCZAK w 4 rocznic\u0119 \u015bmierci<\/td>\n<\/tr>\n<tr>\n<td width=\"54\"><span style=\"color: #ff6600;\"><strong>15.00<\/strong><\/span><\/td>\n<td width=\"667\">\u015ap. Boles\u0142awa Malinowskiego w 7 rocznic\u0119 \u015bmierci<\/td>\n<\/tr>\n<tr>\n<td width=\"54\"><span style=\"color: #ff6600;\"><strong>18:00<\/strong><\/span><\/td>\n<td width=\"667\">\u015ap. Janina JANTA \u2013 LIPI\u0143SKA z okazji ziemskich urodzin oraz zmar\u0142ych z rodziny<\/td>\n<\/tr>\n<\/tbody>\n<\/table>\n<p>&nbsp;<\/p>\n<p>&nbsp;<\/p>\n","protected":false},"excerpt":{"rendered":"<p>Katechizm Ko\u015bcio\u0142a Katolickiego postrzega rodzin\u0119 jako fundamentaln\u0105 wsp\u00f3lnot\u0119, wzorowan\u0105 na Tr\u00f3jcy \u015awi\u0119tej i Ko\u015bciele, opart\u0105 na sakramentalnym ma\u0142\u017ce\u0144stwie m\u0119\u017cczyzny i kobiety, kt\u00f3re jest nierozerwalne, jedyne i ca\u0142kowicie dla siebie oddane, s\u0142u\u017c\u0105c wzajemnemu wzrostowi w mi\u0142o\u015bci i wierze, a tak\u017ce wychowaniu potomstwa. Podkre\u015bla, \u017ce rodzina jest miejscem powo\u0142ania chrze\u015bcija\u0144skiego, a wi\u0119zy rodzinne, cho\u0107 wa\u017cne, maj\u0105 podporz\u0105dkowa\u0107 [&hellip;]<\/p>\n","protected":false},"author":1,"featured_media":6024,"comment_status":"closed","ping_status":"closed","sticky":false,"template":"","format":"standard","meta":{"ngg_post_thumbnail":0,"footnotes":""},"categories":[11,8,4,3],"tags":[],"class_list":["post-6023","post","type-post","status-publish","format-standard","has-post-thumbnail","hentry","category-aktualnosci","category-blog","category-intencje","category-ogloszenia"],"_links":{"self":[{"href":"https:\/\/rafalk-elblag.pl\/index.php?rest_route=\/wp\/v2\/posts\/6023","targetHints":{"allow":["GET"]}}],"collection":[{"href":"https:\/\/rafalk-elblag.pl\/index.php?rest_route=\/wp\/v2\/posts"}],"about":[{"href":"https:\/\/rafalk-elblag.pl\/index.php?rest_route=\/wp\/v2\/types\/post"}],"author":[{"embeddable":true,"href":"https:\/\/rafalk-elblag.pl\/index.php?rest_route=\/wp\/v2\/users\/1"}],"replies":[{"embeddable":true,"href":"https:\/\/rafalk-elblag.pl\/index.php?rest_route=%2Fwp%2Fv2%2Fcomments&post=6023"}],"version-history":[{"count":1,"href":"https:\/\/rafalk-elblag.pl\/index.php?rest_route=\/wp\/v2\/posts\/6023\/revisions"}],"predecessor-version":[{"id":6025,"href":"https:\/\/rafalk-elblag.pl\/index.php?rest_route=\/wp\/v2\/posts\/6023\/revisions\/6025"}],"wp:featuredmedia":[{"embeddable":true,"href":"https:\/\/rafalk-elblag.pl\/index.php?rest_route=\/wp\/v2\/media\/6024"}],"wp:attachment":[{"href":"https:\/\/rafalk-elblag.pl\/index.php?rest_route=%2Fwp%2Fv2%2Fmedia&parent=6023"}],"wp:term":[{"taxonomy":"category","embeddable":true,"href":"https:\/\/rafalk-elblag.pl\/index.php?rest_route=%2Fwp%2Fv2%2Fcategories&post=6023"},{"taxonomy":"post_tag","embeddable":true,"href":"https:\/\/rafalk-elblag.pl\/index.php?rest_route=%2Fwp%2Fv2%2Ftags&post=6023"}],"curies":[{"name":"wp","href":"https:\/\/api.w.org\/{rel}","templated":true}]}}