{"id":5993,"date":"2025-12-19T20:21:31","date_gmt":"2025-12-19T20:21:31","guid":{"rendered":"https:\/\/rafalk-elblag.pl\/?p=5993"},"modified":"2025-12-19T20:21:31","modified_gmt":"2025-12-19T20:21:31","slug":"iv-niedziela-adwentu","status":"publish","type":"post","link":"https:\/\/rafalk-elblag.pl\/?p=5993","title":{"rendered":"IV NIEDZIELA ADWENTU"},"content":{"rendered":"<p><img loading=\"lazy\" decoding=\"async\" class=\"aligncenter\" src=\"https:\/\/rafalk-elblag.pl\/wp-content\/uploads\/2025\/08\/biuletyn-graf.jpg\" width=\"552\" height=\"357\"><\/p>\n<p><em>B\u00f3g przynosi nam czu\u0142o\u015b\u0107 na ziemi\u0119. Dzisiaj! W ten cudowny spos\u00f3b, poprzez kt\u00f3ry chcia\u0142 przyj\u015b\u0107 na \u015bwiat. To sprawia, \u017ce odradza si\u0119 w nas czu\u0142o\u015b\u0107, czu\u0142o\u015b\u0107 ludzka, kt\u00f3ra jest bliska tej Boskiej. (\u2026) Jezus w \u017c\u0142\u00f3bku wskazuje nam drog\u0119 czu\u0142o\u015bci, aby by\u0107 blisko, aby by\u0107 ludzkim.<\/em><\/p>\n<p>PAPIE\u017b FRANCISZEK, AUDIENCJA OG\u00d3LNA, 23.12.2020 R.<\/p>\n<p><strong><em>Umi\u0142owani Parafianie!<\/em><\/strong><\/p>\n<p>W \u015bwi\u0119t\u0105 noc Bo\u017cego Narodzenia B\u00f3g raz jeszcze pochyla si\u0119 nad \u015bwiatem i nad ka\u017cdym ludzkim sercem. W ciszy betlejemskiej groty rodzi si\u0119 Ten, kt\u00f3ry jest Pokojem, Nadziej\u0105 i Mi\u0142o\u015bci\u0105. Spe\u0142niaj\u0105 si\u0119 s\u0142owa Pisma \u015awi\u0119tego: <em>\u201eNar\u00f3d krocz\u0105cy w ciemno\u015bciach ujrza\u0142 \u015bwiat\u0142o\u015b\u0107 wielk\u0105\u201d<\/em> (Iz 9,1).<\/p>\n<p>W narodzeniu Jezusa widzimy Boga, kt\u00f3ry staje si\u0119 jednym z nas, aby\u015bmy mogli sta\u0107 si\u0119 jedno z Nim. To jest prawdziwa tajemnica mi\u0142o\u015bci i zbawienia, kt\u00f3r\u0105 celebrujemy w tym szczeg\u00f3lnym czasie. Niech ta mi\u0142o\u015b\u0107, kt\u00f3r\u0105 otrzymujemy od Boga, przypomni nam o potrzebie mi\u0142o\u015bci, hojno\u015bci i budowaniu wsp\u00f3lnoty w naszym codziennym \u017cyciu.<\/p>\n<p>\u015awi\u0119ty Augustyn rozwa\u017caj\u0105c tajemnic\u0119 Wcielenia, pisa\u0142: \u201e<strong><em>Ten<\/em><\/strong> <strong><em>kt\u00f3ry<\/em><\/strong> <strong><em>stworzy\u0142<\/em><\/strong> <strong><em>ci\u0119<\/em><\/strong> <strong><em>bez<\/em><\/strong>&nbsp;&nbsp;&nbsp;&nbsp;&nbsp;&nbsp;&nbsp;&nbsp;&nbsp;&nbsp;<\/p>\n<p><strong>&nbsp;<\/strong><\/p>\n<p><em><strong>ciebie, nie<\/strong><\/em><em> <strong>zbawi<\/strong> <strong>ci\u0119<\/strong> <strong>bez<\/strong> <strong>ciebie\u201d<\/strong><\/em>. Bo\u017ce Narodzenie zaprasza nas, aby\u015bmy otworzyli serca na dar zbawienia i pozwolili, by Chrystus narodzi\u0142 si\u0119 w naszej codzienno\u015bci \u2014 w relacjach, w przebaczeniu, w cichym dobru.<\/p>\n<p>Papie\u017c Benedykt XVI przypomina\u0142, \u017ce \u015bwiat potrzebuje nie tyle wielkich s\u0142\u00f3w, ile \u015bwiat\u0142a, kt\u00f3re p\u0142ynie od Chrystusa. To \u015bwiat\u0142o nie o\u015blepia, lecz ogrzewa; nie os\u0105dza, lecz prowadzi ku pokojowi. Przyjmuj\u0105c Jezusa, pozwalamy, aby Bo\u017ca mi\u0142o\u015b\u0107 przemienia\u0142a nasze l\u0119ki w ufno\u015b\u0107, a niepok\u00f3j w nadziej\u0119.<\/p>\n<p>Z ca\u0142ego serca \u017cyczymy Wam, aby nowonarodzony Pan nape\u0142ni\u0142 Wasze domy pokojem, serca g\u0142\u0119bok\u0105 rado\u015bci\u0105, a ka\u017cdy dzie\u0144 \u015bwiat\u0142em nadziei. Niech umacnia chorych, pociesza strapionych, obdarza samotnych blisko\u015bci\u0105, a wszystkim daje pewno\u015b\u0107, \u017ce B\u00f3g jest zawsze blisko.<\/p>\n<p>Niech \u015awi\u0119ta Bo\u017cego Narodzenia b\u0119d\u0105 czasem wewn\u0119trznego wyciszenia, wdzi\u0119czno\u015bci i odnowionej wiary, a Nowy Rok prowadzi Was drogami pokoju.<\/p>\n<p>&nbsp;&nbsp;&nbsp;&nbsp;&nbsp;&nbsp;&nbsp;&nbsp;&nbsp;&nbsp;&nbsp; Z modlitw\u0105 i pasterskim b\u0142ogos\u0142awie\u0144stwem<\/p>\n<p><strong>Duszpasterze Waszej Parafii<\/strong><\/p>\n<p><strong><em>Ks. Proboszcz&nbsp; kan. Wojciech Zwolicki <\/em><\/strong><\/p>\n<p><strong><em>Ks. Wikariusz Adam Gapys<\/em><\/strong><\/p>\n<p><img loading=\"lazy\" decoding=\"async\" class=\"aligncenter\" src=\"https:\/\/rafalk-elblag.pl\/wp-content\/uploads\/2025\/08\/ogl-graf.png\" width=\"553\" height=\"261\"><\/p>\n<p><strong>&nbsp;<\/strong><\/p>\n<h2 style=\"text-align: center;\"><strong><span style=\"color: #ff9900;\">OG\u0141OSZENIA PARAFIALNE&nbsp;<\/span> <\/strong><\/h2>\n<h2 style=\"text-align: center;\"><span style=\"color: #800080;\"><strong>&nbsp;IV<\/strong><strong>NIEDZIELA ADWENTU<\/strong><strong>21.12.2025 r.<\/strong><\/span><\/h2>\n<h2 style=\"text-align: center;\"><span style=\"color: #ff9900;\"><strong>UROCZYSTO\u015a\u0106 BO\u017bEGO NARODZENIA 25.12.2025 r.<\/strong><\/span><\/h2>\n<ol>\n<li>Przed ko\u015bcio\u0142em mo\u017cemy wesprze\u0107 dowolnymi datkami harcerki z 32 Elbl\u0105skiej \u017be\u0144skiej Dru\u017cyny kt\u00f3re czekaj\u0105 z pysznymi piernikami. T\u0105 dzisiejsz\u0105 inicjatyw\u0105 chc\u0105 zebra\u0107 potrzebne \u015brodki, by wzi\u0105\u0107 udzia\u0142 w <strong>\u015aWIATOWYM ZLOCIE SKAUT\u00d3W 2027 roku.<\/strong><\/li>\n<li>Mamy jeszcze mo\u017cliwo\u015b\u0107 nabycia w zakrystii \u015bwiec na st\u00f3\u0142 wigilijny w ramach akcji <strong><em>\u201eWigilijne Dzie\u0142o Pomocy Dzieciom\u201d <\/em><\/strong>w cenie 15 z\u0142. <em>Je\u015bli kto\u015b nie ma jeszcze po\u015bwi\u0119conego op\u0142atka na st\u00f3\u0142 wigilijny, mo\u017ce go naby\u0107 w zakrystii. <\/em><\/li>\n<li><strong><u>We wtorek 23 grudnia zapraszamy na ADORACJ\u0118 od godz. 19:00 do godz. 20:00 z mo\u017cliwo\u015bci\u0105 skorzystania z SAKRAMENTU SPOWIEDZI. <\/u><\/strong><em><u>Uczy\u0144my wszystko, by tegoroczne \u015bwi\u0119ta prze\u017cywa\u0107 w prawdziwej rado\u015bci z Narodzin Dzieci\u0105tka Jezus.<\/u><\/em><\/li>\n<li>W \u015brod\u0119 24 grudnia br. o godz. 6:30 ostatnie RORARY. W tym dniu po Mszy \u015bw. b\u0119dzie mo\u017cliwo\u015b\u0107 zabrania do domu <strong>\u015aWIATE\u0141KA BETLEJEMSKIEGO<\/strong> przyniesionego przez <em>Po Mszy \u015bw. b\u0119dzie jeszcze mo\u017cliwo\u015b\u0107 skorzystania z SAKRAMENTU SPOWIEDZI. Zapraszamy.<\/em><\/li>\n<li>Zapraszam 24 grudnia na Msze \u015bw. o godz. 6:30 w intencji ks. Adama Gapys z okazji Jego urodzin i imienin. Niech nasza obecno\u015b\u0107 i modlitwa wyprasza czcigodnemu Jubilatowi i Solenizantowi potrzebne \u0142aski i dary w dalszej pos\u0142udze kap\u0142a\u0144skiej.<\/li>\n<li>Zach\u0119camy do godnego prze\u017cycia <strong>WIGILII BO\u017bEGO NARODZENIA<\/strong>. <strong>W tym roku mamy mo\u017cliwo\u015b\u0107 wybra\u0107 si\u0119 na Pasterk\u0119 o godz. 22:00<\/strong><strong> i o godz. 24:00.<\/strong> W Uroczysto\u015b\u0107 Narodzenia Pa\u0144skiego Msze b\u0119d\u0105 odprawiane o godz. 8:00, 10:00, 12:00 i 18:00. <strong><u>Nie ma Mszy \u015bw. o godz.&nbsp;15:00.<\/u><\/strong><em>Przypominamy, \u017ce wed\u0142ug tradycji, wieczerza wigilijna powinna by\u0107 posi\u0142kiem bezmi\u0119snym i rozpoczyna\u0107 si\u0119 odczytaniem fragmentu Ewangelii i modlitw\u0105. <\/em><\/li>\n<\/ol>\n<p><strong>Na stole wigilijnym niech zap\u0142onie \u015aWIECA CARITAS<\/strong><em>.<\/em><\/p>\n<ol start=\"7\">\n<li>W drugi dzie\u0144 \u015bwi\u0105t, taca przeznaczona jest na KATOLICKI UNIWERSYTET LUBELSKI oraz na Wy\u017csze Seminarium Duchowne Diecezji Elbl\u0105skiej. <em>B\u00f3g zap\u0142a\u0107 za z\u0142o\u017cone ofiary. <strong>Msze \u015bw. w tym dniu o godz. 8:00, 10:00, 12:00 i o godz. 18:00.<\/strong><\/em><\/li>\n<li>Oktawa Narodzenia Pa\u0144skiego jest przed\u0142u\u017ceniem rado\u015bci wierz\u0105cych z przyj\u015bcia na \u015bwiat Syna Bo\u017cego. <strong><em>Zapraszamy na Msze \u015bw. o godz. 8:00 i 15:00.<\/em><\/strong><\/li>\n<li>W sobot\u0119 27 grudnia podczas Mszy \u015bw. o godz. 8:00 i 15:00 z racji \u015bwi\u0119ta \u015bw. Jana Aposto\u0142a i Ewangelisty, b\u0119dzie mo\u017cliwo\u015b\u0107 po\u015bwi\u0119cenia przyniesionego wina.<\/li>\n<li><strong>WIZYTY DUSZPASTERSKIE <\/strong>w tym roku rozpoczniemy 27 grudnia (sobota) o godz. 16:00 od Janiny Porazi\u0144skiej, Lubelskiej i Og\u00f3lnej.<\/li>\n<li><strong>UWAGA!!!<\/strong>W TRAKCIE WIZYT DUSZPASTERSKICH CZYLI KOL\u0118DY <strong>NIE B\u0118DZIESPRAWOWANAMSZA\u015aW. O GODZ. 18:00<\/strong> &#8211; ZOSTAJE ONA PRZENIESIONA NA GODZ. 15:00. Zapraszamy r\u00f3wnie\u017c na <strong>ADORACJE NAJ\u015aWI\u0118TSZEGO SAKRAMENTU<\/strong> we wszystkie niedziele stycznia od godz. 16:00 do godz. 18:00.<\/li>\n<li>W niedziel\u0119 28 grudnia o godz. 16:00 &#8211; wyj\u0105tkowy <strong>KONCERT KOL\u0118DOWY<\/strong> Wykonawcy: Elbl\u0105ski Ch\u00f3r Kameralny, Magdalena Garbecka \u2013 fortepian, Mi\u0142osz Janiak \u2013 dyrygent. <em>Wst\u0119p wolny.<\/em><\/li>\n<li>W ostatni\u0105 niedziel\u0119 miesi\u0105ca (28grudnia) wolontariusze Caritas b\u0119d\u0105 zbiera\u0107 przed ko\u015bcio\u0142em ofiary dla najubo\u017cszych i potrzebuj\u0105cych z naszej parafii.<\/li>\n<li>Zach\u0119camy do nabywania \u015bwi\u0105tecznego numeru <strong>\u201eGo\u015bcia Niedzielnego\u201d <\/strong>z dodatkiem \u201eGo\u015b\u0107 Elbl\u0105ski\u201d.<\/li>\n<li>Pan powo\u0142a\u0142 do wieczno\u015bci: \u015bp. Wies\u0142aw\u0119 KIE\u0141BASA lat 67 z ul. Korczaka<\/li>\n<\/ol>\n<h4><em><img loading=\"lazy\" decoding=\"async\" class=\"aligncenter\" src=\"https:\/\/rafalk-elblag.pl\/wp-content\/uploads\/2025\/08\/intencje-gragika.jpg\" width=\"552\" height=\"276\"><\/em><\/h4>\n<table width=\"721\">\n<tbody>\n<tr>\n<td colspan=\"2\" width=\"721\">\n<h2><strong><br \/>\n<span style=\"color: #800080;\">NIEDZIELA \/ 21 grudzie\u0144 2025 \/ Mt 1, 18 \u2013 24 <\/span><\/strong><\/h2>\n<\/td>\n<\/tr>\n<tr>\n<td width=\"67\">\n<p style=\"text-align: center;\"><span style=\"color: #800080;\"><strong>8.00<\/strong><\/span><\/p>\n<\/td>\n<td width=\"654\">\u015ap. Janin\u0119 BA\u0143KOWSK\u0104, Teres\u0119 BA\u0143KOWSK\u0104 oraz, Janin\u0119 i Piotra POSKROBKO<\/td>\n<\/tr>\n<tr>\n<td width=\"67\">\n<p style=\"text-align: center;\"><span style=\"color: #800080;\"><strong>10.00<\/strong><\/span><\/p>\n<\/td>\n<td width=\"654\">Dzi\u0119kczynna w 30 rocznic\u0119 \u015blubu Natalii i Artura KARPOWICZ z pro\u015bb\u0105 o Bo\u017ce b\u0142ogos\u0142awie\u0144stwo i potrzebne \u0142aski dla Per\u0142owych Jubilat\u00f3w oraz w 50 rocznic\u0119 urodzin Natalii o wszelkie potrzebne \u0142aski<\/td>\n<\/tr>\n<tr>\n<td width=\"67\">\n<p style=\"text-align: center;\"><span style=\"color: #800080;\"><strong>12.00<\/strong><\/span><\/p>\n<\/td>\n<td width=\"654\">\n<p style=\"text-align: left;\"><span style=\"color: #ff0000;\"><strong>ZA PARAFIAN<\/strong><\/span><\/p>\n<\/td>\n<\/tr>\n<tr>\n<td width=\"67\">\n<p style=\"text-align: center;\"><strong>15.00<\/strong><\/p>\n<\/td>\n<td width=\"654\">\u015ap. Edwarda, Janin\u0119 i Czes\u0142awa(m)<\/td>\n<\/tr>\n<tr>\n<td width=\"67\">\n<p style=\"text-align: center;\"><span style=\"color: #800080;\"><strong>18:00<\/strong><\/span><\/p>\n<\/td>\n<td width=\"654\">\u015ap. Zofi\u0119 FLISEK w 1 rocznic\u0119 \u015bmierci<\/td>\n<\/tr>\n<tr>\n<td colspan=\"2\" width=\"721\">\n<h2 style=\"text-align: center;\"><span style=\"color: #800080;\"><strong>PONIEDZIA\u0141EK \/ 22 grudzie\u0144 2025 \/ \u0141k&nbsp; 1, 46 \u2013 56<\/strong><\/span><\/h2>\n<\/td>\n<\/tr>\n<tr>\n<td width=\"67\">\n<p style=\"text-align: center;\"><span style=\"color: #800080;\"><strong>6.30<\/strong><\/span><\/p>\n<\/td>\n<td width=\"654\">\u015ap. Janin\u0119 OBR\u0118BSK\u0104 w 3 rocznic\u0119 \u015bmierci<\/td>\n<\/tr>\n<tr>\n<td width=\"67\">\n<p style=\"text-align: center;\"><span style=\"color: #800080;\"><strong>18:00<\/strong><\/span><\/p>\n<\/td>\n<td width=\"654\">\u015ap. Jadwig\u0119 i Stanis\u0142awa(m) BYZDRA w 31 rocznic\u0119 \u015bmierci i dziadk\u00f3w z obojga stron<\/td>\n<\/tr>\n<tr>\n<td colspan=\"2\" width=\"721\">\n<h2 style=\"text-align: center;\"><span style=\"color: #800080;\"><strong>WTOREK \/ 23 grudzie\u0144 2025 \/&nbsp;&nbsp; \u0141k 1, 57 \u2013 66<\/strong><\/span><\/h2>\n<\/td>\n<\/tr>\n<tr>\n<td width=\"67\">\n<p style=\"text-align: center;\"><span style=\"color: #800080;\"><strong>6.30<\/strong><\/span><\/p>\n<\/td>\n<td width=\"654\">Za pracownik\u00f3w i pos\u0142uguj\u0105cych w naszej parafii o potrzebne \u0142aski i Bo\u017ce b\u0142ogos\u0142awie\u0144stwo oraz o rado\u015b\u0107, pok\u00f3j serca<\/td>\n<\/tr>\n<tr>\n<td width=\"67\">\n<p style=\"text-align: center;\"><span style=\"color: #800080;\"><strong>18:00<\/strong><\/span><\/p>\n<\/td>\n<td width=\"654\">\u015ap. Alfred\u0119 i&nbsp; Henryka(m) WALKOWIAK oraz Apoloni\u0119 GROSZEK<\/td>\n<\/tr>\n<tr>\n<td colspan=\"2\" width=\"721\">\n<h2 style=\"text-align: center;\"><span style=\"color: #800080;\"><strong>\u015aRODA \/ 24 grudzie\u0144 2025 \/ \u0141k 1, 67 \u2013 79<\/strong><\/span><\/h2>\n<\/td>\n<\/tr>\n<tr>\n<td width=\"67\">\n<p style=\"text-align: center;\"><span style=\"color: #800080;\"><strong>6.30<\/strong><\/span><\/p>\n<\/td>\n<td width=\"654\">\u015ap. Janin\u0119 KA\u0141U\u017bA w 13 rocznic\u0119 \u015bmierci oraz za zmar\u0142ych: Mieczys\u0142awa(m), Lucjana, Bogdana, Jana, Gra\u017cyn\u0119 i Cezarego<\/td>\n<\/tr>\n<tr>\n<td width=\"67\">\n<p style=\"text-align: center;\"><span style=\"color: #800080;\"><strong>6:30<\/strong><\/span><\/p>\n<\/td>\n<td width=\"654\">O Bo\u017ce b\u0142ogos\u0142awie\u0144stwo, dary Ducha \u015bwi\u0119tego, opiek\u0119 Matki Bo\u017cej Szkaplerznej dla ks. Adama GAPYS z okazji urodzin i imienin<\/td>\n<\/tr>\n<tr>\n<td colspan=\"2\" width=\"721\">\n<h2 style=\"text-align: center;\"><span style=\"color: #ff9900;\"><strong>\u015aRODA \/ 24 grudnia 2025 \/ Mt 1, 1 \u2013 25<\/strong><\/span><\/h2>\n<h2 style=\"text-align: center;\"><span style=\"color: #ff9900;\"><strong>WIGILIA NARODZENIA PA\u0143SKIEGO \u2013 PASTERKA <\/strong><\/span><\/h2>\n<\/td>\n<\/tr>\n<tr>\n<td width=\"67\">\n<p style=\"text-align: center;\"><span style=\"color: #ff9900;\"><strong>22:00<\/strong><\/span><\/p>\n<\/td>\n<td width=\"654\"><span style=\"color: #ff0000;\"><strong>ZA PARAFIAN<\/strong><\/span><\/td>\n<\/tr>\n<tr>\n<td width=\"67\">\n<p style=\"text-align: center;\"><span style=\"color: #ff9900;\"><strong>22:00<\/strong><\/span><\/p>\n<\/td>\n<td width=\"654\">Dzi\u0119kczynna za dar przyja\u017ani i spotkanych ludzi dobrej wolina drodze \u017cycia<\/p>\n<p>\u2013 dzi\u0119kuje Anna<\/td>\n<\/tr>\n<tr>\n<td width=\"67\">\n<p style=\"text-align: center;\"><span style=\"color: #ff9900;\"><strong>24:00<\/strong><\/span><\/p>\n<\/td>\n<td width=\"654\"><span style=\"color: #ff0000;\"><strong>ZA PARAFIAN<\/strong><\/span><\/td>\n<\/tr>\n<tr>\n<td width=\"67\">\n<p style=\"text-align: center;\"><span style=\"color: #ff9900;\"><strong>24:00<\/strong><\/span><\/p>\n<\/td>\n<td width=\"654\">\u015ap. Jolant\u0119 w rocznic\u0119 \u015bmierci, Romualda, Napoleona, Karolin\u0119 z rodziny KARMAN<\/td>\n<\/tr>\n<tr>\n<td colspan=\"2\" width=\"721\">\n<h2 style=\"text-align: center;\"><span style=\"color: #ff9900;\"><strong>CZWARTEK \/&nbsp; 25 grudzie\u0144 2025 \/ J 1, 1 \u2013 18<\/strong><\/span><\/h2>\n<h2 style=\"text-align: center;\"><span style=\"color: #ff9900;\"><strong>UROCZYSTO\u015a\u0106 NARODZENIA PA\u0143SKIEGO<\/strong><\/span><\/h2>\n<\/td>\n<\/tr>\n<tr>\n<td width=\"67\">\n<p style=\"text-align: center;\"><span style=\"color: #ff9900;\"><strong>8.00<\/strong><\/span><\/p>\n<\/td>\n<td width=\"654\">\u015ap. Stanis\u0142awa(m), Czes\u0142aw\u0119(k), Janusza, S\u0142awomira z rodziny PALKOWSKICH<\/td>\n<\/tr>\n<tr>\n<td width=\"67\">\n<p style=\"text-align: center;\"><span style=\"color: #ff9900;\"><strong>10:00<\/strong><\/span><\/p>\n<\/td>\n<td width=\"654\">\u015ap. Stefani\u0119 ZAWADA w 2 rocznic\u0119 \u015bmierci i Aleksandra(m) ZAWADA w 14 rocznic\u0119 \u015bmierci i zmar\u0142ych z rodziny ZAWADA<\/td>\n<\/tr>\n<tr>\n<td width=\"67\">\n<p style=\"text-align: center;\"><span style=\"color: #ff9900;\"><strong>12:00<\/strong><\/span><\/p>\n<\/td>\n<td width=\"654\">Dzi\u0119kczynna w 30 rocznic\u0119 \u015blubu Marioli i Andrzeja JURGIELEWICZ, z pro\u015bb\u0105 o Bo\u017ce b\u0142ogos\u0142awie\u0144stwo, potrzebne \u0142aski dla per\u0142owych Jubilat\u00f3w<\/td>\n<\/tr>\n<tr>\n<td width=\"67\">\n<p style=\"text-align: center;\"><span style=\"color: #ff9900;\"><strong>18:00<\/strong><\/span><\/p>\n<\/td>\n<td width=\"654\">\u015ap. Adama RASZKOWSKIEGO<\/td>\n<\/tr>\n<tr>\n<td colspan=\"2\" width=\"721\">\n<h2 style=\"text-align: center;\"><span style=\"color: #ff0000;\"><strong>PI\u0104TEK \/ 26 grudzie\u0144 2025 \/ Mt 10 , 17 \u2013 22<\/strong><\/span><\/h2>\n<h3 style=\"text-align: center;\"><span style=\"color: #ff0000;\"><strong>\u015aWI\u0118TO \u015aW. SZCZEPANA \u2013 PIERWSZEGO M\u0118CZENNIKA <\/strong><\/span><\/h3>\n<\/td>\n<\/tr>\n<tr>\n<td width=\"67\">\n<p style=\"text-align: center;\"><span style=\"color: #ff0000;\"><strong>8.00<\/strong><\/span><\/p>\n<\/td>\n<td width=\"654\">Dzi\u0119kczynna w 70 rocznic\u0119 urodzin Bo\u017ceny KULIG z pro\u015bb\u0105 o zdrowie Bo\u017ce b\u0142ogos\u0142awie\u0144stwo i potrzebne \u0142aski dla Jubilatki<\/td>\n<\/tr>\n<tr>\n<td width=\"67\">\n<p style=\"text-align: center;\"><span style=\"color: #ff0000;\"><strong>10:00<\/strong><\/span><\/p>\n<\/td>\n<td width=\"654\">Dzi\u0119kczynna w 13 rocznic\u0119 urodzin Marka i \u0141ukasza z pro\u015bb\u0105 o Bo\u017ce b\u0142ogos\u0142awie\u0144stwo, opiek\u0119 Matki Bo\u017cej, dary Ducha \u015awi\u0119tego dla Jubilat\u00f3w<\/td>\n<\/tr>\n<tr>\n<td width=\"67\">\n<p style=\"text-align: center;\"><span style=\"color: #ff0000;\"><strong>12:00<\/strong><\/span><\/p>\n<\/td>\n<td width=\"654\">Dzi\u0119kczynna z okazji urodzin i imienin ks. Adama Gapys \u2013 intencja od wsp\u00f3lnoty Odnowy w Duchu \u015awi\u0119tym \u201eKana Galilejska\u201d<\/td>\n<\/tr>\n<tr>\n<td width=\"67\">\n<p style=\"text-align: center;\"><span style=\"color: #ff0000;\"><strong>18.00<\/strong><\/span><\/p>\n<\/td>\n<td width=\"654\">\u015ap. Teres\u0119 DUDZIC w 30 dzie\u0144 po pogrzebie<\/p>\n<p>&nbsp;<\/p>\n<p>&nbsp;<\/td>\n<\/tr>\n<tr>\n<td colspan=\"2\" width=\"721\">\n<h2 style=\"text-align: center;\"><span style=\"color: #ff9900;\"><strong>SOBOTA \/ 27 grudzie\u0144 2025 \/ J 20, 2 \u2013 8 <\/strong><\/span><\/h2>\n<h2 style=\"text-align: center;\"><span style=\"color: #ff9900;\"><strong>\u015aWI\u0118TO \u015aW. JANA APOSTO\u0141A I EWANGELISTY<\/strong><\/span><\/h2>\n<\/td>\n<\/tr>\n<tr>\n<td width=\"67\">\n<p style=\"text-align: center;\"><span style=\"color: #ff9900;\"><strong>8.00<\/strong><\/span><\/p>\n<\/td>\n<td width=\"654\">\u015ap. Adama ZIELI\u0143SKIEGO w 11 rocznic\u0119 \u015bmierci<\/td>\n<\/tr>\n<tr>\n<td width=\"67\">\n<p style=\"text-align: center;\"><span style=\"color: #ff9900;\"><strong>15:00<\/strong><\/span><\/p>\n<\/td>\n<td width=\"654\">O zdrowie i Bo\u017ce b\u0142ogos\u0142awie\u0144stwo dla Mai i Alicji \u2013 intencja od dziadk\u00f3w<\/td>\n<\/tr>\n<tr>\n<td colspan=\"2\" width=\"721\">\n<h2 style=\"text-align: center;\"><span style=\"color: #ff9900;\"><strong>NIEDZIELA \/ 28 grudzie\u0144 2025 \/ Mt 2, 13 \u2013 15. 19 \u2013 23 <\/strong><\/span><\/h2>\n<h2 style=\"text-align: center;\"><span style=\"color: #ff9900;\"><strong>\u015aWI\u0118TO \u015aW. RODZINY \u2013 JEZUSA, MARYI I J\u00d3ZEFA <\/strong><\/span><\/h2>\n<\/td>\n<\/tr>\n<tr>\n<td width=\"67\">\n<p style=\"text-align: center;\"><span style=\"color: #ff9900;\"><strong>8.00<\/strong><\/span><\/p>\n<\/td>\n<td width=\"654\"><span style=\"color: #ff0000;\"><strong>O Bo\u017ce b\u0142ogos\u0142awie\u0144stwo, potrzebne \u0142aski dla rodzin kt\u00f3re odwiedzimy w tym roku podczas wizyty duszpasterskiej<\/strong><\/span><\/td>\n<\/tr>\n<tr>\n<td width=\"67\">\n<p style=\"text-align: center;\"><span style=\"color: #ff9900;\"><strong>10:00<\/strong><\/span><\/p>\n<\/td>\n<td width=\"654\">Dzi\u0119kczynna w 35 rocznic\u0119 \u015blubu Jolanty i Ryszarda \u015awiatkowskich, z pro\u015bb\u0105 o Bo\u017ce b\u0142ogos\u0142awie\u0144stwo, potrzebne \u0142aski, dary Ducha \u015awi\u0119tego dla per\u0142owych Jubilat\u00f3w<\/td>\n<\/tr>\n<tr>\n<td width=\"67\">\n<p style=\"text-align: center;\"><span style=\"color: #ff9900;\"><strong>12.00<\/strong><\/span><\/p>\n<\/td>\n<td width=\"654\"><span style=\"color: #ff0000;\"><strong>ZA PARAFIAN<\/strong><\/span><\/td>\n<\/tr>\n<tr>\n<td width=\"67\">\n<p style=\"text-align: center;\"><span style=\"color: #ff9900;\"><strong>15.00<\/strong><\/span><\/p>\n<\/td>\n<td width=\"654\">\u015ap. Maksymiliana w 39 rocznic\u0119 \u015bmierci, Mart\u0119 w 20 rocznic\u0119 \u015bmierci i zmar\u0142ych z rodziny SZYD\u0141OWSKICH<\/td>\n<\/tr>\n<tr>\n<td width=\"67\">\n<p style=\"text-align: center;\"><span style=\"color: #ff9900;\"><strong>18:00<\/strong><\/span><\/p>\n<\/td>\n<td width=\"654\">Dzi\u0119kczynna w 19 rocznic\u0119 \u015blubu Magdaleny i Piotra ASIUKIEWICZ z pro\u015bb\u0105 o Bo\u017ce b\u0142ogos\u0142awie\u0144stwo dla ca\u0142ej rodziny<\/td>\n<\/tr>\n<\/tbody>\n<\/table>\n<p>&nbsp;<\/p>\n<p><em>&nbsp;<\/em><\/p>\n<p>&nbsp;<\/p>\n","protected":false},"excerpt":{"rendered":"<p>B\u00f3g przynosi nam czu\u0142o\u015b\u0107 na ziemi\u0119. Dzisiaj! W ten cudowny spos\u00f3b, poprzez kt\u00f3ry chcia\u0142 przyj\u015b\u0107 na \u015bwiat. To sprawia, \u017ce odradza si\u0119 w nas czu\u0142o\u015b\u0107, czu\u0142o\u015b\u0107 ludzka, kt\u00f3ra jest bliska tej Boskiej. (\u2026) Jezus w \u017c\u0142\u00f3bku wskazuje nam drog\u0119 czu\u0142o\u015bci, aby by\u0107 blisko, aby by\u0107 ludzkim. PAPIE\u017b FRANCISZEK, AUDIENCJA OG\u00d3LNA, 23.12.2020 R. Umi\u0142owani Parafianie! W [&hellip;]<\/p>\n","protected":false},"author":1,"featured_media":5994,"comment_status":"closed","ping_status":"closed","sticky":false,"template":"","format":"standard","meta":{"ngg_post_thumbnail":0,"footnotes":""},"categories":[11,8,4,3],"tags":[],"class_list":["post-5993","post","type-post","status-publish","format-standard","has-post-thumbnail","hentry","category-aktualnosci","category-blog","category-intencje","category-ogloszenia"],"_links":{"self":[{"href":"https:\/\/rafalk-elblag.pl\/index.php?rest_route=\/wp\/v2\/posts\/5993","targetHints":{"allow":["GET"]}}],"collection":[{"href":"https:\/\/rafalk-elblag.pl\/index.php?rest_route=\/wp\/v2\/posts"}],"about":[{"href":"https:\/\/rafalk-elblag.pl\/index.php?rest_route=\/wp\/v2\/types\/post"}],"author":[{"embeddable":true,"href":"https:\/\/rafalk-elblag.pl\/index.php?rest_route=\/wp\/v2\/users\/1"}],"replies":[{"embeddable":true,"href":"https:\/\/rafalk-elblag.pl\/index.php?rest_route=%2Fwp%2Fv2%2Fcomments&post=5993"}],"version-history":[{"count":1,"href":"https:\/\/rafalk-elblag.pl\/index.php?rest_route=\/wp\/v2\/posts\/5993\/revisions"}],"predecessor-version":[{"id":5995,"href":"https:\/\/rafalk-elblag.pl\/index.php?rest_route=\/wp\/v2\/posts\/5993\/revisions\/5995"}],"wp:featuredmedia":[{"embeddable":true,"href":"https:\/\/rafalk-elblag.pl\/index.php?rest_route=\/wp\/v2\/media\/5994"}],"wp:attachment":[{"href":"https:\/\/rafalk-elblag.pl\/index.php?rest_route=%2Fwp%2Fv2%2Fmedia&parent=5993"}],"wp:term":[{"taxonomy":"category","embeddable":true,"href":"https:\/\/rafalk-elblag.pl\/index.php?rest_route=%2Fwp%2Fv2%2Fcategories&post=5993"},{"taxonomy":"post_tag","embeddable":true,"href":"https:\/\/rafalk-elblag.pl\/index.php?rest_route=%2Fwp%2Fv2%2Ftags&post=5993"}],"curies":[{"name":"wp","href":"https:\/\/api.w.org\/{rel}","templated":true}]}}