{"id":5987,"date":"2025-12-13T19:39:30","date_gmt":"2025-12-13T19:39:30","guid":{"rendered":"https:\/\/rafalk-elblag.pl\/?p=5987"},"modified":"2025-12-13T19:39:30","modified_gmt":"2025-12-13T19:39:30","slug":"iii-niedziela-adwentu","status":"publish","type":"post","link":"https:\/\/rafalk-elblag.pl\/?p=5987","title":{"rendered":"III NIEDZIELA ADWENTU"},"content":{"rendered":"<p><img loading=\"lazy\" decoding=\"async\" class=\"aligncenter\" src=\"https:\/\/rafalk-elblag.pl\/wp-content\/uploads\/2025\/08\/biuletyn-graf.jpg\" width=\"552\" height=\"357\"><\/p>\n<p>Rachunek sumienia przede wszystkim jest jednym z pi\u0119ciu warunk\u00f3w dobrej spowiedzi. To w\u0142a\u015bnie od niego powinno si\u0119 rozpocz\u0105\u0107 ka\u017cde przygotowanie do sakramentu pokuty i pojednania. Rachunek sumienia jest swego rodzaju moraln\u0105 ocen\u0105 w\u0142asnego post\u0119powania. To niezwykle wa\u017cny element wiary chrze\u015bcija\u0144skiej, bowiem dzi\u0119ki niemu cz\u0142owiek rozeznaje swoj\u0105 sytuacj\u0119 \u017cyciow\u0105 pod wzgl\u0119dem duchowego rozwoju. Dzi\u0119ki niemu, mo\u017cna stale wzrasta\u0107 w wierze i naprawia\u0107 swoje post\u0119powanie. Codzienny rachunek sumienia, wielu \u015bwi\u0119tych zaleca\u0142o, aby pami\u0119ta\u0107 o rachunku sumienia w codziennej modlitwie. Mi\u0119dzy innymi Ignacy Loyola propagowa\u0142 to rozwi\u0105zanie. Stworzy\u0142 nawet konkretne wskaz\u00f3wki, kt\u00f3re mia\u0142y pomaga\u0107 w codziennym rozwa\u017caniu. Wed\u0142ug niego rachunek sumienia powinien rozpoczyna\u0107 si\u0119 od dzi\u0119kczynienia Bogu za okazane dobrodziejstwa. Nast\u0119pnie cz\u0142owiek powinien prosi\u0107 Boga o \u0142ask\u0119 poznania grzech\u00f3w i porzucenia ich. Kolejno nale\u017cy u\u015bwiadomi\u0107 sobie, co dzia\u0142o si\u0119 w ci\u0105gu dnia i dostrzec to co by\u0142o dobre, ale tak\u017ce to, co by\u0142o z\u0142e. Na samym ko\u0144cu cz\u0142owiek powinien prosi\u0107 Boga o przebaczenie oraz postanowi\u0107 popraw\u0119 za Jego \u0142ask\u0105. Jak przygotowa\u0107 si\u0119 do spowiedzi?. Je\u015bli wiesz, \u017ce w najbli\u017cszym czasie chcesz przyst\u0105pi\u0107 do spowiedzi, znajd\u017a przede wszystkim czas. Przejrzyj stan swojej duszy w spokoju i bez po\u015bpiechu. Jednak\u017ce nale\u017cy pami\u0119ta\u0107, aby nie robi\u0107 rachunku sumienia bez pomocy. To ma by\u0107 dzia\u0142anie Ducha \u015awi\u0119tego, dlatego trzeba pozwoli\u0107 mu dzia\u0142a\u0107 w modlitwie.<\/p>\n<p><img loading=\"lazy\" decoding=\"async\" class=\"aligncenter\" src=\"https:\/\/rafalk-elblag.pl\/wp-content\/uploads\/2025\/08\/ogl-graf.png\" width=\"553\" height=\"261\"><\/p>\n<p><strong>&nbsp;<\/strong><\/p>\n<h2 style=\"text-align: center;\"><span style=\"color: #ff00ff;\"><strong>OG\u0141OSZENIA PARAFIALNE&nbsp; 14.12.2025 r.<\/strong><\/span><\/h2>\n<h2 style=\"text-align: center;\"><span style=\"color: #ff00ff;\"><strong>&nbsp;III<\/strong><strong>NIEDZIELA ADWENTU<\/strong><\/span><\/h2>\n<h2 style=\"text-align: center;\"><span style=\"color: #ff00ff;\"><strong>GAUDETE czyli NIEDZIELA RADO\u015aCI<\/strong><\/span><\/h2>\n<p><strong>&nbsp;<\/strong><\/p>\n<ol>\n<li><strong>Witamy w naszej wsp\u00f3lnocie Jerzego URBANIKA\u2013 Salwatorianina, <\/strong>kt\u00f3ry poprowadzi tegoroczne<strong> Rekolekcje Adwentowe<\/strong> w naszej parafii. Pro\u015bmy o \u015bwiat\u0142o Ducha \u015awi\u0119tego dla Rekolekcjonisty i ca\u0142ej parafii. <em>Zaplanujmy dobrze swoje obowi\u0105zki domowe, by wzi\u0105\u0107 udzia\u0142 w duchowym przygotowaniu do \u015bwi\u0105t Narodzenia Pa\u0144skiego<strong>. Dok\u0142adny program znajdziemy w Biuletynie Parafialnym.<\/strong><\/em><\/li>\n<li>W ramach og\u00f3lnopolskiej akcji <strong><em>\u201eWigilijne Dzie\u0142o Pomocy Dzieciom\u201d<\/em><\/strong> Wolontariusze Caritas rozprowadzaj\u0105 dzisiaj \u015bwiece na st\u00f3\u0142 wigilijny w cenie: ma\u0142e \u015bwiece \u2013 15 z\u0142. i du\u017ce \u015bwiece \u2013 25 z\u0142. <em><u>Mamy mo\u017cliwo\u015b\u0107 nabycia w zakrystii po\u015bwi\u0119conego op\u0142atka na st\u00f3\u0142 wigilijny za dobrowoln\u0105 ofiar\u0119. <\/u><strong>Pomy\u015blmy o osobach starszych, chorych mieszkaj\u0105cych obok nas. Przynie\u015bmy im do domu po\u015bwi\u0119cony op\u0142atek. <\/strong><\/em><\/li>\n<li><strong>Wszystkich doros\u0142ych i m\u0142odzie\u017c zapraszamy na MSZE \u015aW. RORATNIE ku czci Matki Bo\u017cej o godz. 6:30.<\/strong>Dla dzieci Msze \u015bw. RORATNIE odprawiane b\u0119d\u0105 we wtorki<br \/>\ni czwartki o godz. 6:30. <strong>Prosimy, by dzieci przychodzi\u0142y z opiekunami i przynosi\u0142y ze sob\u0105 LAMPIONY. <\/strong><em>Dzieci wraz z opiekunami po Mszy \u015bw. zapraszamy do salki w piwnicy na ciep\u0142e mleko lub kakao oraz s\u0142odk\u0105 niespodziank\u0119.<\/em><\/li>\n<li>We wtorek (16 grudnia) o godz. 18:00 Msza \u015bw. w intencji Rodziny Karmelita\u0144skiej i Bractwa Szkaplerznego z mo\u017cliwo\u015bci\u0105 przyj\u0119cia szkaplerza \u015bwi\u0119tego.<\/li>\n<li><strong>PARAFIALNY ODDZIA\u0141 CARITAS<\/strong> naszej parafii znajduje si\u0119 przy ul. Myliusa 1A<br \/>\ni jest czynny w I i III czwartek miesi\u0105ca od 16:00 do 17:00. <em>W najbli\u017cszy czwartek tj. 18 grudnia b\u0119d\u0105 przygotowane paczki \u015bwi\u0105teczne dla os\u00f3b w trudnej sytuacji rodzinnej .Zapraszamy.<\/em><\/li>\n<li>Osoby pragn\u0105ce pom\u00f3c przy szopce i dekoracji ko\u015bcio\u0142a zapraszamy w pi\u0105tek<br \/>\n19 grudnia br. na godz. 10:00. Bardzo prosimy, by w\u015br\u00f3d ch\u0119tnych nie zabrak\u0142o m\u0119\u017cczyzn. Dzi\u0119kuj\u0119 za zrozumienie i pomoc w utworzeniu \u015bwi\u0105tecznego wystroju \u015bwi\u0105tyni zwi\u0105zanego<br \/>\nz Bo\u017cym Narodzeniem.<\/li>\n<li>Osoby z grupy modlitewnej <strong>RODZINNY R\u00d3\u017bANIEC<\/strong> zapraszamy dzisiaj po Mszach \u015bwi\u0119tych po odbi\u00f3r tajemnic r\u00f3\u017ca\u0144cowych i deklaracji na kolejny miesi\u0105c u pana Piotra \u2013 Organisty. <em>Zapraszamy tak\u017ce nowe osoby, kt\u00f3re chc\u0105 modli\u0107 si\u0119 za swoj\u0105 rodzin\u0119.<\/em><\/li>\n<li>Za tydzie\u0144 (21 grudnia)przed ko\u015bcio\u0142em, b\u0119dziemy mogli wesprze\u0107 dowolnymi datkami harcerki z 32 Elbl\u0105skiej \u017be\u0144skiej Dru\u017cyny Starszo harcerskiej\u201d GAJA\u201d. Harcerki b\u0119d\u0105 czeka\u0107 na nas z pysznymi piernikami. T\u0105 inicjatyw\u0105 chc\u0105 zebra\u0107 potrzebne \u015brodki ,<br \/>\nby wzi\u0105\u0107 udzia\u0142 <strong>\u015aWIATOWYM ZLOCIE SKAUT\u00d3W \u2013 JAMBOREE. <\/strong>Jamboree stwarza m\u0142odym ludziom niepowtarzaln\u0105 okazje do uczenia si\u0119 od siebie nawzajem, rozwijania umiej\u0119tno\u015bci przyw\u00f3dczych a jednocze\u015bnie uczy skaut\u00f3w zasad s\u0142u\u017cby spo\u0142ecznej, rozwoju osobistego i zarzadzania \u015brodowiskiem. <strong><em>W 2027 roku Polska b\u0119dzie gospodarzem Jamboree po raz pierwszy w historii, przyjmuj\u0105c ponad 50 000 skaut\u00f3w z ca\u0142ego \u015bwiata.<\/em><\/strong><\/li>\n<li>Zach\u0119camy do nabywania nowego numeru <strong>\u201eGo\u015bcia Niedzielnego\u201d <\/strong>z dodatkiem \u201eGo\u015b\u0107 Elbl\u0105ski\u201d w cenie 10 z\u0142. oraz <strong>\u201eGO\u015a\u0106 EXTRA\u201d <\/strong>w cenie 14 z\u0142 po\u015bwi\u0119conego Biblii \u2013 Nowy Testament. Warto w tym czasie ADWENTU przybli\u017cy\u0107 sobie znaczenie Pisma \u015awi\u0119tego.<\/li>\n<\/ol>\n<h4><em><img loading=\"lazy\" decoding=\"async\" class=\"aligncenter\" src=\"https:\/\/rafalk-elblag.pl\/wp-content\/uploads\/2025\/08\/intencje-gragika.jpg\" width=\"552\" height=\"276\"><\/em><\/h4>\n<table width=\"721\">\n<tbody>\n<tr>\n<td colspan=\"2\" width=\"721\">\n<h2 style=\"text-align: center;\"><strong><br \/>\n<span style=\"color: #ff00ff;\">NIEDZIELA \/ 14 grudzie\u0144 2025 \/ Mt 11, 2 \u2013 11 <\/span><\/strong><\/h2>\n<h2 style=\"text-align: center;\"><span style=\"color: #ff00ff;\"><strong>1 DZIE\u0143 REKOLEKCJI ADWENTOWYCH<\/strong><\/span><\/h2>\n<\/td>\n<\/tr>\n<tr>\n<td width=\"67\">\n<p style=\"text-align: center;\"><strong><span style=\"color: #ff00ff;\">8.00<\/span><\/strong><\/p>\n<\/td>\n<td width=\"654\">\u015ap. Eugeni\u0119(k) RZ\u0104D i zmar\u0142ych rodzic\u00f3w i rodze\u0144stwo<\/td>\n<\/tr>\n<tr>\n<td width=\"67\">\n<p style=\"text-align: center;\"><span style=\"color: #ff00ff;\"><strong>10.00<\/strong><\/span><\/p>\n<\/td>\n<td width=\"654\">O uprzedzaj\u0105c\u0105 \u0142ask\u0119 natchnie\u0144, si\u0142\u0119 i rozwag\u0119, by wprowadzone w \u017cycie zaowocowa\u0142y ca\u0142kowitym przylgni\u0119ciem do Pana Boga dla Nikodema i jego rodziny, dla Magdaleny i jej rodziny, dla Agnieszki i ca\u0142ej rodziny zakonnej<\/td>\n<\/tr>\n<tr>\n<td width=\"67\">\n<p style=\"text-align: center;\"><span style=\"color: #ff00ff;\"><strong>12.00<\/strong><\/span><\/p>\n<\/td>\n<td width=\"654\"><span style=\"color: #ff0000;\"><strong>ZA PARAFIAN<\/strong><\/span><\/td>\n<\/tr>\n<tr>\n<td width=\"67\">\n<p style=\"text-align: center;\"><span style=\"color: #ff00ff;\"><strong>15.00<\/strong><\/span><\/p>\n<\/td>\n<td width=\"654\">\u015ap. Stanis\u0142aw\u0119(k) KLONKOWSK\u0104 w 8 rocznic\u0119 \u015bmierci, Stanis\u0142awa(m) KLONKOWSKIEGO w 9 rocznic\u0119 \u015bmierci<\/td>\n<\/tr>\n<tr>\n<td width=\"67\">\n<p style=\"text-align: center;\"><span style=\"color: #ff00ff;\"><strong>18:00<\/strong><\/span><\/p>\n<\/td>\n<td width=\"654\">\u015ap. Alicj\u0119, Franciszka(m), Roberta DOMALEWSKICH<\/td>\n<\/tr>\n<tr>\n<td colspan=\"2\" width=\"721\">\n<h2 style=\"text-align: center;\"><span style=\"color: #800080;\"><strong>PONIEDZIA\u0141EK \/ 15 grudzie\u0144 2025 \/ Mt&nbsp; 21, 23 \u2013 27<\/strong><\/span><\/h2>\n<h2 style=\"text-align: center;\"><span style=\"color: #800080;\"><strong>2 DZIE\u0143 REKOLEKCJI ADWENTOWYCH<\/strong><\/span><\/h2>\n<\/td>\n<\/tr>\n<tr>\n<td width=\"67\">\n<p style=\"text-align: center;\"><span style=\"color: #800080;\"><strong>6.30<\/strong><\/span><\/p>\n<\/td>\n<td width=\"654\">\u015ap. Syna Piotra LIETZ, wnuka Paw\u0142a oraz zmar\u0142ych z rodzin: WORONKO, BARCIKOWSKICH, LIETZ i KOKOTKIEWICZ<\/td>\n<\/tr>\n<tr>\n<td width=\"67\">\n<p style=\"text-align: center;\"><span style=\"color: #800080;\"><strong>11:00<\/strong><\/span><\/p>\n<\/td>\n<td width=\"654\">\u015ap. \u0141ucj\u0119 GERSZY\u0143SK\u0104 w 30 dniu po pogrzebie<\/td>\n<\/tr>\n<tr>\n<td width=\"67\">\n<p style=\"text-align: center;\"><span style=\"color: #800080;\"><strong>18:00<\/strong><\/span><\/p>\n<\/td>\n<td width=\"654\">Za dusze cierpi\u0105ce w czy\u015b\u0107cu i \u015bp. Romana<\/td>\n<\/tr>\n<tr>\n<td width=\"67\">\n<p style=\"text-align: center;\"><span style=\"color: #800080;\"><strong>20:00<\/strong><\/span><\/p>\n<\/td>\n<td width=\"654\">Dzi\u0119kczynna w 13 urodziny Tatiany KABAN z pro\u015bb\u0105 o Bo\u017ce b\u0142ogos\u0142awie\u0144stwo i opiek\u0119 Matki Bo\u017cej dla wnuczki<\/td>\n<\/tr>\n<tr>\n<td colspan=\"2\" width=\"721\">\n<h2 style=\"text-align: center;\"><span style=\"color: #800080;\"><strong>WTOREK \/ 16 grudzie\u0144 2025 \/&nbsp;&nbsp; Mt 21, 28 \u2013 32<\/strong><\/span><\/h2>\n<h2 style=\"text-align: center;\"><span style=\"color: #800080;\"><strong>3 DZIE\u0143 REKOLEKCJI ADWENTOWYCH<\/strong><\/span><\/h2>\n<\/td>\n<\/tr>\n<tr>\n<td width=\"67\">\n<p style=\"text-align: center;\"><span style=\"color: #800080;\"><strong>6.30<\/strong><\/span><\/p>\n<\/td>\n<td width=\"654\">\u015ap. Adama MALISZEWSKIEGO<\/td>\n<\/tr>\n<tr>\n<td width=\"67\">\n<p style=\"text-align: center;\"><span style=\"color: #800080;\"><strong>11:00<\/strong><\/span><\/p>\n<\/td>\n<td width=\"654\">\u015ap. Janusza PRZYBYLSKIEGO w 4 rocznic\u0119 \u015bmierci i zmar\u0142ych z rodziny PRZYBYLSKICH<\/td>\n<\/tr>\n<tr>\n<td width=\"67\">\n<p style=\"text-align: center;\"><span style=\"color: #800080;\"><strong>18:00<\/strong><\/span><\/p>\n<\/td>\n<td width=\"654\">O Bo\u017ce b\u0142ogos\u0142awie\u0144stwo dla \u017cywych, \u0142ask\u0119 zdrowia dla chorych i Bo\u017ce mi\u0142osierdzie dla zmar\u0142ych cz\u0142onk\u00f3w Bractwa Szkaplerznego i ca\u0142ej Rodziny Szkaplerznej<\/td>\n<\/tr>\n<tr>\n<td width=\"67\">\n<p style=\"text-align: center;\"><span style=\"color: #800080;\"><strong>20:00<\/strong><\/span><\/p>\n<\/td>\n<td width=\"654\">\u015ap. Stanis\u0142aw\u0119(k) i Jana PRZYBOROWSKICH, Aniel\u0119 i J\u00f3zefa(m) SIWELEC<\/td>\n<\/tr>\n<tr>\n<td colspan=\"2\" width=\"721\">\n<h2 style=\"text-align: center;\"><span style=\"color: #800080;\"><strong>\u015aRODA \/ 17 grudzie\u0144 2025 \/ Mt 1, 1 \u2013 17<\/strong><\/span><\/h2>\n<h2 style=\"text-align: center;\"><span style=\"color: #800080;\"><strong>4 DZIE\u0143 REKOLEKCJI ADWENTOWYCH<\/strong><\/span><\/h2>\n<\/td>\n<\/tr>\n<tr>\n<td width=\"67\">\n<p style=\"text-align: center;\"><span style=\"color: #800080;\"><strong>6.30<\/strong><\/span><\/p>\n<\/td>\n<td width=\"654\">\u015ap. Teres\u0119 DUDZIC \u2013 intencja od Zofii DUDZIC z rodzin\u0105<\/td>\n<\/tr>\n<tr>\n<td width=\"67\">\n<p style=\"text-align: center;\"><span style=\"color: #800080;\"><strong>11:00<\/strong><\/span><\/p>\n<\/td>\n<td width=\"654\">\u015ap. Rafa\u0142a ZYCH<\/td>\n<\/tr>\n<tr>\n<td width=\"67\">\n<p style=\"text-align: center;\"><span style=\"color: #800080;\"><strong>18:00<\/strong><\/span><\/p>\n<\/td>\n<td width=\"654\">O Bo\u017ce b\u0142ogos\u0142awie\u0144stwo, opiek\u0119 Matki Bo\u017cej Szkaplerznej dla rodziny, dla braci<br \/>\ni ich rodzin i dla ca\u0142ej mojej rodziny<\/td>\n<\/tr>\n<tr>\n<td width=\"67\">\n<p style=\"text-align: center;\"><span style=\"color: #800080;\"><strong>20:00<\/strong><\/span><\/p>\n<\/td>\n<td width=\"654\">\u015ap. Marak PIETRZAK, Urszul\u0119 i Mariana PIETRZAK, Bronis\u0142awa(m) OSTROWSKIEGO, Stanis\u0142awa(m) KINDER<\/td>\n<\/tr>\n<tr>\n<td colspan=\"2\" width=\"721\">\n<h2 style=\"text-align: center;\"><span style=\"color: #800080;\"><strong>CZWARTEK \/ 18 grudzie\u0144 2025 \/ Mt 1, 18 \u2013 24<\/strong><\/span><\/h2>\n<\/td>\n<\/tr>\n<tr>\n<td width=\"67\">\n<p style=\"text-align: center;\"><span style=\"color: #800080;\"><strong>6.30<\/strong><\/span><\/p>\n<\/td>\n<td width=\"654\">\u015ap. Teres\u0119 DUDZIC \u2013 intencja od J\u00f3zefa z rodzin\u0105<\/td>\n<\/tr>\n<tr>\n<td width=\"67\">\n<p style=\"text-align: center;\"><span style=\"color: #800080;\"><strong>18:00<\/strong><\/span><\/p>\n<\/td>\n<td width=\"654\">\u015ap. J\u00f3zefa(m) TR\u0104BSKIEGO w 11 rocznic\u0119 \u015bmierci, Ligi\u0119 TR\u0104BSK\u0104, Zofi\u0119, Leona RACZKOWSKICH<\/td>\n<\/tr>\n<tr>\n<td colspan=\"2\" width=\"721\">\n<h4 style=\"text-align: center;\"><span style=\"color: #0000ff;\"><strong>ADORACJA NAJ\u015aWI\u0118TSZEGO SAKRAMENTU do godz. 20:00<\/strong><\/span><\/h4>\n<\/td>\n<\/tr>\n<tr>\n<td colspan=\"2\" width=\"721\">\n<h2 style=\"text-align: center;\"><span style=\"color: #800080;\"><strong>PI\u0104TEK \/ 19 grudzie\u0144 2025 \/ \u0141k 1 , 5 \u2013 25<\/strong><\/span><\/h2>\n<\/td>\n<\/tr>\n<tr>\n<td width=\"67\">\n<p style=\"text-align: center;\"><span style=\"color: #800080;\"><strong>6.30<\/strong><\/span><\/p>\n<\/td>\n<td width=\"654\">O \u015bwi\u0119to\u015b\u0107 \u017cycia w pos\u0142udze kap\u0142a\u0144skiej dla ks. Adama<\/td>\n<\/tr>\n<tr>\n<td width=\"67\">\n<p style=\"text-align: center;\"><span style=\"color: #800080;\"><strong>18.00<\/strong><\/span><\/p>\n<\/td>\n<td width=\"654\">\u015ap. Halin\u0119 \u0141UKASZEWSK\u0104 w 4 rocznic\u0119 \u015bmierci, J\u00f3zef\u0119(k), Stanis\u0142awa(m) \u0141UKASZEWSKICH<\/td>\n<\/tr>\n<tr>\n<td colspan=\"2\" width=\"721\">\n<h2 style=\"text-align: center;\"><span style=\"color: #800080;\"><strong>SOBOTA \/ 20 grudzie\u0144 2025 \/ \u0141k 1, 26 \u2013 38 <\/strong><\/span><\/h2>\n<\/td>\n<\/tr>\n<tr>\n<td width=\"67\">\n<p style=\"text-align: center;\"><span style=\"color: #800080;\"><strong>6.30<\/strong><\/span><\/p>\n<\/td>\n<td width=\"654\">&nbsp;<\/td>\n<\/tr>\n<tr>\n<td width=\"67\">\n<p style=\"text-align: center;\"><span style=\"color: #800080;\"><strong>18:00<\/strong><\/span><\/p>\n<\/td>\n<td width=\"654\">\u015ap. Krzysztofa KOSIDOWSKIEGO w 40 rocznic\u0119 ziemskich urodzin<\/td>\n<\/tr>\n<tr>\n<td colspan=\"2\" width=\"721\">\n<h2 style=\"text-align: center;\"><span style=\"color: #800080;\"><strong>NIEDZIELA \/ 21 grudzie\u0144 2025 \/ Mt 1, 18 \u2013 24 <\/strong><\/span><\/h2>\n<\/td>\n<\/tr>\n<tr>\n<td width=\"67\">\n<p style=\"text-align: center;\"><span style=\"color: #800080;\"><strong>8.00<\/strong><\/span><\/p>\n<\/td>\n<td width=\"654\">\u015ap. Janin\u0119 BA\u0143KOWSK\u0104, Teres\u0119 BA\u0143KOWSK\u0104 oraz, Janin\u0119 i Piotra POSKROBKO<\/td>\n<\/tr>\n<tr>\n<td width=\"67\">\n<p style=\"text-align: center;\"><span style=\"color: #800080;\"><strong>10:00<\/strong><\/span><\/p>\n<\/td>\n<td width=\"654\">Dzi\u0119kczynna w 30 rocznic\u0119 \u015blubu Natali i Artura KARPOWICZ z pro\u015bb\u0105 o Bo\u017ce b\u0142ogos\u0142awie\u0144stwo i potrzebne \u0142aski dla Per\u0142owych Jubilat\u00f3w oraz w 50 rocznic\u0119 urodzin Natali o wszelkie potrzebne \u0142aski<\/td>\n<\/tr>\n<tr>\n<td width=\"67\">\n<p style=\"text-align: center;\"><span style=\"color: #800080;\"><strong>12.00<\/strong><\/span><\/p>\n<\/td>\n<td width=\"654\"><span style=\"color: #ff0000;\"><strong>ZA PARAFIAN<\/strong><\/span><\/td>\n<\/tr>\n<tr>\n<td width=\"67\">\n<p style=\"text-align: center;\"><span style=\"color: #800080;\"><strong>15.00<\/strong><\/span><\/p>\n<\/td>\n<td width=\"654\">\u015ap. Edwarda, Janin\u0119 i Czes\u0142awa(m)<\/td>\n<\/tr>\n<tr>\n<td width=\"67\">\n<p style=\"text-align: center;\"><span style=\"color: #800080;\"><strong>18:00<\/strong><\/span><\/p>\n<\/td>\n<td width=\"654\">\u015ap. Zofi\u0119 FLISEK w 1 rocznic\u0119 \u015bmierci<\/td>\n<\/tr>\n<\/tbody>\n<\/table>\n<p>&nbsp;<\/p>\n<p>&nbsp;<\/p>\n","protected":false},"excerpt":{"rendered":"<p>Rachunek sumienia przede wszystkim jest jednym z pi\u0119ciu warunk\u00f3w dobrej spowiedzi. To w\u0142a\u015bnie od niego powinno si\u0119 rozpocz\u0105\u0107 ka\u017cde przygotowanie do sakramentu pokuty i pojednania. Rachunek sumienia jest swego rodzaju moraln\u0105 ocen\u0105 w\u0142asnego post\u0119powania. To niezwykle wa\u017cny element wiary chrze\u015bcija\u0144skiej, bowiem dzi\u0119ki niemu cz\u0142owiek rozeznaje swoj\u0105 sytuacj\u0119 \u017cyciow\u0105 pod wzgl\u0119dem duchowego rozwoju. Dzi\u0119ki niemu, mo\u017cna [&hellip;]<\/p>\n","protected":false},"author":1,"featured_media":5988,"comment_status":"closed","ping_status":"closed","sticky":false,"template":"","format":"standard","meta":{"ngg_post_thumbnail":0,"footnotes":""},"categories":[11,8,4,3],"tags":[],"class_list":["post-5987","post","type-post","status-publish","format-standard","has-post-thumbnail","hentry","category-aktualnosci","category-blog","category-intencje","category-ogloszenia"],"_links":{"self":[{"href":"https:\/\/rafalk-elblag.pl\/index.php?rest_route=\/wp\/v2\/posts\/5987","targetHints":{"allow":["GET"]}}],"collection":[{"href":"https:\/\/rafalk-elblag.pl\/index.php?rest_route=\/wp\/v2\/posts"}],"about":[{"href":"https:\/\/rafalk-elblag.pl\/index.php?rest_route=\/wp\/v2\/types\/post"}],"author":[{"embeddable":true,"href":"https:\/\/rafalk-elblag.pl\/index.php?rest_route=\/wp\/v2\/users\/1"}],"replies":[{"embeddable":true,"href":"https:\/\/rafalk-elblag.pl\/index.php?rest_route=%2Fwp%2Fv2%2Fcomments&post=5987"}],"version-history":[{"count":1,"href":"https:\/\/rafalk-elblag.pl\/index.php?rest_route=\/wp\/v2\/posts\/5987\/revisions"}],"predecessor-version":[{"id":5989,"href":"https:\/\/rafalk-elblag.pl\/index.php?rest_route=\/wp\/v2\/posts\/5987\/revisions\/5989"}],"wp:featuredmedia":[{"embeddable":true,"href":"https:\/\/rafalk-elblag.pl\/index.php?rest_route=\/wp\/v2\/media\/5988"}],"wp:attachment":[{"href":"https:\/\/rafalk-elblag.pl\/index.php?rest_route=%2Fwp%2Fv2%2Fmedia&parent=5987"}],"wp:term":[{"taxonomy":"category","embeddable":true,"href":"https:\/\/rafalk-elblag.pl\/index.php?rest_route=%2Fwp%2Fv2%2Fcategories&post=5987"},{"taxonomy":"post_tag","embeddable":true,"href":"https:\/\/rafalk-elblag.pl\/index.php?rest_route=%2Fwp%2Fv2%2Ftags&post=5987"}],"curies":[{"name":"wp","href":"https:\/\/api.w.org\/{rel}","templated":true}]}}