{"id":5977,"date":"2025-12-05T22:17:18","date_gmt":"2025-12-05T22:17:18","guid":{"rendered":"https:\/\/rafalk-elblag.pl\/?p=5977"},"modified":"2025-12-05T22:17:18","modified_gmt":"2025-12-05T22:17:18","slug":"ii-niedziela-adwentu","status":"publish","type":"post","link":"https:\/\/rafalk-elblag.pl\/?p=5977","title":{"rendered":"II NIEDZIELA ADWENTU"},"content":{"rendered":"<p><img loading=\"lazy\" decoding=\"async\" class=\"aligncenter\" src=\"https:\/\/rafalk-elblag.pl\/wp-content\/uploads\/2025\/08\/biuletyn-graf.jpg\" width=\"552\" height=\"357\"><\/p>\n<h2 style=\"text-align: center;\"><span style=\"color: #800080;\"><strong>Rekolekcje<\/strong> <strong>to<\/strong> <strong>\u201e\u0107wiczenia<\/strong>\u201d<\/span><\/h2>\n<p>\u0106wiczenia s\u0105 nierozerwalnie zwi\u0105zane z czynem. I zn\u00f3w si\u0119gnijmy do \u015bw. Jana Aposto\u0142a, kt\u00f3ry m\u00f3wi: \u201eJe\u015bliby kto\u015b m\u00f3wi\u0142: Mi\u0142uj\u0119 Boga, a brata swego nienawidzi\u0142, jest k\u0142amc\u0105, albowiem kto nie mi\u0142uje brata swego, kt\u00f3rego widzi, nie mo\u017ce mi\u0142owa\u0107 Boga, kt\u00f3rego nie widzi\u201d. Rekolekcje wi\u0119c to tak\u017ce czas praktykowania mi\u0142o\u015bci bli\u017aniego. Wej\u015bcie w siebie musi \u0142\u0105czy\u0107 si\u0119 z realizacj\u0105 tego przykazania np. poprzez pojednanie w rodzinie, ma\u0142\u017ce\u0144stwie, z s\u0105siadami, kolegami w zak\u0142adzie pracy. Czynem rekolekcyjnym mo\u017ce by\u0107 tak\u017ce np. wsp\u00f3lna kolacja przy \u015bwiecach (a nie przy telewizorze), kiedy cz\u0142onkowie rodziny wreszcie ze sob\u0105 porozmawiaj\u0105, na co tak cz\u0119sto nie maj\u0105 czasu w codziennym zabieganiu. Trzeba tylko wygospodarowa\u0107 ten czas, aby \u201eponownie zaj\u0105\u0107 si\u0119\u201d (re-colo!) swoj\u0105 rodzin\u0105, \u201epodarowa\u0107 sobie\u201d czas nie tylko na wys\u0142uchanie nauk, ale na praktyczne \u201e\u0107wiczenia\u201d w mi\u0142o\u015bci. Rekolekcje to tak\u017ce czas, by \u201eodzyska\u0107\u201d (re-colligo) czysto\u015b\u0107 duszy w sakramencie pojednania. Dobrze wiedz\u0105 o tym proboszczowie, skoro na ten w\u0142a\u015bnie czas zapraszaj\u0105 tylu spowiednik\u00f3w. Warto si\u0119 do tej rekolekcyjnej spowiedzi dobrze przygotowa\u0107 przez dobry szczeg\u00f3\u0142owy rachunek sumienia, zado\u015b\u0107uczynienie i pojednanie si\u0119 z tymi, kt\u00f3rych przez moje grzechy skrzywdzi\u0142em oraz mocne postanowienie poprawy. Warto te\u017c pomodli\u0107 si\u0119 przed spowiedzi\u0105 za ksi\u0119dza, kt\u00f3ry b\u0119dzie mnie spowiada\u0142, o potrzebne &nbsp;mu \u015bwiat\u0142o Ducha \u015awi\u0119tego, \u017ceby m\u00f3g\u0142 mi dobrze pom\u00f3c, rozezna\u0107, doradzi\u0107.&nbsp;<\/p>\n<p><img loading=\"lazy\" decoding=\"async\" class=\"aligncenter\" src=\"https:\/\/rafalk-elblag.pl\/wp-content\/uploads\/2025\/08\/ogl-graf.png\" width=\"553\" height=\"261\"><\/p>\n<p><strong>&nbsp;<\/strong><\/p>\n<h2 style=\"text-align: center;\"><span style=\"color: #800080;\"><strong>OG\u0141OSZENIA PARAFIALNE&nbsp; 7.12.2025 r.<\/strong><\/span><\/h2>\n<h2 style=\"text-align: center;\"><span style=\"color: #800080;\"><strong>&nbsp;II<\/strong><strong>NIEDZIELA ADWENTU<\/strong><\/span><\/h2>\n<ol>\n<li>W ramach og\u00f3lnopolskiej akcji <strong><em>\u201eWigilijne Dzie\u0142o Pomocy Dzieciom\u201d<\/em><\/strong> Wolontariusze Caritas rozprowadzaj\u0105 dzisiaj \u015bwiece na st\u00f3\u0142 wigilijny w cenie: ma\u0142e \u015bwiece \u2013 15 z\u0142. i du\u017ce \u015bwiece \u2013 25 z\u0142. <em><u>Mamy mo\u017cliwo\u015b\u0107 nabycia w zakrystii po\u015bwi\u0119conego op\u0142atka na st\u00f3\u0142 wigilijny za dobrowoln\u0105 ofiar\u0119. <\/u>Informujemy, \u017ce nikt w imieniu parafii nie roznosi op\u0142atk\u00f3w po domach.<strong> Pomy\u015blmy o osobach starszych, chorych mieszkaj\u0105cych obok nas. Przynie\u015bmy im do domu po\u015bwi\u0119cony op\u0142atek. <\/strong><\/em><\/li>\n<li>Ofiary z\u0142o\u017cone dzisiaj na tac\u0119 przeznaczone s\u0105 na zakupione ORGANY do naszego ko\u015bcio\u0142a. <em>B\u00f3g zap\u0142a\u0107 za sk\u0142adane ofiary <\/em><em>oraz te przelane na konto parafialne.<\/em><\/li>\n<li><strong>Rodzic\u00f3w dzieci klas III Szko\u0142y Podstawowej<\/strong> przygotowuj\u0105cych si\u0119 do I Spowiedzi i Komunii \u015bw. zapraszam jutro tj. 8 grudnia br. na comiesi\u0119czne spotkanie do ko\u015bcio\u0142a na godz. 19:00.<em>Obecno\u015b\u0107 obojga rodzic\u00f3w mile widziana.<\/em><\/li>\n<li>Jutro 8 grudnia obchodzi\u0107 b\u0119dziemy<strong> Uroczysto\u015b\u0107 Niepokalanego Pocz\u0119cia NMP. <\/strong><em>Dzie\u0144 ten jest \u015bwi\u0119tem patronalnym Ruchu \u015awiat\u0142o-\u017bycie, a w nim ga\u0142\u0119zi Domowego Ko\u015bcio\u0142a. Zapraszamy w tym dniu do wsp\u00f3lnego \u015bpiewu GODZINEK o godz. 17:30.Przypominamy \u017ce w naszej parafii&nbsp; GODZINKI KU CZCI NIEPOKALANEGO POCZ\u0118CIA NMP \u015bpiewne s\u0105 w ka\u017cd\u0105 niedziel\u0119 o godz. 7:40. <\/em><\/li>\n<li><strong>W <\/strong><strong>Uroczysto\u015b\u0107 Niepokalanego Pocz\u0119cia NMP <\/strong>skorzystajmy z GODZINY \u0141ASKI od 12:00 do godz. 13:00. Matka Bo\u017ca przekaza\u0142a \u015bwiatu: \u201e<em><strong>Dzi\u0119ki modlitwie w tej godzinie, ze\u015bl\u0119 wiele \u0142ask dla duszy i cia\u0142a. B\u0119d\u0105 masowe nawr\u00f3cenia. Dusze zatwardzia\u0142e i zimne jak marmur poruszone b\u0119d\u0105 \u0142ask\u0105 Bo\u017c\u0105 i zn\u00f3w stan\u0105 si\u0119 wierne i mi\u0142uj\u0105ce Boga. Jest moim \u017cyczeniem, aby ta Godzina by\u0142a rozpowszechniona\u201d. Zapraszamy w tym czasie do naszej \u015bwi\u0105tyni na wsp\u00f3ln\u0105 modlitw\u0119 przed Naj\u015bwi\u0119tszym Sakramentem.<\/strong><\/em><\/li>\n<li><strong>Wszystkich doros\u0142ych i m\u0142odzie\u017c zapraszamy na MSZE \u015aW. RORATNIE ku czci Matki Bo\u017cej o godz. 6:30.<\/strong>Dla dzieci Msze \u015bw. RORATNIE odprawiane b\u0119d\u0105 we wtorki i czwartki o godz. 6:30. <strong>Prosimy, by dzieci przychodzi\u0142y z opiekunami i przynosi\u0142y ze sob\u0105 LAMPIONY. <\/strong><em>Dzieci wraz z opiekunami po Mszy \u015bw. zapraszamy do salki w piwnicy na ciep\u0142e mleko lub kakao oraz s\u0142odk\u0105 niespodziank\u0119.<\/em><\/li>\n<li><strong>REKOLEKCJE ADWENTOWE<\/strong> w naszej parafii odb\u0119d\u0105 si\u0119 w dniach: 14, 15, 16 i 17 grudnia br.. W tym roku rekolekcje poprowadzi <strong> Jerzy URBANIK &#8211; Salwatorianin. <em>Msze \u015bw. w tygodniu z naukami o godz. 6:30(Roraty), 11:00, 18:00 i o godz. 20:00.<\/em><\/strong><em><u>Zaplanujmy dobrze swoje obowi\u0105zki domowe, by wzi\u0105\u0107 udzia\u0142 w duchowym przygotowaniu do \u015bwi\u0105t Narodzenia Pa\u0144skiego.<\/u><\/em><\/li>\n<li>W zakrystii mo\u017cna naby\u0107 ostatnie ju\u017c cegie\u0142ki na wsparcie budowy ko\u015bcio\u0142a \u015bw. Brata Alberta w Elbl\u0105gu, kt\u00f3re upowa\u017cniaj\u0105 do udzia\u0142u w KONCERCIE KOL\u0118D I PASTORA\u0141EK 23 stycznia 2026 roku (pi\u0105tek)<strong>wyst\u0105pi zesp\u00f3l Golec u Orkiestra<\/strong><em>. <\/em><\/li>\n<li>Wszystkim Jubilatom i Solenizantom tego tygodnia \u017cyczymy wielu \u0142ask Bo\u017cych i opieki Matki Bo\u017cej Szkaplerznej.<\/li>\n<li>Osoby z grupy modlitewnej <strong>RODZINNY R\u00d3\u017bANIEC<\/strong> zapraszamy za tydzie\u0144 po Mszach \u015bwi\u0119tych po odbi\u00f3r tajemnic r\u00f3\u017ca\u0144cowych i deklaracji na kolejny miesi\u0105c u pana Piotra \u2013 Organisty. <em>Zapraszamy tak\u017ce nowe osoby, kt\u00f3re chc\u0105 modli\u0107 si\u0119 za swoj\u0105 rodzin\u0119.<\/em><\/li>\n<li>Zach\u0119camy do nabywania nowego numeru <strong>\u201eGo\u015bcia Niedzielnego\u201d <\/strong>z dodatkiem \u201eGo\u015b\u0107 Elbl\u0105ski\u201d w cenie 10 z\u0142. oraz <strong>\u201eGO\u015a\u0106 EXTRA\u201d <\/strong>w cenie 14 z\u0142 po\u015bwi\u0119conego Biblii \u2013 Nowy Testament. Warto w tym czasie ADWENTU przybli\u017cy\u0107 sobie znaczenie Pisma \u015awi\u0119tego.<\/li>\n<li>Pan powo\u0142a\u0142 do wieczno\u015bci:&nbsp; <strong><span style=\"color: #800080;\">\u015bp. Jerzego SZAFRAN lat 80 z ul. Brzechwy<\/span><\/strong><\/li>\n<\/ol>\n<p><strong><span style=\"color: #800080;\">&nbsp;&nbsp;&nbsp;&nbsp;&nbsp;&nbsp;&nbsp;&nbsp;&nbsp;&nbsp;&nbsp;&nbsp;&nbsp;&nbsp;&nbsp;&nbsp;&nbsp;&nbsp;&nbsp;&nbsp;&nbsp;&nbsp;&nbsp;&nbsp;&nbsp;&nbsp;&nbsp;&nbsp;&nbsp;&nbsp;&nbsp;&nbsp;&nbsp;&nbsp;&nbsp;&nbsp; \u015bp. Jadwig\u0119 ZIELI\u0143SK\u0104 lat 92 z ul. K\u0142oczowskiego<\/span><\/strong><\/p>\n<p><em>Wieczny odpoczynek racz im da\u0107 Panie\u2026<\/em><\/p>\n<h4><em><img loading=\"lazy\" decoding=\"async\" class=\"aligncenter\" src=\"https:\/\/rafalk-elblag.pl\/wp-content\/uploads\/2025\/08\/intencje-gragika.jpg\" width=\"552\" height=\"276\"><\/em><\/h4>\n<table width=\"721\">\n<tbody>\n<tr>\n<td colspan=\"2\" width=\"721\">\n<h2 style=\"text-align: center;\"><span style=\"color: #800080;\"><strong><br \/>\n<span style=\"color: #800080;\">NIEDZIELA \/ 7 grudzie\u0144 2025 \/ Mt 3, 1 \u2013 12 <\/span><\/strong><\/span><\/h2>\n<h2 style=\"text-align: center;\"><span style=\"color: #800080;\"><strong>PIERWSZA NIEDZIELA MIESI\u0104CA<\/strong><\/span><\/h2>\n<\/td>\n<\/tr>\n<tr>\n<td width=\"67\">\n<p style=\"text-align: center;\"><span style=\"color: #800080;\">8.00<\/span><\/p>\n<\/td>\n<td width=\"654\">O do\u015bwiadczenie Bo\u017cej mi\u0142o\u015bci dla Karoliny i Oskara oraz dla Sebastiana i Natalii o potrzebne \u0142aski i przemian\u0119 serca<\/td>\n<\/tr>\n<tr>\n<td width=\"67\">\n<p style=\"text-align: center;\"><span style=\"color: #800080;\"><strong>10.00<\/strong><\/span><\/p>\n<\/td>\n<td width=\"654\">Dzi\u0119kczynna z okazji urodzin Sylwii z pro\u015bb\u0105 o Bo\u017ce b\u0142ogos\u0142awie\u0144stwo, dary Ducha \u015awi\u0119tego i opiek\u0119 Matki Bo\u017cej Szkaplerznej<\/td>\n<\/tr>\n<tr>\n<td width=\"67\">\n<p style=\"text-align: center;\"><strong><span style=\"color: #800080;\">12.00<\/span><\/strong><\/p>\n<\/td>\n<td width=\"654\"><span style=\"color: #ff0000;\"><strong>ZA PARAFIAN<\/strong><\/span><\/td>\n<\/tr>\n<tr>\n<td width=\"67\">\n<p style=\"text-align: center;\"><span style=\"color: #800080;\"><strong>15.00<\/strong><\/span><\/p>\n<\/td>\n<td width=\"654\">\u015ap. Mariann\u0119 M\u0141YNARSK\u0104, J\u00f3zefa(M), Zbigniewa, S\u0142awomira, Danut\u0119 z rodziny M\u0141YNARSKICH oraz Ann\u0119 NADOLSK\u0104<\/td>\n<\/tr>\n<tr>\n<td colspan=\"2\" width=\"721\"><strong>&nbsp;<\/strong><\/p>\n<p style=\"text-align: center;\"><span style=\"color: #0000ff;\"><strong>ADORACJA NAJ\u015aWI\u0118TSZEGO SAKRAMENTU OD 16:00 DO 17:50<\/strong><\/span><\/p>\n<p><strong>&nbsp;<\/strong><\/td>\n<\/tr>\n<tr>\n<td width=\"67\">\n<p style=\"text-align: center;\"><span style=\"color: #800080;\"><strong>18:00<\/strong><\/span><\/p>\n<\/td>\n<td width=\"654\">\u015ap. J\u00f3zefa(M) SIELEWICZ w 13 rocznic\u0119 \u015bmierci<\/td>\n<\/tr>\n<tr>\n<td colspan=\"2\" width=\"721\">\n<h2 style=\"text-align: center;\"><span style=\"color: #800080;\"><strong>PONIEDZIA\u0141EK \/ 8 grudzie\u0144 2025 \/ \u0141k&nbsp; 1, 26 \u2013 38<\/strong><\/span><\/h2>\n<h2 style=\"text-align: center;\"><span style=\"color: #800080;\"><strong>UROCZYSTO\u015a\u0106 NIEPOKALANEGO POCZ\u0118CIA<br \/>\nNAJ\u015aWI\u0118TSZEJ MARYI PANNY<\/strong><\/span><\/h2>\n<\/td>\n<\/tr>\n<tr>\n<td width=\"67\">\n<p style=\"text-align: center;\"><span style=\"color: #800080;\"><strong>6.30<\/strong><\/span><\/p>\n<\/td>\n<td width=\"654\">\u015ap. Mari\u0119 ZA\u0141\u0118SK\u0104 w 11 rocznic\u0119 \u015bmierci<\/td>\n<\/tr>\n<tr>\n<td colspan=\"2\" width=\"721\">\n<h2 style=\"text-align: center;\"><span style=\"color: #0000ff;\"><strong>GODZINKU KU CZCI NIEPOKALANEGO POCZ\u0118CIA<br \/>\nNAJ\u015aWI\u0118TSZEJ MARYI PANNY<\/strong><\/span><\/h2>\n<\/td>\n<\/tr>\n<tr>\n<td width=\"67\">\n<p style=\"text-align: center;\"><span style=\"color: #800080;\"><strong>18:00<\/strong><\/span><\/p>\n<\/td>\n<td width=\"654\">\u015ap. W\u0142adys\u0142awa(m) LE\u015aKO w 1 rocznic\u0119 \u015bmierci<\/td>\n<\/tr>\n<tr>\n<td colspan=\"2\" width=\"721\">\n<h2 style=\"text-align: center;\"><span style=\"color: #800080;\"><strong>WTOREK \/ 9 grudzie\u0144 2025 \/&nbsp;&nbsp; \u0141k 18, 12 \u2013 14<\/strong><\/span><\/h2>\n<\/td>\n<\/tr>\n<tr>\n<td width=\"67\">\n<p style=\"text-align: center;\"><span style=\"color: #800080;\"><strong>6.30<\/strong><\/span><\/p>\n<\/td>\n<td width=\"654\">\u015ap. Micha\u0142a JAKUBIAK w 11 rocznic\u0119 \u015bmierci<\/td>\n<\/tr>\n<tr>\n<td width=\"67\">\n<p style=\"text-align: center;\"><span style=\"color: #800080;\"><strong>18:00<\/strong><\/span><\/p>\n<\/td>\n<td width=\"654\">\u015ap. Stefani\u0119(k) NAWROT o \u0142ask\u0119 nieba<\/td>\n<\/tr>\n<tr>\n<td width=\"67\">\n<p style=\"text-align: center;\"><span style=\"color: #800080;\"><strong>18:00<\/strong><\/span><\/p>\n<\/td>\n<td width=\"654\">\u015ap. Roberta w 32 rocznic\u0119 \u015bmierci i zmar\u0142ych rodzic\u00f3w, oraz zmar\u0142ych z rodzin: WI\u015aNIEWSKICH i CUBER<\/td>\n<\/tr>\n<tr>\n<td colspan=\"2\" width=\"721\">\n<h2 style=\"text-align: center;\"><strong>\u015aRODA \/ 10 grudzie\u0144 2025 \/ Mt 11, 28 \u2013 30<\/strong><\/h2>\n<\/td>\n<\/tr>\n<tr>\n<td width=\"67\">\n<p style=\"text-align: center;\"><span style=\"color: #800080;\"><strong>6.30<\/strong><\/span><\/p>\n<\/td>\n<td width=\"654\">\u015ap. Henryka(m) w 25 rocznic\u0119 \u015bmierci i Kazimier\u0119 w 18 rocznic\u0119 \u015bmierci i zmar\u0142ych z rodzin: SROCZY\u0143SKICH i SMOLI\u0143SKICH<\/td>\n<\/tr>\n<tr>\n<td width=\"67\">\n<p style=\"text-align: center;\"><span style=\"color: #800080;\"><strong>18:00<\/strong><\/span><\/p>\n<\/td>\n<td width=\"654\">\u015ap. Jana(m) i Danut\u0119 WIELGOLASKICH oraz zmar\u0142ych dziadk\u00f3w z obojga stron<\/td>\n<\/tr>\n<tr>\n<td colspan=\"2\" width=\"721\">\n<h2 style=\"text-align: center;\"><span style=\"color: #800080;\"><strong>CZWARTEK \/ 11 grudzie\u0144 2025 \/ Mt 11, 11 \u2013 15<\/strong><\/span><\/h2>\n<\/td>\n<\/tr>\n<tr>\n<td width=\"67\">\n<p style=\"text-align: center;\"><span style=\"color: #800080;\"><strong>6.30<\/strong><\/span><\/p>\n<\/td>\n<td width=\"654\">\u015ap. Kazimierza(m) BIENERT w 21 rocznic\u0119 \u015bmierci, Romana(m) BA\u0141DOWSKIEGO w 8 rocznic\u0119 \u015bmierci i rodzic\u00f3w z obu stron<\/td>\n<\/tr>\n<tr>\n<td width=\"67\">\n<p style=\"text-align: center;\"><span style=\"color: #800080;\"><strong>18:00<\/strong><\/span><\/p>\n<\/td>\n<td width=\"654\">\u015ap. Piotra \u017bYGOWSKIEGO<\/td>\n<\/tr>\n<tr>\n<td colspan=\"2\" width=\"721\">\n<h4 style=\"text-align: center;\"><span style=\"color: #0000ff;\"><strong>ADORACJA NAJ\u015aWI\u0118TSZEGO SAKRAMENTU do godz. 20:00<\/strong><\/span><\/h4>\n<\/td>\n<\/tr>\n<tr>\n<td colspan=\"2\" width=\"721\">\n<h2 style=\"text-align: center;\"><span style=\"color: #800080;\"><strong>PI\u0104TEK \/ 12 grudzie\u0144 2025 \/ Mt 11 , 16 \u2013 19<\/strong><\/span><\/h2>\n<\/td>\n<\/tr>\n<tr>\n<td width=\"67\">\n<p style=\"text-align: center;\"><span style=\"color: #800080;\"><strong>6.30<\/strong><\/span><\/p>\n<\/td>\n<td width=\"654\">\u015ap. Stefani\u0119 i Bazylego<\/td>\n<\/tr>\n<tr>\n<td width=\"67\">\n<p style=\"text-align: center;\"><span style=\"color: #800080;\"><strong>18.00<\/strong><\/span><\/p>\n<\/td>\n<td width=\"654\">\u015ap. W\u0142adys\u0142aw\u0119, El\u017cbiet\u0119 i Zygmunta z rodziny KISIELEWSKICH<\/td>\n<\/tr>\n<tr>\n<td colspan=\"2\" width=\"721\">\n<h2 style=\"text-align: center;\"><span style=\"color: #800080;\"><strong>SOBOTA \/ 13 grudzie\u0144 2025 \/ Mt 9, 35 \u2013 10, 1. 5a. 6 \u2013 8 <\/strong><\/span><\/h2>\n<h4 style=\"text-align: center;\"><span style=\"color: #800080;\"><strong>WSPOMNIENIE \u015aW. \u0141UCJI \u2013 DZIEWICY I M\u0118CZENNICY<\/strong><\/span><\/h4>\n<\/td>\n<\/tr>\n<tr>\n<td width=\"67\">\n<p style=\"text-align: center;\"><span style=\"color: #800080;\"><strong>6.30<\/strong><\/span><\/p>\n<\/td>\n<td width=\"654\">\u015ap. Ma\u0142gorzat\u0119 TKACZYK w 30 dniu po pogrzebie<\/td>\n<\/tr>\n<tr>\n<td width=\"67\">\n<p style=\"text-align: center;\"><span style=\"color: #800080;\"><strong>18:00<\/strong><\/span><\/p>\n<\/td>\n<td width=\"654\">\u015ap. Ryszarda LUBIEJEWSKIEGO w 16 rocznic\u0119 \u015bmierci i zmar\u0142ych Katarzyn\u0119<br \/>\ni Mieczys\u0142awa HO\u0141OWI\u0143SKICH<\/p>\n<p>&nbsp;<\/td>\n<\/tr>\n<tr>\n<td colspan=\"2\" width=\"721\">\n<h2 style=\"text-align: center;\"><span style=\"color: #ff00ff;\"><strong>NIEDZIELA \/ 14 grudzie\u0144 2025 \/ Mt 11, 2 \u2013 11 <\/strong><\/span><\/h2>\n<\/td>\n<\/tr>\n<tr>\n<td width=\"67\">\n<p style=\"text-align: center;\"><span style=\"color: #ff00ff;\"><strong>8.00<\/strong><\/span><\/p>\n<\/td>\n<td width=\"654\">\u015ap. Eugeni\u0119(k) RZ\u0104D i zmar\u0142ych rodzic\u00f3w i rodze\u0144stwo<\/td>\n<\/tr>\n<tr>\n<td width=\"67\">\n<p style=\"text-align: center;\"><span style=\"color: #ff00ff;\"><strong>10:00<\/strong><\/span><\/p>\n<\/td>\n<td width=\"654\">O uprzedzaj\u0105c\u0105 \u0142ask\u0119 natchnie\u0144, si\u0142\u0119 i rozwag\u0119, by wprowadzone w \u017cycie zaowocowa\u0142y ca\u0142kowitym przylgni\u0119ciem do Pana Boga dla Nikodema i jego rodziny, dla Magdaleny i jej rodziny, dla Agnieszki i ca\u0142ej rodziny zakonnej<\/td>\n<\/tr>\n<tr>\n<td width=\"67\">\n<p style=\"text-align: center;\"><span style=\"color: #ff00ff;\"><strong>12.00<\/strong><\/span><\/p>\n<\/td>\n<td width=\"654\"><strong>ZA PARAFIAN<\/strong><\/td>\n<\/tr>\n<tr>\n<td width=\"67\">\n<p style=\"text-align: center;\"><span style=\"color: #ff00ff;\"><strong>15.00<\/strong><\/span><\/p>\n<\/td>\n<td width=\"654\">\u015ap. Stanis\u0142aw\u0119(k) KLONKOWSK\u0104 w 8 rocznic\u0119 \u015bmierci, Stanis\u0142awa(m) KLONKOWSKIEGO w 9 rocznic\u0119 \u015bmierci<\/td>\n<\/tr>\n<tr>\n<td width=\"67\">\n<p style=\"text-align: center;\"><span style=\"color: #ff00ff;\"><strong>18:00<\/strong><\/span><\/p>\n<\/td>\n<td width=\"654\">\u015ap. Alicj\u0119, Franciszka(m), Roberta DOMALEWSKICH<\/td>\n<\/tr>\n<\/tbody>\n<\/table>\n<p>&nbsp;<\/p>\n<p>&nbsp;<\/p>\n","protected":false},"excerpt":{"rendered":"<p>Rekolekcje to \u201e\u0107wiczenia\u201d \u0106wiczenia s\u0105 nierozerwalnie zwi\u0105zane z czynem. I zn\u00f3w si\u0119gnijmy do \u015bw. Jana Aposto\u0142a, kt\u00f3ry m\u00f3wi: \u201eJe\u015bliby kto\u015b m\u00f3wi\u0142: Mi\u0142uj\u0119 Boga, a brata swego nienawidzi\u0142, jest k\u0142amc\u0105, albowiem kto nie mi\u0142uje brata swego, kt\u00f3rego widzi, nie mo\u017ce mi\u0142owa\u0107 Boga, kt\u00f3rego nie widzi\u201d. Rekolekcje wi\u0119c to tak\u017ce czas praktykowania mi\u0142o\u015bci bli\u017aniego. Wej\u015bcie w siebie [&hellip;]<\/p>\n","protected":false},"author":1,"featured_media":5978,"comment_status":"closed","ping_status":"closed","sticky":false,"template":"","format":"standard","meta":{"ngg_post_thumbnail":0,"footnotes":""},"categories":[11,8,4,3],"tags":[],"class_list":["post-5977","post","type-post","status-publish","format-standard","has-post-thumbnail","hentry","category-aktualnosci","category-blog","category-intencje","category-ogloszenia"],"_links":{"self":[{"href":"https:\/\/rafalk-elblag.pl\/index.php?rest_route=\/wp\/v2\/posts\/5977","targetHints":{"allow":["GET"]}}],"collection":[{"href":"https:\/\/rafalk-elblag.pl\/index.php?rest_route=\/wp\/v2\/posts"}],"about":[{"href":"https:\/\/rafalk-elblag.pl\/index.php?rest_route=\/wp\/v2\/types\/post"}],"author":[{"embeddable":true,"href":"https:\/\/rafalk-elblag.pl\/index.php?rest_route=\/wp\/v2\/users\/1"}],"replies":[{"embeddable":true,"href":"https:\/\/rafalk-elblag.pl\/index.php?rest_route=%2Fwp%2Fv2%2Fcomments&post=5977"}],"version-history":[{"count":1,"href":"https:\/\/rafalk-elblag.pl\/index.php?rest_route=\/wp\/v2\/posts\/5977\/revisions"}],"predecessor-version":[{"id":5979,"href":"https:\/\/rafalk-elblag.pl\/index.php?rest_route=\/wp\/v2\/posts\/5977\/revisions\/5979"}],"wp:featuredmedia":[{"embeddable":true,"href":"https:\/\/rafalk-elblag.pl\/index.php?rest_route=\/wp\/v2\/media\/5978"}],"wp:attachment":[{"href":"https:\/\/rafalk-elblag.pl\/index.php?rest_route=%2Fwp%2Fv2%2Fmedia&parent=5977"}],"wp:term":[{"taxonomy":"category","embeddable":true,"href":"https:\/\/rafalk-elblag.pl\/index.php?rest_route=%2Fwp%2Fv2%2Fcategories&post=5977"},{"taxonomy":"post_tag","embeddable":true,"href":"https:\/\/rafalk-elblag.pl\/index.php?rest_route=%2Fwp%2Fv2%2Ftags&post=5977"}],"curies":[{"name":"wp","href":"https:\/\/api.w.org\/{rel}","templated":true}]}}