{"id":5966,"date":"2025-11-27T20:16:30","date_gmt":"2025-11-27T20:16:30","guid":{"rendered":"https:\/\/rafalk-elblag.pl\/?p=5966"},"modified":"2025-11-27T20:16:30","modified_gmt":"2025-11-27T20:16:30","slug":"i-niedziela-adwentu","status":"publish","type":"post","link":"https:\/\/rafalk-elblag.pl\/?p=5966","title":{"rendered":"I NIEDZIELA ADWENTU"},"content":{"rendered":"<p><img loading=\"lazy\" decoding=\"async\" class=\"aligncenter\" src=\"https:\/\/rafalk-elblag.pl\/wp-content\/uploads\/2025\/08\/biuletyn-graf.jpg\" width=\"552\" height=\"357\"><\/p>\n<h2 style=\"text-align: center;\"><span style=\"color: #800080;\"><strong>Czym jest Adwent?<\/strong><\/span><\/h2>\n<p>Adwent to okres obejmuj\u0105cy cztery niedziele poprzedzaj\u0105ce Bo\u017ce Narodzenie.<\/p>\n<p>Rozpoczyna si\u0119 w niedziel\u0119 najbli\u017csz\u0105 \u015bwi\u0119ta \u015bw. Andrzeja Aposto\u0142a (30 listopada) i ko\u0144czy 24 grudnia. Okres Bo\u017cego Narodzenia Ko\u015bci\u00f3\u0142 \u015bwi\u0119tuje od 25 grudnia a\u017c do 6 stycznia, czyli do \u015awi\u0119ta Objawienia Pa\u0144skiego, nazywanego r\u00f3wnie\u017c \u015awi\u0119tem Trzech Kr\u00f3li. Adwent, z \u0142aci\u0144skiego adventus, oznacza przyj\u015bcie. W staro\u017cytnym Rzymie Adventus by\u0142 terminem okre\u015blaj\u0105cym \u201echwalebny wjazd\u201d cesarza do stolicy.<\/p>\n<p>Adwent jest zatem najbardziej odpowiednim s\u0142owem do opisania okresu poprzedzaj\u0105cego Bo\u017ce Narodzenie. \u015awi\u0119tujemy nadej\u015bcie naszego Kr\u00f3la i Pana, Prawdziwego Boga i Prawdziwego Cz\u0142owieka. Ko\u015bci\u00f3\u0142 podkre\u015bla ten fakt, obchodz\u0105c \u015awi\u0119to Chrystusa Kr\u00f3la tu\u017c przed rozpocz\u0119ciem Adwentu. Wierni wykorzystuj\u0105 cztery niedziele Adwentu i tygodnie mi\u0119dzy nimi, aby przygotowa\u0107 si\u0119 i pami\u0119ta\u0107 o prawdziwym znaczeniu Bo\u017cego Narodzenia. Jednym z najbardziej znanych zewn\u0119trznych znak\u00f3w Adwentu jest wieniec adwentowy. \u015awiece adwentowe ukazuj\u0105 silny kontrast mi\u0119dzy ciemno\u015bci\u0105 a \u015bwiat\u0142em, co jest wa\u017cnym symbolem biblijnym. Jezus okre\u015bli\u0142 siebie jako \u015awiat\u0142o\u015b\u0107 \u015bwiata, kt\u00f3ra rozprasza ciemno\u015bci grzechu: <strong><em>\u201eJa jestem \u015bwiat\u0142o\u015bci\u0105 \u015bwiata. Kto idzie za Mn\u0105, nie b\u0119dzie chodzi\u0142 w ciemno\u015bci, lecz b\u0119dzie mia\u0142 \u015bwiat\u0142o \u017cycia\u201d (J 8,12). <\/em><\/strong>Okr\u0105g\u0142y kszta\u0142t wie\u0144ca adwentowego, bez pocz\u0105tku i ko\u0144ca, symbolizuje wieczno\u015b\u0107 Boga oraz Jego nieko\u0144cz\u0105c\u0105 si\u0119 mi\u0142o\u015b\u0107 do nas &#8211; mi\u0142o\u015b\u0107, kt\u00f3ra pos\u0142a\u0142a Jego Syna na \u015bwiat, aby odkupi\u0142 nas od przekle\u0144stwa grzechu. Co wi\u0119cej, symbolizuje \u017cycie wieczne, kt\u00f3re staje si\u0119 naszym udzia\u0142em poprzez wiar\u0119 w Jezusa Chrystusa. Cztery \u015bwiece na wie\u0144cu s\u0105 zapalane pojedynczo w ka\u017cd\u0105 z czterech niedziel okresu adwentowego. Ka\u017cda \u015bwieca reprezentuje 1000 lat. W sumie cztery \u015bwiece symbolizuj\u0105 4000 lat, przez kt\u00f3re ludzko\u015b\u0107 czeka\u0142a na Zbawiciela \u015bwiata &#8211; od Adama i Ewy do Jezusa, kt\u00f3rego narodziny zosta\u0142y przepowiedziane w Starym Testamencie. Niekt\u00f3re tradycje wie\u0144c\u00f3w adwentowych obejmuj\u0105 r\u00f3wnie\u017c pi\u0105t\u0105 bia\u0142\u0105 \u015bwiec\u0119 \u2013 \u201eChrystusa\u201d &#8211; kt\u00f3r\u0105 zapala si\u0119 w Wigili\u0119 lub w dzie\u0144 Bo\u017cego Narodzenia. Fioletowy to kolor liturgiczny, kt\u00f3ry oznacza czas modlitwy, pokuty i po\u015bwi\u0119cenia i jest u\u017cywany zar\u00f3wno podczas Adwentu, jak i Wielkiego Postu. Adwent, zwany tak\u017ce &#8222;ma\u0142ym Wielkim Postem&#8221;, to okres, w kt\u00f3rym duchowo czekamy w naszej &#8222;ciemno\u015bci&#8221;<br \/>\nz nadziej\u0105 na obiecane odkupienie. Tak jak ca\u0142y \u015bwiat czeka\u0142 na nadej\u015bcie Mesjasza, tak my dzi\u015b z niecierpliwo\u015bci\u0105 czekamy na Jego obiecany powr\u00f3t. U\u017cycie wiecznie zielonych ro\u015blin przypomina nam o naszym wiecznym \u017cyciu z Chrystusem. Li\u015bcie ostrokrzewu i czerwone jagody reprezentuj\u0105 koron\u0119 cierniow\u0105 z M\u0119ki Jezusa i Jego Drogocenn\u0105 Krew; a szyszki sosnowe &#8211; Zmartwychwstanie Chrystusa. Nie tylko sam wieniec adwentowy jest pe\u0142en symboli i znacze\u0144, ale ka\u017cda z niedziel ma sw\u00f3j w\u0142asny sens. Zadbajmy, aby w nabo\u017ce\u0144stwach roratnich uczestniczy\u0142y jak najliczniej nasze dzieci i m\u0142odzie\u017c. Niech to modlitewne wprowadzenie w Tajemnic\u0119 Bo\u017cego Wcielenia pozwoli im odkry\u0107 prawdziwe znaczenie Adwentu.<\/p>\n<p><img loading=\"lazy\" decoding=\"async\" class=\"aligncenter\" src=\"https:\/\/rafalk-elblag.pl\/wp-content\/uploads\/2025\/08\/ogl-graf.png\" width=\"553\" height=\"261\"><\/p>\n<p><strong>&nbsp;<\/strong><\/p>\n<h2 style=\"text-align: center;\"><span style=\"color: #800080;\"><strong>OG\u0141OSZENIA PARAFIALNE&nbsp; 30.11.2025 r.<\/strong><\/span><\/h2>\n<h2 style=\"text-align: center;\"><span style=\"color: #800080;\"><strong>&nbsp;I <\/strong><strong>NIEDZIELA ADWENTU<\/strong><\/span><\/h2>\n<ol>\n<li>Wolontariusze Caritas dzisiaj przed ko\u015bcio\u0142em zbieraj\u0105 ofiary dla najubo\u017cszych i potrzebuj\u0105cych os\u00f3b z naszej parafii.&nbsp; Parafialny Oddzia\u0142 Caritas naszej parafii znajduje si\u0119 przy ul. Myliusa 1A i jest czynny w I i III czwartek miesi\u0105ca od 16:00 do 17:00.<\/li>\n<li>Zapraszamy dzisiaj o godz. 16:00 na spotkanie co miesi\u0119czne cz\u0142onk\u00f3w Apostolatu Bo\u017cego Mi\u0142osierdzia oraz Wolontariuszy Parafialnego Oddzia\u0142u Caritas.<\/li>\n<li>W ramach og\u00f3lnopolskiej akcji <strong><em>\u201eWigilijne Dzie\u0142o Pomocy Dzieciom\u201d<\/em><\/strong> od II Niedzieli Adwentu tj. od 7 grudnia Wolontariusze Caritas b\u0119d\u0105 rozprowadza\u0107 \u015bwiece na st\u00f3\u0142 wigilijny w cenie: ma\u0142e \u015bwiece \u2013 15 z\u0142. oraz du\u017ce \u015bwiece \u2013 25 z\u0142.<\/li>\n<li><strong>Wszystkich doros\u0142ych i m\u0142odzie\u017c zapraszamy na MSZE \u015aW. RORATNIE ku czci Matki Bo\u017cej o godz. 6:30.<\/strong>Dla dzieci Msze \u015bw. RORATNIE odprawiane b\u0119d\u0105 we wtorki i czwartki o godz. 6:30. <strong>Prosimy, by dzieci przychodzi\u0142y z opiekunami i przynosi\u0142y ze sob\u0105 LAMPIONY. <\/strong><em>Dzieci wraz z opiekunami po Mszy \u015bw. zapraszamy do salki w piwnicy na ciep\u0142e mleko lub kakao oraz s\u0142odk\u0105 bu\u0142k\u0119.<\/em><\/li>\n<li>W tym tygodniu przypada pierwszy czwartek, pi\u0105tek i sobota miesi\u0105ca:<\/li>\n<\/ol>\n<ul>\n<li><strong>I czwartek miesi\u0105ca (4 XII)<\/strong> \u2013 zapraszamy na Msz\u0119 \u015bw. o godz. 18:00, a po niej na Adoracj\u0119 Naj\u015bwi\u0119tszego Sakramentu tj. na \u201eGODZIN\u0118 \u015aWI\u0118T\u0104\u201d. Zapraszamy wszystkie osoby modl\u0105ce si\u0119 za kap\u0142an\u00f3w do wsp\u00f3lnej modlitwy.<\/li>\n<li><strong>I pi\u0105tek miesi\u0105ca<\/strong><strong>(5 XII)<\/strong> zapraszamy do spowiedzi doros\u0142ych, m\u0142odzie\u017c i dzieci<br \/>\nz klas IV w tygodniu od godz. 17:30 oraz w pierwszy pi\u0105tek od godz. 16:00 pozosta\u0142e dzieci z innych klas. <strong>Msza \u015bw. Wotywna dla wszystkich dzieci<br \/>\nw I pi\u0105tek tj. 5 grudnia o godz. 16:30oraz <\/strong><strong>o godz. 18:00.<\/strong><\/li>\n<li><strong>I sobota miesi\u0105ca (6 XII) <\/strong>zapraszamy wszystkich czcicieli Matki Bo\u017cej na nabo\u017ce\u0144stwo po\u0142\u0105czone z&nbsp;Adoracj\u0105 Naj\u015bwi\u0119tszego Sakramentu od godz. 17:00.<\/li>\n<\/ul>\n<ol start=\"6\">\n<li>W pierwszy pi\u0105tek miesi\u0105ca <strong>(5 XII) <\/strong>kap\u0142ani udadz\u0105 si\u0119 do chorych od godz. 9:30.<\/li>\n<li>Op\u0142atki na st\u00f3\u0142 wigilijny w jedno\u015bci z nasz\u0105 parafi\u0105 mo\u017cna nabywa\u0107 po Mszach \u015bw. w zakrystii. <em>Nikt z naszej parafii nie dostarcza op\u0142atk\u00f3w do dom\u00f3w i mieszka\u0144.&nbsp;&nbsp;&nbsp;&nbsp;&nbsp;&nbsp;&nbsp;&nbsp;&nbsp;&nbsp;&nbsp;&nbsp;&nbsp;&nbsp;&nbsp;&nbsp;&nbsp;&nbsp;&nbsp;&nbsp;&nbsp;&nbsp;&nbsp;&nbsp;&nbsp;&nbsp;&nbsp;&nbsp;&nbsp;&nbsp;&nbsp;&nbsp;&nbsp;&nbsp;&nbsp;&nbsp;&nbsp;&nbsp;&nbsp;&nbsp;&nbsp;&nbsp;&nbsp;&nbsp;&nbsp;&nbsp;&nbsp;&nbsp;&nbsp; <\/em><\/li>\n<li>W zakrystii mo\u017cna naby\u0107 ostatnie ju\u017c cegie\u0142ki na wsparcie budowy ko\u015bcio\u0142a \u015bw. Brata Alberta w Elbl\u0105gu, kt\u00f3re upowa\u017cniaj\u0105 do udzia\u0142u w KONCERCIE KOL\u0118D I PASTORA\u0141EK 23 stycznia 2026 roku (pi\u0105tek)<strong>wyst\u0105pi zesp\u00f3l Golec u Orkiestra<\/strong><em>. <\/em><\/li>\n<li>Ofiary z\u0142o\u017cone na tac\u0119 za tydzie\u0144 przeznaczone b\u0119d\u0105 na zakupione nowe ORGANY do naszego ko\u015bcio\u0142a. <em>B\u00f3g zap\u0142a\u0107 za sk\u0142adane ofiary <\/em><em>oraz te przelane na konto parafialne.<\/em><\/li>\n<li><strong>W zwi\u0105zku z BALEM dla najm\u0142odszych \u015bw. Miko\u0142aja<\/strong> (dnia 5grudnia) prosimy o wsparcie. Do 3 grudnia do kosza przy zakrystii mo\u017cna przynosi\u0107 s\u0142odycze dla dzieci. Za zrozumienie i wsparcie dzi\u0119kuje ks. Adam w imieniu \u015bw. Miko\u0142aja.<\/li>\n<li>Wszystkim Jubilatom i Solenizantom tego tygodnia \u017cyczymy wielu \u0142ask Bo\u017cych i opieki Matki Bo\u017cej Szkaplerznej.<\/li>\n<li>Zach\u0119camy do nabywania nowego numeru <strong>\u201eGo\u015bcia Niedzielnego\u201d <\/strong>z dodatkiem \u201eGo\u015b\u0107 Elbl\u0105ski\u201d w cenie 10 z\u0142.<\/li>\n<li>Pan powo\u0142a\u0142 do wieczno\u015bci: \u015bp. Teres\u0119 DUDZIC lat 70 z ul. Krzywoustego, \u015bp. Dariusza OLSZAKA lat 65 z ul. Mieszka I&nbsp; &nbsp; &nbsp; &nbsp;&nbsp;<\/li>\n<\/ol>\n<p><em>Wieczny odpoczynek racz im da\u0107 Panie\u2026<\/em><\/p>\n<h4><em><img loading=\"lazy\" decoding=\"async\" class=\"aligncenter\" src=\"https:\/\/rafalk-elblag.pl\/wp-content\/uploads\/2025\/08\/intencje-gragika.jpg\" width=\"552\" height=\"276\"><\/em><\/h4>\n<table width=\"721\">\n<tbody>\n<tr>\n<td colspan=\"2\" width=\"721\">\n<h2 style=\"text-align: center;\"><strong><br \/>\n<span style=\"color: #800080;\">NIEDZIELA \/ 30 listopad 2025 \/ Mt 24, 37 \u2013 44 <\/span><\/strong><\/h2>\n<\/td>\n<\/tr>\n<tr>\n<td width=\"67\">\n<p style=\"text-align: center;\"><span style=\"color: #800080;\"><strong>8.00<\/strong><\/span><\/p>\n<\/td>\n<td width=\"654\">\u015ap. Tadeusza RECZEK w 8 rocznic\u0119 \u015bmierci<\/td>\n<\/tr>\n<tr>\n<td width=\"67\">\n<p style=\"text-align: center;\"><span style=\"color: #800080;\">10.00<\/span><\/p>\n<\/td>\n<td width=\"654\">Za zmar\u0142ych rodzic\u00f3w Janin\u0119 i Stefana JANTA \u2013 LIPI\u0143SKICH, dziadk\u00f3w z obojga stron, brata Waldemara, siostr\u0119 Bo\u017cen\u0119, m\u0119\u017ca Zenona MAGO\u0143, te\u015bcia Teofila<br \/>\ni chrzestn\u0105 Wiktori\u0119, aby Pan B\u00f3g przyj\u0105\u0142 ich do Swojej chwa\u0142y i obdarzy\u0142 wiecznym pokojem<\/td>\n<\/tr>\n<tr>\n<td width=\"67\">\n<p style=\"text-align: center;\"><span style=\"color: #800080;\"><strong>12.00<\/strong><\/span><\/p>\n<\/td>\n<td width=\"654\">Dzi\u0119kczynna z okazji 50 rocznicy \u015blubu Hanny i Adama JANKOWSKICH z pro\u015bb\u0105 o Bo\u017ce b\u0142ogos\u0142awie\u0144stwo, potrzebne \u0142aski, zdrowie, rado\u015b\u0107 i si\u0142\u0119 do prze\u017cywania kolejnych lat w mi\u0142o\u015bci i zgodzie prosz\u0105 Z\u0142oci Jubilaci<\/td>\n<\/tr>\n<tr>\n<td width=\"67\">\n<p style=\"text-align: center;\"><span style=\"color: #800080;\"><strong>15.00<\/strong><\/span><\/p>\n<\/td>\n<td width=\"654\">Dzi\u0119kczynna w 70 urodziny i imieniny El\u017cbiety GLANER z pro\u015bb\u0105 o Bo\u017ce b\u0142ogos\u0142awie\u0144stwo, potrzebne \u0142aski i opiek\u0119 Matki Bo\u017cej Szkaplerznej<\/td>\n<\/tr>\n<tr>\n<td width=\"67\">\n<p style=\"text-align: center;\"><span style=\"color: #800080;\"><strong>18:00<\/strong><\/span><\/p>\n<\/td>\n<td width=\"654\">\u015ap. J\u00f3zefa(M) KWIATOSZ w 12 rocznic\u0119 \u015bmierci<\/td>\n<\/tr>\n<tr>\n<td width=\"67\">\n<p style=\"text-align: center;\"><span style=\"color: #800080;\"><strong>18.00<\/strong><\/span><\/p>\n<\/td>\n<td width=\"654\"><span style=\"color: #800080;\"><strong>MSZA ZBIOROWA ZA ZMAR\u0141YCH<\/strong><\/span><\/td>\n<\/tr>\n<tr>\n<td colspan=\"2\" width=\"721\">\n<h2 style=\"text-align: center;\"><span style=\"color: #800080;\"><strong>PONIEDZIA\u0141EK \/ 1 grudzie\u0144 2025 \/ Mt&nbsp; 8, 5 \u2013 11<\/strong><\/span><\/h2>\n<\/td>\n<\/tr>\n<tr>\n<td width=\"67\">\n<p style=\"text-align: center;\"><span style=\"color: #800080;\"><strong>6.30<\/strong><\/span><\/p>\n<\/td>\n<td width=\"654\"><strong>ZA PARAFIAN<\/strong><\/td>\n<\/tr>\n<tr>\n<td width=\"67\">\n<p style=\"text-align: center;\"><span style=\"color: #800080;\"><strong>18:00<\/strong><\/span><\/p>\n<\/td>\n<td width=\"654\">\u015ap. Barbar\u0119 Burczak \u2013 intencja od VIII r\u00f3\u017cy r\u00f3\u017ca\u0144cowej p.w. Matki Bo\u017cej Salenty\u0144skiej<\/td>\n<\/tr>\n<tr>\n<td colspan=\"2\" width=\"721\">\n<h2 style=\"text-align: center;\"><span style=\"color: #800080;\"><strong>WTOREK \/ 2 grudzie\u0144 2025 \/&nbsp;&nbsp; \u0141k 10, 21 \u2013 24<\/strong><\/span><\/h2>\n<\/td>\n<\/tr>\n<tr>\n<td width=\"67\">\n<p style=\"text-align: center;\"><span style=\"color: #800080;\"><strong>6.30<\/strong><\/span><\/p>\n<\/td>\n<td width=\"654\">\u015ap. Jadwig\u0119 i Alfonsa ROLKA<\/td>\n<\/tr>\n<tr>\n<td width=\"67\">\n<p style=\"text-align: center;\"><span style=\"color: #800080;\"><strong>18:00<\/strong><\/span><\/p>\n<\/td>\n<td width=\"654\">Dzi\u0119kczynna za wszelkie otrzymane \u0142aski z pro\u015bb\u0105 o Bo\u017ce b\u0142ogos\u0142awie\u0144stwo, otwarto\u015b\u0107 na sakramenty \u015bwi\u0119te dla ca\u0142ej rodziny KRAUZE<\/td>\n<\/tr>\n<tr>\n<td colspan=\"2\" width=\"721\">\n<h2 style=\"text-align: center;\"><span style=\"color: #800080;\"><strong>\u015aRODA \/ 3 grudzie\u0144 2025 \/ Mt 15, 29 \u2013 37<\/strong><\/span><\/h2>\n<h4 style=\"text-align: center;\"><span style=\"color: #800080;\"><strong>WSPOMNIENIE \u015aW. FRANCISZKA KSAWEREGO \u2013 PREZBITERA <\/strong><\/span><\/h4>\n<\/td>\n<\/tr>\n<tr>\n<td width=\"67\">\n<p style=\"text-align: center;\"><span style=\"color: #800080;\"><strong>6.30<\/strong><\/span><\/p>\n<\/td>\n<td width=\"654\">\u015ap. Jana(M) i Janin\u0119 OSTROWSKICH i Juliana HOCHLEITNER<\/td>\n<\/tr>\n<tr>\n<td width=\"67\">\n<p style=\"text-align: center;\"><span style=\"color: #800080;\"><strong>18:00<\/strong><\/span><\/p>\n<\/td>\n<td width=\"654\">\u015ap. Anastazj\u0119 STAWARZ<\/td>\n<\/tr>\n<tr>\n<td colspan=\"2\" width=\"721\">\n<h2 style=\"text-align: center;\"><span style=\"color: #800080;\"><strong>CZWARTEK \/ 4 grudzie\u0144 2025 \/ Mt 7, 21. 24 \u2013 27<\/strong><\/span><\/h2>\n<h2 style=\"text-align: center;\"><span style=\"color: #ff0000;\"><strong>PIERWSZY CZWARTEK MIESI\u0104CA<\/strong><\/span><\/h2>\n<\/td>\n<\/tr>\n<tr>\n<td width=\"67\">\n<p style=\"text-align: center;\"><span style=\"color: #800080;\"><strong>6.30<\/strong><\/span><\/p>\n<\/td>\n<td width=\"654\">\u015ap. Monik\u0119 i Jana(M) OSTROWSKICH i Barbar\u0119 SKORUPSK\u0104<\/td>\n<\/tr>\n<tr>\n<td width=\"67\">\n<p style=\"text-align: center;\"><span style=\"color: #800080;\"><strong>18:00<\/strong><\/span><\/p>\n<\/td>\n<td width=\"654\">O Bo\u017ce b\u0142ogos\u0142awie\u0144stwo, zdrowie oraz opiek\u0119 Matki Bo\u017cej dla Barbary OKONOWICZ i ca\u0142ej rodziny<\/td>\n<\/tr>\n<tr>\n<td colspan=\"2\" width=\"721\">\n<h4 style=\"text-align: center;\"><span style=\"color: #0000ff;\"><strong>ADORACJA NAJ\u015aWI\u0118TSZEGO SAKRAMENTU do godz. 20:00<\/strong><\/span><\/h4>\n<\/td>\n<\/tr>\n<tr>\n<td colspan=\"2\" width=\"721\">\n<h2 style=\"text-align: center;\"><span style=\"color: #800080;\"><strong>PI\u0104TEK \/ 5 grudzie\u0144 2025 \/ Mt 9 , 27 \u2013 31<\/strong><\/span><\/h2>\n<h2 style=\"text-align: center;\"><span style=\"color: #ff0000;\"><strong>PIERWSZY PI\u0104TEK MIESI\u0104CA<\/strong><\/span><\/h2>\n<\/td>\n<\/tr>\n<tr>\n<td width=\"67\">\n<p style=\"text-align: center;\"><span style=\"color: #800080;\"><strong>6.30<\/strong><\/span><\/p>\n<\/td>\n<td width=\"654\">O Bo\u017ce b\u0142ogos\u0142awie\u0144stwo, \u0142ask\u0119 zdrowia opiek\u0119 Matki Bo\u017cej Szkaplerznej, wstawiennictwo \u015bwi\u0119tej Barbary dla Barbary JACKIEWICZ z okazji imienin<\/td>\n<\/tr>\n<tr>\n<td width=\"67\">\n<p style=\"text-align: center;\"><span style=\"color: #800080;\"><strong>16:30<\/strong><\/span><\/p>\n<\/td>\n<td width=\"654\"><strong><span style=\"color: #ff0000;\">W intencji czcicieli N. S. P. J.<\/span><\/strong><\/td>\n<\/tr>\n<tr>\n<td width=\"67\">\n<p style=\"text-align: center;\"><span style=\"color: #800080;\"><strong>18.00<\/strong><\/span><\/p>\n<\/td>\n<td width=\"654\">\u015ap. Stanis\u0142aw\u0119 MOCHOL w 2 rocznic\u0119 \u015bmierci<\/td>\n<\/tr>\n<tr>\n<td colspan=\"2\" width=\"721\">\n<h2 style=\"text-align: center;\"><strong><span style=\"color: #800080;\">SOBOTA \/ 6 grudzie\u0144 2025 \/ Mt 9, 35 \u2013 10, 1. 5a. 6 \u2013 8<\/span> <\/strong><\/h2>\n<h2 style=\"text-align: center;\"><span style=\"color: #ff0000;\"><strong>PIERWSZA SOBOTA MIESI\u0104CA<\/strong><\/span><\/h2>\n<\/td>\n<\/tr>\n<tr>\n<td width=\"67\">\n<p style=\"text-align: center;\"><span style=\"color: #800080;\"><strong>6.30<\/strong><\/span><\/p>\n<\/td>\n<td width=\"654\">\u015ap. Krystyn\u0119 Ma\u0107ko w 15 rocznic\u0119 \u015bmierci<\/td>\n<\/tr>\n<tr>\n<td width=\"67\">\n<p style=\"text-align: center;\"><span style=\"color: #800080;\"><strong>18:00<\/strong><\/span><\/p>\n<\/td>\n<td width=\"654\">O Bo\u017ce b\u0142ogos\u0142awie\u0144stwo dla \u017cywych, \u0142ask\u0119 zdrowia dla chorych i Bo\u017ce mi\u0142osierdzie dla zmar\u0142ych cz\u0142onk\u00f3w wsp\u00f3lnoty \u017bywego R\u00f3\u017ca\u0144ca z naszej parafii<\/td>\n<\/tr>\n<tr>\n<td width=\"67\">\n<p style=\"text-align: center;\"><span style=\"color: #800080;\"><strong>18:00<\/strong><\/span><\/p>\n<\/td>\n<td width=\"654\"><strong>\u015ap. Jerzego i Ann\u0119 PIEKARSKICH oraz Stanis\u0142awa(M), Ew\u0119 i Stefana WASZAK<\/strong><\/td>\n<\/tr>\n<tr>\n<td colspan=\"2\" width=\"721\">\n<h2 style=\"text-align: center;\"><strong><span style=\"color: #800080;\">NIEDZIELA \/ 7 grudzie\u0144 2025 \/ Mt 3, 1 \u2013 12<\/span> <\/strong><\/h2>\n<h2 style=\"text-align: center;\"><span style=\"color: #ff0000;\"><strong>PIERWSZA NIEDZIELA MIESI\u0104CA<\/strong><\/span><\/h2>\n<\/td>\n<\/tr>\n<tr>\n<td width=\"67\">\n<p style=\"text-align: center;\"><span style=\"color: #800080;\"><strong>8.00<\/strong><\/span><\/p>\n<\/td>\n<td width=\"654\">O do\u015bwiadczenie Bo\u017cej mi\u0142o\u015bci dla Karoliny i Oskara oraz dla Sebastiana i Natalii o potrzebne \u0142aski i przemian\u0119 serca<\/td>\n<\/tr>\n<tr>\n<td width=\"67\">\n<p style=\"text-align: center;\"><span style=\"color: #800080;\"><strong>10:00<\/strong><\/span><\/p>\n<\/td>\n<td width=\"654\">Dzi\u0119kczynna z okazji urodzin Sylwii z pro\u015bb\u0105 o Bo\u017ce b\u0142ogos\u0142awie\u0144stwo, dary Ducha \u015awi\u0119tego i opiek\u0119 Matki Bo\u017cej Szkaplerznej<\/td>\n<\/tr>\n<tr>\n<td width=\"67\">\n<p style=\"text-align: center;\"><span style=\"color: #800080;\"><strong>12.00<\/strong><\/span><\/p>\n<\/td>\n<td width=\"654\"><span style=\"color: #ff0000;\"><strong>ZA PARAFIAN<\/strong><\/span><\/td>\n<\/tr>\n<tr>\n<td width=\"67\">\n<p style=\"text-align: center;\"><span style=\"color: #800080;\"><strong>15.00<\/strong><\/span><\/p>\n<\/td>\n<td width=\"654\">\u015ap. Mariann\u0119 M\u0141YNARSK\u0104, J\u00f3zefa(M), Zbigniewa, S\u0142awomira, Danut\u0119 z rodziny M\u0141YNARSKICH oraz Ann\u0119 NADOLSK\u0104<\/td>\n<\/tr>\n<tr>\n<td width=\"67\">\n<p style=\"text-align: center;\"><span style=\"color: #800080;\"><strong>18:00<\/strong><\/span><\/p>\n<\/td>\n<td width=\"654\">\u015ap. J\u00f3zefa(M) SIELEWICZ w 13 rocznic\u0119 \u015bmierci<\/td>\n<\/tr>\n<\/tbody>\n<\/table>\n<p>&nbsp;<\/p>\n","protected":false},"excerpt":{"rendered":"<p>Czym jest Adwent? Adwent to okres obejmuj\u0105cy cztery niedziele poprzedzaj\u0105ce Bo\u017ce Narodzenie. Rozpoczyna si\u0119 w niedziel\u0119 najbli\u017csz\u0105 \u015bwi\u0119ta \u015bw. Andrzeja Aposto\u0142a (30 listopada) i ko\u0144czy 24 grudnia. Okres Bo\u017cego Narodzenia Ko\u015bci\u00f3\u0142 \u015bwi\u0119tuje od 25 grudnia a\u017c do 6 stycznia, czyli do \u015awi\u0119ta Objawienia Pa\u0144skiego, nazywanego r\u00f3wnie\u017c \u015awi\u0119tem Trzech Kr\u00f3li. Adwent, z \u0142aci\u0144skiego adventus, oznacza przyj\u015bcie. [&hellip;]<\/p>\n","protected":false},"author":1,"featured_media":5967,"comment_status":"closed","ping_status":"closed","sticky":false,"template":"","format":"standard","meta":{"ngg_post_thumbnail":0,"footnotes":""},"categories":[11,8,4,3],"tags":[],"class_list":["post-5966","post","type-post","status-publish","format-standard","has-post-thumbnail","hentry","category-aktualnosci","category-blog","category-intencje","category-ogloszenia"],"_links":{"self":[{"href":"https:\/\/rafalk-elblag.pl\/index.php?rest_route=\/wp\/v2\/posts\/5966","targetHints":{"allow":["GET"]}}],"collection":[{"href":"https:\/\/rafalk-elblag.pl\/index.php?rest_route=\/wp\/v2\/posts"}],"about":[{"href":"https:\/\/rafalk-elblag.pl\/index.php?rest_route=\/wp\/v2\/types\/post"}],"author":[{"embeddable":true,"href":"https:\/\/rafalk-elblag.pl\/index.php?rest_route=\/wp\/v2\/users\/1"}],"replies":[{"embeddable":true,"href":"https:\/\/rafalk-elblag.pl\/index.php?rest_route=%2Fwp%2Fv2%2Fcomments&post=5966"}],"version-history":[{"count":1,"href":"https:\/\/rafalk-elblag.pl\/index.php?rest_route=\/wp\/v2\/posts\/5966\/revisions"}],"predecessor-version":[{"id":5968,"href":"https:\/\/rafalk-elblag.pl\/index.php?rest_route=\/wp\/v2\/posts\/5966\/revisions\/5968"}],"wp:featuredmedia":[{"embeddable":true,"href":"https:\/\/rafalk-elblag.pl\/index.php?rest_route=\/wp\/v2\/media\/5967"}],"wp:attachment":[{"href":"https:\/\/rafalk-elblag.pl\/index.php?rest_route=%2Fwp%2Fv2%2Fmedia&parent=5966"}],"wp:term":[{"taxonomy":"category","embeddable":true,"href":"https:\/\/rafalk-elblag.pl\/index.php?rest_route=%2Fwp%2Fv2%2Fcategories&post=5966"},{"taxonomy":"post_tag","embeddable":true,"href":"https:\/\/rafalk-elblag.pl\/index.php?rest_route=%2Fwp%2Fv2%2Ftags&post=5966"}],"curies":[{"name":"wp","href":"https:\/\/api.w.org\/{rel}","templated":true}]}}