{"id":5954,"date":"2025-11-09T20:38:07","date_gmt":"2025-11-09T20:38:07","guid":{"rendered":"https:\/\/rafalk-elblag.pl\/?p=5954"},"modified":"2025-11-09T20:38:07","modified_gmt":"2025-11-09T20:38:07","slug":"swieto-rocznicy-poswiecenia-bazyliki-lateranskiej","status":"publish","type":"post","link":"https:\/\/rafalk-elblag.pl\/?p=5954","title":{"rendered":"\u015aWI\u0118TO ROCZNICY PO\u015aWI\u0118CENIA BAZYLIKI LATERA\u0143SKIEJ"},"content":{"rendered":"<p><img loading=\"lazy\" decoding=\"async\" class=\"aligncenter\" src=\"https:\/\/rafalk-elblag.pl\/wp-content\/uploads\/2025\/08\/biuletyn-graf.jpg\" width=\"552\" height=\"357\"><\/p>\n<h2 style=\"text-align: center;\"><span style=\"color: #ff6600;\"><strong>EUCHARYSTYCZNA KOMUNIA \u015aWI\u0118TYCH<\/strong><\/span><\/h2>\n<p><strong>&nbsp;<\/strong>\u201eWsp\u00f3lny widzialny udzia\u0142 w dobrach zbawienia (rzeczy \u015bwi\u0119te), szczeg\u00f3lnie w Eucharystii, jest podstaw\u0105 komunii niewidzialnej mi\u0119dzy uczestnikami (\u015bwi\u0119ci)\u201d \u2013 stwierdza kardyna\u0142 Ratzinger. Rozpatruj\u0105c \u015bcis\u0142y zwi\u0105zek pomi\u0119dzy Eucharysti\u0105 a komuni\u0105 ko\u015bcieln\u0105, poddaje analizie teksty Paw\u0142owe, w kt\u00f3rych ukazane jest wzajemne przenikanie si\u0119 tajemnic Cia\u0142a i Krwi Chrystusa z Ko\u015bcio\u0142em jako Jego cia\u0142em. Zaczyna od wypowiedzi, w kt\u00f3rej Pawe\u0142 stwierdza: \u201eKielich b\u0142ogos\u0142awie\u0144stwa, kt\u00f3ry b\u0142ogos\u0142awimy, czy\u017c nie jest udzia\u0142em we Krwi Chrystusa? Chleb, kt\u00f3ry \u0142amiemy, czy\u017c nie jest udzia\u0142em w Ciele Chrystusa? Poniewa\u017c jeden jest chleb, przeto my, liczni, tworzymy jedno cia\u0142o. Wszyscy bowiem bierzemy z tego samego chleba\u201d (1 Kor 10, 16-17). Tre\u015bciowa g\u0142\u0119bia Paw\u0142owych s\u0142\u00f3w ods\u0142ania si\u0119 wyra\u017aniej, kiedy si\u0119 pami\u0119ta, \u017ce w mentalno\u015bci hebrajskiej wyraz \u201ekrew\u201d oznacza \u017cycie. Spo\u017cywanie Krwi Chrystusa to dzielenie z Nim \u017cycia, wej\u015bcie z Nim w najg\u0142\u0119bsz\u0105 komuni\u0119. A Chrystusowe \u017cycie jest s\u0142u\u017cebnym oddaniem siebie innym a\u017c po \u015bmier\u0107 (por. Mk 10, 45). Eucharystyczna Krew przelana zosta\u0142a na krzy\u017cu w akcie ca\u0142kowitego po\u015bwi\u0119cenia siebie dla innych. Ucze\u0144 Chrystusa si\u0119gaj\u0105cy po kielich z Jego Krwi\u0105 decyduje si\u0119 na przyj\u0119cie postawy \u017cyciowej, kt\u00f3ra b\u0119dzie ca\u0142kowit\u0105 s\u0142u\u017cb\u0105 dla innych. Jeszcze dobitniej przemawia \u2013 wed\u0142ug Ratzingera \u2013 symbolika eucharystycznego Chleba. Zwyczajny chleb ziemski spo\u017cywany jest i przyswajany przez ludzki organizm. Inaczej jest z Chlebem niebia\u0144skim. Ten Chleb cz\u0142owieka ogarnia i wch\u0142ania. Chrze\u015bcijanin zachowuje wprawdzie swoj\u0105 indywidualno\u015b\u0107, ale jednocze\u015bnie staje si\u0119 cz\u0105stk\u0105 innej rzeczywisto\u015bci. Jednoczy si\u0119 z Chrystusem tak \u015bci\u015ble, \u017ce odnosz\u0105 si\u0119 do niego Paw\u0142owe s\u0142owa: \u201eTeraz za\u015b ju\u017c nie ja \u017cyj\u0119, lecz \u017cyje we mnie Chrystus\u201d (Ga 2, 20). Komunia z Chrystusem przekszta\u0142ca cz\u0142owieka, przemienia go wewn\u0119trznie. Wydobywa go z jego zamkni\u0119cia w sobie i otwiera na przyj\u0119cie sposobu \u017cycia, kt\u00f3re na wz\u00f3r Chrystusa skierowane jest w stron\u0119 bli\u017aniego, by budowa\u0107 w nim wsp\u00f3lnot\u0119. Jest to komunia z Chrystusem i Jego uczniami, kt\u00f3rzy zjednoczeni z Nim staj\u0105 si\u0119 cz\u0142onkami Jego cia\u0142a \u2013 Ko\u015bcio\u0142a. Chrze\u015bcijanin przemieniony dzi\u0119ki spo\u017cywaniu Cia\u0142a i Krwi Chrystusa ma \u015bwiadomo\u015b\u0107 komunii nie tylko z tymi, kt\u00f3rzy uczestnicz\u0105 wsp\u00f3lnie z nim w Eucharystii, ale z ca\u0142ym Ko\u015bcio\u0142em pielgrzymuj\u0105cym i niebia\u0144skim, poniewa\u017c \u017ar\u00f3d\u0142em ko\u015bcielnej komunii jest ten sam Chrystus przenikaj\u0105cy w Duchu wszystkie cz\u0142onki swojego cia\u0142a. Wewn\u0119trzna przemiana cz\u0142owieka, dokonuj\u0105ca si\u0119 dzi\u0119ki Eucharystii i prowadz\u0105ca do \u015bcis\u0142ej duchowej komunii z Chrystusem i cz\u0142onkami Jego cia\u0142a, to tylko jeden wymiar oddzia\u0142ywania Eucharystii. Opr\u00f3cz tego wymiaru niewidzialnego Jan Pawe\u0142 II dostrzega w niej wymiar widzialny, obejmuj\u0105cy <strong>\u201e<em>komuni\u0119 w zakresie nauczania Aposto\u0142\u00f3w, sakrament\u00f3w i porz\u0105dku hierarchicznego\u201d.<\/em><\/strong> <em>Oba te wymiary s\u0105 z sob\u0105 nierozerwalnie po\u0142\u0105czone, tak \u017ce jeden nie mo\u017ce istnie\u0107 bez drugiego. M\u00f3wi\u0105c o wymiarze widzialnym komunii eucharystycznej, dotyka Papie\u017c drugiego znaczenia wiary w \u201e\u015bwi\u0119tych obcowanie\u201d, czyli \u201ekomunii w rzeczach \u015bwi\u0119tych (sancta)\u201d.<\/em> <em>Komunia \u015bwi\u0119tych to wsp\u00f3lnota mi\u0119dzy osobami \u015bwi\u0119tymi, ale tak\u017ce komunia d\u00f3br duchowych.<\/em><\/p>\n<p><img loading=\"lazy\" decoding=\"async\" class=\"aligncenter\" src=\"https:\/\/rafalk-elblag.pl\/wp-content\/uploads\/2025\/08\/ogl-graf.png\" width=\"553\" height=\"261\"><\/p>\n<h2 style=\"text-align: center;\"><span style=\"color: #ff6600;\"><strong>OG\u0141OSZENIA PARAFIALNE&nbsp; 09.11.2025 r.<\/strong><\/span><\/h2>\n<h2 style=\"text-align: center;\"><span style=\"color: #ff6600;\"><strong>XXXII NIEDZIELA ZWYK\u0141A<\/strong><\/span><\/h2>\n<ol>\n<li>W listopadzie w spos\u00f3b szczeg\u00f3lny pochylamy si\u0119 nad mogi\u0142ami, w kt\u00f3rych spoczywaj\u0105 nasi bliscy. Najg\u0142\u0119bszym wyrazem naszej mi\u0142o\u015bci jest nasza modlitwa za nich.<\/li>\n<\/ol>\n<p>&nbsp;&nbsp;&nbsp;&nbsp;&nbsp;&nbsp;&nbsp;&nbsp; <strong>Dlatego zapraszamy do wsp\u00f3lnej modlitwy za zmar\u0142ych codziennie o godz. 18:00 na MSZY \u015aW. ZBIOROWEJ a bezpo\u015brednio po na WYPOMINKI po\u0142\u0105czone z Koronk\u0105 do Mi\u0142osierdzia Bo\u017cego.<\/strong><\/p>\n<ol start=\"2\">\n<li>M\u0142odzie\u017c &#8211; ROK PIERWSZY przygotowuj\u0105ca si\u0119 do SAKRAMENTU BIERZMOWANIA zapraszamy dzisiaj na Msz\u0119 \u015bw. o godz. 18:00. Bezpo\u015brednio po Eucharystii odb\u0119dzie si\u0119 dla nich spotkanie formacyjne w salce m\u0142odzie\u017cowej. Ks. Adam oczekuje.<\/li>\n<li><strong>Rodzic\u00f3w dzieci klas III Szko\u0142y Podstawowej<\/strong> przygotowuj\u0105cych si\u0119 do I Spowiedzi i Komunii \u015bw. zapraszam wyj\u0105tkowo nie jutro tylko za tydzie\u0144 tj.17 listopada na comiesi\u0119czne spotkanie do ko\u015bcio\u0142a na godz. 19:00.<\/li>\n<li>Dzieci wraz z rodzicami lub opiekunami zapraszamy na modlitw\u0119 za zmar\u0142ych 9 listopada (niedziela)po Mszy \u015bw. o godz. 10:00 i 13 listopada (czwartek) o godz. 16:30.<\/li>\n<li><strong>We wtorek (11 listopada) zapraszamy na Msz\u0119 \u015bw. o godz. 11:00, w 107 rocznic\u0119 odzyskania przez Polsk\u0119 Niepodleg\u0142o\u015bci. <\/strong>Dzi\u0119kowa\u0107 b\u0119dziemy za dar wolno\u015bci i prosi\u0107 o dary Ducha \u015awi\u0119tego dla wszystkich odpowiedzialnych za losy Polskiego Narodu. Szczeg\u00f3lnie prosi\u0107 b\u0119dziemy o jedno\u015b\u0107 i zgod\u0119 w naszej Ojczy\u017anie oraz o pok\u00f3j na \u015bwiecie. <em>Zapraszamy do wsp\u00f3lnej modlitwy. Przyjd\u017amy z flagami. <\/em><\/li>\n<li>Od <strong>11 do 19 listopada<\/strong> b\u0119dzie trwa\u0142a Nowenna do \u015bw. Rafa\u0142a Kalinowskiego, przygotowuj\u0105ca nas duchowo do<strong> ODPUSTU PARAFIALNEGO<u>. <\/u><\/strong><em><u>Nowenn\u0119 b\u0119dziemy odmawia\u0107 na zako\u0144czenie Mszy \u015bw. Zapraszamy do wsp\u00f3lnej modlitwy.<\/u><\/em><\/li>\n<li><strong>ZAPROSZENIE DO UDZIA\u0141U W ELBL\u0104SKIEJ SZKOLE BIBLIJNEJ.<\/strong><\/li>\n<\/ol>\n<p>Zapraszamy do udzia\u0142u w spotkaniach Elbl\u0105skiej Szko\u0142y Biblijnej. Zaj\u0119cia odbywaj\u0105 si\u0119 w wybran\u0105 sobot\u0119 miesi\u0105ca od godz. 9:00-12:00, w trzech blokach z przerwami na kaw\u0119. Prowadz\u0105 je bibli\u015bci z Diecezji Elbl\u0105skiej oraz zaproszeni go\u015bcie. Udzia\u0142 w szkole jest darmowy. <strong><em>Miejsce spotka\u0144: <\/em><\/strong>aula Wy\u017cszego Seminarium Duchownego w Elbl\u0105gu, ul. Bo\u017cego Cia\u0142a 10.<strong><em>W tym roku w czasie spotka\u0144 rozwa\u017camy nast\u0119puj\u0105ce ksi\u0119gi biblijne:<\/em><\/strong><br \/>\n&#8211; Psalmy &#8211; ks. dr Jakub Altman- Dzieje Apostolskiej &#8211; ks. dr Zbigniew Grochowski<br \/>\n&#8211; Ewangelia wed\u0142ug \u015bw. Jana&nbsp; &#8211; ks. dr hab. Marek Karczewski, prof. UWM<\/p>\n<p><strong><em>Terminy spotka\u0144:<\/em><\/strong>15 listopada &#8211; rozpocz\u0119cie i przyjmowanie zg\u0142osze\u0144 oraz13 grudnia; 10 stycznia; 7 marca; 11 kwietnia, 9 maja i 6 czerwca. Bie\u017c\u0105ce dodatkowe informacje umieszczane s\u0105 r\u00f3wnie\u017c na portalu facebook pod has\u0142em Elbl\u0105ska Szko\u0142a Biblijna (<a href=\"https:\/\/www.facebook.com\/StudiumBiblicum\">https:\/\/www.facebook.com\/StudiumBiblicum<\/a>).<\/p>\n<ol start=\"8\">\n<li><strong>Za tydzie\u0144 16 listopada<\/strong> dzie\u0144 spotkania <strong>RODZINY I BRACTWA SZKAPLERZNEGO<\/strong>. Serdecznie zapraszamy na Msz\u0119 \u015bw. o godz. 18:00z mo\u017cliwo\u015bci\u0105 przyj\u0119cia Szkaplerza Karmelita\u0144skiego a po Mszy \u015bw. na WYPOMINKI po\u0142\u0105czone z Koronk\u0105 do Bo\u017cego Mi\u0142osierdzia, zako\u0144czon\u0105 NOWENN\u0104.<\/li>\n<\/ol>\n<h2 style=\"text-align: center;\"><span style=\"color: #ff6600;\"><strong>WIECZ\u00d3R UWIELBIENIABEZPO\u015aREDNIO PO ZAKO\u0143CZONYCH MODLITWACH. B\u0118DZIEMY DZI\u0118KOWA\u0106 PANU BOGU<\/strong><\/span><\/h2>\n<h2 style=\"text-align: center;\"><span style=\"color: #ff6600;\"><strong>ZA NASZ\u0104 PARAFI\u0118.<\/strong><\/span><\/h2>\n<ol start=\"9\">\n<li>Pragn\u0119 poinformowa\u0107, \u017ce op\u0142atki na st\u00f3\u0142 wigilijny zostan\u0105 po\u015bwi\u0119cone dzisiaj na Sumie Parafialnej o godz. 12:00. Od tego dnia b\u0119dzie mo\u017cna nabywa\u0107 op\u0142atki w jedno\u015bci z nasz\u0105 parafi\u0105. <strong>Nikt z naszej parafii nie dostarcza op\u0142atk\u00f3w do dom\u00f3w i mieszka\u0144. <\/strong><em>Powt\u00f3rz\u0119 mo\u017cna je b\u0119dzie nabywa\u0107 od dzisiaj po Mszy \u015bw. o godz. 12:00 w zakrystii. Zapraszamy. <\/em><\/li>\n<li>Zach\u0119camy do nabywania nowego numeru \u201eGo\u015bcia Niedzielnego\u201d <strong>z dodatkiem \u201eGo\u015b\u0107 Elbl\u0105ski&#8221;<\/strong> w cenie 10 z\u0142.<\/li>\n<\/ol>\n<h4><em><img loading=\"lazy\" decoding=\"async\" class=\"aligncenter\" src=\"https:\/\/rafalk-elblag.pl\/wp-content\/uploads\/2025\/08\/intencje-gragika.jpg\" width=\"552\" height=\"276\"><\/em><\/h4>\n<h2 style=\"text-align: center;\"><strong><span style=\"color: #ff6600;\">\u015aWI\u0118TO ROCZNICY PO\u015aWI\u0118CENIA BAZYLIKI LATERA\u0143SKIEJ \/ 9 listopad 2025\/ \u0141k 20, 27 \u2013 38<\/span><\/strong><\/h2>\n<p><strong><span style=\"color: #ff6600;\">8.00<\/span><\/strong>&nbsp;&nbsp;&nbsp;&nbsp;&nbsp;&nbsp;&nbsp;&nbsp;&nbsp;&nbsp;&nbsp;&nbsp;&nbsp;&nbsp;&nbsp;&nbsp;&nbsp;&nbsp;&nbsp;&nbsp;&nbsp;&nbsp;&nbsp;&nbsp;&nbsp;&nbsp;&nbsp;&nbsp;&nbsp;&nbsp;&nbsp;&nbsp;&nbsp;&nbsp;&nbsp;&nbsp;&nbsp;&nbsp;&nbsp;&nbsp;&nbsp;&nbsp;&nbsp;&nbsp;&nbsp;&nbsp;&nbsp;&nbsp;&nbsp;&nbsp;&nbsp;&nbsp;&nbsp;&nbsp;&nbsp;&nbsp;&nbsp;&nbsp;&nbsp;&nbsp;&nbsp;&nbsp;&nbsp;&nbsp;&nbsp;&nbsp;&nbsp;&nbsp;&nbsp;&nbsp;&nbsp;&nbsp;&nbsp;&nbsp;&nbsp;&nbsp;&nbsp;&nbsp;&nbsp;&nbsp;&nbsp;&nbsp;&nbsp;&nbsp;&nbsp;&nbsp;&nbsp;&nbsp;&nbsp;&nbsp;&nbsp;&nbsp;&nbsp;&nbsp;&nbsp;&nbsp;<\/p>\n<p>\u015ap. Lucjana LASEK w 30 rocznic\u0119 \u015bmierci, Mariann\u0119, Feliksa, Sylwestra BA\u0141DYGA, Bronis\u0142aw\u0119, Stanis\u0142awa (M) LASEK oraz zmar\u0142ych z rodzin: LASEK, BA\u0141DYGA, GROCHOWSKICH<\/p>\n<p><strong><span style=\"color: #ff6600;\">10.00&nbsp;&nbsp;<\/span><\/strong>&nbsp;&nbsp;&nbsp;&nbsp;&nbsp;&nbsp;&nbsp;&nbsp;&nbsp;&nbsp;&nbsp;&nbsp;&nbsp;&nbsp;&nbsp;&nbsp;&nbsp;&nbsp;&nbsp;&nbsp;&nbsp;&nbsp;&nbsp;&nbsp;&nbsp;&nbsp;&nbsp;&nbsp;&nbsp;&nbsp;&nbsp;&nbsp;&nbsp;&nbsp;&nbsp;&nbsp;&nbsp;&nbsp;&nbsp;&nbsp;&nbsp;&nbsp;&nbsp;&nbsp;&nbsp;&nbsp;&nbsp;&nbsp;&nbsp;&nbsp;&nbsp;&nbsp;&nbsp;&nbsp;&nbsp;&nbsp;&nbsp;&nbsp;&nbsp;&nbsp;&nbsp;&nbsp;&nbsp;&nbsp;&nbsp;&nbsp;&nbsp;&nbsp;&nbsp;&nbsp;&nbsp;&nbsp;&nbsp;&nbsp;&nbsp;&nbsp;&nbsp;&nbsp;&nbsp;&nbsp;&nbsp;&nbsp;&nbsp;&nbsp;&nbsp;&nbsp;&nbsp;&nbsp;&nbsp;&nbsp;&nbsp;&nbsp;<\/p>\n<p>O uprzedzaj\u0105c\u0105 \u0142ask\u0119 natchnie\u0144, si\u0142\u0119 i rozwag\u0119, by wprowadzone w \u017cycie zaowocowa\u0142y ca\u0142kowitym przylgni\u0119ciem do Pana Boga dla Nikodema i jego rodziny,&nbsp; Magdaleny i jej rodziny oraz Agnieszki i ca\u0142ej rodziny zakonnej<\/p>\n<p><strong><span style=\"color: #ff6600;\">12.00<\/span><\/strong>&nbsp;&nbsp;&nbsp;&nbsp;&nbsp;&nbsp;&nbsp;&nbsp;&nbsp;&nbsp;&nbsp;&nbsp;&nbsp;&nbsp;&nbsp;&nbsp;&nbsp;&nbsp;&nbsp;&nbsp;&nbsp;&nbsp;&nbsp;&nbsp;&nbsp;&nbsp;&nbsp;&nbsp;&nbsp;&nbsp;&nbsp;&nbsp;&nbsp;&nbsp;&nbsp;&nbsp;&nbsp;&nbsp;&nbsp;&nbsp;&nbsp;&nbsp;&nbsp;&nbsp;&nbsp;&nbsp;&nbsp;&nbsp;&nbsp;&nbsp;&nbsp;&nbsp;&nbsp;&nbsp;&nbsp;&nbsp;&nbsp;&nbsp;&nbsp;&nbsp;&nbsp;&nbsp;&nbsp;&nbsp;&nbsp;&nbsp;&nbsp;&nbsp;&nbsp;&nbsp;&nbsp;&nbsp;&nbsp;&nbsp;&nbsp;&nbsp;&nbsp;&nbsp;&nbsp;&nbsp;&nbsp;&nbsp;&nbsp;&nbsp;&nbsp;&nbsp;&nbsp;&nbsp;&nbsp;&nbsp;&nbsp;&nbsp;&nbsp;&nbsp;<\/p>\n<p><strong><span style=\"color: #ff0000;\">ZA<\/span> <span style=\"color: #ff0000;\">PARAFIAN<\/span><\/strong><\/p>\n<p><strong><span style=\"color: #ff6600;\">15.00<\/span><\/strong>&nbsp;&nbsp;&nbsp;&nbsp;&nbsp;&nbsp;&nbsp;&nbsp;&nbsp;&nbsp;&nbsp;&nbsp;&nbsp;&nbsp;&nbsp;&nbsp;&nbsp;&nbsp;&nbsp;&nbsp;&nbsp;&nbsp;&nbsp;&nbsp;&nbsp;&nbsp;&nbsp;&nbsp;&nbsp;&nbsp;&nbsp;&nbsp;&nbsp;&nbsp;&nbsp;&nbsp;&nbsp;&nbsp;&nbsp;&nbsp;&nbsp;&nbsp;&nbsp;&nbsp;&nbsp;&nbsp;&nbsp;&nbsp;&nbsp;&nbsp;&nbsp;&nbsp;&nbsp;&nbsp;&nbsp;&nbsp;&nbsp;&nbsp;&nbsp;&nbsp;&nbsp;&nbsp;&nbsp;&nbsp;&nbsp;&nbsp;&nbsp;&nbsp;&nbsp;&nbsp;&nbsp;&nbsp;&nbsp;&nbsp;&nbsp;&nbsp;&nbsp;&nbsp;&nbsp;&nbsp;&nbsp;&nbsp;&nbsp;&nbsp;&nbsp;&nbsp;&nbsp;&nbsp;&nbsp;&nbsp;&nbsp;&nbsp;&nbsp;&nbsp;<\/p>\n<p>\u015ap. Anastazj\u0119, Bernarda (M), Andrzeja HUSZCZA, Emili\u0119 i Feliksa SONGIN<\/p>\n<p><strong><span style=\"color: #ff6600;\">18:00&nbsp;<\/span><\/strong>&nbsp;&nbsp;&nbsp;&nbsp;&nbsp;&nbsp;&nbsp;&nbsp;&nbsp;&nbsp;&nbsp;&nbsp;&nbsp;&nbsp;&nbsp;&nbsp;&nbsp;&nbsp;&nbsp;&nbsp;&nbsp;&nbsp;&nbsp;&nbsp;&nbsp;&nbsp;&nbsp;&nbsp;&nbsp;&nbsp;&nbsp;&nbsp;&nbsp;&nbsp;&nbsp;&nbsp;&nbsp;&nbsp;&nbsp;&nbsp;&nbsp;&nbsp;&nbsp;&nbsp;&nbsp;&nbsp;&nbsp;&nbsp;&nbsp;&nbsp;&nbsp;&nbsp;&nbsp;&nbsp;&nbsp;&nbsp;&nbsp;&nbsp;&nbsp;&nbsp;&nbsp;&nbsp;&nbsp;&nbsp;&nbsp;&nbsp;&nbsp;&nbsp;&nbsp;&nbsp;&nbsp;&nbsp;&nbsp;&nbsp;&nbsp;&nbsp;&nbsp;&nbsp;&nbsp;&nbsp;&nbsp;&nbsp;&nbsp;&nbsp;&nbsp;&nbsp;&nbsp;&nbsp;&nbsp;&nbsp;&nbsp;&nbsp;&nbsp;<\/p>\n<p>\u015ap. Marka MALINOWSKIEGO w 5 rocznic\u0119 \u015bmierci<\/p>\n<p><span style=\"color: #ff6600;\"><strong>18.00&nbsp;<\/strong><\/span>&nbsp;&nbsp;&nbsp;&nbsp;&nbsp;&nbsp;&nbsp;&nbsp;&nbsp;&nbsp;&nbsp;&nbsp;&nbsp;&nbsp;&nbsp;&nbsp;&nbsp;&nbsp;&nbsp;&nbsp;&nbsp;&nbsp;&nbsp;&nbsp;&nbsp;&nbsp;&nbsp;&nbsp;&nbsp;&nbsp;&nbsp;&nbsp;&nbsp;&nbsp;&nbsp;&nbsp;&nbsp;&nbsp;&nbsp;&nbsp;&nbsp;&nbsp;&nbsp;&nbsp;&nbsp;&nbsp;&nbsp;&nbsp;&nbsp;&nbsp;&nbsp;&nbsp;&nbsp;&nbsp;&nbsp;&nbsp;&nbsp;&nbsp;&nbsp;&nbsp;&nbsp;&nbsp;&nbsp;&nbsp;&nbsp;&nbsp;&nbsp;&nbsp;&nbsp;&nbsp;&nbsp;&nbsp;&nbsp;&nbsp;&nbsp;&nbsp;&nbsp;&nbsp;&nbsp;&nbsp;&nbsp;&nbsp;&nbsp;&nbsp;&nbsp;&nbsp;&nbsp;&nbsp;&nbsp;&nbsp;&nbsp;&nbsp;&nbsp;<\/p>\n<p><strong><span style=\"color: #800080;\">MSZA<\/span> <span style=\"color: #800080;\">ZBIOROWA<\/span> <span style=\"color: #800080;\">ZA<\/span> <span style=\"color: #800080;\">ZMAR\u0141YCH<\/span><\/strong><\/p>\n<h2 style=\"text-align: center;\"><span style=\"color: #008000;\">PONIEDZIA\u0141EK \/ 10 listopad 2025 \/ \u0141k&nbsp; 17, 1 \u2013 6<\/span><\/h2>\n<p><strong><span style=\"color: #008000;\">8.00<\/span><\/strong>&nbsp;&nbsp;&nbsp;&nbsp;&nbsp;&nbsp;&nbsp;&nbsp;&nbsp;&nbsp;&nbsp;&nbsp;&nbsp;&nbsp;&nbsp;&nbsp;&nbsp;&nbsp;&nbsp;&nbsp;&nbsp;&nbsp;&nbsp;&nbsp;&nbsp;&nbsp;&nbsp;&nbsp;&nbsp;&nbsp;&nbsp;&nbsp;&nbsp;&nbsp;&nbsp;&nbsp;&nbsp;&nbsp;&nbsp;&nbsp;&nbsp;&nbsp;&nbsp;&nbsp;&nbsp;&nbsp;&nbsp;&nbsp;&nbsp;&nbsp;&nbsp;&nbsp;&nbsp;&nbsp;&nbsp;&nbsp;&nbsp;&nbsp;&nbsp;&nbsp;&nbsp;&nbsp;&nbsp;&nbsp;&nbsp;&nbsp;&nbsp;&nbsp;&nbsp;&nbsp;&nbsp;&nbsp;&nbsp;&nbsp;&nbsp;&nbsp;&nbsp;&nbsp;&nbsp;&nbsp;&nbsp;&nbsp;&nbsp;&nbsp;&nbsp;&nbsp;&nbsp;&nbsp;&nbsp;&nbsp;&nbsp;&nbsp;&nbsp;&nbsp;&nbsp;&nbsp;<\/p>\n<p>\u015ap. Barbar\u0119 i Ryszarda CZARNECKICH oraz za Ann\u0119 i Bogus\u0142awa (M) OLSZEWSKICH<\/p>\n<p><strong><span style=\"color: #008000;\">18:00<\/span><\/strong>&nbsp;&nbsp;&nbsp;&nbsp;&nbsp;&nbsp;&nbsp;&nbsp;&nbsp;&nbsp;&nbsp;&nbsp;&nbsp;&nbsp;&nbsp;&nbsp;&nbsp;&nbsp;&nbsp;&nbsp;&nbsp;&nbsp;&nbsp;&nbsp;&nbsp;&nbsp;&nbsp;&nbsp;&nbsp;&nbsp;&nbsp;&nbsp;&nbsp;&nbsp;&nbsp;&nbsp;&nbsp;&nbsp;&nbsp;&nbsp;&nbsp;&nbsp;&nbsp;&nbsp;&nbsp;&nbsp;&nbsp;&nbsp;&nbsp;&nbsp;&nbsp;&nbsp;&nbsp;&nbsp;&nbsp;&nbsp;&nbsp;&nbsp;&nbsp;&nbsp;&nbsp;&nbsp;&nbsp;&nbsp;&nbsp;&nbsp;&nbsp;&nbsp;&nbsp;&nbsp;&nbsp;&nbsp;&nbsp;&nbsp;&nbsp;&nbsp;&nbsp;&nbsp;&nbsp;&nbsp;&nbsp;&nbsp;&nbsp;&nbsp;&nbsp;&nbsp;&nbsp;&nbsp;&nbsp;&nbsp;&nbsp;&nbsp;&nbsp;&nbsp;<\/p>\n<p><strong><span style=\"color: #800080;\">MS<\/span><span style=\"color: #800080;\"><strong>ZA <\/strong>ZBIORO<\/span><span style=\"color: #800080;\">WA ZA ZMAR\u0141YCH<\/span><\/strong><\/p>\n<h2 style=\"text-align: center;\"><span style=\"color: #008000;\">WTOREK \/ 11 listopad 2025 \/&nbsp;&nbsp; \u0141k 17, 7 \u2013 10<\/span><\/h2>\n<h2 style=\"text-align: center;\"><span style=\"color: #008000;\">WSPOMNIENIE, \u015aW. MARCINA Z TOURS \u2013 BISKUPA<\/span><\/h2>\n<p><strong><span style=\"color: #008000;\">8.00<\/span><\/strong>&nbsp;&nbsp;&nbsp;&nbsp;&nbsp;&nbsp;&nbsp;&nbsp;&nbsp;&nbsp;&nbsp;&nbsp;&nbsp;&nbsp;&nbsp;&nbsp;&nbsp;&nbsp;&nbsp;&nbsp;&nbsp;&nbsp;&nbsp;&nbsp;&nbsp;&nbsp;&nbsp;&nbsp;&nbsp;&nbsp;&nbsp;&nbsp;&nbsp;&nbsp;&nbsp;&nbsp;&nbsp;&nbsp;&nbsp;&nbsp;&nbsp;&nbsp;&nbsp;&nbsp;&nbsp;&nbsp;&nbsp;&nbsp;&nbsp;&nbsp;&nbsp;&nbsp;&nbsp;&nbsp;&nbsp;&nbsp;&nbsp;&nbsp;&nbsp;&nbsp;&nbsp;&nbsp;&nbsp;&nbsp;&nbsp;&nbsp;&nbsp;&nbsp;&nbsp;&nbsp;&nbsp;&nbsp;&nbsp;&nbsp;&nbsp;&nbsp;&nbsp;&nbsp;&nbsp;&nbsp;&nbsp;&nbsp;&nbsp;&nbsp;&nbsp;&nbsp;&nbsp;&nbsp;&nbsp;&nbsp;&nbsp;&nbsp;&nbsp;&nbsp;&nbsp;&nbsp;<\/p>\n<p>Dzi\u0119kczynna, za dar \u017cycia w dniu urodzin z pro\u015bb\u0105 o Bo\u017ce b\u0142ogos\u0142awie\u0144stwo opiek\u0119 Matki Bo\u017cej i Bo\u017ce prowadzenie przez \u017cycie dla Klaudii<\/p>\n<p><strong><span style=\"color: #008000;\">11:00<\/span><\/strong>&nbsp;&nbsp;&nbsp;&nbsp;&nbsp;&nbsp;&nbsp;&nbsp;&nbsp;&nbsp;&nbsp;&nbsp;&nbsp;&nbsp;&nbsp;&nbsp;&nbsp;&nbsp;&nbsp;&nbsp;&nbsp;&nbsp;&nbsp;&nbsp;&nbsp;&nbsp;&nbsp;&nbsp;&nbsp;&nbsp;&nbsp;&nbsp;&nbsp;&nbsp;&nbsp;&nbsp;&nbsp;&nbsp;&nbsp;&nbsp;&nbsp;&nbsp;&nbsp;&nbsp;&nbsp;&nbsp;&nbsp;&nbsp;&nbsp;&nbsp;&nbsp;&nbsp;&nbsp;&nbsp;&nbsp;&nbsp;&nbsp;&nbsp;&nbsp;&nbsp;&nbsp;&nbsp;&nbsp;&nbsp;&nbsp;&nbsp;&nbsp;&nbsp;&nbsp;&nbsp;&nbsp;&nbsp;&nbsp;&nbsp;&nbsp;&nbsp;&nbsp;&nbsp;&nbsp;&nbsp;&nbsp;&nbsp;&nbsp;&nbsp;&nbsp;&nbsp;&nbsp;&nbsp;&nbsp;&nbsp;&nbsp;&nbsp;&nbsp;&nbsp;<\/p>\n<p><strong><span style=\"color: #ff0000;\">ZA<\/span> <span style=\"color: #ff0000;\">OJCZYZN\u0118<\/span><\/strong><\/p>\n<p><strong><span style=\"color: #008000;\">18:00<\/span><\/strong>&nbsp;&nbsp;&nbsp;&nbsp;&nbsp;&nbsp;&nbsp;&nbsp;&nbsp;&nbsp;&nbsp;&nbsp;&nbsp;&nbsp;&nbsp;&nbsp;&nbsp;&nbsp;&nbsp;&nbsp;&nbsp;&nbsp;&nbsp;&nbsp;&nbsp;&nbsp;&nbsp;&nbsp;&nbsp;&nbsp;&nbsp;&nbsp;&nbsp;&nbsp;&nbsp;&nbsp;&nbsp;&nbsp;&nbsp;&nbsp;&nbsp;&nbsp;&nbsp;&nbsp;&nbsp;&nbsp;&nbsp;&nbsp;&nbsp;&nbsp;&nbsp;&nbsp;&nbsp;&nbsp;&nbsp;&nbsp;&nbsp;&nbsp;&nbsp;&nbsp;&nbsp;&nbsp;&nbsp;&nbsp;&nbsp;&nbsp;&nbsp;&nbsp;&nbsp;&nbsp;&nbsp;&nbsp;&nbsp;&nbsp;&nbsp;&nbsp;&nbsp;&nbsp;&nbsp;&nbsp;&nbsp;&nbsp;&nbsp;&nbsp;&nbsp;&nbsp;&nbsp;&nbsp;&nbsp;&nbsp;&nbsp;&nbsp;&nbsp;&nbsp;<\/p>\n<p><strong><span style=\"color: #800080;\">MSZA<\/span> <span style=\"color: #800080;\">ZBIOROWA<\/span> <span style=\"color: #800080;\">ZA ZMAR\u0141YCH<\/span><\/strong><\/p>\n<h2 style=\"text-align: center;\"><span style=\"color: #008000;\">\u015aRODA \/ 12 listopad 2025 \/ \u0141k 17, 11 \u2013 19<\/span><\/h2>\n<h2 style=\"text-align: center;\"><span style=\"color: #008000;\">WSPOMNIENIE, \u015aW. JOZAFATA \u2013 BISKUPA I M\u0118CZENNIKA<\/span><\/h2>\n<p><strong><span style=\"color: #008000;\">8.00<\/span><\/strong>&nbsp;&nbsp;&nbsp;&nbsp;&nbsp;&nbsp;&nbsp;&nbsp;&nbsp;&nbsp;&nbsp;&nbsp;&nbsp;&nbsp;&nbsp;&nbsp;&nbsp;&nbsp;&nbsp;&nbsp;&nbsp;&nbsp;&nbsp;&nbsp;&nbsp;&nbsp;&nbsp;&nbsp;&nbsp;&nbsp;&nbsp;&nbsp;&nbsp;&nbsp;&nbsp;&nbsp;&nbsp;&nbsp;&nbsp;&nbsp;&nbsp;&nbsp;&nbsp;&nbsp;&nbsp;&nbsp;&nbsp;&nbsp;&nbsp;&nbsp;&nbsp;&nbsp;&nbsp;&nbsp;&nbsp;&nbsp;&nbsp;&nbsp;&nbsp;&nbsp;&nbsp;&nbsp;&nbsp;&nbsp;&nbsp;&nbsp;&nbsp;&nbsp;&nbsp;&nbsp;&nbsp;&nbsp;&nbsp;&nbsp;&nbsp;&nbsp;&nbsp;&nbsp;&nbsp;&nbsp;&nbsp;&nbsp;&nbsp;&nbsp;&nbsp;&nbsp;&nbsp;&nbsp;&nbsp;&nbsp;&nbsp;&nbsp;&nbsp;&nbsp;&nbsp;&nbsp;<\/p>\n<p>\u015ap. Monik\u0119 i Jana (M) OSTROWSKICH<\/p>\n<p><strong><span style=\"color: #008000;\">18.00<\/span><\/strong>&nbsp;&nbsp;&nbsp;&nbsp;&nbsp;&nbsp;&nbsp;&nbsp;&nbsp;&nbsp;&nbsp;&nbsp;&nbsp;&nbsp;&nbsp;&nbsp;&nbsp;&nbsp;&nbsp;&nbsp;&nbsp;&nbsp;&nbsp;&nbsp;&nbsp;&nbsp;&nbsp;&nbsp;&nbsp;&nbsp;&nbsp;&nbsp;&nbsp;&nbsp;&nbsp;&nbsp;&nbsp;&nbsp;&nbsp;&nbsp;&nbsp;&nbsp;&nbsp;&nbsp;&nbsp;&nbsp;&nbsp;&nbsp;&nbsp;&nbsp;&nbsp;&nbsp;&nbsp;&nbsp;&nbsp;&nbsp;&nbsp;&nbsp;&nbsp;&nbsp;&nbsp;&nbsp;&nbsp;&nbsp;&nbsp;&nbsp;&nbsp;&nbsp;&nbsp;&nbsp;&nbsp;&nbsp;&nbsp;&nbsp;&nbsp;&nbsp;&nbsp;&nbsp;&nbsp;&nbsp;&nbsp;&nbsp;&nbsp;&nbsp;&nbsp;&nbsp;&nbsp;&nbsp;&nbsp;&nbsp;&nbsp;&nbsp;&nbsp;&nbsp;<\/p>\n<p>\u015ap. Rodzic\u00f3w Stefani\u0119 (K) i W\u0142adys\u0142awa(M), brata Tadeusza oraz dziadk\u00f3w Mariann\u0119 i Stanis\u0142awa(M) i J\u00f3zef\u0119 (K) i J\u00f3zefa<\/p>\n<p><strong><span style=\"color: #008000;\">18:00<\/span><\/strong>&nbsp;&nbsp;&nbsp;&nbsp;&nbsp;&nbsp;&nbsp;&nbsp;&nbsp;&nbsp;&nbsp;&nbsp;&nbsp;&nbsp;&nbsp;&nbsp;&nbsp;&nbsp;&nbsp;&nbsp;&nbsp;&nbsp;&nbsp;&nbsp;&nbsp;&nbsp;&nbsp;&nbsp;&nbsp;&nbsp;&nbsp;&nbsp;&nbsp;&nbsp;&nbsp;&nbsp;&nbsp;&nbsp;&nbsp;&nbsp;&nbsp;&nbsp;&nbsp;&nbsp;&nbsp;&nbsp;&nbsp;&nbsp;&nbsp;&nbsp;&nbsp;&nbsp;&nbsp;&nbsp;&nbsp;&nbsp;&nbsp;&nbsp;&nbsp;&nbsp;&nbsp;&nbsp;&nbsp;&nbsp;&nbsp;&nbsp;&nbsp;&nbsp;&nbsp;&nbsp;&nbsp;&nbsp;&nbsp;&nbsp;&nbsp;&nbsp;&nbsp;&nbsp;&nbsp;&nbsp;&nbsp;&nbsp;&nbsp;&nbsp;&nbsp;&nbsp;&nbsp;&nbsp;&nbsp;&nbsp;&nbsp;&nbsp;&nbsp;&nbsp;<\/p>\n<p><strong><span style=\"color: #800080;\">M<\/span><span style=\"color: #800080;\"><strong>SZA<\/strong> ZBIOROWA ZA ZMAR\u0141YCH<\/span><\/strong><\/p>\n<h2 style=\"text-align: center;\"><span style=\"color: #008000;\">CZWARTEK \/ 13 listopad 2025 \/ \u0141k 17, 20 \u2013 25<\/span><\/h2>\n<h2 style=\"text-align: center;\"><span style=\"color: #008000;\">WSPOMNIENIE PIERWSZYCH M\u0118CZENNIK\u00d3W POLSKICH<\/span><\/h2>\n<p><strong><span style=\"color: #008000;\">8.00&nbsp;<\/span><\/strong>&nbsp;&nbsp;&nbsp;&nbsp;&nbsp;&nbsp;&nbsp;&nbsp;&nbsp;&nbsp;&nbsp;&nbsp;&nbsp;&nbsp;&nbsp;&nbsp;&nbsp;&nbsp;&nbsp;&nbsp;&nbsp;&nbsp;&nbsp;&nbsp;&nbsp;&nbsp;&nbsp;&nbsp;&nbsp;&nbsp;&nbsp;&nbsp;&nbsp;&nbsp;&nbsp;&nbsp;&nbsp;&nbsp;&nbsp;&nbsp;&nbsp;&nbsp;&nbsp;&nbsp;&nbsp;&nbsp;&nbsp;&nbsp;&nbsp;&nbsp;&nbsp;&nbsp;&nbsp;&nbsp;&nbsp;&nbsp;&nbsp;&nbsp;&nbsp;&nbsp;&nbsp;&nbsp;&nbsp;&nbsp;&nbsp;&nbsp;&nbsp;&nbsp;&nbsp;&nbsp;&nbsp;&nbsp;&nbsp;&nbsp;&nbsp;&nbsp;&nbsp;&nbsp;&nbsp;&nbsp;&nbsp;&nbsp;&nbsp;&nbsp;&nbsp;&nbsp;&nbsp;&nbsp;&nbsp;&nbsp;&nbsp;&nbsp;&nbsp;&nbsp;&nbsp;<\/p>\n<p>\u015ap. Rodzic\u00f3w Apoloni\u0119 i Romana GREGORCZYK, Danut\u0119 i Bogus\u0142awa(M) GREGORCZYK oraz Danut\u0119 MELLER w 15 rocznic\u0119 \u015bmierci<\/p>\n<p><strong><span style=\"color: #008000;\">18:00&nbsp;<\/span><\/strong>&nbsp;&nbsp;&nbsp;&nbsp;&nbsp;&nbsp;&nbsp;&nbsp;&nbsp;&nbsp;&nbsp;&nbsp;&nbsp;&nbsp;&nbsp;&nbsp;&nbsp;&nbsp;&nbsp;&nbsp;&nbsp;&nbsp;&nbsp;&nbsp;&nbsp;&nbsp;&nbsp;&nbsp;&nbsp;&nbsp;&nbsp;&nbsp;&nbsp;&nbsp;&nbsp;&nbsp;&nbsp;&nbsp;&nbsp;&nbsp;&nbsp;&nbsp;&nbsp;&nbsp;&nbsp;&nbsp;&nbsp;&nbsp;&nbsp;&nbsp;&nbsp;&nbsp;&nbsp;&nbsp;&nbsp;&nbsp;&nbsp;&nbsp;&nbsp;&nbsp;&nbsp;&nbsp;&nbsp;&nbsp;&nbsp;&nbsp;&nbsp;&nbsp;&nbsp;&nbsp;&nbsp;&nbsp;&nbsp;&nbsp;&nbsp;&nbsp;&nbsp;&nbsp;&nbsp;&nbsp;&nbsp;&nbsp;&nbsp;&nbsp;&nbsp;&nbsp;&nbsp;&nbsp;&nbsp;&nbsp;&nbsp;&nbsp;&nbsp;<\/p>\n<p>\u015ap. W\u0142odzimierza KOWALSKIEGO w 5 rocznic\u0119 \u015bmierci<\/p>\n<p><strong><span style=\"color: #008000;\">18.00&nbsp;<\/span><\/strong> &nbsp; &nbsp; &nbsp; &nbsp; &nbsp; &nbsp; &nbsp; &nbsp; &nbsp; &nbsp; &nbsp; &nbsp; &nbsp; &nbsp; &nbsp; &nbsp; &nbsp; &nbsp; &nbsp; &nbsp; &nbsp; &nbsp; &nbsp; &nbsp; &nbsp; &nbsp; &nbsp; &nbsp; &nbsp; &nbsp; &nbsp; &nbsp; &nbsp; &nbsp; &nbsp; &nbsp; &nbsp; &nbsp; &nbsp; &nbsp; &nbsp; &nbsp; &nbsp; &nbsp; &nbsp; <strong><span style=\"color: #800080;\">&nbsp;<\/span><\/strong><\/p>\n<p><strong><span style=\"color: #800080;\">MSZA ZBIOROWA ZA ZMAR\u0141YCH<\/span><\/strong><\/p>\n<h2 style=\"text-align: center;\"><span style=\"color: #0000ff;\">ADORACJA NAJ\u015aWI\u0118TSZEGO SAKRAMENTU do godz. 20:00<\/span><\/h2>\n<h2 style=\"text-align: center;\"><span style=\"color: #008000;\">PI\u0104TEK \/ 14 listopad 2025 \/ \u0141k 17, 26 \u2013 37<\/span><\/h2>\n<p><strong><span style=\"color: #008000;\">8.00<\/span><\/strong>&nbsp;&nbsp;&nbsp;&nbsp;&nbsp;&nbsp;&nbsp;&nbsp;&nbsp;&nbsp;&nbsp;&nbsp;&nbsp;&nbsp;&nbsp;&nbsp;&nbsp;&nbsp;&nbsp;&nbsp;&nbsp;&nbsp;&nbsp;&nbsp;&nbsp;&nbsp;&nbsp;&nbsp;&nbsp;&nbsp;&nbsp;&nbsp;&nbsp;&nbsp;&nbsp;&nbsp;&nbsp;&nbsp;&nbsp;&nbsp;&nbsp;&nbsp;&nbsp;&nbsp;&nbsp;&nbsp;&nbsp;&nbsp;&nbsp;&nbsp;&nbsp;&nbsp;&nbsp;&nbsp;&nbsp;&nbsp;&nbsp;&nbsp;&nbsp;&nbsp;&nbsp;&nbsp;&nbsp;&nbsp;&nbsp;&nbsp;&nbsp;&nbsp;&nbsp;&nbsp;&nbsp;&nbsp;&nbsp;&nbsp;&nbsp;&nbsp;&nbsp;&nbsp;&nbsp;&nbsp;&nbsp;&nbsp;&nbsp;&nbsp;&nbsp;&nbsp;&nbsp;&nbsp;&nbsp;&nbsp;&nbsp;&nbsp;&nbsp;&nbsp;&nbsp;&nbsp;<\/p>\n<p>\u015ap. Stanis\u0142aw\u0119 (K) CIESIELSK\u0104 w 22 rocznice \u015bmierci oraz Tadeusza, Wies\u0142awa(M), Krystyn\u0119 z rodziny CIESIELSKICH<\/p>\n<p><strong><span style=\"color: #008000;\">18.00<\/span><\/strong>&nbsp;&nbsp;&nbsp;&nbsp;&nbsp;&nbsp;&nbsp;&nbsp;&nbsp;&nbsp;&nbsp;&nbsp;&nbsp;&nbsp;&nbsp;&nbsp;&nbsp;&nbsp;&nbsp;&nbsp;&nbsp;&nbsp;&nbsp;&nbsp;&nbsp;&nbsp;&nbsp;&nbsp;&nbsp;&nbsp;&nbsp;&nbsp;&nbsp;&nbsp;&nbsp;&nbsp;&nbsp;&nbsp;&nbsp;&nbsp;&nbsp;&nbsp;&nbsp;&nbsp;&nbsp;&nbsp;&nbsp;&nbsp;&nbsp;&nbsp;&nbsp;&nbsp;&nbsp;&nbsp;&nbsp;&nbsp;&nbsp;&nbsp;&nbsp;&nbsp;&nbsp;&nbsp;&nbsp;&nbsp;&nbsp;&nbsp;&nbsp;&nbsp;&nbsp;&nbsp;&nbsp;&nbsp;&nbsp;&nbsp;&nbsp;&nbsp;&nbsp;&nbsp;&nbsp;&nbsp;&nbsp;&nbsp;&nbsp;&nbsp;&nbsp;&nbsp;&nbsp;&nbsp;&nbsp;&nbsp;&nbsp;&nbsp;<strong><span style=\"color: #800080;\">&nbsp;&nbsp; <\/span><\/strong><\/p>\n<p><strong><span style=\"color: #800080;\">MSZA ZBIOROWA ZA ZMAR\u0141YCH<\/span><\/strong><\/p>\n<h2 style=\"text-align: center;\"><span style=\"color: #008000;\">SOBOTA \/ 15 listopad 2025 \/ \u0141k 18, 1 \u2013 8<\/span><\/h2>\n<p><strong><span style=\"color: #008000;\">8.00&nbsp;<\/span><\/strong>&nbsp;&nbsp;&nbsp;&nbsp;&nbsp;&nbsp;&nbsp;&nbsp;&nbsp;&nbsp;&nbsp;&nbsp;&nbsp;&nbsp;&nbsp;&nbsp;&nbsp;&nbsp;&nbsp;&nbsp;&nbsp;&nbsp;&nbsp;&nbsp;&nbsp;&nbsp;&nbsp;&nbsp;&nbsp;&nbsp;&nbsp;&nbsp;&nbsp;&nbsp;&nbsp;&nbsp;&nbsp;&nbsp;&nbsp;&nbsp;&nbsp;&nbsp;&nbsp;&nbsp;&nbsp;&nbsp;&nbsp;&nbsp;&nbsp;&nbsp;&nbsp;&nbsp;&nbsp;&nbsp;&nbsp;&nbsp;&nbsp;&nbsp;&nbsp;&nbsp;&nbsp;&nbsp;&nbsp;&nbsp;&nbsp;&nbsp;&nbsp;&nbsp;&nbsp;&nbsp;&nbsp;&nbsp;&nbsp;&nbsp;&nbsp;&nbsp;&nbsp;&nbsp;&nbsp;&nbsp;&nbsp;&nbsp;&nbsp;&nbsp;&nbsp;&nbsp;&nbsp;&nbsp;&nbsp;&nbsp;&nbsp;&nbsp;&nbsp;&nbsp;&nbsp;<\/p>\n<p>Za dusze cierpi\u0105ce w czy\u015b\u0107cu i \u015ap. Romana<\/p>\n<p><strong><span style=\"color: #008000;\">18:00<\/span><\/strong>&nbsp;&nbsp;&nbsp;&nbsp;&nbsp;&nbsp;&nbsp;&nbsp;&nbsp;&nbsp;&nbsp;&nbsp;&nbsp;&nbsp;&nbsp;&nbsp;&nbsp;&nbsp;&nbsp;&nbsp;&nbsp;&nbsp;&nbsp;&nbsp;&nbsp;&nbsp;&nbsp;&nbsp;&nbsp;&nbsp;&nbsp;&nbsp;&nbsp;&nbsp;&nbsp;&nbsp;&nbsp;&nbsp;&nbsp;&nbsp;&nbsp;&nbsp;&nbsp;&nbsp;&nbsp;&nbsp;&nbsp;&nbsp;&nbsp;&nbsp;&nbsp;&nbsp;&nbsp;&nbsp;&nbsp;&nbsp;&nbsp;&nbsp;&nbsp;&nbsp;&nbsp;&nbsp;&nbsp;&nbsp;&nbsp;&nbsp;&nbsp;&nbsp;&nbsp;&nbsp;&nbsp;&nbsp;&nbsp;&nbsp;&nbsp;&nbsp;&nbsp;&nbsp;&nbsp;&nbsp;&nbsp;&nbsp;&nbsp;&nbsp;&nbsp;&nbsp;&nbsp;&nbsp;&nbsp;&nbsp;&nbsp;&nbsp;<strong><span style=\"color: #800080;\">&nbsp;&nbsp; <\/span><\/strong><\/p>\n<p><strong><span style=\"color: #800080;\">MSZA ZBIOROWA ZA ZMAR\u0141YCH<\/span><\/strong><\/p>\n<h2 style=\"text-align: center;\"><span style=\"color: #008000;\">XXXIII NIEDZIELA ZWYK\u0141A \/ 16 listopad 2025 \/ \u0141k 21, 5 \u2013 19<\/span><\/h2>\n<p><strong><span style=\"color: #008000;\">8.00&nbsp;&nbsp;&nbsp;&nbsp;&nbsp;&nbsp;&nbsp;&nbsp;&nbsp;&nbsp;&nbsp;&nbsp;&nbsp;&nbsp;&nbsp;&nbsp;&nbsp;&nbsp;&nbsp;&nbsp;&nbsp;&nbsp;&nbsp;&nbsp;&nbsp;&nbsp;&nbsp;&nbsp;&nbsp;&nbsp;&nbsp;&nbsp;&nbsp;&nbsp;&nbsp;&nbsp;&nbsp;&nbsp;&nbsp;&nbsp;&nbsp;&nbsp;&nbsp;&nbsp;&nbsp;&nbsp;&nbsp;&nbsp;&nbsp;&nbsp;&nbsp;&nbsp;&nbsp;&nbsp;&nbsp;&nbsp;&nbsp;&nbsp;&nbsp;&nbsp;&nbsp;&nbsp;&nbsp;&nbsp;&nbsp;&nbsp;&nbsp;&nbsp;&nbsp;&nbsp;&nbsp;&nbsp;&nbsp;&nbsp;&nbsp;&nbsp;&nbsp;&nbsp;&nbsp;&nbsp;&nbsp;&nbsp;&nbsp;&nbsp;&nbsp;&nbsp;&nbsp;&nbsp;&nbsp;&nbsp;&nbsp;&nbsp;&nbsp;&nbsp;&nbsp;&nbsp;<\/span> <\/strong><\/p>\n<p>\u015ap. Stefani\u0119 SAKOWSK\u0104 i zmar\u0142ych z rodziny<\/p>\n<p><strong><span style=\"color: #008000;\">10:00&nbsp;<\/span><\/strong>&nbsp;&nbsp;&nbsp;&nbsp;&nbsp;&nbsp;&nbsp;&nbsp;&nbsp;&nbsp;&nbsp;&nbsp;&nbsp;&nbsp;&nbsp;&nbsp;&nbsp;&nbsp;&nbsp;&nbsp;&nbsp;&nbsp;&nbsp;&nbsp;&nbsp;&nbsp;&nbsp;&nbsp;&nbsp;&nbsp;&nbsp;&nbsp;&nbsp;&nbsp;&nbsp;&nbsp;&nbsp;&nbsp;&nbsp;&nbsp;&nbsp;&nbsp;&nbsp;&nbsp;&nbsp;&nbsp;&nbsp;&nbsp;&nbsp;&nbsp;&nbsp;&nbsp;&nbsp;&nbsp;&nbsp;&nbsp;&nbsp;&nbsp;&nbsp;&nbsp;&nbsp;&nbsp;&nbsp;&nbsp;&nbsp;&nbsp;&nbsp;&nbsp;&nbsp;&nbsp;&nbsp;&nbsp;&nbsp;&nbsp;&nbsp;&nbsp;&nbsp;&nbsp;&nbsp;&nbsp;&nbsp;&nbsp;&nbsp;&nbsp;&nbsp;&nbsp;&nbsp;&nbsp;&nbsp;&nbsp;&nbsp;&nbsp;&nbsp;<\/p>\n<p>Za zmar\u0142ych rodzic\u00f3w, dziadk\u00f3w, z obu stron oraz zmar\u0142e rodze\u0144stwo&nbsp;<\/p>\n<p><strong><span style=\"color: #008000;\">10:00&nbsp;&nbsp;<\/span><\/strong>&nbsp;&nbsp;&nbsp;&nbsp;&nbsp;&nbsp;&nbsp;&nbsp;&nbsp;&nbsp;&nbsp;&nbsp;&nbsp;&nbsp;&nbsp;&nbsp;&nbsp;&nbsp;&nbsp;&nbsp;&nbsp;&nbsp;&nbsp;&nbsp;&nbsp;&nbsp;&nbsp;&nbsp;&nbsp;&nbsp;&nbsp;&nbsp;&nbsp;&nbsp;&nbsp;&nbsp;&nbsp;&nbsp;&nbsp;&nbsp;&nbsp;&nbsp;&nbsp;&nbsp;&nbsp;&nbsp;&nbsp;&nbsp;&nbsp;&nbsp;&nbsp;&nbsp;&nbsp;&nbsp;&nbsp;&nbsp;&nbsp;&nbsp;&nbsp;&nbsp;&nbsp;&nbsp;&nbsp;&nbsp;&nbsp;&nbsp;&nbsp;&nbsp;&nbsp;&nbsp;&nbsp;&nbsp;&nbsp;&nbsp;&nbsp;&nbsp;&nbsp;&nbsp;&nbsp;&nbsp;&nbsp;&nbsp;&nbsp;&nbsp;&nbsp;&nbsp;&nbsp;&nbsp;&nbsp;&nbsp;&nbsp;&nbsp;<\/p>\n<p>\u015ap. El\u017cbiet\u0119 KURKOWSK\u0104 w 30 dniu po pogrzebie<\/p>\n<p><strong><span style=\"color: #008000;\">12.00<\/span><\/strong>&nbsp;&nbsp;&nbsp;&nbsp;&nbsp;&nbsp;&nbsp;&nbsp;&nbsp;&nbsp;&nbsp;&nbsp;&nbsp;&nbsp;&nbsp;&nbsp;&nbsp;&nbsp;&nbsp;&nbsp;&nbsp;&nbsp;&nbsp;&nbsp;&nbsp;&nbsp;&nbsp;&nbsp;&nbsp;&nbsp;&nbsp;&nbsp;&nbsp;&nbsp;&nbsp;&nbsp;&nbsp;&nbsp;&nbsp;&nbsp;&nbsp;&nbsp;&nbsp;&nbsp;&nbsp;&nbsp;&nbsp;&nbsp;&nbsp;&nbsp;&nbsp;&nbsp;&nbsp;&nbsp;&nbsp;&nbsp;&nbsp;&nbsp;&nbsp;&nbsp;&nbsp;&nbsp;&nbsp;&nbsp;&nbsp;&nbsp;&nbsp;&nbsp;&nbsp;&nbsp;&nbsp;&nbsp;&nbsp;&nbsp;&nbsp;&nbsp;&nbsp;&nbsp;&nbsp;&nbsp;&nbsp;&nbsp;&nbsp;&nbsp;&nbsp;&nbsp;&nbsp;&nbsp;&nbsp;&nbsp;&nbsp;&nbsp;&nbsp;&nbsp;<\/p>\n<p><strong><span style=\"color: #ff0000;\">ZA <\/span><span style=\"color: #ff0000;\">PARAFIAN<\/span><\/strong><\/p>\n<p><strong><span style=\"color: #008000;\">15.00<\/span><\/strong>&nbsp;&nbsp;&nbsp;&nbsp;&nbsp;&nbsp;&nbsp;&nbsp;&nbsp;&nbsp;&nbsp;&nbsp;&nbsp;&nbsp;&nbsp;&nbsp;&nbsp;&nbsp;&nbsp;&nbsp;&nbsp;&nbsp;&nbsp;&nbsp;&nbsp;&nbsp;&nbsp;&nbsp;&nbsp;&nbsp;&nbsp;&nbsp;&nbsp;&nbsp;&nbsp;&nbsp;&nbsp;&nbsp;&nbsp;&nbsp;&nbsp;&nbsp;&nbsp;&nbsp;&nbsp;&nbsp;&nbsp;&nbsp;&nbsp;&nbsp;&nbsp;&nbsp;&nbsp;&nbsp;&nbsp;&nbsp;&nbsp;&nbsp;&nbsp;&nbsp;&nbsp;&nbsp;&nbsp;&nbsp;&nbsp;&nbsp;&nbsp;&nbsp;&nbsp;&nbsp;&nbsp;&nbsp;&nbsp;&nbsp;&nbsp;&nbsp;&nbsp;&nbsp;&nbsp;&nbsp;&nbsp;&nbsp;&nbsp;&nbsp;&nbsp;&nbsp;&nbsp;&nbsp;&nbsp;&nbsp;&nbsp;&nbsp;&nbsp;&nbsp;<\/p>\n<p>\u015ap. Wincentego w 38 rocznic\u0119 \u015bmierci, Helen\u0119 w 31 rocznic\u0119 \u015bmierci i zmar\u0142ych z rodziny WI\u015aNIEWSKICH<\/p>\n<p><strong><span style=\"color: #008000;\">18.00&nbsp;<\/span><\/strong>&nbsp;&nbsp;&nbsp;&nbsp;&nbsp;&nbsp;&nbsp;&nbsp;&nbsp;&nbsp;&nbsp;&nbsp;&nbsp;&nbsp;&nbsp;&nbsp;&nbsp;&nbsp;&nbsp;&nbsp;&nbsp;&nbsp;&nbsp;&nbsp;&nbsp;&nbsp;&nbsp;&nbsp;&nbsp;&nbsp;&nbsp;&nbsp;&nbsp;&nbsp;&nbsp;&nbsp;&nbsp;&nbsp;&nbsp;&nbsp;&nbsp;&nbsp;&nbsp;&nbsp;&nbsp;&nbsp;&nbsp;&nbsp;&nbsp;&nbsp;&nbsp;&nbsp;&nbsp;&nbsp;&nbsp;&nbsp;&nbsp;&nbsp;&nbsp;&nbsp;&nbsp;&nbsp;&nbsp;&nbsp;&nbsp;&nbsp;&nbsp;&nbsp;&nbsp;&nbsp;&nbsp;&nbsp;&nbsp;&nbsp;&nbsp;&nbsp;&nbsp;&nbsp;&nbsp;&nbsp;&nbsp;&nbsp;&nbsp;&nbsp;&nbsp;&nbsp;&nbsp;&nbsp;&nbsp;&nbsp;&nbsp;&nbsp;&nbsp;<\/p>\n<p><strong><span style=\"color: #800080;\">MSZA ZBIOROWA ZA ZMAR\u0141YCH<\/span><\/strong><\/p>\n","protected":false},"excerpt":{"rendered":"<p>EUCHARYSTYCZNA KOMUNIA \u015aWI\u0118TYCH &nbsp;\u201eWsp\u00f3lny widzialny udzia\u0142 w dobrach zbawienia (rzeczy \u015bwi\u0119te), szczeg\u00f3lnie w Eucharystii, jest podstaw\u0105 komunii niewidzialnej mi\u0119dzy uczestnikami (\u015bwi\u0119ci)\u201d \u2013 stwierdza kardyna\u0142 Ratzinger. Rozpatruj\u0105c \u015bcis\u0142y zwi\u0105zek pomi\u0119dzy Eucharysti\u0105 a komuni\u0105 ko\u015bcieln\u0105, poddaje analizie teksty Paw\u0142owe, w kt\u00f3rych ukazane jest wzajemne przenikanie si\u0119 tajemnic Cia\u0142a i Krwi Chrystusa z Ko\u015bcio\u0142em jako Jego cia\u0142em. Zaczyna [&hellip;]<\/p>\n","protected":false},"author":1,"featured_media":5955,"comment_status":"closed","ping_status":"closed","sticky":false,"template":"","format":"standard","meta":{"ngg_post_thumbnail":0,"footnotes":""},"categories":[11,8,4,3],"tags":[],"class_list":["post-5954","post","type-post","status-publish","format-standard","has-post-thumbnail","hentry","category-aktualnosci","category-blog","category-intencje","category-ogloszenia"],"_links":{"self":[{"href":"https:\/\/rafalk-elblag.pl\/index.php?rest_route=\/wp\/v2\/posts\/5954","targetHints":{"allow":["GET"]}}],"collection":[{"href":"https:\/\/rafalk-elblag.pl\/index.php?rest_route=\/wp\/v2\/posts"}],"about":[{"href":"https:\/\/rafalk-elblag.pl\/index.php?rest_route=\/wp\/v2\/types\/post"}],"author":[{"embeddable":true,"href":"https:\/\/rafalk-elblag.pl\/index.php?rest_route=\/wp\/v2\/users\/1"}],"replies":[{"embeddable":true,"href":"https:\/\/rafalk-elblag.pl\/index.php?rest_route=%2Fwp%2Fv2%2Fcomments&post=5954"}],"version-history":[{"count":1,"href":"https:\/\/rafalk-elblag.pl\/index.php?rest_route=\/wp\/v2\/posts\/5954\/revisions"}],"predecessor-version":[{"id":5956,"href":"https:\/\/rafalk-elblag.pl\/index.php?rest_route=\/wp\/v2\/posts\/5954\/revisions\/5956"}],"wp:featuredmedia":[{"embeddable":true,"href":"https:\/\/rafalk-elblag.pl\/index.php?rest_route=\/wp\/v2\/media\/5955"}],"wp:attachment":[{"href":"https:\/\/rafalk-elblag.pl\/index.php?rest_route=%2Fwp%2Fv2%2Fmedia&parent=5954"}],"wp:term":[{"taxonomy":"category","embeddable":true,"href":"https:\/\/rafalk-elblag.pl\/index.php?rest_route=%2Fwp%2Fv2%2Fcategories&post=5954"},{"taxonomy":"post_tag","embeddable":true,"href":"https:\/\/rafalk-elblag.pl\/index.php?rest_route=%2Fwp%2Fv2%2Ftags&post=5954"}],"curies":[{"name":"wp","href":"https:\/\/api.w.org\/{rel}","templated":true}]}}