{"id":5950,"date":"2025-11-01T18:55:47","date_gmt":"2025-11-01T18:55:47","guid":{"rendered":"https:\/\/rafalk-elblag.pl\/?p=5950"},"modified":"2025-11-01T18:55:47","modified_gmt":"2025-11-01T18:55:47","slug":"xxxi-niedziela-zwykla-dzien-zaduszny","status":"publish","type":"post","link":"https:\/\/rafalk-elblag.pl\/?p=5950","title":{"rendered":"XXXI NIEDZIELA ZWYK\u0141A &#8211; DZIE\u0143 ZADUSZNY"},"content":{"rendered":"<p><img loading=\"lazy\" decoding=\"async\" class=\"aligncenter\" src=\"https:\/\/rafalk-elblag.pl\/wp-content\/uploads\/2025\/08\/biuletyn-graf.jpg\" width=\"552\" height=\"357\"><\/p>\n<h2 style=\"text-align: center;\"><span style=\"color: #800080;\"><strong>Wyj\u0105tkowa okazja<\/strong><\/span><\/h2>\n<p>W dniach od 1 do 8 listopada mo\u017cna codziennie uzyska\u0107 odpust zupe\u0142ny dla tych, kt\u00f3rzy w czy\u015b\u0107cu oczekuj\u0105 pe\u0142ni zbawienia. Odpust zyskuje ten, kto nawiedzi cmentarz oraz wype\u0142ni zwyk\u0142e warunki, tj. przyst\u0105pi do Komunii \u015bw. w dniu nawiedzenia cmentarza i odm\u00f3wi na cmentarzu Ojcze nasz i Wierz\u0119 w Boga oraz jak\u0105kolwiek modlitw\u0119 w intencjach wyznaczonych na dany dzie\u0144 przez Ojca \u015awi\u0119tego.<\/p>\n<h2 style=\"text-align: center;\"><span style=\"color: #800080;\"><strong>Co to jest odpust?<\/strong><\/span><\/h2>\n<p><strong>\u201eOdpust jest to darowanie przed Bogiem kary doczesnej za grzechy, zg\u0142adzone ju\u017c co do winy. Dost\u0119puje go chrze\u015bcijanin odpowiednio usposobiony i pod pewnymi okre\u015blonymi warunkami, za po\u015brednictwem Ko\u015bcio\u0142a, kt\u00f3ry jako szafarz owoc\u00f3w odkupienia rozdaje i prawomocnie przydziela zado\u015b\u0107uczynienie ze skarbca zas\u0142ug Chrystusa i \u015bwi\u0119tych\u201d (KKK 1471)<\/strong><\/p>\n<p>Aby zrozumie\u0107 t\u0119 nauk\u0119 i praktyk\u0119 Ko\u015bcio\u0142a, trzeba u\u015bwiadomi\u0107 sobie, \u017ce grzech ma podw\u00f3jny skutek. Grzech ci\u0119\u017cki pozbawia nas komunii z Bogiem, a przez to zamyka nam dost\u0119p do \u017cycia wiecznego, kt\u00f3rego pozbawienie nazywa si\u0119 \u201ekar\u0105 wieczn\u0105\u201d za grzech. W sakramencie pojednania ta kara wieczna jest odpuszczona i nast\u0119puje przywr\u00f3cenie komunii z Bogiem. Jednak\u017ce ka\u017cdy grzech, nawet powszedni, powoduje nieuporz\u0105dkowane przywi\u0105zanie do stworze\u0144, kt\u00f3re wymaga oczyszczenia albo na ziemi, albo po \u015bmierci w stanie nazywanym czy\u015b\u0107cem. Takie oczyszczenie uwalnia od tego, co nazywamy \u201ekar\u0105 doczesn\u0105\u201d za grzech. Darowanie kary doczesnej okre\u015bla si\u0119 terminem \u201eodpust\u201d. Chrze\u015bcijanin powinien stara\u0107 si\u0119, znosz\u0105c cierpliwie cierpienia i r\u00f3\u017cnego rodzaju pr\u00f3by, a w ko\u0144cu godz\u0105c si\u0119 spokojnie na \u015bmier\u0107, przyjmowa\u0107 jako \u0142ask\u0119 doczesne kary za grzech. Powinien stara\u0107 si\u0119 przez dzie\u0142a mi\u0142osierdzia i mi\u0142o\u015bci, a tak\u017ce przez modlitw\u0119 i r\u00f3\u017cne praktyki pokutne uwolni\u0107 si\u0119 ca\u0142kowicie od \u201estarego cz\u0142owieka\u201d i przyoblec w cz\u0142owieka nowego (por. KKK 1472 \u2013 1473). W pracy nad sob\u0105 nie musi on jednak liczy\u0107 tylko na siebie, mo\u017ce bowiem czerpa\u0107 ze skarbca Ko\u015bcio\u0142a, kt\u00f3ry stanowi\u0105 duchowe dobra p\u0142yn\u0105ce z Komunii \u015bwi\u0119tych, a s\u0105 to zado\u015b\u0107uczynienia i zas\u0142ugi Chrystusa Pana, a tak\u017ce modlitwy i dobre uczynki Naj\u015bwi\u0119tszej Maryi Panny i wszystkich \u015bwi\u0119tych, kt\u00f3rzy pracuj\u0105c nad w\u0142asnym u\u015bwi\u0119ceniem, przyczynili si\u0119 te\u017c do zbawienia swoich braci (por. KKK 1476).<\/p>\n<h2 style=\"text-align: center;\"><span style=\"color: #800080;\"><strong>Odpust cz\u0105stkowy lub zupe\u0142ny<\/strong><\/span><\/h2>\n<p>Odpust jest cz\u0105stkowy lub zupe\u0142ny w zale\u017cno\u015bci od tego, czy uwalnia od kary doczesnej w cz\u0119\u015bci lub w ca\u0142o\u015bci. Jest on oznaczany bez okre\u015blania dni lub lat. Kryterium miary tego odpustu stanowi wysi\u0142ek i gorliwo\u015b\u0107, z jak\u0105 kto\u015b wykonuje dzie\u0142o obdarzone odpustem cz\u0105stkowym.<\/p>\n<h2 style=\"text-align: center;\"><span style=\"color: #800080;\"><strong>Odpust za siebie lub za zmar\u0142ego<\/strong><\/span><\/h2>\n<p>Odpust cz\u0105stkowy lub zupe\u0142ny mo\u017cemy ofiarowa\u0107 za zmar\u0142ego na spos\u00f3b wstawiennictwa lub za siebie. Nie mo\u017cemy uzyska\u0107 odpustu dla nikogo z \u017cyj\u0105cych, poniewa\u017c ka\u017cdy cz\u0142owiek, dop\u00f3ki \u017cyje, sam jest w stanie dokona\u0107 przemiany swojego \u017cycia i wype\u0142ni\u0107 warunki wymagane do otrzymania odpustu.<\/p>\n<p><img loading=\"lazy\" decoding=\"async\" class=\"aligncenter\" src=\"https:\/\/rafalk-elblag.pl\/wp-content\/uploads\/2025\/08\/ogl-graf.png\" width=\"553\" height=\"261\"><\/p>\n<h2 style=\"text-align: center;\"><span style=\"color: #800080;\"><strong>OG\u0141OSZENIA PARAFIALNE&nbsp; 02.11.2025 r.<\/strong><\/span><\/h2>\n<h2 style=\"text-align: center;\"><span style=\"color: #800080;\"><strong>WSPOMNIENIE WSZYSTKICH WIERNYCH ZMAR\u0141YCH<\/strong><\/span><\/h2>\n<h2 style=\"text-align: center;\"><span style=\"color: #800080;\"><strong>&nbsp;DZIE\u0143 ZADUSZNY<\/strong>.<\/span><\/h2>\n<ol>\n<li>Dzisiaj w Dzie\u0144 Zaduszny na Mszy \u015bw. o godz. 18:00 b\u0119dziemy modli\u0107 si\u0119 za zmar\u0142ych parafian, kt\u00f3rzy opu\u015bcili nas w ostatnim roku. Zapraszamy szczeg\u00f3lnie rodziny tych os\u00f3b do wsp\u00f3lnej modlitwy.<\/li>\n<li><strong>W dniu dzisiejszym indywidualna Adoracja Naj\u015bwi\u0119tszego Sakramentu od godz. 16:00 do godz. 18: <\/strong><em>Znajd\u017a czas, aby by\u0107 sam na sam z Twoim Panem.<\/em><\/li>\n<li>Z rado\u015bci\u0105 informuj\u0119, \u017ce nasz Ko\u015bci\u00f3\u0142 zosta\u0142 ubogacony zakupem nowych organ\u00f3w elektronicznych <strong>DOMUS 6<\/strong> wraz z panelem i zestawem g\u0142o\u015bnikowym, kt\u00f3rych koszt wynosi 53&nbsp;000z\u0142. Dzi\u015b przypada pierwsza niedziela miesi\u0105ca i ofiary sk\u0142adane na tac\u0119 przeznaczone zostan\u0105 na cz\u0119\u015bciow\u0105 sp\u0142at\u0119 za te organy. Niech one swymi d\u017awi\u0119kami oddaj\u0105 chwa\u0142\u0119 Panu Bogu. <em>Dzi\u0119kuj\u0119 za sk\u0142adane ofiary na ten cel.<\/em><\/li>\n<li>W listopadzie w spos\u00f3b szczeg\u00f3lny pochylamy si\u0119 nad mogi\u0142ami, w kt\u00f3rych spoczywaj\u0105 nasi bliscy. Najg\u0142\u0119bszym wyrazem naszej mi\u0142o\u015bci jest nasza modlitwa za nich.<\/li>\n<\/ol>\n<h3 style=\"text-align: center;\">&nbsp;&nbsp;<strong><span style=\"color: #800080;\">&nbsp;&nbsp;&nbsp;&nbsp;&nbsp;&nbsp; Dlatego zapraszamy do wsp\u00f3lnej modlitwy za zmar\u0142ych codziennie o godz. 18:00 na MSZY \u015aW. ZBIOROWEJ a bezpo\u015brednio po na WYPOMINKI po\u0142\u0105czone z Koronk\u0105 do Mi\u0142osierdzia Bo\u017cego.<\/span><\/strong><\/h3>\n<h3 style=\"text-align: center;\"><strong><span style=\"color: #800080;\"><em>Pami\u0119tajmy, \u017ce od 1 do 8 listopada w\u0142\u0105cznie mo\u017cna uzyska\u0107 ODPUST ZUPE\u0141NY<\/em><em>, kt\u00f3ry mo\u017cemy ofiarowa\u0107 za jedn\u0105 dusze w czy\u015b\u0107cu cierpi\u0105c\u0105.<\/em><\/span><\/strong><\/h3>\n<ol start=\"5\">\n<li>Dzieci wraz z rodzicami lub opiekunami zapraszamy na modlitw\u0119 za zmar\u0142ych 9 listopada (niedziela)po Mszy \u015bw. o godz. 10:00 i 13 listopada (wtorek) o godz. 16:30.<\/li>\n<li>W \u015brod\u0119 5 listopada br. zapraszamy wszystkich ch\u0119tnych na spotkanie <strong>Kr\u0119gu Biblijnego<\/strong> po Mszy \u015bw. wieczornej \u2013 oko\u0142o godz. 19:00.<\/li>\n<li><strong>W tym tygodniu przypada:<\/strong><\/li>\n<\/ol>\n<ul>\n<li><strong>pierwszy czwartek miesi\u0105ca<\/strong> \u2013 Msza \u015bw. o godz. 18:00, a po niej na ADORACJA NA\u015aWI\u0118TSZEGO SAKRAMENTU tj. <strong>\u201eGODZINA \u015aWI\u0118TA\u201d.<\/strong> Zapraszamy wszystkie osoby modl\u0105ce si\u0119 za kap\u0142an\u00f3w a szczeg\u00f3lnie \u201eMARGARETKI\u201d.<\/li>\n<li><strong>pierwszy pi\u0105tek miesi\u0105ca<\/strong> \u2013 spowied\u017a od godz. 16:00 i Msza \u015bw. o godz. 16:30 dla dzieci &#8211; szczeg\u00f3lnie klas IV, kt\u00f3re podj\u0119\u0142y si\u0119 praktyki 9 pierwszych pi\u0105tk\u00f3w miesi\u0105ca. <strong><em>Spowied\u017a dla doros\u0142ych, m\u0142odzie\u017cy i dzieci w tygodniu od godz. 17:30.<\/em><\/strong><\/li>\n<\/ul>\n<ol start=\"8\">\n<li>W Sanktuarium Matki Bo\u017cej Nieustaj\u0105cej Pomocy w Elbl\u0105gu, ul. Robotnicza 68 w dniach od 6 do 8 listopada 2025 odb\u0119d\u0105 si\u0119 <strong>REKOLEKCJE DLA WD\u00d3W I WDOWC\u00d3W.<\/strong> &nbsp;&nbsp;&nbsp;&nbsp;&nbsp;&nbsp;&nbsp;Wi\u0119cej informacji na plakacie w gablocie. Zapraszamy.<\/li>\n<li>M\u0142odzie\u017c &#8211; ROK PIERWSZY przygotowuj\u0105ca si\u0119 do SAKRAMENTU BIERZMOWANIA zapraszamy za tydzie\u0144 tj.9 listopada na Msz\u0119 \u015bw. o godz. 18:00.Bezpo\u015brednio po Eucharystii odb\u0119dzie si\u0119 dla nich spotkanie formacyjne w ko\u015bciele. Ks. Adam liczy na pe\u0142n\u0105 frekwencj\u0119.<\/li>\n<li>Pragn\u0119 poinformowa\u0107, \u017ce op\u0142atki na st\u00f3\u0142 wigilijny zostan\u0105 po\u015bwi\u0119cone za tydzie\u0144 9 listopada, po oktawie odpustowej za zmar\u0142ych. Od tego dnia b\u0119dzie mo\u017cna nabywa\u0107 op\u0142atki w jedno\u015bci z nasz\u0105 parafi\u0105. W niekt\u00f3rych dzielnicach Elbl\u0105ga- \u201edomokr\u0105\u017ccy\u201d rozpocz\u0119li roznoszenie op\u0142atk\u00f3w. Podszywaj\u0105 si\u0119 za osoby chodz\u0105ce w celach charytatywnych, co jest nieprawd\u0105. <strong>Nikt z naszej parafii nie dostarcza op\u0142atk\u00f3w do dom\u00f3w i mieszka\u0144. <\/strong><em>Powt\u00f3rz\u0119 mo\u017cna je b\u0119dzie nabywa\u0107 od przysz\u0142ej niedzieli po Mszach \u015bw. w zakrystii. Zapraszamy.&nbsp;&nbsp;&nbsp;&nbsp;&nbsp;&nbsp;&nbsp;&nbsp;&nbsp;&nbsp;&nbsp;&nbsp;&nbsp;&nbsp;&nbsp;&nbsp;&nbsp;&nbsp;&nbsp;&nbsp;&nbsp;&nbsp;&nbsp;&nbsp;&nbsp;&nbsp;&nbsp;&nbsp;&nbsp;&nbsp;&nbsp;&nbsp;&nbsp;&nbsp;&nbsp;&nbsp;&nbsp;&nbsp;&nbsp;&nbsp;&nbsp;&nbsp;&nbsp;&nbsp;&nbsp;&nbsp;&nbsp;&nbsp;&nbsp;&nbsp;&nbsp;&nbsp; <\/em><\/li>\n<li>Zach\u0119cam do nabywania nowego numeru <strong>\u201eGo\u015bcia Niedzielnego\u201d<\/strong> w cenie 10 z\u0142.<\/li>\n<\/ol>\n<table style=\"height: 95px;\" width=\"647\">\n<tbody>\n<tr>\n<td width=\"639\">\n<p style=\"text-align: center;\"><span style=\"color: #0000ff;\"><strong>Numer Konta Parafialnego<\/strong><\/span><\/p>\n<p style=\"text-align: center;\"><span style=\"color: #0000ff;\"><strong>PKO BP 72 1020 1752 0000 0102 0069 6047<\/strong><\/span><\/p>\n<\/td>\n<\/tr>\n<\/tbody>\n<\/table>\n<h4><em><img loading=\"lazy\" decoding=\"async\" class=\"aligncenter\" src=\"https:\/\/rafalk-elblag.pl\/wp-content\/uploads\/2025\/08\/intencje-gragika.jpg\" width=\"552\" height=\"276\"><\/em><\/h4>\n<h2 style=\"text-align: center;\"><span style=\"color: #800080;\">XXXI NIEDZIELA ZWYK\u0141A \/ 2 listopad 2025&nbsp;\u0141k 23, 44 \u2013 46.50.52 \u2013 53; 24, 1 \u2013 6a<\/span><\/h2>\n<h2 style=\"text-align: center;\"><span style=\"color: #800080;\">WSPOMNIENIE, WSZYSTKICH WIERNYCH ZMAR\u0141YCH<\/span><\/h2>\n<p><strong><span style=\"color: #800080;\">8.00<\/span><\/strong><\/p>\n<p>O do\u015bwiadczenie Bo\u017cej Mi\u0142o\u015bci dla Karoliny i Oskara oraz dla Sebastiana i Natalii z pro\u015bb\u0105 o przemian\u0119 \u017cycia duchowego i powr\u00f3t do wiary<\/p>\n<p><strong><span style=\"color: #800080;\">10.00<\/span><\/strong>&nbsp; &nbsp; &nbsp; &nbsp; &nbsp; &nbsp;<\/p>\n<p>\u015ap. Wand\u0119 KOWNACK\u0104 \u2013 intencja od Paw\u0142a z rodzin\u0105<\/p>\n<p><strong><span style=\"color: #800080;\">12.00<\/span><\/strong>&nbsp;&nbsp;&nbsp;&nbsp;&nbsp;&nbsp;&nbsp;&nbsp;&nbsp;&nbsp;&nbsp;&nbsp;&nbsp;&nbsp;&nbsp;&nbsp;&nbsp;&nbsp;&nbsp;&nbsp;&nbsp;&nbsp;&nbsp;&nbsp;&nbsp;&nbsp;&nbsp;&nbsp;&nbsp;&nbsp;&nbsp;&nbsp;&nbsp;&nbsp;&nbsp;&nbsp;&nbsp;&nbsp;&nbsp;&nbsp;&nbsp;&nbsp;&nbsp;&nbsp;&nbsp;&nbsp;&nbsp;&nbsp;&nbsp;&nbsp;&nbsp;&nbsp;&nbsp;&nbsp;&nbsp;&nbsp;&nbsp;&nbsp;&nbsp;&nbsp;&nbsp;&nbsp;&nbsp;&nbsp;&nbsp;&nbsp;&nbsp;&nbsp;&nbsp;&nbsp;<strong><span style=\"color: #ff0000;\">&nbsp;&nbsp;&nbsp;&nbsp;&nbsp;&nbsp;&nbsp; <\/span><\/strong><\/p>\n<p><strong><span style=\"color: #ff0000;\">ZA PARAFIAN<\/span><\/strong><\/p>\n<p><strong><span style=\"color: #800080;\">15.00<\/span><\/strong> &nbsp;&nbsp;&nbsp;&nbsp;&nbsp;&nbsp;&nbsp;&nbsp;&nbsp;&nbsp;&nbsp;&nbsp;&nbsp;&nbsp;&nbsp;&nbsp;&nbsp;&nbsp;&nbsp;&nbsp;&nbsp;&nbsp;&nbsp;&nbsp;&nbsp;&nbsp;&nbsp;&nbsp;&nbsp;&nbsp;&nbsp;&nbsp;&nbsp;&nbsp;&nbsp;&nbsp;&nbsp;&nbsp;&nbsp;&nbsp;&nbsp;&nbsp;&nbsp;&nbsp;&nbsp;&nbsp;&nbsp;&nbsp;&nbsp;&nbsp;&nbsp;&nbsp;&nbsp;&nbsp;&nbsp;&nbsp;&nbsp;&nbsp;&nbsp;&nbsp;&nbsp;&nbsp;&nbsp;&nbsp;&nbsp;&nbsp;&nbsp;&nbsp;&nbsp;&nbsp;&nbsp;&nbsp;&nbsp;&nbsp;&nbsp;&nbsp;<\/p>\n<p>Dzi\u0119kczynna w 18 rocznic\u0119 urodzin Szymona MALINOWSKIEGO z pro\u015bb\u0105 o Bo\u017ce b\u0142ogos\u0142awie\u0144stwo, dary Ducha \u015awi\u0119tego<\/p>\n<p><strong><span style=\"color: #800080;\">18.00<\/span><\/strong>&nbsp; &nbsp; &nbsp; &nbsp; &nbsp; &nbsp; &nbsp; &nbsp; &nbsp; &nbsp; &nbsp; &nbsp; &nbsp; &nbsp; &nbsp; &nbsp; &nbsp; &nbsp; &nbsp; &nbsp; &nbsp; &nbsp; &nbsp; &nbsp; &nbsp; &nbsp; &nbsp; &nbsp; &nbsp; &nbsp; &nbsp; &nbsp; &nbsp; &nbsp; &nbsp; &nbsp; &nbsp; &nbsp; &nbsp;<\/p>\n<p><strong><span style=\"color: #800080;\">MSZA ZBIOROWA ZA ZMAR\u0141YCH<\/span><\/strong><\/p>\n<h2 style=\"text-align: center;\"><strong><span style=\"color: #800080;\">PONIEDZIA\u0141EK \/ 3 listopad 2025 \/ \u0141k&nbsp; 14, 12 \u2013 14<\/span><\/strong><\/h2>\n<p><strong><span style=\"color: #800080;\">8.00<\/span><\/strong>&nbsp;&nbsp;&nbsp;&nbsp;&nbsp;&nbsp;&nbsp;&nbsp;&nbsp;&nbsp;&nbsp;&nbsp;&nbsp;&nbsp;&nbsp;&nbsp;&nbsp;&nbsp;&nbsp;&nbsp;&nbsp;&nbsp;&nbsp;&nbsp;&nbsp;&nbsp;&nbsp;&nbsp;&nbsp;&nbsp;&nbsp;&nbsp;&nbsp;&nbsp;&nbsp;&nbsp;&nbsp;&nbsp;&nbsp;&nbsp;&nbsp;&nbsp;&nbsp;&nbsp;&nbsp;&nbsp;&nbsp;&nbsp;&nbsp;&nbsp;&nbsp;&nbsp;&nbsp;&nbsp;&nbsp;&nbsp;&nbsp;&nbsp;&nbsp;&nbsp;&nbsp;&nbsp;&nbsp;&nbsp;&nbsp;&nbsp;&nbsp;&nbsp;&nbsp;&nbsp;&nbsp;&nbsp;&nbsp;&nbsp;&nbsp;&nbsp;&nbsp;&nbsp;&nbsp;<\/p>\n<p>\u015ap. Krystyn\u0119 KOTOWSK\u0104 \u2013 intencja od Anny i Ryszarda \u0106WIK<\/p>\n<p><strong><span style=\"color: #800080;\">18:00<\/span><\/strong>&nbsp;&nbsp;&nbsp;&nbsp;&nbsp;&nbsp;&nbsp;&nbsp;&nbsp;&nbsp;&nbsp;&nbsp;&nbsp;&nbsp;&nbsp;&nbsp;&nbsp;&nbsp;&nbsp;&nbsp;&nbsp;&nbsp;&nbsp;&nbsp;&nbsp;&nbsp;&nbsp;&nbsp;&nbsp;&nbsp;&nbsp;&nbsp;&nbsp;&nbsp;&nbsp;&nbsp;&nbsp;&nbsp;&nbsp;&nbsp;&nbsp;&nbsp;&nbsp;&nbsp;&nbsp;&nbsp;&nbsp;&nbsp;&nbsp;&nbsp;&nbsp;&nbsp;&nbsp;&nbsp;&nbsp;&nbsp;&nbsp;&nbsp;&nbsp;&nbsp;&nbsp;&nbsp;&nbsp;&nbsp;&nbsp;&nbsp;&nbsp;&nbsp;&nbsp;&nbsp;&nbsp;&nbsp;&nbsp;&nbsp;&nbsp;&nbsp;&nbsp;<\/p>\n<p><strong><span style=\"color: #800080;\">MSZA ZBIOROWA ZA ZMAR\u0141YCH<\/span><\/strong><\/p>\n<h2 style=\"text-align: center;\"><span style=\"color: #800080;\">WTOREK \/ 4 listopad 2025 \/&nbsp;&nbsp; \u0141k 14, 15 \u2013 24<\/span><\/h2>\n<h2 style=\"text-align: center;\"><span style=\"color: #800080;\">WSPOMNIENIE, \u015aW. KAROLA BOROMEUSZA \u2013 BISKUPA<\/span><\/h2>\n<p><strong><span style=\"color: #800080;\">8.00<\/span><\/strong>&nbsp;&nbsp;&nbsp;&nbsp;&nbsp;&nbsp;&nbsp;&nbsp;&nbsp;&nbsp;&nbsp;&nbsp;&nbsp;&nbsp;&nbsp;&nbsp;&nbsp;&nbsp;&nbsp;&nbsp;&nbsp;&nbsp;&nbsp;&nbsp;&nbsp;&nbsp;&nbsp;&nbsp;&nbsp;&nbsp;&nbsp;&nbsp;&nbsp;&nbsp;&nbsp;&nbsp;&nbsp;&nbsp;&nbsp;&nbsp;&nbsp;&nbsp;&nbsp;&nbsp;&nbsp;&nbsp;&nbsp;&nbsp;&nbsp;&nbsp;&nbsp;&nbsp;&nbsp;&nbsp;&nbsp;&nbsp;&nbsp;&nbsp;&nbsp;&nbsp;&nbsp;&nbsp;&nbsp;&nbsp;&nbsp;&nbsp;&nbsp;&nbsp;&nbsp;&nbsp;&nbsp;&nbsp;&nbsp;&nbsp;&nbsp;&nbsp;&nbsp;&nbsp;&nbsp;<\/p>\n<p>\u015ap. Krystyn\u0119 KOTOWSK\u0104 \u2013 intencja od Jagody i Artura \u0106WIK<\/p>\n<p><strong><span style=\"color: #800080;\">18:00<\/span><\/strong>&nbsp;&nbsp;&nbsp;&nbsp;&nbsp;&nbsp;&nbsp;&nbsp;&nbsp;&nbsp;&nbsp;&nbsp;&nbsp;&nbsp;&nbsp;&nbsp;&nbsp;&nbsp;&nbsp;&nbsp;&nbsp;&nbsp;&nbsp;&nbsp;&nbsp;&nbsp;&nbsp;&nbsp;&nbsp;&nbsp;&nbsp;&nbsp;&nbsp;&nbsp;&nbsp;&nbsp;&nbsp;&nbsp;&nbsp;&nbsp;&nbsp;&nbsp;&nbsp;&nbsp;&nbsp;&nbsp;&nbsp;&nbsp;&nbsp;&nbsp;&nbsp;&nbsp;&nbsp;&nbsp;&nbsp;&nbsp;&nbsp;&nbsp;&nbsp;&nbsp;&nbsp;&nbsp;&nbsp;&nbsp;&nbsp;&nbsp;&nbsp;&nbsp;&nbsp;&nbsp;&nbsp;&nbsp;&nbsp;&nbsp;&nbsp;&nbsp;<strong><span style=\"color: #800080;\">&nbsp; <\/span><\/strong><\/p>\n<p><strong><span style=\"color: #800080;\">MSZA ZBIOROWA ZA ZMAR\u0141YCH<\/span><\/strong><\/p>\n<h2 style=\"text-align: center;\"><strong><span style=\"color: #800080;\">\u015aRODA \/ 5 listopad 2025 \/ \u0141k 14, 25 \u2013 33<\/span><\/strong><\/h2>\n<p><strong><span style=\"color: #800080;\">8.00<\/span><\/strong>&nbsp;&nbsp;&nbsp;&nbsp;&nbsp;&nbsp;&nbsp;&nbsp;&nbsp;&nbsp;&nbsp;&nbsp;&nbsp;&nbsp;&nbsp;&nbsp;&nbsp;&nbsp;&nbsp;&nbsp;&nbsp;&nbsp;&nbsp;&nbsp;&nbsp;&nbsp;&nbsp;&nbsp;&nbsp;&nbsp;&nbsp;&nbsp;&nbsp;&nbsp;&nbsp;&nbsp;&nbsp;&nbsp;&nbsp;&nbsp;&nbsp;&nbsp;&nbsp;&nbsp;&nbsp;&nbsp;&nbsp;&nbsp;&nbsp;&nbsp;&nbsp;&nbsp;&nbsp;&nbsp;&nbsp;&nbsp;&nbsp;&nbsp;&nbsp;&nbsp;&nbsp;&nbsp;&nbsp;&nbsp;&nbsp;&nbsp;&nbsp;&nbsp;&nbsp;&nbsp;&nbsp;&nbsp;&nbsp;&nbsp;&nbsp;&nbsp;&nbsp;&nbsp;&nbsp;<\/p>\n<p>\u015ap. Krystyn\u0119 KOTOWSK\u0104 \u2013 intencja od Liliany \u0106WIK<\/p>\n<p><strong><span style=\"color: #800080;\">18:00<\/span><\/strong>&nbsp; &nbsp; &nbsp; &nbsp; &nbsp; &nbsp; &nbsp; &nbsp; &nbsp; &nbsp; &nbsp; &nbsp; &nbsp; &nbsp; &nbsp; &nbsp; &nbsp; &nbsp; &nbsp; &nbsp; &nbsp; &nbsp; &nbsp; &nbsp; &nbsp; &nbsp; &nbsp; &nbsp; &nbsp; &nbsp; &nbsp; &nbsp; &nbsp; &nbsp; &nbsp; &nbsp; &nbsp; &nbsp; &nbsp;<\/p>\n<p>\u015ap. Krystyn\u0119 KONDRAT w 8 rocznic\u0119 \u015bmierci oraz Witolda (M) i Zofi\u0119 HUSZCZO<\/p>\n<p><strong><span style=\"color: #800080;\">18:00<\/span><\/strong>&nbsp;&nbsp;&nbsp;&nbsp;&nbsp;&nbsp;&nbsp;&nbsp;&nbsp;&nbsp;&nbsp;&nbsp;&nbsp;&nbsp;&nbsp;&nbsp;&nbsp;&nbsp;&nbsp;&nbsp;&nbsp;&nbsp;&nbsp;&nbsp;&nbsp;&nbsp;&nbsp;&nbsp;&nbsp;&nbsp;&nbsp;&nbsp;&nbsp;&nbsp;&nbsp;&nbsp;&nbsp;&nbsp;&nbsp;&nbsp;&nbsp;&nbsp;&nbsp;&nbsp;&nbsp;&nbsp;&nbsp;&nbsp;&nbsp;&nbsp;&nbsp;&nbsp;&nbsp;&nbsp;&nbsp;&nbsp;&nbsp;&nbsp;&nbsp;&nbsp;&nbsp;&nbsp;&nbsp;&nbsp;&nbsp;&nbsp;&nbsp;&nbsp;&nbsp;&nbsp;&nbsp;&nbsp;&nbsp;&nbsp;&nbsp;&nbsp;&nbsp;<\/p>\n<p><strong><span style=\"color: #800080;\">MSZA ZBIOROWA ZA ZMAR\u0141YCH<\/span><\/strong><\/p>\n<h2 style=\"text-align: center;\"><span style=\"color: #800080;\">CZWARTEK \/ 6 listopad 2025 \/ \u0141k 15, 1 \u2013 10<\/span><\/h2>\n<p><strong><span style=\"color: #800080;\">8.00<\/span><\/strong>&nbsp;&nbsp;&nbsp;&nbsp;&nbsp;&nbsp;&nbsp;&nbsp;&nbsp;&nbsp;&nbsp;&nbsp;&nbsp;&nbsp;&nbsp;&nbsp;&nbsp;&nbsp;&nbsp;&nbsp;&nbsp;&nbsp;&nbsp;&nbsp;&nbsp;&nbsp;&nbsp;&nbsp;&nbsp;&nbsp;&nbsp;&nbsp;&nbsp;&nbsp;&nbsp;&nbsp;&nbsp;&nbsp;&nbsp;&nbsp;&nbsp;&nbsp;&nbsp;&nbsp;&nbsp;&nbsp;&nbsp;&nbsp;&nbsp;&nbsp;&nbsp;&nbsp;&nbsp;&nbsp;&nbsp;&nbsp;&nbsp;&nbsp;&nbsp;&nbsp;&nbsp;&nbsp;&nbsp;&nbsp;&nbsp;&nbsp;&nbsp;&nbsp;&nbsp;&nbsp;&nbsp;&nbsp;&nbsp;&nbsp;&nbsp;&nbsp;&nbsp;&nbsp;&nbsp;<\/p>\n<p>\u015ap. Krystyn\u0119 KOTOWSK\u0104 \u2013 intencja od Eweliny, Micha\u0142a, Filipa MI\u015aKOWIEC<\/p>\n<p><strong><span style=\"color: #800080;\">18.00<\/span><\/strong>&nbsp;&nbsp;&nbsp;&nbsp;&nbsp;&nbsp;&nbsp;&nbsp;&nbsp;&nbsp;&nbsp;&nbsp;&nbsp;&nbsp;&nbsp;&nbsp;&nbsp;&nbsp;&nbsp;&nbsp;&nbsp;&nbsp;&nbsp;&nbsp;&nbsp;&nbsp;&nbsp;&nbsp;&nbsp;&nbsp;&nbsp;&nbsp;&nbsp;&nbsp;&nbsp;&nbsp;&nbsp;&nbsp;&nbsp;&nbsp;&nbsp;&nbsp;&nbsp;&nbsp;&nbsp;&nbsp;&nbsp;&nbsp;&nbsp;&nbsp;&nbsp;&nbsp;&nbsp;&nbsp;&nbsp;&nbsp;&nbsp;&nbsp;&nbsp;&nbsp;&nbsp;&nbsp;&nbsp;&nbsp;&nbsp;&nbsp;&nbsp;&nbsp;&nbsp;&nbsp;&nbsp;&nbsp;&nbsp;&nbsp;&nbsp;&nbsp;&nbsp;<\/p>\n<p><strong><span style=\"color: #800080;\">MSZA ZBIOROWA ZA ZMAR\u0141YCH<\/span><\/strong><\/p>\n<h2 style=\"text-align: center;\"><span style=\"color: #0000ff;\">ADORACJA NAJ\u015aWI\u0118TSZEGO SAKRAMENTU do godz. 20:00<\/span><\/h2>\n<h2 style=\"text-align: center;\"><span style=\"color: #800080;\">PI\u0104TEK \/ 7 listopad 2025 \/ \u0141k 16, 1 \u2013 8<\/span><\/h2>\n<p><strong><span style=\"color: #800080;\">8.00<\/span><\/strong>&nbsp;&nbsp;&nbsp;&nbsp;&nbsp;&nbsp;&nbsp;&nbsp;&nbsp;&nbsp;&nbsp;&nbsp;&nbsp;&nbsp;&nbsp;&nbsp;&nbsp;&nbsp;&nbsp;&nbsp;&nbsp;&nbsp;&nbsp;&nbsp;&nbsp;&nbsp;&nbsp;&nbsp;&nbsp;&nbsp;&nbsp;&nbsp;&nbsp;&nbsp;&nbsp;&nbsp;&nbsp;&nbsp;&nbsp;&nbsp;&nbsp;&nbsp;&nbsp;&nbsp;&nbsp;&nbsp;&nbsp;&nbsp;&nbsp;&nbsp;&nbsp;&nbsp;&nbsp;&nbsp;&nbsp;&nbsp;&nbsp;&nbsp;&nbsp;&nbsp;&nbsp;&nbsp;&nbsp;&nbsp;&nbsp;&nbsp;&nbsp;&nbsp;&nbsp;&nbsp;&nbsp;&nbsp;&nbsp;&nbsp;&nbsp;&nbsp;&nbsp;&nbsp;&nbsp;<\/p>\n<p>\u015ap. Stanis\u0142awa (M) KUROWSKIEGO i&nbsp; zmar\u0142ych z rodziny SYPIA\u0143SKICH<\/p>\n<p><strong><span style=\"color: #800080;\">16:30<\/span><\/strong>&nbsp; &nbsp; &nbsp; &nbsp; &nbsp; &nbsp; &nbsp; &nbsp; &nbsp; &nbsp; &nbsp; &nbsp; &nbsp; &nbsp; &nbsp; &nbsp; &nbsp; &nbsp; &nbsp; &nbsp; &nbsp; &nbsp; &nbsp; &nbsp; &nbsp; &nbsp; &nbsp; &nbsp; &nbsp; &nbsp; &nbsp; &nbsp; &nbsp; &nbsp; &nbsp; &nbsp; &nbsp; &nbsp; <strong><span style=\"color: #ff0000;\">&nbsp; &nbsp;<\/span><\/strong><\/p>\n<p><strong><span style=\"color: #ff0000;\">W intencji czcicieli N.S.P.J.<\/span><\/strong><\/p>\n<p><strong><span style=\"color: #800080;\">18.00<\/span><\/strong>&nbsp;&nbsp;&nbsp;&nbsp;&nbsp;&nbsp;&nbsp;&nbsp;&nbsp;&nbsp;&nbsp;&nbsp;&nbsp;&nbsp;&nbsp;&nbsp;&nbsp;&nbsp;&nbsp;&nbsp;&nbsp;&nbsp;&nbsp;&nbsp;&nbsp;&nbsp;&nbsp;&nbsp;&nbsp;&nbsp;&nbsp;&nbsp;&nbsp;&nbsp;&nbsp;&nbsp;&nbsp;&nbsp;&nbsp;&nbsp;&nbsp;&nbsp;&nbsp;&nbsp;&nbsp;&nbsp;&nbsp;&nbsp;&nbsp;&nbsp;&nbsp;&nbsp;&nbsp;&nbsp;&nbsp;&nbsp;&nbsp;&nbsp;&nbsp;&nbsp;&nbsp;&nbsp;&nbsp;&nbsp;&nbsp;&nbsp;&nbsp;&nbsp;&nbsp;&nbsp;&nbsp;&nbsp;&nbsp;&nbsp;&nbsp;&nbsp;&nbsp;<\/p>\n<p><strong><span style=\"color: #800080;\">MSZA ZBIOROWA ZA ZMAR\u0141YCH<\/span><\/strong><\/p>\n<h2 style=\"text-align: center;\"><span style=\"color: #800080;\">SOBOTA \/ 8 listopad 2025 \/ \u0141k 16, 9 \u2013 15<\/span><\/h2>\n<p><strong><span style=\"color: #800080;\">8.00<\/span><\/strong>&nbsp;&nbsp;&nbsp;&nbsp;&nbsp;&nbsp;&nbsp;&nbsp;&nbsp;&nbsp;&nbsp;&nbsp;&nbsp;&nbsp;&nbsp;&nbsp;&nbsp;&nbsp;&nbsp;&nbsp;&nbsp;&nbsp;&nbsp;&nbsp;&nbsp;&nbsp;&nbsp;&nbsp;&nbsp;&nbsp;&nbsp;&nbsp;&nbsp;&nbsp;&nbsp;&nbsp;&nbsp;&nbsp;&nbsp;&nbsp;&nbsp;&nbsp;&nbsp;&nbsp;&nbsp;&nbsp;&nbsp;&nbsp;&nbsp;&nbsp;&nbsp;&nbsp;&nbsp;&nbsp;&nbsp;&nbsp;&nbsp;&nbsp;&nbsp;&nbsp;&nbsp;&nbsp;&nbsp;&nbsp;&nbsp;&nbsp;&nbsp;&nbsp;&nbsp;&nbsp;&nbsp;&nbsp;&nbsp;&nbsp;&nbsp;&nbsp;&nbsp;&nbsp;&nbsp;<\/p>\n<p>\u015ap. Stanis\u0142awa (M), Antoniego (M), Ma\u0142gorzat\u0119 z rodziny ROGALSKICH<\/p>\n<p><strong><span style=\"color: #800080;\">8:00<\/span><\/strong>&nbsp;&nbsp;&nbsp;&nbsp;&nbsp;&nbsp;&nbsp;&nbsp;&nbsp;&nbsp;&nbsp;&nbsp;&nbsp;&nbsp;&nbsp;&nbsp;&nbsp;&nbsp;&nbsp;&nbsp;&nbsp;&nbsp;&nbsp;&nbsp;&nbsp;&nbsp;&nbsp;&nbsp;&nbsp;&nbsp;&nbsp;&nbsp;&nbsp;&nbsp;&nbsp;&nbsp;&nbsp;&nbsp;&nbsp;&nbsp;&nbsp;&nbsp;&nbsp;&nbsp;&nbsp;&nbsp;&nbsp;&nbsp;&nbsp;&nbsp;&nbsp;&nbsp;&nbsp;&nbsp;&nbsp;&nbsp;&nbsp;&nbsp;&nbsp;&nbsp;&nbsp;&nbsp;&nbsp;&nbsp;&nbsp;&nbsp;&nbsp;&nbsp;&nbsp;&nbsp;&nbsp;&nbsp;&nbsp;&nbsp;&nbsp;&nbsp;&nbsp;&nbsp;&nbsp;<\/p>\n<p>\u015ap. Zofi\u0119 IWA\u0143CZUK w 2 rocznic\u0119 \u015bmierci<\/p>\n<p><strong><span style=\"color: #800080;\">18:00<\/span><\/strong>&nbsp; &nbsp; &nbsp; &nbsp; &nbsp; &nbsp; &nbsp; &nbsp; &nbsp; &nbsp; &nbsp; &nbsp; &nbsp; &nbsp; &nbsp; &nbsp; &nbsp; &nbsp; &nbsp; &nbsp; &nbsp; &nbsp; &nbsp; &nbsp; &nbsp; &nbsp; &nbsp; &nbsp; &nbsp; &nbsp; &nbsp; &nbsp; &nbsp; &nbsp;<\/p>\n<p><strong><span style=\"color: #800080;\">MSZA ZBIOROWA ZA ZMAR\u0141YCH<\/span><\/strong><\/p>\n<h2 style=\"text-align: center;\"><span style=\"color: #008000;\">XXXII NIEDZIELA ZWYK\u0141A \/ 9 listopad 2025 \/ \u0141k 20, 27 \u2013 38<\/span><\/h2>\n<p><strong><span style=\"color: #008000;\">8.00<\/span><\/strong>&nbsp;&nbsp;&nbsp;&nbsp;&nbsp;&nbsp;&nbsp;&nbsp;&nbsp;&nbsp;&nbsp;&nbsp;&nbsp;&nbsp;&nbsp;&nbsp;&nbsp;&nbsp;&nbsp;&nbsp;&nbsp;&nbsp;&nbsp;&nbsp;&nbsp;&nbsp;&nbsp;&nbsp;&nbsp;&nbsp;&nbsp;&nbsp;&nbsp;&nbsp;&nbsp;&nbsp;&nbsp;&nbsp;&nbsp;&nbsp;&nbsp;&nbsp;&nbsp;&nbsp;&nbsp;&nbsp;&nbsp;&nbsp;&nbsp;&nbsp;&nbsp;&nbsp;&nbsp;&nbsp;&nbsp;&nbsp;&nbsp;&nbsp;&nbsp;&nbsp;&nbsp;&nbsp;&nbsp;&nbsp;&nbsp;&nbsp;&nbsp;&nbsp;&nbsp;&nbsp;&nbsp;&nbsp;&nbsp;&nbsp;&nbsp;&nbsp;&nbsp;&nbsp;&nbsp;<\/p>\n<p>\u015ap. Lucjana LASEK w 30 rocznic\u0119 \u015bmierci, Mariann\u0119, Feliksa, Sylwestra BA\u0141DYGA, Bronis\u0142aw\u0119, Stanis\u0142awa (M) LASEK oraz zmar\u0142ych z rodzin: LASEK, BA\u0141DYGA, GROCHOWSKICH<\/p>\n<p><strong><span style=\"color: #008000;\">10:00<\/span><\/strong>&nbsp;&nbsp;&nbsp;&nbsp;&nbsp;&nbsp;&nbsp;&nbsp;&nbsp;&nbsp;&nbsp;&nbsp;&nbsp;&nbsp;&nbsp;&nbsp;&nbsp;&nbsp;&nbsp;&nbsp;&nbsp;&nbsp;&nbsp;&nbsp;&nbsp;&nbsp;&nbsp;&nbsp;&nbsp;&nbsp;&nbsp;&nbsp;&nbsp;&nbsp;&nbsp;&nbsp;&nbsp;&nbsp;&nbsp;&nbsp;&nbsp;&nbsp;&nbsp;&nbsp;&nbsp;&nbsp;&nbsp;&nbsp;&nbsp;&nbsp;&nbsp;&nbsp;&nbsp;&nbsp;&nbsp;&nbsp;&nbsp;&nbsp;&nbsp;&nbsp;&nbsp;&nbsp;&nbsp;&nbsp;&nbsp;&nbsp;&nbsp;&nbsp;&nbsp;&nbsp;&nbsp;&nbsp;&nbsp;&nbsp;&nbsp;&nbsp;&nbsp;<\/p>\n<p>O uprzedzaj\u0105c\u0105 \u0142ask\u0119 natchnie\u0144, si\u0142\u0119 i rozwag\u0119, by wprowadzone w \u017cycie zaowocowa\u0142y ca\u0142kowitym przylgni\u0119ciem do Pana Boga dla Nikodema i jego rodziny,&nbsp; Magdaleny i jej rodziny oraz Agnieszki i ca\u0142ej rodziny zakonnej<\/p>\n<p><strong><span style=\"color: #008000;\">12.00<\/span><\/strong>&nbsp;&nbsp;&nbsp;&nbsp;&nbsp;&nbsp;&nbsp;&nbsp;&nbsp;&nbsp;&nbsp;&nbsp;&nbsp;&nbsp;&nbsp;&nbsp;&nbsp;&nbsp;&nbsp;&nbsp;&nbsp;&nbsp;&nbsp;&nbsp;&nbsp;&nbsp;&nbsp;&nbsp;&nbsp;&nbsp;&nbsp;&nbsp;&nbsp;&nbsp;&nbsp;&nbsp;&nbsp;&nbsp;&nbsp;&nbsp;&nbsp;&nbsp;&nbsp;&nbsp;&nbsp;&nbsp;&nbsp;&nbsp;&nbsp;&nbsp;&nbsp;&nbsp;&nbsp;&nbsp;&nbsp;&nbsp;&nbsp;&nbsp;&nbsp;&nbsp;&nbsp;&nbsp;&nbsp;&nbsp;&nbsp;&nbsp;&nbsp;&nbsp;&nbsp;&nbsp;&nbsp;&nbsp;&nbsp;&nbsp;&nbsp;&nbsp;&nbsp;<\/p>\n<p><strong><span style=\"color: #ff0000;\">ZA PARAFIAN<\/span><\/strong><\/p>\n<p><strong><span style=\"color: #008000;\">15.00<\/span><\/strong>&nbsp;&nbsp;&nbsp;&nbsp;&nbsp;&nbsp;&nbsp;&nbsp;&nbsp;&nbsp;&nbsp;&nbsp;&nbsp;&nbsp;&nbsp;&nbsp;&nbsp;&nbsp;&nbsp;&nbsp;&nbsp;&nbsp;&nbsp;&nbsp;&nbsp;&nbsp;&nbsp;&nbsp;&nbsp;&nbsp;&nbsp;&nbsp;&nbsp;&nbsp;&nbsp;&nbsp;&nbsp;&nbsp;&nbsp;&nbsp;&nbsp;&nbsp;&nbsp;&nbsp;&nbsp;&nbsp;&nbsp;&nbsp;&nbsp;&nbsp;&nbsp;&nbsp;&nbsp;&nbsp;&nbsp;&nbsp;&nbsp;&nbsp;&nbsp;&nbsp;&nbsp;&nbsp;&nbsp;&nbsp;&nbsp;&nbsp;&nbsp;&nbsp;&nbsp;&nbsp;&nbsp;&nbsp;&nbsp;&nbsp;&nbsp;&nbsp;&nbsp;<\/p>\n<p>\u015ap. Anastazj\u0119, Bernarda (M), Andrzeja HUSZCZA, Emili\u0119 i Feliksa SONGIN<\/p>\n<p><strong><span style=\"color: #008000;\">18:00&nbsp;<\/span><\/strong>&nbsp;&nbsp;&nbsp;&nbsp;&nbsp;&nbsp;&nbsp;&nbsp;&nbsp;&nbsp;&nbsp;&nbsp;&nbsp;&nbsp;&nbsp;&nbsp;&nbsp;&nbsp;&nbsp;&nbsp;&nbsp;&nbsp;&nbsp;&nbsp;&nbsp;&nbsp;&nbsp;&nbsp;&nbsp;&nbsp;&nbsp;&nbsp;&nbsp;&nbsp;&nbsp;&nbsp;&nbsp;&nbsp;&nbsp;&nbsp;&nbsp;&nbsp;&nbsp;&nbsp;&nbsp;&nbsp;&nbsp;&nbsp;&nbsp;&nbsp;&nbsp;&nbsp;&nbsp;&nbsp;&nbsp;&nbsp;&nbsp;&nbsp;&nbsp;&nbsp;&nbsp;&nbsp;&nbsp;&nbsp;&nbsp;&nbsp;&nbsp;&nbsp;&nbsp;&nbsp;&nbsp;&nbsp;&nbsp;&nbsp;&nbsp;&nbsp;<\/p>\n<p>\u015ap. Marka MALINOWSKIEGO w 5 rocznic\u0119 \u015bmierci<\/p>\n<p><span style=\"color: #008000;\"><strong>18.00<\/strong><\/span>&nbsp;&nbsp;&nbsp;&nbsp;&nbsp;&nbsp;&nbsp;&nbsp;&nbsp;&nbsp;&nbsp;&nbsp;&nbsp;&nbsp;&nbsp;&nbsp;&nbsp;&nbsp;&nbsp;&nbsp;&nbsp;&nbsp;&nbsp;&nbsp;&nbsp;&nbsp;&nbsp;&nbsp;&nbsp;&nbsp;&nbsp;&nbsp;&nbsp;&nbsp;&nbsp;&nbsp;&nbsp;&nbsp;&nbsp;&nbsp;&nbsp;&nbsp;&nbsp;&nbsp;&nbsp;&nbsp;&nbsp;&nbsp;&nbsp;&nbsp;&nbsp;&nbsp;&nbsp;&nbsp;&nbsp;&nbsp;&nbsp;&nbsp;&nbsp;&nbsp;&nbsp;&nbsp;&nbsp;&nbsp;&nbsp;&nbsp;&nbsp;&nbsp;&nbsp;&nbsp;&nbsp;&nbsp;&nbsp;&nbsp;&nbsp;&nbsp;&nbsp;<\/p>\n<p><strong><span style=\"color: #800080;\">MSZA ZBIOROWA ZA ZMAR\u0141YCH<\/span><\/strong><\/p>\n","protected":false},"excerpt":{"rendered":"<p>Wyj\u0105tkowa okazja W dniach od 1 do 8 listopada mo\u017cna codziennie uzyska\u0107 odpust zupe\u0142ny dla tych, kt\u00f3rzy w czy\u015b\u0107cu oczekuj\u0105 pe\u0142ni zbawienia. Odpust zyskuje ten, kto nawiedzi cmentarz oraz wype\u0142ni zwyk\u0142e warunki, tj. przyst\u0105pi do Komunii \u015bw. w dniu nawiedzenia cmentarza i odm\u00f3wi na cmentarzu Ojcze nasz i Wierz\u0119 w Boga oraz jak\u0105kolwiek modlitw\u0119 w [&hellip;]<\/p>\n","protected":false},"author":1,"featured_media":5951,"comment_status":"closed","ping_status":"closed","sticky":false,"template":"","format":"standard","meta":{"ngg_post_thumbnail":0,"footnotes":""},"categories":[11,8,4,3],"tags":[],"class_list":["post-5950","post","type-post","status-publish","format-standard","has-post-thumbnail","hentry","category-aktualnosci","category-blog","category-intencje","category-ogloszenia"],"_links":{"self":[{"href":"https:\/\/rafalk-elblag.pl\/index.php?rest_route=\/wp\/v2\/posts\/5950","targetHints":{"allow":["GET"]}}],"collection":[{"href":"https:\/\/rafalk-elblag.pl\/index.php?rest_route=\/wp\/v2\/posts"}],"about":[{"href":"https:\/\/rafalk-elblag.pl\/index.php?rest_route=\/wp\/v2\/types\/post"}],"author":[{"embeddable":true,"href":"https:\/\/rafalk-elblag.pl\/index.php?rest_route=\/wp\/v2\/users\/1"}],"replies":[{"embeddable":true,"href":"https:\/\/rafalk-elblag.pl\/index.php?rest_route=%2Fwp%2Fv2%2Fcomments&post=5950"}],"version-history":[{"count":1,"href":"https:\/\/rafalk-elblag.pl\/index.php?rest_route=\/wp\/v2\/posts\/5950\/revisions"}],"predecessor-version":[{"id":5952,"href":"https:\/\/rafalk-elblag.pl\/index.php?rest_route=\/wp\/v2\/posts\/5950\/revisions\/5952"}],"wp:featuredmedia":[{"embeddable":true,"href":"https:\/\/rafalk-elblag.pl\/index.php?rest_route=\/wp\/v2\/media\/5951"}],"wp:attachment":[{"href":"https:\/\/rafalk-elblag.pl\/index.php?rest_route=%2Fwp%2Fv2%2Fmedia&parent=5950"}],"wp:term":[{"taxonomy":"category","embeddable":true,"href":"https:\/\/rafalk-elblag.pl\/index.php?rest_route=%2Fwp%2Fv2%2Fcategories&post=5950"},{"taxonomy":"post_tag","embeddable":true,"href":"https:\/\/rafalk-elblag.pl\/index.php?rest_route=%2Fwp%2Fv2%2Ftags&post=5950"}],"curies":[{"name":"wp","href":"https:\/\/api.w.org\/{rel}","templated":true}]}}