{"id":5933,"date":"2025-10-15T21:31:31","date_gmt":"2025-10-15T21:31:31","guid":{"rendered":"https:\/\/rafalk-elblag.pl\/?p=5933"},"modified":"2025-10-15T21:31:31","modified_gmt":"2025-10-15T21:31:31","slug":"xxix-niedziela-zwykla","status":"publish","type":"post","link":"https:\/\/rafalk-elblag.pl\/?p=5933","title":{"rendered":"XXIX NIEDZIELA ZWYK\u0141A"},"content":{"rendered":"<p><img loading=\"lazy\" decoding=\"async\" class=\"aligncenter\" src=\"https:\/\/rafalk-elblag.pl\/wp-content\/uploads\/2025\/08\/biuletyn-graf.jpg\" width=\"552\" height=\"357\"><\/p>\n<p><strong>Msza \u015awi\u0119ta Zbiorowa za Zmar\u0142ych, znana r\u00f3wnie\u017c jako Requiem<\/strong><\/p>\n<p>Requiem jest jednym z najwa\u017cniejszych element\u00f3w katolickiej tradycji liturgicznej.<br \/>\nW Ko\u015bciele Katolickim w Polsce, ma ona g\u0142\u0119bokie korzenie i odgrywa kluczow\u0105 rol\u0119 w \u017cyciu duchowym wiernych. Jest to szczeg\u00f3lny czas modlitwy, refleksji oraz okazja do wyra\u017cenia pami\u0119ci i szacunku dla tych, kt\u00f3rzy odeszli z tego \u015bwiata. Ta uroczysta liturgia jest pe\u0142na symboliki<br \/>\ni rytua\u0142\u00f3w, kt\u00f3re maj\u0105 na celu wspieranie dusz zmar\u0142ych oraz przynoszenie pocieszenia ich rodzinom i bliskim.<\/p>\n<p>Podczas Mszy \u015awi\u0119tej za Zmar\u0142ych wierni gromadz\u0105 si\u0119, aby wsp\u00f3lnie modli\u0107 si\u0119 za tych, kt\u00f3rzy zako\u0144czyli swoje ziemskie \u017cycie, prosz\u0105c Boga o \u0142ask\u0119 wiecznego spoczynku dla ich dusz. Jest to r\u00f3wnie\u017c czas, aby wspomnie\u0107 tych, kt\u00f3rzy byli wa\u017cni w naszym \u017cyciu, a tak\u017ce aby zjednoczy\u0107 si\u0119 w wierze i nadziei na zmartwychwstanie. Przybli\u017cmy zatem histori\u0119, przebieg liturgii, znaczenie oraz zwyczaje towarzysz\u0105ce tej szczeg\u00f3lnej Mszy \u015awi\u0119tej, a tak\u017ce praktyczne porady dotycz\u0105ce uczestnictwa i zamawiania intencji mszalnych.<\/p>\n<p>&nbsp;<\/p>\n<p><strong>Znaczenie Mszy za Zmar\u0142ych dla wiernych<\/strong><\/p>\n<p>Msza \u015awi\u0119ta za Zmar\u0142ych ma ogromne znaczenie dla wiernych, zar\u00f3wno duchowe, jak i emocjonalne. Dla katolik\u00f3w jest to okazja do modlitwy za swoich bliskich, kt\u00f3rzy odeszli, oraz do wyra\u017cenia wiary<br \/>\nw \u017cycie wieczne. Msza Requiem jest r\u00f3wnie\u017c momentem refleksji nad w\u0142asnym \u017cyciem i przemijaniem, co sk\u0142ania do g\u0142\u0119bszego przemy\u015blenia warto\u015bci duchowych i moralnych.<\/p>\n<p>Wielu wiernych czerpie z Mszy za Zmar\u0142ych pocieszenie<br \/>\ni wsparcie w trudnych chwilach \u017ca\u0142oby. Uczestnictwo w tej liturgii pozwala na wyra\u017cenie swoich uczu\u0107, wspomnienie zmar\u0142ych<br \/>\ni poczucie jedno\u015bci z ca\u0142\u0105 wsp\u00f3lnot\u0105 wiernych, kt\u00f3rzy dziel\u0105 podobne do\u015bwiadczenia. Wsp\u00f3lna modlitwa i obrz\u0119dy pomagaj\u0105 z\u0142agodzi\u0107 b\u00f3l po stracie oraz umacniaj\u0105 wiar\u0119 w Bo\u017ce mi\u0142osierdzie i sprawiedliwo\u015b\u0107.<\/p>\n<p>Dla wielu os\u00f3b Msza \u015awi\u0119ta za Zmar\u0142ych jest r\u00f3wnie\u017c aktem mi\u0142o\u015bci i pami\u0119ci. Zamawianie intencji mszalnych za dusze zmar\u0142ych jest wyrazem troski o ich zbawienie oraz dowodem pami\u0119ci i szacunku.<br \/>\nTo tak\u017ce forma wsparcia dla Ko\u015bcio\u0142a, kt\u00f3ry poprzez swoje modlitwy<br \/>\ni liturgi\u0119 wspiera duchowo wszystkich wiernych, zar\u00f3wno \u017cywych, jak<br \/>\ni zmar\u0142ych.<\/p>\n<p><strong>M\u00f3dl si\u0119 za zmar\u0142ych i walcz o uzdrowienie ich dusz<\/strong><\/p>\n<p>Msza \u015awi\u0119ta za Zmar\u0142ych w Ko\u015bciele Katolickim w Polsce jest niezwykle wa\u017cnym elementem duchowego \u017cycia wiernych. Jest to czas modlitwy, refleksji i pami\u0119ci o tych, kt\u00f3rzy odeszli z tego \u015bwiata. Poprzez uczestnictwo w tej liturgii, wierni wyra\u017caj\u0105 swoj\u0105 wiar\u0119<br \/>\nw \u017cycie wieczne oraz nadziej\u0119 na zmartwychwstanie. Modlitwy za zmar\u0142ych, liturgia oraz zwi\u0105zane z ni\u0105 zwyczaje i obrz\u0119dy pomagaj\u0105<br \/>\nw prze\u017cywaniu \u017ca\u0142oby oraz umacniaj\u0105 wiar\u0119 w Bo\u017ce mi\u0142osierdzie.<\/p>\n<p>Msza za Zmar\u0142ych jest tak\u017ce aktem mi\u0142o\u015bci i troski o dusze cierpi\u0105ce w czy\u015b\u0107cu. Zamawianie intencji mszalnych, udzia\u0142<br \/>\nw nabo\u017ce\u0144stwach oraz indywidualne modlitwy s\u0105 wyrazem naszej pami\u0119ci i szacunku dla zmar\u0142ych. Wsp\u00f3lna modlitwa i jedno\u015b\u0107 wsp\u00f3lnoty wiernych przynosz\u0105 pocieszenie oraz umacniaj\u0105 nadziej\u0119 na spotkanie<br \/>\nz bliskimi w wieczno\u015bci.<\/p>\n<p>Niech Msza \u015awi\u0119ta za Zmar\u0142ych b\u0119dzie dla nas wszystkich \u017ar\u00f3d\u0142em duchowej si\u0142y oraz przypomnieniem o naszej wsp\u00f3lnej drodze do \u017cycia wiecznego. Pami\u0119tajmy o modlitwie za naszych zmar\u0142ych bliskich, wierz\u0105c, \u017ce nasze modlitwy mog\u0105 przynie\u015b\u0107 im pok\u00f3j i rado\u015b\u0107 w Bo\u017cym kr\u00f3lestwie.<\/p>\n<p><img loading=\"lazy\" decoding=\"async\" class=\"aligncenter\" src=\"https:\/\/rafalk-elblag.pl\/wp-content\/uploads\/2025\/08\/ogl-graf.png\" width=\"553\" height=\"261\"><\/p>\n<h2 style=\"text-align: center;\"><span style=\"color: #008000;\"><strong>OG\u0141OSZENIA PARAFIALNE&nbsp; 19.10.2025 r.<\/strong><\/span><\/h2>\n<h2 style=\"text-align: center;\"><span style=\"color: #008000;\"><strong>XXIX <\/strong><strong>NIEDZIELAZWYK\u0141A<\/strong><\/span><\/h2>\n<h2 style=\"text-align: center;\"><span style=\"color: #008000;\"><strong>NIEDZIELA MISYJNA<\/strong><\/span><\/h2>\n<ol>\n<li><strong>PA\u0179DZIERNIK MIESI\u0104CEM R\u00d3\u017bA\u0143CA \u015aWI\u0118TEGO.<\/strong> Zapraszamy doros\u0142ych i m\u0142odzie\u017c na codzienne nabo\u017ce\u0144stwa r\u00f3\u017ca\u0144cowe przed Naj\u015bwi\u0119tszym Sakramentem o godz. 17:15. Dzieci zapraszamy we wtorki i czwartki o godz. 16:30. Wierni, kt\u00f3rzy odmawiaj\u0105 cz\u0119\u015b\u0107 R\u00f3\u017ca\u0144ca(5 dziesi\u0105tek) w ko\u015bciele lub rodzinnie mog\u0105 uzyska\u0107<\/li>\n<li>Dzisiejsz\u0105 niedziel\u0105 rozpoczynamy <strong>99 TYDZIE\u0143 MISYJNY<\/strong> pod has\u0142em:<em><br \/>\n<\/em><strong>\u201eMISJONARZE NADZIEI PO\u015aR\u00d3D NAROD\u00d3W\u201d. <\/strong>Pami\u0119tajmy w modlitwie o tych wszystkich, kt\u00f3rzy pracuj\u0105 na misjach a szczeg\u00f3lnie o ks. Arkadiuszu Grabowskim (ROSJA)i ojcu&nbsp;Dariuszu Marut (MADAGASKAR). Dzisiejsze ofiary z\u0142o\u017cone na tac\u0119 przeznaczone s\u0105 na Misje. <em>Dzi\u0119kuj\u0119 za wsparcie i zrozumienie..<\/em><\/li>\n<li>W \u015brod\u0119 (22 pa\u017adziernika) przypada wspomnienie \u015bw. Jana Paw\u0142a II \u2013 Patrona Rodziny. Zapraszamy do wzi\u0119cia udzia\u0142u w DEKANALNEJ PIELGRZYMCE MA\u0141\u017bE\u0143STW do parafii \u015bw. Brata Alberta w Elbl\u0105gu w celu uzyskania <strong>ODPUSTU JUBILEUSZOWEGO.<\/strong> Spotkanie rozpocznie si\u0119 o godz. 17:30 modlitw\u0105 r\u00f3\u017ca\u0144cow\u0105, a po niej EUCHARYTIA pod przewodnictwem ks. kan. dra Mariusza Ostaszewskiego \u2013Diecezjalnego Duszpasterza Rodzin podczas kt\u00f3rej nast\u0105pi odnowienie przyrzecze\u0144 ma\u0142\u017ce\u0144skich.<\/li>\n<li>Osoby modl\u0105ce si\u0119 za kap\u0142an\u00f3w zapraszamy za tydzie\u0144 (26 pa\u017adziernika) na wsp\u00f3lny R\u00f3\u017caniec o godz. 17:15 i na Msz\u0119 \u015bw. o godz. 18:00. <em>Po Eucharystii odb\u0119dzie si\u0119 spotkanie przy wsp\u00f3lnym stole na plebanii z okazji XVI rocznicy istnienia <strong>APOSTOLATUMARGARETKA przy naszej parafii.<\/strong>.<\/em><\/li>\n<li>Jak ka\u017cdego roku w listopadzie modli\u0107 si\u0119 b\u0119dziemy za naszych zmar\u0142ych. Dlatego dzisiaj przed ko\u015bcio\u0142em b\u0119d\u0105 rozdawane koperty, w kt\u00f3rych s\u0105 kartki na Msz\u0119 \u015bw. zbiorow\u0105<br \/>\ni wypominki. <strong>Prosimy o czytelne wype\u0142nianie kartek. Osoby zmar\u0142e wypisane na kartce z napisem MSZA \u015aW. ZBIOROWA ZA ZMAR\u0141YCH b\u0119d\u0105 polecane we Mszy \u015bw. przez ca\u0142y listopad o godz. 18:00. Druga kartka z napisem WYPOMINKI <\/strong>wyczytywana b\u0119dzie podczas Koronki do Mi\u0142osierdzia Bo\u017cego bezpo\u015brednio po zako\u0144czeniu Mszy \u015bw.<\/li>\n<li><u>PROSIMY zaznaczy\u0107 na kartce \u201eMSZA \u015aW. ZBIOROWA ZA ZMAR\u0141YCH\u201d dat\u0119 (dzie\u0144), w kt\u00f3rym imiona i nazwiska naszych drogich zmar\u0142ych maj\u0105 by\u0107 wyczytane. <\/u><strong>Prosimy, by nie wyznacza\u0107 dnia 2 listopada,<\/strong> gdy\u017c jak sta\u0142o si\u0119 tradycj\u0105, ten dzie\u0144 przeznaczony jest na szczeg\u00f3lne nabo\u017ce\u0144stwo za zmar\u0142ych z naszej parafii w ostatnim roku tj. od1listopada 2024 r. <em>Rodziny tych zmar\u0142ych zapraszamy do uczestnictwa w tym nabo\u017ce\u0144stwie, kt\u00f3re odprawimy 2 listopada o godz. 18:00.<\/em><\/li>\n<li><u>MINISTRANCI DZISIAJ PRZED KO\u015aCIO\u0141EM ROZDAJ\u0104 W KOPERTACH KARTKI na <strong>Msz\u0119 \u015bw. Zbiorow\u0105 i na Wypominki.<\/strong><\/u><\/li>\n<li>W ostatni\u0105 niedziel\u0119 pa\u017adziernika Wolontariusze Caritas b\u0119d\u0105 zbiera\u0107 przed ko\u015bcio\u0142em ofiary dla rzecz os\u00f3b potrzebuj\u0105cych pomocy. <strong>PARAFIALNY ODDZIA\u0141 CARITAS <\/strong>naszej parafii znajduje si\u0119 przy ul. Myliusa 1A i czynny jest w pierwszy i trzeci czwartek miesi\u0105ca od 16:00 do godz. 17:00.<\/li>\n<li>Zach\u0119cam do nabywania nowego numeru <strong>\u201eGo\u015bcia Niedzielnego\u201d<\/strong> w cenie 10 z\u0142.<\/li>\n<\/ol>\n<h4><em><img loading=\"lazy\" decoding=\"async\" class=\"aligncenter\" src=\"https:\/\/rafalk-elblag.pl\/wp-content\/uploads\/2025\/08\/intencje-gragika.jpg\" width=\"552\" height=\"276\"><\/em><\/h4>\n<h3 style=\"text-align: center;\"><span style=\"color: #008000;\">XXIX NIEDZIELA ZWYK\u0141A \/ 19 pa\u017adziernik 2025 \/&nbsp;&nbsp;&nbsp;&nbsp; \u0141k 18, 1 \u2013 8<\/span><\/h3>\n<p><span style=\"color: #008000;\"><strong>8.00<\/strong><\/span>&nbsp;&nbsp;&nbsp;&nbsp;&nbsp;&nbsp;&nbsp;&nbsp;&nbsp;&nbsp;&nbsp;&nbsp;&nbsp;&nbsp;&nbsp;&nbsp;&nbsp;&nbsp;&nbsp;&nbsp;&nbsp;&nbsp;&nbsp;&nbsp;&nbsp;&nbsp;&nbsp;&nbsp;&nbsp;&nbsp;&nbsp;&nbsp;&nbsp;&nbsp;&nbsp;&nbsp;&nbsp;&nbsp;&nbsp;&nbsp;&nbsp;&nbsp;&nbsp;&nbsp;&nbsp;&nbsp;&nbsp;&nbsp;&nbsp;&nbsp;&nbsp;&nbsp;&nbsp;&nbsp;&nbsp;&nbsp;&nbsp;&nbsp;&nbsp;&nbsp;&nbsp;&nbsp;&nbsp;&nbsp;&nbsp;&nbsp;&nbsp;&nbsp;&nbsp;&nbsp;&nbsp;&nbsp;&nbsp;&nbsp;&nbsp;&nbsp;&nbsp;&nbsp;&nbsp;&nbsp;&nbsp;&nbsp;&nbsp;&nbsp;&nbsp;&nbsp;&nbsp;&nbsp;&nbsp;&nbsp;&nbsp;&nbsp;&nbsp;&nbsp;&nbsp;&nbsp;<\/p>\n<p>\u015ap. Zenona MAGO\u0143 \u2013 19 Msza gregoria\u0144ska<\/p>\n<p><span style=\"color: #008000;\"><strong>10.00<\/strong><\/span>&nbsp;&nbsp;&nbsp;&nbsp;&nbsp;&nbsp;&nbsp;&nbsp;&nbsp;&nbsp;&nbsp;&nbsp;&nbsp;&nbsp;&nbsp;&nbsp;&nbsp;&nbsp;&nbsp;&nbsp;&nbsp;&nbsp;&nbsp;&nbsp;&nbsp;&nbsp;&nbsp;&nbsp;&nbsp;&nbsp;&nbsp;&nbsp;&nbsp;&nbsp;&nbsp;&nbsp;&nbsp;&nbsp;&nbsp;&nbsp;&nbsp;&nbsp;&nbsp;&nbsp;&nbsp;&nbsp;&nbsp;&nbsp;&nbsp;&nbsp;&nbsp;&nbsp;&nbsp;&nbsp;&nbsp;&nbsp;&nbsp;&nbsp;&nbsp;&nbsp;&nbsp;&nbsp;&nbsp;&nbsp;&nbsp;&nbsp;&nbsp;&nbsp;&nbsp;&nbsp;&nbsp;&nbsp;&nbsp;&nbsp;&nbsp;&nbsp;&nbsp;&nbsp;&nbsp;&nbsp;&nbsp;&nbsp;&nbsp;&nbsp;&nbsp;&nbsp;&nbsp;&nbsp;&nbsp;&nbsp;&nbsp;&nbsp;&nbsp;&nbsp;<\/p>\n<p>\u015ap. Iren\u0119 i Henryka JASI\u0143SKICH, Melani\u0119 i Stanis\u0142awa KARA\u0179NIEWICZ oraz dziadk\u00f3w z obojga stron<\/p>\n<p><strong><span style=\"color: #008000;\">12.00<\/span><\/strong>&nbsp;&nbsp;&nbsp;&nbsp;&nbsp;&nbsp;&nbsp;&nbsp;&nbsp;&nbsp;&nbsp;&nbsp;&nbsp;&nbsp;&nbsp;&nbsp;&nbsp;&nbsp;&nbsp;&nbsp;&nbsp;&nbsp;&nbsp;&nbsp;&nbsp;&nbsp;&nbsp;&nbsp;&nbsp;&nbsp;&nbsp;&nbsp;&nbsp;&nbsp;&nbsp;&nbsp;&nbsp;&nbsp;&nbsp;&nbsp;&nbsp;&nbsp;&nbsp;&nbsp;&nbsp;&nbsp;&nbsp;&nbsp;&nbsp;&nbsp;&nbsp;&nbsp;&nbsp;&nbsp;&nbsp;&nbsp;&nbsp;&nbsp;&nbsp;&nbsp;&nbsp;&nbsp;&nbsp;&nbsp;&nbsp;&nbsp;&nbsp;&nbsp;&nbsp;&nbsp;&nbsp;&nbsp;&nbsp;&nbsp;&nbsp;&nbsp;&nbsp;&nbsp;&nbsp;&nbsp;&nbsp;&nbsp;&nbsp;&nbsp;&nbsp;&nbsp;&nbsp;&nbsp;&nbsp;&nbsp;&nbsp;&nbsp;&nbsp;&nbsp;<\/p>\n<p><strong><span style=\"color: #ff0000;\">ZA PARAFIAN<\/span><\/strong><\/p>\n<p><span style=\"color: #008000;\"><strong>15.00<\/strong><\/span>&nbsp;&nbsp;&nbsp;&nbsp;&nbsp;&nbsp;&nbsp;&nbsp;&nbsp;&nbsp;&nbsp;&nbsp;&nbsp;&nbsp;&nbsp;&nbsp;&nbsp;&nbsp;&nbsp;&nbsp;&nbsp;&nbsp;&nbsp;&nbsp;&nbsp;&nbsp;&nbsp;&nbsp;&nbsp;&nbsp;&nbsp;&nbsp;&nbsp;&nbsp;&nbsp;&nbsp;&nbsp;&nbsp;&nbsp;&nbsp;&nbsp;&nbsp;&nbsp;&nbsp;&nbsp;&nbsp;&nbsp;&nbsp;&nbsp;&nbsp;&nbsp;&nbsp;&nbsp;&nbsp;&nbsp;&nbsp;&nbsp;&nbsp;&nbsp;&nbsp;&nbsp;&nbsp;&nbsp;&nbsp;&nbsp;&nbsp;&nbsp;&nbsp;&nbsp;&nbsp;&nbsp;&nbsp;&nbsp;&nbsp;&nbsp;&nbsp;&nbsp;&nbsp;&nbsp;&nbsp;&nbsp;&nbsp;&nbsp;&nbsp;&nbsp;&nbsp;&nbsp;&nbsp;&nbsp;&nbsp;&nbsp;&nbsp;&nbsp;&nbsp;<\/p>\n<p>Dzi\u0119kczynna w 40 rocznic\u0119 \u015blubu Ewy i Andrzeja KANTOWSKICH z pro\u015bb\u0105 o Bo\u017ce b\u0142ogos\u0142awie\u0144stwo i opiek\u0119 Matki Bo\u017cej dla Rubinowych Jubilat\u00f3w<\/p>\n<p><strong><span style=\"color: #008000;\">18.00<\/span><\/strong>&nbsp;&nbsp;&nbsp;&nbsp;&nbsp;&nbsp;&nbsp;&nbsp;&nbsp;&nbsp;&nbsp;&nbsp;&nbsp;&nbsp;&nbsp;&nbsp;&nbsp;&nbsp;&nbsp;&nbsp;&nbsp;&nbsp;&nbsp;&nbsp;&nbsp;&nbsp;&nbsp;&nbsp;&nbsp;&nbsp;&nbsp;&nbsp;&nbsp;&nbsp;&nbsp;&nbsp;&nbsp;&nbsp;&nbsp;&nbsp;&nbsp;&nbsp;&nbsp;&nbsp;&nbsp;&nbsp;&nbsp;&nbsp;&nbsp;&nbsp;&nbsp;&nbsp;&nbsp;&nbsp;&nbsp;&nbsp;&nbsp;&nbsp;&nbsp;&nbsp;&nbsp;&nbsp;&nbsp;&nbsp;&nbsp;&nbsp;&nbsp;&nbsp;&nbsp;&nbsp;&nbsp;&nbsp;&nbsp;&nbsp;&nbsp;&nbsp;&nbsp;&nbsp;&nbsp;&nbsp;&nbsp;&nbsp;&nbsp;&nbsp;&nbsp;&nbsp;&nbsp;&nbsp;&nbsp;&nbsp;&nbsp;&nbsp;&nbsp;&nbsp;<\/p>\n<p>\u015ap. Ann\u0119 KO\u0141ECK\u0104 w 2 rocznic\u0119 \u015bmierci<\/p>\n<h3 style=\"text-align: center;\"><strong><span style=\"color: #008000;\">PONIEDZIA\u0141EK \/ 20&nbsp; pa\u017adziernik&nbsp; 2025 \/ \u0141k&nbsp; 12, 13 \u2013 21<\/span><\/strong><\/h3>\n<h3 style=\"text-align: center;\"><strong><span style=\"color: #008000;\">WSPOMNIENIE, \u015aW. JANA KANTEGO &#8211; PREZBITERA<\/span><\/strong><\/h3>\n<p><strong><span style=\"color: #008000;\">8.00<\/span><\/strong>&nbsp;&nbsp;&nbsp;&nbsp;&nbsp;&nbsp;&nbsp;&nbsp;&nbsp;&nbsp;&nbsp;&nbsp;&nbsp;&nbsp;&nbsp;&nbsp;&nbsp;&nbsp;&nbsp;&nbsp;&nbsp;&nbsp;&nbsp;&nbsp;&nbsp;&nbsp;&nbsp;&nbsp;&nbsp;&nbsp;&nbsp;&nbsp;&nbsp;&nbsp;&nbsp;&nbsp;&nbsp;&nbsp;&nbsp;&nbsp;&nbsp;&nbsp;&nbsp;&nbsp;&nbsp;&nbsp;&nbsp;&nbsp;&nbsp;&nbsp;&nbsp;&nbsp;&nbsp;&nbsp;&nbsp;&nbsp;&nbsp;&nbsp;&nbsp;&nbsp;&nbsp;&nbsp;&nbsp;&nbsp;&nbsp;&nbsp;&nbsp;&nbsp;&nbsp;&nbsp;&nbsp;&nbsp;&nbsp;&nbsp;&nbsp;&nbsp;&nbsp;&nbsp;&nbsp;&nbsp;&nbsp;&nbsp;&nbsp;&nbsp;&nbsp;&nbsp;&nbsp;&nbsp;&nbsp;&nbsp;&nbsp;&nbsp;&nbsp;&nbsp;&nbsp;&nbsp;<\/p>\n<p>\u015ap. Iren\u0119 WILE\u0143SK\u0104 z okazji imienin<\/p>\n<p><strong><span style=\"color: #008000;\">10.00<\/span><\/strong>&nbsp;&nbsp;&nbsp;&nbsp;&nbsp;&nbsp;&nbsp;&nbsp;&nbsp;&nbsp;&nbsp;&nbsp;&nbsp;&nbsp;&nbsp;&nbsp;&nbsp;&nbsp;&nbsp;&nbsp;&nbsp;&nbsp;&nbsp;&nbsp;&nbsp;&nbsp;&nbsp;&nbsp;&nbsp;&nbsp;&nbsp;&nbsp;&nbsp;&nbsp;&nbsp;&nbsp;&nbsp;&nbsp;&nbsp;&nbsp;&nbsp;&nbsp;&nbsp;&nbsp;&nbsp;&nbsp;&nbsp;&nbsp;&nbsp;&nbsp;&nbsp;&nbsp;&nbsp;&nbsp;&nbsp;&nbsp;&nbsp;&nbsp;&nbsp;&nbsp;&nbsp;&nbsp;&nbsp;&nbsp;&nbsp;&nbsp;&nbsp;&nbsp;&nbsp;&nbsp;&nbsp;&nbsp;&nbsp;&nbsp;&nbsp;&nbsp;&nbsp;&nbsp;&nbsp;&nbsp;&nbsp;&nbsp;&nbsp;&nbsp;&nbsp;&nbsp;&nbsp;&nbsp;&nbsp;&nbsp;&nbsp;&nbsp;&nbsp;&nbsp;<\/p>\n<p>\u015ap. Zenona MAGO\u0143 \u2013 20 Msza gregoria\u0144ska<\/p>\n<p><strong><span style=\"color: #008000;\">18:00<\/span><\/strong>&nbsp;&nbsp;&nbsp;&nbsp;&nbsp;&nbsp;&nbsp;&nbsp;&nbsp;&nbsp;&nbsp;&nbsp;&nbsp;&nbsp;&nbsp;&nbsp;&nbsp;&nbsp;&nbsp;&nbsp;&nbsp;&nbsp;&nbsp;&nbsp;&nbsp;&nbsp;&nbsp;&nbsp;&nbsp;&nbsp;&nbsp;&nbsp;&nbsp;&nbsp;&nbsp;&nbsp;&nbsp;&nbsp;&nbsp;&nbsp;&nbsp;&nbsp;&nbsp;&nbsp;&nbsp;&nbsp;&nbsp;&nbsp;&nbsp;&nbsp;&nbsp;&nbsp;&nbsp;&nbsp;&nbsp;&nbsp;&nbsp;&nbsp;&nbsp;&nbsp;&nbsp;&nbsp;&nbsp;&nbsp;&nbsp;&nbsp;&nbsp;&nbsp;&nbsp;&nbsp;&nbsp;&nbsp;&nbsp;&nbsp;&nbsp;&nbsp;&nbsp;&nbsp;&nbsp;&nbsp;&nbsp;&nbsp;&nbsp;&nbsp;&nbsp;&nbsp;&nbsp;&nbsp;&nbsp;&nbsp;&nbsp;&nbsp;&nbsp;&nbsp;<\/p>\n<p>\u015ap. Henryka (M) HACIKA w 8 rocznic\u0119 \u015bmierci i zmar\u0142ych z rodzin: HACIK, KIT\u00d3W, STEFANIAK\u00d3W<\/p>\n<h3 style=\"text-align: center;\"><span style=\"color: #008000;\"><strong>WTOREK \/ 21&nbsp; pa\u017adziernik&nbsp; 2025\/&nbsp;&nbsp; \u0141k 12, 35 \u2013 38<\/strong><\/span><\/h3>\n<p><strong><span style=\"color: #008000;\">8.00<\/span><\/strong>&nbsp;&nbsp;&nbsp;&nbsp;&nbsp;&nbsp;&nbsp;&nbsp;&nbsp;&nbsp;&nbsp;&nbsp;&nbsp;&nbsp;&nbsp;&nbsp;&nbsp;&nbsp;&nbsp;&nbsp;&nbsp;&nbsp;&nbsp;&nbsp;&nbsp;&nbsp;&nbsp;&nbsp;&nbsp;&nbsp;&nbsp;&nbsp;&nbsp;&nbsp;&nbsp;&nbsp;&nbsp;&nbsp;&nbsp;&nbsp;&nbsp;&nbsp;&nbsp;&nbsp;&nbsp;&nbsp;&nbsp;&nbsp;&nbsp;&nbsp;&nbsp;&nbsp;&nbsp;&nbsp;&nbsp;&nbsp;&nbsp;&nbsp;&nbsp;&nbsp;&nbsp;&nbsp;&nbsp;&nbsp;&nbsp;&nbsp;&nbsp;&nbsp;&nbsp;&nbsp;&nbsp;&nbsp;&nbsp;&nbsp;&nbsp;&nbsp;&nbsp;&nbsp;&nbsp;&nbsp;&nbsp;&nbsp;&nbsp;&nbsp;&nbsp;&nbsp;&nbsp;&nbsp;&nbsp;&nbsp;&nbsp;&nbsp;&nbsp;&nbsp;&nbsp;&nbsp;<\/p>\n<p>\u015ap. Zenona MAGO\u0143 \u2013 21 Msza gregoria\u0144ska<\/p>\n<p><strong><span style=\"color: #008000;\">18:00<\/span><\/strong>&nbsp;&nbsp;&nbsp;&nbsp;&nbsp;&nbsp;&nbsp;&nbsp;&nbsp;&nbsp;&nbsp;&nbsp;&nbsp;&nbsp;&nbsp;&nbsp;&nbsp;&nbsp;&nbsp;&nbsp;&nbsp;&nbsp;&nbsp;&nbsp;&nbsp;&nbsp;&nbsp;&nbsp;&nbsp;&nbsp;&nbsp;&nbsp;&nbsp;&nbsp;&nbsp;&nbsp;&nbsp;&nbsp;&nbsp;&nbsp;&nbsp;&nbsp;&nbsp;&nbsp;&nbsp;&nbsp;&nbsp;&nbsp;&nbsp;&nbsp;&nbsp;&nbsp;&nbsp;&nbsp;&nbsp;&nbsp;&nbsp;&nbsp;&nbsp;&nbsp;&nbsp;&nbsp;&nbsp;&nbsp;&nbsp;&nbsp;&nbsp;&nbsp;&nbsp;&nbsp;&nbsp;&nbsp;&nbsp;&nbsp;&nbsp;&nbsp;&nbsp;&nbsp;&nbsp;&nbsp;&nbsp;&nbsp;&nbsp;&nbsp;&nbsp;&nbsp;&nbsp;&nbsp;&nbsp;&nbsp;&nbsp;&nbsp;&nbsp;&nbsp;<\/p>\n<p>Dzi\u0119kczynno \u2013 b\u0142agalna w dniu 18 urodzin Natalii ASIUKIEWICZ z pro\u015bb\u0105 o Dary Ducha \u015awi\u0119tego i potrzebne \u0142aski w doros\u0142ym \u017cyciu<\/p>\n<h3 style=\"text-align: center;\"><strong><span style=\"color: #008000;\">\u015aRODA \/ 22 pa\u017adziernik 2025 \/ J 21, 15 \u2013 17<\/span><\/strong><\/h3>\n<h3 style=\"text-align: center;\"><strong><span style=\"color: #008000;\">WSPOMNIENIE, \u015aW. JANA PAW\u0141A II \u2013 PAPIE\u017bA<\/span><\/strong><\/h3>\n<p><strong><span style=\"color: #008000;\">8.00<\/span><\/strong>&nbsp;&nbsp;&nbsp;&nbsp;&nbsp;&nbsp;&nbsp;&nbsp;&nbsp;&nbsp;&nbsp;&nbsp;&nbsp;&nbsp;&nbsp;&nbsp;&nbsp;&nbsp;&nbsp;&nbsp;&nbsp;&nbsp;&nbsp;&nbsp;&nbsp;&nbsp;&nbsp;&nbsp;&nbsp;&nbsp;&nbsp;&nbsp;&nbsp;&nbsp;&nbsp;&nbsp;&nbsp;&nbsp;&nbsp;&nbsp;&nbsp;&nbsp;&nbsp;&nbsp;&nbsp;&nbsp;&nbsp;&nbsp;&nbsp;&nbsp;&nbsp;&nbsp;&nbsp;&nbsp;&nbsp;&nbsp;&nbsp;&nbsp;&nbsp;&nbsp;&nbsp;&nbsp;&nbsp;&nbsp;&nbsp;&nbsp;&nbsp;&nbsp;&nbsp;&nbsp;&nbsp;&nbsp;&nbsp;&nbsp;&nbsp;&nbsp;&nbsp;&nbsp;&nbsp;&nbsp;&nbsp;&nbsp;&nbsp;&nbsp;&nbsp;&nbsp;&nbsp;&nbsp;&nbsp;&nbsp;&nbsp;&nbsp;&nbsp;&nbsp;&nbsp;&nbsp;<\/p>\n<p>\u015ap. Zenona MAGO\u0143 \u2013 22 Msza gregoria\u0144ska<\/p>\n<p><strong><span style=\"color: #008000;\">18.00<\/span><\/strong>&nbsp;&nbsp;&nbsp;&nbsp;&nbsp;&nbsp;&nbsp;&nbsp;&nbsp;&nbsp;&nbsp;&nbsp;&nbsp;&nbsp;&nbsp;&nbsp;&nbsp;&nbsp;&nbsp;&nbsp;&nbsp;&nbsp;&nbsp;&nbsp;&nbsp;&nbsp;&nbsp;&nbsp;&nbsp;&nbsp;&nbsp;&nbsp;&nbsp;&nbsp;&nbsp;&nbsp;&nbsp;&nbsp;&nbsp;&nbsp;&nbsp;&nbsp;&nbsp;&nbsp;&nbsp;&nbsp;&nbsp;&nbsp;&nbsp;&nbsp;&nbsp;&nbsp;&nbsp;&nbsp;&nbsp;&nbsp;&nbsp;&nbsp;&nbsp;&nbsp;&nbsp;&nbsp;&nbsp;&nbsp;&nbsp;&nbsp;&nbsp;&nbsp;&nbsp;&nbsp;&nbsp;&nbsp;&nbsp;&nbsp;&nbsp;&nbsp;&nbsp;&nbsp;&nbsp;&nbsp;&nbsp;&nbsp;&nbsp;&nbsp;&nbsp;&nbsp;&nbsp;&nbsp;&nbsp;&nbsp;&nbsp;&nbsp;&nbsp;&nbsp;<\/p>\n<p>\u015ap. Waldemara SERAFIN w 1 rocznic\u0119 \u015bmierci<\/p>\n<h3 style=\"text-align: center;\"><strong><span style=\"color: #008000;\">CZWARTEK \/ 23 pa\u017adziernik 2025 \/ \u0141k 12, 49 \u2013 53<\/span><\/strong><\/h3>\n<p><strong><span style=\"color: #008000;\">8.00<\/span><\/strong>&nbsp;&nbsp;&nbsp;&nbsp;&nbsp;&nbsp;&nbsp;&nbsp;&nbsp;&nbsp;&nbsp;&nbsp;&nbsp;&nbsp;&nbsp;&nbsp;&nbsp;&nbsp;&nbsp;&nbsp;&nbsp;&nbsp;&nbsp;&nbsp;&nbsp;&nbsp;&nbsp;&nbsp;&nbsp;&nbsp;&nbsp;&nbsp;&nbsp;&nbsp;&nbsp;&nbsp;&nbsp;&nbsp;&nbsp;&nbsp;&nbsp;&nbsp;&nbsp;&nbsp;&nbsp;&nbsp;&nbsp;&nbsp;&nbsp;&nbsp;&nbsp;&nbsp;&nbsp;&nbsp;&nbsp;&nbsp;&nbsp;&nbsp;&nbsp;&nbsp;&nbsp;&nbsp;&nbsp;&nbsp;&nbsp;&nbsp;&nbsp;&nbsp;&nbsp;&nbsp;&nbsp;&nbsp;&nbsp;&nbsp;&nbsp;&nbsp;&nbsp;&nbsp;&nbsp;&nbsp;&nbsp;&nbsp;&nbsp;&nbsp;&nbsp;&nbsp;&nbsp;&nbsp;&nbsp;&nbsp;&nbsp;&nbsp;&nbsp;&nbsp;&nbsp;&nbsp;<\/p>\n<p>Dzi\u0119kcznynna za otrzymane \u0142aski z pro\u015bb\u0105 o Bo\u017ce b\u0142ogos\u0142awie\u0144stwo, opiek\u0119 Matki Bo\u017cej dla ca\u0142ej rodziny W\u0104DO\u0141KOWSKICH<\/p>\n<p><strong><span style=\"color: #008000;\">18.00<\/span><\/strong>&nbsp;&nbsp;&nbsp;&nbsp;&nbsp;&nbsp;&nbsp;&nbsp;&nbsp;&nbsp;&nbsp;&nbsp;&nbsp;&nbsp;&nbsp;&nbsp;&nbsp;&nbsp;&nbsp;&nbsp;&nbsp;&nbsp;&nbsp;&nbsp;&nbsp;&nbsp;&nbsp;&nbsp;&nbsp;&nbsp;&nbsp;&nbsp;&nbsp;&nbsp;&nbsp;&nbsp;&nbsp;&nbsp;&nbsp;&nbsp;&nbsp;&nbsp;&nbsp;&nbsp;&nbsp;&nbsp;&nbsp;&nbsp;&nbsp;&nbsp;&nbsp;&nbsp;&nbsp;&nbsp;&nbsp;&nbsp;&nbsp;&nbsp;&nbsp;&nbsp;&nbsp;&nbsp;&nbsp;&nbsp;&nbsp;&nbsp;&nbsp;&nbsp;&nbsp;&nbsp;&nbsp;&nbsp;&nbsp;&nbsp;&nbsp;&nbsp;&nbsp;&nbsp;&nbsp;&nbsp;&nbsp;&nbsp;&nbsp;&nbsp;&nbsp;&nbsp;&nbsp;&nbsp;&nbsp;&nbsp;&nbsp;&nbsp;&nbsp;&nbsp;<\/p>\n<p>\u015ap. Zenona MAGO\u0143 \u2013 23 Msza gregoria\u0144ska<\/p>\n<h3 style=\"text-align: center;\"><span style=\"color: #0000ff;\"><strong>ADORACJA NAJ\u015aWI\u0118TSZEGO SAKRAMENTU do godz. 20:00<\/strong><\/span><\/h3>\n<h3 style=\"text-align: center;\"><span style=\"color: #008000;\"><strong>PI\u0104TEK \/ 24 pa\u017adziernik 2025 \/ \u0141k 12, 54 \u2013 59<\/strong><\/span><\/h3>\n<p><strong><span style=\"color: #008000;\">8.00<\/span><\/strong>&nbsp;&nbsp;&nbsp;&nbsp;&nbsp;&nbsp;&nbsp;&nbsp;&nbsp;&nbsp;&nbsp;&nbsp;&nbsp;&nbsp;&nbsp;&nbsp;&nbsp;&nbsp;&nbsp;&nbsp;&nbsp;&nbsp;&nbsp;&nbsp;&nbsp;&nbsp;&nbsp;&nbsp;&nbsp;&nbsp;&nbsp;&nbsp;&nbsp;&nbsp;&nbsp;&nbsp;&nbsp;&nbsp;&nbsp;&nbsp;&nbsp;&nbsp;&nbsp;&nbsp;&nbsp;&nbsp;&nbsp;&nbsp;&nbsp;&nbsp;&nbsp;&nbsp;&nbsp;&nbsp;&nbsp;&nbsp;&nbsp;&nbsp;&nbsp;&nbsp;&nbsp;&nbsp;&nbsp;&nbsp;&nbsp;&nbsp;&nbsp;&nbsp;&nbsp;&nbsp;&nbsp;&nbsp;&nbsp;&nbsp;&nbsp;&nbsp;&nbsp;&nbsp;&nbsp;&nbsp;&nbsp;&nbsp;&nbsp;&nbsp;&nbsp;&nbsp;&nbsp;&nbsp;&nbsp;&nbsp;&nbsp;&nbsp;&nbsp;&nbsp;&nbsp;&nbsp;<\/p>\n<p>Dzi\u0119kczynno \u2013 b\u0142agalna o Bo\u017ce b\u0142ogos\u0142awie\u0144stwo i obfite \u0142aski dla Bo\u017ceny i Jerzego w 50 rocznic\u0119 \u015blubu<\/p>\n<p><strong><span style=\"color: #008000;\">18.00<\/span><\/strong>&nbsp;&nbsp;&nbsp;&nbsp;&nbsp;&nbsp;&nbsp;&nbsp;&nbsp;&nbsp;&nbsp;&nbsp;&nbsp;&nbsp;&nbsp;&nbsp;&nbsp;&nbsp;&nbsp;&nbsp;&nbsp;&nbsp;&nbsp;&nbsp;&nbsp;&nbsp;&nbsp;&nbsp;&nbsp;&nbsp;&nbsp;&nbsp;&nbsp;&nbsp;&nbsp;&nbsp;&nbsp;&nbsp;&nbsp;&nbsp;&nbsp;&nbsp;&nbsp;&nbsp;&nbsp;&nbsp;&nbsp;&nbsp;&nbsp;&nbsp;&nbsp;&nbsp;&nbsp;&nbsp;&nbsp;&nbsp;&nbsp;&nbsp;&nbsp;&nbsp;&nbsp;&nbsp;&nbsp;&nbsp;&nbsp;&nbsp;&nbsp;&nbsp;&nbsp;&nbsp;&nbsp;&nbsp;&nbsp;&nbsp;&nbsp;&nbsp;&nbsp;&nbsp;&nbsp;&nbsp;&nbsp;&nbsp;&nbsp;&nbsp;&nbsp;&nbsp;&nbsp;&nbsp;&nbsp;&nbsp;&nbsp;&nbsp;&nbsp;&nbsp;<\/p>\n<p>\u015ap. Zenona MAGO\u0143 \u2013 24 Msza gregoria\u0144ska<\/p>\n<h3 style=\"text-align: center;\"><strong><span style=\"color: #008000;\">SOBOTA \/ 25 pa\u017adziernik 2025 \/ \u0141k 13, 1 \u2013 9<\/span><\/strong><\/h3>\n<p><strong><span style=\"color: #008000;\">8.00<\/span><\/strong>&nbsp;&nbsp;&nbsp;&nbsp;&nbsp;&nbsp;&nbsp;&nbsp;&nbsp;&nbsp;&nbsp;&nbsp;&nbsp;&nbsp;&nbsp;&nbsp;&nbsp;&nbsp;&nbsp;&nbsp;&nbsp;&nbsp;&nbsp;&nbsp;&nbsp;&nbsp;&nbsp;&nbsp;&nbsp;&nbsp;&nbsp;&nbsp;&nbsp;&nbsp;&nbsp;&nbsp;&nbsp;&nbsp;&nbsp;&nbsp;&nbsp;&nbsp;&nbsp;&nbsp;&nbsp;&nbsp;&nbsp;&nbsp;&nbsp;&nbsp;&nbsp;&nbsp;&nbsp;&nbsp;&nbsp;&nbsp;&nbsp;&nbsp;&nbsp;&nbsp;&nbsp;&nbsp;&nbsp;&nbsp;&nbsp;&nbsp;&nbsp;&nbsp;&nbsp;&nbsp;&nbsp;&nbsp;&nbsp;&nbsp;&nbsp;&nbsp;&nbsp;&nbsp;&nbsp;&nbsp;&nbsp;&nbsp;&nbsp;&nbsp;&nbsp;&nbsp;&nbsp;&nbsp;&nbsp;&nbsp;&nbsp;&nbsp;&nbsp;&nbsp;&nbsp;&nbsp;<\/p>\n<p>\u015ap. Zenona MAGO\u0143 \u2013 25 Msza gregoria\u0144ska<\/p>\n<p><strong><span style=\"color: #008000;\">18:00<\/span><\/strong>&nbsp;&nbsp;&nbsp;&nbsp;&nbsp;&nbsp;&nbsp;&nbsp;&nbsp;&nbsp;&nbsp;&nbsp;&nbsp;&nbsp;&nbsp;&nbsp;&nbsp;&nbsp;&nbsp;&nbsp;&nbsp;&nbsp;&nbsp;&nbsp;&nbsp;&nbsp;&nbsp;&nbsp;&nbsp;&nbsp;&nbsp;&nbsp;&nbsp;&nbsp;&nbsp;&nbsp;&nbsp;&nbsp;&nbsp;&nbsp;&nbsp;&nbsp;&nbsp;&nbsp;&nbsp;&nbsp;&nbsp;&nbsp;&nbsp;&nbsp;&nbsp;&nbsp;&nbsp;&nbsp;&nbsp;&nbsp;&nbsp;&nbsp;&nbsp;&nbsp;&nbsp;&nbsp;&nbsp;&nbsp;&nbsp;&nbsp;&nbsp;&nbsp;&nbsp;&nbsp;&nbsp;&nbsp;&nbsp;&nbsp;&nbsp;&nbsp;&nbsp;&nbsp;&nbsp;&nbsp;&nbsp;&nbsp;&nbsp;&nbsp;&nbsp;&nbsp;&nbsp;&nbsp;&nbsp;&nbsp;&nbsp;&nbsp;&nbsp;&nbsp;<\/p>\n<p>\u015ap. W\u0142adys\u0142awa (M) WI\u0104CKIEWICZ i zmar\u0142ych z rodziny<\/p>\n<p><strong><span style=\"color: #008000;\">18:00<\/span><\/strong>&nbsp;&nbsp;&nbsp;&nbsp;&nbsp;&nbsp;&nbsp;&nbsp;&nbsp;&nbsp;&nbsp;&nbsp;&nbsp;&nbsp;&nbsp;&nbsp;&nbsp;&nbsp;&nbsp;&nbsp;&nbsp;&nbsp;&nbsp;&nbsp;&nbsp;&nbsp;&nbsp;&nbsp;&nbsp;&nbsp;&nbsp;&nbsp;&nbsp;&nbsp;&nbsp;&nbsp;&nbsp;&nbsp;&nbsp;&nbsp;&nbsp;&nbsp;&nbsp;&nbsp;&nbsp;&nbsp;&nbsp;&nbsp;&nbsp;&nbsp;&nbsp;&nbsp;&nbsp;&nbsp;&nbsp;&nbsp;&nbsp;&nbsp;&nbsp;&nbsp;&nbsp;&nbsp;&nbsp;&nbsp;&nbsp;&nbsp;&nbsp;&nbsp;&nbsp;&nbsp;&nbsp;&nbsp;&nbsp;&nbsp;&nbsp;&nbsp;&nbsp;&nbsp;&nbsp;&nbsp;&nbsp;&nbsp;&nbsp;&nbsp;&nbsp;&nbsp;&nbsp;&nbsp;&nbsp;&nbsp;&nbsp;&nbsp;&nbsp;&nbsp;<\/p>\n<p>\u015ap. Krystyn\u0119 PRZYBYLSK\u0104 w 30 dniu po pogrzebie orazw 97 rocznic\u0119 ziemskich urodzin<\/p>\n<h3 style=\"text-align: center;\"><strong><span style=\"color: #008000;\">XXX NIEDZIELA ZWYK\u0141A \/ 26 pa\u017adziernik 2025 \/ \u0141k 18, 9 \u2013 14<\/span><\/strong><\/h3>\n<p><strong><span style=\"color: #008000;\">8.00&nbsp;<\/span><\/strong>&nbsp;&nbsp;&nbsp;&nbsp;&nbsp;&nbsp;&nbsp;&nbsp;&nbsp;&nbsp;&nbsp;&nbsp;&nbsp;&nbsp;&nbsp;&nbsp;&nbsp;&nbsp;&nbsp;&nbsp;&nbsp;&nbsp;&nbsp;&nbsp;&nbsp;&nbsp;&nbsp;&nbsp;&nbsp;&nbsp;&nbsp;&nbsp;&nbsp;&nbsp;&nbsp;&nbsp;&nbsp;&nbsp;&nbsp;&nbsp;&nbsp;&nbsp;&nbsp;&nbsp;&nbsp;&nbsp;&nbsp;&nbsp;&nbsp;&nbsp;&nbsp;&nbsp;&nbsp;&nbsp;&nbsp;&nbsp;&nbsp;&nbsp;&nbsp;&nbsp;&nbsp;&nbsp;&nbsp;&nbsp;&nbsp;&nbsp;&nbsp;&nbsp;&nbsp;&nbsp;&nbsp;&nbsp;&nbsp;&nbsp;&nbsp;&nbsp;&nbsp;&nbsp;&nbsp;&nbsp;&nbsp;&nbsp;&nbsp;&nbsp;&nbsp;&nbsp;&nbsp;&nbsp;&nbsp;&nbsp;&nbsp;&nbsp;&nbsp;&nbsp;&nbsp;<\/p>\n<p>O Bo\u017ce b\u0142ogos\u0142awie\u0144stwo i opiek\u0119 Matki Bo\u017cej z okazji urodzin Remikusa LEKS 50 i Ireny LEKS 70 urodzin<\/p>\n<p><strong><span style=\"color: #008000;\">10:00<\/span><\/strong>&nbsp;&nbsp;&nbsp;&nbsp;&nbsp;&nbsp;&nbsp;&nbsp;&nbsp;&nbsp;&nbsp;&nbsp;&nbsp;&nbsp;&nbsp;&nbsp;&nbsp;&nbsp;&nbsp;&nbsp;&nbsp;&nbsp;&nbsp;&nbsp;&nbsp;&nbsp;&nbsp;&nbsp;&nbsp;&nbsp;&nbsp;&nbsp;&nbsp;&nbsp;&nbsp;&nbsp;&nbsp;&nbsp;&nbsp;&nbsp;&nbsp;&nbsp;&nbsp;&nbsp;&nbsp;&nbsp;&nbsp;&nbsp;&nbsp;&nbsp;&nbsp;&nbsp;&nbsp;&nbsp;&nbsp;&nbsp;&nbsp;&nbsp;&nbsp;&nbsp;&nbsp;&nbsp;&nbsp;&nbsp;&nbsp;&nbsp;&nbsp;&nbsp;&nbsp;&nbsp;&nbsp;&nbsp;&nbsp;&nbsp;&nbsp;&nbsp;&nbsp;&nbsp;&nbsp;&nbsp;&nbsp;&nbsp;&nbsp;&nbsp;&nbsp;&nbsp;&nbsp;&nbsp;&nbsp;&nbsp;&nbsp;&nbsp;&nbsp;&nbsp;<\/p>\n<p>Marcina KUROSAD<\/p>\n<p><strong><span style=\"color: #008000;\">10:00<\/span><\/strong>&nbsp;&nbsp;&nbsp;&nbsp;&nbsp;&nbsp;&nbsp;&nbsp;&nbsp;&nbsp;&nbsp;&nbsp;&nbsp;&nbsp;&nbsp;&nbsp;&nbsp;&nbsp;&nbsp;&nbsp;&nbsp;&nbsp;&nbsp;&nbsp;&nbsp;&nbsp;&nbsp;&nbsp;&nbsp;&nbsp;&nbsp;&nbsp;&nbsp;&nbsp;&nbsp;&nbsp;&nbsp;&nbsp;&nbsp;&nbsp;&nbsp;&nbsp;&nbsp;&nbsp;&nbsp;&nbsp;&nbsp;&nbsp;&nbsp;&nbsp;&nbsp;&nbsp;&nbsp;&nbsp;&nbsp;&nbsp;&nbsp;&nbsp;&nbsp;&nbsp;&nbsp;&nbsp;&nbsp;&nbsp;&nbsp;&nbsp;&nbsp;&nbsp;&nbsp;&nbsp;&nbsp;&nbsp;&nbsp;&nbsp;&nbsp;&nbsp;&nbsp;&nbsp;&nbsp;&nbsp;&nbsp;&nbsp;&nbsp;&nbsp;&nbsp;&nbsp;&nbsp;&nbsp;&nbsp;&nbsp;&nbsp;&nbsp;&nbsp;&nbsp;<\/p>\n<p>\u015ap. Zenona MAGO\u0143 \u2013 26 Msza gregoria\u0144ska<\/p>\n<p><strong><span style=\"color: #008000;\">12.00<\/span><\/strong>&nbsp;&nbsp;&nbsp;&nbsp;&nbsp;&nbsp;&nbsp;&nbsp;&nbsp;&nbsp;&nbsp;&nbsp;&nbsp;&nbsp;&nbsp;&nbsp;&nbsp;&nbsp;&nbsp;&nbsp;&nbsp;&nbsp;&nbsp;&nbsp;&nbsp;&nbsp;&nbsp;&nbsp;&nbsp;&nbsp;&nbsp;&nbsp;&nbsp;&nbsp;&nbsp;&nbsp;&nbsp;&nbsp;&nbsp;&nbsp;&nbsp;&nbsp;&nbsp;&nbsp;&nbsp;&nbsp;&nbsp;&nbsp;&nbsp;&nbsp;&nbsp;&nbsp;&nbsp;&nbsp;&nbsp;&nbsp;&nbsp;&nbsp;&nbsp;&nbsp;&nbsp;&nbsp;&nbsp;&nbsp;&nbsp;&nbsp;&nbsp;&nbsp;&nbsp;&nbsp;&nbsp;&nbsp;&nbsp;&nbsp;&nbsp;&nbsp;&nbsp;&nbsp;&nbsp;&nbsp;&nbsp;&nbsp;&nbsp;&nbsp;&nbsp;&nbsp;&nbsp;&nbsp;&nbsp;&nbsp;&nbsp;&nbsp;&nbsp;&nbsp;<\/p>\n<p><strong><span style=\"color: #ff0000;\">ZA PARAFIAN<\/span><\/strong><\/p>\n<p><span style=\"color: #008000;\"><strong>15.00<\/strong><\/span>&nbsp;&nbsp;&nbsp;&nbsp;&nbsp;&nbsp;&nbsp;&nbsp;&nbsp;&nbsp;&nbsp;&nbsp;&nbsp;&nbsp;&nbsp;&nbsp;&nbsp;&nbsp;&nbsp;&nbsp;&nbsp;&nbsp;&nbsp;&nbsp;&nbsp;&nbsp;&nbsp;&nbsp;&nbsp;&nbsp;&nbsp;&nbsp;&nbsp;&nbsp;&nbsp;&nbsp;&nbsp;&nbsp;&nbsp;&nbsp;&nbsp;&nbsp;&nbsp;&nbsp;&nbsp;&nbsp;&nbsp;&nbsp;&nbsp;&nbsp;&nbsp;&nbsp;&nbsp;&nbsp;&nbsp;&nbsp;&nbsp;&nbsp;&nbsp;&nbsp;&nbsp;&nbsp;&nbsp;&nbsp;&nbsp;&nbsp;&nbsp;&nbsp;&nbsp;&nbsp;&nbsp;&nbsp;&nbsp;&nbsp;&nbsp;&nbsp;&nbsp;&nbsp;&nbsp;&nbsp;&nbsp;&nbsp;&nbsp;&nbsp;&nbsp;&nbsp;&nbsp;&nbsp;&nbsp;&nbsp;&nbsp;&nbsp;&nbsp;&nbsp;<\/p>\n<p>\u015ap. Jana CHOJNICKIEGO, Halin\u0119 i Bronis\u0142awa (M) GODOS<\/p>\n<p><strong><span style=\"color: #008000;\">18.00&nbsp;&nbsp;<\/span><\/strong>&nbsp;&nbsp;&nbsp;&nbsp;&nbsp;&nbsp;&nbsp;&nbsp;&nbsp;&nbsp;&nbsp;&nbsp;&nbsp;&nbsp;&nbsp;&nbsp;&nbsp;&nbsp;&nbsp;&nbsp;&nbsp;&nbsp;&nbsp;&nbsp;&nbsp;&nbsp;&nbsp;&nbsp;&nbsp;&nbsp;&nbsp;&nbsp;&nbsp;&nbsp;&nbsp;&nbsp;&nbsp;&nbsp;&nbsp;&nbsp;&nbsp;&nbsp;&nbsp;&nbsp;&nbsp;&nbsp;&nbsp;&nbsp;&nbsp;&nbsp;&nbsp;&nbsp;&nbsp;&nbsp;&nbsp;&nbsp;&nbsp;&nbsp;&nbsp;&nbsp;&nbsp;&nbsp;&nbsp;&nbsp;&nbsp;&nbsp;&nbsp;&nbsp;&nbsp;&nbsp;&nbsp;&nbsp;&nbsp;&nbsp;&nbsp;&nbsp;&nbsp;&nbsp;&nbsp;&nbsp;&nbsp;&nbsp;&nbsp;&nbsp;&nbsp;&nbsp;&nbsp;&nbsp;&nbsp;&nbsp;&nbsp;&nbsp;<\/p>\n<p>\u015ap. Adama w rocznic\u0119 \u015bmierci, Aleksandr\u0119 (K), Leokadi\u0119, Czes\u0142awa (M) z rodziny ROSTEK<\/p>\n","protected":false},"excerpt":{"rendered":"<p>Msza \u015awi\u0119ta Zbiorowa za Zmar\u0142ych, znana r\u00f3wnie\u017c jako Requiem Requiem jest jednym z najwa\u017cniejszych element\u00f3w katolickiej tradycji liturgicznej. W Ko\u015bciele Katolickim w Polsce, ma ona g\u0142\u0119bokie korzenie i odgrywa kluczow\u0105 rol\u0119 w \u017cyciu duchowym wiernych. Jest to szczeg\u00f3lny czas modlitwy, refleksji oraz okazja do wyra\u017cenia pami\u0119ci i szacunku dla tych, kt\u00f3rzy odeszli z tego \u015bwiata. [&hellip;]<\/p>\n","protected":false},"author":1,"featured_media":5934,"comment_status":"closed","ping_status":"closed","sticky":false,"template":"","format":"standard","meta":{"ngg_post_thumbnail":0,"footnotes":""},"categories":[11,8,4,3],"tags":[],"class_list":["post-5933","post","type-post","status-publish","format-standard","has-post-thumbnail","hentry","category-aktualnosci","category-blog","category-intencje","category-ogloszenia"],"_links":{"self":[{"href":"https:\/\/rafalk-elblag.pl\/index.php?rest_route=\/wp\/v2\/posts\/5933","targetHints":{"allow":["GET"]}}],"collection":[{"href":"https:\/\/rafalk-elblag.pl\/index.php?rest_route=\/wp\/v2\/posts"}],"about":[{"href":"https:\/\/rafalk-elblag.pl\/index.php?rest_route=\/wp\/v2\/types\/post"}],"author":[{"embeddable":true,"href":"https:\/\/rafalk-elblag.pl\/index.php?rest_route=\/wp\/v2\/users\/1"}],"replies":[{"embeddable":true,"href":"https:\/\/rafalk-elblag.pl\/index.php?rest_route=%2Fwp%2Fv2%2Fcomments&post=5933"}],"version-history":[{"count":1,"href":"https:\/\/rafalk-elblag.pl\/index.php?rest_route=\/wp\/v2\/posts\/5933\/revisions"}],"predecessor-version":[{"id":5935,"href":"https:\/\/rafalk-elblag.pl\/index.php?rest_route=\/wp\/v2\/posts\/5933\/revisions\/5935"}],"wp:featuredmedia":[{"embeddable":true,"href":"https:\/\/rafalk-elblag.pl\/index.php?rest_route=\/wp\/v2\/media\/5934"}],"wp:attachment":[{"href":"https:\/\/rafalk-elblag.pl\/index.php?rest_route=%2Fwp%2Fv2%2Fmedia&parent=5933"}],"wp:term":[{"taxonomy":"category","embeddable":true,"href":"https:\/\/rafalk-elblag.pl\/index.php?rest_route=%2Fwp%2Fv2%2Fcategories&post=5933"},{"taxonomy":"post_tag","embeddable":true,"href":"https:\/\/rafalk-elblag.pl\/index.php?rest_route=%2Fwp%2Fv2%2Ftags&post=5933"}],"curies":[{"name":"wp","href":"https:\/\/api.w.org\/{rel}","templated":true}]}}