{"id":5922,"date":"2025-10-04T18:28:29","date_gmt":"2025-10-04T18:28:29","guid":{"rendered":"https:\/\/rafalk-elblag.pl\/?p=5922"},"modified":"2025-10-04T18:32:04","modified_gmt":"2025-10-04T18:32:04","slug":"xxvii-niedziela-zwykla","status":"publish","type":"post","link":"https:\/\/rafalk-elblag.pl\/?p=5922","title":{"rendered":"XXVII NIEDZIELA ZWYK\u0141A"},"content":{"rendered":"<p><img loading=\"lazy\" decoding=\"async\" class=\"aligncenter\" src=\"https:\/\/rafalk-elblag.pl\/wp-content\/uploads\/2025\/08\/biuletyn-graf.jpg\" width=\"552\" height=\"357\"><\/p>\n<p><strong>Sk\u0105d wzi\u0105\u0142 si\u0119 R\u00f3\u017caniec?<\/strong><\/p>\n<p>Odmawiaj\u0105c r\u00f3\u017caniec warto pozna\u0107 jego histori\u0119: jest ona zwi\u0105zana z zakonem dominikan\u00f3w i Alanem de La Roche Dla nas to oczywisto\u015b\u0107, \u017ce dziesi\u0105tk\u0119 R\u00f3\u017ca\u0144ca tworzy \u201eOjcze nasz\u201d<br \/>\ni 10 \u201eZdrowa\u015b Maryjo\u201d. Podobnie jest z rozwa\u017caniem tajemnic. Ale podzia\u0142 na 15 dziesi\u0105tek, kt\u00f3re razem tworz\u0105 150 \u201ePozdrowie\u0144 anielskich\u201d i 15 tajemnic do rozwa\u017cania, zaproponowa\u0142 dopiero b\u0142. Alan de La Roche. Czy jednak R\u00f3\u017caniec zawdzi\u0119czamy jemu? A co cho\u0107by ze \u015bw. Dominikiem uwa\u017canym za \u201etw\u00f3rc\u0119\u201d tej modlitwy? Modlitwa r\u00f3\u017ca\u0144cowa kszta\u0142towa\u0142a si\u0119 przez kilkana\u015bcie wiek\u00f3w, jak podkre\u015bla dominikanin ojciec Cyprian Klahsa OP w ksi\u0105\u017cce \u201eR\u00f3\u017caniec. Modlitwa prostoty i g\u0142\u0119bi\u201d, \u201eod pocz\u0105tku chrze\u015bcija\u0144stwa wielu wiernych bardzo powa\u017cnie traktowa\u0142o s\u0142owa \u015bw. Paw\u0142a \u201eNieustannie si\u0119 m\u00f3dlcie\u201d. Odpowiedzi\u0105 na to wezwanie, szczeg\u00f3lnie w \u015brodowiskach pustelniczych i zakonnych, by\u0142y modlitwy powtarzalne, czyli kr\u00f3tkie zwarte formu\u0142y wielokrotnie powtarzane, kt\u00f3re skupia\u0142y my\u015bli, a serca wznosi\u0142y ku Bogu. Od VI wieku u\u017cywano ju\u017c do takiego liczenia sznura z paciorkami. Z IX wieku pochodzi najstarsze znane \u015bwiadectwo, wskazuj\u0105ce, \u017ce jedn\u0105 z takich powtarzalnych formu\u0142 by\u0142o zaczerpni\u0119te z Ewangelii pozdrowienie anielskie \u201eZdrowa\u015b Maryjo\u201d. Modlitwa ta rozwin\u0119\u0142a si\u0119 w \u015bredniowieczu, kt\u00f3re odznacza\u0142o si\u0119 niezwyk\u0142ym nabo\u017ce\u0144stwem do Matki Bo\u017cej\u201d. Wtedy na wz\u00f3r psa\u0142terza zawieraj\u0105cego 150 Psalm\u00f3w pojawi\u0142 si\u0119 zwyczaj odmawiania 150 \u201eZdrowa\u015b Maryjo\u201d. W XII wieku dodano do \u201ePozdrowienia anielskiego\u201d znane<br \/>\nz Ewangelii s\u0142owa: \u201ei b\u0142ogos\u0142awiony owoc Twojego \u0142ona\u201d. \u201eR\u00f3wnie\u017c w \u015bredniowieczu, w czasie jednej z wielkich epidemii d\u017cumy, do \u201ePozdrowienia anielskiego\u201d dodano drug\u0105 cz\u0119\u015b\u0107: \u015awi\u0119ta Mario, Matko Bo\u017ca, m\u00f3dl si\u0119 za nami grzesznymi teraz i w godzin\u0119 \u015bmierci naszej\u201d. Modlitwa prostoty i g\u0142\u0119bi\u201d przyznaje, \u017ce wyja\u015bnienie dlaczego nazwano t\u0119 modlitw\u0119 \u201eR\u00f3\u017ca\u0144cem\u201d nie jest \u0142atwe. Oczywi\u015bcie wiadomo, \u017ce od dawna r\u00f3\u017ca by\u0142a symbolem Matki Bo\u017cej. Do tego jeszcze w \u015bredniowieczu istnia\u0142 zwyczaj ozdabiania g\u0142owy wie\u0144cem z kwiat\u00f3w, kt\u00f3ry w niekt\u00f3rych j\u0119zykach nazywano w\u0142a\u015bnie \u201er\u00f3\u017ca\u0144cem\u201d. Pewien bardzo leniwy m\u0142odzieniec ka\u017cdego dnia splata\u0142 wieniec i przyozdabia\u0142 nim figur\u0119 Maryi. Kiedy wst\u0105pi\u0142 do zakonu nie m\u00f3g\u0142 codziennie zbiera\u0107 kwiat\u00f3w na wieniec \u201eBy\u0142o mu tego \u017cal i ju\u017c zamierza\u0142 opu\u015bci\u0107 klasztor, gdy pewien stary mnich udzieli\u0142 mu takiej rady: Je\u015bli chcesz \u017cyciem nowym cieszy\u0107 Maryj\u0119 Kr\u00f3low\u0105, ze szlachetnych czyn\u00f3w wianek w ka\u017cdy dzie\u0144 niech dostanie. Wplataj we\u0144 s\u0142owa chwa\u0142y (&#8230;), po 50 \u201eZdrowa\u015b Maryja\u201d codziennie b\u0119dziesz odmawia\u0107. To ju\u017c b\u0119dzie ca\u0142y wieniec, kt\u00f3ry ona bardziej ceni ni\u017ali lilie, ni\u017ali r\u00f3\u017ce\u201d.<\/p>\n<p>&nbsp;<\/p>\n<p><img loading=\"lazy\" decoding=\"async\" class=\"aligncenter\" src=\"https:\/\/rafalk-elblag.pl\/wp-content\/uploads\/2025\/08\/ogl-graf.png\" width=\"553\" height=\"261\"><\/p>\n<p><strong>&nbsp;<\/strong><\/p>\n<h3 style=\"text-align: center;\"><span style=\"color: #008000;\"><strong>OG\u0141OSZENIA PARAFIALNE&nbsp; 5.10.2025 r.<\/strong><\/span><\/h3>\n<h3 style=\"text-align: center;\"><span style=\"color: #008000;\"><strong>XXVII NIEDZIELA ZWYK\u0141A<\/strong><\/span><\/h3>\n<h3 style=\"text-align: center;\"><span style=\"color: #008000;\"><strong>&nbsp;<\/strong><\/span><\/h3>\n<ol>\n<li><strong>PA\u0179DZIERNIK MIESI\u0104CEM R\u00d3\u017bA\u0143CA \u015aWI\u0118TEGO.<\/strong> Zapraszamy doros\u0142ych i m\u0142odzie\u017c na codzienne Nabo\u017ce\u0144stwa R\u00f3\u017ca\u0144cowe przed Naj\u015bwi\u0119tszym Sakramentem o godz. 17:15. <strong>Dzieci <\/strong>zapraszamy we wtorki i czwartki o godz. 16:30. Wierni, kt\u00f3rzy odmawiaj\u0105 cz\u0119\u015b\u0107 R\u00f3\u017ca\u0144ca \u015awi\u0119tego (5 dziesi\u0105tek) w ko\u015bciele lub rodzinnie mog\u0105 uzyska\u0107 <strong>ODPUST ZUPE\u0141NY<\/strong>.<\/li>\n<li>W dniu dzisiejszym indywidualna <strong>ADORACJA NAJ\u015aWI\u0118TSZEGO SAKRAMENTU<\/strong> od godz. 16:00 do godz. 17:15.<\/li>\n<\/ol>\n<h3 style=\"text-align: center;\"><span style=\"color: #ff0000;\"><strong><em>Znajd\u017a czas, aby by<\/em><\/strong><strong><em>\u0107 sam na sam z Twoim Panem.<\/em><\/strong><\/span><\/h3>\n<p><span style=\"font-size: 14px;\">Dzisiejsze ofiary z\u0142o\u017cone na tac\u0119 przeznaczone s\u0105 na inwestycje i utrzymanie naszej parafii. <\/span><em style=\"font-size: 14px;\">B\u00f3g zap\u0142a\u0107 za otwarto\u015b\u0107 serca.<\/em><\/p>\n<ol start=\"3\">\n<li>We wtorek 7 pa\u017adziernika obchodzimy <strong>\u015aWI\u0118TO MATKI BO\u017bEJ R\u00d3\u017bANCOWEJ<\/strong>. Zapraszamy wszystkich parafian do udzia\u0142u w <strong>DEKANALNYM SPOTKANIU \u017bYWEGO R\u00d3\u017bA\u0143CA<\/strong> od godz. 17:00 w <strong>KO\u015aCIELE JUBILEUSZOWYM <\/strong>jakim jest ko\u015bci\u00f3\u0142 \u015bw. Brata Alberta w Elbl\u0105gu. W szczeg\u00f3lny spos\u00f3b zach\u0119cam osoby nale\u017c\u0105ce do \u017bYWEGO R\u00d3\u017bANCA, osoby pragn\u0105ce w\u0142\u0105czy\u0107 si\u0119 do tej wsp\u00f3lnoty oraz czcz\u0105cych R\u00f3\u017caniec \u015awi\u0119ty do prze\u017cywania tego \u015bwi\u0105tecznego dnia wed\u0142ug programu czuwania:<\/li>\n<\/ol>\n<ul>\n<li><em> 17:00 \u2013 ADORACJA<\/em><\/li>\n<li><em> 17:30 &#8211; WSP\u00d3LNY R\u00d3\u017bANIEC <\/em><\/li>\n<li><em>18:00 \u2013 EUCHARYSTIA &#8211; S\u0142owo Bo\u017ce wyg\u0142osi ks. prof. kan. Jacek NEUMANN<\/em><\/li>\n<\/ul>\n<ol start=\"5\">\n<li><strong>W przysz\u0142\u0105 niedziel\u0119 <\/strong>(12 pa\u017adziernika) obchodzi\u0107 b\u0119dziemy <strong>XXV Dzie\u0144 Papieski pod has\u0142em \u201e\u015aWI\u0118TY JAN PAWE\u0141 II PROROK NADZIEI\u201d. <\/strong>Tegoroczne has\u0142o jest zach\u0119t\u0105 do czerpania z nauczania \u015bwi\u0119tego Jana Paw\u0142a II, kt\u00f3ry dla milion\u00f3w os\u00f3b na ca\u0142ym \u015bwiecie by\u0142 prorokiem ucz\u0105cym przede wszystkim Z tej okazji m\u0142odzie\u017c przed ko\u015bcio\u0142em b\u0119dzie zbiera\u0107 do puszek pieni\u0105dze na stypendia w ramach Fundacji<em> Dzie\u0142o Nowego Tysi\u0105clecia, kt\u00f3re od 25 lat wspiera edukacj\u0119 niezamo\u017cnej m\u0142odzie\u017cy pochodz\u0105cej z ma\u0142ych miejscowo\u015bci, z ca\u0142ej Polski.<\/em><\/li>\n<li>Mamy ju\u017c mo\u017cliwo\u015b\u0107 zamawiania i<strong> REZERWACJI<\/strong> Mszy \u015bwi\u0119tej <strong>na ROK 2026<\/strong>. Informacj\u0119 t\u0119 podajemy dla tych wszystkich, kt\u00f3rzy pragn\u0105 w konkretnym dniu zam\u00f3wi\u0107 intencj\u0119 mszaln\u0105. <em><u>ZAPRASZAMY DO ZAKRYSTII LUB DO KANCELARII.<\/u><\/em><\/li>\n<li>Dzia\u0142a <strong>PORADNIA RODZINNA<\/strong> przy ul. Zamkowej 17.<em> Czynna w ka\u017cd\u0105 \u015brod\u0119 w godz. 15:00 \u2013 17:00. Tel. 668&nbsp;541&nbsp;102.<\/em><\/li>\n<li>Zach\u0119cam do nabywania nowego numeru \u201eGo\u015bcia Niedzielnego\u201d<strong> w cenie 10 z\u0142. <\/strong>Jest te\u017c wy\u0142o\u017cony<strong> BIULETYN PARAFIALNY<\/strong> na stolikach przy wej\u015bciu do ko\u015bcio\u0142a.<u> Zach\u0119camy do zabrania dla siebie i s\u0105siad\u00f3w<em>.<\/em><\/u><\/li>\n<li>Pan powo\u0142a\u0142 do wieczno\u015bci: \u015bp. Edmund KRAWCZYK lat 76 z ul. Og\u00f3lnej,<\/li>\n<\/ol>\n<p>\u015bp. Krystyna PRZYBYLSKA lat 96 z ul. Broniewskiego,<\/p>\n<p>\u015bp. Jadwiga BURCZAK lat 81 z ul. Tuwima,<\/p>\n<p>\u015bp. El\u017cbieta KURKOWSKA lat 71 z ul. Broniewskiego.<\/p>\n<p><em>Wieczny odpoczynek racz im da\u0107 Panie! A \u015bwiat\u0142o\u015b\u0107 wiekuista niechaj im \u015bwieci.<\/em><\/p>\n<p><em>&nbsp;<\/em><\/p>\n<table>\n<tbody>\n<tr>\n<td width=\"639\">\n<h3 style=\"text-align: center;\"><span style=\"color: #ff0000;\"><strong>Numer Konta Parafialnego<\/strong><\/span><\/h3>\n<h3 style=\"text-align: center;\"><span style=\"color: #ff0000;\"><strong>PKO BP 72 1020 1752 0000 0102 0069 6047<\/strong><\/span><\/h3>\n<\/td>\n<\/tr>\n<\/tbody>\n<\/table>\n<p>&nbsp;<\/p>\n<h4><em><img loading=\"lazy\" decoding=\"async\" class=\"aligncenter\" src=\"https:\/\/rafalk-elblag.pl\/wp-content\/uploads\/2025\/08\/intencje-gragika.jpg\" width=\"552\" height=\"276\"><\/em><\/h4>\n<p>&nbsp;<\/p>\n<h3 style=\"text-align: center;\"><span style=\"color: #008000;\">XXVII NIEDZIELA ZWYK\u0141A 5 pa\u017adziernik 2025 \/ \u0141k 17, 5 \u2013 10<\/span><\/h3>\n<p><strong><span style=\"color: #008000;\">8.00&nbsp;<\/span><\/strong>&nbsp;&nbsp;&nbsp;&nbsp;&nbsp;&nbsp;&nbsp;&nbsp;&nbsp;&nbsp;&nbsp;&nbsp;&nbsp;&nbsp;&nbsp;&nbsp;&nbsp;&nbsp;&nbsp;&nbsp;&nbsp;&nbsp;&nbsp;&nbsp;&nbsp;&nbsp;&nbsp;&nbsp;&nbsp;&nbsp;&nbsp;&nbsp;&nbsp;&nbsp;&nbsp;&nbsp;&nbsp;&nbsp;&nbsp;&nbsp;&nbsp;&nbsp;&nbsp;&nbsp;&nbsp;&nbsp;&nbsp;&nbsp;&nbsp;&nbsp;&nbsp;&nbsp;&nbsp;&nbsp;&nbsp;&nbsp;&nbsp;&nbsp;&nbsp;&nbsp;&nbsp;&nbsp;&nbsp;&nbsp;&nbsp;&nbsp;&nbsp;&nbsp;&nbsp;&nbsp;&nbsp;&nbsp;&nbsp;&nbsp;&nbsp;&nbsp;&nbsp;&nbsp;&nbsp;&nbsp;&nbsp;&nbsp;&nbsp;&nbsp;&nbsp;&nbsp;&nbsp;&nbsp;&nbsp;&nbsp;&nbsp;&nbsp;&nbsp;&nbsp;&nbsp;<\/p>\n<p>O do\u015bwiadczenie Bo\u017cej mi\u0142o\u015bci dla Karoliny i Oskara oraz Natalii i Sebastiana<\/p>\n<p><strong><span style=\"color: #008000;\">10.00&nbsp;<\/span><\/strong>&nbsp;&nbsp;&nbsp;&nbsp;&nbsp;&nbsp;&nbsp;&nbsp;&nbsp;&nbsp;&nbsp;&nbsp;&nbsp;&nbsp;&nbsp;&nbsp;&nbsp;&nbsp;&nbsp;&nbsp;&nbsp;&nbsp;&nbsp;&nbsp;&nbsp;&nbsp;&nbsp;&nbsp;&nbsp;&nbsp;&nbsp;&nbsp;&nbsp;&nbsp;&nbsp;&nbsp;&nbsp;&nbsp;&nbsp;&nbsp;&nbsp;&nbsp;&nbsp;&nbsp;&nbsp;&nbsp;&nbsp;&nbsp;&nbsp;&nbsp;&nbsp;&nbsp;&nbsp;&nbsp;&nbsp;&nbsp;&nbsp;&nbsp;&nbsp;&nbsp;&nbsp;&nbsp;&nbsp;&nbsp;&nbsp;&nbsp;&nbsp;&nbsp;&nbsp;&nbsp;&nbsp;&nbsp;&nbsp;&nbsp;&nbsp;&nbsp;&nbsp;&nbsp;&nbsp;&nbsp;&nbsp;&nbsp;&nbsp;&nbsp;&nbsp;&nbsp;&nbsp;&nbsp;&nbsp;&nbsp;&nbsp;&nbsp;&nbsp;<\/p>\n<p>\u015ap. Zenona MAGO\u0143 \u2013 5 Msza gregoria\u0144ska<\/p>\n<p><strong><span style=\"color: #008000;\">10:00<\/span><\/strong>&nbsp;&nbsp;&nbsp;&nbsp;&nbsp;&nbsp;&nbsp;&nbsp;&nbsp;&nbsp;&nbsp;&nbsp;&nbsp;&nbsp;&nbsp;&nbsp;&nbsp;&nbsp;&nbsp;&nbsp;&nbsp;&nbsp;&nbsp;&nbsp;&nbsp;&nbsp;&nbsp;&nbsp;&nbsp;&nbsp;&nbsp;&nbsp;&nbsp;&nbsp;&nbsp;&nbsp;&nbsp;&nbsp;&nbsp;&nbsp;&nbsp;&nbsp;&nbsp;&nbsp;&nbsp;&nbsp;&nbsp;&nbsp;&nbsp;&nbsp;&nbsp;&nbsp;&nbsp;&nbsp;&nbsp;&nbsp;&nbsp;&nbsp;&nbsp;&nbsp;&nbsp;&nbsp;&nbsp;&nbsp;&nbsp;&nbsp;&nbsp;&nbsp;&nbsp;&nbsp;&nbsp;&nbsp;&nbsp;&nbsp;&nbsp;&nbsp;&nbsp;&nbsp;&nbsp;&nbsp;&nbsp;&nbsp;&nbsp;&nbsp;&nbsp;&nbsp;&nbsp;&nbsp;&nbsp;&nbsp;&nbsp;&nbsp;&nbsp;&nbsp;<\/p>\n<p>\u015ap. Regin\u0119 w 18 rocznic\u0119 \u015bmierci, Szczepana w 23 rocznic\u0119 \u015bmierci MIKO\u0141AJEWSKICH, \u015ap. Zenona (M) w 54 rocznic\u0119 \u015bmierci, Paw\u0142a w 8 rocznic\u0119 \u015bmierci oraz zmar\u0142ych z rodzin: MIKO\u0141AJEWSKICH, ROSO\u0141OWSKICH i RYBICKICH<\/p>\n<p><strong><span style=\"color: #008000;\">12.00<\/span><\/strong>&nbsp;&nbsp;&nbsp;&nbsp;&nbsp;&nbsp;&nbsp;&nbsp;&nbsp;&nbsp;&nbsp;&nbsp;&nbsp;&nbsp;&nbsp;&nbsp;&nbsp;&nbsp;&nbsp;&nbsp;&nbsp;&nbsp;&nbsp;&nbsp;&nbsp;&nbsp;&nbsp;&nbsp;&nbsp;&nbsp;&nbsp;&nbsp;&nbsp;&nbsp;&nbsp;&nbsp;&nbsp;&nbsp;&nbsp;&nbsp;&nbsp;&nbsp;&nbsp;&nbsp;&nbsp;&nbsp;&nbsp;&nbsp;&nbsp;&nbsp;&nbsp;&nbsp;&nbsp;&nbsp;&nbsp;&nbsp;&nbsp;&nbsp;&nbsp;&nbsp;&nbsp;&nbsp;&nbsp;&nbsp;&nbsp;&nbsp;&nbsp;&nbsp;&nbsp;&nbsp;&nbsp;&nbsp;&nbsp;&nbsp;&nbsp;&nbsp;&nbsp;&nbsp;&nbsp;&nbsp;&nbsp;&nbsp;&nbsp;&nbsp;&nbsp;&nbsp;&nbsp;&nbsp;&nbsp;&nbsp;&nbsp;&nbsp;&nbsp;&nbsp;<\/p>\n<p><strong><span style=\"color: #ff0000;\">ZA PARAFIAN<\/span><\/strong><\/p>\n<p><strong><span style=\"color: #008000;\">15.00&nbsp;&nbsp;<\/span><\/strong>&nbsp;&nbsp;&nbsp;&nbsp;&nbsp;&nbsp;&nbsp;&nbsp;&nbsp;&nbsp;&nbsp;&nbsp;&nbsp;&nbsp;&nbsp;&nbsp;&nbsp;&nbsp;&nbsp;&nbsp;&nbsp;&nbsp;&nbsp;&nbsp;&nbsp;&nbsp;&nbsp;&nbsp;&nbsp;&nbsp;&nbsp;&nbsp;&nbsp;&nbsp;&nbsp;&nbsp;&nbsp;&nbsp;&nbsp;&nbsp;&nbsp;&nbsp;&nbsp;&nbsp;&nbsp;&nbsp;&nbsp;&nbsp;&nbsp;&nbsp;&nbsp;&nbsp;&nbsp;&nbsp;&nbsp;&nbsp;&nbsp;&nbsp;&nbsp;&nbsp;&nbsp;&nbsp;&nbsp;&nbsp;&nbsp;&nbsp;&nbsp;&nbsp;&nbsp;&nbsp;&nbsp;&nbsp;&nbsp;&nbsp;&nbsp;&nbsp;&nbsp;&nbsp;&nbsp;&nbsp;&nbsp;&nbsp;&nbsp;&nbsp;&nbsp;&nbsp;&nbsp;&nbsp;&nbsp;&nbsp;&nbsp;&nbsp;<\/p>\n<p>\u015ap. Ks. Franciszka (M) BOKUNIEWICZA w 22 rocznic\u0119 \u015bmierci<\/p>\n<p><strong><span style=\"color: #008000;\">18.00<\/span><\/strong>&nbsp;&nbsp;&nbsp;&nbsp;&nbsp;&nbsp;&nbsp;&nbsp;&nbsp;&nbsp;&nbsp;&nbsp;&nbsp;&nbsp;&nbsp;&nbsp;&nbsp;&nbsp;&nbsp;&nbsp;&nbsp;&nbsp;&nbsp;&nbsp;&nbsp;&nbsp;&nbsp;&nbsp;&nbsp;&nbsp;&nbsp;&nbsp;&nbsp;&nbsp;&nbsp;&nbsp;&nbsp;&nbsp;&nbsp;&nbsp;&nbsp;&nbsp;&nbsp;&nbsp;&nbsp;&nbsp;&nbsp;&nbsp;&nbsp;&nbsp;&nbsp;&nbsp;&nbsp;&nbsp;&nbsp;&nbsp;&nbsp;&nbsp;&nbsp;&nbsp;&nbsp;&nbsp;&nbsp;&nbsp;&nbsp;&nbsp;&nbsp;&nbsp;&nbsp;&nbsp;&nbsp;&nbsp;&nbsp;&nbsp;&nbsp;&nbsp;&nbsp;&nbsp;&nbsp;&nbsp;&nbsp;&nbsp;&nbsp;&nbsp;&nbsp;&nbsp;&nbsp;&nbsp;&nbsp;&nbsp;&nbsp;&nbsp;&nbsp;&nbsp;<\/p>\n<p>Dzi\u0119kczynna w&nbsp; 6 rocznic\u0119 \u015blubu Joanny i Bartosza z pro\u015bb\u0105 o Bo\u017ce b\u0142ogos\u0142awie\u0144stwo, opiek\u0119 Matki Bo\u017cej dla ca\u0142ej rodziny<\/p>\n<h3 style=\"text-align: center;\"><span style=\"color: #008000;\"><strong>PONIEDZIA\u0141EK \/ 6&nbsp; pa\u017adziernik&nbsp; 2025 \/ \u0141k&nbsp; 10, 25 \u2013 37<\/strong><\/span><\/h3>\n<p><strong><span style=\"color: #008000;\">8.00<\/span><\/strong>&nbsp;&nbsp;&nbsp;&nbsp;&nbsp;&nbsp;&nbsp;&nbsp;&nbsp;&nbsp;&nbsp;&nbsp;&nbsp;&nbsp;&nbsp;&nbsp;&nbsp;&nbsp;&nbsp;&nbsp;&nbsp;&nbsp;&nbsp;&nbsp;&nbsp;&nbsp;&nbsp;&nbsp;&nbsp;&nbsp;&nbsp;&nbsp;&nbsp;&nbsp;&nbsp;&nbsp;&nbsp;&nbsp;&nbsp;&nbsp;&nbsp;&nbsp;&nbsp;&nbsp;&nbsp;&nbsp;&nbsp;&nbsp;&nbsp;&nbsp;&nbsp;&nbsp;&nbsp;&nbsp;&nbsp;&nbsp;&nbsp;&nbsp;&nbsp;&nbsp;&nbsp;&nbsp;&nbsp;&nbsp;&nbsp;&nbsp;&nbsp;&nbsp;&nbsp;&nbsp;&nbsp;&nbsp;&nbsp;&nbsp;&nbsp;&nbsp;&nbsp;&nbsp;&nbsp;&nbsp;&nbsp;&nbsp;&nbsp;&nbsp;&nbsp;&nbsp;&nbsp;&nbsp;&nbsp;&nbsp;&nbsp;&nbsp;&nbsp;&nbsp;&nbsp;&nbsp;<\/p>\n<p>\u015ap. Zenona MAGO\u0143 \u2013 6 Msza gregoria\u0144ska<\/p>\n<p><strong><span style=\"color: #008000;\">18.00<\/span><\/strong>&nbsp;&nbsp;&nbsp;&nbsp;&nbsp;&nbsp;&nbsp;&nbsp;&nbsp;&nbsp;&nbsp;&nbsp;&nbsp;&nbsp;&nbsp;&nbsp;&nbsp;&nbsp;&nbsp;&nbsp;&nbsp;&nbsp;&nbsp;&nbsp;&nbsp;&nbsp;&nbsp;&nbsp;&nbsp;&nbsp;&nbsp;&nbsp;&nbsp;&nbsp;&nbsp;&nbsp;&nbsp;&nbsp;&nbsp;&nbsp;&nbsp;&nbsp;&nbsp;&nbsp;&nbsp;&nbsp;&nbsp;&nbsp;&nbsp;&nbsp;&nbsp;&nbsp;&nbsp;&nbsp;&nbsp;&nbsp;&nbsp;&nbsp;&nbsp;&nbsp;&nbsp;&nbsp;&nbsp;&nbsp;&nbsp;&nbsp;&nbsp;&nbsp;&nbsp;&nbsp;&nbsp;&nbsp;&nbsp;&nbsp;&nbsp;&nbsp;&nbsp;&nbsp;&nbsp;&nbsp;&nbsp;&nbsp;&nbsp;&nbsp;&nbsp;&nbsp;&nbsp;&nbsp;&nbsp;&nbsp;&nbsp;&nbsp;&nbsp;&nbsp;<\/p>\n<p>\u015ap. Bogdana (M) KR\u00d3L w 10 rocznic\u0119 \u015bmierci oraz zmar\u0142ych z rodziny<\/p>\n<h3 style=\"text-align: center;\"><span style=\"color: #008000;\">WTOREK&nbsp; \/ 7&nbsp; pa\u017adziernik&nbsp; 2025\/&nbsp;&nbsp; \u0141k 10, 38 \u2013 42<\/span><\/h3>\n<h3 style=\"text-align: center;\"><span style=\"color: #008000;\">WSPOMNIENIE NAJ\u015aWI\u0118TSZEJ MARYI PANNY R\u00d3\u017bA\u0143COWEJ<\/span><\/h3>\n<p><strong><span style=\"color: #008000;\">8.00<\/span><\/strong>&nbsp;&nbsp;&nbsp;&nbsp;&nbsp;&nbsp;&nbsp;&nbsp;&nbsp;&nbsp;&nbsp;&nbsp;&nbsp;&nbsp;&nbsp;&nbsp;&nbsp;&nbsp;&nbsp;&nbsp;&nbsp;&nbsp;&nbsp;&nbsp;&nbsp;&nbsp;&nbsp;&nbsp;&nbsp;&nbsp;&nbsp;&nbsp;&nbsp;&nbsp;&nbsp;&nbsp;&nbsp;&nbsp;&nbsp;&nbsp;&nbsp;&nbsp;&nbsp;&nbsp;&nbsp;&nbsp;&nbsp;&nbsp;&nbsp;&nbsp;&nbsp;&nbsp;&nbsp;&nbsp;&nbsp;&nbsp;&nbsp;&nbsp;&nbsp;&nbsp;&nbsp;&nbsp;&nbsp;&nbsp;&nbsp;&nbsp;&nbsp;&nbsp;&nbsp;&nbsp;&nbsp;&nbsp;&nbsp;&nbsp;&nbsp;&nbsp;&nbsp;&nbsp;&nbsp;&nbsp;&nbsp;&nbsp;&nbsp;&nbsp;&nbsp;&nbsp;&nbsp;&nbsp;&nbsp;&nbsp;&nbsp;&nbsp;&nbsp;&nbsp;&nbsp;&nbsp;<\/p>\n<p>\u015ap. Helen\u0119 BUKOJEMSK\u0104 w kolejn\u0105 rocznic\u0119 \u015bmierci<\/p>\n<p><strong><span style=\"color: #008000;\">10:00<\/span><\/strong>&nbsp;&nbsp;&nbsp;&nbsp;&nbsp;&nbsp;&nbsp;&nbsp;&nbsp;&nbsp;&nbsp;&nbsp;&nbsp;&nbsp;&nbsp;&nbsp;&nbsp;&nbsp;&nbsp;&nbsp;&nbsp;&nbsp;&nbsp;&nbsp;&nbsp;&nbsp;&nbsp;&nbsp;&nbsp;&nbsp;&nbsp;&nbsp;&nbsp;&nbsp;&nbsp;&nbsp;&nbsp;&nbsp;&nbsp;&nbsp;&nbsp;&nbsp;&nbsp;&nbsp;&nbsp;&nbsp;&nbsp;&nbsp;&nbsp;&nbsp;&nbsp;&nbsp;&nbsp;&nbsp;&nbsp;&nbsp;&nbsp;&nbsp;&nbsp;&nbsp;&nbsp;&nbsp;&nbsp;&nbsp;&nbsp;&nbsp;&nbsp;&nbsp;&nbsp;&nbsp;&nbsp;&nbsp;&nbsp;&nbsp;&nbsp;&nbsp;&nbsp;&nbsp;&nbsp;&nbsp;&nbsp;&nbsp;&nbsp;&nbsp;&nbsp;&nbsp;&nbsp;&nbsp;&nbsp;&nbsp;&nbsp;&nbsp;&nbsp;&nbsp;<\/p>\n<p>\u015ap. Zenona MAGO\u0143 \u2013 7 Msza gregoria\u0144ska<\/p>\n<p><strong><span style=\"color: #008000;\">18:00&nbsp;<\/span><\/strong>&nbsp;&nbsp;&nbsp;&nbsp;&nbsp;&nbsp;&nbsp;&nbsp;&nbsp;&nbsp;&nbsp;&nbsp;&nbsp;&nbsp;&nbsp;&nbsp;&nbsp;&nbsp;&nbsp;&nbsp;&nbsp;&nbsp;&nbsp;&nbsp;&nbsp;&nbsp;&nbsp;&nbsp;&nbsp;&nbsp;&nbsp;&nbsp;&nbsp;&nbsp;&nbsp;&nbsp;&nbsp;&nbsp;&nbsp;&nbsp;&nbsp;&nbsp;&nbsp;&nbsp;&nbsp;&nbsp;&nbsp;&nbsp;&nbsp;&nbsp;&nbsp;&nbsp;&nbsp;&nbsp;&nbsp;&nbsp;&nbsp;&nbsp;&nbsp;&nbsp;&nbsp;&nbsp;&nbsp;&nbsp;&nbsp;&nbsp;&nbsp;&nbsp;&nbsp;&nbsp;&nbsp;&nbsp;&nbsp;&nbsp;&nbsp;&nbsp;&nbsp;&nbsp;&nbsp;&nbsp;&nbsp;&nbsp;&nbsp;&nbsp;&nbsp;&nbsp;&nbsp;&nbsp;&nbsp;&nbsp;&nbsp;&nbsp;&nbsp;<\/p>\n<p>\u015ap. Mari\u0119 SIEMION w 21 rocznic\u0119 \u015bmierci<\/p>\n<p><strong><span style=\"color: #008000;\">18:00&nbsp;<\/span><\/strong>&nbsp;&nbsp;&nbsp;&nbsp;&nbsp;&nbsp;&nbsp;&nbsp;&nbsp;&nbsp;&nbsp;&nbsp;&nbsp;&nbsp;&nbsp;&nbsp;&nbsp;&nbsp;&nbsp;&nbsp;&nbsp;&nbsp;&nbsp;&nbsp;&nbsp;&nbsp;&nbsp;&nbsp;&nbsp;&nbsp;&nbsp;&nbsp;&nbsp;&nbsp;&nbsp;&nbsp;&nbsp;&nbsp;&nbsp;&nbsp;&nbsp;&nbsp;&nbsp;&nbsp;&nbsp;&nbsp;&nbsp;&nbsp;&nbsp;&nbsp;&nbsp;&nbsp;&nbsp;&nbsp;&nbsp;&nbsp;&nbsp;&nbsp;&nbsp;&nbsp;&nbsp;&nbsp;&nbsp;&nbsp;&nbsp;&nbsp;&nbsp;&nbsp;&nbsp;&nbsp;&nbsp;&nbsp;&nbsp;&nbsp;&nbsp;&nbsp;&nbsp;&nbsp;&nbsp;&nbsp;&nbsp;&nbsp;&nbsp;&nbsp;&nbsp;&nbsp;&nbsp;&nbsp;&nbsp;&nbsp;&nbsp;&nbsp;&nbsp;<\/p>\n<p>Dzi\u0119kczynna w 70 rocznic\u0119 urodzin Wies\u0142awy (K) MALUGA z podzi\u0119kowaniem za otrzymane \u0142aski z pro\u015bb\u0105 o zdrowie Bo\u017ce b\u0142ogos\u0142awie\u0144stwo, dary Ducha \u015awi\u0119tego i opiek\u0119 Matki Bo\u017cej Szkaplerznej na dalsze lata \u017cycia \u2013 intencja od m\u0119\u017ca, c\u00f3rek i wnuk\u00f3w<\/p>\n<h3 style=\"text-align: center;\"><span style=\"color: #008000;\">\u015aRODA \/ 8 pa\u017adziernik 2025 \/ \u0141k 11, 1 \u2013 4<\/span><\/h3>\n<p><strong><span style=\"color: #008000;\">8.00<\/span><\/strong>&nbsp;&nbsp;&nbsp;&nbsp;&nbsp;&nbsp;&nbsp;&nbsp;&nbsp;&nbsp;&nbsp;&nbsp;&nbsp;&nbsp;&nbsp;&nbsp;&nbsp;&nbsp;&nbsp;&nbsp;&nbsp;&nbsp;&nbsp;&nbsp;&nbsp;&nbsp;&nbsp;&nbsp;&nbsp;&nbsp;&nbsp;&nbsp;&nbsp;&nbsp;&nbsp;&nbsp;&nbsp;&nbsp;&nbsp;&nbsp;&nbsp;&nbsp;&nbsp;&nbsp;&nbsp;&nbsp;&nbsp;&nbsp;&nbsp;&nbsp;&nbsp;&nbsp;&nbsp;&nbsp;&nbsp;&nbsp;&nbsp;&nbsp;&nbsp;&nbsp;&nbsp;&nbsp;&nbsp;&nbsp;&nbsp;&nbsp;&nbsp;&nbsp;&nbsp;&nbsp;&nbsp;&nbsp;&nbsp;&nbsp;&nbsp;&nbsp;&nbsp;&nbsp;&nbsp;&nbsp;&nbsp;&nbsp;&nbsp;&nbsp;&nbsp;&nbsp;&nbsp;&nbsp;&nbsp;&nbsp;&nbsp;&nbsp;&nbsp;&nbsp;&nbsp;&nbsp;<\/p>\n<p>\u015ap. Zenona MAGO\u0143 \u2013 8 Msza gregoria\u0144ska<\/p>\n<p><strong><span style=\"color: #008000;\">18.00&nbsp;<\/span><\/strong>&nbsp;&nbsp;&nbsp;&nbsp;&nbsp;&nbsp;&nbsp;&nbsp;&nbsp;&nbsp;&nbsp;&nbsp;&nbsp;&nbsp;&nbsp;&nbsp;&nbsp;&nbsp;&nbsp;&nbsp;&nbsp;&nbsp;&nbsp;&nbsp;&nbsp;&nbsp;&nbsp;&nbsp;&nbsp;&nbsp;&nbsp;&nbsp;&nbsp;&nbsp;&nbsp;&nbsp;&nbsp;&nbsp;&nbsp;&nbsp;&nbsp;&nbsp;&nbsp;&nbsp;&nbsp;&nbsp;&nbsp;&nbsp;&nbsp;&nbsp;&nbsp;&nbsp;&nbsp;&nbsp;&nbsp;&nbsp;&nbsp;&nbsp;&nbsp;&nbsp;&nbsp;&nbsp;&nbsp;&nbsp;&nbsp;&nbsp;&nbsp;&nbsp;&nbsp;&nbsp;&nbsp;&nbsp;&nbsp;&nbsp;&nbsp;&nbsp;&nbsp;&nbsp;&nbsp;&nbsp;&nbsp;&nbsp;&nbsp;&nbsp;&nbsp;&nbsp;&nbsp;&nbsp;&nbsp;&nbsp;&nbsp;&nbsp;&nbsp;<\/p>\n<p>\u015ap. Miros\u0142awa (M) LEKS w 5 rocznic\u0119 \u015bmierci i zmar\u0142ych z rodziny<\/p>\n<h3 style=\"text-align: center;\"><span style=\"color: #008000;\">CZWARTEK&nbsp; \/ 9 pa\u017adziernik 2025 \/ \u0141k 11, 5 \u2013 13<\/span><\/h3>\n<h3 style=\"text-align: center;\"><span style=\"color: #008000;\">WSPOMNIENIE B\u0141. WINCENTEGO KAD\u0141UBKA, BISKUPA I ZAKONNIKA<\/span><\/h3>\n<p><strong><span style=\"color: #008000;\">8.00<\/span><\/strong>&nbsp;&nbsp;&nbsp;&nbsp;&nbsp;&nbsp;&nbsp;&nbsp;&nbsp;&nbsp;&nbsp;&nbsp;&nbsp;&nbsp;&nbsp;&nbsp;&nbsp;&nbsp;&nbsp;&nbsp;&nbsp;&nbsp;&nbsp;&nbsp;&nbsp;&nbsp;&nbsp;&nbsp;&nbsp;&nbsp;&nbsp;&nbsp;&nbsp;&nbsp;&nbsp;&nbsp;&nbsp;&nbsp;&nbsp;&nbsp;&nbsp;&nbsp;&nbsp;&nbsp;&nbsp;&nbsp;&nbsp;&nbsp;&nbsp;&nbsp;&nbsp;&nbsp;&nbsp;&nbsp;&nbsp;&nbsp;&nbsp;&nbsp;&nbsp;&nbsp;&nbsp;&nbsp;&nbsp;&nbsp;&nbsp;&nbsp;&nbsp;&nbsp;&nbsp;&nbsp;&nbsp;&nbsp;&nbsp;&nbsp;&nbsp;&nbsp;&nbsp;&nbsp;&nbsp;&nbsp;&nbsp;&nbsp;&nbsp;&nbsp;&nbsp;&nbsp;&nbsp;&nbsp;&nbsp;&nbsp;&nbsp;&nbsp;&nbsp;&nbsp;&nbsp;&nbsp;<\/p>\n<p>\u015ap. Marcinka w 35 rocznic\u0119 \u015bmierci i zmar\u0142ych z rodzin: WI\u015aNIEWSKICH, FILAR, PRZYGODA, KUBACKICH<\/p>\n<p><strong><span style=\"color: #008000;\">18.00&nbsp;<\/span><\/strong>&nbsp;&nbsp;&nbsp;&nbsp;&nbsp;&nbsp;&nbsp;&nbsp;&nbsp;&nbsp;&nbsp;&nbsp;&nbsp;&nbsp;&nbsp;&nbsp;&nbsp;&nbsp;&nbsp;&nbsp;&nbsp;&nbsp;&nbsp;&nbsp;&nbsp;&nbsp;&nbsp;&nbsp;&nbsp;&nbsp;&nbsp;&nbsp;&nbsp;&nbsp;&nbsp;&nbsp;&nbsp;&nbsp;&nbsp;&nbsp;&nbsp;&nbsp;&nbsp;&nbsp;&nbsp;&nbsp;&nbsp;&nbsp;&nbsp;&nbsp;&nbsp;&nbsp;&nbsp;&nbsp;&nbsp;&nbsp;&nbsp;&nbsp;&nbsp;&nbsp;&nbsp;&nbsp;&nbsp;&nbsp;&nbsp;&nbsp;&nbsp;&nbsp;&nbsp;&nbsp;&nbsp;&nbsp;&nbsp;&nbsp;&nbsp;&nbsp;&nbsp;&nbsp;&nbsp;&nbsp;&nbsp;&nbsp;&nbsp;&nbsp;&nbsp;&nbsp;&nbsp;&nbsp;&nbsp;&nbsp;&nbsp;&nbsp;&nbsp;<\/p>\n<p>\u015ap. Zenona MAGO\u0143 \u2013 9 Msza gregoria\u0144ska<\/p>\n<p>&nbsp;<\/p>\n<h2 style=\"text-align: center;\"><span style=\"color: #0000ff;\">ADORACJA NAJ\u015aWI\u0118TSZEGO SAKRAMENTU do godz. 20:00<\/span><\/h2>\n<p>&nbsp;<\/p>\n<h3 style=\"text-align: center;\"><span style=\"color: #008000;\">PI\u0104TEK \/ 10 pa\u017adziernik 2025 \/ \u0141k 11, 15 \u2013 26<\/span><\/h3>\n<p><strong><span style=\"color: #008000;\">8.00&nbsp;<\/span><\/strong>&nbsp;&nbsp;&nbsp;&nbsp;&nbsp;&nbsp;&nbsp;&nbsp;&nbsp;&nbsp;&nbsp;&nbsp;&nbsp;&nbsp;&nbsp;&nbsp;&nbsp;&nbsp;&nbsp;&nbsp;&nbsp;&nbsp;&nbsp;&nbsp;&nbsp;&nbsp;&nbsp;&nbsp;&nbsp;&nbsp;&nbsp;&nbsp;&nbsp;&nbsp;&nbsp;&nbsp;&nbsp;&nbsp;&nbsp;&nbsp;&nbsp;&nbsp;&nbsp;&nbsp;&nbsp;&nbsp;&nbsp;&nbsp;&nbsp;&nbsp;&nbsp;&nbsp;&nbsp;&nbsp;&nbsp;&nbsp;&nbsp;&nbsp;&nbsp;&nbsp;&nbsp;&nbsp;&nbsp;&nbsp;&nbsp;&nbsp;&nbsp;&nbsp;&nbsp;&nbsp;&nbsp;&nbsp;&nbsp;&nbsp;&nbsp;&nbsp;&nbsp;&nbsp;&nbsp;&nbsp;&nbsp;&nbsp;&nbsp;&nbsp;&nbsp;&nbsp;&nbsp;&nbsp;&nbsp;&nbsp;&nbsp;&nbsp;&nbsp;&nbsp;&nbsp;<\/p>\n<p>\u015ap. Zbigniewa TOMASZEWICZ i zmar\u0142ych rodzic\u00f3w Helen\u0119 i Jana (M)<\/p>\n<p><strong><span style=\"color: #008000;\">18.00<\/span><\/strong>&nbsp;&nbsp;&nbsp;&nbsp;&nbsp;&nbsp;&nbsp;&nbsp;&nbsp;&nbsp;&nbsp;&nbsp;&nbsp;&nbsp;&nbsp;&nbsp;&nbsp;&nbsp;&nbsp;&nbsp;&nbsp;&nbsp;&nbsp;&nbsp;&nbsp;&nbsp;&nbsp;&nbsp;&nbsp;&nbsp;&nbsp;&nbsp;&nbsp;&nbsp;&nbsp;&nbsp;&nbsp;&nbsp;&nbsp;&nbsp;&nbsp;&nbsp;&nbsp;&nbsp;&nbsp;&nbsp;&nbsp;&nbsp;&nbsp;&nbsp;&nbsp;&nbsp;&nbsp;&nbsp;&nbsp;&nbsp;&nbsp;&nbsp;&nbsp;&nbsp;&nbsp;&nbsp;&nbsp;&nbsp;&nbsp;&nbsp;&nbsp;&nbsp;&nbsp;&nbsp;&nbsp;&nbsp;&nbsp;&nbsp;&nbsp;&nbsp;&nbsp;&nbsp;&nbsp;&nbsp;&nbsp;&nbsp;&nbsp;&nbsp;&nbsp;&nbsp;&nbsp;&nbsp;&nbsp;&nbsp;&nbsp;&nbsp;&nbsp;&nbsp;<\/p>\n<p>\u015ap. Zenona MAGO\u0143 \u2013 10 Msza gregoria\u0144ska<\/p>\n<h3 style=\"text-align: center;\"><span style=\"color: #008000;\">SOBOTA \/ 11 pa\u017adziernik 2025 \/ \u0141k 11, 27 \u2013 28<\/span><\/h3>\n<p><strong><span style=\"color: #008000;\">8.00<\/span><\/strong>&nbsp;&nbsp;&nbsp;&nbsp;&nbsp;&nbsp;&nbsp;&nbsp;&nbsp;&nbsp;&nbsp;&nbsp;&nbsp;&nbsp;&nbsp;&nbsp;&nbsp;&nbsp;&nbsp;&nbsp;&nbsp;&nbsp;&nbsp;&nbsp;&nbsp;&nbsp;&nbsp;&nbsp;&nbsp;&nbsp;&nbsp;&nbsp;&nbsp;&nbsp;&nbsp;&nbsp;&nbsp;&nbsp;&nbsp;&nbsp;&nbsp;&nbsp;&nbsp;&nbsp;&nbsp;&nbsp;&nbsp;&nbsp;&nbsp;&nbsp;&nbsp;&nbsp;&nbsp;&nbsp;&nbsp;&nbsp;&nbsp;&nbsp;&nbsp;&nbsp;&nbsp;&nbsp;&nbsp;&nbsp;&nbsp;&nbsp;&nbsp;&nbsp;&nbsp;&nbsp;&nbsp;&nbsp;&nbsp;&nbsp;&nbsp;&nbsp;&nbsp;&nbsp;&nbsp;&nbsp;&nbsp;&nbsp;&nbsp;&nbsp;&nbsp;&nbsp;&nbsp;&nbsp;&nbsp;&nbsp;&nbsp;&nbsp;&nbsp;&nbsp;&nbsp;&nbsp;<\/p>\n<p>\u015ap. Zenona MAGO\u0143 \u2013 11 Msza gregoria\u0144ska<\/p>\n<p><strong><span style=\"color: #008000;\">18:00<\/span><\/strong>&nbsp;&nbsp;&nbsp;&nbsp;&nbsp;&nbsp;&nbsp;&nbsp;&nbsp;&nbsp;&nbsp;&nbsp;&nbsp;&nbsp;&nbsp;&nbsp;&nbsp;&nbsp;&nbsp;&nbsp;&nbsp;&nbsp;&nbsp;&nbsp;&nbsp;&nbsp;&nbsp;&nbsp;&nbsp;&nbsp;&nbsp;&nbsp;&nbsp;&nbsp;&nbsp;&nbsp;&nbsp;&nbsp;&nbsp;&nbsp;&nbsp;&nbsp;&nbsp;&nbsp;&nbsp;&nbsp;&nbsp;&nbsp;&nbsp;&nbsp;&nbsp;&nbsp;&nbsp;&nbsp;&nbsp;&nbsp;&nbsp;&nbsp;&nbsp;&nbsp;&nbsp;&nbsp;&nbsp;&nbsp;&nbsp;&nbsp;&nbsp;&nbsp;&nbsp;&nbsp;&nbsp;&nbsp;&nbsp;&nbsp;&nbsp;&nbsp;&nbsp;&nbsp;&nbsp;&nbsp;&nbsp;&nbsp;&nbsp;&nbsp;&nbsp;&nbsp;&nbsp;&nbsp;&nbsp;&nbsp;&nbsp;&nbsp;&nbsp;&nbsp;<\/p>\n<p>\u015ap. Andrzeja JANKOWSKIEGO w 30 dniu po pogrzebie<\/p>\n<p><strong><span style=\"color: #008000;\">18.00&nbsp;&nbsp;<\/span><\/strong>&nbsp;&nbsp;&nbsp;&nbsp;&nbsp;&nbsp;&nbsp;&nbsp;&nbsp;&nbsp;&nbsp;&nbsp;&nbsp;&nbsp;&nbsp;&nbsp;&nbsp;&nbsp;&nbsp;&nbsp;&nbsp;&nbsp;&nbsp;&nbsp;&nbsp;&nbsp;&nbsp;&nbsp;&nbsp;&nbsp;&nbsp;&nbsp;&nbsp;&nbsp;&nbsp;&nbsp;&nbsp;&nbsp;&nbsp;&nbsp;&nbsp;&nbsp;&nbsp;&nbsp;&nbsp;&nbsp;&nbsp;&nbsp;&nbsp;&nbsp;&nbsp;&nbsp;&nbsp;&nbsp;&nbsp;&nbsp;&nbsp;&nbsp;&nbsp;&nbsp;&nbsp;&nbsp;&nbsp;&nbsp;&nbsp;&nbsp;&nbsp;&nbsp;&nbsp;&nbsp;&nbsp;&nbsp;&nbsp;&nbsp;&nbsp;&nbsp;&nbsp;&nbsp;&nbsp;&nbsp;&nbsp;&nbsp;&nbsp;&nbsp;&nbsp;&nbsp;&nbsp;&nbsp;&nbsp;&nbsp;&nbsp;&nbsp;<\/p>\n<p>\u015ap. J\u00f3zefa (M) KWIATOSZ z okazji rocznicy ziemskich urodzin oraz za zmar\u0142ych rodzic\u00f3w z obojga stron<\/p>\n<h3 style=\"text-align: center;\"><span style=\"color: #008000;\">XXVIII NIEDZIELA ZWYK\u0141A 12 pa\u017adziernik 2025 \/ \u0141k 17, 11 \u2013 19<\/span><\/h3>\n<p><strong><span style=\"color: #008000;\">8.00<\/span><\/strong>&nbsp;&nbsp;&nbsp;&nbsp;&nbsp;&nbsp;&nbsp;&nbsp;&nbsp;&nbsp;&nbsp;&nbsp;&nbsp;&nbsp;&nbsp;&nbsp;&nbsp;&nbsp;&nbsp;&nbsp;&nbsp;&nbsp;&nbsp;&nbsp;&nbsp;&nbsp;&nbsp;&nbsp;&nbsp;&nbsp;&nbsp;&nbsp;&nbsp;&nbsp;&nbsp;&nbsp;&nbsp;&nbsp;&nbsp;&nbsp;&nbsp;&nbsp;&nbsp;&nbsp;&nbsp;&nbsp;&nbsp;&nbsp;&nbsp;&nbsp;&nbsp;&nbsp;&nbsp;&nbsp;&nbsp;&nbsp;&nbsp;&nbsp;&nbsp;&nbsp;&nbsp;&nbsp;&nbsp;&nbsp;&nbsp;&nbsp;&nbsp;&nbsp;&nbsp;&nbsp;&nbsp;&nbsp;&nbsp;&nbsp;&nbsp;&nbsp;&nbsp;&nbsp;&nbsp;&nbsp;&nbsp;&nbsp;&nbsp;&nbsp;&nbsp;&nbsp;&nbsp;&nbsp;&nbsp;&nbsp;&nbsp;&nbsp;&nbsp;&nbsp;&nbsp;&nbsp;<\/p>\n<p>\u015ap. Tomasza, Aniel\u0119, Piotra i Jana<\/p>\n<p><strong><span style=\"color: #008000;\">10:00&nbsp;&nbsp;&nbsp;<\/span><\/strong>&nbsp;&nbsp;&nbsp;&nbsp;&nbsp;&nbsp;&nbsp;&nbsp;&nbsp;&nbsp;&nbsp;&nbsp;&nbsp;&nbsp;&nbsp;&nbsp;&nbsp;&nbsp;&nbsp;&nbsp;&nbsp;&nbsp;&nbsp;&nbsp;&nbsp;&nbsp;&nbsp;&nbsp;&nbsp;&nbsp;&nbsp;&nbsp;&nbsp;&nbsp;&nbsp;&nbsp;&nbsp;&nbsp;&nbsp;&nbsp;&nbsp;&nbsp;&nbsp;&nbsp;&nbsp;&nbsp;&nbsp;&nbsp;&nbsp;&nbsp;&nbsp;&nbsp;&nbsp;&nbsp;&nbsp;&nbsp;&nbsp;&nbsp;&nbsp;&nbsp;&nbsp;&nbsp;&nbsp;&nbsp;&nbsp;&nbsp;&nbsp;&nbsp;&nbsp;&nbsp;&nbsp;&nbsp;&nbsp;&nbsp;&nbsp;&nbsp;&nbsp;&nbsp;&nbsp;&nbsp;&nbsp;&nbsp;&nbsp;&nbsp;&nbsp;&nbsp;&nbsp;&nbsp;&nbsp;&nbsp;&nbsp;<\/p>\n<p>\u015ap. Zenona MAGO\u0143 \u2013 12 Msza gregoria\u0144ska&nbsp; &nbsp; &nbsp; &nbsp; &nbsp; &nbsp; &nbsp; &nbsp; &nbsp; &nbsp; &nbsp; &nbsp; &nbsp; &nbsp; &nbsp; &nbsp; &nbsp; &nbsp; &nbsp; &nbsp; &nbsp; &nbsp; &nbsp; &nbsp; &nbsp; &nbsp; &nbsp; &nbsp; &nbsp; &nbsp; &nbsp; &nbsp; &nbsp; &nbsp; &nbsp; &nbsp; &nbsp; &nbsp; &nbsp; &nbsp; &nbsp; &nbsp; &nbsp; &nbsp; &nbsp;&nbsp;<\/p>\n<p><strong><span style=\"color: #008000;\">12.00<\/span><\/strong>&nbsp;&nbsp;&nbsp;&nbsp;&nbsp;&nbsp;&nbsp;&nbsp;&nbsp;&nbsp;&nbsp;&nbsp;&nbsp;&nbsp;&nbsp;&nbsp;&nbsp;&nbsp;&nbsp;&nbsp;&nbsp;&nbsp;&nbsp;&nbsp;&nbsp;&nbsp;&nbsp;&nbsp;&nbsp;&nbsp;&nbsp;&nbsp;&nbsp;&nbsp;&nbsp;&nbsp;&nbsp;&nbsp;&nbsp;&nbsp;&nbsp;&nbsp;&nbsp;&nbsp;&nbsp;&nbsp;&nbsp;&nbsp;&nbsp;&nbsp;&nbsp;&nbsp;&nbsp;&nbsp;&nbsp;&nbsp;&nbsp;&nbsp;&nbsp;&nbsp;&nbsp;&nbsp;&nbsp;&nbsp;&nbsp;&nbsp;&nbsp;&nbsp;&nbsp;&nbsp;&nbsp;&nbsp;&nbsp;&nbsp;&nbsp;&nbsp;&nbsp;&nbsp;&nbsp;&nbsp;&nbsp;&nbsp;&nbsp;&nbsp;&nbsp;&nbsp;&nbsp;&nbsp;&nbsp;&nbsp;&nbsp;&nbsp;&nbsp;&nbsp;<\/p>\n<p><strong><span style=\"color: #ff0000;\">ZA PARAFIAN<\/span><\/strong><\/p>\n<p><strong><span style=\"color: #008000;\">15.00&nbsp;&nbsp;<\/span><\/strong>&nbsp;&nbsp;&nbsp;&nbsp;&nbsp;&nbsp;&nbsp;&nbsp;&nbsp;&nbsp;&nbsp;&nbsp;&nbsp;&nbsp;&nbsp;&nbsp;&nbsp;&nbsp;&nbsp;&nbsp;&nbsp;&nbsp;&nbsp;&nbsp;&nbsp;&nbsp;&nbsp;&nbsp;&nbsp;&nbsp;&nbsp;&nbsp;&nbsp;&nbsp;&nbsp;&nbsp;&nbsp;&nbsp;&nbsp;&nbsp;&nbsp;&nbsp;&nbsp;&nbsp;&nbsp;&nbsp;&nbsp;&nbsp;&nbsp;&nbsp;&nbsp;&nbsp;&nbsp;&nbsp;&nbsp;&nbsp;&nbsp;&nbsp;&nbsp;&nbsp;&nbsp;&nbsp;&nbsp;&nbsp;&nbsp;&nbsp;&nbsp;&nbsp;&nbsp;&nbsp;&nbsp;&nbsp;&nbsp;&nbsp;&nbsp;&nbsp;&nbsp;&nbsp;&nbsp;&nbsp;&nbsp;&nbsp;&nbsp;&nbsp;&nbsp;&nbsp;&nbsp;&nbsp;&nbsp;&nbsp;&nbsp;&nbsp;<\/p>\n<p>\u015ap. Henryk\u0119 i Piotra ABUCEWICZ i zmar\u0142ych z rodziny<\/p>\n<p><strong><span style=\"color: #008000;\">18.00&nbsp;&nbsp;<\/span><\/strong>&nbsp;&nbsp;&nbsp;&nbsp;&nbsp;&nbsp;&nbsp;&nbsp;&nbsp;&nbsp;&nbsp;&nbsp;&nbsp;&nbsp;&nbsp;&nbsp;&nbsp;&nbsp;&nbsp;&nbsp;&nbsp;&nbsp;&nbsp;&nbsp;&nbsp;&nbsp;&nbsp;&nbsp;&nbsp;&nbsp;&nbsp;&nbsp;&nbsp;&nbsp;&nbsp;&nbsp;&nbsp;&nbsp;&nbsp;&nbsp;&nbsp;&nbsp;&nbsp;&nbsp;&nbsp;&nbsp;&nbsp;&nbsp;&nbsp;&nbsp;&nbsp;&nbsp;&nbsp;&nbsp;&nbsp;&nbsp;&nbsp;&nbsp;&nbsp;&nbsp;&nbsp;&nbsp;&nbsp;&nbsp;&nbsp;&nbsp;&nbsp;&nbsp;&nbsp;&nbsp;&nbsp;&nbsp;&nbsp;&nbsp;&nbsp;&nbsp;&nbsp;&nbsp;&nbsp;&nbsp;&nbsp;&nbsp;&nbsp;&nbsp;&nbsp;&nbsp;&nbsp;&nbsp;&nbsp;&nbsp;&nbsp;&nbsp;<\/p>\n<p>\u015ap. Tadeusza w 3 rocznic\u0119 \u015bmierci<\/p>\n","protected":false},"excerpt":{"rendered":"<p>Sk\u0105d wzi\u0105\u0142 si\u0119 R\u00f3\u017caniec? Odmawiaj\u0105c r\u00f3\u017caniec warto pozna\u0107 jego histori\u0119: jest ona zwi\u0105zana z zakonem dominikan\u00f3w i Alanem de La Roche Dla nas to oczywisto\u015b\u0107, \u017ce dziesi\u0105tk\u0119 R\u00f3\u017ca\u0144ca tworzy \u201eOjcze nasz\u201d i 10 \u201eZdrowa\u015b Maryjo\u201d. Podobnie jest z rozwa\u017caniem tajemnic. Ale podzia\u0142 na 15 dziesi\u0105tek, kt\u00f3re razem tworz\u0105 150 \u201ePozdrowie\u0144 anielskich\u201d i 15 tajemnic do [&hellip;]<\/p>\n","protected":false},"author":1,"featured_media":5923,"comment_status":"closed","ping_status":"closed","sticky":false,"template":"","format":"standard","meta":{"ngg_post_thumbnail":0,"footnotes":""},"categories":[11,8,4,3],"tags":[],"class_list":["post-5922","post","type-post","status-publish","format-standard","has-post-thumbnail","hentry","category-aktualnosci","category-blog","category-intencje","category-ogloszenia"],"_links":{"self":[{"href":"https:\/\/rafalk-elblag.pl\/index.php?rest_route=\/wp\/v2\/posts\/5922","targetHints":{"allow":["GET"]}}],"collection":[{"href":"https:\/\/rafalk-elblag.pl\/index.php?rest_route=\/wp\/v2\/posts"}],"about":[{"href":"https:\/\/rafalk-elblag.pl\/index.php?rest_route=\/wp\/v2\/types\/post"}],"author":[{"embeddable":true,"href":"https:\/\/rafalk-elblag.pl\/index.php?rest_route=\/wp\/v2\/users\/1"}],"replies":[{"embeddable":true,"href":"https:\/\/rafalk-elblag.pl\/index.php?rest_route=%2Fwp%2Fv2%2Fcomments&post=5922"}],"version-history":[{"count":4,"href":"https:\/\/rafalk-elblag.pl\/index.php?rest_route=\/wp\/v2\/posts\/5922\/revisions"}],"predecessor-version":[{"id":5927,"href":"https:\/\/rafalk-elblag.pl\/index.php?rest_route=\/wp\/v2\/posts\/5922\/revisions\/5927"}],"wp:featuredmedia":[{"embeddable":true,"href":"https:\/\/rafalk-elblag.pl\/index.php?rest_route=\/wp\/v2\/media\/5923"}],"wp:attachment":[{"href":"https:\/\/rafalk-elblag.pl\/index.php?rest_route=%2Fwp%2Fv2%2Fmedia&parent=5922"}],"wp:term":[{"taxonomy":"category","embeddable":true,"href":"https:\/\/rafalk-elblag.pl\/index.php?rest_route=%2Fwp%2Fv2%2Fcategories&post=5922"},{"taxonomy":"post_tag","embeddable":true,"href":"https:\/\/rafalk-elblag.pl\/index.php?rest_route=%2Fwp%2Fv2%2Ftags&post=5922"}],"curies":[{"name":"wp","href":"https:\/\/api.w.org\/{rel}","templated":true}]}}