{"id":5913,"date":"2025-09-27T20:01:07","date_gmt":"2025-09-27T20:01:07","guid":{"rendered":"https:\/\/rafalk-elblag.pl\/?p=5913"},"modified":"2025-09-27T20:01:07","modified_gmt":"2025-09-27T20:01:07","slug":"xxvi-niedziela-zwykla","status":"publish","type":"post","link":"https:\/\/rafalk-elblag.pl\/?p=5913","title":{"rendered":"XXVI NIEDZIELA ZWYK\u0141A"},"content":{"rendered":"<p><img loading=\"lazy\" decoding=\"async\" class=\"aligncenter\" src=\"https:\/\/rafalk-elblag.pl\/wp-content\/uploads\/2025\/08\/biuletyn-graf.jpg\" width=\"552\" height=\"357\"><\/p>\n<h5 style=\"text-align: center;\"><span style=\"color: #ff0000;\"><strong>Czy modlisz si\u0119 do Matki Mi\u0142osierdzia<br \/>\n&nbsp;i Naszej Nadziei?<\/strong><\/span><\/h5>\n<p><strong>Drogi Przyjacielu!<\/strong> Papie\u017c Franciszek do <em>Litanii loreta\u0144skiej <\/em>doda\u0142 nowe wezwanie: <strong>\u201eMatko nadziei\u201d<\/strong> \u2013 o Maryi, kt\u00f3ra jest Matk\u0105 naszej nadziei. Ona b\u0119dzie nam towarzyszy\u0107 na drogach Roku \u015awi\u0119tego. <strong>Dlatego do Niej si\u0119 uciekamy i prosimy, by prowadzi\u0142a nas do Swego Syna Jezusa Chrystusa. <\/strong><strong><em>\u201eNadzieja znajduje swoje najwznio\u015blejsze \u015bwiadectwo w Matce Bo\u017cej. W Niej widzimy,<br \/>\n\u017ce nadzieja nie jest \u0142atwowiernym optymizmem, lecz darem \u0142aski w realizmie \u017cycia\u2026 <\/em><\/strong><em>U stup krzy\u017ca, gdy widzia\u0142a jak niewinny Jezus cierpi i umiera, chocia\u017c odczuwa\u0142a potworny b\u00f3l, powt\u00f3rzy\u0142a swoje &lt;tak&gt;, nie trac\u0105c nadziei i ufno\u015bci w Panu\u2026 A w udr\u0119ce tego b\u00f3lu, ofiarowanego z mi\u0142o\u015bci, sta\u0142a si\u0119 nasz\u0105 matk\u0105, Matk\u0105 nadziei\u201d<\/em> (SNC 24).&nbsp;Jej ofiara jest \u015bci\u015ble zwi\u0105zana z krzy\u017cem Jej Syna, u kt\u00f3rego st\u00f3p wypada\u0142o Jej stan\u0105\u0107 na Kalwarii. <strong>Ofiara ta stanowi swoisty udzia\u0142 <\/strong><strong>w objawieniu Bo\u017cego Mi\u0142osierdzia, kt\u00f3re dokona\u0142o si\u0119 przez krzy\u017c.<\/strong> W tym znaczeniu nazywamy J\u0105 Matk\u0105 Mi\u0142osierdzia. Tytu\u0142 ten m\u00f3wi o Niej jako o Matce Ukrzy\u017cowanego i Zmartwychwsta\u0142ego Pana. Jako o Tej, kt\u00f3ra do\u015bwiadczywszy mi\u0142osierdzia w spos\u00f3b wyj\u0105tkowy, wys\u0142uguje nam to mi\u0142osierdzie przez ca\u0142e swoje \u017cycie a przede wszystkim u st\u00f3p krzy\u017ca swojego Syna. <strong><em>\u201eDzi\u0119ki swej macierzy\u0144skiej mi\u0142o\u015bci opiekuje si\u0119 bra\u0107mi Syna swego, pielgrzymuj\u0105cymi jeszcze i nara\u017conymi na trudy<br \/>\ni niebezpiecze\u0144stwa, dop\u00f3ki nie zostan\u0105 doprowadzeni do szcz\u0119\u015bliwej ojczyzny\u201d<\/em><\/strong> (KK 62). Dlatego z nadziej\u0105 si\u0119 do Niej uciekamy, wierz\u0105c \u017ce nigdy nas nie opu\u015bci.<\/p>\n<p>&nbsp;&nbsp;&nbsp;&nbsp;&nbsp;&nbsp;&nbsp;&nbsp;&nbsp;&nbsp;&nbsp; Pod krzy\u017cem Maryja wraz z Janem, uczniem mi\u0142o\u015bci, sta\u0142a si\u0119 \u015bwiadkiem s\u0142\u00f3w przebaczenia, kt\u00f3re wysz\u0142y z ust Jezusa. Najwy\u017cszy akt przebaczenia dla tego, kto Go ukrzy\u017cowa\u0142, ukazuje jak daleko mo\u017ce si\u0119ga\u0107 Bo\u017ce mi\u0142osierdzie. Maryja potwierdza, \u017ce mi\u0142osierdzie Syna Bo\u017cego nie zna granic i dociera do wszystkich, nie wykluczaj\u0105c nikogo. Do Niej trzeba si\u0119 nam zwraca\u0107 s\u0142owami staro\u017cytnej modlitwy: <strong><em>\u201eSalve Regina \u2013 Witaj Kr\u00f3lowo\u201d<\/em><\/strong>, i prosi\u0107, by nie przestawa\u0142a zwraca\u0107 na nas swoich oczu, pe\u0142nych mi\u0142osierdzia.<\/p>\n<p>&nbsp;&nbsp;&nbsp;&nbsp;&nbsp;&nbsp;&nbsp;&nbsp;&nbsp;&nbsp;&nbsp; <strong>Drogi Bracie, droga Siostro!<\/strong> Chrze\u015bcijanie stosunkowo wcze\u015bnie zacz\u0119li u\u015bwiadamia\u0107 sobie prawd\u0119, \u017ce Maryja ma udzia\u0142 w tajemnicy Mi\u0142osierdzia Bo\u017cego. Zacz\u0119to wzywa\u0107 J\u0105 jako Matk\u0119 Mi\u0142osierdzia i zwraca\u0107 si\u0119 do niej. Najstarszym tego \u015bwiadectwem jest posta\u0142a na Wschodzie w IV wieku antyfona: <strong><em>Pod Twoj\u0105 obron\u0119\u2026<\/em><\/strong>, kt\u00f3ra w pierwszej wersji zaczyna\u0142a si\u0119 od s\u0142\u00f3w: <strong><em>\u201eDo twego mi\u0142osierdzia uciekamy si\u0119 Bogarodzico\u201d<\/em><\/strong>. Ona jest dla ca\u0142ego Ludu Bo\u017cego znakiem niezachwianej nadziei i pociechy. Dlatego i my cz\u0119sto powtarzamy te modlitw\u0119 i przez wstawiennictwo Maryi prosimy o potrzebne \u0142aski. <strong>W roku Jubileuszowym prosimy, aby\u015bmy dobrze wykorzystali i prze\u017cyli <em>\u201eczas \u0142aski\u201d<\/em> Roku \u015awi\u0119tego oraz bardziej gorliwie \u017cyli z Chrystusem<br \/>\ni w Chrystusie.<\/strong><\/p>\n<p><img loading=\"lazy\" decoding=\"async\" class=\"aligncenter\" src=\"https:\/\/rafalk-elblag.pl\/wp-content\/uploads\/2025\/08\/ogl-graf.png\" width=\"553\" height=\"261\"><\/p>\n<p><strong>&nbsp;<\/strong><\/p>\n<p style=\"text-align: center;\"><span style=\"color: #008000;\"><strong>OG\u0141OSZENIA PARAFIALNE&nbsp; 28.09.2025 r.<\/strong><\/span><\/p>\n<p style=\"text-align: center;\"><span style=\"color: #008000;\"><strong>XXVI NIEDZIELA ZWYK\u0141A<\/strong><\/span><\/p>\n<p><strong>&nbsp;<\/strong><\/p>\n<ol>\n<li>Wolontariusze Caritas dzisiaj zbieraj\u0105 przed ko\u015bcio\u0142em ofiary dla rzecz os\u00f3b potrzebuj\u0105cych wsparcia czy czasami konkretnej pomocy. <strong>PRZYPOMINAMY: PARAFIALNY ODDZIA\u0141 CARITAS <\/strong>naszej parafii znajduje przy ul. Myliusa 1A<br \/>\ni czynny jest w pierwszy i trzeci czwartek miesi\u0105ca od 16:00 do godz. 17:00.<\/li>\n<li>W ka\u017cdy czwartek zapraszamy na<strong> Adoracj\u0119 Naj\u015bwi\u0119tszego Sakramentu w ciszy. <\/strong><em>Adoracja rozpoczyna si\u0119 po Mszy \u015bw. wieczornej i trwa do godziny 20:00. <\/em><\/li>\n<li>Dzi\u015b po Mszy \u015bw. o godz. 18:00 spotkanie na plebanii z uczniami klas VIII Szko\u0142y Podstawowej, kt\u00f3rzy chc\u0105 przygotowa\u0107 si\u0119 do <strong>SAKRAMENTU BIERZMOWANIA <\/strong>z ks. Adamem.<\/li>\n<li>Wewtorek (30 wrze\u015bnia) w salce m\u0142odzie\u017cowej spotkanie z kandydatami<br \/>\ndo <strong>SAKRAMENTU BIERZMOWANIA<\/strong> przygotowuj\u0105cych si\u0119 ju\u017c drugi rok.<br \/>\n<em> Proboszcz oczekuje i zaprasza wszystkich kt\u00f3rzy pragn\u0105 kontynuowa\u0107 t\u0119 przygod\u0119<br \/>\ni sta\u0107 si\u0119 dojrza\u0142ymi chrze\u015bcijanami.<\/em><\/li>\n<li>OAZA KATEDRALNA zaprasza na spotkania na plebanii w ka\u017cd\u0105 2 sobot\u0119 miesi\u0105ca po Mszy \u015bw. o godz. 18:00. Kontakt Pawe\u0142 &#8211; 510&nbsp;448&nbsp;380 lub Animatorka Weronika&nbsp; &#8211; 798&nbsp;096&nbsp;305.<\/li>\n<li>Przed nami miesi\u0105c <strong>R\u00d3\u017bA\u0143CA \u015aWI\u0118TEGO. Zapraszamy parafian na nabo\u017ce\u0144stwa <\/strong>przed Naj\u015bwi\u0119tszym Sakramentem przez ca\u0142y miesi\u0105c<strong> o godz. 17:15. Dzieci <\/strong>w spos\u00f3b szczeg\u00f3lny zapraszamy we <strong>wtorki <\/strong>i <strong>czwartki<\/strong> o godz. 16:30.<\/li>\n<li>W tym tygodniu przypada:<\/li>\n<\/ol>\n<ul>\n<li><strong>pierwszy czwartek miesi\u0105ca<\/strong> \u2013 Msza \u015bw. o godz. 18:00, a po niej na ADORACJA NA\u015aWI\u0118TSZEGO SAKRAMENTU tj. <strong>\u201eGODZINA\u015aWI\u0118TA\u201d.<\/strong> Zapraszamy wszystkie osoby modl\u0105ce si\u0119 za kap\u0142an\u00f3w a szczeg\u00f3lnie \u201eMARGARETKI\u201d.<\/li>\n<li><strong>pierwszy pi\u0105tek miesi\u0105ca<\/strong> \u2013 spowied\u017a od godz. 16:00 i Msza \u015bw. o godz. 16:30<br \/>\ndla dzieci &#8211; szczeg\u00f3lnie klas IV, kt\u00f3re podj\u0119\u0142y si\u0119 praktyki 9 pierwszych pi\u0105tk\u00f3w miesi\u0105ca. <strong><em>Spowied\u017a dla doros\u0142ych, m\u0142odzie\u017cy i dzieci w tygodniu od godz. 17:30 <\/em><\/strong><\/li>\n<li><strong>pierwsza sobota miesi\u0105ca<\/strong> \u2013 zapraszamy wszystkich czcicieli Matki Bo\u017cej na nabo\u017ce\u0144stwo wynagradzaj\u0105ce o godz. 17:00, Msza \u015bw. wotywna o godz. 18:00<\/li>\n<\/ul>\n<ol start=\"8\">\n<li>W pierwszy pi\u0105tek miesi\u0105ca (3.10.) kap\u0142ani z Panem Jezusem udadz\u0105 si\u0119 do chorych<br \/>\nod godz. 9:30.<\/li>\n<li><strong>W tygodniu w liturgii ko\u015bcio\u0142a wspominamy:<\/strong><\/li>\n<\/ol>\n<ul>\n<li>w poniedzia\u0142ek \u015bw. Archanio\u0142\u00f3w Micha\u0142a , Gabriela i Rafa\u0142a<\/li>\n<li>we wtorek \u015bw. Hieronima, kap\u0142ana i doktora ko\u015bcio\u0142a,<\/li>\n<li>w \u015brod\u0119 \u015bw. Teresy od Dzieci\u0105tka Jezus, dziewicy i doktora ko\u015bcio\u0142a,<\/li>\n<li>w czwartek wspomnienie \u015awi\u0119tych Anio\u0142\u00f3w Str\u00f3\u017c\u00f3w<\/li>\n<li>w sobot\u0119 \u015bw. Franciszka z Asy\u017cu.<\/li>\n<\/ul>\n<ol start=\"10\">\n<li>Mamy ju\u017c mo\u017cliwo\u015b\u0107 zamawiania i<strong> REZERWACJI <\/strong>Mszy \u015bwi\u0119tej <strong>na ROK 2026<\/strong>. Informacj\u0119t\u0119 podajemy dla tych wszystkich, kt\u00f3rzy pragn\u0105 w konkretnym dniu zam\u00f3wi\u0107 intencj\u0119 mszaln\u0105. <em><u>ZAPRASZAMY DO ZAKRYSTII LUB DO KANCELARII.<\/u><\/em><\/li>\n<li>Dzia\u0142a <strong>PORADNIA RODZINNA<\/strong> przy ul. Zamkowej 17.<em> Czynna w ka\u017cd\u0105 \u015brod\u0119<br \/>\nw godz. 15:00 \u2013 17:00. Tel. 668&nbsp;541&nbsp;102.<\/em><\/li>\n<li>Zach\u0119cam do nabywania nowego numeru \u201eGo\u015bcia Niedzielnego\u201d<strong> w cenie 10 z\u0142. <\/strong>Jest te\u017c wy\u0142o\u017cony<strong> BIULETYN PARAFIALNY<\/strong> na stolikach przy wej\u015bciu do ko\u015bcio\u0142a.<u><u> Zach\u0119camy do zabrania dla siebie i s\u0105siad\u00f3w<em>.<br \/>\n<\/em><\/u><\/u><\/p>\n<h4><em><img loading=\"lazy\" decoding=\"async\" class=\"aligncenter\" src=\"https:\/\/rafalk-elblag.pl\/wp-content\/uploads\/2025\/08\/intencje-gragika.jpg\" width=\"552\" height=\"276\"><\/em><\/h4>\n<h5 style=\"text-align: center;\"><span style=\"color: #008000;\">XXVI NIEDZIELA ZWYK\u0141A 28 wrze\u015bnia 2025 \/&nbsp;&nbsp;&nbsp; \u0141k 16, 19 \u2013 31<\/span><\/h5>\n<p><strong><span style=\"color: #008000;\">8.00<\/span><\/strong>&nbsp;&nbsp;&nbsp;&nbsp;&nbsp;&nbsp;&nbsp;&nbsp;&nbsp;&nbsp;&nbsp;&nbsp;&nbsp;&nbsp;&nbsp;&nbsp;&nbsp;&nbsp;&nbsp;&nbsp;&nbsp;&nbsp;&nbsp;&nbsp;&nbsp;&nbsp;&nbsp;&nbsp;&nbsp;&nbsp;&nbsp;&nbsp;&nbsp;&nbsp;&nbsp;&nbsp;&nbsp;&nbsp;&nbsp;&nbsp;&nbsp;&nbsp;&nbsp;&nbsp;&nbsp;&nbsp;&nbsp;&nbsp;&nbsp;&nbsp;&nbsp;&nbsp;&nbsp;&nbsp;&nbsp;&nbsp;&nbsp;&nbsp;&nbsp;&nbsp;&nbsp;&nbsp;&nbsp;&nbsp;&nbsp;&nbsp;&nbsp;&nbsp;&nbsp;&nbsp;&nbsp;&nbsp;&nbsp;&nbsp;&nbsp;&nbsp;&nbsp;&nbsp;&nbsp;&nbsp;&nbsp;&nbsp;&nbsp;&nbsp;&nbsp;&nbsp;&nbsp;&nbsp;&nbsp;&nbsp;&nbsp;&nbsp;&nbsp;&nbsp;&nbsp;&nbsp;<\/p>\n<p>\u015ap. Sylwestra BA\u0141DYGA w 7 rocznic\u0119 \u015bmierci, Lucjana, Mariann\u0119, Feliksa Bronis\u0142aw\u0119, Stanis\u0142awa (M)<\/p>\n<p><strong><span style=\"color: #008000;\">10.00<\/span><\/strong>&nbsp;&nbsp;&nbsp;&nbsp;&nbsp;&nbsp;&nbsp;&nbsp;&nbsp;&nbsp;&nbsp;&nbsp;&nbsp;&nbsp;&nbsp;&nbsp;&nbsp;&nbsp;&nbsp;&nbsp;&nbsp;&nbsp;&nbsp;&nbsp;&nbsp;&nbsp;&nbsp;&nbsp;&nbsp;&nbsp;&nbsp;&nbsp;&nbsp;&nbsp;&nbsp;&nbsp;&nbsp;&nbsp;&nbsp;&nbsp;&nbsp;&nbsp;&nbsp;&nbsp;&nbsp;&nbsp;&nbsp;&nbsp;&nbsp;&nbsp;&nbsp;&nbsp;&nbsp;&nbsp;&nbsp;&nbsp;&nbsp;&nbsp;&nbsp;&nbsp;&nbsp;&nbsp;&nbsp;&nbsp;&nbsp;&nbsp;&nbsp;&nbsp;&nbsp;&nbsp;&nbsp;&nbsp;&nbsp;&nbsp;&nbsp;&nbsp;&nbsp;&nbsp;&nbsp;&nbsp;&nbsp;&nbsp;&nbsp;&nbsp;&nbsp;&nbsp;&nbsp;&nbsp;&nbsp;&nbsp;&nbsp;&nbsp;&nbsp;&nbsp;<\/p>\n<p>\u015ap. Michalin\u0119 WO\u0179NIAK<\/p>\n<p><strong><span style=\"color: #008000;\">12.00&nbsp;&nbsp;<\/span><\/strong>&nbsp;&nbsp;&nbsp;&nbsp;&nbsp;&nbsp;&nbsp;&nbsp;&nbsp;&nbsp;&nbsp;&nbsp;&nbsp;&nbsp;&nbsp;&nbsp;&nbsp;&nbsp;&nbsp;&nbsp;&nbsp;&nbsp;&nbsp;&nbsp;&nbsp;&nbsp;&nbsp;&nbsp;&nbsp;&nbsp;&nbsp;&nbsp;&nbsp;&nbsp;&nbsp;&nbsp;&nbsp;&nbsp;&nbsp;&nbsp;&nbsp;&nbsp;&nbsp;&nbsp;&nbsp;&nbsp;&nbsp;&nbsp;&nbsp;&nbsp;&nbsp;&nbsp;&nbsp;&nbsp;&nbsp;&nbsp;&nbsp;&nbsp;&nbsp;&nbsp;&nbsp;&nbsp;&nbsp;&nbsp;&nbsp;&nbsp;&nbsp;&nbsp;&nbsp;&nbsp;&nbsp;&nbsp;&nbsp;&nbsp;&nbsp;&nbsp;&nbsp;&nbsp;&nbsp;&nbsp;&nbsp;&nbsp;&nbsp;&nbsp;&nbsp;&nbsp;&nbsp;&nbsp;&nbsp;&nbsp;&nbsp;&nbsp;<\/p>\n<p>\u015ap. Mariann\u0119 IDZIKOWSK\u0104 \u2013 28 Msza gregoria\u0144ska<\/p>\n<p><strong><span style=\"color: #008000;\">15.00&nbsp;&nbsp;<\/span><\/strong>&nbsp; &nbsp; &nbsp; &nbsp; &nbsp; &nbsp; &nbsp; &nbsp; &nbsp; &nbsp; &nbsp; &nbsp; &nbsp; &nbsp; &nbsp; &nbsp; &nbsp; &nbsp; &nbsp; &nbsp; &nbsp; &nbsp; &nbsp; &nbsp; &nbsp; &nbsp; &nbsp; &nbsp; &nbsp; &nbsp; &nbsp; &nbsp; &nbsp; &nbsp; &nbsp; &nbsp; &nbsp; &nbsp; &nbsp; &nbsp; &nbsp; &nbsp; &nbsp; &nbsp; &nbsp; &nbsp;<\/p>\n<p>Dzi\u0119kczynna z okazji 75 urodzin Zbigniewa TROCZEK z pro\u015bb\u0105 o Bo\u017ce b\u0142ogos\u0142awie\u0144stwo, potrzebne \u0142aski opiek\u0119 Matki Bo\u017cej Szkaplerznej<\/p>\n<p><strong><span style=\"color: #008000;\">18.00&nbsp;<\/span><\/strong>&nbsp;&nbsp;&nbsp;&nbsp;&nbsp;&nbsp;&nbsp;&nbsp;&nbsp;&nbsp;&nbsp;&nbsp;&nbsp;&nbsp;&nbsp;&nbsp;&nbsp;&nbsp;&nbsp;&nbsp;&nbsp;&nbsp;&nbsp;&nbsp;&nbsp;&nbsp;&nbsp;&nbsp;&nbsp;&nbsp;&nbsp;&nbsp;&nbsp;&nbsp;&nbsp;&nbsp;&nbsp;&nbsp;&nbsp;&nbsp;&nbsp;&nbsp;&nbsp;&nbsp;&nbsp;&nbsp;&nbsp;&nbsp;&nbsp;&nbsp;&nbsp;&nbsp;&nbsp;&nbsp;&nbsp;&nbsp;&nbsp;&nbsp;&nbsp;&nbsp;&nbsp;&nbsp;&nbsp;&nbsp;&nbsp;&nbsp;&nbsp;&nbsp;&nbsp;&nbsp;&nbsp;&nbsp;&nbsp;&nbsp;&nbsp;&nbsp;&nbsp;&nbsp;&nbsp;&nbsp;&nbsp;&nbsp;&nbsp;&nbsp;&nbsp;&nbsp;&nbsp;&nbsp;&nbsp;&nbsp;&nbsp;&nbsp;&nbsp;<\/p>\n<p>\u015ap. Stefana KOWALCZYK, \u015ap. Mieczys\u0142awa KIMACH, \u015ap. Jadwig\u0119, Miko\u0142aja GORSZONOWSKICH oraz zmar\u0142ych z tych rodzin<\/p>\n<h5 style=\"text-align: center;\"><strong><span style=\"color: #008000;\">PONIEDZIA\u0141EK \/ 29 wrze\u015bnia 2025 \/ J&nbsp; 1, 47 \u2013 51<\/span><\/strong><\/h5>\n<h5 style=\"text-align: center;\"><strong><span style=\"color: #008000;\">\u015aWI\u0118TO \u015aW. ARCHANIO\u0141\u00d3W MICHA\u0141A, GABRIELA I RAFA\u0141A<\/span><\/strong><\/h5>\n<p><strong><span style=\"color: #008000;\">8.00<\/span><\/strong>&nbsp;&nbsp;&nbsp;&nbsp;&nbsp;&nbsp;&nbsp;&nbsp;&nbsp;&nbsp;&nbsp;&nbsp;&nbsp;&nbsp;&nbsp;&nbsp;&nbsp;&nbsp;&nbsp;&nbsp;&nbsp;&nbsp;&nbsp;&nbsp;&nbsp;&nbsp;&nbsp;&nbsp;&nbsp;&nbsp;&nbsp;&nbsp;&nbsp;&nbsp;&nbsp;&nbsp;&nbsp;&nbsp;&nbsp;&nbsp;&nbsp;&nbsp;&nbsp;&nbsp;&nbsp;&nbsp;&nbsp;&nbsp;&nbsp;&nbsp;&nbsp;&nbsp;&nbsp;&nbsp;&nbsp;&nbsp;&nbsp;&nbsp;&nbsp;&nbsp;&nbsp;&nbsp;&nbsp;&nbsp;&nbsp;&nbsp;&nbsp;&nbsp;&nbsp;&nbsp;&nbsp;&nbsp;&nbsp;&nbsp;&nbsp;&nbsp;&nbsp;&nbsp;&nbsp;&nbsp;&nbsp;&nbsp;&nbsp;&nbsp;&nbsp;&nbsp;&nbsp;&nbsp;&nbsp;&nbsp;&nbsp;&nbsp;&nbsp;&nbsp;&nbsp;&nbsp;<\/p>\n<p>\u015ap. Mariann\u0119 IDZIKOWSK\u0104 \u2013 29 Msza gregoria\u0144ska<\/p>\n<p><strong><span style=\"color: #008000;\">18.00<\/span><\/strong>&nbsp;&nbsp;&nbsp;&nbsp;&nbsp;&nbsp;&nbsp;&nbsp;&nbsp;&nbsp;&nbsp;&nbsp;&nbsp;&nbsp;&nbsp;&nbsp;&nbsp;&nbsp;&nbsp;&nbsp;&nbsp;&nbsp;&nbsp;&nbsp;&nbsp;&nbsp;&nbsp;&nbsp;&nbsp;&nbsp;&nbsp;&nbsp;&nbsp;&nbsp;&nbsp;&nbsp;&nbsp;&nbsp;&nbsp;&nbsp;&nbsp;&nbsp;&nbsp;&nbsp;&nbsp;&nbsp;&nbsp;&nbsp;&nbsp;&nbsp;&nbsp;&nbsp;&nbsp;&nbsp;&nbsp;&nbsp;&nbsp;&nbsp;&nbsp;&nbsp;&nbsp;&nbsp;&nbsp;&nbsp;&nbsp;&nbsp;&nbsp;&nbsp;&nbsp;&nbsp;&nbsp;&nbsp;&nbsp;&nbsp;&nbsp;&nbsp;&nbsp;&nbsp;&nbsp;&nbsp;&nbsp;&nbsp;&nbsp;&nbsp;&nbsp;&nbsp;&nbsp;&nbsp;&nbsp;&nbsp;&nbsp;&nbsp;&nbsp;&nbsp;<\/p>\n<p>\u015ap. Mari\u0119 i Jana (M), Rudomina i zmar\u0142ych z rodziny, \u015ap. Czes\u0142aw\u0119 (K) i Tadeusza BIELSKICH<\/p>\n<h5 style=\"text-align: center;\"><strong><span style=\"color: #008000;\">WTOREK&nbsp; \/ 30 wrze\u015bnia 2025\/&nbsp;&nbsp; \u0141k 9, 51 \u2013 56<\/span><\/strong><\/h5>\n<h5 style=\"text-align: center;\"><strong><span style=\"color: #008000;\">WSPOMNIENIE \u015aW. HIERONIMA, PREZBITERA I DOKTORA KO\u015aCIO\u0141A<\/span><\/strong><\/h5>\n<p><strong><span style=\"color: #008000;\">8.00<\/span><\/strong>&nbsp;&nbsp;&nbsp;&nbsp;&nbsp;&nbsp;&nbsp;&nbsp;&nbsp;&nbsp;&nbsp;&nbsp;&nbsp;&nbsp;&nbsp;&nbsp;&nbsp;&nbsp;&nbsp;&nbsp;&nbsp;&nbsp;&nbsp;&nbsp;&nbsp;&nbsp;&nbsp;&nbsp;&nbsp;&nbsp;&nbsp;&nbsp;&nbsp;&nbsp;&nbsp;&nbsp;&nbsp;&nbsp;&nbsp;&nbsp;&nbsp;&nbsp;&nbsp;&nbsp;&nbsp;&nbsp;&nbsp;&nbsp;&nbsp;&nbsp;&nbsp;&nbsp;&nbsp;&nbsp;&nbsp;&nbsp;&nbsp;&nbsp;&nbsp;&nbsp;&nbsp;&nbsp;&nbsp;&nbsp;&nbsp;&nbsp;&nbsp;&nbsp;&nbsp;&nbsp;&nbsp;&nbsp;&nbsp;&nbsp;&nbsp;&nbsp;&nbsp;&nbsp;&nbsp;&nbsp;&nbsp;&nbsp;&nbsp;&nbsp;&nbsp;&nbsp;&nbsp;&nbsp;&nbsp;&nbsp;&nbsp;&nbsp;&nbsp;&nbsp;&nbsp;&nbsp;<\/p>\n<p>\u015ap. Henryka STAN \u2013 intencja od Rodziny i Bractwa Szkaplerznego<\/p>\n<p><strong><span style=\"color: #008000;\">18:00&nbsp;<\/span><\/strong>&nbsp;&nbsp;&nbsp;&nbsp;&nbsp;&nbsp;&nbsp;&nbsp;&nbsp;&nbsp;&nbsp;&nbsp;&nbsp;&nbsp;&nbsp;&nbsp;&nbsp;&nbsp;&nbsp;&nbsp;&nbsp;&nbsp;&nbsp;&nbsp;&nbsp;&nbsp;&nbsp;&nbsp;&nbsp;&nbsp;&nbsp;&nbsp;&nbsp;&nbsp;&nbsp;&nbsp;&nbsp;&nbsp;&nbsp;&nbsp;&nbsp;&nbsp;&nbsp;&nbsp;&nbsp;&nbsp;&nbsp;&nbsp;&nbsp;&nbsp;&nbsp;&nbsp;&nbsp;&nbsp;&nbsp;&nbsp;&nbsp;&nbsp;&nbsp;&nbsp;&nbsp;&nbsp;&nbsp;&nbsp;&nbsp;&nbsp;&nbsp;&nbsp;&nbsp;&nbsp;&nbsp;&nbsp;&nbsp;&nbsp;&nbsp;&nbsp;&nbsp;&nbsp;&nbsp;&nbsp;&nbsp;&nbsp;&nbsp;&nbsp;&nbsp;&nbsp;&nbsp;&nbsp;&nbsp;&nbsp;&nbsp;&nbsp;&nbsp;<\/p>\n<p>\u015ap. Mariann\u0119 IDZIKOWSK\u0104 \u2013 30 Msza gregoria\u0144ska<\/p>\n<h5 style=\"text-align: center;\"><strong><span style=\"color: #008000;\">\u015aRODA \/ 1 pa\u017adziernik 2025 \/ \u0141k 9, 57 \u2013 62<\/span><\/strong><\/h5>\n<h5 style=\"text-align: center;\"><strong><span style=\"color: #008000;\">WSPOMNIENIE \u015aW. TERESY OD DZIECI\u0104TKA JEZUS, DZIEWICY I DOKTORA KO\u015aCIO\u0141A<\/span><\/strong><\/h5>\n<p><strong><span style=\"color: #008000;\">8.00<\/span><\/strong>&nbsp;&nbsp;&nbsp;&nbsp;&nbsp;&nbsp;&nbsp;&nbsp;&nbsp;&nbsp;&nbsp;&nbsp;&nbsp;&nbsp;&nbsp;&nbsp;&nbsp;&nbsp;&nbsp;&nbsp;&nbsp;&nbsp;&nbsp;&nbsp;&nbsp;&nbsp;&nbsp;&nbsp;&nbsp;&nbsp;&nbsp;&nbsp;&nbsp;&nbsp;&nbsp;&nbsp;&nbsp;&nbsp;&nbsp;&nbsp;&nbsp;&nbsp;&nbsp;&nbsp;&nbsp;&nbsp;&nbsp;&nbsp;&nbsp;&nbsp;&nbsp;&nbsp;&nbsp;&nbsp;&nbsp;&nbsp;&nbsp;&nbsp;&nbsp;&nbsp;&nbsp;&nbsp;&nbsp;&nbsp;&nbsp;&nbsp;&nbsp;&nbsp;&nbsp;&nbsp;&nbsp;&nbsp;&nbsp;&nbsp;&nbsp;&nbsp;&nbsp;&nbsp;&nbsp;&nbsp;&nbsp;&nbsp;&nbsp;&nbsp;&nbsp;&nbsp;&nbsp;&nbsp;&nbsp;&nbsp;&nbsp;&nbsp;&nbsp;&nbsp;&nbsp;&nbsp;<\/p>\n<p>\u015ap. Zenona MAGO\u0143 \u2013 1 Msza gregoria\u0144ska<\/p>\n<p><strong><span style=\"color: #008000;\">18.00<\/span><\/strong>&nbsp;&nbsp;&nbsp;&nbsp;&nbsp;&nbsp;&nbsp;&nbsp;&nbsp;&nbsp;&nbsp;&nbsp;&nbsp;&nbsp;&nbsp;&nbsp;&nbsp;&nbsp;&nbsp;&nbsp;&nbsp;&nbsp;&nbsp;&nbsp;&nbsp;&nbsp;&nbsp;&nbsp;&nbsp;&nbsp;&nbsp;&nbsp;&nbsp;&nbsp;&nbsp;&nbsp;&nbsp;&nbsp;&nbsp;&nbsp;&nbsp;&nbsp;&nbsp;&nbsp;&nbsp;&nbsp;&nbsp;&nbsp;&nbsp;&nbsp;&nbsp;&nbsp;&nbsp;&nbsp;&nbsp;&nbsp;&nbsp;&nbsp;&nbsp;&nbsp;&nbsp;&nbsp;&nbsp;&nbsp;&nbsp;&nbsp;&nbsp;&nbsp;&nbsp;&nbsp;&nbsp;&nbsp;&nbsp;&nbsp;&nbsp;&nbsp;&nbsp;&nbsp;&nbsp;&nbsp;&nbsp;&nbsp;&nbsp;&nbsp;&nbsp;&nbsp;&nbsp;&nbsp;&nbsp;&nbsp;&nbsp;&nbsp;&nbsp;&nbsp;<\/p>\n<p>Za zmar\u0142ych: syna, m\u0119\u017ca, rodzic\u00f3w, rodze\u0144stwo, dziadk\u00f3w, wnuka J\u00f3zefa<\/p>\n<h5 style=\"text-align: center;\"><span style=\"color: #008000;\"><strong>CZWARTEK&nbsp; \/ 2 pa\u017adziernik 2025 \/ Mt 18, 1 \u2013 5. 10<\/strong><\/span><\/h5>\n<h5 style=\"text-align: center;\"><span style=\"color: #008000;\"><strong>WSPOMNIENIE \u015aWI\u0118TYCH ANIO\u0141\u00d3W STR\u00d3\u017b\u00d3W<\/strong><\/span><\/h5>\n<h5 style=\"text-align: center;\"><span style=\"color: #ff0000;\">PIERWSZY CZWARTEK MIESI\u0104CA<\/span><\/h5>\n<p><strong><span style=\"color: #008000;\">8.00&nbsp;&nbsp;<\/span><\/strong>&nbsp;&nbsp;&nbsp;&nbsp;&nbsp;&nbsp;&nbsp;&nbsp;&nbsp;&nbsp;&nbsp;&nbsp;&nbsp;&nbsp;&nbsp;&nbsp;&nbsp;&nbsp;&nbsp;&nbsp;&nbsp;&nbsp;&nbsp;&nbsp;&nbsp;&nbsp;&nbsp;&nbsp;&nbsp;&nbsp;&nbsp;&nbsp;&nbsp;&nbsp;&nbsp;&nbsp;&nbsp;&nbsp;&nbsp;&nbsp;&nbsp;&nbsp;&nbsp;&nbsp;&nbsp;&nbsp;&nbsp;&nbsp;&nbsp;&nbsp;&nbsp;&nbsp;&nbsp;&nbsp;&nbsp;&nbsp;&nbsp;&nbsp;&nbsp;&nbsp;&nbsp;&nbsp;&nbsp;&nbsp;&nbsp;&nbsp;&nbsp;&nbsp;&nbsp;&nbsp;&nbsp;&nbsp;&nbsp;&nbsp;&nbsp;&nbsp;&nbsp;&nbsp;&nbsp;&nbsp;&nbsp;&nbsp;&nbsp;&nbsp;&nbsp;&nbsp;&nbsp;&nbsp;&nbsp;&nbsp;&nbsp;&nbsp;&nbsp;&nbsp;<\/p>\n<p>\u015ap. Zenona MAGO\u0143 \u2013 2 Msza gregoria\u0144ska<\/p>\n<p><strong><span style=\"color: #008000;\">18.00<\/span><\/strong>&nbsp;&nbsp;&nbsp;&nbsp;&nbsp;&nbsp;&nbsp;&nbsp;&nbsp;&nbsp;&nbsp;&nbsp;&nbsp;&nbsp;&nbsp;&nbsp;&nbsp;&nbsp;&nbsp;&nbsp;&nbsp;&nbsp;&nbsp;&nbsp;&nbsp;&nbsp;&nbsp;&nbsp;&nbsp;&nbsp;&nbsp;&nbsp;&nbsp;&nbsp;&nbsp;&nbsp;&nbsp;&nbsp;&nbsp;&nbsp;&nbsp;&nbsp;&nbsp;&nbsp;&nbsp;&nbsp;&nbsp;&nbsp;&nbsp;&nbsp;&nbsp;&nbsp;&nbsp;&nbsp;&nbsp;&nbsp;&nbsp;&nbsp;&nbsp;&nbsp;&nbsp;&nbsp;&nbsp;&nbsp;&nbsp;&nbsp;&nbsp;&nbsp;&nbsp;&nbsp;&nbsp;&nbsp;&nbsp;&nbsp;&nbsp;&nbsp;&nbsp;&nbsp;&nbsp;&nbsp;&nbsp;&nbsp;&nbsp;&nbsp;&nbsp;&nbsp;&nbsp;&nbsp;&nbsp;&nbsp;&nbsp;&nbsp;&nbsp;&nbsp;<\/p>\n<p>Dzi\u0119kczynno \u2013 b\u0142agalna: O Bo\u017ce b\u0142ogos\u0142awie\u0144stwo i obfite \u0142aski dla Aleksandry (K)i jej rodziny oraz Anny i jej rodziny<\/p>\n<h3 style=\"text-align: center;\"><span style=\"color: #0000ff;\">ADORACJA NAJ\u015aWI\u0118TSZEGO SAKRAMENTU do godz. 20:00<\/span><\/h3>\n<h5 style=\"text-align: center;\"><span style=\"color: #008000;\"><strong>PI\u0104TEK \/ 3 pa\u017adziernik 2025 \/ \u0141k 10, 13 \u2013 16<\/strong><\/span><\/h5>\n<h5 style=\"text-align: center;\"><span style=\"color: #ff0000;\"><strong>PIERWSZY PI\u0104TEK MIESI\u0104CA<\/strong><\/span><\/h5>\n<p><strong><span style=\"color: #008000;\">8.00<\/span><\/strong>&nbsp;&nbsp;&nbsp;&nbsp;&nbsp;&nbsp;&nbsp;&nbsp;&nbsp;&nbsp;&nbsp;&nbsp;&nbsp;&nbsp;&nbsp;&nbsp;&nbsp;&nbsp;&nbsp;&nbsp;&nbsp;&nbsp;&nbsp;&nbsp;&nbsp;&nbsp;&nbsp;&nbsp;&nbsp;&nbsp;&nbsp;&nbsp;&nbsp;&nbsp;&nbsp;&nbsp;&nbsp;&nbsp;&nbsp;&nbsp;&nbsp;&nbsp;&nbsp;&nbsp;&nbsp;&nbsp;&nbsp;&nbsp;&nbsp;&nbsp;&nbsp;&nbsp;&nbsp;&nbsp;&nbsp;&nbsp;&nbsp;&nbsp;&nbsp;&nbsp;&nbsp;&nbsp;&nbsp;&nbsp;&nbsp;&nbsp;&nbsp;&nbsp;&nbsp;&nbsp;&nbsp;&nbsp;&nbsp;&nbsp;&nbsp;&nbsp;&nbsp;&nbsp;&nbsp;&nbsp;&nbsp;&nbsp;&nbsp;&nbsp;&nbsp;&nbsp;&nbsp;&nbsp;&nbsp;&nbsp;&nbsp;&nbsp;&nbsp;&nbsp;&nbsp;&nbsp;<\/p>\n<p>\u015ap. Zenona MAGO\u0143 \u2013 3 Msza gregoria\u0144ska<\/p>\n<p><strong><span style=\"color: #008000;\">16:30<\/span><\/strong>&nbsp; &nbsp; &nbsp; &nbsp; &nbsp; &nbsp; &nbsp; &nbsp; &nbsp; &nbsp; &nbsp; &nbsp; &nbsp; &nbsp; &nbsp; &nbsp; &nbsp; &nbsp; &nbsp; &nbsp; &nbsp; &nbsp; &nbsp; &nbsp; &nbsp; &nbsp; &nbsp; &nbsp; &nbsp; &nbsp; &nbsp; &nbsp; &nbsp; &nbsp; &nbsp; &nbsp; &nbsp; &nbsp; &nbsp; &nbsp; &nbsp; &nbsp; &nbsp; &nbsp; &nbsp; &nbsp; &nbsp; &nbsp;<\/p>\n<p><strong><span style=\"color: #ff0000;\">W intencji czcicieli Naj\u015bwi\u0119tszego Serca Pana Jezusa<\/span><\/strong><\/p>\n<p><strong><span style=\"color: #008000;\">18.00&nbsp;<\/span><\/strong>&nbsp;&nbsp;&nbsp;&nbsp;&nbsp;&nbsp;&nbsp;&nbsp;&nbsp;&nbsp;&nbsp;&nbsp;&nbsp;&nbsp;&nbsp;&nbsp;&nbsp;&nbsp;&nbsp;&nbsp;&nbsp;&nbsp;&nbsp;&nbsp;&nbsp;&nbsp;&nbsp;&nbsp;&nbsp;&nbsp;&nbsp;&nbsp;&nbsp;&nbsp;&nbsp;&nbsp;&nbsp;&nbsp;&nbsp;&nbsp;&nbsp;&nbsp;&nbsp;&nbsp;&nbsp;&nbsp;&nbsp;&nbsp;&nbsp;&nbsp;&nbsp;&nbsp;&nbsp;&nbsp;&nbsp;&nbsp;&nbsp;&nbsp;&nbsp;&nbsp;&nbsp;&nbsp;&nbsp;&nbsp;&nbsp;&nbsp;&nbsp;&nbsp;&nbsp;&nbsp;&nbsp;&nbsp;&nbsp;&nbsp;&nbsp;&nbsp;&nbsp;&nbsp;&nbsp;&nbsp;&nbsp;&nbsp;&nbsp;&nbsp;&nbsp;&nbsp;&nbsp;&nbsp;&nbsp;&nbsp;&nbsp;&nbsp;&nbsp;<\/p>\n<p>REZERWACJA<\/p>\n<h5 style=\"text-align: center;\"><strong><span style=\"color: #008000;\">SOBOTA \/ 4 pa\u017adziernik 2025 \/ \u0141k 10, 17 \u2013 24<\/span><\/strong><\/h5>\n<h5 style=\"text-align: center;\"><span style=\"color: #008000;\">WSPOMNIENIE \u015aW. FRANCISZKA Z ASY\u017bU<\/span><\/h5>\n<h5 style=\"text-align: center;\"><span style=\"color: #ff0000;\">PIERWSZA SOBOTA MIESI\u0104CA<\/span><\/h5>\n<p><strong><span style=\"color: #008000;\">8.00<\/span><\/strong>&nbsp;&nbsp;&nbsp;&nbsp;&nbsp;&nbsp;&nbsp;&nbsp;&nbsp;&nbsp;&nbsp;&nbsp;&nbsp;&nbsp;&nbsp;&nbsp;&nbsp;&nbsp;&nbsp;&nbsp;&nbsp;&nbsp;&nbsp;&nbsp;&nbsp;&nbsp;&nbsp;&nbsp;&nbsp;&nbsp;&nbsp;&nbsp;&nbsp;&nbsp;&nbsp;&nbsp;&nbsp;&nbsp;&nbsp;&nbsp;&nbsp;&nbsp;&nbsp;&nbsp;&nbsp;&nbsp;&nbsp;&nbsp;&nbsp;&nbsp;&nbsp;&nbsp;&nbsp;&nbsp;&nbsp;&nbsp;&nbsp;&nbsp;&nbsp;&nbsp;&nbsp;&nbsp;&nbsp;&nbsp;&nbsp;&nbsp;&nbsp;&nbsp;&nbsp;&nbsp;&nbsp;&nbsp;&nbsp;&nbsp;&nbsp;&nbsp;&nbsp;&nbsp;&nbsp;&nbsp;&nbsp;&nbsp;&nbsp;&nbsp;&nbsp;&nbsp;&nbsp;&nbsp;&nbsp;&nbsp;&nbsp;&nbsp;&nbsp;&nbsp;&nbsp;&nbsp;<\/p>\n<p>\u015ap. Zenona MAGO\u0143 \u2013 4 Msza gregoria\u0144ska<\/p>\n<p><strong><span style=\"color: #008000;\">8:00&nbsp;&nbsp;&nbsp;<\/span><\/strong>&nbsp;&nbsp;&nbsp;&nbsp;&nbsp;&nbsp;&nbsp;&nbsp;&nbsp;&nbsp;&nbsp;&nbsp;&nbsp;&nbsp;&nbsp;&nbsp;&nbsp;&nbsp;&nbsp;&nbsp;&nbsp;&nbsp;&nbsp;&nbsp;&nbsp;&nbsp;&nbsp;&nbsp;&nbsp;&nbsp;&nbsp;&nbsp;&nbsp;&nbsp;&nbsp;&nbsp;&nbsp;&nbsp;&nbsp;&nbsp;&nbsp;&nbsp;&nbsp;&nbsp;&nbsp;&nbsp;&nbsp;&nbsp;&nbsp;&nbsp;&nbsp;&nbsp;&nbsp;&nbsp;&nbsp;&nbsp;&nbsp;&nbsp;&nbsp;&nbsp;&nbsp;&nbsp;&nbsp;&nbsp;&nbsp;&nbsp;&nbsp;&nbsp;&nbsp;&nbsp;&nbsp;&nbsp;&nbsp;&nbsp;&nbsp;&nbsp;&nbsp;&nbsp;&nbsp;&nbsp;&nbsp;&nbsp;&nbsp;&nbsp;&nbsp;&nbsp;&nbsp;&nbsp;&nbsp;&nbsp;&nbsp;&nbsp;&nbsp;<\/p>\n<p>\u015ap. Helen\u0119 i Franciszka (M), J\u00f3zefa (M) i zmar\u0142ych z rodzin: DUTKA i STARO\u0143<\/p>\n<p><strong><span style=\"color: #008000;\">18.00<\/span><\/strong> &nbsp;&nbsp;&nbsp;&nbsp;&nbsp;&nbsp;&nbsp;&nbsp;&nbsp;&nbsp;&nbsp;&nbsp;&nbsp;&nbsp;&nbsp;&nbsp;&nbsp;&nbsp;&nbsp;&nbsp;&nbsp;&nbsp;&nbsp;&nbsp;&nbsp;&nbsp;&nbsp;&nbsp;&nbsp;&nbsp;&nbsp;&nbsp;&nbsp;&nbsp;&nbsp;&nbsp;&nbsp;&nbsp;&nbsp;&nbsp;&nbsp;&nbsp;&nbsp;&nbsp;&nbsp;&nbsp;&nbsp;&nbsp;&nbsp;&nbsp;&nbsp;&nbsp;&nbsp;&nbsp;&nbsp;&nbsp;&nbsp;&nbsp;&nbsp;&nbsp;&nbsp;&nbsp;&nbsp;&nbsp;&nbsp;&nbsp;&nbsp;&nbsp;&nbsp;&nbsp;&nbsp;&nbsp;&nbsp;&nbsp;&nbsp;&nbsp;&nbsp;&nbsp;&nbsp;&nbsp;&nbsp;&nbsp;&nbsp;&nbsp;&nbsp;&nbsp;&nbsp;&nbsp;&nbsp;&nbsp;&nbsp;&nbsp;&nbsp;<\/p>\n<p>O Bo\u017ce b\u0142ogos\u0142awie\u0144stwo, opiek\u0119 Matki Bo\u017cej R\u00f3\u017ca\u0144cowej dla ca\u0142ej parafii, kap\u0142an\u00f3w a dla zmar\u0142ych rado\u015b\u0107 \u017cycia wiecznego. Niech Rok Jubileuszowy \u2013 tchnie w sercach ludzi wi\u0119cej nadziei i ufno\u015bci \u2013 intencja od XI R\u00f3\u017cy R\u00f3\u017ca\u0144cowej p.w. Matki Bo\u017cej Nadziei<\/p>\n<h5 style=\"text-align: center;\"><span style=\"color: #008000;\"><strong>XXVII NIEDZIELA ZWYK\u0141A 5 pa\u017adziernik 2025 \/ \u0141k 17, 5 \u2013 10<\/strong><\/span><\/h5>\n<h5 style=\"text-align: center;\"><strong><span style=\"color: #ff0000;\">PIERWSZA NIEDZIELA MIESI\u0104CA<\/span><\/strong><\/h5>\n<p><strong><span style=\"color: #008000;\">8.00<\/span><\/strong>&nbsp;&nbsp;&nbsp;&nbsp;&nbsp;&nbsp;&nbsp;&nbsp;&nbsp;&nbsp;&nbsp;&nbsp;&nbsp;&nbsp;&nbsp;&nbsp;&nbsp;&nbsp;&nbsp;&nbsp;&nbsp;&nbsp;&nbsp;&nbsp;&nbsp;&nbsp;&nbsp;&nbsp;&nbsp;&nbsp;&nbsp;&nbsp;&nbsp;&nbsp;&nbsp;&nbsp;&nbsp;&nbsp;&nbsp;&nbsp;&nbsp;&nbsp;&nbsp;&nbsp;&nbsp;&nbsp;&nbsp;&nbsp;&nbsp;&nbsp;&nbsp;&nbsp;&nbsp;&nbsp;&nbsp;&nbsp;&nbsp;&nbsp;&nbsp;&nbsp;&nbsp;&nbsp;&nbsp;&nbsp;&nbsp;&nbsp;&nbsp;&nbsp;&nbsp;&nbsp;&nbsp;&nbsp;&nbsp;&nbsp;&nbsp;&nbsp;&nbsp;&nbsp;&nbsp;&nbsp;&nbsp;&nbsp;&nbsp;&nbsp;&nbsp;&nbsp;&nbsp;&nbsp;&nbsp;&nbsp;&nbsp;&nbsp;&nbsp;&nbsp;&nbsp;&nbsp;<\/p>\n<p>REZERWACJA<\/p>\n<p><strong><span style=\"color: #008000;\">10:00<\/span><\/strong>&nbsp;&nbsp;&nbsp;&nbsp;&nbsp;&nbsp;&nbsp;&nbsp;&nbsp;&nbsp;&nbsp;&nbsp;&nbsp;&nbsp;&nbsp;&nbsp;&nbsp;&nbsp;&nbsp;&nbsp;&nbsp;&nbsp;&nbsp;&nbsp;&nbsp;&nbsp;&nbsp;&nbsp;&nbsp;&nbsp;&nbsp;&nbsp;&nbsp;&nbsp;&nbsp;&nbsp;&nbsp;&nbsp;&nbsp;&nbsp;&nbsp;&nbsp;&nbsp;&nbsp;&nbsp;&nbsp;&nbsp;&nbsp;&nbsp;&nbsp;&nbsp;&nbsp;&nbsp;&nbsp;&nbsp;&nbsp;&nbsp;&nbsp;&nbsp;&nbsp;&nbsp;&nbsp;&nbsp;&nbsp;&nbsp;&nbsp;&nbsp;&nbsp;&nbsp;&nbsp;&nbsp;&nbsp;&nbsp;&nbsp;&nbsp;&nbsp;&nbsp;&nbsp;&nbsp;&nbsp;&nbsp;&nbsp;&nbsp;&nbsp;&nbsp;&nbsp;&nbsp;&nbsp;&nbsp;&nbsp;&nbsp;&nbsp;&nbsp;&nbsp;<\/p>\n<p>\u015ap. Zenona MAGO\u0143 \u2013 5 Msza gregoria\u0144ska<\/p>\n<p><strong><span style=\"color: #008000;\">10:00<\/span><\/strong>&nbsp;&nbsp;&nbsp;&nbsp;&nbsp;&nbsp;&nbsp;&nbsp;&nbsp;&nbsp;&nbsp;&nbsp;&nbsp;&nbsp;&nbsp;&nbsp;&nbsp;&nbsp;&nbsp;&nbsp;&nbsp;&nbsp;&nbsp;&nbsp;&nbsp;&nbsp;&nbsp;&nbsp;&nbsp;&nbsp;&nbsp;&nbsp;&nbsp;&nbsp;&nbsp;&nbsp;&nbsp;&nbsp;&nbsp;&nbsp;&nbsp;&nbsp;&nbsp;&nbsp;&nbsp;&nbsp;&nbsp;&nbsp;&nbsp;&nbsp;&nbsp;&nbsp;&nbsp;&nbsp;&nbsp;&nbsp;&nbsp;&nbsp;&nbsp;&nbsp;&nbsp;&nbsp;&nbsp;&nbsp;&nbsp;&nbsp;&nbsp;&nbsp;&nbsp;&nbsp;&nbsp;&nbsp;&nbsp;&nbsp;&nbsp;&nbsp;&nbsp;&nbsp;&nbsp;&nbsp;&nbsp;&nbsp;&nbsp;&nbsp;&nbsp;&nbsp;&nbsp;&nbsp;&nbsp;&nbsp;&nbsp;&nbsp;&nbsp;&nbsp;<\/p>\n<p>\u015ap. Regin\u0119 w 18 rocznic\u0119 \u015bmierci, Szczepana w 23 rocznic\u0119 \u015bmierci MIKO\u0141AJEWSKICH, \u015ap. Zenona (M) w 54 rocznic\u0119 \u015bmierci, Paw\u0142a w 8 rocznic\u0119 \u015bmierci oraz zmar\u0142ych z rodzin: MIKO\u0141AJEWSKICH, ROSO\u0141OWSKICH i RYBICKICH<\/p>\n<p><strong><span style=\"color: #008000;\">12.00<\/span><\/strong>&nbsp;&nbsp;&nbsp;&nbsp;&nbsp;&nbsp;&nbsp;&nbsp;&nbsp;&nbsp;&nbsp;&nbsp;&nbsp;&nbsp;&nbsp;&nbsp;&nbsp;&nbsp;&nbsp;&nbsp;&nbsp;&nbsp;&nbsp;&nbsp;&nbsp;&nbsp;&nbsp;&nbsp;&nbsp;&nbsp;&nbsp;&nbsp;&nbsp;&nbsp;&nbsp;&nbsp;&nbsp;&nbsp;&nbsp;&nbsp;&nbsp;&nbsp;&nbsp;&nbsp;&nbsp;&nbsp;&nbsp;&nbsp;&nbsp;&nbsp;&nbsp;&nbsp;&nbsp;&nbsp;&nbsp;&nbsp;&nbsp;&nbsp;&nbsp;&nbsp;&nbsp;&nbsp;&nbsp;&nbsp;&nbsp;&nbsp;&nbsp;&nbsp;&nbsp;&nbsp;&nbsp;&nbsp;&nbsp;&nbsp;&nbsp;&nbsp;&nbsp;&nbsp;&nbsp;&nbsp;&nbsp;&nbsp;&nbsp;&nbsp;&nbsp;&nbsp;&nbsp;&nbsp;&nbsp;&nbsp;&nbsp;&nbsp;&nbsp;&nbsp;<\/p>\n<p><strong><span style=\"color: #ff0000;\">ZA PARAFIAN<\/span><\/strong><\/p>\n<p><strong><span style=\"color: #008000;\">15.00<\/span><\/strong>&nbsp;&nbsp;&nbsp;&nbsp;&nbsp;&nbsp;&nbsp;&nbsp;&nbsp;&nbsp;&nbsp;&nbsp;&nbsp;&nbsp;&nbsp;&nbsp;&nbsp;&nbsp;&nbsp;&nbsp;&nbsp;&nbsp;&nbsp;&nbsp;&nbsp;&nbsp;&nbsp;&nbsp;&nbsp;&nbsp;&nbsp;&nbsp;&nbsp;&nbsp;&nbsp;&nbsp;&nbsp;&nbsp;&nbsp;&nbsp;&nbsp;&nbsp;&nbsp;&nbsp;&nbsp;&nbsp;&nbsp;&nbsp;&nbsp;&nbsp;&nbsp;&nbsp;&nbsp;&nbsp;&nbsp;&nbsp;&nbsp;&nbsp;&nbsp;&nbsp;&nbsp;&nbsp;&nbsp;&nbsp;&nbsp;&nbsp;&nbsp;&nbsp;&nbsp;&nbsp;&nbsp;&nbsp;&nbsp;&nbsp;&nbsp;&nbsp;&nbsp;&nbsp;&nbsp;&nbsp;&nbsp;&nbsp;&nbsp;&nbsp;&nbsp;&nbsp;&nbsp;&nbsp;&nbsp;&nbsp;&nbsp;&nbsp;&nbsp;&nbsp;<\/p>\n<p>\u015ap. Ks. Franciszka (M) BOKUNIEWICZA w 22 rocznic\u0119 \u015bmierci<\/p>\n<p><strong><span style=\"color: #008000;\">18.00<\/span><\/strong>&nbsp;&nbsp;&nbsp;&nbsp;&nbsp;&nbsp;&nbsp;&nbsp;&nbsp;&nbsp;&nbsp;&nbsp;&nbsp;&nbsp;&nbsp;&nbsp;&nbsp;&nbsp;&nbsp;&nbsp;&nbsp;&nbsp;&nbsp;&nbsp;&nbsp;&nbsp;&nbsp;&nbsp;&nbsp;&nbsp;&nbsp;&nbsp;&nbsp;&nbsp;&nbsp;&nbsp;&nbsp;&nbsp;&nbsp;&nbsp;&nbsp;&nbsp;&nbsp;&nbsp;&nbsp;&nbsp;&nbsp;&nbsp;&nbsp;&nbsp;&nbsp;&nbsp;&nbsp;&nbsp;&nbsp;&nbsp;&nbsp;&nbsp;&nbsp;&nbsp;&nbsp;&nbsp;&nbsp;&nbsp;&nbsp;&nbsp;&nbsp;&nbsp;&nbsp;&nbsp;&nbsp;&nbsp;&nbsp;&nbsp;&nbsp;&nbsp;&nbsp;&nbsp;&nbsp;&nbsp;&nbsp;&nbsp;&nbsp;&nbsp;&nbsp;&nbsp;&nbsp;&nbsp;&nbsp;&nbsp;&nbsp;&nbsp;&nbsp;&nbsp;<\/p>\n<p>Dzi\u0119kczynna w&nbsp; 6 rocznic\u0119 \u015blubu Joanny i Bartosza z pro\u015bb\u0105 o Bo\u017ce b\u0142ogos\u0142awie\u0144stwo, opiek\u0119 Matki Bo\u017cej dla ca\u0142ej rodziny<\/li>\n<\/ol>\n","protected":false},"excerpt":{"rendered":"<p>Czy modlisz si\u0119 do Matki Mi\u0142osierdzia &nbsp;i Naszej Nadziei? Drogi Przyjacielu! Papie\u017c Franciszek do Litanii loreta\u0144skiej doda\u0142 nowe wezwanie: \u201eMatko nadziei\u201d \u2013 o Maryi, kt\u00f3ra jest Matk\u0105 naszej nadziei. Ona b\u0119dzie nam towarzyszy\u0107 na drogach Roku \u015awi\u0119tego. Dlatego do Niej si\u0119 uciekamy i prosimy, by prowadzi\u0142a nas do Swego Syna Jezusa Chrystusa. \u201eNadzieja znajduje swoje [&hellip;]<\/p>\n","protected":false},"author":1,"featured_media":5914,"comment_status":"closed","ping_status":"closed","sticky":false,"template":"","format":"standard","meta":{"ngg_post_thumbnail":0,"footnotes":""},"categories":[11,8,4,3],"tags":[],"class_list":["post-5913","post","type-post","status-publish","format-standard","has-post-thumbnail","hentry","category-aktualnosci","category-blog","category-intencje","category-ogloszenia"],"_links":{"self":[{"href":"https:\/\/rafalk-elblag.pl\/index.php?rest_route=\/wp\/v2\/posts\/5913","targetHints":{"allow":["GET"]}}],"collection":[{"href":"https:\/\/rafalk-elblag.pl\/index.php?rest_route=\/wp\/v2\/posts"}],"about":[{"href":"https:\/\/rafalk-elblag.pl\/index.php?rest_route=\/wp\/v2\/types\/post"}],"author":[{"embeddable":true,"href":"https:\/\/rafalk-elblag.pl\/index.php?rest_route=\/wp\/v2\/users\/1"}],"replies":[{"embeddable":true,"href":"https:\/\/rafalk-elblag.pl\/index.php?rest_route=%2Fwp%2Fv2%2Fcomments&post=5913"}],"version-history":[{"count":1,"href":"https:\/\/rafalk-elblag.pl\/index.php?rest_route=\/wp\/v2\/posts\/5913\/revisions"}],"predecessor-version":[{"id":5915,"href":"https:\/\/rafalk-elblag.pl\/index.php?rest_route=\/wp\/v2\/posts\/5913\/revisions\/5915"}],"wp:featuredmedia":[{"embeddable":true,"href":"https:\/\/rafalk-elblag.pl\/index.php?rest_route=\/wp\/v2\/media\/5914"}],"wp:attachment":[{"href":"https:\/\/rafalk-elblag.pl\/index.php?rest_route=%2Fwp%2Fv2%2Fmedia&parent=5913"}],"wp:term":[{"taxonomy":"category","embeddable":true,"href":"https:\/\/rafalk-elblag.pl\/index.php?rest_route=%2Fwp%2Fv2%2Fcategories&post=5913"},{"taxonomy":"post_tag","embeddable":true,"href":"https:\/\/rafalk-elblag.pl\/index.php?rest_route=%2Fwp%2Fv2%2Ftags&post=5913"}],"curies":[{"name":"wp","href":"https:\/\/api.w.org\/{rel}","templated":true}]}}