{"id":5907,"date":"2025-09-20T22:12:46","date_gmt":"2025-09-20T22:12:46","guid":{"rendered":"https:\/\/rafalk-elblag.pl\/?p=5907"},"modified":"2025-09-20T22:12:46","modified_gmt":"2025-09-20T22:12:46","slug":"xxv-niedziela-zwykla","status":"publish","type":"post","link":"https:\/\/rafalk-elblag.pl\/?p=5907","title":{"rendered":"XXV NIEDZIELA ZWYK\u0141A"},"content":{"rendered":"<p><img loading=\"lazy\" decoding=\"async\" class=\"aligncenter\" src=\"https:\/\/rafalk-elblag.pl\/wp-content\/uploads\/2025\/08\/biuletyn-graf.jpg\" width=\"552\" height=\"357\"><\/p>\n<h5 style=\"text-align: center;\"><span style=\"color: #ff0000;\"><strong>Kim s\u0105<\/strong> <strong>MISJONARZE MI\u0141OSIERDZIA?<\/strong><\/span><\/h5>\n<p style=\"text-align: center;\"><strong>Drogi Przyjacielu!<\/strong> Mo\u017ce spotka\u0142e\u015b si\u0119<br \/>\nz okre\u015bleniem <em>\u201eMisjonarz Mi\u0142osierdzia\u201d<\/em>. Ot\u00f3\u017c papie\u017c Franciszek podczas Nadzwyczajnego Jubileuszu Mi\u0142osierdzia 2016 roku ustanowi\u0142 Misjonarzy Mi\u0142osierdzia. W obecnym Roku \u015awi\u0119tym nadal pe\u0142ni\u0105 oni bardzo wa\u017cn\u0105 rol\u0119. S\u0105 szafarzami Bo\u017cego mi\u0142osierdzia w konfesjonale. Przytocz\u0119 Ci s\u0142owa zapewne znanego Ci o. Dolindo: <strong>\u201eKa\u017cda dusza jest przedmiotem szczeg\u00f3lnej troski Jezusa Zbawiciela<br \/>\ni dla ka\u017cdej duszy czyni On to, co zrobi\u0142 dla ca\u0142ej ludzko\u015bci\u201d<\/strong>.<\/p>\n<p style=\"text-align: center;\">Ka\u017cdy kap\u0142an w dniu \u015bwi\u0119ce\u0144 otrzymuje od biskupa w\u0142adz\u0119 odpuszczania grzech\u00f3w. Jest jednak pewna kategoria przewinie\u0144, z kt\u00f3rych rozgrzeszy\u0107 mo\u017ce tylko Ojciec \u015awi\u0119ty. Siedem lat temu, w Roku Mi\u0142osierdzia, papie\u017c postanowi\u0142 si\u0119 podzieli\u0107 t\u0105 w\u0142adz\u0105 z wybranymi ksi\u0119\u017cmi z ca\u0142ego \u015bwiata. Do tej pory<br \/>\nw sprawie rozgrzeszenia z niekt\u00f3rych grzech\u00f3w trzeba by\u0142o si\u0119 zwraca\u0107 bezpo\u015brednio do Stolicy Apostolskiej. Dzi\u0119ki pos\u0142udze Misjonarzy Mi\u0142osierdzia nie jest to ju\u017c konieczne, bo \u0142aska sta\u0142a si\u0119 \u0142atwiej dost\u0119pna. Ka\u017cdy grzesznik, nawet z tymi najci\u0119\u017cszymi grzechami, mo\u017ce w konfesjonale odkry\u0107 mi\u0142osiern\u0105 i przebaczaj\u0105c\u0105 mi\u0142o\u015b\u0107 Boga i jej do\u015bwiadczy\u0107.<\/p>\n<p style=\"text-align: center;\">&nbsp;<\/p>\n<p style=\"text-align: center;\"><em>\u201eJeste\u015bcie sakramentem obecno\u015bci Boga. Prosz\u0119 was, trzymajcie<br \/>\nz dala od siebie wszelkie formy os\u0105dzania i zawsze zachowujcie pragnienie zrozumienia osoby, kt\u00f3ra stoi przed wami \u2013 podkre\u015bli\u0142 papie\u017c. \u2013 Nigdy nie zatrzymujcie si\u0119 na jednym szczeg\u00f3le, ale patrzcie na ca\u0142e \u017cycie osoby. B\u00f3g nie zatrzymuje si\u0119 na pozorach i gdyby mia\u0142 s\u0105dzi\u0107 tylko na podstawie grzech\u00f3w, prawdopodobnie nikt nie zosta\u0142by zbawiony! W ten spos\u00f3b nie wyra\u017ca si\u0119 mi\u0142osierdzie. Ono potrafi zajrze\u0107 w serce cz\u0142owieka, gdzie ukryte jest pragnienie, t\u0119sknota za powrotem do Ojca i do domu\u201d.<\/em> Ci misjonarze maj\u0105 by\u0107 \u017cywym znakiem Ojca przyjmuj\u0105cego wszystkich, kt\u00f3rzy szukaj\u0105 Jego przebaczenia i pragn\u0105 podj\u0105\u0107 nowe \u017cycie otrzymane w sakramencie chrztu. Powinni by\u0107 przekonywuj\u0105cymi g\u0142osicielami mi\u0142osierdzia<br \/>\ni zwiastunami rado\u015bci przebaczenia. Maj\u0105 by\u0107 spowiednikami przyjmuj\u0105cymi, kochaj\u0105cymi oraz staraj\u0105cymi si\u0119 zrozumie\u0107 ka\u017cdego cz\u0142owieka, zw\u0142aszcza zranionego przez grzech.<\/p>\n<p style=\"text-align: center;\">W bulli papie\u017c zach\u0119ca: <em>\u201eNiech pe\u0142ni\u0105 swoj\u0105 pos\u0142ug\u0119 tak\u017ce podczas nadchodz\u0105cego Jubileuszu, przywracaj\u0105c nadziej\u0119 i przebaczaj\u0105c za ka\u017cdym razem, gdy grzesznik zwraca si\u0119 do nich z otwartym sercem i skruszon\u0105 dusz\u0105. Niech nadal b\u0119d\u0105 narz\u0119dziami pojednania i pomagaj\u0105 patrze\u0107<br \/>\nw przysz\u0142o\u015b\u0107 z nadziej\u0105 serca, kt\u00f3ra pochodzi z mi\u0142osierdzia Ojca.<br \/>\nMam nadziej\u0119, \u017ce biskupi b\u0119d\u0105 mogli skorzysta\u0107 z ich cennej pos\u0142ugi, zw\u0142aszcza wysy\u0142aj\u0105c ich do miejsc, w kt\u00f3rych nadzieja jest poddawana ci\u0119\u017ckiej pr\u00f3bie, takich jak wi\u0119zienia, szpitale i miejsca, w kt\u00f3rych deptana jest godno\u015b\u0107 osoby, w najtrudniejszych sytuacjach i w kontekstach najwi\u0119kszej degradacji, aby nikt nie by\u0142 pozbawiony mo\u017cliwo\u015bci otrzymania przebaczenia i pocieszenia Boga\u201d<\/em> (SNC 23).<\/p>\n<p style=\"text-align: center;\"><strong>Drogi Bracie, Droga siostro!<\/strong> Zako\u0144czmy to rozwa\u017canie tak, jak rozpocz\u0119li\u015bmy \u2013 s\u0142owami o. Dolindo, \u017ce Zbawiciel <strong>\u201eodradza ka\u017cd\u0105 dusz\u0119<br \/>\nw Duchu \u015awi\u0119tym, o\u015bwieca \u015bwiat\u0142em prawdy, uzdrawia z wewn\u0119trznych chor\u00f3b, wyzwala z side\u0142 nami\u0119tno\u015bci, przywraca widok nieba, pobudza do lot\u00f3w mi\u0142o\u015bci w\u015br\u00f3d udr\u0119k \u017cycia, daje czas \u0142aski, czyli \u0142ask szczeg\u00f3lnych i wyj\u0105tkowego mi\u0142osierdzia, a tak\u017ce czyni siebie nagrod\u0105<br \/>\ni wynagrodzeniem zar\u00f3wno w wewn\u0119trznych pociechach, kt\u00f3rymi ubogaca, jak i w nagrodzie wiecznej\u201d<\/strong>.<\/p>\n<p><img loading=\"lazy\" decoding=\"async\" class=\"aligncenter\" src=\"https:\/\/rafalk-elblag.pl\/wp-content\/uploads\/2025\/08\/ogl-graf.png\" width=\"553\" height=\"261\"><\/p>\n<h5 style=\"text-align: center;\"><span style=\"color: #008000;\"><strong>OG\u0141OSZENIA PARAFIALNE&nbsp; 21.09.2025 r.<\/strong><\/span><\/h5>\n<h5 style=\"text-align: center;\"><span style=\"color: #008000;\"><strong>XXV NIEDZIELA ZWYK\u0141A<\/strong><\/span><\/h5>\n<h5 style=\"text-align: center;\"><span style=\"color: #008000;\"><strong>&nbsp;<\/strong><\/span><\/h5>\n<ol>\n<li><strong>Zapraszamy wszystkie wsp\u00f3lnoty przy naszej parafii dzisiaj na Msz\u0119 \u015bw. o godz. 15:00, kt\u00f3r\u0105 rozpoczniemy NOWY ROK DUSZPASTERSKI I FORMACYJNY.<\/strong><em>W czasie Mszy \u015bw. liderzy wsp\u00f3lnot otrzymaj\u0105 \u015bwiec\u0119 \u2013 jako symbol \u015bwiat\u0142a Chrystusa, aby to \u015bwiat\u0142o roz\u015bwietla\u0142o drog\u0119 na kolejny rok s\u0142u\u017cby Bogu i ludziom. <\/em><strong style=\"font-size: 16px;\">PO MSZY \u015aW. ZAPRASZAMY NA WSP\u00d3LNE SPOTKANIE NA PLEBANII.<\/strong><\/li>\n<li>\n<h4>W ka\u017cdy czwartek zapraszamy na<strong> Adoracj\u0119 Naj\u015bwi\u0119tszego Sakramentu w ciszy. <\/strong><em>Adoracja rozpoczyna si\u0119 po Mszy \u015bw. wieczornej i trwa do godziny 20:00. <\/em><\/h4>\n<\/li>\n<li>\n<h4>W tym tygodniu spotkania maj\u0105: we wtorek Odnowa w Duchu \u015awi\u0119tym (godz. 18:00), a&nbsp; w sobot\u0119 (godz.10:00) S\u0142u\u017cba Liturgiczna O\u0142tarza(ministranci).&nbsp; <u><\/u><\/h4>\n<\/li>\n<li>\n<h4><strong>Trwaj\u0105 zapisy do Sakramentu Bierzmowania m\u0142odzie\u017cy <\/strong>z klas VIII Szko\u0142y Podstawowej do ko\u0144ca wrze\u015bnia. <em>Zg\u0142oszenia przyjmuje pani Anna Ostrasz oraz &nbsp; Adam. Spotkanie organizacyjne w niedziel\u0119 (28 wrze\u015bnia) po Mszy o 18:00.<\/em><\/h4>\n<\/li>\n<li>\n<h4>We wtorek (30 wrze\u015bnia) w salce m\u0142odzie\u017cowej spotkanie z kandydatami do <strong>SAKRAMENTU BIERZMOWANIA<\/strong> przygotowuj\u0105cych si\u0119 ju\u017c drugi rok.<em> Proboszcz oczekuje i zaprasza wszystkich kt\u00f3rzy pragn\u0105 kontynuowa\u0107 t\u0119 przygod\u0119 i sta\u0107 si\u0119 dojrza\u0142ymi chrze\u015bcijanami.<\/em><\/h4>\n<\/li>\n<li>\n<h4><strong>Apostolat Mi\u0142osierdzia Bo\u017cego<\/strong> oraz woluntariuszy <strong>Parafialnego Oddzia\u0142u Caritas<\/strong> zapraszamy w przysz\u0142\u0105 niedziel\u0119 na Msz\u0119 \u015bw. o godz. 15:00, a po Mszy \u015bw. na pierwsze powakacyjne spotkanie na plebanii.<\/h4>\n<\/li>\n<li>\n<h4>W ostatni\u0105 niedziel\u0119 wrze\u015bnia Wolontariusze Caritas b\u0119d\u0105 zbiera\u0107 przed ko\u015bcio\u0142em ofiary dla rzecz os\u00f3b poszkodowanych przez pow\u00f3d\u017a.<\/h4>\n<\/li>\n<\/ol>\n<h4 style=\"text-align: left;\"><strong>PRZYPOMINAMY:PARAFIALNY ODDZIA\u0141 CARITAS <\/strong>naszej parafii znajduje si\u0119 przy ul. Myliusa 1A i czynny jest w pierwszy i trzeci czwartek miesi\u0105ca<\/h4>\n<h4 style=\"text-align: left;\">od 16:00 do godz. 17:00.<\/h4>\n<ol style=\"text-align: left;\" start=\"8\">\n<li>\n<h4>W liturgii ko\u015bcio\u0142a w tym tygodniu, obchodzi\u0107 b\u0119dziemy:<\/h4>\n<\/li>\n<\/ol>\n<ul style=\"text-align: left;\">\n<li>\n<h4>we wtorek 23 wrze\u015bnia &#8211; wspomnienie <strong>\u015aW. PIO Z PIETRELCINY<\/strong>, kap\u0142ana<\/h4>\n<\/li>\n<li>\n<h4>w sobot\u0119 27 wrze\u015bnia \u2013 wspomnienie \u015bw. Wincentego a Paulo, kap\u0142ana<\/h4>\n<\/li>\n<\/ul>\n<h4 style=\"text-align: left;\"><span style=\"color: #ff0000;\"><strong>Zapraszamy na Msze \u015bw. o godz. 8:00 oraz na godz. 18:00.<\/strong><\/span><\/h4>\n<ol start=\"9\">\n<li style=\"text-align: left;\">\n<h4>Odkryj przemieniaj\u0105c\u0105 \u017cycie relacje z \u017cywym <strong>JEZUSEM CHRYSTUSEM<\/strong> podczas <strong>KURSU NOWE \u017bYCIE<\/strong> w dniach 26 \u2013 28 wrze\u015bnia br. w parafii \u015bw. J\u00f3zefa Robotnika w Elbl\u0105gu ul. Kasprowicza1.Rozpoczynamy po wieczornej Mszy \u015bwi\u0119tej \u2013 ok. 18:45<\/h4>\n<\/li>\n<li style=\"text-align: left;\">\n<h4>Mamy ju\u017c mo\u017cliwo\u015b\u0107 zamawiania i<strong> REZERWACJI <\/strong>Mszy \u015bwi\u0119tej <strong>na ROK 2026<\/strong>. Informacj\u0119 t\u0119 podajemy dla tych wszystkich, kt\u00f3rzy pragn\u0105 w konkretnym dniu zam\u00f3wi\u0107 intencj\u0119 mszaln\u0105. <em><u>ZAPRASZAMY DO ZAKRYSTII LUB DO KANCELARII.<\/u><\/em><\/h4>\n<\/li>\n<li style=\"text-align: left;\">\n<h4>Po przerwie wakacyjnej wznawia dzia\u0142alno\u015b\u0107 <strong>PORADNIA RODZINNA<\/strong> przy ul. Zamkowej 17.<em> Czynna w ka\u017cd\u0105 \u015brod\u0119 w godz. 15:00 \u2013 17:00. Tel. 668 541 102.<\/em><\/h4>\n<\/li>\n<li style=\"text-align: left;\">\n<h4>Zach\u0119cam do nabywania nowego numeru \u201eGo\u015bcia Niedzielnego\u201d<strong> w cenie 10 z\u0142. <\/strong>Jest te\u017c wy\u0142o\u017cony<strong> BIULETYN PARAFIALNY<\/strong> na stolikach przy wej\u015bciu do ko\u015bcio\u0142a.<u> Zach\u0119camy do zabrania dla siebie i s\u0105siad\u00f3w<em>.<\/em><\/u><\/h4>\n<\/li>\n<\/ol>\n<h4><em><img loading=\"lazy\" decoding=\"async\" class=\"aligncenter\" src=\"https:\/\/rafalk-elblag.pl\/wp-content\/uploads\/2025\/08\/intencje-gragika.jpg\" width=\"552\" height=\"276\"><\/em><\/h4>\n<h5 style=\"text-align: center;\"><span style=\"color: #008000;\"><strong>XXV NIEDZIELA ZWYK\u0141A 21 wrze\u015bnia 2025 \/&nbsp;&nbsp; \u0141k 16, 1 \u2013 13<\/strong><\/span><\/h5>\n<p><span style=\"color: #008000;\"><strong>8.00<\/strong>&nbsp;&nbsp;<\/span>&nbsp;&nbsp;&nbsp;&nbsp;&nbsp;&nbsp;&nbsp;&nbsp;&nbsp;&nbsp;&nbsp;&nbsp;&nbsp;&nbsp;&nbsp;&nbsp;&nbsp;&nbsp;&nbsp;&nbsp;&nbsp;&nbsp;&nbsp;&nbsp;&nbsp;&nbsp;&nbsp;&nbsp;&nbsp;&nbsp;&nbsp;&nbsp;&nbsp;&nbsp;&nbsp;&nbsp;&nbsp;&nbsp;&nbsp;&nbsp;&nbsp;&nbsp;&nbsp;&nbsp;&nbsp;&nbsp;&nbsp;&nbsp;&nbsp;&nbsp;&nbsp;&nbsp;&nbsp;&nbsp;&nbsp;&nbsp;&nbsp;&nbsp;&nbsp;&nbsp;&nbsp;&nbsp;&nbsp;&nbsp;&nbsp;&nbsp;&nbsp;&nbsp;&nbsp;&nbsp;&nbsp;&nbsp;&nbsp;&nbsp;&nbsp;&nbsp;&nbsp;&nbsp;&nbsp;&nbsp;&nbsp;&nbsp;&nbsp;&nbsp;&nbsp;&nbsp;&nbsp;&nbsp;&nbsp;&nbsp;&nbsp;&nbsp;&nbsp;&nbsp;<\/p>\n<p>\u015ap. Zygmunta RADZISZEWSKIEGO w 38 rocznic\u0119 \u015bmierci<\/p>\n<p><strong><span style=\"color: #008000;\">8:00<\/span><\/strong>&nbsp;&nbsp;&nbsp;&nbsp;&nbsp;&nbsp;&nbsp;&nbsp;&nbsp;&nbsp;&nbsp;&nbsp;&nbsp;&nbsp;&nbsp;&nbsp;&nbsp;&nbsp;&nbsp;&nbsp;&nbsp;&nbsp;&nbsp;&nbsp;&nbsp;&nbsp;&nbsp;&nbsp;&nbsp;&nbsp;&nbsp;&nbsp;&nbsp;&nbsp;&nbsp;&nbsp;&nbsp;&nbsp;&nbsp;&nbsp;&nbsp;&nbsp;&nbsp;&nbsp;&nbsp;&nbsp;&nbsp;&nbsp;&nbsp;&nbsp;&nbsp;&nbsp;&nbsp;&nbsp;&nbsp;&nbsp;&nbsp;&nbsp;&nbsp;&nbsp;&nbsp;&nbsp;&nbsp;&nbsp;&nbsp;&nbsp;&nbsp;&nbsp;&nbsp;&nbsp;&nbsp;&nbsp;&nbsp;&nbsp;&nbsp;&nbsp;&nbsp;&nbsp;&nbsp;&nbsp;&nbsp;&nbsp;&nbsp;&nbsp;&nbsp;&nbsp;&nbsp;&nbsp;&nbsp;&nbsp;&nbsp;&nbsp;&nbsp;&nbsp;&nbsp;&nbsp;<\/p>\n<p>\u015ap. Mariann\u0119 IDZIKOWSK\u0104 \u2013 21 Msza gregoria\u0144ska<\/p>\n<p><strong><span style=\"color: #008000;\">10.00&nbsp;<\/span><\/strong>&nbsp;&nbsp;&nbsp;&nbsp;&nbsp;&nbsp;&nbsp;&nbsp;&nbsp;&nbsp;&nbsp;&nbsp;&nbsp;&nbsp;&nbsp;&nbsp;&nbsp;&nbsp;&nbsp;&nbsp;&nbsp;&nbsp;&nbsp;&nbsp;&nbsp;&nbsp;&nbsp;&nbsp;&nbsp;&nbsp;&nbsp;&nbsp;&nbsp;&nbsp;&nbsp;&nbsp;&nbsp;&nbsp;&nbsp;&nbsp;&nbsp;&nbsp;&nbsp;&nbsp;&nbsp;&nbsp;&nbsp;&nbsp;&nbsp;&nbsp;&nbsp;&nbsp;&nbsp;&nbsp;&nbsp;&nbsp;&nbsp;&nbsp;&nbsp;&nbsp;&nbsp;&nbsp;&nbsp;&nbsp;&nbsp;&nbsp;&nbsp;&nbsp;&nbsp;&nbsp;&nbsp;&nbsp;&nbsp;&nbsp;&nbsp;&nbsp;&nbsp;&nbsp;&nbsp;&nbsp;&nbsp;&nbsp;&nbsp;&nbsp;&nbsp;&nbsp;&nbsp;&nbsp;&nbsp;&nbsp;&nbsp;&nbsp;&nbsp;<\/p>\n<p>Dzi\u0119kczynna z okazji urodzin Mi\u0142osza z pro\u015bb\u0105 o Bo\u017ce b\u0142ogos\u0142awie\u0144stwo, dary Ducha \u015awi\u0119tego i opiek\u0119 Matki Bo\u017cej Szkaplerznej<\/p>\n<p><strong><span style=\"color: #008000;\">12.00<\/span><\/strong>&nbsp;&nbsp;&nbsp;&nbsp;&nbsp;&nbsp;&nbsp;&nbsp;&nbsp;&nbsp;&nbsp;&nbsp;&nbsp;&nbsp;&nbsp;&nbsp;&nbsp;&nbsp;&nbsp;&nbsp;&nbsp;&nbsp;&nbsp;&nbsp;&nbsp;&nbsp;&nbsp;&nbsp;&nbsp;&nbsp;&nbsp;&nbsp;&nbsp;&nbsp;&nbsp;&nbsp;&nbsp;&nbsp;&nbsp;&nbsp;&nbsp;&nbsp;&nbsp;&nbsp;&nbsp;&nbsp;&nbsp;&nbsp;&nbsp;&nbsp;&nbsp;&nbsp;&nbsp;&nbsp;&nbsp;&nbsp;&nbsp;&nbsp;&nbsp;&nbsp;&nbsp;&nbsp;&nbsp;&nbsp;&nbsp;&nbsp;&nbsp;&nbsp;&nbsp;&nbsp;&nbsp;&nbsp;&nbsp;&nbsp;&nbsp;&nbsp;&nbsp;&nbsp;&nbsp;&nbsp;&nbsp;&nbsp;&nbsp;&nbsp;&nbsp;&nbsp;&nbsp;&nbsp;&nbsp;&nbsp;&nbsp;&nbsp;&nbsp;&nbsp;<\/p>\n<p><span style=\"color: #ff0000;\"><strong>ZA PARAFIAN<\/strong><\/span><\/p>\n<p><strong><span style=\"color: #008000;\">15.00&nbsp;<\/span><\/strong>&nbsp;&nbsp;&nbsp;&nbsp;&nbsp;&nbsp;&nbsp;&nbsp;&nbsp;&nbsp;&nbsp;&nbsp;&nbsp;&nbsp;&nbsp;&nbsp;&nbsp;&nbsp;&nbsp;&nbsp;&nbsp;&nbsp;&nbsp;&nbsp;&nbsp;&nbsp;&nbsp;&nbsp;&nbsp;&nbsp;&nbsp;&nbsp;&nbsp;&nbsp;&nbsp;&nbsp;&nbsp;&nbsp;&nbsp;&nbsp;&nbsp;&nbsp;&nbsp;&nbsp;&nbsp;&nbsp;&nbsp;&nbsp;&nbsp;&nbsp;&nbsp;&nbsp;&nbsp;&nbsp;&nbsp;&nbsp;&nbsp;&nbsp;&nbsp;&nbsp;&nbsp;&nbsp;&nbsp;&nbsp;&nbsp;&nbsp;&nbsp;&nbsp;&nbsp;&nbsp;&nbsp;&nbsp;&nbsp;&nbsp;&nbsp;&nbsp;&nbsp;&nbsp;&nbsp;&nbsp;&nbsp;&nbsp;&nbsp;&nbsp;&nbsp;&nbsp;&nbsp;&nbsp;&nbsp;&nbsp;&nbsp;&nbsp;&nbsp;<\/p>\n<p>\u015ap. Macieja BO\u017bEK w 15 rocznic\u0119 \u015bmierci<\/p>\n<p><strong><span style=\"color: #008000;\">15:00&nbsp;<\/span><\/strong>&nbsp;&nbsp;&nbsp;&nbsp;&nbsp;&nbsp;&nbsp;&nbsp;&nbsp;&nbsp;&nbsp;&nbsp;&nbsp;&nbsp;&nbsp;&nbsp;&nbsp;&nbsp;&nbsp;&nbsp;&nbsp;&nbsp;&nbsp;&nbsp;&nbsp;&nbsp;&nbsp;&nbsp;&nbsp;&nbsp;&nbsp;&nbsp;&nbsp;&nbsp;&nbsp;&nbsp;&nbsp;&nbsp;&nbsp;&nbsp;&nbsp;&nbsp;&nbsp;&nbsp;&nbsp;&nbsp;&nbsp;&nbsp;&nbsp;&nbsp;&nbsp;&nbsp;&nbsp;&nbsp;&nbsp;&nbsp;&nbsp;&nbsp;&nbsp;&nbsp;&nbsp;&nbsp;&nbsp;&nbsp;&nbsp;&nbsp;&nbsp;&nbsp;&nbsp;&nbsp;&nbsp;&nbsp;&nbsp;&nbsp;&nbsp;&nbsp;&nbsp;&nbsp;&nbsp;&nbsp;&nbsp;&nbsp;&nbsp;&nbsp;&nbsp;&nbsp;&nbsp;&nbsp;&nbsp;&nbsp;&nbsp;&nbsp;&nbsp;<\/p>\n<p><strong><span style=\"color: #ff0000;\">W intencji wsp\u00f3lnot z naszej Parafii \u2013 inauguracja roku duszpasterskiego<\/span><\/strong><\/p>\n<p><strong><span style=\"color: #008000;\">18.00<\/span><\/strong>&nbsp;&nbsp;&nbsp;&nbsp;&nbsp;&nbsp;&nbsp;&nbsp;&nbsp;&nbsp;&nbsp;&nbsp;&nbsp;&nbsp;&nbsp;&nbsp;&nbsp;&nbsp;&nbsp;&nbsp;&nbsp;&nbsp;&nbsp;&nbsp;&nbsp;&nbsp;&nbsp;&nbsp;&nbsp;&nbsp;&nbsp;&nbsp;&nbsp;&nbsp;&nbsp;&nbsp;&nbsp;&nbsp;&nbsp;&nbsp;&nbsp;&nbsp;&nbsp;&nbsp;&nbsp;&nbsp;&nbsp;&nbsp;&nbsp;&nbsp;&nbsp;&nbsp;&nbsp;&nbsp;&nbsp;&nbsp;&nbsp;&nbsp;&nbsp;&nbsp;&nbsp;&nbsp;&nbsp;&nbsp;&nbsp;&nbsp;&nbsp;&nbsp;&nbsp;&nbsp;&nbsp;&nbsp;&nbsp;&nbsp;&nbsp;&nbsp;&nbsp;&nbsp;&nbsp;&nbsp;&nbsp;&nbsp;&nbsp;&nbsp;&nbsp;&nbsp;&nbsp;&nbsp;&nbsp;&nbsp;&nbsp;&nbsp;&nbsp;&nbsp;<\/p>\n<p>\u015ap. Mariann\u0119 i Boles\u0142awa STAN, Zofi\u0119, Jana, Andrzeja z rodziny JAWORSKICH oraz zmar\u0142ych dziadk\u00f3w i babcie z obojga stron<\/p>\n<h5 style=\"text-align: center;\"><span style=\"color: #008000;\">PONIEDZIA\u0141EK \/ 22 wrze\u015bnia 2025 \/ \u0141k&nbsp; 8, 16 \u2013 18<\/span><\/h5>\n<p><strong><span style=\"color: #008000;\">8.00<\/span><\/strong>&nbsp;&nbsp;&nbsp;&nbsp;&nbsp;&nbsp;&nbsp;&nbsp;&nbsp;&nbsp;&nbsp;&nbsp;&nbsp;&nbsp;&nbsp;&nbsp;&nbsp;&nbsp;&nbsp;&nbsp;&nbsp;&nbsp;&nbsp;&nbsp;&nbsp;&nbsp;&nbsp;&nbsp;&nbsp;&nbsp;&nbsp;&nbsp;&nbsp;&nbsp;&nbsp;&nbsp;&nbsp;&nbsp;&nbsp;&nbsp;&nbsp;&nbsp;&nbsp;&nbsp;&nbsp;&nbsp;&nbsp;&nbsp;&nbsp;&nbsp;&nbsp;&nbsp;&nbsp;&nbsp;&nbsp;&nbsp;&nbsp;&nbsp;&nbsp;&nbsp;&nbsp;&nbsp;&nbsp;&nbsp;&nbsp;&nbsp;&nbsp;&nbsp;&nbsp;&nbsp;&nbsp;&nbsp;&nbsp;&nbsp;&nbsp;&nbsp;&nbsp;&nbsp;&nbsp;&nbsp;&nbsp;&nbsp;&nbsp;&nbsp;&nbsp;&nbsp;&nbsp;&nbsp;&nbsp;&nbsp;&nbsp;&nbsp;&nbsp;&nbsp;&nbsp;&nbsp;<\/p>\n<p>\u015ap. Mariann\u0119 IDZIKOWSK\u0104 \u2013 22 Msza gregoria\u0144ska<\/p>\n<p><strong><span style=\"color: #008000;\">18.00&nbsp;&nbsp;<\/span><\/strong>&nbsp;&nbsp;&nbsp;&nbsp;&nbsp;&nbsp;&nbsp;&nbsp;&nbsp;&nbsp;&nbsp;&nbsp;&nbsp;&nbsp;&nbsp;&nbsp;&nbsp;&nbsp;&nbsp;&nbsp;&nbsp;&nbsp;&nbsp;&nbsp;&nbsp;&nbsp;&nbsp;&nbsp;&nbsp;&nbsp;&nbsp;&nbsp;&nbsp;&nbsp;&nbsp;&nbsp;&nbsp;&nbsp;&nbsp;&nbsp;&nbsp;&nbsp;&nbsp;&nbsp;&nbsp;&nbsp;&nbsp;&nbsp;&nbsp;&nbsp;&nbsp;&nbsp;&nbsp;&nbsp;&nbsp;&nbsp;&nbsp;&nbsp;&nbsp;&nbsp;&nbsp;&nbsp;&nbsp;&nbsp;&nbsp;&nbsp;&nbsp;&nbsp;&nbsp;&nbsp;&nbsp;&nbsp;&nbsp;&nbsp;&nbsp;&nbsp;&nbsp;&nbsp;&nbsp;&nbsp;&nbsp;&nbsp;&nbsp;&nbsp;&nbsp;&nbsp;&nbsp;&nbsp;&nbsp;&nbsp;&nbsp;&nbsp;<\/p>\n<p>\u015ap. Danut\u0119 BORYSZEWSK\u0104 \u2013 intencja od VII R\u00f3\u017cy R\u00f3\u017ca\u0144cowej \u201eMatki Bo\u017cej Salenty\u0144skiej\u201d<\/p>\n<h5 style=\"text-align: center;\"><span style=\"color: #008000;\">WTOREK&nbsp; \/ 23 wrze\u015bnia 2025\/&nbsp;&nbsp; \u0141k 8, 19 \u2013 21<\/span><\/h5>\n<h5 style=\"text-align: center;\"><span style=\"color: #008000;\">WSPOMNIENIE \u015aW. OJCA PIO Z PIETRELCINY, PREZBITERA<\/span><\/h5>\n<p><strong><span style=\"color: #008000;\">8.00<\/span><\/strong>&nbsp;&nbsp;&nbsp;&nbsp;&nbsp;&nbsp;&nbsp;&nbsp;&nbsp;&nbsp;&nbsp;&nbsp;&nbsp;&nbsp;&nbsp;&nbsp;&nbsp;&nbsp;&nbsp;&nbsp;&nbsp;&nbsp;&nbsp;&nbsp;&nbsp;&nbsp;&nbsp;&nbsp;&nbsp;&nbsp;&nbsp;&nbsp;&nbsp;&nbsp;&nbsp;&nbsp;&nbsp;&nbsp;&nbsp;&nbsp;&nbsp;&nbsp;&nbsp;&nbsp;&nbsp;&nbsp;&nbsp;&nbsp;&nbsp;&nbsp;&nbsp;&nbsp;&nbsp;&nbsp;&nbsp;&nbsp;&nbsp;&nbsp;&nbsp;&nbsp;&nbsp;&nbsp;&nbsp;&nbsp;&nbsp;&nbsp;&nbsp;&nbsp;&nbsp;&nbsp;&nbsp;&nbsp;&nbsp;&nbsp;&nbsp;&nbsp;&nbsp;&nbsp;&nbsp;&nbsp;&nbsp;&nbsp;&nbsp;&nbsp;&nbsp;&nbsp;&nbsp;&nbsp;&nbsp;&nbsp;&nbsp;&nbsp;&nbsp;&nbsp;&nbsp;&nbsp;<\/p>\n<p>\u015ap. Marcinka WI\u015aNIEWSKIEGO z okazji urodzin i zmar\u0142ych z rodzin: WI\u015aNIEWSKICH, KUBICKICH I PRZYGODA<\/p>\n<p><strong><span style=\"color: #008000;\">17.00<\/span><\/strong>&nbsp;&nbsp;&nbsp;&nbsp;&nbsp;&nbsp;&nbsp;&nbsp;&nbsp;&nbsp;&nbsp;&nbsp;&nbsp;&nbsp;&nbsp;&nbsp;&nbsp;&nbsp;&nbsp;&nbsp;&nbsp;&nbsp;&nbsp;&nbsp;&nbsp;&nbsp;&nbsp;&nbsp;&nbsp;&nbsp;&nbsp;&nbsp;&nbsp;&nbsp;&nbsp;&nbsp;&nbsp;&nbsp;&nbsp;&nbsp;&nbsp;&nbsp;&nbsp;&nbsp;&nbsp;&nbsp;&nbsp;&nbsp;&nbsp;&nbsp;&nbsp;&nbsp;&nbsp;&nbsp;&nbsp;&nbsp;&nbsp;&nbsp;&nbsp;&nbsp;&nbsp;&nbsp;&nbsp;&nbsp;&nbsp;&nbsp;&nbsp;&nbsp;&nbsp;&nbsp;&nbsp;&nbsp;&nbsp;&nbsp;&nbsp;&nbsp;&nbsp;&nbsp;&nbsp;&nbsp;&nbsp;&nbsp;&nbsp;&nbsp;&nbsp;&nbsp;&nbsp;&nbsp;&nbsp;&nbsp;&nbsp;&nbsp;&nbsp;&nbsp;<\/p>\n<p>\u015ap. Mariann\u0119 IDZIKOWSK\u0104 \u2013 23 Msza gregoria\u0144ska<\/p>\n<p><strong><span style=\"color: #008000;\">18:00&nbsp;<\/span><\/strong>&nbsp;&nbsp;&nbsp;&nbsp;&nbsp;&nbsp;&nbsp;&nbsp;&nbsp;&nbsp;&nbsp;&nbsp;&nbsp;&nbsp;&nbsp;&nbsp;&nbsp;&nbsp;&nbsp;&nbsp;&nbsp;&nbsp;&nbsp;&nbsp;&nbsp;&nbsp;&nbsp;&nbsp;&nbsp;&nbsp;&nbsp;&nbsp;&nbsp;&nbsp;&nbsp;&nbsp;&nbsp;&nbsp;&nbsp;&nbsp;&nbsp;&nbsp;&nbsp;&nbsp;&nbsp;&nbsp;&nbsp;&nbsp;&nbsp;&nbsp;&nbsp;&nbsp;&nbsp;&nbsp;&nbsp;&nbsp;&nbsp;&nbsp;&nbsp;&nbsp;&nbsp;&nbsp;&nbsp;&nbsp;&nbsp;&nbsp;&nbsp;&nbsp;&nbsp;&nbsp;&nbsp;&nbsp;&nbsp;&nbsp;&nbsp;&nbsp;&nbsp;&nbsp;&nbsp;&nbsp;&nbsp;&nbsp;&nbsp;&nbsp;&nbsp;&nbsp;&nbsp;&nbsp;&nbsp;&nbsp;&nbsp;&nbsp;&nbsp;<\/p>\n<p>Dzi\u0119kczynna w 47 rocznic\u0119 \u015blubu Krystyny i Ryszarda KUCZY\u0143SKICH z pro\u015bb\u0105 o Bo\u017ce b\u0142ogos\u0142awie\u0144stwo, potrzebne \u0142aski dla czcigodnych Jubilat\u00f3w<\/p>\n<h5 style=\"text-align: center;\"><span style=\"color: #008000;\">\u015aRODA \/ 24 wrze\u015bnia 2025 \/ \u0141k 9, 1 \u2013 6<\/span><\/h5>\n<p><strong><span style=\"color: #008000;\">8.00&nbsp;&nbsp;&nbsp;<\/span><\/strong>&nbsp;&nbsp;&nbsp;&nbsp;&nbsp;&nbsp;&nbsp;&nbsp;&nbsp;&nbsp;&nbsp;&nbsp;&nbsp;&nbsp;&nbsp;&nbsp;&nbsp;&nbsp;&nbsp;&nbsp;&nbsp;&nbsp;&nbsp;&nbsp;&nbsp;&nbsp;&nbsp;&nbsp;&nbsp;&nbsp;&nbsp;&nbsp;&nbsp;&nbsp;&nbsp;&nbsp;&nbsp;&nbsp;&nbsp;&nbsp;&nbsp;&nbsp;&nbsp;&nbsp;&nbsp;&nbsp;&nbsp;&nbsp;&nbsp;&nbsp;&nbsp;&nbsp;&nbsp;&nbsp;&nbsp;&nbsp;&nbsp;&nbsp;&nbsp;&nbsp;&nbsp;&nbsp;&nbsp;&nbsp;&nbsp;&nbsp;&nbsp;&nbsp;&nbsp;&nbsp;&nbsp;&nbsp;&nbsp;&nbsp;&nbsp;&nbsp;&nbsp;&nbsp;&nbsp;&nbsp;&nbsp;&nbsp;&nbsp;&nbsp;&nbsp;&nbsp;&nbsp;&nbsp;&nbsp;&nbsp;&nbsp;&nbsp;&nbsp;<\/p>\n<p>\u015ap. Mariann\u0119 IDZIKOWSK\u0104 \u2013 24 Msza gregoria\u0144ska<\/p>\n<p><strong><span style=\"color: #008000;\">18.00<\/span><\/strong>&nbsp;&nbsp;&nbsp;&nbsp;&nbsp;&nbsp;&nbsp;&nbsp;&nbsp;&nbsp;&nbsp;&nbsp;&nbsp;&nbsp;&nbsp;&nbsp;&nbsp;&nbsp;&nbsp;&nbsp;&nbsp;&nbsp;&nbsp;&nbsp;&nbsp;&nbsp;&nbsp;&nbsp;&nbsp;&nbsp;&nbsp;&nbsp;&nbsp;&nbsp;&nbsp;&nbsp;&nbsp;&nbsp;&nbsp;&nbsp;&nbsp;&nbsp;&nbsp;&nbsp;&nbsp;&nbsp;&nbsp;&nbsp;&nbsp;&nbsp;&nbsp;&nbsp;&nbsp;&nbsp;&nbsp;&nbsp;&nbsp;&nbsp;&nbsp;&nbsp;&nbsp;&nbsp;&nbsp;&nbsp;&nbsp;&nbsp;&nbsp;&nbsp;&nbsp;&nbsp;&nbsp;&nbsp;&nbsp;&nbsp;&nbsp;&nbsp;&nbsp;&nbsp;&nbsp;&nbsp;&nbsp;&nbsp;&nbsp;&nbsp;&nbsp;&nbsp;&nbsp;&nbsp;&nbsp;&nbsp;&nbsp;&nbsp;&nbsp;&nbsp;<\/p>\n<p>\u015ap. Szczepana ZY\u0141A w 8 rocznic\u0119 \u015bmierci i zmar\u0142ych rodzic\u00f3w z obojga stron oraz zmar\u0142e rodze\u0144stwo<\/p>\n<h5 style=\"text-align: center;\"><span style=\"color: #008000;\">CZWARTEK&nbsp; \/ 25 wrze\u015bnia 2025 \/ \u0141k 9, 7 \u2013 9<\/span><\/h5>\n<h5 style=\"text-align: center;\"><span style=\"color: #008000;\">WSPOMNIENIE B\u0141. W\u0141ADYS\u0141AWA Z GIELNIOWA, PREZBITERA<\/span><\/h5>\n<p><strong><span style=\"color: #008000;\">8.00<\/span><\/strong>&nbsp;&nbsp;&nbsp;&nbsp;&nbsp;&nbsp;&nbsp;&nbsp;&nbsp;&nbsp;&nbsp;&nbsp;&nbsp;&nbsp;&nbsp;&nbsp;&nbsp;&nbsp;&nbsp;&nbsp;&nbsp;&nbsp;&nbsp;&nbsp;&nbsp;&nbsp;&nbsp;&nbsp;&nbsp;&nbsp;&nbsp;&nbsp;&nbsp;&nbsp;&nbsp;&nbsp;&nbsp;&nbsp;&nbsp;&nbsp;&nbsp;&nbsp;&nbsp;&nbsp;&nbsp;&nbsp;&nbsp;&nbsp;&nbsp;&nbsp;&nbsp;&nbsp;&nbsp;&nbsp;&nbsp;&nbsp;&nbsp;&nbsp;&nbsp;&nbsp;&nbsp;&nbsp;&nbsp;&nbsp;&nbsp;&nbsp;&nbsp;&nbsp;&nbsp;&nbsp;&nbsp;&nbsp;&nbsp;&nbsp;&nbsp;&nbsp;&nbsp;&nbsp;&nbsp;&nbsp;&nbsp;&nbsp;&nbsp;&nbsp;&nbsp;&nbsp;&nbsp;&nbsp;&nbsp;&nbsp;&nbsp;&nbsp;&nbsp;&nbsp;&nbsp;&nbsp;<\/p>\n<p>\u015ap. Mariann\u0119 IDZIKOWSK\u0104 \u2013 25 Msza gregoria\u0144ska<\/p>\n<p><strong><span style=\"color: #008000;\">18.00<\/span><\/strong>&nbsp;&nbsp;&nbsp;&nbsp;&nbsp;&nbsp;&nbsp;&nbsp;&nbsp;&nbsp;&nbsp;&nbsp;&nbsp;&nbsp;&nbsp;&nbsp;&nbsp;&nbsp;&nbsp;&nbsp;&nbsp;&nbsp;&nbsp;&nbsp;&nbsp;&nbsp;&nbsp;&nbsp;&nbsp;&nbsp;&nbsp;&nbsp;&nbsp;&nbsp;&nbsp;&nbsp;&nbsp;&nbsp;&nbsp;&nbsp;&nbsp;&nbsp;&nbsp;&nbsp;&nbsp;&nbsp;&nbsp;&nbsp;&nbsp;&nbsp;&nbsp;&nbsp;&nbsp;&nbsp;&nbsp;&nbsp;&nbsp;&nbsp;&nbsp;&nbsp;&nbsp;&nbsp;&nbsp;&nbsp;&nbsp;&nbsp;&nbsp;&nbsp;&nbsp;&nbsp;&nbsp;&nbsp;&nbsp;&nbsp;&nbsp;&nbsp;&nbsp;&nbsp;&nbsp;&nbsp;&nbsp;&nbsp;&nbsp;&nbsp;&nbsp;&nbsp;&nbsp;&nbsp;&nbsp;&nbsp;&nbsp;&nbsp;&nbsp;&nbsp;<\/p>\n<p>\u015ap. Bronis\u0142aw\u0119 (K), Piotra i zmar\u0142ych z rodzin: WARYSZUK, MARCHALEWSKICH, KORZENIEWSKICH i NESTOROWICZ<\/p>\n<h2 style=\"text-align: center;\"><span style=\"color: #0000ff;\">ADORACJA NAJ\u015aWI\u0118TSZEGO SAKRAMENTU do godz. 20:00<\/span><\/h2>\n<h5 style=\"text-align: center;\"><span style=\"color: #008000;\">PI\u0104TEK \/ 26 wrze\u015bnia 2025 \/ \u0141k 9, 18 \u2013 22<\/span><\/h5>\n<p><strong><span style=\"color: #008000;\">8.00<\/span><\/strong>&nbsp;&nbsp;&nbsp;&nbsp;&nbsp;&nbsp;&nbsp;&nbsp;&nbsp;&nbsp;&nbsp;&nbsp;&nbsp;&nbsp;&nbsp;&nbsp;&nbsp;&nbsp;&nbsp;&nbsp;&nbsp;&nbsp;&nbsp;&nbsp;&nbsp;&nbsp;&nbsp;&nbsp;&nbsp;&nbsp;&nbsp;&nbsp;&nbsp;&nbsp;&nbsp;&nbsp;&nbsp;&nbsp;&nbsp;&nbsp;&nbsp;&nbsp;&nbsp;&nbsp;&nbsp;&nbsp;&nbsp;&nbsp;&nbsp;&nbsp;&nbsp;&nbsp;&nbsp;&nbsp;&nbsp;&nbsp;&nbsp;&nbsp;&nbsp;&nbsp;&nbsp;&nbsp;&nbsp;&nbsp;&nbsp;&nbsp;&nbsp;&nbsp;&nbsp;&nbsp;&nbsp;&nbsp;&nbsp;&nbsp;&nbsp;&nbsp;&nbsp;&nbsp;&nbsp;&nbsp;&nbsp;&nbsp;&nbsp;&nbsp;&nbsp;&nbsp;&nbsp;&nbsp;&nbsp;&nbsp;&nbsp;&nbsp;&nbsp;&nbsp;&nbsp;&nbsp;<\/p>\n<p>\u015ap. Mariann\u0119 IDZIKOWSK\u0104 \u2013 26 Msza gregoria\u0144ska<\/p>\n<p><strong><span style=\"color: #008000;\">18.00<\/span><\/strong>&nbsp;&nbsp;&nbsp;&nbsp;&nbsp;&nbsp;&nbsp;&nbsp;&nbsp;&nbsp;&nbsp;&nbsp;&nbsp;&nbsp;&nbsp;&nbsp;&nbsp;&nbsp;&nbsp;&nbsp;&nbsp;&nbsp;&nbsp;&nbsp;&nbsp;&nbsp;&nbsp;&nbsp;&nbsp;&nbsp;&nbsp;&nbsp;&nbsp;&nbsp;&nbsp;&nbsp;&nbsp;&nbsp;&nbsp;&nbsp;&nbsp;&nbsp;&nbsp;&nbsp;&nbsp;&nbsp;&nbsp;&nbsp;&nbsp;&nbsp;&nbsp;&nbsp;&nbsp;&nbsp;&nbsp;&nbsp;&nbsp;&nbsp;&nbsp;&nbsp;&nbsp;&nbsp;&nbsp;&nbsp;&nbsp;&nbsp;&nbsp;&nbsp;&nbsp;&nbsp;&nbsp;&nbsp;&nbsp;&nbsp;&nbsp;&nbsp;&nbsp;&nbsp;&nbsp;&nbsp;&nbsp;&nbsp;&nbsp;&nbsp;&nbsp;&nbsp;&nbsp;&nbsp;&nbsp;&nbsp;&nbsp;&nbsp;&nbsp;&nbsp;<\/p>\n<p>\u015ap. Cecyli\u0119 i W\u0142adys\u0142awa (M) LEWANDOWSKICH, \u015ap. Jana (M) PRZERADZKIEGO i zmar\u0142ych z rodzin: FJA\u0141KOWSKICH i PRZERADZKICH<\/p>\n<h5 style=\"text-align: center;\"><span style=\"color: #008000;\">SOBOTA \/ 27 wrze\u015bnia 2025 \/ \u0141k 9, 43b \u2013 45<\/span><\/h5>\n<h5 style=\"text-align: center;\"><span style=\"color: #008000;\">WSPOMNIENIE \u015aW. WINCENTEGO A PAULO, PREZBITERA<\/span><\/h5>\n<p><strong><span style=\"color: #008000;\">8.00<\/span><\/strong>&nbsp;&nbsp;&nbsp;&nbsp;&nbsp;&nbsp;&nbsp;&nbsp;&nbsp;&nbsp;&nbsp;&nbsp;&nbsp;&nbsp;&nbsp;&nbsp;&nbsp;&nbsp;&nbsp;&nbsp;&nbsp;&nbsp;&nbsp;&nbsp;&nbsp;&nbsp;&nbsp;&nbsp;&nbsp;&nbsp;&nbsp;&nbsp;&nbsp;&nbsp;&nbsp;&nbsp;&nbsp;&nbsp;&nbsp;&nbsp;&nbsp;&nbsp;&nbsp;&nbsp;&nbsp;&nbsp;&nbsp;&nbsp;&nbsp;&nbsp;&nbsp;&nbsp;&nbsp;&nbsp;&nbsp;&nbsp;&nbsp;&nbsp;&nbsp;&nbsp;&nbsp;&nbsp;&nbsp;&nbsp;&nbsp;&nbsp;&nbsp;&nbsp;&nbsp;&nbsp;&nbsp;&nbsp;&nbsp;&nbsp;&nbsp;&nbsp;&nbsp;&nbsp;&nbsp;&nbsp;&nbsp;&nbsp;&nbsp;&nbsp;&nbsp;&nbsp;&nbsp;&nbsp;&nbsp;&nbsp;&nbsp;&nbsp;&nbsp;&nbsp;&nbsp;&nbsp;<\/p>\n<p>\u015ap. Mariann\u0119 IDZIKOWSK\u0104 \u2013 27 Msza gregoria\u0144ska<\/p>\n<p><strong><span style=\"color: #008000;\">18.00<\/span><\/strong>&nbsp;&nbsp;&nbsp;&nbsp;&nbsp;&nbsp;&nbsp;&nbsp;&nbsp;&nbsp;&nbsp;&nbsp;&nbsp;&nbsp;&nbsp;&nbsp;&nbsp;&nbsp;&nbsp;&nbsp;&nbsp;&nbsp;&nbsp;&nbsp;&nbsp;&nbsp;&nbsp;&nbsp;&nbsp;&nbsp;&nbsp;&nbsp;&nbsp;&nbsp;&nbsp;&nbsp;&nbsp;&nbsp;&nbsp;&nbsp;&nbsp;&nbsp;&nbsp;&nbsp;&nbsp;&nbsp;&nbsp;&nbsp;&nbsp;&nbsp;&nbsp;&nbsp;&nbsp;&nbsp;&nbsp;&nbsp;&nbsp;&nbsp;&nbsp;&nbsp;&nbsp;&nbsp;&nbsp;&nbsp;&nbsp;&nbsp;&nbsp;&nbsp;&nbsp;&nbsp;&nbsp;&nbsp;&nbsp;&nbsp;&nbsp;&nbsp;&nbsp;&nbsp;&nbsp;&nbsp;&nbsp;&nbsp;&nbsp;&nbsp;&nbsp;&nbsp;&nbsp;&nbsp;&nbsp;&nbsp;&nbsp;&nbsp;&nbsp;&nbsp;<\/p>\n<p>\u015ap. Alfreda, Marka, Krystyn\u0119 z rodziny DOLNY<\/p>\n<h5 style=\"text-align: center;\"><span style=\"color: #008000;\">XXVI NIEDZIELA ZWYK\u0141A 28 wrze\u015bnia 2025 \/ \u0141k 16, 19 \u2013 31<\/span><\/h5>\n<p><strong><span style=\"color: #008000;\">8.00<\/span><\/strong>&nbsp;&nbsp;&nbsp;&nbsp;&nbsp;&nbsp;&nbsp;&nbsp;&nbsp;&nbsp;&nbsp;&nbsp;&nbsp;&nbsp;&nbsp;&nbsp;&nbsp;&nbsp;&nbsp;&nbsp;&nbsp;&nbsp;&nbsp;&nbsp;&nbsp;&nbsp;&nbsp;&nbsp;&nbsp;&nbsp;&nbsp;&nbsp;&nbsp;&nbsp;&nbsp;&nbsp;&nbsp;&nbsp;&nbsp;&nbsp;&nbsp;&nbsp;&nbsp;&nbsp;&nbsp;&nbsp;&nbsp;&nbsp;&nbsp;&nbsp;&nbsp;&nbsp;&nbsp;&nbsp;&nbsp;&nbsp;&nbsp;&nbsp;&nbsp;&nbsp;&nbsp;&nbsp;&nbsp;&nbsp;&nbsp;&nbsp;&nbsp;&nbsp;&nbsp;&nbsp;&nbsp;&nbsp;&nbsp;&nbsp;&nbsp;&nbsp;&nbsp;&nbsp;&nbsp;&nbsp;&nbsp;&nbsp;&nbsp;&nbsp;&nbsp;&nbsp;&nbsp;&nbsp;&nbsp;&nbsp;&nbsp;&nbsp;&nbsp;&nbsp;&nbsp;&nbsp;<\/p>\n<p>\u015ap. Sylwestra BA\u0141DYGA w 7 rocznic\u0119 \u015bmierci, Lucjana, Mariann\u0119, Feliksa Bronis\u0142aw\u0119, Stanis\u0142awa (M)<\/p>\n<p><strong><span style=\"color: #008000;\">10:00&nbsp;<\/span><\/strong>&nbsp;&nbsp;&nbsp;&nbsp;&nbsp;&nbsp;&nbsp;&nbsp;&nbsp;&nbsp;&nbsp;&nbsp;&nbsp;&nbsp;&nbsp;&nbsp;&nbsp;&nbsp;&nbsp;&nbsp;&nbsp;&nbsp;&nbsp;&nbsp;&nbsp;&nbsp;&nbsp;&nbsp;&nbsp;&nbsp;&nbsp;&nbsp;&nbsp;&nbsp;&nbsp;&nbsp;&nbsp;&nbsp;&nbsp;&nbsp;&nbsp;&nbsp;&nbsp;&nbsp;&nbsp;&nbsp;&nbsp;&nbsp;&nbsp;&nbsp;&nbsp;&nbsp;&nbsp;&nbsp;&nbsp;&nbsp;&nbsp;&nbsp;&nbsp;&nbsp;&nbsp;&nbsp;&nbsp;&nbsp;&nbsp;&nbsp;&nbsp;&nbsp;&nbsp;&nbsp;&nbsp;&nbsp;&nbsp;&nbsp;&nbsp;&nbsp;&nbsp;&nbsp;&nbsp;&nbsp;&nbsp;&nbsp;&nbsp;&nbsp;&nbsp;&nbsp;&nbsp;&nbsp;&nbsp;&nbsp;&nbsp;&nbsp;&nbsp;<\/p>\n<p>\u015ap. Michalin\u0119 WO\u0179NIAK<\/p>\n<p><strong><span style=\"color: #008000;\">12.00<\/span><\/strong>&nbsp;&nbsp;&nbsp;&nbsp;&nbsp;&nbsp;&nbsp;&nbsp;&nbsp;&nbsp;&nbsp;&nbsp;&nbsp;&nbsp;&nbsp;&nbsp;&nbsp;&nbsp;&nbsp;&nbsp;&nbsp;&nbsp;&nbsp;&nbsp;&nbsp;&nbsp;&nbsp;&nbsp;&nbsp;&nbsp;&nbsp;&nbsp;&nbsp;&nbsp;&nbsp;&nbsp;&nbsp;&nbsp;&nbsp;&nbsp;&nbsp;&nbsp;&nbsp;&nbsp;&nbsp;&nbsp;&nbsp;&nbsp;&nbsp;&nbsp;&nbsp;&nbsp;&nbsp;&nbsp;&nbsp;&nbsp;&nbsp;&nbsp;&nbsp;&nbsp;&nbsp;&nbsp;&nbsp;&nbsp;&nbsp;&nbsp;&nbsp;&nbsp;&nbsp;&nbsp;&nbsp;&nbsp;&nbsp;&nbsp;&nbsp;&nbsp;&nbsp;&nbsp;&nbsp;&nbsp;&nbsp;&nbsp;&nbsp;&nbsp;&nbsp;&nbsp;&nbsp;&nbsp;&nbsp;&nbsp;&nbsp;&nbsp;&nbsp;&nbsp;<\/p>\n<p>\u015ap. Mariann\u0119 IDZIKOWSK\u0104 \u2013 28 Msza gregoria\u0144ska<\/p>\n<p><strong><span style=\"color: #008000;\">15.00<\/span><\/strong>&nbsp;&nbsp;&nbsp;&nbsp;&nbsp;&nbsp;&nbsp;&nbsp;&nbsp;&nbsp;&nbsp;&nbsp;&nbsp;&nbsp;&nbsp;&nbsp;&nbsp;&nbsp;&nbsp;&nbsp;&nbsp;&nbsp;&nbsp;&nbsp;&nbsp;&nbsp;&nbsp;&nbsp;&nbsp;&nbsp;&nbsp;&nbsp;&nbsp;&nbsp;&nbsp;&nbsp;&nbsp;&nbsp;&nbsp;&nbsp;&nbsp;&nbsp;&nbsp;&nbsp;&nbsp;&nbsp;&nbsp;&nbsp;&nbsp;&nbsp;&nbsp;&nbsp;&nbsp;&nbsp;&nbsp;&nbsp;&nbsp;&nbsp;&nbsp;&nbsp;&nbsp;&nbsp;&nbsp;&nbsp;&nbsp;&nbsp;&nbsp;&nbsp;&nbsp;&nbsp;&nbsp;&nbsp;&nbsp;&nbsp;&nbsp;&nbsp;&nbsp;&nbsp;&nbsp;&nbsp;&nbsp;&nbsp;&nbsp;&nbsp;&nbsp;&nbsp;&nbsp;&nbsp;&nbsp;&nbsp;&nbsp;&nbsp;&nbsp;&nbsp;<\/p>\n<p>Dzi\u0119kczynna z okazji 75 urodzin Zbigniewa TROCZEK z pro\u015bb\u0105 o Bo\u017ce b\u0142ogos\u0142awie\u0144stwo, potrzebne \u0142aski opiek\u0119 Matki Bo\u017cej Szkaplerznej<\/p>\n<p><strong><span style=\"color: #008000;\">18.00<\/span><\/strong>&nbsp;&nbsp;&nbsp;&nbsp;&nbsp;&nbsp;&nbsp;&nbsp;&nbsp;&nbsp;&nbsp;&nbsp;&nbsp;&nbsp;&nbsp;&nbsp;&nbsp;&nbsp;&nbsp;&nbsp;&nbsp;&nbsp;&nbsp;&nbsp;&nbsp;&nbsp;&nbsp;&nbsp;&nbsp;&nbsp;&nbsp;&nbsp;&nbsp;&nbsp;&nbsp;&nbsp;&nbsp;&nbsp;&nbsp;&nbsp;&nbsp;&nbsp;&nbsp;&nbsp;&nbsp;&nbsp;&nbsp;&nbsp;&nbsp;&nbsp;&nbsp;&nbsp;&nbsp;&nbsp;&nbsp;&nbsp;&nbsp;&nbsp;&nbsp;&nbsp;&nbsp;&nbsp;&nbsp;&nbsp;&nbsp;&nbsp;&nbsp;&nbsp;&nbsp;&nbsp;&nbsp;&nbsp;&nbsp;&nbsp;&nbsp;&nbsp;&nbsp;&nbsp;&nbsp;&nbsp;&nbsp;&nbsp;&nbsp;&nbsp;&nbsp;&nbsp;&nbsp;&nbsp;&nbsp;&nbsp;&nbsp;&nbsp;&nbsp;&nbsp;<\/p>\n<p>\u015ap. Stefana KOWALCZYK, \u015ap. Mieczys\u0142awa KIMACH, \u015ap. Jadwig\u0119, Miko\u0142aja GORSZONOWSKICH oraz zmar\u0142ych z tych rodzin<\/p>\n","protected":false},"excerpt":{"rendered":"<p>Kim s\u0105 MISJONARZE MI\u0141OSIERDZIA? Drogi Przyjacielu! Mo\u017ce spotka\u0142e\u015b si\u0119 z okre\u015bleniem \u201eMisjonarz Mi\u0142osierdzia\u201d. Ot\u00f3\u017c papie\u017c Franciszek podczas Nadzwyczajnego Jubileuszu Mi\u0142osierdzia 2016 roku ustanowi\u0142 Misjonarzy Mi\u0142osierdzia. W obecnym Roku \u015awi\u0119tym nadal pe\u0142ni\u0105 oni bardzo wa\u017cn\u0105 rol\u0119. S\u0105 szafarzami Bo\u017cego mi\u0142osierdzia w konfesjonale. Przytocz\u0119 Ci s\u0142owa zapewne znanego Ci o. Dolindo: \u201eKa\u017cda dusza jest przedmiotem szczeg\u00f3lnej troski [&hellip;]<\/p>\n","protected":false},"author":1,"featured_media":5908,"comment_status":"closed","ping_status":"closed","sticky":false,"template":"","format":"standard","meta":{"ngg_post_thumbnail":0,"footnotes":""},"categories":[11,8,4,3],"tags":[],"class_list":["post-5907","post","type-post","status-publish","format-standard","has-post-thumbnail","hentry","category-aktualnosci","category-blog","category-intencje","category-ogloszenia"],"_links":{"self":[{"href":"https:\/\/rafalk-elblag.pl\/index.php?rest_route=\/wp\/v2\/posts\/5907","targetHints":{"allow":["GET"]}}],"collection":[{"href":"https:\/\/rafalk-elblag.pl\/index.php?rest_route=\/wp\/v2\/posts"}],"about":[{"href":"https:\/\/rafalk-elblag.pl\/index.php?rest_route=\/wp\/v2\/types\/post"}],"author":[{"embeddable":true,"href":"https:\/\/rafalk-elblag.pl\/index.php?rest_route=\/wp\/v2\/users\/1"}],"replies":[{"embeddable":true,"href":"https:\/\/rafalk-elblag.pl\/index.php?rest_route=%2Fwp%2Fv2%2Fcomments&post=5907"}],"version-history":[{"count":1,"href":"https:\/\/rafalk-elblag.pl\/index.php?rest_route=\/wp\/v2\/posts\/5907\/revisions"}],"predecessor-version":[{"id":5909,"href":"https:\/\/rafalk-elblag.pl\/index.php?rest_route=\/wp\/v2\/posts\/5907\/revisions\/5909"}],"wp:featuredmedia":[{"embeddable":true,"href":"https:\/\/rafalk-elblag.pl\/index.php?rest_route=\/wp\/v2\/media\/5908"}],"wp:attachment":[{"href":"https:\/\/rafalk-elblag.pl\/index.php?rest_route=%2Fwp%2Fv2%2Fmedia&parent=5907"}],"wp:term":[{"taxonomy":"category","embeddable":true,"href":"https:\/\/rafalk-elblag.pl\/index.php?rest_route=%2Fwp%2Fv2%2Fcategories&post=5907"},{"taxonomy":"post_tag","embeddable":true,"href":"https:\/\/rafalk-elblag.pl\/index.php?rest_route=%2Fwp%2Fv2%2Ftags&post=5907"}],"curies":[{"name":"wp","href":"https:\/\/api.w.org\/{rel}","templated":true}]}}