{"id":5898,"date":"2025-09-13T15:35:41","date_gmt":"2025-09-13T15:35:41","guid":{"rendered":"https:\/\/rafalk-elblag.pl\/?p=5898"},"modified":"2025-09-13T15:35:41","modified_gmt":"2025-09-13T15:35:41","slug":"xxiv-niedziela-zwykla-2","status":"publish","type":"post","link":"https:\/\/rafalk-elblag.pl\/?p=5898","title":{"rendered":"XXIV NIEDZIELA ZWYK\u0141A"},"content":{"rendered":"<p><img loading=\"lazy\" decoding=\"async\" class=\"aligncenter\" src=\"https:\/\/rafalk-elblag.pl\/wp-content\/uploads\/2025\/08\/biuletyn-graf.jpg\" width=\"552\" height=\"357\"><\/p>\n<h5 style=\"text-align: center;\"><span style=\"color: #ff0000;\"><strong>Czy Korzystam z Sakramentu Pokuty i Pojednania?<\/strong><\/span><\/h5>\n<p>&nbsp;&nbsp;&nbsp;&nbsp;&nbsp;&nbsp;&nbsp;&nbsp;&nbsp;&nbsp;&nbsp; <strong>Drogi Przyjacielu!<\/strong> Papie\u017c Franciszek<br \/>\nw adhortacji na Rok Jubileuszowy m\u00f3wi o r\u00f3\u017cnych motywach nadziei. W\u015br\u00f3d nich wymienia sakrament pokuty i zach\u0119ca, aby nie rezygnowa\u0107 ze spowiedzi, ale odkry\u0107 na nowo pi\u0119kno sakramentu uzdrowienia i rado\u015bci oraz pi\u0119kno mi\u0142osierdzia i przebaczenia grzech\u00f3w. W obecnym rozwa\u017caniu zapytaj wi\u0119c samego siebie: <strong>jaki jest m\u00f3j stosunek do sakramentu pokuty?. Czy nie powinienem go odkry\u0107 na nowo jako sakrament uzdrowienia i odnowy \u017cycia?.<\/strong><\/p>\n<p>&nbsp;&nbsp;&nbsp;&nbsp;&nbsp;&nbsp;&nbsp;&nbsp;&nbsp;&nbsp;<strong>&nbsp; <em>\u201eSakrament pokuty upewnia nas, \u017ce B\u00f3g g\u0142adzi nasze grzechy\u201d<\/em> <\/strong>(SNC 23). Sakrament ten pozwala otworzy\u0107 serca i umys\u0142y na przebaczenie, kt\u00f3re mo\u017ce umo\u017cliwi\u0107 przemian\u0119 przysz\u0142o\u015bci i otworzenie si\u0119 na ni\u0105 bez urazy, rozgoryczenia i zemsty. Ta przysz\u0142o\u015b\u0107, o\u015bwieca przebaczeniem, pozwala na odczytanie przysz\u0142o\u015bci innymi i bardziej pogodnymi oczami. <em>\u201eTam pozwalamy Panu zniszczy\u0107 nasze grzechy, uleczy\u0107 nasze serca, podnie\u015b\u0107 nas i obj\u0105\u0107, aby\u015bmy poznali Jego czu\u0142e i wsp\u00f3\u0142czuj\u0105ce oblicze. Nie ma bowiem lepszego sposobu na poznanie Boga ni\u017c pozwolenie Mu, <\/em><em>by nas pojedna\u0142 ze sob\u0105 (por. 2 Kor 5,20), rozkoszuj\u0105c si\u0119 Jego przebaczeniem\u201d<\/em> (SNC 23). Zach\u0119ca wi\u0119c papie\u017c, by nie rezygnowa\u0107 ze spowiedzi, ale by odkry\u0107 na nowo pi\u0119kno sakramentu uzdrowienia i rado\u015bci, pi\u0119kno przebaczenia grzech\u00f3w. Sakrament ten jest znakiem ustanowionym przez samego Chrystusa jako \u017ar\u00f3d\u0142o \u0142aski. Jest on pierwszym darem Chrystusa zmartwychwsta\u0142ego. W dniu zmartwychwstania Chrystusa przyby\u0142 do aposto\u0142\u00f3w zamkni\u0119tych w Wieczerniku i powiedzia\u0142 im<em>: \u201eWe\u017amijcie Ducha \u015awi\u0119tego! Kt\u00f3rym odpu\u015bcicie grzechy, s\u0105 im odpuszczone, a kt\u00f3rym zatrzymacie, s\u0105 im zatrzymane\u201d<\/em> (J 20, 22 \u2013 23). To jest pierwszy i jeden z najwi\u0119kszych dar\u00f3w, jaki otrzymali\u015bmy od Boga. Ten dar jest \u015bci\u015ble zwi\u0105zany z kap\u0142a\u0144stwem otrzymali go wy\u0142\u0105cznie aposto\u0142owie, kt\u00f3rzy przekazuj\u0105 sakrament pokuty i pojednania przez ca\u0142e pokolenia a\u017c do naszych czas\u00f3w. Zosta\u0142 ustanowiony przez Chrystusa w dzie\u0144 zmartwychwstania po wej\u015bciu do Wieczernika, i ta moc zmartwychwsta\u0142ego Chrystusa zosta\u0142a z\u0142o\u017cona na kap\u0142a\u0144skie r\u0119ce. I te kap\u0142a\u0144skie r\u0119ce oraz wypowiedziane s\u0142owa za ka\u017cdym razem uobecniaj\u0105 cud duchowego zmartwychwstania cz\u0142owieka.<\/p>\n<p>&nbsp;&nbsp;&nbsp;&nbsp;&nbsp;&nbsp;&nbsp;&nbsp;&nbsp;&nbsp;&nbsp; <strong>Tak d\u0142ugo, jak \u017cyjemy na ziemi, jeste\u015bmy ci\u0105gle nara\u017ceni na pokusy i z\u0142o. Dlatego musimy ci\u0105gle dokonywa\u0107 w\u0142a\u015bciwego wyboru.<\/strong> Gdy przejdziemy do wieczno\u015bci, nie b\u0119dziemy ju\u017c w zasi\u0119gu z\u0142a. B\u0119dziemy otwarci tylko na dobro. Ale w\u00f3wczas sko\u0144czy si\u0119 tak\u017ce definitywnie czas zas\u0142ugi. Jednak w czasie tej naszej ziemskiej pielgrzymki, Boski Lekarz \u2013 Chrystus \u2013 przygotowa\u0142 dla nas wspania\u0142\u0105 aptek\u0119, w kt\u00f3rej mo\u017cna uleczy\u0107 wszystkie choroby ducha i wiele chor\u00f3b cia\u0142a. W sakramencie pokuty uzyskujemy przebaczenie wszystkich grzech\u00f3w i zostaje nam przywr\u00f3cone nadprzyrodzone \u017cycie, kt\u00f3re utracili\u015bmy przez ci\u0119\u017ckie grzechy.<\/p>\n<p>&nbsp;&nbsp;&nbsp;&nbsp;&nbsp;&nbsp;&nbsp;&nbsp;&nbsp;&nbsp;&nbsp; <strong>Drogi Bracie, droga Siostro!<\/strong> Jest to sakrament, w kt\u00f3rym Chrystus czeka na cz\u0142owieka jako Lekarz, aby ratowa\u0107 go zw\u0142aszcza w chwili zbli\u017caj\u0105cej si\u0119 \u015bmierci. Boski Lekarz oczekuje nas w tym sakramencie zw\u0142aszcza w czasie tego Roku Jubileuszowego. Oby\u015bmy wszyscy skorzystali z tej \u0142aski. A Ciebie prosz\u0119, aby\u015b nie tylko w tym Roku \u015awi\u0119tym, ale przez ca\u0142e \u017cycie jak najcz\u0119\u015bciej przyst\u0119powa\u0142 do sakramentu pokuty i pojednania.<\/p>\n<p><img loading=\"lazy\" decoding=\"async\" class=\"aligncenter\" src=\"https:\/\/rafalk-elblag.pl\/wp-content\/uploads\/2025\/08\/ogl-graf.png\" width=\"553\" height=\"261\"><\/p>\n<h5 style=\"text-align: center;\"><span style=\"color: #008000;\"><strong>OG\u0141OSZENIA PARAFIALNE&nbsp; 14.09.2025 r.<\/strong><\/span><\/h5>\n<h5 style=\"text-align: center;\"><span style=\"color: #008000;\"><strong>\u015aWI\u0118TO PODWY\u017bSZENIA KRZY\u017bA\u015aWI\u0118TEGO<\/strong><\/span><\/h5>\n<p><strong>&nbsp;<\/strong><\/p>\n<ol>\n<li>Dzisiaj w \u015awi\u0119to Podwy\u017cszenia Krzy\u017ca rozpoczynamy obchody TYGODNIA WYCHOWANIA w Ko\u015bciele w Polsce, pod has\u0142em <strong>\u201eWsp\u00f3lnota nadziei\u201d.<\/strong><\/li>\n<li><strong>Dzi\u0119kuj\u0119 <\/strong>tym wszystkim, kt\u00f3rzy wzi\u0119li udzia\u0142 w zbi\u00f3rce zu\u017cytego sprz\u0119tu elektrycznego i elektronicznego. Aktywny udzia\u0142 w tej zbi\u00f3rce to realne dzia\u0142anie na rzecz ochrony \u015brodowiska oraz pomoc dla Polskich Misjonarzy. B\u00f3g zap\u0142a\u0107.<\/li>\n<li>Osoby z grupy modlitewnej <strong>RODZINNY R\u00d3\u017bANIEC<\/strong> zapraszamy dzisiaj po Mszach \u015bwi\u0119tych po odbi\u00f3r tajemnic r\u00f3\u017ca\u0144cowych u pana Piotra &#8211; Organisty. <em>Zapraszamy tak\u017ce nowe osoby, kt\u00f3re chc\u0105 modli\u0107 si\u0119 za swoje rodziny.<\/em><\/li>\n<li>We wtorek 16 wrze\u015bnia br. dzie\u0144 spotkania i formacji dla<strong> RODZINY I BRACTWA SZKAPLERZNEGO<\/strong>. Serdecznie zapraszamy na Msz\u0119 \u015bw. o godz. 18:00 podczas kt\u00f3rej mo\u017cna przyj\u0105\u0107 szkaplerz \u015bwi\u0119ty a po niej zapraszam do kina na film \u201e<strong>TRIUMF SERCA\u201d <\/strong>w Multikinie \u2013 Ogrody.<\/li>\n<li>W \u015brod\u011917 wrze\u015bnia w ko\u015bciele pw. \u201eWszystkich \u015awi\u0119tych\u201d w Elbl\u0105gu dla Zwi\u0105zku Sybirak\u00f3w i Kombatant\u00f3w <strong>z okazji 86 rocznicy napa\u015bci sowieckiej na Polsk\u0119<br \/>\no godz. 9:00 zostanie odprawiona Msza \u015bwi\u0119ta. <\/strong><em>Po niej dalsze uroczysto\u015bci przy Krzy\u017cu Katy\u0144skim na Cmentarzu Komunalnym przy Agrykola. Zapraszamy do wsp\u00f3lnej modlitwy.<\/em><\/li>\n<li><strong>Za tydzie\u0144 -21 wrze\u015bnia br. (niedziela) zapraszamy wszystkie wsp\u00f3lnoty przy naszej parafii na Msz\u0119 \u015bw. o godz. 15:00, kt\u00f3r\u0105 rozpoczniemy NOWY ROK DUSZPASTERSKI I FORMACYJNY.<\/strong><em>W czasie Mszy \u015bw. liderzy wsp\u00f3lnot otrzymaj\u0105 \u015bwiec\u0119 \u2013 jako symbol \u015bwiat\u0142a Chrystusa, aby to \u015bwiat\u0142o roz\u015bwietla\u0142o drog\u0119 na kolejny rok s\u0142u\u017cby Bogu i ludziom. <\/em><strong>PO MSZY \u015aW. ZAPRASZAMY NA WSP\u00d3LNE SPOTKANIE NA PLEBANII.<\/strong><\/li>\n<li>Odkryj przemieniaj\u0105c\u0105 \u017cycie relacje z \u017cywym <strong>JEZUSEM CHRYSTUSEM<\/strong> podczas <strong>KURSU NOWE \u017bYCIE<\/strong> w dniach 26 \u2013 28 wrze\u015bnia br. w parafii \u015bw. J\u00f3zefa Robotnika w Elbl\u0105gu ul. Kasprowicza 1 po wieczornej Mszy \u015bwi\u0119tej \u2013 ok. 18:45<\/li>\n<li><strong>IDZIEMY DO MULTIKINA.\u201eTRIUMF SERCA\u201d <\/strong>to dramat oparty na prawdziwej historii \u015bw. Maksymiliana Marii Kolbego \u2013 franciszkanina. Film ameryka\u0144skiego re\u017cysera Anthony\u2019ego D\u2019Ambrosio rozpoczyna si\u0119 tam, gdzie wi\u0119kszo\u015b\u0107 opowie\u015bci o ojcu Kolbem si\u0119 ko\u0144czy \u2013 w celi \u015bmierci. <strong>\u201e<em>TRIUMF SERCA\u201d<\/em><\/strong>&nbsp;<strong><em>to nie tylko historia m\u0119cze\u0144stwa, lecz przede wszystkim ho\u0142d dla mi\u0142o\u015bci, kt\u00f3ra \u2013 i to jest duchowe przes\u0142anie filmu \u2013 jest tw\u00f3rcza i silniejsza ni\u017c \u015bmier\u0107. <\/em><\/strong>W \u015bwiecie pe\u0142nym podzia\u0142\u00f3w i konflikt\u00f3w<em>&nbsp;<\/em><em><strong>\u201eTRIUMF SERCA<\/strong><\/em><strong>\u201d<\/strong> staje si\u0119 uniwersalnym apelem o dobro, wiar\u0119 i cz\u0142owiecze\u0144stwo.&nbsp;<strong>Zapraszam do wsp\u00f3lnego wyj\u015bcia 16 wrze\u015bnia (wtorek) na godz. 19:30. Cena biletu 14 z\u0142. <\/strong><em><u>Wp\u0142acamy przy wej\u015bciu do sali.<\/u><\/em><\/li>\n<li>Mamy ju\u017c mo\u017cliwo\u015b\u0107 zamawiania i REZERWACJI Mszy \u015bwi\u0119tej <strong>na ROK 2026<\/strong>. Informacj\u0119 t\u0119 podajemy dla tych wszystkich, kt\u00f3rzy pragn\u0105 w konkretnym dniu zam\u00f3wi\u0107 intencj\u0119 mszaln\u0105. <em><u>ZAPRASZAMY DO ZAKRYSTII LUB DO KANCELARII.<\/u><\/em><\/li>\n<li>Po przerwie wakacyjnej wznawia dzia\u0142alno\u015b\u0107 <strong>PORADNIA RODZINNA<\/strong> przy ul. Zamkowej 17.<em> Czynna w ka\u017cd\u0105 \u015brod\u0119 w godz. 15:00 \u2013 17:00. Tel. 668 541 102.<\/em><\/li>\n<li>Zach\u0119cam do nabywania nowego numeru \u201eGo\u015bcia Niedzielnego\u201d<strong> w cenie 10 z\u0142.<\/strong> Jest te\u017c wy\u0142o\u017cony<strong> BIULETYN PARAFIALNY<\/strong> na stolikach przy wej\u015bciu do ko\u015bcio\u0142a.<u> Zach\u0119camy do zabrania dla siebie i s\u0105siad\u00f3w<em>.<\/em><\/u><\/li>\n<li>Pan powo\u0142a\u0142 do wieczno\u015bci<em>: <\/em>\u015bp. Andrzeja JANKOWSKIEGO lat 72 z ul. Brzechwy<\/li>\n<\/ol>\n<p><em> <img loading=\"lazy\" decoding=\"async\" class=\"aligncenter\" src=\"https:\/\/rafalk-elblag.pl\/wp-content\/uploads\/2025\/08\/intencje-gragika.jpg\" width=\"552\" height=\"276\"><\/em><\/p>\n<h4 style=\"text-align: center;\"><span style=\"color: #008000;\"><strong>XXIV NIEDZIELA ZWYK\u0141A 14 wrze\u015bnia 2025 \/&nbsp;&nbsp; J 3, 13 \u2013 17<\/strong><\/span><\/h4>\n<h4 style=\"text-align: center;\"><span style=\"color: #008000;\"><strong>&nbsp;\u015aWI\u0118TO PODWY\u017bSZENIA KRZY\u017bA \u015aWI\u0118TEGO<\/strong><\/span><\/h4>\n<p><strong><span style=\"color: #008000;\">8.00&nbsp;<\/span><\/strong>&nbsp;&nbsp;&nbsp;&nbsp;&nbsp;<\/p>\n<p>\u015ap. Jana (M), Bronis\u0142aw\u0119 (K), W\u0142adys\u0142awa (M), Stanis\u0142awa (M) z rodziny KOWALSKICH<\/p>\n<p><strong><span style=\"color: #008000;\">10.00<\/span><\/strong><\/p>\n<p>O uzdrawiaj\u0105c\u0105 \u0142ask\u0119 wszelkich natchnie\u0144, si\u0142\u0119 i rozwag\u0119, by wprowadzone w \u017cycie zaowocowa\u0142y ca\u0142kowitym przylgni\u0119ciem do Pana Boga dla Nikodema i jego rodziny, Agnieszki i ca\u0142ej rodziny zakonnej oraz dla Magdaleny i jej rodziny&nbsp;<\/p>\n<p><strong><span style=\"color: #008000;\">12.00<\/span><\/strong>&nbsp;&nbsp;&nbsp;&nbsp;<\/p>\n<p><strong><span style=\"color: #ff0000;\">ZA PARAFIAN<\/span><\/strong><\/p>\n<p><strong><span style=\"color: #008000;\">15.00<\/span><\/strong>&nbsp;&nbsp;&nbsp;&nbsp;<\/p>\n<p>\u015ap. Feliksa LUSTYK w I rocznic\u0119 \u015bmierci.<\/p>\n<p><strong><span style=\"color: #008000;\">18.00<\/span><\/strong>&nbsp;&nbsp;&nbsp;&nbsp;<\/p>\n<p>\u015ap. Mariann\u0119 IDZIKOWSK\u0104 \u2013 14 Msza gregoria\u0144ska<\/p>\n<h4 style=\"text-align: center;\"><span style=\"color: #008000;\"><strong>PONIEDZIA\u0141EK \/ 15 wrze\u015bnia 2025 \/ J&nbsp; 19, 25 \u2013 27<\/strong><\/span><\/h4>\n<h4 style=\"text-align: center;\"><span style=\"color: #008000;\"><strong>WSPOMNIENIE NAJ\u015aWI\u0118TSZEJ MARYI PANNY BOLESNEJ<\/strong><\/span><\/h4>\n<p><strong><span style=\"color: #008000;\">8.00&nbsp;&nbsp;<\/span><\/strong>&nbsp;&nbsp;&nbsp;&nbsp;<\/p>\n<p>Za dusze cierpi\u0105ce w czy\u015b\u0107cu i \u015ap. Romana<\/p>\n<p><strong><span style=\"color: #008000;\">18.00<\/span><\/strong>&nbsp;&nbsp;&nbsp;&nbsp;<\/p>\n<p>\u015ap. Mariann\u0119 IDZIKOWSK\u0104 \u2013 15 Msza gregoria\u0144ska<\/p>\n<p><strong><span style=\"color: #008000;\">18:00&nbsp;<\/span><\/strong>&nbsp;&nbsp;&nbsp;<\/p>\n<p>\u015ap. Monik\u0119 MA\u0143SK\u0104 w 30 dniu po pogrzebie<\/p>\n<h4 style=\"text-align: center;\"><strong><span style=\"color: #008000;\">WTOREK&nbsp; \/ 16 wrze\u015bnia 2025\/&nbsp;&nbsp; \u0141k 7, 11 \u2013 17<\/span><\/strong><\/h4>\n<h4 style=\"text-align: center;\"><strong><span style=\"color: #008000;\">WSPOMNIENIE \u015aW. M\u0118CZENNIK\u00d3W KORNELIUSZA I CYPRIANA<\/span><\/strong><\/h4>\n<p><strong><span style=\"color: #008000;\">8.00&nbsp;&nbsp;<\/span><\/strong>&nbsp;&nbsp;&nbsp;&nbsp;<\/p>\n<p>\u015ap. Mariann\u0119 IDZIKOWSK\u0104 \u2013 16 Msza gregoria\u0144ska<\/p>\n<p><strong><span style=\"color: #008000;\">18.00&nbsp;<\/span><\/strong>&nbsp;&nbsp;&nbsp;<\/p>\n<p>W intencji Rodziny Szkaplerznej i Bractwa Szkaplerznego<\/p>\n<h4 style=\"text-align: center;\"><strong><span style=\"color: #008000;\">\u015aRODA \/ 17 wrze\u015bnia 2025 \/ \u0141k 7, 31 \u2013 35<\/span><\/strong><\/h4>\n<p><strong><span style=\"color: #008000;\">8.00<\/span><\/strong>&nbsp;&nbsp;&nbsp;&nbsp;&nbsp;&nbsp;<\/p>\n<p>\u015ap. Mariann\u0119 IDZIKOWSK\u0104 \u2013 17 Msza gregoria\u0144ska<\/p>\n<p><strong><span style=\"color: #008000;\">18.00<\/span><\/strong>&nbsp;&nbsp;&nbsp;&nbsp;<\/p>\n<p>\u015ap. Helen\u0119 MAJKOWSK\u0104, \u015ap. Henryka, Andrzeja, Mieczys\u0142awa, Danut\u0119, J\u00f3zefa (M), J\u00f3zef\u0119 (K) z rodziny: SULECKICH<\/p>\n<h4 style=\"text-align: center;\"><strong><span style=\"color: #008000;\">CZWARTEK&nbsp; \/ 18 wrze\u015bnia 2025 \/ \u0141k 2, 41 \u2013 52<\/span><\/strong><\/h4>\n<h4 style=\"text-align: center;\"><strong><span style=\"color: #008000;\">\u015aWI\u0118TO \u015aW. STANIS\u0141AWA KOSTKI PATRONA POLSKI<\/span><\/strong><\/h4>\n<p><strong><span style=\"color: #008000;\">8.00<\/span><\/strong>&nbsp;&nbsp;&nbsp;&nbsp;&nbsp;&nbsp;<\/p>\n<p>\u015ap. Mariann\u0119 IDZIKOWSK\u0104 \u2013 18 Msza gregoria\u0144ska<\/p>\n<p><strong><span style=\"color: #008000;\">18.00<\/span><\/strong>&nbsp;&nbsp;&nbsp;&nbsp;<\/p>\n<p>Dzi\u0119kczynna w 25 rocznic\u0119 urodzin Karola MYSTKOWSKIEGO z pro\u015bb\u0105 o Bo\u017ce b\u0142ogos\u0142awie\u0144stwo, dary Ducha \u015awi\u0119tego oraz odnalezienie drogi \u017cyciowego powo\u0142ania<\/p>\n<h2 style=\"text-align: center;\"><strong><span style=\"color: #0000ff;\">ADORACJA NAJ\u015aWI\u0118TSZEGO SAKRAMENTU do godz. 20:00<\/span><\/strong><\/h2>\n<h4 style=\"text-align: center;\"><strong><span style=\"color: #008000;\">PI\u0104TEK \/ 19 wrze\u015bnia 2025 \/ \u0141k 8, 1 \u2013 3<\/span><\/strong><\/h4>\n<p><strong><span style=\"color: #008000;\">8.00&nbsp;<\/span><\/strong>&nbsp;&nbsp;&nbsp;&nbsp;&nbsp;<\/p>\n<p>\u015ap. Mariann\u0119 IDZIKOWSK\u0104 \u2013 19 Msza gregoria\u0144ska<\/p>\n<p><strong><span style=\"color: #008000;\">18.00<\/span><\/strong>&nbsp;&nbsp;&nbsp;&nbsp;<\/p>\n<p>\u015ap. Krystyn\u0119 \u017bMIJEWSK\u0104 w 30 dniu po pogrzebie<\/p>\n<p><span style=\"color: #008000;\"><strong>18:00<\/strong><\/span>&nbsp;&nbsp;&nbsp;&nbsp;<\/p>\n<p>\u015ap. Krzysztofa KOSIDOWSKIEGO \u2013 intencja od uczestnik\u00f3w pogrzebu<\/p>\n<h4 style=\"text-align: center;\"><span style=\"color: #008000;\"><strong>SOBOTA \/ 20 wrze\u015bnia 2025 \/ \u0141k 8, 4 \u2013 15<\/strong><\/span><\/h4>\n<h4 style=\"text-align: center;\"><span style=\"color: #008000;\"><strong>WSPOMNIENIE \u015aW. M\u0118CZENNIK\u00d3W ANDRZEJA KIM TAEGON, PAW\u0141A CHONG HASANG I TOWARZYSZY<\/strong><\/span><\/h4>\n<p><strong><span style=\"color: #008000;\">8.00&nbsp;<\/span><\/strong>&nbsp;&nbsp;&nbsp;&nbsp;&nbsp;<\/p>\n<p>\u015ap. Mariann\u0119 IDZIKOWSK\u0104 \u2013 20 Msza gregoria\u0144ska<\/p>\n<p><strong><span style=\"color: #008000;\">18.00<\/span><\/strong>&nbsp;&nbsp;&nbsp;&nbsp;<\/p>\n<p>\u015ap. Zofi\u0119 w 3 rocznic\u0119 \u015bmierci<\/p>\n<h4 style=\"text-align: center;\"><span style=\"color: #008000;\"><strong>XXV NIEDZIELA ZWYK\u0141A 21 wrze\u015bnia 2025 \/ \u0141k 16, 10 \u2013 13<\/strong><\/span><\/h4>\n<p><strong><span style=\"color: #008000;\">8.00<\/span><\/strong>&nbsp;&nbsp;&nbsp;&nbsp;&nbsp;&nbsp;<\/p>\n<p>\u015ap. Zygmunta RADZISZEWSKIEGO w 38 rocznic\u0119 \u015bmierci<\/p>\n<p><strong><span style=\"color: #008000;\">8:00<\/span><\/strong>&nbsp;&nbsp;&nbsp;&nbsp;&nbsp;&nbsp;<\/p>\n<p>\u015ap. Mariann\u0119 IDZIKOWSK\u0104 \u2013 21 Msza gregoria\u0144ska<\/p>\n<p><strong><span style=\"color: #008000;\">10:00<\/span><\/strong>&nbsp;&nbsp;&nbsp;&nbsp;<\/p>\n<p>Dzi\u0119kczynna z okazji urodzin Mi\u0142osza z pro\u015bb\u0105 o Bo\u017ce b\u0142ogos\u0142awie\u0144stwo, dary Ducha \u015awi\u0119tego i opiek\u0119 Matki Bo\u017cej Szkaplerznej<\/p>\n<p><strong><span style=\"color: #008000;\">12.00<\/span><\/strong>&nbsp;&nbsp;&nbsp;&nbsp;<\/p>\n<p><strong><span style=\"color: #ff0000;\">ZA PARAFIAN<\/span><\/strong><\/p>\n<p><strong><span style=\"color: #008000;\">15.00<\/span><\/strong>&nbsp;&nbsp;&nbsp;&nbsp;<\/p>\n<p>\u015ap. Macieja BO\u017bEK w 15 rocznic\u0119 \u015bmierci<\/p>\n<p><strong><span style=\"color: #008000;\">15:00&nbsp;&nbsp;<\/span><\/strong>&nbsp;&nbsp;<\/p>\n<p><strong><span style=\"color: #ff0000;\">W intencji wsp\u00f3lnot z naszej Parafii \u2013 inauguracja roku duszpasterskiego<\/span><\/strong><\/p>\n<p><span style=\"color: #008000;\"><strong>18.00<\/strong><\/span>&nbsp;&nbsp;&nbsp;&nbsp;<\/p>\n<p>\u015ap. Mariann\u0119 i Boles\u0142awa STAN, Zofi\u0119, Jana, Andrzeja z rodziny JAWORSKICH oraz zmar\u0142ych dziadk\u00f3w i babcie z obojga stron<\/p>\n","protected":false},"excerpt":{"rendered":"<p>Czy Korzystam z Sakramentu Pokuty i Pojednania? &nbsp;&nbsp;&nbsp;&nbsp;&nbsp;&nbsp;&nbsp;&nbsp;&nbsp;&nbsp;&nbsp; Drogi Przyjacielu! Papie\u017c Franciszek w adhortacji na Rok Jubileuszowy m\u00f3wi o r\u00f3\u017cnych motywach nadziei. W\u015br\u00f3d nich wymienia sakrament pokuty i zach\u0119ca, aby nie rezygnowa\u0107 ze spowiedzi, ale odkry\u0107 na nowo pi\u0119kno sakramentu uzdrowienia i rado\u015bci oraz pi\u0119kno mi\u0142osierdzia i przebaczenia grzech\u00f3w. W obecnym rozwa\u017caniu zapytaj wi\u0119c samego [&hellip;]<\/p>\n","protected":false},"author":1,"featured_media":5899,"comment_status":"closed","ping_status":"closed","sticky":false,"template":"","format":"standard","meta":{"ngg_post_thumbnail":0,"footnotes":""},"categories":[11,8,4,3],"tags":[],"class_list":["post-5898","post","type-post","status-publish","format-standard","has-post-thumbnail","hentry","category-aktualnosci","category-blog","category-intencje","category-ogloszenia"],"_links":{"self":[{"href":"https:\/\/rafalk-elblag.pl\/index.php?rest_route=\/wp\/v2\/posts\/5898","targetHints":{"allow":["GET"]}}],"collection":[{"href":"https:\/\/rafalk-elblag.pl\/index.php?rest_route=\/wp\/v2\/posts"}],"about":[{"href":"https:\/\/rafalk-elblag.pl\/index.php?rest_route=\/wp\/v2\/types\/post"}],"author":[{"embeddable":true,"href":"https:\/\/rafalk-elblag.pl\/index.php?rest_route=\/wp\/v2\/users\/1"}],"replies":[{"embeddable":true,"href":"https:\/\/rafalk-elblag.pl\/index.php?rest_route=%2Fwp%2Fv2%2Fcomments&post=5898"}],"version-history":[{"count":1,"href":"https:\/\/rafalk-elblag.pl\/index.php?rest_route=\/wp\/v2\/posts\/5898\/revisions"}],"predecessor-version":[{"id":5900,"href":"https:\/\/rafalk-elblag.pl\/index.php?rest_route=\/wp\/v2\/posts\/5898\/revisions\/5900"}],"wp:featuredmedia":[{"embeddable":true,"href":"https:\/\/rafalk-elblag.pl\/index.php?rest_route=\/wp\/v2\/media\/5899"}],"wp:attachment":[{"href":"https:\/\/rafalk-elblag.pl\/index.php?rest_route=%2Fwp%2Fv2%2Fmedia&parent=5898"}],"wp:term":[{"taxonomy":"category","embeddable":true,"href":"https:\/\/rafalk-elblag.pl\/index.php?rest_route=%2Fwp%2Fv2%2Fcategories&post=5898"},{"taxonomy":"post_tag","embeddable":true,"href":"https:\/\/rafalk-elblag.pl\/index.php?rest_route=%2Fwp%2Fv2%2Ftags&post=5898"}],"curies":[{"name":"wp","href":"https:\/\/api.w.org\/{rel}","templated":true}]}}