{"id":5885,"date":"2025-09-06T15:33:47","date_gmt":"2025-09-06T15:33:47","guid":{"rendered":"https:\/\/rafalk-elblag.pl\/?p=5885"},"modified":"2025-09-06T15:35:40","modified_gmt":"2025-09-06T15:35:40","slug":"xxiii-niedziela-zwykla","status":"publish","type":"post","link":"https:\/\/rafalk-elblag.pl\/?p=5885","title":{"rendered":"XXIII NIEDZIELA ZWYK\u0141A"},"content":{"rendered":"<p><img loading=\"lazy\" decoding=\"async\" class=\"aligncenter\" src=\"https:\/\/rafalk-elblag.pl\/wp-content\/uploads\/2025\/08\/biuletyn-graf.jpg\" width=\"552\" height=\"357\"><\/p>\n<h2 style=\"text-align: center;\"><span style=\"color: #ff0000;\">JAKI JEST G\u0141\u00d3WNY MOTYW NADZIEI ?<\/span><\/h2>\n<p><strong>Drogi przyjacielu !<\/strong> Pragn\u0119 rozpocz\u0105\u0107 nasz\u0105 rozmow\u0119 od przytoczenia s\u0142\u00f3w bulli papie\u017ca Franciszka: m\u00f3wi ona o potrzebie oczyszczenia po naszej \u015bmierci i o potrzebie modlitwy za zmar\u0142ych.<br \/>\n<strong>\u201eS\u0105d dotyczy wi\u0119c zbawienia, w kt\u00f3re ufamy i kt\u00f3re Jezus dla nas wyjedna\u0142 przez swoj\u0105 \u015bmier\u0107 i zmartwychwstanie. Jego celem jest zatem otwarcie nas na ostateczne spotkanie<br \/>\nz Nim.<\/strong> A poniewa\u017c w tym kontek\u015bcie nie mo\u017cna my\u015ble\u0107, \u017ce wyrz\u0105dzone z\u0142o pozosta\u0142oby ukryte, musi ono zosta\u0107 oczyszczone, aby umo\u017cliwi\u0107 nam ostateczne przej\u015bcie do Bo\u017cej mi\u0142o\u015bci. Rozumiemy zatem potrzeb\u0119 modlitwy za tych, kt\u00f3rzy zako\u0144czyli swoj\u0105 ziemsk\u0105 w\u0119dr\u00f3wk\u0119, solidarno\u015bci w modlitewnym wstawiennictwie, kt\u00f3re znajduje swoj\u0105 skuteczno\u015b\u0107 w komunii \u015bwi\u0119tych,<br \/>\nwe wsp\u00f3lnej wi\u0119zi, kt\u00f3ra jednoczy nas<br \/>\nw Chrystusie, pierworodnym wobec ka\u017cdego stworzenia\u201d (SNC 22)<\/p>\n<p><strong>\u201eOn przez swoj\u0105 \u015bmier\u0107 zniweczy\u0142 \u015bmier\u0107 nasz\u0105\u201d \u2013 m\u00f3wi prefacja wielkanocna. \u015amier\u0107 by\u0142a dzie\u0142em szatana, a nie Boga. Chrystus to dzie\u0142o zniszczy\u0142 przez tajemnic\u0119 odkupienia,<\/strong><\/p>\n<p>&nbsp;<\/p>\n<p><em>\u201eAby uwolni\u0107 tych wszystkich, kt\u00f3rzy ca\u0142e \u017cycie przez boja\u017a\u0144 \u015bmierci podlegli byli niewoli\u201d<\/em> (Hbr 2,15). I to jest g\u0142\u00f3wny motyw naszej nadziei. U podstaw tej nadziei<\/p>\n<p>jest prawda o Bogu mi\u0142osiernym i zawsze wiernym, kt\u00f3ry zawsze dotrzymywa\u0142 danych obietnic. B\u00f3g potwierdzi\u0142 swoje pragnienie zbawienia \u015bwiata przez dar swego Syna Jezusa Chrystusa. <em>\u201eTak bowiem B\u00f3g umi\u0142owa\u0142 \u015bwiat, \u017ce Syna swego Jednorodzonego da\u0142, aby ka\u017cdy, kto w Niego wierzy, nie zgin\u0105\u0142, ale mia\u0142 \u017cycie wieczne\u201d<\/em><br \/>\n(J 3,16). Chrystus \u2013 jak wyznajemy w <em>Credo<\/em> \u2013 \u201edla nas i dla naszego zbawienia sta\u0142 si\u0119 cz\u0142owiekiem\u201d. Sta\u0142 si\u0119 nim, aby w naszym imieniu przeb\u0142aga\u0107 Boga za grzechy, pojedna\u0107 nas z Nim i otworzy\u0107 nam niebo. Przeszed\u0142 drog\u0119 cierpienia, \u015bmierci krzy\u017cowej, a przez zmartwychwstanie powr\u00f3ci\u0142 do Ojca w niebie. Tam nas oczekuje.<\/p>\n<p>&nbsp;&nbsp;&nbsp;&nbsp;&nbsp;&nbsp;&nbsp;&nbsp;&nbsp;&nbsp;&nbsp; Modlitwa za zmar\u0142ych jest uczynkiem mi\u0142osierdzia wzgl\u0119dem duszy. <strong>Warto si\u0119 odwo\u0142a\u0107 do aposto\u0142ki mi\u0142osierdzia \u015bw. siostry Faustyny. Zach\u0119ca\u0142a ona do \u015bwiadczenia mi\u0142osierdzia w potr\u00f3jny spos\u00f3b: czynem, s\u0142owem i modlitw\u0105. <\/strong>Wobec zmar\u0142ych, kt\u00f3rzy nas wyprzedzili w pielgrzymce do domu Ojca, mo\u017cemy \u015bwiadczy\u0107 mi\u0142osierdzie tylko modlitw\u0105. Mo\u017ce by\u0107 ono praktykowane w ka\u017cdej sytuacji i okoliczno\u015bciach. Ta modlitwa jest wyrazem wiary<br \/>\nw obcowanie \u015bwi\u0119tych. <strong>Jest ona tak\u017ce wyrazem solidarno\u015bci z tymi, z kt\u00f3rymi wsp\u00f3lnie pracowali\u015bmy i cierpieli\u015bmy na tej ziemi,<br \/>\na tak\u017ce wyrazem komunii duchowej ze zmar\u0142ymi. <\/strong><\/p>\n<p>Drogi bracie, droga siostro ! Modl\u0105c si\u0119 za zmar\u0142ych, wypraszamy im zbawienie wys\u0142u\u017cone przez m\u0119k\u0119, \u015bmier\u0107 i zmartwychwstanie Chrystusa. Jednak w Roku \u015awi\u0119tym mo\u017cesz uczyni\u0107 jeszcze co\u015b wi\u0119cej \u2013 <strong>ofiarowa\u0107 za nich odpust jubileuszowy, aby mogli otrzyma\u0107 pe\u0142ni\u0119 mi\u0142osierdzia i cieszy\u0107 si\u0119 ogl\u0105daniem Bo\u017cego oblicza. <\/strong>Jest to wielka \u0142aska tego Roku Jubileuszowego. Nie wiemy, m\u00f3j drogi Bracie, moja droga Siostro, kto z naszych bliskich czeka w czy\u015b\u0107cu. Pomagajmy wi\u0119c wszystkim, aby wszyscy pomagali nam.<\/p>\n<p><img loading=\"lazy\" decoding=\"async\" class=\"aligncenter\" src=\"https:\/\/rafalk-elblag.pl\/wp-content\/uploads\/2025\/08\/ogl-graf.png\" width=\"553\" height=\"261\"><\/p>\n<p><strong>&nbsp;<\/strong><\/p>\n<h5 style=\"text-align: center;\"><span style=\"color: #008000;\"><strong>OG\u0141OSZENIA PARAFIALNE&nbsp; 7.09.2025 r.<\/strong><\/span><\/h5>\n<h5 style=\"text-align: center;\"><span style=\"color: #008000;\"><strong>XXIII NIEDZIELA ZWYK\u0141A<\/strong><\/span><\/h5>\n<p><strong>&nbsp;<\/strong><\/p>\n<ol>\n<li>Od wrze\u015bnia powracamy do Mszy \u015bwi\u0119tej niedzielnej o godzinie 15:00, kt\u00f3ra rozpoczyna si\u0119 Koronk\u0105 do Mi\u0142osierdzia Bo\u017cego.<\/li>\n<li>Jutro (w poniedzia\u0142ek) obchodzimy \u015bwi\u0119to Narodzenia NMP (po Mszy \u015bw. po\u015bwi\u0119cenie ziarna na zasiew); w niedziel\u0119 za tydzie\u0144 (14 wrze\u015bnia) \u015bwi\u0119to Podwy\u017cszenia Krzy\u017ca. Tego dnia rozpoczynamy obchody Tygodnia Wychowania w Ko\u015bciele w Polsce, pod has\u0142em <strong>\u201eWsp\u00f3lnota nadziei\u201d.<\/strong> Tego dnia r\u00f3wnie\u017c odb\u0119d\u0105 si\u0119 uroczysto\u015bci odpustowe w Gietrzwa\u0142dzie. Msza na b\u0142oniach o godz. 11.00.<\/li>\n<li>W tym tygodniu na plebanii odb\u0119d\u0105 si\u0119 spotkania rodzic\u00f3w dzieci przygotowuj\u0105cych si\u0119 w tym roku szkolnym do Pierwszej Spowiedzi i Komunii \u015awi\u0119tej wed\u0142ug nast\u0119puj\u0105cego porz\u0105dku:<\/li>\n<\/ol>\n<ul>\n<li><strong>poniedzia\u0142ek (8 wrze\u015bnia) o godz. 19:00 rodzice klas III a i III b <\/strong><\/li>\n<li><strong>wtorek (9 wrze\u015bnia) o godz. 19:00 rodzice klas III c i III d <\/strong>oraz rodzice dzieci ucz\u0105cych si\u0119 w innych szko\u0142ach. <strong>OBECNO\u015a\u0106 RODZIC\u00d3W OBOWI\u0104ZKOWA.<\/strong><\/li>\n<\/ul>\n<ol start=\"4\">\n<li>We wtorek 9 wrze\u015bnia przypada XVI rocznica \u015bmierci \u015bp. bp. Andrzeja \u015aliwi\u0144skiego, pierwszego biskupa elbl\u0105skiego. Pami\u0119tamy o zmar\u0142ym Pasterzu naszej diecezji<br \/>\nw modlitwie.<\/li>\n<li><strong>Zapraszamy ca\u0142\u0105 wsp\u00f3lnot\u0119 parafialn\u0105<\/strong> do udzia\u0142u w zbi\u00f3rce zu\u017cytego sprz\u0119tu elektrycznego i elektronicznego. <strong><em>Zbi\u00f3rka b\u0119dzie odbywa\u0107 si\u0119 w dniach 8 i 9 wrze\u015bnia 2025 roku. Miejsce zbi\u00f3rki plac ko\u015bcielny przy choince. <\/em><\/strong>Aktywny udzia\u0142 w zbi\u00f3rce to realne dzia\u0142anie na rzecz ochrony \u015brodowiska oraz pomoc dla Polskich Misjonarzy pos\u0142uguj\u0105cych mi\u0119dzy innymi w Boliwii, Ekwadorze, Kamerunie, Peru a tak\u017ce dla naszych rodak\u00f3w, kt\u00f3rzy pozostali na wschodzie.<\/li>\n<li>Osoby z grupy modlitewnej <strong>RODZINNY R\u00d3\u017bANIEC<\/strong> zapraszamy po Mszach \u015bwi\u0119tych w II niedziel\u0119 (14 wrze\u015bnia) miesi\u0105ca po odbi\u00f3r tajemnic r\u00f3\u017ca\u0144cowych u pana Piotra &#8211; organisty. Zapraszamy tak\u017ce nowe osoby, kt\u00f3re chc\u0105 modli\u0107 si\u0119 za swoje rodziny.<\/li>\n<li><strong><u>Zapisy do bierzmowania m\u0142odzie\u017cy <\/u><\/strong>z klas VIII Szko\u0142y Podstawowej trwaj\u0105 do ko\u0144ca wrze\u015bnia. <em>Zg\u0142oszenia przyjmuje pani Anna Ostrasz &#8211; katechetka lub u Ks. Adama.<\/em><\/li>\n<li><strong>Przypominamy, <\/strong>\u017ce w dniach 10-14 wrze\u015bnia br. odb\u0119dzie si\u0119 <strong><em>XI \u017bu\u0142awska Pielgrzymka Piesza od uj\u015bcia Wis\u0142y do Gietrzwa\u0142du.<\/em><\/strong> Zach\u0119camy do udzia\u0142u.<\/li>\n<li><strong>Trwa rekrutacja na studia do Seminarium Duchownego w Elbl\u0105gu oraz na Wydzia\u0142 Teologii uniwersytetu w Olsztynie. Studia odbywaj\u0105 si\u0119 w zakresach: formacja kap\u0142a\u0144ska, nauczanie religii, nauki o rodzinie, muzyka sakralna. Osoby ju\u017c studiuj\u0105ce <\/strong><strong><br \/>\n<\/strong><strong>w Olsztynie mog\u0105 podj\u0105\u0107 studia z teologii jako drugi dodatkowy kierunek. Wi\u0119cej informacji na stronie diecezji.<\/strong><\/li>\n<li>Mamy dzi\u015b mo\u017cliwo\u015b\u0107 nabycia kolejnego dwumiesi\u0119cznika<strong> \u201eHISTORIA KO\u015aCIO\u0141A\u201d.<\/strong><em> Polecamy go, ze wzgl\u0119du na w<\/em>yj\u0105tkow\u0105 tematyk\u0119: <em>KRZY\u017bACY POBO\u017bNI RYCERZE CZY OKUPANCI <strong>w <\/strong><\/em><strong>cenie 14 z\u0142. <\/strong>oraz nowy numer \u201eGo\u015bcia Niedzielnego\u201d<strong> w cenie 10 z\u0142.<\/strong> Jest te\u017c wy\u0142o\u017cony<strong> BIULETYN PARAFIALNY<\/strong> na stolikach przy wej\u015bciu do ko\u015bcio\u0142a.<u> Zach\u0119camy do zabrania dla siebie i s\u0105siad\u00f3w<em>.<\/em><\/u><\/li>\n<\/ol>\n<p><em> <img loading=\"lazy\" decoding=\"async\" class=\"aligncenter\" src=\"https:\/\/rafalk-elblag.pl\/wp-content\/uploads\/2025\/08\/intencje-gragika.jpg\" width=\"552\" height=\"276\"><\/em><\/p>\n<h5 style=\"text-align: center;\"><strong><span style=\"color: #008000;\">XXIII NIEDZIELA ZWYK\u0141A 07 wrze\u015bnia 2025 \/&nbsp; \u0141k 14, 25 \u2013 33<\/span><\/strong><\/h5>\n<p><strong><span style=\"color: #008000;\">8.00<\/span><\/strong><\/p>\n<p>O do\u015bwiadczenie Bo\u017cej Mi\u0142o\u015bci dla Karoliny i Oskara oraz dla Sebastiana i Natalii<\/p>\n<p><strong><span style=\"color: #008000;\">8.00 <\/span><\/strong><\/p>\n<p>\u015ap. Mariann\u0119 IDZIKOWSK\u0104 \u2013 7 Msza gregoria\u0144ska<\/p>\n<p><span style=\"color: #008000;\"><strong>10.00<\/strong><\/span><\/p>\n<p>\u015ap. Franciszka (M) KARA\u0179NIEWICZA w 3 rocznic\u0119 \u015bmierci<\/p>\n<p><strong><span style=\"color: #008000;\">12.00<\/span><\/strong>&nbsp;&nbsp;&nbsp;&nbsp;&nbsp;&nbsp;&nbsp;&nbsp;&nbsp;&nbsp;&nbsp;&nbsp;&nbsp;&nbsp;&nbsp;&nbsp;&nbsp;&nbsp;&nbsp;&nbsp;&nbsp;&nbsp;&nbsp;&nbsp;&nbsp;&nbsp;&nbsp;&nbsp;&nbsp;&nbsp;&nbsp;&nbsp;&nbsp;&nbsp;&nbsp;&nbsp;&nbsp;&nbsp;&nbsp;&nbsp;&nbsp;&nbsp;&nbsp;&nbsp;&nbsp;&nbsp;&nbsp;&nbsp;&nbsp;&nbsp;&nbsp;&nbsp;&nbsp;&nbsp;&nbsp;&nbsp;&nbsp;&nbsp;&nbsp;&nbsp;&nbsp;&nbsp;&nbsp;&nbsp;&nbsp;&nbsp;&nbsp;&nbsp;&nbsp;&nbsp;&nbsp;&nbsp;&nbsp;&nbsp;&nbsp;&nbsp;&nbsp;&nbsp;&nbsp;&nbsp;&nbsp;&nbsp;&nbsp;&nbsp;&nbsp;&nbsp;&nbsp;&nbsp;&nbsp;&nbsp;&nbsp;&nbsp;&nbsp;&nbsp;<\/p>\n<p><span style=\"color: #ff0000;\"><strong>ZA PARAFIAN<\/strong><\/span><\/p>\n<p><strong><span style=\"color: #008000;\">15.00<\/span><\/strong>&nbsp;&nbsp;&nbsp;&nbsp;&nbsp;&nbsp;&nbsp;&nbsp;&nbsp;&nbsp;&nbsp;&nbsp;&nbsp;&nbsp;&nbsp;&nbsp;&nbsp;&nbsp;&nbsp;&nbsp;&nbsp;&nbsp;&nbsp;&nbsp;&nbsp;&nbsp;&nbsp;&nbsp;&nbsp;&nbsp;&nbsp;&nbsp;&nbsp;&nbsp;&nbsp;&nbsp;&nbsp;&nbsp;&nbsp;&nbsp;&nbsp;&nbsp;&nbsp;&nbsp;&nbsp;&nbsp;&nbsp;&nbsp;&nbsp;&nbsp;&nbsp;&nbsp;&nbsp;&nbsp;&nbsp;&nbsp;&nbsp;&nbsp;&nbsp;&nbsp;&nbsp;&nbsp;&nbsp;&nbsp;&nbsp;&nbsp;&nbsp;&nbsp;&nbsp;&nbsp;&nbsp;&nbsp;&nbsp;&nbsp;&nbsp;&nbsp;&nbsp;&nbsp;&nbsp;&nbsp;&nbsp;&nbsp;&nbsp;&nbsp;&nbsp;&nbsp;&nbsp;&nbsp;&nbsp;&nbsp;&nbsp;&nbsp;&nbsp;&nbsp;<\/p>\n<p>\u015ap. Jana (M) CHOJNICKIEGO w 2 rocznic\u0119 \u015bmierci<\/p>\n<p><strong><span style=\"color: #008000;\">18.00<\/span><\/strong>&nbsp;&nbsp;&nbsp;&nbsp;&nbsp;&nbsp;&nbsp;&nbsp;&nbsp;&nbsp;&nbsp;&nbsp;&nbsp;&nbsp;&nbsp;&nbsp;&nbsp;&nbsp;&nbsp;&nbsp;&nbsp;&nbsp;&nbsp;&nbsp;&nbsp;&nbsp;&nbsp;&nbsp;&nbsp;&nbsp;&nbsp;&nbsp;&nbsp;&nbsp;&nbsp;&nbsp;&nbsp;&nbsp;&nbsp;&nbsp;&nbsp;&nbsp;&nbsp;&nbsp;&nbsp;&nbsp;&nbsp;&nbsp;&nbsp;&nbsp;&nbsp;&nbsp;&nbsp;&nbsp;&nbsp;&nbsp;&nbsp;&nbsp;&nbsp;&nbsp;&nbsp;&nbsp;&nbsp;&nbsp;&nbsp;&nbsp;&nbsp;&nbsp;&nbsp;&nbsp;&nbsp;&nbsp;&nbsp;&nbsp;&nbsp;&nbsp;&nbsp;&nbsp;&nbsp;&nbsp;&nbsp;&nbsp;&nbsp;&nbsp;&nbsp;&nbsp;&nbsp;&nbsp;&nbsp;&nbsp;&nbsp;&nbsp;&nbsp;&nbsp;<\/p>\n<p>\u015ap. Weronik\u0119 \u0141ASKOWSK\u0104 \u2013 intencja od uczestnik\u00f3w pogrzebu<\/p>\n<h5 style=\"text-align: center;\"><span style=\"color: #008000;\"><strong>PONIEDZIA\u0141EK \/ 08 wrze\u015bnia 2025 \/ Mt&nbsp; 1, 1 \u2013 16. 18 \u2013 23<\/strong><\/span><\/h5>\n<h5 style=\"text-align: center;\"><span style=\"color: #008000;\"><strong>\u015aWI\u0118TO NARODZENIA NAJ\u015aWI\u0118TSZEJ MARYI PANNY<\/strong><\/span><\/h5>\n<p><strong><span style=\"color: #008000;\">8.00<\/span><\/strong>&nbsp;&nbsp;&nbsp;&nbsp;&nbsp;&nbsp;&nbsp;&nbsp;&nbsp;&nbsp;&nbsp;&nbsp;&nbsp;&nbsp;&nbsp;&nbsp;&nbsp;&nbsp;&nbsp;&nbsp;&nbsp;&nbsp;&nbsp;&nbsp;&nbsp;&nbsp;&nbsp;&nbsp;&nbsp;&nbsp;&nbsp;&nbsp;&nbsp;&nbsp;&nbsp;&nbsp;&nbsp;&nbsp;&nbsp;&nbsp;&nbsp;&nbsp;&nbsp;&nbsp;&nbsp;&nbsp;&nbsp;&nbsp;&nbsp;&nbsp;&nbsp;&nbsp;&nbsp;&nbsp;&nbsp;&nbsp;&nbsp;&nbsp;&nbsp;&nbsp;&nbsp;&nbsp;&nbsp;&nbsp;&nbsp;&nbsp;&nbsp;&nbsp;&nbsp;&nbsp;&nbsp;&nbsp;&nbsp;&nbsp;&nbsp;&nbsp;&nbsp;&nbsp;&nbsp;&nbsp;&nbsp;&nbsp;&nbsp;&nbsp;&nbsp;&nbsp;&nbsp;&nbsp;&nbsp;&nbsp;&nbsp;&nbsp;&nbsp;&nbsp;&nbsp;&nbsp;<\/p>\n<p>\u015ap. Mariann\u0119 IDZIKOWSK\u0104 \u2013 8 Msza gregoria\u0144ska<\/p>\n<p><strong><span style=\"color: #008000;\">18.00<\/span><\/strong>&nbsp;&nbsp;&nbsp;&nbsp;&nbsp;&nbsp;&nbsp;&nbsp;&nbsp;&nbsp;&nbsp;&nbsp;&nbsp;&nbsp;&nbsp;&nbsp;&nbsp;&nbsp;&nbsp;&nbsp;&nbsp;&nbsp;&nbsp;&nbsp;&nbsp;&nbsp;&nbsp;&nbsp;&nbsp;&nbsp;&nbsp;&nbsp;&nbsp;&nbsp;&nbsp;&nbsp;&nbsp;&nbsp;&nbsp;&nbsp;&nbsp;&nbsp;&nbsp;&nbsp;&nbsp;&nbsp;&nbsp;&nbsp;&nbsp;&nbsp;&nbsp;&nbsp;&nbsp;&nbsp;&nbsp;&nbsp;&nbsp;&nbsp;&nbsp;&nbsp;&nbsp;&nbsp;&nbsp;&nbsp;&nbsp;&nbsp;&nbsp;&nbsp;&nbsp;&nbsp;&nbsp;&nbsp;&nbsp;&nbsp;&nbsp;&nbsp;&nbsp;&nbsp;&nbsp;&nbsp;&nbsp;&nbsp;&nbsp;&nbsp;&nbsp;&nbsp;&nbsp;&nbsp;&nbsp;&nbsp;&nbsp;&nbsp;&nbsp;&nbsp;<\/p>\n<p>O Bo\u017ce b\u0142ogos\u0142awie\u0144stwo i potrzebne \u0142aski, opiek\u0119 Matki Bo\u017cej, \u0142ask\u0119 zdrowia dla Teresy i Mieczys\u0142awa (M) oraz ich dzieci i wnuk\u00f3w<\/p>\n<p><span style=\"color: #008000;\"><strong>18:00<\/strong><\/span>&nbsp;&nbsp;&nbsp;&nbsp;&nbsp;&nbsp;&nbsp;&nbsp;&nbsp;&nbsp;&nbsp;&nbsp;&nbsp;&nbsp;&nbsp;&nbsp;&nbsp;&nbsp;&nbsp;&nbsp;&nbsp;&nbsp;&nbsp;&nbsp;&nbsp;&nbsp;&nbsp;&nbsp;&nbsp;&nbsp;&nbsp;&nbsp;&nbsp;&nbsp;&nbsp;&nbsp;&nbsp;&nbsp;&nbsp;&nbsp;&nbsp;&nbsp;&nbsp;&nbsp;&nbsp;&nbsp;&nbsp;&nbsp;&nbsp;&nbsp;&nbsp;&nbsp;&nbsp;&nbsp;&nbsp;&nbsp;&nbsp;&nbsp;&nbsp;&nbsp;&nbsp;&nbsp;&nbsp;&nbsp;&nbsp;&nbsp;&nbsp;&nbsp;&nbsp;&nbsp;&nbsp;&nbsp;&nbsp;&nbsp;&nbsp;&nbsp;&nbsp;&nbsp;&nbsp;&nbsp;&nbsp;&nbsp;&nbsp;&nbsp;&nbsp;&nbsp;&nbsp;&nbsp;&nbsp;&nbsp;&nbsp;&nbsp;&nbsp;&nbsp;<\/p>\n<p>\u015ap. Andrzeja w rocznic\u0119 \u015bmierci, Izydora, Ew\u0119, Franciszka (M) z rodziny BI\u0143KOWSKICH<\/p>\n<h5 style=\"text-align: center;\"><strong><span style=\"color: #008000;\">WTOREK&nbsp; \/ 09 wrze\u015bnia 2025\/&nbsp;&nbsp; \u0141k 6, 12 \u2013 19<\/span><\/strong><\/h5>\n<h5 style=\"text-align: center;\"><strong><span style=\"color: #008000;\">WSPOMNIENIE B\u0141. ANIELI SALAWA, \u015aW. PIOTRA KLAWERA<\/span><\/strong><\/h5>\n<p><strong><span style=\"color: #008000;\">8.00<\/span><\/strong>&nbsp;&nbsp;&nbsp;&nbsp;&nbsp;&nbsp;&nbsp;&nbsp;&nbsp;&nbsp;&nbsp;&nbsp;&nbsp;&nbsp;&nbsp;&nbsp;&nbsp;&nbsp;&nbsp;&nbsp;&nbsp;&nbsp;&nbsp;&nbsp;&nbsp;&nbsp;&nbsp;&nbsp;&nbsp;&nbsp;&nbsp;&nbsp;&nbsp;&nbsp;&nbsp;&nbsp;&nbsp;&nbsp;&nbsp;&nbsp;&nbsp;&nbsp;&nbsp;&nbsp;&nbsp;&nbsp;&nbsp;&nbsp;&nbsp;&nbsp;&nbsp;&nbsp;&nbsp;&nbsp;&nbsp;&nbsp;&nbsp;&nbsp;&nbsp;&nbsp;&nbsp;&nbsp;&nbsp;&nbsp;&nbsp;&nbsp;&nbsp;&nbsp;&nbsp;&nbsp;&nbsp;&nbsp;&nbsp;&nbsp;&nbsp;&nbsp;&nbsp;&nbsp;&nbsp;&nbsp;&nbsp;&nbsp;&nbsp;&nbsp;&nbsp;&nbsp;&nbsp;&nbsp;&nbsp;&nbsp;&nbsp;&nbsp;&nbsp;&nbsp;&nbsp;&nbsp;<\/p>\n<p>\u015ap. Mariann\u0119 IDZIKOWSK\u0104 \u2013 9 Msza gregoria\u0144ska<\/p>\n<p><span style=\"color: #008000;\"><strong>18.00<\/strong><\/span>&nbsp;&nbsp;&nbsp;&nbsp;&nbsp;&nbsp;&nbsp;&nbsp;&nbsp;&nbsp;&nbsp;&nbsp;&nbsp;&nbsp;&nbsp;&nbsp;&nbsp;&nbsp;&nbsp;&nbsp;&nbsp;&nbsp;&nbsp;&nbsp;&nbsp;&nbsp;&nbsp;&nbsp;&nbsp;&nbsp;&nbsp;&nbsp;&nbsp;&nbsp;&nbsp;&nbsp;&nbsp;&nbsp;&nbsp;&nbsp;&nbsp;&nbsp;&nbsp;&nbsp;&nbsp;&nbsp;&nbsp;&nbsp;&nbsp;&nbsp;&nbsp;&nbsp;&nbsp;&nbsp;&nbsp;&nbsp;&nbsp;&nbsp;&nbsp;&nbsp;&nbsp;&nbsp;&nbsp;&nbsp;&nbsp;&nbsp;&nbsp;&nbsp;&nbsp;&nbsp;&nbsp;&nbsp;&nbsp;&nbsp;&nbsp;&nbsp;&nbsp;&nbsp;&nbsp;&nbsp;&nbsp;&nbsp;&nbsp;&nbsp;&nbsp;&nbsp;&nbsp;&nbsp;&nbsp;&nbsp;&nbsp;&nbsp;&nbsp;&nbsp;<\/p>\n<p>Dzi\u0119kczynna za dar I Komunii \u015awi\u0119tej Franciszka (M) z pro\u015bb\u0105 o Bo\u017ce b\u0142ogos\u0142awie\u0144stwo i opiek\u0119 Matki Bo\u017cej i daru Ducha \u015awi\u0119tego dla niego oraz dla wnuk\u00f3w: Aleksandra (M), Maksymiliana, Marii, Tomasza w nowym roku szkolnym<\/p>\n<h5 style=\"text-align: center;\"><span style=\"color: #008000;\"><strong>\u015aRODA \/ 10 wrze\u015bnia 2025 \/ \u0141k 6, 20 \u2013 26<\/strong><\/span><\/h5>\n<p><strong><span style=\"color: #008000;\">8.00<\/span><\/strong>&nbsp;&nbsp;&nbsp;&nbsp;&nbsp;&nbsp;&nbsp;&nbsp;&nbsp;&nbsp;&nbsp;&nbsp;&nbsp;&nbsp;&nbsp;&nbsp;&nbsp;&nbsp;&nbsp;&nbsp;&nbsp;&nbsp;&nbsp;&nbsp;&nbsp;&nbsp;&nbsp;&nbsp;&nbsp;&nbsp;&nbsp;&nbsp;&nbsp;&nbsp;&nbsp;&nbsp;&nbsp;&nbsp;&nbsp;&nbsp;&nbsp;&nbsp;&nbsp;&nbsp;&nbsp;&nbsp;&nbsp;&nbsp;&nbsp;&nbsp;&nbsp;&nbsp;&nbsp;&nbsp;&nbsp;&nbsp;&nbsp;&nbsp;&nbsp;&nbsp;&nbsp;&nbsp;&nbsp;&nbsp;&nbsp;&nbsp;&nbsp;&nbsp;&nbsp;&nbsp;&nbsp;&nbsp;&nbsp;&nbsp;&nbsp;&nbsp;&nbsp;&nbsp;&nbsp;&nbsp;&nbsp;&nbsp;&nbsp;&nbsp;&nbsp;&nbsp;&nbsp;&nbsp;&nbsp;&nbsp;&nbsp;&nbsp;&nbsp;&nbsp;&nbsp;&nbsp;<\/p>\n<p>\u015ap. Mariann\u0119 IDZIKOWSK\u0104 \u2013 10 Msza gregoria\u0144ska<\/p>\n<p><strong><span style=\"color: #008000;\">18.00<\/span><\/strong>&nbsp;&nbsp;&nbsp;&nbsp;&nbsp;&nbsp;&nbsp;&nbsp;&nbsp;&nbsp;&nbsp;&nbsp;&nbsp;&nbsp;&nbsp;&nbsp;&nbsp;&nbsp;&nbsp;&nbsp;&nbsp;&nbsp;&nbsp;&nbsp;&nbsp;&nbsp;&nbsp;&nbsp;&nbsp;&nbsp;&nbsp;&nbsp;&nbsp;&nbsp;&nbsp;&nbsp;&nbsp;&nbsp;&nbsp;&nbsp;&nbsp;&nbsp;&nbsp;&nbsp;&nbsp;&nbsp;&nbsp;&nbsp;&nbsp;&nbsp;&nbsp;&nbsp;&nbsp;&nbsp;&nbsp;&nbsp;&nbsp;&nbsp;&nbsp;&nbsp;&nbsp;&nbsp;&nbsp;&nbsp;&nbsp;&nbsp;&nbsp;&nbsp;&nbsp;&nbsp;&nbsp;&nbsp;&nbsp;&nbsp;&nbsp;&nbsp;&nbsp;&nbsp;&nbsp;&nbsp;&nbsp;&nbsp;&nbsp;&nbsp;&nbsp;&nbsp;&nbsp;&nbsp;&nbsp;&nbsp;&nbsp;&nbsp;&nbsp;&nbsp;<\/p>\n<p>Dzi\u0119kczynna z okazji 99 urodzin Eugeniusza WILE\u0143SKIEGO z pro\u015bb\u0105 o Bo\u017ce b\u0142ogos\u0142awie\u0144stwo, opiek\u0119 Matki Bo\u017cej<\/p>\n<h5 style=\"text-align: center;\"><span style=\"color: #008000;\"><strong>CZWARTEK&nbsp; \/ 11 wrze\u015bnia 2025 \/ \u0141k 6, 27 \u2013 38<\/strong><\/span><\/h5>\n<p><strong><span style=\"color: #008000;\">8.00<\/span><\/strong>&nbsp;&nbsp;&nbsp;&nbsp;&nbsp;&nbsp;&nbsp;&nbsp;&nbsp;&nbsp;&nbsp;&nbsp;&nbsp;&nbsp;&nbsp;&nbsp;&nbsp;&nbsp;&nbsp;&nbsp;&nbsp;&nbsp;&nbsp;&nbsp;&nbsp;&nbsp;&nbsp;&nbsp;&nbsp;&nbsp;&nbsp;&nbsp;&nbsp;&nbsp;&nbsp;&nbsp;&nbsp;&nbsp;&nbsp;&nbsp;&nbsp;&nbsp;&nbsp;&nbsp;&nbsp;&nbsp;&nbsp;&nbsp;&nbsp;&nbsp;&nbsp;&nbsp;&nbsp;&nbsp;&nbsp;&nbsp;&nbsp;&nbsp;&nbsp;&nbsp;&nbsp;&nbsp;&nbsp;&nbsp;&nbsp;&nbsp;&nbsp;&nbsp;&nbsp;&nbsp;&nbsp;&nbsp;&nbsp;&nbsp;&nbsp;&nbsp;&nbsp;&nbsp;&nbsp;&nbsp;&nbsp;&nbsp;&nbsp;&nbsp;&nbsp;&nbsp;&nbsp;&nbsp;&nbsp;&nbsp;&nbsp;&nbsp;&nbsp;&nbsp;&nbsp;&nbsp;<\/p>\n<p>\u015ap. Janusza SIANO\u017b\u0118CKIEGO w I rocznic\u0119 \u015bmierci<\/p>\n<p><strong><span style=\"color: #008000;\">18.00<\/span><\/strong>&nbsp;&nbsp;&nbsp;&nbsp;&nbsp;&nbsp;&nbsp;&nbsp;&nbsp;&nbsp;&nbsp;&nbsp;&nbsp;&nbsp;&nbsp;&nbsp;&nbsp;&nbsp;&nbsp;&nbsp;&nbsp;&nbsp;&nbsp;&nbsp;&nbsp;&nbsp;&nbsp;&nbsp;&nbsp;&nbsp;&nbsp;&nbsp;&nbsp;&nbsp;&nbsp;&nbsp;&nbsp;&nbsp;&nbsp;&nbsp;&nbsp;&nbsp;&nbsp;&nbsp;&nbsp;&nbsp;&nbsp;&nbsp;&nbsp;&nbsp;&nbsp;&nbsp;&nbsp;&nbsp;&nbsp;&nbsp;&nbsp;&nbsp;&nbsp;&nbsp;&nbsp;&nbsp;&nbsp;&nbsp;&nbsp;&nbsp;&nbsp;&nbsp;&nbsp;&nbsp;&nbsp;&nbsp;&nbsp;&nbsp;&nbsp;&nbsp;&nbsp;&nbsp;&nbsp;&nbsp;&nbsp;&nbsp;&nbsp;&nbsp;&nbsp;&nbsp;&nbsp;&nbsp;&nbsp;&nbsp;&nbsp;&nbsp;&nbsp;&nbsp;<\/p>\n<p>\u015ap. Mariann\u0119 IDZIKOWSK\u0104 \u2013 11 Msza gregoria\u0144ska<\/p>\n<h2 style=\"text-align: center;\"><span style=\"color: #0000ff;\">ADORACJA NAJ\u015aWI\u0118TSZEGO SAKRAMENTU do godz. 20:00<\/span><\/h2>\n<h5 style=\"text-align: center;\"><span style=\"color: #008000;\"><strong>PI\u0104TEK \/ 12 wrze\u015bnia 2025 \/ \u0141k 6, 39 \u2013 42<\/strong><\/span><\/h5>\n<h5 style=\"text-align: center;\"><span style=\"color: #008000;\"><strong>WSPOMNIENIE NAJ\u015aWI\u0118TSZEGO IMIENIA MARYI<\/strong><\/span><\/h5>\n<p><strong><span style=\"color: #008000;\">8.00<\/span><\/strong>&nbsp;&nbsp;&nbsp;&nbsp;&nbsp;&nbsp;&nbsp;&nbsp;&nbsp;&nbsp;&nbsp;&nbsp;&nbsp;&nbsp;&nbsp;&nbsp;&nbsp;&nbsp;&nbsp;&nbsp;&nbsp;&nbsp;&nbsp;&nbsp;&nbsp;&nbsp;&nbsp;&nbsp;&nbsp;&nbsp;&nbsp;&nbsp;&nbsp;&nbsp;&nbsp;&nbsp;&nbsp;&nbsp;&nbsp;&nbsp;&nbsp;&nbsp;&nbsp;&nbsp;&nbsp;&nbsp;&nbsp;&nbsp;&nbsp;&nbsp;&nbsp;&nbsp;&nbsp;&nbsp;&nbsp;&nbsp;&nbsp;&nbsp;&nbsp;&nbsp;&nbsp;&nbsp;&nbsp;&nbsp;&nbsp;&nbsp;&nbsp;&nbsp;&nbsp;&nbsp;&nbsp;&nbsp;&nbsp;&nbsp;&nbsp;&nbsp;&nbsp;&nbsp;&nbsp;&nbsp;&nbsp;&nbsp;&nbsp;&nbsp;&nbsp;&nbsp;&nbsp;&nbsp;&nbsp;&nbsp;&nbsp;&nbsp;&nbsp;&nbsp;&nbsp;&nbsp;<\/p>\n<p>\u015ap. Urszul\u0119 PIETRZAK w I rocznic\u0119 \u015bmierci<\/p>\n<p><strong><span style=\"color: #008000;\">8.00<\/span><\/strong>&nbsp;&nbsp;&nbsp;&nbsp;&nbsp;&nbsp;&nbsp;&nbsp;&nbsp;&nbsp;&nbsp;&nbsp;&nbsp;&nbsp;&nbsp;&nbsp;&nbsp;&nbsp;&nbsp;&nbsp;&nbsp;&nbsp;&nbsp;&nbsp;&nbsp;&nbsp;&nbsp;&nbsp;&nbsp;&nbsp;&nbsp;&nbsp;&nbsp;&nbsp;&nbsp;&nbsp;&nbsp;&nbsp;&nbsp;&nbsp;&nbsp;&nbsp;&nbsp;&nbsp;&nbsp;&nbsp;&nbsp;&nbsp;&nbsp;&nbsp;&nbsp;&nbsp;&nbsp;&nbsp;&nbsp;&nbsp;&nbsp;&nbsp;&nbsp;&nbsp;&nbsp;&nbsp;&nbsp;&nbsp;&nbsp;&nbsp;&nbsp;&nbsp;&nbsp;&nbsp;&nbsp;&nbsp;&nbsp;&nbsp;&nbsp;&nbsp;&nbsp;&nbsp;&nbsp;&nbsp;&nbsp;&nbsp;&nbsp;&nbsp;&nbsp;&nbsp;&nbsp;&nbsp;&nbsp;&nbsp;&nbsp;&nbsp;&nbsp;&nbsp;&nbsp;&nbsp;<\/p>\n<p>\u015ap. Mariann\u0119 IDZIKOWSK\u0104 \u2013 12 Msza gregoria\u0144ska<\/p>\n<p><strong><span style=\"color: #008000;\">18:00<\/span><\/strong>&nbsp;&nbsp;&nbsp;&nbsp;&nbsp;&nbsp;&nbsp;&nbsp;&nbsp;&nbsp;&nbsp;&nbsp;&nbsp;&nbsp;&nbsp;&nbsp;&nbsp;&nbsp;&nbsp;&nbsp;&nbsp;&nbsp;&nbsp;&nbsp;&nbsp;&nbsp;&nbsp;&nbsp;&nbsp;&nbsp;&nbsp;&nbsp;&nbsp;&nbsp;&nbsp;&nbsp;&nbsp;&nbsp;&nbsp;&nbsp;&nbsp;&nbsp;&nbsp;&nbsp;&nbsp;&nbsp;&nbsp;&nbsp;&nbsp;&nbsp;&nbsp;&nbsp;&nbsp;&nbsp;&nbsp;&nbsp;&nbsp;&nbsp;&nbsp;&nbsp;&nbsp;&nbsp;&nbsp;&nbsp;&nbsp;&nbsp;&nbsp;&nbsp;&nbsp;&nbsp;&nbsp;&nbsp;&nbsp;&nbsp;&nbsp;&nbsp;&nbsp;&nbsp;&nbsp;&nbsp;&nbsp;&nbsp;&nbsp;&nbsp;&nbsp;&nbsp;&nbsp;&nbsp;&nbsp;&nbsp;&nbsp;&nbsp;&nbsp;&nbsp;<\/p>\n<p>\u015ap. Adama Szymona GRZANOWSKIEGO&nbsp; w 2 rocznic\u0119 \u015bmierci<\/p>\n<h5 style=\"text-align: center;\"><strong><span style=\"color: #008000;\">SOBOTA \/ 13 wrze\u015bnia 2025 \/ \u0141k 6, 43 \u2013 49<\/span><\/strong><\/h5>\n<h5 style=\"text-align: center;\"><strong><span style=\"color: #008000;\">WSPOMNIENIE \u015aW. JANA CHRYZOSTOMA, BISKUPA I DOKTORA KO\u015aCIO\u0141A<\/span><\/strong><\/h5>\n<p><strong><span style=\"color: #008000;\">8.00&nbsp;<\/span><\/strong>&nbsp;&nbsp;&nbsp;&nbsp;&nbsp;&nbsp;&nbsp;&nbsp;&nbsp;&nbsp;&nbsp;&nbsp;&nbsp;&nbsp;&nbsp;&nbsp;&nbsp;&nbsp;&nbsp;&nbsp;&nbsp;&nbsp;&nbsp;&nbsp;&nbsp;&nbsp;&nbsp;&nbsp;&nbsp;&nbsp;&nbsp;&nbsp;&nbsp;&nbsp;&nbsp;&nbsp;&nbsp;&nbsp;&nbsp;&nbsp;&nbsp;&nbsp;&nbsp;&nbsp;&nbsp;&nbsp;&nbsp;&nbsp;&nbsp;&nbsp;&nbsp;&nbsp;&nbsp;&nbsp;&nbsp;&nbsp;&nbsp;&nbsp;&nbsp;&nbsp;&nbsp;&nbsp;&nbsp;&nbsp;&nbsp;&nbsp;&nbsp;&nbsp;&nbsp;&nbsp;&nbsp;&nbsp;&nbsp;&nbsp;&nbsp;&nbsp;&nbsp;&nbsp;&nbsp;&nbsp;&nbsp;&nbsp;&nbsp;&nbsp;&nbsp;&nbsp;&nbsp;&nbsp;&nbsp;&nbsp;&nbsp;&nbsp;&nbsp;&nbsp;&nbsp;<\/p>\n<p>\u015ap. Mariann\u0119 IDZIKOWSK\u0104 \u2013 13 Msza gregoria\u0144ska<\/p>\n<p><span style=\"color: #ff6600;\"><strong>16:00 \u015aLUB&nbsp; &nbsp; &nbsp; &nbsp; &nbsp; &nbsp; &nbsp; &nbsp; &nbsp; &nbsp; &nbsp; &nbsp; &nbsp; &nbsp; &nbsp; &nbsp; &nbsp; &nbsp; &nbsp; &nbsp; &nbsp; &nbsp; &nbsp; &nbsp; &nbsp; &nbsp; &nbsp; &nbsp; &nbsp; &nbsp; &nbsp; &nbsp; &nbsp; &nbsp; &nbsp; &nbsp; &nbsp; &nbsp; &nbsp; &nbsp; &nbsp; &nbsp; &nbsp; &nbsp; &nbsp; &nbsp; &nbsp;&nbsp;<\/strong><\/span><\/p>\n<p><span style=\"color: #ff6600;\"><strong>Msza za nowo\u017ce\u0144c\u00f3w: Natali\u0119 i Paw\u0142a&nbsp;<\/strong><\/span><\/p>\n<p><strong><span style=\"color: #008000;\">18.00<\/span><\/strong>&nbsp;&nbsp;&nbsp;&nbsp;&nbsp;&nbsp;&nbsp;&nbsp;&nbsp;&nbsp;&nbsp;&nbsp;&nbsp;&nbsp;&nbsp;&nbsp;&nbsp;&nbsp;&nbsp;&nbsp;&nbsp;&nbsp;&nbsp;&nbsp;&nbsp;&nbsp;&nbsp;&nbsp;&nbsp;&nbsp;&nbsp;&nbsp;&nbsp;&nbsp;&nbsp;&nbsp;&nbsp;&nbsp;&nbsp;&nbsp;&nbsp;&nbsp;&nbsp;&nbsp;&nbsp;&nbsp;&nbsp;&nbsp;&nbsp;&nbsp;&nbsp;&nbsp;&nbsp;&nbsp;&nbsp;&nbsp;&nbsp;&nbsp;&nbsp;&nbsp;&nbsp;&nbsp;&nbsp;&nbsp;&nbsp;&nbsp;&nbsp;&nbsp;&nbsp;&nbsp;&nbsp;&nbsp;&nbsp;&nbsp;&nbsp;&nbsp;&nbsp;&nbsp;&nbsp;&nbsp;&nbsp;&nbsp;&nbsp;&nbsp;&nbsp;&nbsp;&nbsp;&nbsp;&nbsp;&nbsp;&nbsp;&nbsp;&nbsp;&nbsp;<\/p>\n<p>\u015ap. J\u00f3zef WYLOCI\u0143SKI w 3 rocznic\u0119 \u015bmierci oraz zmarli rodzice z obojga stron i zmarli z rodziny<\/p>\n<h5 style=\"text-align: center;\"><span style=\"color: #008000;\"><strong>XXIV NIEDZIELA ZWYK\u0141A 07 wrze\u015bnia 2025 \/ J 3, 13 \u2013 17<\/strong><\/span><\/h5>\n<h5 style=\"text-align: center;\"><span style=\"color: #008000;\"><strong>\u015aWI\u0118TO PODWY\u017bSZENIA KRZY\u017bA \u015aWI\u0118TEGO<\/strong><\/span><\/h5>\n<p><strong><span style=\"color: #008000;\">8.00<\/span><\/strong>&nbsp;&nbsp;&nbsp;&nbsp;&nbsp;&nbsp;&nbsp;&nbsp;&nbsp;&nbsp;&nbsp;&nbsp;&nbsp;&nbsp;&nbsp;&nbsp;&nbsp;&nbsp;&nbsp;&nbsp;&nbsp;&nbsp;&nbsp;&nbsp;&nbsp;&nbsp;&nbsp;&nbsp;&nbsp;&nbsp;&nbsp;&nbsp;&nbsp;&nbsp;&nbsp;&nbsp;&nbsp;&nbsp;&nbsp;&nbsp;&nbsp;&nbsp;&nbsp;&nbsp;&nbsp;&nbsp;&nbsp;&nbsp;&nbsp;&nbsp;&nbsp;&nbsp;&nbsp;&nbsp;&nbsp;&nbsp;&nbsp;&nbsp;&nbsp;&nbsp;&nbsp;&nbsp;&nbsp;&nbsp;&nbsp;&nbsp;&nbsp;&nbsp;&nbsp;&nbsp;&nbsp;&nbsp;&nbsp;&nbsp;&nbsp;&nbsp;&nbsp;&nbsp;&nbsp;&nbsp;&nbsp;&nbsp;&nbsp;&nbsp;&nbsp;&nbsp;&nbsp;&nbsp;&nbsp;&nbsp;&nbsp;&nbsp;&nbsp;&nbsp;&nbsp;&nbsp;<\/p>\n<p>\u015ap. Jana (M), Bronis\u0142aw\u0119 (K), W\u0142adys\u0142awa (M), Stanis\u0142awa (M) z rodziny KOWALSKICH<\/p>\n<p><strong><span style=\"color: #008000;\">10:00<\/span><\/strong>&nbsp;&nbsp;&nbsp;&nbsp;&nbsp;&nbsp;&nbsp;&nbsp;&nbsp;&nbsp;&nbsp;&nbsp;&nbsp;&nbsp;&nbsp;&nbsp;&nbsp;&nbsp;&nbsp;&nbsp;&nbsp;&nbsp;&nbsp;&nbsp;&nbsp;&nbsp;&nbsp;&nbsp;&nbsp;&nbsp;&nbsp;&nbsp;&nbsp;&nbsp;&nbsp;&nbsp;&nbsp;&nbsp;&nbsp;&nbsp;&nbsp;&nbsp;&nbsp;&nbsp;&nbsp;&nbsp;&nbsp;&nbsp;&nbsp;&nbsp;&nbsp;&nbsp;&nbsp;&nbsp;&nbsp;&nbsp;&nbsp;&nbsp;&nbsp;&nbsp;&nbsp;&nbsp;&nbsp;&nbsp;&nbsp;&nbsp;&nbsp;&nbsp;&nbsp;&nbsp;&nbsp;&nbsp;&nbsp;&nbsp;&nbsp;&nbsp;&nbsp;&nbsp;&nbsp;&nbsp;&nbsp;&nbsp;&nbsp;&nbsp;&nbsp;&nbsp;&nbsp;&nbsp;&nbsp;&nbsp;&nbsp;&nbsp;&nbsp;&nbsp;<\/p>\n<p><strong>Rezerwacja<\/strong><\/p>\n<p><strong><span style=\"color: #008000;\">12.00<\/span><\/strong>&nbsp;&nbsp;&nbsp;&nbsp;&nbsp;&nbsp;&nbsp;&nbsp;&nbsp;&nbsp;&nbsp;&nbsp;&nbsp;&nbsp;&nbsp;&nbsp;&nbsp;&nbsp;&nbsp;&nbsp;&nbsp;&nbsp;&nbsp;&nbsp;&nbsp;&nbsp;&nbsp;&nbsp;&nbsp;&nbsp;&nbsp;&nbsp;&nbsp;&nbsp;&nbsp;&nbsp;&nbsp;&nbsp;&nbsp;&nbsp;&nbsp;&nbsp;&nbsp;&nbsp;&nbsp;&nbsp;&nbsp;&nbsp;&nbsp;&nbsp;&nbsp;&nbsp;&nbsp;&nbsp;&nbsp;&nbsp;&nbsp;&nbsp;&nbsp;&nbsp;&nbsp;&nbsp;&nbsp;&nbsp;&nbsp;&nbsp;&nbsp;&nbsp;&nbsp;&nbsp;&nbsp;&nbsp;&nbsp;&nbsp;&nbsp;&nbsp;&nbsp;&nbsp;&nbsp;&nbsp;&nbsp;&nbsp;&nbsp;&nbsp;&nbsp;&nbsp;&nbsp;&nbsp;&nbsp;&nbsp;&nbsp;&nbsp;&nbsp;&nbsp;<\/p>\n<p><strong><span style=\"color: #ff0000;\">ZA PARAFIAN<\/span><\/strong><\/p>\n<p><strong><span style=\"color: #008000;\">15.00&nbsp;&nbsp;<\/span><\/strong>&nbsp;&nbsp;&nbsp;&nbsp;&nbsp;&nbsp;&nbsp;&nbsp;&nbsp;&nbsp;&nbsp;&nbsp;&nbsp;&nbsp;&nbsp;&nbsp;&nbsp;&nbsp;&nbsp;&nbsp;&nbsp;&nbsp;&nbsp;&nbsp;&nbsp;&nbsp;&nbsp;&nbsp;&nbsp;&nbsp;&nbsp;&nbsp;&nbsp;&nbsp;&nbsp;&nbsp;&nbsp;&nbsp;&nbsp;&nbsp;&nbsp;&nbsp;&nbsp;&nbsp;&nbsp;&nbsp;&nbsp;&nbsp;&nbsp;&nbsp;&nbsp;&nbsp;&nbsp;&nbsp;&nbsp;&nbsp;&nbsp;&nbsp;&nbsp;&nbsp;&nbsp;&nbsp;&nbsp;&nbsp;&nbsp;&nbsp;&nbsp;&nbsp;&nbsp;&nbsp;&nbsp;&nbsp;&nbsp;&nbsp;&nbsp;&nbsp;&nbsp;&nbsp;&nbsp;&nbsp;&nbsp;&nbsp;&nbsp;&nbsp;&nbsp;&nbsp;&nbsp;&nbsp;&nbsp;&nbsp;&nbsp;&nbsp;<\/p>\n<p>\u015ap. Feliksa LUSTYK w I rocznic\u0119 \u015bmierci.<\/p>\n<p><strong><span style=\"color: #008000;\">18.00<\/span><\/strong>&nbsp;&nbsp;&nbsp;&nbsp;&nbsp;&nbsp;&nbsp;&nbsp;&nbsp;&nbsp;&nbsp;&nbsp;&nbsp;&nbsp;&nbsp;&nbsp;&nbsp;&nbsp;&nbsp;&nbsp;&nbsp;&nbsp;&nbsp;&nbsp;&nbsp;&nbsp;&nbsp;&nbsp;&nbsp;&nbsp;&nbsp;&nbsp;&nbsp;&nbsp;&nbsp;&nbsp;&nbsp;&nbsp;&nbsp;&nbsp;&nbsp;&nbsp;&nbsp;&nbsp;&nbsp;&nbsp;&nbsp;&nbsp;&nbsp;&nbsp;&nbsp;&nbsp;&nbsp;&nbsp;&nbsp;&nbsp;&nbsp;&nbsp;&nbsp;&nbsp;&nbsp;&nbsp;&nbsp;&nbsp;&nbsp;&nbsp;&nbsp;&nbsp;&nbsp;&nbsp;&nbsp;&nbsp;&nbsp;&nbsp;&nbsp;&nbsp;&nbsp;&nbsp;&nbsp;&nbsp;&nbsp;&nbsp;&nbsp;&nbsp;&nbsp;&nbsp;&nbsp;&nbsp;&nbsp;&nbsp;&nbsp;&nbsp;&nbsp;&nbsp;<\/p>\n<p>\u015ap. Mariann\u0119 IDZIKOWSK\u0104 \u2013 14 Msza gregoria\u0144ska<\/p>\n<p><em>&nbsp;<\/em><\/p>\n","protected":false},"excerpt":{"rendered":"<p>JAKI JEST G\u0141\u00d3WNY MOTYW NADZIEI ? Drogi przyjacielu ! Pragn\u0119 rozpocz\u0105\u0107 nasz\u0105 rozmow\u0119 od przytoczenia s\u0142\u00f3w bulli papie\u017ca Franciszka: m\u00f3wi ona o potrzebie oczyszczenia po naszej \u015bmierci i o potrzebie modlitwy za zmar\u0142ych. \u201eS\u0105d dotyczy wi\u0119c zbawienia, w kt\u00f3re ufamy i kt\u00f3re Jezus dla nas wyjedna\u0142 przez swoj\u0105 \u015bmier\u0107 i zmartwychwstanie. Jego celem jest zatem [&hellip;]<\/p>\n","protected":false},"author":1,"featured_media":5886,"comment_status":"closed","ping_status":"closed","sticky":false,"template":"","format":"standard","meta":{"ngg_post_thumbnail":0,"footnotes":""},"categories":[11,8,4,3],"tags":[],"class_list":["post-5885","post","type-post","status-publish","format-standard","has-post-thumbnail","hentry","category-aktualnosci","category-blog","category-intencje","category-ogloszenia"],"_links":{"self":[{"href":"https:\/\/rafalk-elblag.pl\/index.php?rest_route=\/wp\/v2\/posts\/5885","targetHints":{"allow":["GET"]}}],"collection":[{"href":"https:\/\/rafalk-elblag.pl\/index.php?rest_route=\/wp\/v2\/posts"}],"about":[{"href":"https:\/\/rafalk-elblag.pl\/index.php?rest_route=\/wp\/v2\/types\/post"}],"author":[{"embeddable":true,"href":"https:\/\/rafalk-elblag.pl\/index.php?rest_route=\/wp\/v2\/users\/1"}],"replies":[{"embeddable":true,"href":"https:\/\/rafalk-elblag.pl\/index.php?rest_route=%2Fwp%2Fv2%2Fcomments&post=5885"}],"version-history":[{"count":1,"href":"https:\/\/rafalk-elblag.pl\/index.php?rest_route=\/wp\/v2\/posts\/5885\/revisions"}],"predecessor-version":[{"id":5887,"href":"https:\/\/rafalk-elblag.pl\/index.php?rest_route=\/wp\/v2\/posts\/5885\/revisions\/5887"}],"wp:featuredmedia":[{"embeddable":true,"href":"https:\/\/rafalk-elblag.pl\/index.php?rest_route=\/wp\/v2\/media\/5886"}],"wp:attachment":[{"href":"https:\/\/rafalk-elblag.pl\/index.php?rest_route=%2Fwp%2Fv2%2Fmedia&parent=5885"}],"wp:term":[{"taxonomy":"category","embeddable":true,"href":"https:\/\/rafalk-elblag.pl\/index.php?rest_route=%2Fwp%2Fv2%2Fcategories&post=5885"},{"taxonomy":"post_tag","embeddable":true,"href":"https:\/\/rafalk-elblag.pl\/index.php?rest_route=%2Fwp%2Fv2%2Ftags&post=5885"}],"curies":[{"name":"wp","href":"https:\/\/api.w.org\/{rel}","templated":true}]}}