{"id":5862,"date":"2025-08-30T14:21:38","date_gmt":"2025-08-30T14:21:38","guid":{"rendered":"https:\/\/rafalk-elblag.pl\/?p=5862"},"modified":"2025-08-30T14:24:41","modified_gmt":"2025-08-30T14:24:41","slug":"xxii-niedziela-zwykla","status":"publish","type":"post","link":"https:\/\/rafalk-elblag.pl\/?p=5862","title":{"rendered":"XXII NIEDZIELA ZWYK\u0141A"},"content":{"rendered":"<p><img loading=\"lazy\" decoding=\"async\" class=\"aligncenter\" src=\"https:\/\/rafalk-elblag.pl\/wp-content\/uploads\/2025\/08\/biuletyn-graf.jpg\" width=\"552\" height=\"357\"><\/p>\n<h2 style=\"text-align: center;\"><span style=\"color: #ff0000;\">Religia w szkole: Rozw\u00f3j duchowy <\/span><br \/>\n<span style=\"color: #ff0000;\">i moralny uczni\u00f3w<\/span><\/h2>\n<p>Religia w szkole ma kluczowe znaczenie dla rozwoju duchowego m\u0142odych ludzi. Umo\u017cliwia uczniom g\u0142\u0119bsze zrozumienie wiary chrze\u015bcija\u0144skiej i jej zasad. Zaj\u0119cia te pomagaj\u0105 uczniom kszta\u0142towa\u0107 swoje \u017cycie wed\u0142ug ewangelicznych warto\u015bci, takich jak mi\u0142o\u015b\u0107 bli\u017aniego, uczciwo\u015b\u0107, pok\u00f3j, cierpliwo\u015b\u0107<br \/>\ni przebaczenie. Dzi\u0119ki temu uczniowie mog\u0105 lepiej zrozumie\u0107 moralne aspekty swoich decyzji<br \/>\ni dzia\u0142ania, co jest niezwykle warto\u015bciowe<br \/>\nw dzisiejszym \u015bwiecie pe\u0142nym wyzwa\u0144 i pokus. <strong>Religia w szkole kszta\u0142tuje r\u00f3wnie\u017c postawy patriotyczne i jest naturalnym uzupe\u0142nieniem historii, wiedzy o spo\u0142ecze\u0144stwie i j\u0119zyka ojczystego.<\/strong> Dzisiaj religia stanowi podwaliny wychowania w polsko\u015bci. <strong>Szko\u0142a bez religii lub<br \/>\nz religi\u0105 ograniczon\u0105 do grupki uczni\u00f3w (k\u00f3\u0142ko katolickie?) b\u0119dzie wychowywa\u0107 m\u0142odych ludzi na materialistycznych konsument\u00f3w a nie zdolnych do po\u015bwi\u0119ce\u0144 dla innych obywateli. <\/strong><\/p>\n<p><strong>&nbsp;<\/strong><\/p>\n<h3>Religia w szkole: Wzmocnienie to\u017csamo\u015bci religijnej<\/h3>\n<p>Katecheza szkolna odgrywa istotn\u0105 rol\u0119 w utrwalaniu to\u017csamo\u015bci religijnej. <strong>W czasach, gdy m\u0142odzi ludzie s\u0105 nara\u017ceni na liczne wp\u0142ywy zewn\u0119trzne, kt\u00f3re mog\u0105 rozmywa\u0107 ich poczucie przynale\u017cno\u015bci do wsp\u00f3lnoty wiary, katecheza stanowi punkt odniesienia. <\/strong>Pomaga ona m\u0142odym ludziom zrozumie\u0107 i doceni\u0107 swoje korzenie oraz tradycj\u0119 chrze\u015bcija\u0144sk\u0105, co jest fundamentem do budowania trwa\u0142ej i \u015bwiadomej wiary.<\/p>\n<h3>Religia w szkole: Wsparcie dla rodzin katolickich<\/h3>\n<p>Religia w szkole jest r\u00f3wnie\u017c wsparciem dla rodzic\u00f3w<br \/>\nw wychowaniu religijnym dzieci. Wielu rodzic\u00f3w chce, aby ich dzieci otrzyma\u0142y solidne podstawy wiary, kt\u00f3re pomog\u0105 im<br \/>\nw przysz\u0142o\u015bci kszta\u0142towa\u0107 swoje \u017cycie. Szko\u0142a, oferuj\u0105c profesjonalne zaj\u0119cia z religii, wspomaga rodziny w tej misji, zapewniaj\u0105c dzieciom dost\u0119p do warto\u015bciowego i strukturalnego nauczania religijnego.<\/p>\n<p>Niezale\u017cnie od jako\u015bci katechezy w szkole, jej dost\u0119pno\u015b\u0107 jest dzisiaj nieograniczona. <strong>W przypadku konieczno\u015bci dowo\u017cenia dzieci na zaj\u0119cia katechetyczne przy parafii na zabieganych rodzic\u00f3w spadnie obowi\u0105zek dowozu na nie m\u0142odszych dzieci. Jednocze\u015bnie religia poza szko\u0142\u0105 b\u0119dzie musia\u0142a konkurowa\u0107 z szeregiem innych zaj\u0119\u0107 pozalekcyjnych, jak nauka j\u0119zyk\u00f3w obcych, kluby sportowe, k\u00f3\u0142ka zainteresowa\u0144 czy korepetycje.<\/strong> Nie nale\u017cy mie\u0107 z\u0142udze\u0144,<br \/>\n\u017ce w\u00f3wczas uczestnictwo w lekcji religii znacznie si\u0119 obni\u017cy.&nbsp;<\/p>\n<h3>Religia w szkole jako \u017ar\u00f3d\u0142o kultury i dziedzictwa<\/h3>\n<p>Nie mo\u017cna zapomina\u0107, \u017ce religia w szkole to tak\u017ce przekazanie dziedzictwa kulturowego. Wiele element\u00f3w kultury europejskiej jest g\u0142\u0119boko zakorzenionych w chrze\u015bcija\u0144stwie. Zrozumienie tej zale\u017cno\u015bci pozwala uczniom lepiej pojmowa\u0107 i docenia\u0107 sztuk\u0119, literatur\u0119, muzyk\u0119 i inne formy wyrazu, kt\u00f3re s\u0105 odzwierciedleniem lub inspirowane wiar\u0105. Bez katechezy w szkole pe\u0142ne odczytanie kultury europejskiej staje si\u0119 niemo\u017cliwe.<\/p>\n<p><img loading=\"lazy\" decoding=\"async\" class=\"aligncenter\" src=\"https:\/\/rafalk-elblag.pl\/wp-content\/uploads\/2025\/08\/ogl-graf.png\" width=\"553\" height=\"261\"><\/p>\n<h5 style=\"text-align: center;\"><span style=\"color: #008000;\"><strong>OG\u0141OSZENIA PARAFIALNE&nbsp; 31.08.2025 r.<\/strong><\/span><\/h5>\n<h5 style=\"text-align: center;\"><span style=\"color: #008000;\"><strong>XXII NIEDZIELA ZWYK\u0141A<\/strong><\/span><\/h5>\n<ol>\n<li>Jutro przypada 86 rocznica wybuchu II Wojny \u015awiatowej. Pami\u0119tajmy w modlitwie o wszystkich, kt\u00f3rzy oddali \u017cycie w obronie Ojczyzny oraz pro\u015bmy o pok\u00f3j na \u015bwiecie.<\/li>\n<li><strong><u>Dzi\u0119kuje tym osobom, kt\u00f3re w miesi\u0105cu sierpniu podj\u0119li abstynencj\u0119<\/u><\/strong> i <em>wpisali si\u0119 do <strong>PARAFIALNEJ KSI\u0118GI TRZE\u0179WO\u015aCI.<\/strong><\/em><\/li>\n<li><strong>UWAGA!<\/strong> Od wrze\u015bnia powracamy do Mszy \u015bwi\u0119tej niedzielnej o godzinie 15:00, kt\u00f3ra rozpoczyna si\u0119 Koronk\u0105 do Mi\u0142osierdzia Bo\u017cego. <em>Dzi\u0119kuj\u0119 osobom z Apostolatu Bo\u017cego Mi\u0142osierdzia za prowadzenie Koronki w czasie wakacji.<\/em><\/li>\n<li><strong>Msza \u015bw. inauguruj\u0105ca kolejny rok szkolny i katechetyczny 2025\/2026 odprawiona zostanie <\/strong>dla Szko\u0142y Podstawowej nr 11 w pierwszy pi\u0105tek; <strong>5<em> wrze\u015bnia o godz. 16:30 dla klas 0 \u2013 VI, a o godz. 18:00 klas VII \u2013 VIII<\/em><\/strong> oraz dla wszystkich przygotowuj\u0105cych si\u0119 do SAKRAMENTU BIERZMOWANIA. Zapraszamy do wsp\u00f3lnej modlitwy uczni\u00f3w, rodzic\u00f3w&nbsp; i nauczycieli. <em>SKORZYSTAJMY Z \u0141ASK SAKRAMENT\u00d3W \u015aWI\u0118TYCH.<\/em><\/li>\n<\/ol>\n<p><span style=\"color: #ff0000;\"><strong>Od jutra zach\u0119camy dzieci i m\u0142odzie\u017c do spowiedzi \u015bwi\u0119tej od godz. 17:30.<\/strong><\/span><\/p>\n<ol start=\"5\">\n<li>B\u0142ogos\u0142awie\u0144stwo dzieci klas I z po\u015bwi\u0119ceniem przybor\u00f3w szkolnych odb\u0119dzie si\u0119 za tydzie\u0144 tj. 7 wrze\u015bnia br. podczas Mszy \u015bw. o godz. 10:00. <em>ZAPRASZAMY<\/em><em>.<\/em><\/li>\n<li><strong>Rozpoczyna si\u0119 Nowy Rok Szkolny i Katechetyczny.<\/strong> Zatroszczmy si\u0119 o dobre wychowanie m\u0142odego pokolenia. Postarajmy si\u0119 znale\u017a\u0107 czas dla naszych dzieci<br \/>\ni zadbajmy o ich udzia\u0142 w lekcjach religii. <em><u>Wi\u0119cej informacji znajdziesz w Biuletynie<\/u><\/em>.<\/li>\n<li><span style=\"color: #ff0000;\"><strong>W TYM TYGODNIU KOLEJNY ROK PRACY FORMACYJNEJ INAUGURUJE:<\/strong><\/span><\/li>\n<\/ol>\n<ul>\n<li><strong>ODNOWA W DUCHU \u015aWI\u0118TYM <\/strong>we wtorek 2 wrze\u015bnia o godz. 18:00 Msz\u0105 \u015bw.<br \/>\na po zapraszamy wszystkich ch\u0119tnych na Adoracj\u0119 w Ko\u015bciele,<\/li>\n<li><strong>KR\u0104G BIBLIJNY<\/strong> w \u015brod\u0119 3 wrze\u015bnia o godz. 18.45. Zapraszamy osoby pragn\u0105ce bardziej pochyli\u0107 si\u0119 nad Ksi\u0119g\u0105 \u017bycia<\/li>\n<li><strong>WSP\u00d3LNOTA KRWI CHRYSTUSA<\/strong> w \u015brod\u0119 3 wrze\u015bnia na plebanii o godz. 18:45<\/li>\n<li><strong>PARAFIALNY ODDZIA\u0141 CARITAS &#8211; <\/strong>w I i III czwartek miesi\u0105ca w godzinach od 16:00 do 17:00 przy ul. Myliusa 1A. Z<em>apraszamy osoby potrzebuj\u0105ce pomocy<\/em><\/li>\n<li><strong>Apostolat Margaretka &#8211; <\/strong>czwartek 4 wrze\u015bnia br. o godz. 18:00 Msz\u0105 \u015bw.<br \/>\ni ADORACJA<\/li>\n<\/ul>\n<ol start=\"8\">\n<li>W tym tygodniu przypada pierwszy czwartek, pi\u0105tek i sobota miesi\u0105ca.<\/li>\n<\/ol>\n<ul>\n<li><strong>w pierwszy czwartek<\/strong> b\u0119dziemy modli\u0107 si\u0119 wsp\u00f3lnie za Ojca \u015awi\u0119tego LEONA XIV i ca\u0142y Ko\u015bci\u00f3\u0142. <strong><em>Zapraszamy na Msz\u0119 \u015bw. o godz. 18:00, po kt\u00f3rej w powy\u017cszych intencjach odb\u0119dzie si\u0119 ADORACJA przed Naj\u015bwi\u0119tszym Sakramentem.<\/em><\/strong><\/li>\n<li><strong>w pierwszy pi\u0105tek<\/strong> &#8211; Msza \u015bw. o godz. 16:30 oraz godz. 18:00<\/li>\n<li><strong>w pierwsza sobot\u0119 <\/strong>\u2013 zapraszamy na Nabo\u017ce\u0144stwo Wynagradzaj\u0105ce Niepokalanemu Sercu Maryi o godz. 17:00<\/li>\n<\/ul>\n<ol start=\"9\">\n<li>Po przerwie wakacyjnej w I pi\u0105tek miesi\u0105ca( 5 wrze\u015bnia) z Panem Jezusem kap\u0142ani udadz\u0105 si\u0119 do chorych od godz. 9:30.<\/li>\n<li><strong>Zapraszamy ca\u0142\u0105 wsp\u00f3lnot\u0119 parafialn\u0105<\/strong> do udzia\u0142u w zbi\u00f3rce zu\u017cytego sprz\u0119tu elektrycznego i elektronicznego. <strong><em>Zbi\u00f3rka b\u0119dzie odbywa\u0107 si\u0119 w dniach 8 i 9 wrze\u015bnia 2025 roku. Miejsce zbi\u00f3rki plac ko\u015bcielny przy choince.<\/em><\/strong><\/li>\n<li><strong>Centrum Nowej Ewangelizacji zaprasza dzisiaj !Elbl\u0105g \u2013 Plac Katedralny. <\/strong>Przyjd\u017a<br \/>\ni odkryj <strong>Jasn\u0105 Stron\u0119 Miasta<\/strong>\u2013 czas, w kt\u00f3rym chcemy razem do\u015bwiadczy\u0107, \u017ce <strong>Ko\u015bci\u00f3\u0142 katolicki jest \u017cywy!<\/strong>&nbsp;<strong>Szczeg\u00f3\u0142owy program na ulotkach i plakatach.<\/strong><\/li>\n<li>Zach\u0119cam do nabywania nowego numeru \u201eGo\u015bcia Niedzielnego\u201d<strong> w cenie 10 z\u0142.<\/strong><br \/>\nJest te\u017c wy\u0142o\u017cony<strong> BIULETYN PARAFIALNY<\/strong> na stolikach przy wej\u015bciu do ko\u015bcio\u0142a.<u> Zach\u0119camy do zabrania dla siebie i s\u0105siad\u00f3w<em>.<\/em><\/u><\/li>\n<\/ol>\n<p><img loading=\"lazy\" decoding=\"async\" class=\"aligncenter\" src=\"https:\/\/rafalk-elblag.pl\/wp-content\/uploads\/2025\/08\/intencje-gragika.jpg\" width=\"552\" height=\"276\"><\/p>\n<h5 style=\"text-align: center;\"><span style=\"color: #008000;\"><strong>XXII NIEDZIELA ZWYK\u0141A 31 sierpnia 2025 \/&nbsp; \u0141k 14, 1. 7 \u2013 14<\/strong><\/span><\/h5>\n<p><span style=\"color: #008000;\"><strong>8.00<\/strong><\/span>&nbsp;&nbsp;&nbsp;&nbsp;&nbsp;&nbsp;&nbsp;&nbsp;&nbsp;&nbsp;&nbsp;&nbsp;&nbsp;&nbsp;&nbsp;&nbsp;&nbsp;&nbsp;&nbsp;&nbsp;&nbsp;&nbsp;&nbsp;&nbsp;&nbsp;&nbsp;&nbsp;&nbsp;&nbsp;&nbsp;&nbsp;&nbsp;&nbsp;&nbsp;&nbsp;&nbsp;&nbsp; Dzi\u0119kczynna w 87 rocznic\u0119 urodzin Marianny z pro\u015bb\u0105 o dary Ducha \u015awi\u0119tego i opiek\u0119 Matki Bo\u017cej dla Ewy, Krzysztofa, Emila (M) i Micha\u0142a<\/p>\n<p><strong><span style=\"color: #008000;\">10.00<\/span><\/strong>&nbsp;&nbsp;&nbsp;&nbsp;&nbsp;&nbsp;&nbsp;&nbsp;&nbsp;&nbsp;&nbsp;&nbsp;&nbsp;&nbsp;&nbsp;&nbsp;&nbsp;&nbsp;&nbsp;&nbsp;&nbsp;&nbsp;&nbsp;&nbsp;&nbsp;&nbsp;&nbsp;&nbsp;&nbsp;&nbsp;&nbsp;&nbsp;&nbsp;&nbsp;&nbsp; \u015ap. Stefani\u0119 i W\u0142adys\u0142awa (M) BAJSON i zmar\u0142ych z rodziny<\/p>\n<p><span style=\"color: #008000;\"><strong>10.00<\/strong><\/span>&nbsp;&nbsp;&nbsp;&nbsp;&nbsp;&nbsp;&nbsp;&nbsp;&nbsp;&nbsp;&nbsp;&nbsp;&nbsp;&nbsp;&nbsp;&nbsp;&nbsp;&nbsp;&nbsp;&nbsp;&nbsp;&nbsp;&nbsp;&nbsp;&nbsp;&nbsp;&nbsp;&nbsp;&nbsp;&nbsp;&nbsp;&nbsp;&nbsp;&nbsp;&nbsp; \u015ap. Bogus\u0142awa (M) GROMADZKIEGO w 30 dniu po pogrzebie<\/p>\n<p><strong><span style=\"color: #008000;\">12.00<\/span><\/strong>&nbsp;&nbsp;&nbsp;&nbsp;&nbsp;&nbsp;&nbsp;&nbsp;&nbsp;&nbsp;&nbsp;&nbsp;&nbsp;&nbsp;&nbsp;&nbsp;&nbsp;&nbsp;&nbsp;&nbsp;&nbsp;&nbsp;&nbsp;&nbsp;&nbsp;&nbsp;&nbsp;&nbsp;&nbsp;&nbsp;<span style=\"color: #ff0000;\">&nbsp;&nbsp;&nbsp;&nbsp;&nbsp;<strong> ZA PARAFIAN<\/strong><\/span><\/p>\n<p><strong><span style=\"color: #008000;\">12.00<\/span><\/strong>&nbsp;&nbsp;&nbsp;&nbsp;&nbsp;&nbsp;&nbsp;&nbsp;&nbsp;&nbsp;&nbsp;&nbsp;&nbsp;&nbsp;&nbsp;&nbsp;&nbsp;&nbsp;&nbsp;&nbsp;&nbsp;&nbsp;&nbsp;&nbsp;&nbsp;&nbsp;&nbsp;&nbsp;&nbsp;&nbsp;&nbsp;&nbsp;&nbsp;&nbsp;&nbsp; O Bo\u017ce b\u0142ogos\u0142awie\u0144stwo, opiek\u0119 Matki Bo\u017cej Szkaplerznej, \u0142ask\u0119 zdrowia dla S\u0142awomiry (K) i J\u00f3zefa (M) G\u00d3RA w 45 rocznic\u0119 \u015blubu dla Jubilat\u00f3w i ich rodziny, dzieci i wnuk\u00f3w<\/p>\n<p><strong><span style=\"color: #008000;\">18.00<\/span><\/strong>&nbsp;&nbsp;&nbsp;&nbsp;&nbsp;&nbsp;&nbsp;&nbsp;&nbsp;&nbsp;&nbsp;&nbsp;&nbsp;&nbsp;&nbsp;&nbsp;&nbsp;&nbsp;&nbsp;&nbsp;&nbsp;&nbsp;&nbsp;&nbsp;&nbsp;&nbsp;&nbsp;&nbsp;&nbsp;&nbsp;&nbsp;&nbsp;&nbsp;&nbsp;&nbsp; \u015ap. Ann\u0119 DARCZUK&nbsp; w 5 rocznic\u0119 \u015bmierci i Piotra DARCZUK<\/p>\n<h5 style=\"text-align: center;\"><span style=\"color: #008000;\"><strong>PONIEDZIA\u0141EK \/ 01 wrze\u015bnia 2025 \/ \u0141k&nbsp; 4, 16 \u2013 30<\/strong><\/span><\/h5>\n<h5 style=\"text-align: center;\"><span style=\"color: #008000;\"><strong>ROCZNICA NIEMIECKIEJ NAPA\u015aCI NA POLSK\u0118 1939 ROKU<\/strong><\/span><\/h5>\n<p><strong><span style=\"color: #008000;\">8.00&nbsp;<\/span><\/strong>&nbsp;&nbsp;&nbsp;&nbsp;&nbsp;&nbsp;&nbsp;&nbsp;&nbsp;&nbsp;&nbsp;&nbsp;&nbsp;&nbsp;&nbsp;&nbsp;&nbsp;&nbsp;&nbsp;&nbsp;&nbsp;&nbsp;&nbsp;&nbsp;&nbsp;&nbsp;&nbsp;&nbsp;&nbsp;&nbsp;&nbsp;&nbsp;&nbsp;&nbsp;&nbsp;&nbsp; \u015ap. Mariann\u0119 IDZIKOWSK\u0104 \u2013 1 Msza gregoria\u0144ska<\/p>\n<p><strong><span style=\"color: #008000;\">8.00&nbsp;&nbsp;<\/span><\/strong>&nbsp;&nbsp;&nbsp;&nbsp;&nbsp;&nbsp;&nbsp;&nbsp;&nbsp;&nbsp;&nbsp;&nbsp;&nbsp;&nbsp;&nbsp;&nbsp;&nbsp;&nbsp;&nbsp;&nbsp;&nbsp;&nbsp;&nbsp;&nbsp;&nbsp;&nbsp;&nbsp;&nbsp;&nbsp;&nbsp;&nbsp;&nbsp;&nbsp;&nbsp;&nbsp; \u015ap. Monik\u0119 Ma\u0144sk\u0105 z okazji ziemskich urodzin<\/p>\n<p><strong><span style=\"color: #008000;\">18.00<\/span><\/strong>&nbsp;&nbsp;&nbsp;&nbsp;&nbsp;&nbsp;&nbsp;&nbsp;&nbsp;&nbsp;&nbsp;&nbsp;&nbsp;&nbsp;&nbsp;&nbsp;&nbsp;&nbsp;&nbsp;&nbsp;&nbsp;&nbsp;&nbsp;&nbsp;&nbsp;&nbsp;&nbsp;&nbsp;&nbsp;&nbsp;&nbsp;&nbsp;&nbsp;&nbsp;&nbsp; \u015ap. Jolant\u0119 w dniu ziemskich urodzin, Romualda (M), Napoleona, Karolin\u0119 (K) z rodziny KARMAN<\/p>\n<p><strong><span style=\"color: #008000;\">18:00&nbsp;&nbsp;<\/span><\/strong>&nbsp;&nbsp;&nbsp;&nbsp;&nbsp;&nbsp;&nbsp;&nbsp;&nbsp;&nbsp;&nbsp;&nbsp;&nbsp;&nbsp;&nbsp;&nbsp;&nbsp;&nbsp;&nbsp;&nbsp;&nbsp;&nbsp;&nbsp;&nbsp;&nbsp;&nbsp;&nbsp;&nbsp;&nbsp;&nbsp;&nbsp;&nbsp;&nbsp; Dzi\u0119kczynna za otrzymane \u0142aski w 21 rocznic\u0119 urodzin Jakuba z pro\u015bb\u0105 o Bo\u017ce b\u0142ogos\u0142awie\u0144stwo, dary Ducha \u015awi\u0119tego i opiek\u0119 Matki Bo\u017cej<\/p>\n<h5 style=\"text-align: center;\"><span style=\"color: #008000;\">WTOREK&nbsp; \/ 02 wrze\u015bnia 2025\/&nbsp;&nbsp; \u0141k 4, 31 \u2013 37<\/span><\/h5>\n<p><strong><span style=\"color: #008000;\">8.00&nbsp;&nbsp;&nbsp;<\/span><\/strong>&nbsp;&nbsp;&nbsp;&nbsp;&nbsp;&nbsp;&nbsp;&nbsp;&nbsp;&nbsp;&nbsp;&nbsp;&nbsp;&nbsp;&nbsp;&nbsp;&nbsp;&nbsp;&nbsp;&nbsp;&nbsp;&nbsp;&nbsp;&nbsp;&nbsp;&nbsp;&nbsp;&nbsp;&nbsp;&nbsp;&nbsp;&nbsp;&nbsp;&nbsp; \u015ap. Mariann\u0119 IDZIKOWSK\u0104 \u2013 2 Msza gregoria\u0144ska<\/p>\n<p><strong><span style=\"color: #008000;\">18.00<\/span><\/strong>&nbsp;&nbsp;&nbsp;&nbsp;&nbsp;&nbsp;&nbsp;&nbsp;&nbsp;&nbsp;&nbsp;&nbsp;&nbsp;&nbsp;&nbsp;&nbsp;&nbsp;&nbsp;&nbsp;&nbsp;&nbsp;&nbsp;&nbsp;&nbsp;&nbsp;&nbsp;&nbsp;&nbsp;&nbsp;&nbsp;&nbsp;&nbsp;&nbsp;&nbsp;&nbsp; \u015ap. Adama RUSZKOWSKIEGO w 30 dniu po pogrzebie<\/p>\n<p><strong><span style=\"color: #008000;\">18.00&nbsp;<\/span><\/strong>&nbsp;&nbsp;&nbsp;&nbsp;&nbsp;&nbsp;&nbsp;&nbsp;&nbsp;&nbsp;&nbsp;&nbsp;&nbsp;&nbsp;&nbsp;&nbsp;&nbsp;&nbsp;&nbsp;&nbsp;&nbsp;&nbsp;&nbsp;&nbsp;&nbsp;&nbsp;&nbsp;&nbsp;&nbsp;&nbsp;&nbsp;&nbsp;&nbsp;&nbsp; \u015ap. Stefani\u0119 (K), Aleksego AMBRO\u017bEJCZYK, Stefani\u0119 (K) i Floriana MYSZK<\/p>\n<h5 style=\"text-align: center;\"><span style=\"color: #008000;\"><strong>\u015aRODA \/ 03 wrze\u015bnia 2025 \/ \u0141k 4, 38 \u2013 44<\/strong><\/span><\/h5>\n<h5 style=\"text-align: center;\"><span style=\"color: #008000;\"><strong>WSPOMNIENIE \u015aW. GRZEGORZA WIELKIEGO, PAPIE\u017bA I DOKTORA KO\u015aCIO\u0141A<\/strong><\/span><\/h5>\n<p><strong><span style=\"color: #008000;\">8.00&nbsp;&nbsp;&nbsp;<\/span><\/strong>&nbsp;&nbsp;&nbsp;&nbsp;&nbsp;&nbsp;&nbsp;&nbsp;&nbsp;&nbsp;&nbsp;&nbsp;&nbsp;&nbsp;&nbsp;&nbsp;&nbsp;&nbsp;&nbsp;&nbsp;&nbsp;&nbsp;&nbsp;&nbsp;&nbsp;&nbsp;&nbsp;&nbsp;&nbsp;&nbsp;&nbsp;&nbsp;&nbsp;&nbsp; \u015ap. Mariann\u0119 IDZIKOWSK\u0104 \u2013 3 Msza gregoria\u0144ska<\/p>\n<p><strong><span style=\"color: #008000;\">18.00&nbsp;<\/span><\/strong>&nbsp;&nbsp;&nbsp;&nbsp;&nbsp;&nbsp;&nbsp;&nbsp;&nbsp;&nbsp;&nbsp;&nbsp;&nbsp;&nbsp;&nbsp;&nbsp;&nbsp;&nbsp;&nbsp;&nbsp;&nbsp;&nbsp;&nbsp;&nbsp;&nbsp;&nbsp;&nbsp;&nbsp;&nbsp;&nbsp;&nbsp;&nbsp;&nbsp;&nbsp; O Bo\u017ce b\u0142ogos\u0142awie\u0144stwo i potrzebne \u0142aski w pos\u0142udze kap\u0142a\u0144skiej dla ksi\u0119dza Grzegorza Wala w dniu imienin oraz o \u0142ask\u0119 zdrowia i Bo\u017ce dary na dalsze lata w pos\u0142udze kap\u0142a\u0144skiej<\/p>\n<p><strong><span style=\"color: #008000;\">18.00&nbsp;&nbsp;&nbsp;&nbsp;<\/span><\/strong>&nbsp;&nbsp;&nbsp;&nbsp;&nbsp;&nbsp;&nbsp;&nbsp;&nbsp;&nbsp;&nbsp;&nbsp;&nbsp;&nbsp;&nbsp;&nbsp;&nbsp;&nbsp;&nbsp;&nbsp;&nbsp;&nbsp;&nbsp;&nbsp;&nbsp;&nbsp;&nbsp;&nbsp;&nbsp;&nbsp;&nbsp; \u015ap. Ryszarda (M) DYMOWSKIEGO w 30 dniu po pogrzebie<\/p>\n<h5 style=\"text-align: center;\"><span style=\"color: #008000;\">CZWARTEK&nbsp; \/ 04 wrze\u015bnia 2025 \/ \u0141k 5, 1 \u2013 11<\/span><\/h5>\n<h5 style=\"text-align: center;\"><span style=\"color: #008000;\">WSPOMNIENIE B\u0141. MARII STELLI, DZIEWICY I M\u0118CZENNICY, I TOWARZYSZEK<\/span><\/h5>\n<p><strong><span style=\"color: #008000;\">8.00&nbsp;&nbsp;<\/span><\/strong>&nbsp;&nbsp;&nbsp;&nbsp;&nbsp;&nbsp;&nbsp;&nbsp;&nbsp;&nbsp;&nbsp;&nbsp;&nbsp;&nbsp;&nbsp;&nbsp;&nbsp;&nbsp;&nbsp;&nbsp;&nbsp;&nbsp;&nbsp;&nbsp;&nbsp;&nbsp;&nbsp;&nbsp;&nbsp;&nbsp;&nbsp;&nbsp;&nbsp;&nbsp;&nbsp; \u015ap. Mariann\u0119 IDZIKOWSK\u0104 \u2013 4 Msza gregoria\u0144ska<\/p>\n<p><strong><span style=\"color: #008000;\">18.00&nbsp;&nbsp;<\/span><\/strong>&nbsp;&nbsp;&nbsp;&nbsp;&nbsp;&nbsp;&nbsp;&nbsp;&nbsp;&nbsp;&nbsp;&nbsp;&nbsp;&nbsp;&nbsp;&nbsp;&nbsp;&nbsp;&nbsp;&nbsp;&nbsp;&nbsp;&nbsp;&nbsp;&nbsp;&nbsp;&nbsp;&nbsp;&nbsp;&nbsp;&nbsp;&nbsp;&nbsp; \u015ap. Stanis\u0142awa (M) STARZY\u0143SKIEGO w 8 rocznic\u0119 \u015bmierci i zmar\u0142ych z rodziny<\/p>\n<h5 style=\"text-align: center;\"><span style=\"color: #0000ff;\">ADORACJA NAJ\u015aWI\u0118TSZEGO SAKRAMENTU do godz. 20:00<\/span><\/h5>\n<h5 style=\"text-align: center;\"><span style=\"color: #008000;\">PI\u0104TEK \/ 05 wrze\u015bnia 2025 \/ \u0141k 5, 33 \u2013 39<\/span><\/h5>\n<p><span style=\"color: #008000;\"><strong>8.00&nbsp;&nbsp;<\/strong><\/span>&nbsp;&nbsp;&nbsp;&nbsp;&nbsp;&nbsp;&nbsp;&nbsp;&nbsp;&nbsp;&nbsp;&nbsp;&nbsp;&nbsp;&nbsp;&nbsp;&nbsp;&nbsp;&nbsp;&nbsp;&nbsp;&nbsp;&nbsp;&nbsp;&nbsp;&nbsp;&nbsp;&nbsp;&nbsp;&nbsp;&nbsp;&nbsp;&nbsp;&nbsp;&nbsp; \u015ap. Mariann\u0119 IDZIKOWSK\u0104 \u2013 5 Msza gregoria\u0144ska<\/p>\n<p><strong><span style=\"color: #008000;\">16.30&nbsp;&nbsp;<\/span><\/strong>&nbsp;&nbsp;&nbsp;&nbsp;&nbsp;&nbsp;&nbsp;&nbsp;&nbsp;&nbsp;&nbsp;&nbsp;&nbsp;&nbsp;&nbsp;&nbsp;&nbsp;&nbsp;&nbsp;&nbsp;&nbsp;&nbsp;&nbsp;&nbsp;&nbsp;&nbsp;&nbsp;&nbsp;&nbsp;&nbsp;&nbsp;&nbsp;<strong><span style=\"color: #ff0000;\">&nbsp; Msza \u015awi\u0119ta inauguracyjna nowy rok szkolny i katechetyczny z pro\u015bb\u0105 o Bo\u017ce b\u0142ogos\u0142awie\u0144stwo i Jego dary w nadchodz\u0105cym roku dla dzieci, nauczycieli, wychowawc\u00f3w i wsp\u00f3lnot dzia\u0142aj\u0105cych przy naszej parafii oraz o \u0142aski dla czcicieli Naj\u015bwi\u0119tszego Serca Pana Jezusa<\/span><\/strong><\/p>\n<p><strong><span style=\"color: #008000;\">18:00&nbsp;&nbsp;<\/span><\/strong>&nbsp;&nbsp;&nbsp;&nbsp;&nbsp;&nbsp;&nbsp;&nbsp;&nbsp;&nbsp;&nbsp;&nbsp;&nbsp;&nbsp;&nbsp;&nbsp;&nbsp;&nbsp;&nbsp;&nbsp;&nbsp;&nbsp;&nbsp;&nbsp;&nbsp;&nbsp;&nbsp;&nbsp;&nbsp;&nbsp;&nbsp;&nbsp;&nbsp; \u015ap. Cecyli\u0119 i Wincentego JATCZUK<\/p>\n<h5 style=\"text-align: center;\"><span style=\"color: #008000;\"><strong>SOBOTA \/ 06 wrze\u015bnia 2025 \/ \u0141k 6, 1 \u2013 5<\/strong><\/span><\/h5>\n<p><strong><span style=\"color: #008000;\">8.00&nbsp;&nbsp;<\/span><\/strong>&nbsp;&nbsp;&nbsp;&nbsp;&nbsp;&nbsp;&nbsp;&nbsp;&nbsp;&nbsp;&nbsp;&nbsp;&nbsp;&nbsp;&nbsp;&nbsp;&nbsp;&nbsp;&nbsp;&nbsp;&nbsp;&nbsp;&nbsp;&nbsp;&nbsp;&nbsp;&nbsp;&nbsp;&nbsp;&nbsp;&nbsp;&nbsp;&nbsp;&nbsp;&nbsp; \u015ap. Mariann\u0119 IDZIKOWSK\u0104 \u2013 6 Msza gregoria\u0144ska<\/p>\n<p><strong><span style=\"color: #008000;\">18:00&nbsp;<\/span><\/strong>&nbsp;&nbsp;&nbsp;&nbsp;&nbsp;&nbsp;&nbsp;&nbsp;&nbsp;&nbsp;&nbsp;&nbsp;&nbsp;&nbsp;&nbsp;&nbsp;&nbsp;&nbsp;&nbsp;&nbsp;&nbsp;&nbsp;&nbsp;&nbsp;&nbsp;&nbsp;&nbsp;&nbsp;&nbsp;&nbsp;&nbsp;&nbsp;&nbsp;&nbsp; O Bo\u017ce b\u0142ogos\u0142awie\u0144stwo dla \u017cywych, \u0142ask\u0119 zdrowia dla chorych i Bo\u017ce mi\u0142osierdzie dla zmar\u0142ych cz\u0142onk\u00f3w wsp\u00f3lnoty \u017bywego R\u00f3\u017ca\u0144ca<\/p>\n<p><strong><span style=\"color: #008000;\">18.00&nbsp;&nbsp;&nbsp;<\/span><\/strong>&nbsp;&nbsp;&nbsp;&nbsp;&nbsp;&nbsp;&nbsp;&nbsp;&nbsp;&nbsp;&nbsp;&nbsp;&nbsp;&nbsp;&nbsp;&nbsp;&nbsp;&nbsp;&nbsp;&nbsp;&nbsp;&nbsp;&nbsp;&nbsp;&nbsp;&nbsp;&nbsp;&nbsp;&nbsp;&nbsp;&nbsp;&nbsp; \u015ap. Edward KORZENIOWSKI w 24 rocznic\u0119 \u015bmierci<\/p>\n<h5 style=\"text-align: center;\"><strong><span style=\"color: #008000;\">XXIII NIEDZIELA ZWYK\u0141A 07 wrze\u015bnia 2025 \/ \u0141k 14, 25 \u2013 33<\/span><\/strong><\/h5>\n<p><strong><span style=\"color: #008000;\">8.00<\/span><\/strong>&nbsp;&nbsp;&nbsp;&nbsp;&nbsp;&nbsp;&nbsp;&nbsp;&nbsp;&nbsp;&nbsp;&nbsp;&nbsp;&nbsp;&nbsp;&nbsp;&nbsp;&nbsp;&nbsp;&nbsp;&nbsp;&nbsp;&nbsp;&nbsp;&nbsp;&nbsp;&nbsp;&nbsp;&nbsp;&nbsp;&nbsp;&nbsp;&nbsp;&nbsp;&nbsp;&nbsp;&nbsp; Rezerwacja<\/p>\n<p><strong><span style=\"color: #008000;\">8.00&nbsp;&nbsp;<\/span><\/strong>&nbsp;&nbsp;&nbsp;&nbsp;&nbsp;&nbsp;&nbsp;&nbsp;&nbsp;&nbsp;&nbsp;&nbsp;&nbsp;&nbsp;&nbsp;&nbsp;&nbsp;&nbsp;&nbsp;&nbsp;&nbsp;&nbsp;&nbsp;&nbsp;&nbsp;&nbsp;&nbsp;&nbsp;&nbsp;&nbsp;&nbsp;&nbsp;&nbsp;&nbsp;&nbsp; \u015ap. Mariann\u0119 IDZIKOWSK\u0104 \u2013 7 Msza gregoria\u0144ska<\/p>\n<p><strong><span style=\"color: #008000;\">10:00&nbsp;&nbsp;&nbsp;<\/span><\/strong>&nbsp;&nbsp;&nbsp;&nbsp;&nbsp;&nbsp;&nbsp;&nbsp;&nbsp;&nbsp;&nbsp;&nbsp;&nbsp;&nbsp;&nbsp;&nbsp;&nbsp;&nbsp;&nbsp;&nbsp;&nbsp;&nbsp;&nbsp;&nbsp;&nbsp;&nbsp;&nbsp;&nbsp;&nbsp;&nbsp;&nbsp;&nbsp; \u015ap. Franciszka (M) KARA\u0179NIEWICZA w 3 rocznic\u0119 \u015bmierci<\/p>\n<p><strong><span style=\"color: #008000;\">12.00&nbsp;&nbsp;&nbsp;<\/span><\/strong>&nbsp;&nbsp;&nbsp;&nbsp;&nbsp;&nbsp;&nbsp;&nbsp;&nbsp;&nbsp;&nbsp;&nbsp;&nbsp;&nbsp;&nbsp;&nbsp;&nbsp;&nbsp;&nbsp;&nbsp;&nbsp;&nbsp;&nbsp;&nbsp;&nbsp;&nbsp;&nbsp;&nbsp;&nbsp;&nbsp;<span style=\"color: #ff0000;\"><strong>&nbsp;&nbsp; ZA PARAFIAN<\/strong><\/span><\/p>\n<p><strong><span style=\"color: #008000;\">15.00&nbsp;<\/span><\/strong>&nbsp;&nbsp;&nbsp;&nbsp;&nbsp;&nbsp;&nbsp;&nbsp;&nbsp;&nbsp;&nbsp;&nbsp;&nbsp;&nbsp;&nbsp;&nbsp;&nbsp;&nbsp;&nbsp;&nbsp;&nbsp;&nbsp;&nbsp;&nbsp;&nbsp;&nbsp;&nbsp;&nbsp;&nbsp;&nbsp;&nbsp;&nbsp;&nbsp;&nbsp; \u015ap. Jana (M) CHOJNICKIEGO w 2 rocznic\u0119 \u015bmierci<\/p>\n<p><strong><span style=\"color: #008000;\">18.00&nbsp;&nbsp;&nbsp;<\/span><\/strong>&nbsp;&nbsp;&nbsp;&nbsp;&nbsp;&nbsp;&nbsp;&nbsp;&nbsp;&nbsp;&nbsp;&nbsp;&nbsp;&nbsp;&nbsp;&nbsp;&nbsp;&nbsp;&nbsp;&nbsp;&nbsp;&nbsp;&nbsp;&nbsp;&nbsp;&nbsp;&nbsp;&nbsp;&nbsp;&nbsp;&nbsp;&nbsp; \u015ap. Weronik\u0119 \u0141ASKOWSK\u0104 \u2013 intencja od uczestnik\u00f3w pogrzebu<\/p>\n","protected":false},"excerpt":{"rendered":"<p>Religia w szkole: Rozw\u00f3j duchowy i moralny uczni\u00f3w Religia w szkole ma kluczowe znaczenie dla rozwoju duchowego m\u0142odych ludzi. Umo\u017cliwia uczniom g\u0142\u0119bsze zrozumienie wiary chrze\u015bcija\u0144skiej i jej zasad. Zaj\u0119cia te pomagaj\u0105 uczniom kszta\u0142towa\u0107 swoje \u017cycie wed\u0142ug ewangelicznych warto\u015bci, takich jak mi\u0142o\u015b\u0107 bli\u017aniego, uczciwo\u015b\u0107, pok\u00f3j, cierpliwo\u015b\u0107 i przebaczenie. Dzi\u0119ki temu uczniowie mog\u0105 lepiej zrozumie\u0107 moralne aspekty [&hellip;]<\/p>\n","protected":false},"author":1,"featured_media":5865,"comment_status":"closed","ping_status":"closed","sticky":false,"template":"","format":"standard","meta":{"ngg_post_thumbnail":0,"footnotes":""},"categories":[11,8,4,3],"tags":[],"class_list":["post-5862","post","type-post","status-publish","format-standard","has-post-thumbnail","hentry","category-aktualnosci","category-blog","category-intencje","category-ogloszenia"],"_links":{"self":[{"href":"https:\/\/rafalk-elblag.pl\/index.php?rest_route=\/wp\/v2\/posts\/5862","targetHints":{"allow":["GET"]}}],"collection":[{"href":"https:\/\/rafalk-elblag.pl\/index.php?rest_route=\/wp\/v2\/posts"}],"about":[{"href":"https:\/\/rafalk-elblag.pl\/index.php?rest_route=\/wp\/v2\/types\/post"}],"author":[{"embeddable":true,"href":"https:\/\/rafalk-elblag.pl\/index.php?rest_route=\/wp\/v2\/users\/1"}],"replies":[{"embeddable":true,"href":"https:\/\/rafalk-elblag.pl\/index.php?rest_route=%2Fwp%2Fv2%2Fcomments&post=5862"}],"version-history":[{"count":2,"href":"https:\/\/rafalk-elblag.pl\/index.php?rest_route=\/wp\/v2\/posts\/5862\/revisions"}],"predecessor-version":[{"id":5869,"href":"https:\/\/rafalk-elblag.pl\/index.php?rest_route=\/wp\/v2\/posts\/5862\/revisions\/5869"}],"wp:featuredmedia":[{"embeddable":true,"href":"https:\/\/rafalk-elblag.pl\/index.php?rest_route=\/wp\/v2\/media\/5865"}],"wp:attachment":[{"href":"https:\/\/rafalk-elblag.pl\/index.php?rest_route=%2Fwp%2Fv2%2Fmedia&parent=5862"}],"wp:term":[{"taxonomy":"category","embeddable":true,"href":"https:\/\/rafalk-elblag.pl\/index.php?rest_route=%2Fwp%2Fv2%2Fcategories&post=5862"},{"taxonomy":"post_tag","embeddable":true,"href":"https:\/\/rafalk-elblag.pl\/index.php?rest_route=%2Fwp%2Fv2%2Ftags&post=5862"}],"curies":[{"name":"wp","href":"https:\/\/api.w.org\/{rel}","templated":true}]}}