{"id":5830,"date":"2025-08-23T15:41:43","date_gmt":"2025-08-23T15:41:43","guid":{"rendered":"https:\/\/rafalk-elblag.pl\/?p=5830"},"modified":"2025-08-23T15:46:00","modified_gmt":"2025-08-23T15:46:00","slug":"5830","status":"publish","type":"post","link":"https:\/\/rafalk-elblag.pl\/?p=5830","title":{"rendered":"OG\u0141OSZENIA PARAFIALNE\u00a0 24.08.2025 r. XXI NIEDZIELA ZWYK\u0141A"},"content":{"rendered":"<p><img decoding=\"async\" class=\"aligncenter\" src=\"http:\/\/rafalk-elblag.pl\/wp-content\/uploads\/2021\/08\/ogloszenia-parafialne-baner-01a.jpg\" alt=\"Obrazek posiada pusty atrybut alt; plik o nazwie ogloszenia-parafialne-baner-01a.jpg\"><\/p>\n<p><strong>&nbsp;<\/strong><\/p>\n<h5 style=\"text-align: center;\"><span style=\"color: #008000;\"><strong>OG\u0141OSZENIA PARAFIALNE&nbsp; 24.08.2025 r.<\/strong><\/span><\/h5>\n<h5 style=\"text-align: center;\"><span style=\"color: #008000;\"><strong>XXI NIEDZIELA ZWYK\u0141A<\/strong><\/span><\/h5>\n<p><strong>&nbsp;&nbsp;&nbsp;&nbsp;&nbsp;&nbsp;&nbsp;&nbsp;&nbsp;&nbsp;&nbsp;&nbsp;&nbsp;&nbsp;&nbsp;&nbsp;&nbsp;&nbsp;&nbsp;&nbsp;&nbsp;&nbsp;&nbsp;&nbsp;&nbsp;&nbsp;&nbsp;&nbsp;&nbsp;&nbsp;&nbsp;&nbsp;&nbsp;&nbsp;&nbsp;&nbsp;&nbsp;&nbsp;&nbsp;&nbsp;&nbsp;&nbsp;&nbsp;&nbsp;&nbsp;&nbsp;&nbsp;&nbsp;&nbsp;&nbsp;&nbsp;&nbsp;&nbsp;&nbsp;&nbsp;&nbsp;&nbsp;&nbsp;&nbsp;&nbsp;&nbsp;&nbsp;&nbsp;&nbsp;&nbsp;&nbsp;&nbsp;&nbsp;&nbsp;&nbsp;&nbsp;&nbsp;&nbsp; <\/strong><\/p>\n<ol>\n<li><strong><u>SIERPIE\u0143 MIESI\u0104CEM ABSTYNENCJI. <\/u><\/strong><em>Dajmy \u015bwiadectwo poprzez wpisanie swojej decyzji do <strong>PARAFIALNEJ KSI\u0118GI TRZE\u0179WO\u015aCI<\/strong> wy\u0142o\u017conej na stoliku pod ch\u00f3rem przed obrazem Matki Bo\u017cej Nieustaj\u0105cej Pomocy. <\/em><\/li>\n<li>Przed ko\u015bcio\u0142em zbierane s\u0105 ofiary do puszki na utrzymanie naszego <strong>WY\u017bSZEGO SEMINARIUM DUCHOWNEGO<\/strong> w Elbl\u0105gu.<br \/>\n<em>M\u00f3dlmy si\u0119 o nowe powo\u0142ania do kap\u0142a\u0144stwa i \u017cycia zakonnego.<\/em><\/li>\n<\/ol>\n<ol start=\"3\">\n<li>Nasza parafia tradycyjnie organizuje <strong>pielgrzymk\u0119 autokarow\u0105 do SANKTUARIUM MATKI BO\u017bEJ GIETRZWA\u0141DZKIEJ na obchody 148 Rocznicy Objawie\u0144. <\/strong><em>Wyjazd 14 wrze\u015bnia (niedziela) o godz. 7:30. Koszt 50 z\u0142<strong>. <\/strong>Zapisy w zakrystii<strong>. Zapraszamy. <\/strong><\/em><\/li>\n<li><strong>Przypominamy, \u017ce trwa rekrutacja do Seminarium Duchownego w Elbl\u0105gu, a tak\u017ce na studia z teologii, nauk o rodzinie i muzyki sakralnej na Wydziale Teologii <\/strong><strong><br \/>\n<\/strong><strong>w Olsztynie. Studenci \u015bwieccy mog\u0105 teologi\u0119 studiowa\u0107 jako drugi dodatkowy kierunek. <em>Zach\u0119camy! Szczeg\u00f3\u0142y na stronie internetowej diecezji.<\/em><\/strong><\/li>\n<li>W tym tygodniu w liturgii Ko\u015bcio\u0142a wspominamy:<\/li>\n<\/ol>\n<ul>\n<li><span style=\"color: #ff0000;\"><strong><em>we wtorek Uroczysto\u015b\u0107 Naj\u015bwi\u0119tszej Maryi Panny Cz\u0119stochowskiej,<\/em><\/strong><\/span><\/li>\n<li>w \u015brod\u0119 wspomnienie \u015bw. Moniki,<\/li>\n<li>w czwartek wspomnienie \u015bw. Augustyna, biskupa i doktora ko\u015bcio\u0142a,<\/li>\n<li>w pi\u0105tek wspomnienie m\u0119cze\u0144stwa \u015bw. Jana Chrzciciela<\/li>\n<\/ul>\n<p><em><u>Zapraszamy do udzia\u0142u w Mszach \u015bw. o godz. 8:00 lub o godz. 18:00<\/u><\/em><em>.&nbsp; <\/em><\/p>\n<ol start=\"6\">\n<li><strong>Spowied\u017a \u015bwi\u0119ta<\/strong> w tygodniu: rano od godz. 7:45, oraz wieczorem od godz. 17:30 <em>Zapraszamy do korzystania z sakramentu pokuty i pojednania.<\/em><\/li>\n<li><strong>Parafia organizuje w dniach 22 \u2013 29 wrze\u015bnia br. pielgrzymk\u0119 autokarow\u0105 do MEDJUGORIE. <\/strong>Koszt: 890 z\u0142. i 270 euro. Pozosta\u0142y jeszcze 5 miejsc wolnych. Zainteresowanych prosz\u0119 o kontakt z ks. Proboszczem. ZAPRASZAMY.<\/li>\n<li><strong>Zapraszamy ca\u0142\u0105 wsp\u00f3lnot\u0119 parafialn\u0105<\/strong> do udzia\u0142u w zbi\u00f3rce zu\u017cytego sprz\u0119tu elektrycznego i elektronicznego <em>(sprz\u0119t RTV i AGD np. pralki, telewizory, komputery, telefony kom\u00f3rkowe etc.). <\/em><strong><em>Zbi\u00f3rka b\u0119dzie odbywa\u0107 si\u0119 w dniach 8 i 9 wrze\u015bnia 2025 roku. Miejsce zbi\u00f3rki plac ko\u015bcielny przy choince. <\/em><\/strong>Aktywny udzia\u0142 w zbi\u00f3rce to realne dzia\u0142anie na rzecz ochrony \u015brodowiska oraz pomoc dla Polskich Misjonarzy pos\u0142uguj\u0105cych mi\u0119dzy innymi w Boliwii, Ekwadorze, Kamerunie, Peru a tak\u017ce dla naszych rodak\u00f3w, kt\u00f3rzy pozostali na wschodzie.<\/li>\n<li><strong>Centrum Nowej Ewangelizacji zaprasza!<\/strong> <strong>30\u201331 sierpnia 2025 r.<br \/>\n<\/strong><strong>Elbl\u0105g \u2013 Plac Katedralny. <\/strong>Przyjd\u017a i odkryj&nbsp;<strong>Jasn\u0105 Stron\u0119 Miasta<\/strong> \u2013 czas, w kt\u00f3rym chcemy razem do\u015bwiadczy\u0107, \u017ce&nbsp;<strong>Ko\u015bci\u00f3\u0142 katolicki jest \u017cywy!<\/strong>&nbsp;<strong>Szczeg\u00f3\u0142owy program na ulotkach i plakatach.<\/strong> Zach\u0119camy tak\u017ce do wzi\u0119cia&nbsp;<strong>Paszport\u00f3w Pielgrzymkowych<\/strong>&nbsp;i wyruszenia w drog\u0119 wiary \u2013 to wyj\u0105tkowa okazja, by prze\u017cy\u0107&nbsp;<br \/>\n<strong>Rok Jubileuszowy 2025<\/strong>&nbsp;w duchu pielgrzymowania.<\/li>\n<\/ol>\n<ol start=\"10\">\n<li>Zach\u0119cam do nabywania nowego numeru \u201eGo\u015bcia Niedzielnego\u201d <strong>w cenie 10 z\u0142.<br \/>\n<\/strong><strong>z dodatkiem \u201eGo\u015bcia Elbl\u0105skiego\u201d<\/strong>.<\/li>\n<li><strong>Wszystkim parafianom i go\u015bciom <\/strong>\u017cyczymy udanego wypoczynku, b\u0142ogos\u0142awie\u0144stwa Bo\u017cego oraz opieki Matki Bo\u017cej Szkaplerznej.<img decoding=\"async\" class=\"aligncenter\" src=\"http:\/\/rafalk-elblag.pl\/wp-content\/uploads\/2020\/04\/baner-intencje-mszy.jpg\" alt=\"Obrazek posiada pusty atrybut alt; plik o nazwie baner-intencje-mszy.jpg\"><br \/>\n<h5 style=\"text-align: center;\"><span style=\"color: #008000;\">XXI NIEDZIELA ZWYK\u0141A 24 sierpnia 2025 \/&nbsp; \u0141k 13, 22 \u2013 30<\/span><\/h5>\n<p><strong><span style=\"color: #008000;\">8.00<\/span>&nbsp; &nbsp; &nbsp; &nbsp; &nbsp; &nbsp; &nbsp; &nbsp; &nbsp; &nbsp; &nbsp; &nbsp; &nbsp; &nbsp; &nbsp; &nbsp; &nbsp; &nbsp; &nbsp;<\/strong>\u015ap. J\u00f3zefa (M) w 46 rocznic\u0119 \u015bmierci i Krystyn\u0119 BARTO\u015a, Stanis\u0142awa (M) w 4 rocznic\u0119 \u015bmierci i Helen\u0119 CYREK, Jerzego JARGI\u0141O<br \/>\nw 3 rocznic\u0119 \u015bmierci i Beat\u0119 JARGI\u0141O<\/p>\n<p><strong><span style=\"color: #008000;\">10.00&nbsp;<\/span>&nbsp;&nbsp;&nbsp;&nbsp;&nbsp;&nbsp;&nbsp;&nbsp;&nbsp;&nbsp;&nbsp;&nbsp;&nbsp;&nbsp;&nbsp;&nbsp;&nbsp;&nbsp;&nbsp;&nbsp;&nbsp;&nbsp;&nbsp;&nbsp;&nbsp;&nbsp;&nbsp;&nbsp;&nbsp;&nbsp;&nbsp;&nbsp;&nbsp;&nbsp;<\/strong> Dzi\u0119kczynno \u2013 b\u0142agalna o Bo\u017ce b\u0142ogos\u0142awie\u0144stwo i obfite \u0142aski dla Wies\u0142awy (K) i Andrzeja z okazji 45 rocznicy zawarcia&nbsp; sakramentalnego ma\u0142\u017ce\u0144stwa i dla Andrzeja z okazji 70 urodzin<\/p>\n<p><strong><span style=\"color: #008000;\">12.00&nbsp;&nbsp;<\/span><\/strong>&nbsp;&nbsp;&nbsp;&nbsp;&nbsp;&nbsp;&nbsp;&nbsp;&nbsp;&nbsp;&nbsp;&nbsp;&nbsp;&nbsp;&nbsp;&nbsp;&nbsp;&nbsp;&nbsp;&nbsp;&nbsp;&nbsp;&nbsp;&nbsp;&nbsp;&nbsp;&nbsp;&nbsp;&nbsp;&nbsp;&nbsp;&nbsp;&nbsp; Dzi\u0119kczynna w 50 rocznic\u0119 \u015blubu Magdy i Antoniego SZERSZE\u0143 z pro\u015bb\u0105 o Bo\u017ce b\u0142ogos\u0142awie\u0144stwo, opiek\u0119 Matki Bo\u017cej Szkaplerznej&nbsp; &nbsp; dla z\u0142otych Jubilat\u00f3w<\/p>\n<p><strong><span style=\"color: #008000;\">18.00<\/span>&nbsp;&nbsp;&nbsp;&nbsp;&nbsp;&nbsp;<\/strong>&nbsp;&nbsp;&nbsp;&nbsp;&nbsp;&nbsp;&nbsp;&nbsp;&nbsp;&nbsp;&nbsp;&nbsp;&nbsp;&nbsp;&nbsp;&nbsp;&nbsp;&nbsp;&nbsp;&nbsp;&nbsp;&nbsp;&nbsp;&nbsp;&nbsp;&nbsp;&nbsp;&nbsp;&nbsp;<strong> <span style=\"color: #ff0000;\">ZA PARAFIAN<\/span><\/strong><\/p>\n<h5 style=\"text-align: center;\"><span style=\"color: #008000;\">PONIEDZIA\u0141EK \/ 25 sierpnia 2025 \/ Mt&nbsp; 23, 13 \u2013 22<\/span><\/h5>\n<h5 style=\"text-align: center;\"><span style=\"color: #008000;\">\u015aWI\u0118TEGO LUDWIKA, KR\u00d3LA; \u015aWI\u0118TEGO J\u00d3ZEFA KALASANTEGO, PREZBITERA<\/span><\/h5>\n<p><strong><span style=\"color: #008000;\">8.00&nbsp;<\/span>&nbsp;&nbsp;&nbsp;&nbsp;&nbsp;&nbsp;&nbsp;&nbsp;&nbsp;&nbsp;&nbsp;&nbsp;&nbsp;&nbsp;&nbsp;&nbsp;&nbsp;&nbsp;&nbsp;&nbsp;&nbsp;&nbsp;&nbsp;&nbsp;&nbsp;&nbsp;&nbsp;&nbsp;&nbsp;&nbsp;&nbsp;&nbsp;&nbsp;&nbsp;&nbsp;&nbsp;<\/strong> Dzi\u0119kczynna w 7 rocznic\u0119 \u015blubu Martyny i Bogdana SOWIJAK\u00d3W z pro\u015bb\u0105 o Bo\u017ce b\u0142ogos\u0142awie\u0144stwo, potrzebne \u0142aski<br \/>\ni dary Ducha \u015awi\u0119tego<\/p>\n<p><strong><span style=\"color: #008000;\">18.00&nbsp;&nbsp;&nbsp;&nbsp;&nbsp;<\/span>&nbsp;&nbsp;&nbsp;&nbsp;&nbsp;&nbsp;&nbsp;&nbsp;&nbsp;&nbsp;&nbsp;&nbsp;&nbsp;&nbsp;&nbsp;&nbsp;&nbsp;&nbsp;&nbsp;&nbsp;&nbsp;&nbsp;&nbsp;&nbsp;&nbsp;&nbsp;&nbsp;&nbsp;&nbsp;&nbsp;<\/strong> \u015ap. Helen\u0119 BOREJKO w 30 dniu po pogrzebie<\/p>\n<p><strong><span style=\"color: #008000;\">18:00<\/span><\/strong>&nbsp;&nbsp;&nbsp;&nbsp;&nbsp;&nbsp;&nbsp;&nbsp;&nbsp;&nbsp;&nbsp;&nbsp;&nbsp;&nbsp;&nbsp;&nbsp;&nbsp;&nbsp;&nbsp;&nbsp;&nbsp;&nbsp;&nbsp;&nbsp;&nbsp;&nbsp;&nbsp;&nbsp;&nbsp;&nbsp;&nbsp;&nbsp;&nbsp;&nbsp;&nbsp; \u015ap. Tadeusza PIPCZY\u0143SKIEGO w 5 rocznic\u0119 \u015bmierci i zmar\u0142ych z rodziny<\/p>\n<h5 style=\"text-align: center;\"><span style=\"color: #ff0000;\">WTOREK&nbsp; \/ 26 sierpnia 2025\/&nbsp;&nbsp; J 2, 1 \u2013 11<\/span><\/h5>\n<h5 style=\"text-align: center;\"><span style=\"color: #ff0000;\">NAJ\u015aWI\u0118TRZEJ MARYII PANNY CZ\u0118STOCHOWSKIEJ, UROCZYSTO\u015a\u0106<\/span><\/h5>\n<p><strong><span style=\"color: #339966;\">8.00<\/span>&nbsp;&nbsp;&nbsp;&nbsp;&nbsp;&nbsp;&nbsp;&nbsp;&nbsp;&nbsp;&nbsp;&nbsp;&nbsp;&nbsp;&nbsp;&nbsp;&nbsp;&nbsp;&nbsp;&nbsp;&nbsp;&nbsp;&nbsp;&nbsp;&nbsp;&nbsp;&nbsp;&nbsp;&nbsp;&nbsp;&nbsp;&nbsp;&nbsp;&nbsp;&nbsp;&nbsp;&nbsp;<\/strong> \u015ap. J\u00f3zefa (M) CZESZEJKO -SOCHACKIEGO, Ignacego CZESZEJKO -SOCHACKIEGO<\/p>\n<p><strong><span style=\"color: #339966;\">18.00&nbsp;&nbsp;&nbsp;&nbsp;&nbsp;&nbsp;&nbsp;&nbsp;&nbsp;&nbsp;&nbsp;&nbsp;&nbsp;&nbsp;&nbsp;&nbsp;&nbsp;&nbsp;&nbsp;&nbsp;&nbsp;&nbsp;&nbsp;&nbsp;&nbsp;&nbsp;&nbsp;&nbsp;&nbsp;&nbsp;&nbsp;&nbsp;&nbsp;&nbsp;&nbsp;<\/span> <\/strong>\u015aP. Albin\u0119 (K) i Tadeusza LESZCZY\u0143SKICH, Jana (M) PRZEWORSKIEGO<\/p>\n<h5 style=\"text-align: center;\"><span style=\"color: #339966;\">\u015aRODA \/ 27 sierpnia 2025 \/ Mt 23, 27 \u2013 32<\/span><\/h5>\n<h5 style=\"text-align: center;\"><span style=\"color: #339966;\">\u015aWI\u0118TEJ MONIKI, WSPOMNIENIE<\/span><\/h5>\n<p><span style=\"color: #339966;\"><strong>8.00<\/strong>&nbsp;&nbsp;&nbsp;&nbsp;&nbsp;&nbsp;&nbsp;&nbsp;&nbsp;&nbsp;&nbsp;&nbsp;&nbsp;&nbsp;&nbsp;&nbsp;&nbsp;&nbsp;&nbsp;&nbsp;&nbsp;&nbsp;&nbsp;&nbsp;&nbsp;&nbsp;&nbsp;&nbsp;&nbsp;&nbsp;&nbsp;&nbsp;&nbsp;&nbsp;&nbsp;&nbsp;&nbsp;<\/span> \u015ap. Stanis\u0142awa (M) RASZEWSKIEGO w 15 rocznic\u0119 \u015bmierci i zmar\u0142ych z rodziny<\/p>\n<p><strong><span style=\"color: #339966;\">18.00&nbsp;&nbsp;&nbsp;&nbsp;&nbsp;&nbsp;&nbsp;&nbsp;&nbsp;&nbsp;&nbsp;&nbsp;&nbsp;&nbsp;&nbsp;&nbsp;&nbsp;&nbsp;&nbsp;&nbsp;&nbsp;&nbsp;&nbsp;&nbsp;&nbsp;&nbsp;&nbsp;&nbsp;&nbsp;&nbsp;&nbsp;&nbsp;&nbsp;&nbsp;&nbsp;<\/span> <\/strong>\u015ap. Bo\u017cen\u0119 WALCZAK w 1 rocznic\u0119 \u015bmierci<\/p>\n<h5 style=\"text-align: center;\"><span style=\"color: #339966;\">CZWARTEK&nbsp; \/ 28 sierpnia 2025 \/ Mt 24, 42 \u2013 51<\/span><\/h5>\n<h5 style=\"text-align: center;\"><span style=\"color: #339966;\">\u015aWI\u0118TEGO AUGUSTYNA, BISKUPA I DOKTORA KO\u015aCIO\u0141A<\/span><\/h5>\n<p><span style=\"color: #339966;\"><strong>8.00&nbsp;&nbsp;&nbsp;&nbsp;&nbsp;&nbsp;&nbsp;&nbsp;&nbsp;&nbsp;&nbsp;&nbsp;&nbsp;&nbsp;&nbsp;&nbsp;&nbsp;&nbsp;&nbsp;&nbsp;&nbsp;&nbsp;&nbsp;&nbsp;&nbsp;&nbsp;&nbsp;&nbsp;&nbsp;&nbsp;&nbsp;&nbsp;&nbsp;&nbsp;&nbsp;&nbsp;&nbsp;<\/strong> <\/span>\u015ap. Stanis\u0142awa (M) PODG\u00d3RSKIEGO w 24 rocznic\u0119 \u015bmierci i zmar\u0142ych rodzic\u00f3w z obojga stron<\/p>\n<p><strong><span style=\"color: #339966;\">18.00&nbsp;&nbsp;&nbsp;&nbsp;&nbsp;&nbsp;&nbsp;&nbsp;&nbsp;&nbsp;&nbsp;&nbsp;&nbsp;&nbsp;&nbsp;&nbsp;&nbsp;&nbsp;&nbsp;&nbsp;&nbsp;&nbsp;&nbsp;&nbsp;&nbsp;&nbsp;&nbsp;&nbsp;&nbsp;&nbsp;&nbsp;&nbsp;&nbsp;&nbsp;&nbsp;<\/span> <\/strong>\u015ap. Ann\u0119, Danut\u0119, Kazimierza i Jerzego z rodziny G\u00d3RNOWICZ<\/p>\n<p><span style=\"color: #339966;\"><strong>18:00&nbsp;&nbsp;&nbsp;&nbsp;&nbsp;&nbsp;&nbsp;&nbsp;&nbsp;&nbsp;&nbsp;&nbsp;&nbsp;&nbsp;&nbsp;&nbsp;&nbsp;&nbsp;&nbsp;&nbsp;&nbsp;&nbsp;&nbsp;&nbsp;&nbsp;&nbsp;&nbsp;&nbsp;&nbsp;&nbsp;&nbsp;&nbsp;&nbsp;&nbsp;&nbsp; <\/strong><span style=\"color: #000000;\">\u015ap. Zofi\u0119 ZDANOWICZ w 2 rocznic\u0119 \u015bmierci<\/span><\/span><\/p>\n<h5 style=\"text-align: center;\"><span style=\"color: #0000ff;\">ADORACJA NAJ\u015aWI\u0118TSZEGO SAKRAMENTU do godz. 20:00<\/span><\/h5>\n<h5 style=\"text-align: center;\"><span style=\"color: #008000;\">PI\u0104TEK \/ 29 sierpnia 2025 \/ Mk 6, 17 \u2013 29<\/span><\/h5>\n<h5 style=\"text-align: center;\"><span style=\"color: #008000;\">M\u0118CZE\u0143STWO \u015aWI\u0118TEGO JANA CHRZCICIELA, WSPOMNIENIE<\/span><\/h5>\n<p><strong><span style=\"color: #008000;\">8.00&nbsp;&nbsp;&nbsp;&nbsp;&nbsp;&nbsp;&nbsp;&nbsp;&nbsp;&nbsp;&nbsp;&nbsp;&nbsp;&nbsp;&nbsp;&nbsp;&nbsp;&nbsp;&nbsp;&nbsp;&nbsp;&nbsp;&nbsp;&nbsp;&nbsp;&nbsp;&nbsp;&nbsp;&nbsp;&nbsp;&nbsp;&nbsp;&nbsp;&nbsp;&nbsp;&nbsp;&nbsp;<\/span> <\/strong>O zdrowie dla Janiny ENGEL oraz o potrzebne \u0142aski i si\u0142y w chorobie<\/p>\n<p><strong><span style=\"color: #008000;\">18:00&nbsp;&nbsp;&nbsp;&nbsp;&nbsp;&nbsp;<\/span><\/strong>&nbsp;&nbsp;&nbsp;&nbsp;&nbsp;&nbsp;&nbsp;&nbsp;&nbsp;&nbsp;&nbsp;&nbsp;&nbsp;&nbsp;&nbsp;&nbsp;&nbsp;&nbsp;&nbsp;&nbsp;&nbsp;&nbsp;&nbsp;&nbsp;&nbsp;&nbsp;&nbsp;&nbsp;&nbsp; \u015ap. Krzysztofa KOSIDOWSKIEGO \u2013 intencja od uczestnik\u00f3w pogrzebu<\/p>\n<h5 style=\"text-align: center;\"><span style=\"color: #008000;\">SOBOTA \/ 30 sierpnia 2025 \/ Mt 25, 14 \u2013 30<\/span><\/h5>\n<h5 style=\"text-align: center;\"><span style=\"color: #008000;\">WSPOMNIENIE \u015aWI\u0118TEJ R\u00d3\u017bY Z LIMY, DZIEWICY<\/span><\/h5>\n<p><strong><span style=\"color: #008000;\">8.00&nbsp;&nbsp;&nbsp;&nbsp;&nbsp;&nbsp;&nbsp;<\/span><\/strong>&nbsp;&nbsp;&nbsp;&nbsp;&nbsp;&nbsp;&nbsp;&nbsp;&nbsp;&nbsp;&nbsp;&nbsp;&nbsp;&nbsp;&nbsp;&nbsp;&nbsp;&nbsp;&nbsp;&nbsp;&nbsp;&nbsp;&nbsp;&nbsp;&nbsp;&nbsp;&nbsp;&nbsp;&nbsp;&nbsp; O Bo\u017ce b\u0142ogos\u0142awie\u0144stwo opiek\u0119 Matki Bo\u017cej Szkaplerznej dla nowo ochrzczonego Jasia, by jego dalsza droga w wierze nape\u0142niona by\u0142a ufno\u015bci\u0105 w Mi\u0142osierdzie Bo\u017ce, a jego czyny nape\u0142ni\u0142y si\u0119 mi\u0142o\u015bci\u0105 do bli\u017anich<\/p>\n<p><span style=\"color: #008000;\"><strong>18:00&nbsp;&nbsp;<\/strong><\/span>&nbsp;&nbsp;&nbsp;&nbsp;&nbsp;&nbsp;&nbsp;&nbsp;&nbsp;&nbsp;&nbsp;&nbsp;&nbsp;&nbsp;&nbsp;&nbsp;&nbsp;&nbsp;&nbsp;&nbsp;&nbsp;&nbsp;&nbsp;&nbsp;&nbsp;&nbsp;&nbsp;&nbsp;&nbsp;&nbsp;&nbsp;&nbsp;&nbsp; \u015ap. Barbar\u0119 KWIATKOWSK\u0104 w 30 dniu po pogrzebie<\/p>\n<p><span style=\"color: #008000;\"><strong>18.00<\/strong><\/span>&nbsp;&nbsp;&nbsp;&nbsp;&nbsp;&nbsp;&nbsp;&nbsp;&nbsp;&nbsp;&nbsp;&nbsp;&nbsp;&nbsp;&nbsp;&nbsp;&nbsp;&nbsp;&nbsp;&nbsp;&nbsp;&nbsp;&nbsp;&nbsp;&nbsp;&nbsp;&nbsp;&nbsp;&nbsp;&nbsp;&nbsp;&nbsp;&nbsp;&nbsp;&nbsp; \u015ap. Kazimierza, Jadwig\u0119 i Norberta<\/p>\n<h5 style=\"text-align: center;\"><span style=\"color: #008000;\"><strong>XXII NIEDZIELA ZWYK\u0141A 31 sierpnia 2025 \/ \u0141k 14, 1. 7 \u2013 14<\/strong><\/span><\/h5>\n<p><strong><span style=\"color: #008000;\">8.00&nbsp;&nbsp;<\/span><\/strong>&nbsp;&nbsp;&nbsp;&nbsp;&nbsp;&nbsp;&nbsp;&nbsp;&nbsp;&nbsp;&nbsp;&nbsp;&nbsp;&nbsp;&nbsp;&nbsp;&nbsp;&nbsp;&nbsp;&nbsp;&nbsp;&nbsp;&nbsp;&nbsp;&nbsp;&nbsp;&nbsp;&nbsp;&nbsp;&nbsp;&nbsp;&nbsp;&nbsp;&nbsp;&nbsp; Dzi\u0119kczynna w 87 rocznic\u0119 urodzin Marianny z pro\u015bb\u0105 o dary Ducha \u015awi\u0119tego i opiek\u0119 Matki Bo\u017cej dla Ewy, Krzysztofa, Emila (M)<br \/>\ni Micha\u0142a<\/p>\n<p><strong><span style=\"color: #008000;\">10.00&nbsp;&nbsp;<\/span><\/strong>&nbsp;&nbsp;&nbsp;&nbsp;&nbsp;&nbsp;&nbsp;&nbsp;&nbsp;&nbsp;&nbsp;&nbsp;&nbsp;&nbsp;&nbsp;&nbsp;&nbsp;&nbsp;&nbsp;&nbsp;&nbsp;&nbsp;&nbsp;&nbsp;&nbsp;&nbsp;&nbsp;&nbsp;&nbsp;&nbsp;&nbsp;&nbsp;&nbsp; \u015ap. Stefani\u0119 i W\u0142adys\u0142awa (M) BAJSON i zmar\u0142ych z rodziny<\/p>\n<p><strong><span style=\"color: #008000;\">10:00&nbsp;&nbsp;&nbsp;&nbsp;&nbsp;&nbsp;&nbsp;&nbsp;&nbsp;<\/span><\/strong>&nbsp;&nbsp;&nbsp;&nbsp;&nbsp;&nbsp;&nbsp;&nbsp;&nbsp;&nbsp;&nbsp;&nbsp;&nbsp;&nbsp;&nbsp;&nbsp;&nbsp;&nbsp;&nbsp;&nbsp;&nbsp;&nbsp;&nbsp;&nbsp;&nbsp;&nbsp; \u015ap. Bogus\u0142awa (M) GROMADZKIEGO w 30 dniu po pogrzebie<\/p>\n<p><strong><span style=\"color: #008000;\">12.00&nbsp;&nbsp;&nbsp;&nbsp;&nbsp;&nbsp;&nbsp;&nbsp;&nbsp;<\/span><\/strong>&nbsp;&nbsp;&nbsp;&nbsp;&nbsp;&nbsp;&nbsp;&nbsp;&nbsp;&nbsp;&nbsp;&nbsp;&nbsp;&nbsp;&nbsp;&nbsp;&nbsp;&nbsp;&nbsp;&nbsp;&nbsp;&nbsp;&nbsp;&nbsp;&nbsp;<strong><span style=\"color: #ff0000;\">&nbsp; ZA PARAFIAN<\/span><\/strong><\/p>\n<p><strong><span style=\"color: #008000;\">12:00&nbsp;&nbsp;<\/span><\/strong> &nbsp;&nbsp;&nbsp;&nbsp;&nbsp;&nbsp;&nbsp;&nbsp;&nbsp;&nbsp;&nbsp;&nbsp;&nbsp;&nbsp;&nbsp;&nbsp;&nbsp;&nbsp;&nbsp;&nbsp;&nbsp;&nbsp;&nbsp;&nbsp;&nbsp;&nbsp;&nbsp;&nbsp;&nbsp;&nbsp;&nbsp;&nbsp; O Bo\u017ce b\u0142ogos\u0142awie\u0144stwo, opiek\u0119 Matki Bo\u017cej Szkaplerznej, \u0142ask\u0119 zdrowia dla S\u0142awomiry (K) i J\u00f3zefa (M) G\u00d3RA w 45 rocznic\u0119 \u015blubu dla Jubilat\u00f3w i ich rodziny, dzieci i wnuk\u00f3w<\/p>\n<p><strong><span style=\"color: #008000;\">18.00&nbsp;&nbsp;<\/span><\/strong>&nbsp;&nbsp;&nbsp;&nbsp;&nbsp;&nbsp;&nbsp;&nbsp;&nbsp;&nbsp;&nbsp;&nbsp;&nbsp;&nbsp;&nbsp;&nbsp;&nbsp;&nbsp;&nbsp;&nbsp;&nbsp;&nbsp;&nbsp;&nbsp;&nbsp;&nbsp;&nbsp;&nbsp;&nbsp;&nbsp;&nbsp;&nbsp;&nbsp; \u015ap. Ann\u0119 DARCZUK&nbsp; w 5 rocznic\u0119 \u015bmierci i Piotra DARCZUK<\/li>\n<\/ol>\n","protected":false},"excerpt":{"rendered":"<p>&nbsp; OG\u0141OSZENIA PARAFIALNE&nbsp; 24.08.2025 r. XXI NIEDZIELA ZWYK\u0141A &nbsp;&nbsp;&nbsp;&nbsp;&nbsp;&nbsp;&nbsp;&nbsp;&nbsp;&nbsp;&nbsp;&nbsp;&nbsp;&nbsp;&nbsp;&nbsp;&nbsp;&nbsp;&nbsp;&nbsp;&nbsp;&nbsp;&nbsp;&nbsp;&nbsp;&nbsp;&nbsp;&nbsp;&nbsp;&nbsp;&nbsp;&nbsp;&nbsp;&nbsp;&nbsp;&nbsp;&nbsp;&nbsp;&nbsp;&nbsp;&nbsp;&nbsp;&nbsp;&nbsp;&nbsp;&nbsp;&nbsp;&nbsp;&nbsp;&nbsp;&nbsp;&nbsp;&nbsp;&nbsp;&nbsp;&nbsp;&nbsp;&nbsp;&nbsp;&nbsp;&nbsp;&nbsp;&nbsp;&nbsp;&nbsp;&nbsp;&nbsp;&nbsp;&nbsp;&nbsp;&nbsp;&nbsp;&nbsp; SIERPIE\u0143 MIESI\u0104CEM ABSTYNENCJI. Dajmy \u015bwiadectwo poprzez wpisanie swojej decyzji do PARAFIALNEJ KSI\u0118GI TRZE\u0179WO\u015aCI wy\u0142o\u017conej na stoliku pod ch\u00f3rem przed obrazem Matki Bo\u017cej Nieustaj\u0105cej Pomocy. Przed ko\u015bcio\u0142em zbierane s\u0105 ofiary do puszki na utrzymanie naszego WY\u017bSZEGO SEMINARIUM DUCHOWNEGO w Elbl\u0105gu. M\u00f3dlmy si\u0119 o nowe powo\u0142ania do kap\u0142a\u0144stwa [&hellip;]<\/p>\n","protected":false},"author":1,"featured_media":5833,"comment_status":"closed","ping_status":"closed","sticky":false,"template":"","format":"standard","meta":{"ngg_post_thumbnail":0,"footnotes":""},"categories":[11,8,4,3],"tags":[],"class_list":["post-5830","post","type-post","status-publish","format-standard","has-post-thumbnail","hentry","category-aktualnosci","category-blog","category-intencje","category-ogloszenia"],"_links":{"self":[{"href":"https:\/\/rafalk-elblag.pl\/index.php?rest_route=\/wp\/v2\/posts\/5830","targetHints":{"allow":["GET"]}}],"collection":[{"href":"https:\/\/rafalk-elblag.pl\/index.php?rest_route=\/wp\/v2\/posts"}],"about":[{"href":"https:\/\/rafalk-elblag.pl\/index.php?rest_route=\/wp\/v2\/types\/post"}],"author":[{"embeddable":true,"href":"https:\/\/rafalk-elblag.pl\/index.php?rest_route=\/wp\/v2\/users\/1"}],"replies":[{"embeddable":true,"href":"https:\/\/rafalk-elblag.pl\/index.php?rest_route=%2Fwp%2Fv2%2Fcomments&post=5830"}],"version-history":[{"count":2,"href":"https:\/\/rafalk-elblag.pl\/index.php?rest_route=\/wp\/v2\/posts\/5830\/revisions"}],"predecessor-version":[{"id":5832,"href":"https:\/\/rafalk-elblag.pl\/index.php?rest_route=\/wp\/v2\/posts\/5830\/revisions\/5832"}],"wp:featuredmedia":[{"embeddable":true,"href":"https:\/\/rafalk-elblag.pl\/index.php?rest_route=\/wp\/v2\/media\/5833"}],"wp:attachment":[{"href":"https:\/\/rafalk-elblag.pl\/index.php?rest_route=%2Fwp%2Fv2%2Fmedia&parent=5830"}],"wp:term":[{"taxonomy":"category","embeddable":true,"href":"https:\/\/rafalk-elblag.pl\/index.php?rest_route=%2Fwp%2Fv2%2Fcategories&post=5830"},{"taxonomy":"post_tag","embeddable":true,"href":"https:\/\/rafalk-elblag.pl\/index.php?rest_route=%2Fwp%2Fv2%2Ftags&post=5830"}],"curies":[{"name":"wp","href":"https:\/\/api.w.org\/{rel}","templated":true}]}}