{"id":5803,"date":"2025-08-16T23:27:11","date_gmt":"2025-08-16T23:27:11","guid":{"rendered":"https:\/\/rafalk-elblag.pl\/?p=5803"},"modified":"2025-08-17T00:09:22","modified_gmt":"2025-08-17T00:09:22","slug":"5803","status":"publish","type":"post","link":"https:\/\/rafalk-elblag.pl\/?p=5803","title":{"rendered":"OG\u0141OSZENIA PARAFIALNE\u00a0 17.08.2025 r. XX NIEDZIELA ZWYK\u0141A"},"content":{"rendered":"<p><img decoding=\"async\" class=\"aligncenter\" src=\"http:\/\/rafalk-elblag.pl\/wp-content\/uploads\/2021\/08\/ogloszenia-parafialne-baner-01a.jpg\" alt=\"Obrazek posiada pusty atrybut alt; plik o nazwie ogloszenia-parafialne-baner-01a.jpg\"><\/p>\n<h5 style=\"text-align: center;\"><span style=\"color: #339966;\"><strong>OG\u0141OSZENIA PARAFIALNE&nbsp; 17.08.2025 r.<\/strong><\/span><\/h5>\n<h5 style=\"text-align: center;\"><span style=\"color: #339966;\"><strong>XX NIEDZIELA ZWYK\u0141A<\/strong><\/span><\/h5>\n<ol>\n<li><strong>Dzisiaj w kalendarzu liturgicznym wspomnienie \u015bw. Jacka Odrow\u0105\u017ca &#8211; kap\u0142ana<br \/>\ni dominikanina. Jest to tak\u017ce dzie\u0144 imienin Jego Ekscelencji ks. dr Jacka Jezierskiego \u2013 Biskupa Elbl\u0105skiego. <em>Pami\u0119tajmy w modlitwie o czcigodnym Solenizancie.<\/em><\/strong><\/li>\n<li><strong><u>SIERPIE\u0143 MIESI\u0104CEM ABSTYNENCJI.<\/u><\/strong> Przez pami\u0119\u0107 o wielkich dzie\u0142ach, kt\u00f3re B\u00f3g dokona\u0142 w naszym narodzie w tym miesi\u0105cu, a tak\u017ce odpowiadaj\u0105c na Apel Ko\u015bcio\u0142a, powstrzymajmy si\u0119 od spo\u017cywania napoj\u00f3w alkoholowych. <em>Wa\u017cne te\u017c jest<strong>, <\/strong>aby\u015bmy na nowo odkryli warto\u015b\u0107 okresowych lub sta\u0142ych przyrzecze\u0144 abstynenckich. Dajmy \u015bwiadectwo poprzez wpisanie swojej decyzji do <strong>PARAFIALNEJ KSI\u0118GI TRZE\u0179WO\u015aCI<\/strong> wy\u0142o\u017conej na stoliku pod ch\u00f3rem przed obrazem Matki Bo\u017cej Nieustaj\u0105cej Pomocy. <\/em><\/li>\n<li><strong>Przy naszej parafii dzia\u0142a grupa rodzinna Al-Anon (\u201e\u015amieszki\u201d), <\/strong>kt\u00f3ra zaprasza zainteresowanych problemem nadu\u017cywania alkoholu bliskiej osoby. <em>Grupa spotyka si\u0119 w ka\u017cdy czwartek na plebanii o godz. 17:00 (wej\u015bcie od szczytu plebanii), natomiast<br \/>\nw pierwsze czwartki miesi\u0105ca jest spotkanie otwarte dla zainteresowanych t\u0105 wsp\u00f3lnot\u0105. <\/em><\/li>\n<li><strong>W dniach 10-14 wrze\u015bnia br. odb\u0119dzie si\u0119 XI \u017bU\u0141AWSKA PIELGRZYMKA PIESZA od uj\u015bcia Wis\u0142y do Gietrzwa\u0142du. Do udzia\u0142u w pielgrzymowaniu zach\u0119ca dyrektor pielgrzymki ks. Marek Witkowski. Szczeg\u00f3\u0142owe informacje w <\/strong><strong>Internecie<\/strong><strong>. <\/strong><\/li>\n<li>Nasza parafia tradycyjnie organizuje <strong>pielgrzymk\u0119 autokarow\u0105 do SANKTUARIUM MATKI BO\u017bEJ GIETRZWA\u0141DZKIEJ na obchody 148 Rocznicy Objawie\u0144. <\/strong><em>Wyjazd 14 wrze\u015bnia (niedziela) o godz. 7:30. Koszt 50 z\u0142<strong>. <\/strong>Zapisy w zakrystii<strong>. Zapraszamy. <\/strong><\/em><\/li>\n<li><strong>Przypominamy, \u017ce trwa rekrutacja do Seminarium Duchownego w Elbl\u0105gu, a tak\u017ce na studia z teologii, nauk o rodzinie i muzyki sakralnej na Wydziale Teologii <\/strong><strong><br \/>\n<\/strong><strong>w Olsztynie. Studenci \u015bwieccy mog\u0105 teologi\u0119 studiowa\u0107 jako drugi dodatkowy kierunek. <em>Zach\u0119camy! Szczeg\u00f3\u0142y na stronie internetowej diecezji.<\/em><\/strong><\/li>\n<li>W niedziel\u0119 24 sierpnia br. b\u0119d\u0105 zbierane ofiary do puszek na utrzymanie naszego <strong>WY\u017bSZEGO SEMINARIUM DUCHOWNEGO<\/strong> w Elbl\u0105gu. <em>M\u00f3dlmy si\u0119 o nowe powo\u0142ania do kap\u0142a\u0144stwa i \u017cycia zakonnego. <\/em><\/li>\n<li>W tym tygodniu w liturgii Ko\u015bcio\u0142a wspominamy:<\/li>\n<\/ol>\n<ul>\n<li>w \u015brod\u0119<strong> wspomnienie \u015bw. Bernarda, opata i doktora ko\u015bcio\u0142a,<\/strong><\/li>\n<li>w czwartek<strong> wspomnienie \u015bw. Piusa X, papie\u017ca.<\/strong><\/li>\n<li>w pi\u0105tek<strong> wspomnienie Naj\u015bwi\u0119tszej Maryi Panny Kr\u00f3lowej.<\/strong><\/li>\n<\/ul>\n<p><em><u>Zapraszamy do udzia\u0142u w Mszach \u015bw. o godz. 8:00 lub o godz. 18:00<\/u><\/em><em>.&nbsp; <\/em><\/p>\n<ol start=\"9\">\n<li><strong>Spowied\u017a \u015bwi\u0119ta<\/strong> w tygodniu: rano od godz. 7:45, oraz wieczorem od godz. 17:30 <em>Zapraszamy do korzystania z sakramentu pokuty i pojednania.<\/em><\/li>\n<li><strong>Kancelaria parafialna, <\/strong>przez okres wakacji, czynna jest <u>w \u015brody i pi\u0105tki po Mszy \u015bw. wieczornej do godziny 19:30.<\/u><\/li>\n<li>Zach\u0119cam do nabywania nowego numeru \u201eGo\u015bcia Niedzielnego\u201d <strong>w cenie 10 z\u0142.<br \/>\n<\/strong><strong>z dodatkiem \u201eGo\u015bcia Elbl\u0105skiego\u201d<\/strong>.<\/li>\n<li><strong>Wszystkim parafianom i go\u015bciom <\/strong>\u017cyczymy udanego wypoczynku, b\u0142ogos\u0142awie\u0144stwa Bo\u017cego oraz opieki Matki Bo\u017cej Szkaplerznej.<\/li>\n<li>Pan powo\u0142a\u0142 do wieczno\u015bci:<\/li>\n<\/ol>\n<p>\u015bp. Monik\u0119 MA\u0143SK\u0104 lat 45 z ul. Pionierskiej<\/p>\n<p>&nbsp;\u015bp. Krystyn\u0119 \u017bMIJEWSK\u0104 lat 101 z ul. Broniewskiego<\/p>\n<p><img decoding=\"async\" class=\"aligncenter\" src=\"http:\/\/rafalk-elblag.pl\/wp-content\/uploads\/2020\/04\/baner-intencje-mszy.jpg\" alt=\"Obrazek posiada pusty atrybut alt; plik o nazwie baner-intencje-mszy.jpg\"><\/p>\n<h5 style=\"text-align: center;\"><span style=\"color: #339966;\">XX NIEDZIELA ZWYK\u0141A 17 sierpnia 2025 \/ \u0141k 12, 49 &#8211; 53<\/span><\/h5>\n<p>8.00&nbsp;&nbsp;&nbsp;&nbsp;&nbsp;&nbsp; \u015ap. Eugeniusza (M) MOTYL w 1 rocznic\u0119 \u015bmierci<\/p>\n<p>10.00&nbsp;&nbsp;&nbsp;&nbsp; \u015ap. Bronis\u0142aw\u0119 (K), Stanis\u0142awa (M) ZASKALSKICH, Stanis\u0142aw\u0119 (K), Wilhelma, Henryka (M) GLI\u0143SKICH<\/p>\n<p>12.00&nbsp;&nbsp;&nbsp;&nbsp; Dzi\u0119kczynna w 50 rocznic\u0119 \u015blubu Haliny i Zdzis\u0142awa (M) BEREDA z pro\u015bb\u0105 o Bo\u017ce b\u0142ogos\u0142awie\u0144stwo i potrzebne \u0142aski dla Jubilat\u00f3w<\/p>\n<p>18.00&nbsp;&nbsp;&nbsp;&nbsp; Dzi\u0119kczynno &#8211; b\u0142agalna z okazji 75 urodzin Miros\u0142awa (M) Wi\u015bniewskiego z pro\u015bb\u0105 o Bo\u017ce b\u0142ogos\u0142awie\u0144stwo, opiek\u0119 Matki Bo\u017cej i \u015bwi\u0119tych patron\u00f3w dla ca\u0142ej rodziny<\/p>\n<h5 style=\"text-align: center;\"><span style=\"color: #339966;\">PONIEDZIA\u0141EK \/ 18 sierpnia 2025 \/ Mt&nbsp; 19, 16 &#8211; 22<\/span><\/h5>\n<p>8.00&nbsp;&nbsp;&nbsp;&nbsp;&nbsp;&nbsp; \u015ap. Henryka (M) \u015aLED\u0179 w 32 rocznic\u0119 \u015bmierci i zmarli z rodzin: \u015aLED\u0179, MODZELEWSKICH I ZAJ\u0104C<\/p>\n<p>18.00&nbsp;&nbsp;&nbsp;&nbsp; \u015ap. Franciszka (M), Mieczys\u0142aw\u0119 (K), Bernarda KUCA oraz Ew\u0119 GORY\u0143SK\u0104 i zmarli z rodziny GORY\u0143SKICH<\/p>\n<h5 style=\"text-align: center;\"><span style=\"color: #339966;\">WTOREK&nbsp; \/ 19 sierpnia 2025\/&nbsp;&nbsp; Mt 19, 23 -30<\/span><\/h5>\n<h5 style=\"text-align: center;\"><span style=\"color: #339966;\">WSPOMNIENIE \u015aWI\u0118TEGO JANA EUDESA, PREZBITERA<\/span><\/h5>\n<p>8.00&nbsp;&nbsp;&nbsp;&nbsp;&nbsp;&nbsp; Dzi\u0119kczynna w 30 rocznic\u0119 \u015blubu Ma\u0142gorzaty i Rafa\u0142a SADOWYCH z pro\u015bb\u0105 o Bo\u017ce b\u0142ogos\u0142awie\u0144stwo, opiek\u0119 Matki Bo\u017cej Szkaplerznej dla per\u0142owych Jubilat\u00f3w<\/p>\n<p>18.00&nbsp;&nbsp;&nbsp;&nbsp; \u015ap. Krzysztofa KOSIDOWSKIEGO \u2013 intencja od uczestnik\u00f3w pogrzebu<\/p>\n<h5 style=\"text-align: center;\"><span style=\"color: #339966;\">\u015aRODA \/ 20 sierpnia 2025 \/ Mt 20, 1 \u2013 16<\/span><\/h5>\n<h5 style=\"text-align: center;\"><span style=\"color: #339966;\">WSPOMNIENIE \u015aWI\u0118TEGO BERNARDA, OPATA I DOKTORA KO\u015aCIO\u0141A<\/span><\/h5>\n<p>8.00&nbsp;&nbsp;&nbsp;&nbsp;&nbsp;&nbsp; \u015ap. Rajmunda DULJAN w 4 rocznic\u0119 \u015bmierci<\/p>\n<p>18.00&nbsp;&nbsp;&nbsp;&nbsp; O zdrowie dla Anity i Henryka (M), Bartka i Arka z rodziny GLI\u0143SKICH<\/p>\n<h5 style=\"text-align: center;\"><span style=\"color: #339966;\">CZWARTEK&nbsp; \/ 21 sierpnia 2025 \/ Mt 22, 1 \u2013 14<\/span><\/h5>\n<h5 style=\"text-align: center;\"><span style=\"color: #339966;\">WSPOMNIENIE \u015aWI\u0118TEGO PIUSA X, PAPIE\u017bA<\/span><\/h5>\n<p>8.00&nbsp;&nbsp;&nbsp;&nbsp;&nbsp;&nbsp; Dzi\u0119kczynna w rocznic\u0119 Nawiedzenia Cudownej Kopii Matki Bo\u017cej Jasnog\u00f3rskiej<\/p>\n<p>z pro\u015bb\u0105 o dalsz\u0105 opiek\u0119 nad ca\u0142\u0105 wsp\u00f3lnot\u0105 parafii \u015bwi\u0119tego Rafa\u0142a Kalinowskiego&nbsp;<\/p>\n<p>18.00&nbsp;&nbsp;&nbsp;&nbsp; \u015ap. Mariann\u0119 (K), Jana (M) LIS i zmar\u0142ych z rodziny<\/p>\n<h5 style=\"text-align: center;\"><span style=\"color: #ff0000;\">ADORACJA NAJ\u015aWI\u0118TSZEGO SAKRAMENTU do godz. 20:00<\/span><\/h5>\n<h5 style=\"text-align: center;\"><span style=\"color: #339966;\">PI\u0104TEK \/ 22 sierpnia 2025 \/ Mt 22, 34 &#8211; 40<\/span><\/h5>\n<h5 style=\"text-align: center;\"><span style=\"color: #339966;\">WSPOMNIENIE NAJ\u015aWI\u0118TSZEJ MARYI PANNY, KR\u00d3LOWEJ<\/span><\/h5>\n<p>8.00&nbsp;&nbsp;&nbsp;&nbsp;&nbsp;&nbsp; \u015ap. Dariusza MORZY w 5 rocznic\u0119 \u015bmierci<\/p>\n<p>18:00&nbsp;&nbsp;&nbsp;&nbsp; \u015ap. Bronis\u0142aw\u0119 (K) w 25 rocznic\u0119 \u015bmierci, Stanis\u0142awa oraz zmar\u0142ych z rodzin: WALA i OSOWSKICH<\/p>\n<h5 style=\"text-align: center;\"><span style=\"color: #339966;\">SOBOTA \/ 23 sierpnia 2025 \/ Mt 23, 1 \u2013 12<\/span><\/h5>\n<h5 style=\"text-align: center;\"><span style=\"color: #339966;\">WSPOMNIENIE \u015aWI\u0118TEJ R\u00d3\u017bY Z LIMY, DZIEWICY<\/span><\/h5>\n<p>8.00&nbsp;&nbsp;&nbsp;&nbsp;&nbsp;&nbsp; \u015ap. Tadeusza MALINOWSKIEGO w 13 rocznic\u0119 \u015bmierci<\/p>\n<p>18:00&nbsp;&nbsp;&nbsp;&nbsp; \u015ap. Juli\u0119 KATA w 11 rocznic\u0119 \u015bmierci, Helen\u0119 APANOWICZ w 9 rocznic\u0119 \u015bmierci<\/p>\n<p>18.00&nbsp;&nbsp;&nbsp;&nbsp; \u015ap. Danut\u0119 BORYSZEWSK\u0104 w 30 dniu po pogrzebie<\/p>\n<h5 style=\"text-align: center;\"><span style=\"color: #339966;\">XXI NIEDZIELA ZWYK\u0141A 24 sierpnia 2025 \/ \u0141k 13, 22 -30<\/span><\/h5>\n<p>8.00&nbsp;&nbsp;&nbsp;&nbsp;&nbsp;&nbsp; \u015ap. J\u00f3zefa (M) w 46 rocznic\u0119 \u015bmierci i Krystyn\u0119 BARTO\u015a, Stanis\u0142awa (M) w 4 rocznic\u0119 \u015bmierci i Helen\u0119 CYREK, Jerzego JARGI\u0141O w 3 rocznic\u0119 \u015bmierci i Beat\u0119 JARGI\u0141O<\/p>\n<p>10.00&nbsp;&nbsp;&nbsp;&nbsp; Dzi\u0119kczynno \u2013 b\u0142agalna o Bo\u017ce b\u0142ogos\u0142awie\u0144stwo i obfite \u0142aski dla Wies\u0142awy (K) i Andrzeja z okazji 45 rocznicy zawarcia sakramentalnego ma\u0142\u017ce\u0144stwa i dla Andrzeja z okazji 70 urodzin<\/p>\n<p>12.00&nbsp;&nbsp;&nbsp;&nbsp; Dzi\u0119kczynna w 50 rocznic\u0119 \u015blubu Magdy i Antoniego SZERSZE\u0143 z pro\u015bb\u0105 o Bo\u017ce b\u0142ogos\u0142awie\u0144stwo, opiek\u0119 Matki Bo\u017cej Szkaplerznej dla z\u0142otych Jubilat\u00f3w<\/p>\n<p>18.00&nbsp;&nbsp;&nbsp;&nbsp; ZA PARAFIAN<\/p>\n","protected":false},"excerpt":{"rendered":"<p>OG\u0141OSZENIA PARAFIALNE&nbsp; 17.08.2025 r. XX NIEDZIELA ZWYK\u0141A Dzisiaj w kalendarzu liturgicznym wspomnienie \u015bw. Jacka Odrow\u0105\u017ca &#8211; kap\u0142ana i dominikanina. Jest to tak\u017ce dzie\u0144 imienin Jego Ekscelencji ks. dr Jacka Jezierskiego \u2013 Biskupa Elbl\u0105skiego. Pami\u0119tajmy w modlitwie o czcigodnym Solenizancie. SIERPIE\u0143 MIESI\u0104CEM ABSTYNENCJI. Przez pami\u0119\u0107 o wielkich dzie\u0142ach, kt\u00f3re B\u00f3g dokona\u0142 w naszym narodzie w tym [&hellip;]<\/p>\n","protected":false},"author":1,"featured_media":5816,"comment_status":"closed","ping_status":"closed","sticky":false,"template":"","format":"standard","meta":{"ngg_post_thumbnail":0,"footnotes":""},"categories":[11,8,4,3],"tags":[],"class_list":["post-5803","post","type-post","status-publish","format-standard","has-post-thumbnail","hentry","category-aktualnosci","category-blog","category-intencje","category-ogloszenia"],"_links":{"self":[{"href":"https:\/\/rafalk-elblag.pl\/index.php?rest_route=\/wp\/v2\/posts\/5803","targetHints":{"allow":["GET"]}}],"collection":[{"href":"https:\/\/rafalk-elblag.pl\/index.php?rest_route=\/wp\/v2\/posts"}],"about":[{"href":"https:\/\/rafalk-elblag.pl\/index.php?rest_route=\/wp\/v2\/types\/post"}],"author":[{"embeddable":true,"href":"https:\/\/rafalk-elblag.pl\/index.php?rest_route=\/wp\/v2\/users\/1"}],"replies":[{"embeddable":true,"href":"https:\/\/rafalk-elblag.pl\/index.php?rest_route=%2Fwp%2Fv2%2Fcomments&post=5803"}],"version-history":[{"count":4,"href":"https:\/\/rafalk-elblag.pl\/index.php?rest_route=\/wp\/v2\/posts\/5803\/revisions"}],"predecessor-version":[{"id":5808,"href":"https:\/\/rafalk-elblag.pl\/index.php?rest_route=\/wp\/v2\/posts\/5803\/revisions\/5808"}],"wp:featuredmedia":[{"embeddable":true,"href":"https:\/\/rafalk-elblag.pl\/index.php?rest_route=\/wp\/v2\/media\/5816"}],"wp:attachment":[{"href":"https:\/\/rafalk-elblag.pl\/index.php?rest_route=%2Fwp%2Fv2%2Fmedia&parent=5803"}],"wp:term":[{"taxonomy":"category","embeddable":true,"href":"https:\/\/rafalk-elblag.pl\/index.php?rest_route=%2Fwp%2Fv2%2Fcategories&post=5803"},{"taxonomy":"post_tag","embeddable":true,"href":"https:\/\/rafalk-elblag.pl\/index.php?rest_route=%2Fwp%2Fv2%2Ftags&post=5803"}],"curies":[{"name":"wp","href":"https:\/\/api.w.org\/{rel}","templated":true}]}}