{"id":5791,"date":"2025-08-09T17:33:01","date_gmt":"2025-08-09T17:33:01","guid":{"rendered":"https:\/\/rafalk-elblag.pl\/?p=5791"},"modified":"2025-08-17T09:19:35","modified_gmt":"2025-08-17T09:19:35","slug":"ogloszenia-parafialne-10-08-2025-r-xix-niedziela-zwykla","status":"publish","type":"post","link":"https:\/\/rafalk-elblag.pl\/?p=5791","title":{"rendered":"OG\u0141OSZENIA PARAFIALNE 10.08.2025 r. \u2013 XIX Niedziela Zwyk\u0142a"},"content":{"rendered":"<p><a href=\"http:\/\/rafalk-elblag.pl\/wp-content\/uploads\/2021\/08\/ogloszenia-parafialne-baner-01a.jpg\"><img decoding=\"async\" class=\"aligncenter\" src=\"http:\/\/rafalk-elblag.pl\/wp-content\/uploads\/2021\/08\/ogloszenia-parafialne-baner-01a.jpg\" alt=\"Obrazek posiada pusty atrybut alt; plik o nazwie ogloszenia-parafialne-baner-01a.jpg\"><\/a><\/p>\n<h3 style=\"font-weight: 400; text-align: center;\"><strong>OG\u0141OSZENIA PARAFIALNE<\/strong><\/h3>\n<ol>\n<li><strong><u>SIERPIE\u0143 MIESI\u0104CEM ABSTYNENCJI.<\/u><\/strong> Przez pami\u0119\u0107 o wielkich dzie\u0142ach, kt\u00f3re B\u00f3g dokona\u0142 w naszym narodzie w tym miesi\u0105cu, a tak\u017ce odpowiadaj\u0105c na Apel Ko\u015bcio\u0142a, powstrzymajmy si\u0119 od spo\u017cywania napoj\u00f3w alkoholowych.<em style=\"font-size: 16px;\">Wa\u017cne te\u017c jest<strong>, <\/strong>aby\u015bmy na nowo odkryli warto\u015b\u0107 okresowych lub sta\u0142ych przyrzecze\u0144 abstynenckich. Dajmy \u015bwiadectwo poprzez wpisanie swojej decyzji do <strong>PARAFIALNEJ KSI\u0118GI TRZE\u0179WO\u015aCI<\/strong> wy\u0142o\u017conej&nbsp; na stoliku pod ch\u00f3rem przed obrazem Matki Bo\u017cej Nieustaj\u0105cej Pomocy. <strong>ZAPRASZAMY.<\/strong><\/em><\/li>\n<\/ol>\n<ol start=\"2\">\n<li><strong>Przy naszej parafii dzia\u0142a grupa rodzinna Al-Anon (\u201e\u015amieszki\u201d), <\/strong>kt\u00f3ra zaprasza zainteresowanych problemem nadu\u017cywania alkoholu bliskiej osoby. <em>Grupa spotyka si\u0119 w ka\u017cdy czwartek na plebanii o godz. 17:00 (wej\u015bcie od szczytu plebanii), natomiast w pierwsze czwartki miesi\u0105ca jest spotkanie otwarte dla zainteresowanych t\u0105 wsp\u00f3lnot\u0105. <\/em><\/li>\n<li><strong>Jutro &#8211; 11 sierpnia 2025 roku, XXXIII Elbl\u0105ska Pielgrzymka Piesza wchodzi na Jasn\u0105 G\u00f3r\u0119.<\/strong> Zapraszamy parafian na Msz\u0119 \u015bwi\u0119t\u0105 o godz. 18:00 i <strong>Apel Jasnog\u00f3rski.<\/strong> Duchowo b\u0119dziemy si\u0119 \u0142\u0105czy\u0107 z pielgrzymami, trwaj\u0105cymi na modlitwie w Kaplicy Cudownego Obrazu.<\/li>\n<li><strong> Adam zach\u0119ca dzia\u0142kowicz\u00f3w i nie tylko, aby do 14 sierpnia przynie\u015bli\u0142adne okazy warzyw i owoc\u00f3w z tegorocznych plon\u00f3w, ze swoich dzia\u0142ek i ogr\u00f3dk\u00f3w do dekoracji Ko\u015bcio\u0142a. DZI\u0118KUJEMY.<\/strong><\/li>\n<li><strong>W pi\u0105tek 15 sierpnia prze\u017cywa\u0107 b\u0119dziemy UROCZYSTO\u015a\u0106 WNIEBOWZI\u0118CIA NAJ\u015aWI\u0118TSZEJ MARYI PANNY<\/strong>. <strong>Msze \u015bwi\u0119te jak w niedziel\u0119, tj. 8:00, 10:00, 12:00 i 18:00<em>. <\/em><\/strong><em>Przypominamy, \u017ce tego dnia jest po\u015bwi\u0119cenie zi\u00f3\u0142, kwiat\u00f3w<br \/>\ni owoc\u00f3w.<u>Uroczysto\u015b\u0107 znosi post, dlatego w tym dniu mo\u017cemy spo\u017cywa\u0107 potrawy mi\u0119sne.<\/u><\/em><\/li>\n<li>W sobot\u0119 16 dzie\u0144 miesi\u0105ca &#8211; spotkanie i modlitwy <strong>Rodziny Karmelita\u0144skiej i Bractwa Szkaplerza \u015awi\u0119tego.<\/strong> Zapraszam na Msze \u015awi\u0119t\u0105 o godz. 18:00,&nbsp;&nbsp;&nbsp;&nbsp;&nbsp;&nbsp;&nbsp;&nbsp;&nbsp;&nbsp;&nbsp;&nbsp;&nbsp;&nbsp;&nbsp;&nbsp;&nbsp;&nbsp;&nbsp;&nbsp;&nbsp;&nbsp;&nbsp;&nbsp;&nbsp;&nbsp;&nbsp;&nbsp;&nbsp;&nbsp;&nbsp; z mo\u017cliwo\u015bci\u0105 przyj\u0119cia szkaplerza karmelita\u0144skiego oraz na nabo\u017ce\u0144stwo po Mszy \u015bwi\u0119tej.<\/li>\n<li>W tym tygodniu w liturgii Ko\u015bcio\u0142a wspominamy:<\/li>\n<\/ol>\n<ul>\n<li><strong>poniedzia\u0142ek (11.08.) wspomnienie \u015bw. Klary, dziewicy<\/strong><\/li>\n<li><strong>czwartek (14.08.) \u015bw. Maksymiliana Marii Kolbego, kap\u0142ana i m\u0119czennika <\/strong><\/li>\n<\/ul>\n<p><em><u>Zapraszamy do udzia\u0142u w Mszach \u015bw. o godz. 8:00 lub o godz. 18:00<\/u><\/em><em>.&nbsp; <\/em><\/p>\n<ol start=\"8\">\n<li><strong>W niedziel\u0119 (17.08.)przypadaj\u0105 imieniny Jego Ekscelencji ks. dr Jacka Jezierskiego \u2013 Biskupa Elbl\u0105skiego. <\/strong><strong style=\"font-size: 16px;\"><em>Pami\u0119tajmy w modlitwie o czcigodnym Solenizancie.<\/em><\/strong><\/li>\n<\/ol>\n<ol start=\"9\">\n<li><strong>Kancelaria parafialna, <\/strong>przez okres wakacji, czynna jest <u>w \u015brody i pi\u0105tki po Mszy \u015bw. wieczornej do godziny 19:30.<\/u><\/li>\n<li>Zach\u0119cam do nabywania nowego numeru \u201eGo\u015bcia Niedzielnego\u201d <strong>w cenie 10 z\u0142.<br \/>\n<\/strong><strong>z dodatkiem \u201eGo\u015bcia Elbl\u0105skiego\u201d<\/strong>.<\/li>\n<li><strong>Wszystkim parafianom i go\u015bciom <\/strong>\u017cyczymy udanego wypoczynku, b\u0142ogos\u0142awie\u0144stwa Bo\u017cego oraz opieki Matki Bo\u017cej Szkaplerznej.<\/li>\n<\/ol>\n<p>&nbsp;<\/p>\n<p><img decoding=\"async\" class=\"aligncenter\" src=\"http:\/\/rafalk-elblag.pl\/wp-content\/uploads\/2020\/04\/baner-intencje-mszy.jpg\" alt=\"Obrazek posiada pusty atrybut alt; plik o nazwie baner-intencje-mszy.jpg\"><\/p>\n<h3 style=\"text-align: center;\"><strong>INTENCJE MSZALNE<\/strong><\/h3>\n<h5 style=\"text-align: center;\">XIX NIEDZIELA ZWYK\u0141A10 sierpnia 2025 \/ \u0141k 12, 34 &#8211; 40<\/h5>\n<p>8.00&nbsp;&nbsp;&nbsp;&nbsp;&nbsp;&nbsp;&nbsp;&nbsp;&nbsp;&nbsp; \u015bp. Gra\u017cyna DALIDOWICZ w 3 rocznic\u0119 \u015bmierci, \u015bp. Cezary, Janina, Mieczys\u0142aw, Lucjan, Bogdan i Jan<\/p>\n<p>10.00&nbsp;&nbsp;&nbsp;&nbsp;&nbsp;&nbsp;&nbsp;&nbsp; O uprzedzaj\u0105c\u0105 \u0142ask\u0119 wszelkich natchnie\u0144, si\u0142\u0119 i rozwag\u0119, by wprowadzane w \u017cycie zaowocowa\u0142y ca\u0142kowitym przylgni\u0119ciem do Pana Boga dla Nikodema i jego rodziny, Agnieszki i ca\u0142ej rodziny zakonnej oraz dla Magdaleny i jej rodziny<\/p>\n<p>12.00&nbsp;&nbsp;&nbsp;&nbsp;&nbsp;&nbsp;&nbsp;&nbsp; Za parafian<\/p>\n<p>18.00&nbsp;&nbsp;&nbsp;&nbsp;&nbsp;&nbsp;&nbsp;&nbsp; Dzi\u0119kczynna z okazji rocznic \u015blubu: Iwona i Marcin SIERADZ w 20 rocznic\u0119,<\/p>\n<p>Aneta i Grzegorz ZIELKA&nbsp; w 21 rocznic\u0119, Agnieszka i Tomasz GR\u0104DZIK w 23 rocznice oraz Jadwiga i Lech&nbsp; GR\u0104DZIK w 47 rocznic\u0119<\/p>\n<p>&nbsp;<\/p>\n<h5 style=\"text-align: center;\">PONIEDZIA\u0141EK \/ 11 sierpnia 2025 \/ Mt&nbsp; 17, 22 &#8211; 27<br \/>\nwspomnienie \u015bw. Klary, dziewicy<\/h5>\n<p>8.00&nbsp;&nbsp;&nbsp;&nbsp;&nbsp;&nbsp;&nbsp;&nbsp;&nbsp;&nbsp; O \u0142ask\u0119 zdrowia, Bo\u017ce b\u0142ogos\u0142awie\u0144stwo, opiek\u0119 Matki Bo\u017cej dla Romana (m) PAW\u0141OWSKIEGO<\/p>\n<p>18.00&nbsp;&nbsp;&nbsp;&nbsp;&nbsp;&nbsp;&nbsp;&nbsp; \u015bp. Ewa KUJAWSKA<\/p>\n<p>&nbsp;<\/p>\n<h5 style=\"text-align: center;\">WTOREK&nbsp; \/ 12 sierpnia 2025\/&nbsp;&nbsp; Mt 18, 1 -14<\/h5>\n<p>8.00&nbsp;&nbsp;&nbsp;&nbsp;&nbsp;&nbsp;&nbsp;&nbsp;&nbsp;&nbsp; \u015bp. Bogdan GRZYMA\u0141A w 5 rocznic\u0119 \u015bmierci, \u015bp. Krystyna, J\u00f3zef (m) i Henryk (m) z rodziny&nbsp; RETKIEWICZ\u00d3W<\/p>\n<p>18.00&nbsp;&nbsp;&nbsp;&nbsp;&nbsp;&nbsp;&nbsp;&nbsp; \u015bp. Tadeusz CZ\u0118\u015aCIK w 17 rocznic\u0119 \u015bmierci, \u015bp. Eugenia, Henryk, Andrzej GRABOWSCY<\/p>\n<p>&nbsp;<\/p>\n<h5 style=\"text-align: center;\">\u015aRODA \/ 13 sierpnia 2025 \/ Mt 18, 15 &#8211; 20<\/h5>\n<p>8.00&nbsp;&nbsp;&nbsp;&nbsp;&nbsp;&nbsp;&nbsp;&nbsp;&nbsp;&nbsp; \u015bp. Henry (m) STAN \u2013 intencja od s\u0105siadki Ireny OR\u0141OWSKIEJ<\/p>\n<p>18.00&nbsp;&nbsp;&nbsp;&nbsp;&nbsp;&nbsp;&nbsp;&nbsp; \u015bp. Mieczys\u0142aw (m) PELOWSKI w 2 rocznic\u0119 \u015bmierci<\/p>\n<p>&nbsp;<\/p>\n<h5 style=\"text-align: center;\">CZWARTEK&nbsp; \/ 14 sierpnia 2025 \/ Mt 18, 21 &#8211; 19<br \/>\nwspomnienie \u015bw. Maksymiliana Marii Kolbego \u2013 Patrona Diecezji Elbl\u0105skiej<\/h5>\n<p>8.00&nbsp;&nbsp;&nbsp;&nbsp;&nbsp;&nbsp;&nbsp;&nbsp;&nbsp;&nbsp; \u015bp. Kazimiera (k) D\u0104BKOWSKA w 13 rocznic\u0119 \u015bmierci<\/p>\n<p>18.00&nbsp;&nbsp;&nbsp;&nbsp;&nbsp;&nbsp;&nbsp;&nbsp; \u015bp. Maria i Jan (m) RUDOMINA i zmarli z rodziny, \u015bp. Czes\u0142awa (k) i Tadeusz BULSCY<\/p>\n<p style=\"text-align: center;\"><strong>ADORACJA NAJ\u015aWI\u0118TSZEGO SAKRAMENTU do godz. 20:00<\/strong><\/p>\n<p>&nbsp;<\/p>\n<h5 style=\"text-align: center;\">PI\u0104TEK \/ 15 sierpnia 2025 \/ \u0141k 1, 39 &#8211; 56<br \/>\nUROCZYSTO\u015a\u0106 WNIEBOWZI\u0118CIA NAJ\u015aWI\u0118TSZEJ MARYI PANNY<\/h5>\n<p>8.00&nbsp;&nbsp;&nbsp;&nbsp;&nbsp;&nbsp;&nbsp;&nbsp;&nbsp;&nbsp; \u015bp. Tadeusz i Julia GRZE\u015aKIEWICZ<\/p>\n<p>10.00&nbsp;&nbsp;&nbsp;&nbsp;&nbsp;&nbsp;&nbsp;&nbsp; Za parafian<\/p>\n<p>12.00&nbsp;&nbsp;&nbsp;&nbsp;&nbsp;&nbsp;&nbsp;&nbsp; Dzi\u0119kczynna w 40 rocznic\u0119 \u015blubu Beaty i Zbigniewa ORZECH z pro\u015bb\u0105 o Bo\u017ce b\u0142ogos\u0142awie\u0144stwo i potrzebne \u0142aski dla Rubinowych Jubilat\u00f3w<\/p>\n<p>18.00&nbsp;&nbsp;&nbsp;&nbsp;&nbsp;&nbsp;&nbsp;&nbsp; Za dusze cierpi\u0105ce w czy\u015b\u0107cu i \u015bp. Romana (m)<\/p>\n<p>&nbsp;<\/p>\n<h5 style=\"text-align: center;\">SOBOTA \/ 16 sierpnia 2025 \/ Mt 19, 13 &#8211; 15<\/h5>\n<p>8.00&nbsp;&nbsp;&nbsp;&nbsp;&nbsp;&nbsp;&nbsp;&nbsp;&nbsp;&nbsp; \u015bp. W\u0142odzimierz (m) WIELE\u0143SKI w 7 rocznic\u0119 \u015bmierci<\/p>\n<p>8:00&nbsp;&nbsp;&nbsp;&nbsp;&nbsp;&nbsp;&nbsp;&nbsp;&nbsp;&nbsp; O zdrowie i potrzebne \u0142aski&nbsp; w chorobie dla El\u017cbiety i Zbigniewa RATAJCZYK oraz o opiek\u0119 Matki Bo\u017cej<\/p>\n<p>18.00&nbsp;&nbsp;&nbsp;&nbsp;&nbsp;&nbsp;&nbsp;&nbsp; Bractwo Szkaplerzne<\/p>\n<p>&nbsp;<\/p>\n<h5 style=\"text-align: center;\">XIX NIEDZIELA ZWYK\u0141A 17 sierpnia 2025 \/ \u0141k 12, 49 -53<\/h5>\n<p>8.00&nbsp;&nbsp;&nbsp;&nbsp;&nbsp;&nbsp;&nbsp;&nbsp;&nbsp;&nbsp; \u015bp. Eugeniusz MOTYL w 1 rocznic\u0119 \u015bmierci<\/p>\n<p>10.00&nbsp;&nbsp;&nbsp;&nbsp;&nbsp;&nbsp;&nbsp;&nbsp; Rezerwacja<\/p>\n<p>12.00&nbsp;&nbsp;&nbsp;&nbsp;&nbsp;&nbsp;&nbsp;&nbsp; Dzi\u0119kczynna w 50 rocznic\u0119 \u015blubu Halina i Zdzis\u0142aw BEREDA z pro\u015bb\u0105 o Bo\u017ce b\u0142ogos\u0142awie\u0144stwo i potrzebne \u0142aski dla Jubilat\u00f3w<\/p>\n<p>18.00&nbsp;&nbsp;&nbsp;&nbsp;&nbsp;&nbsp;&nbsp;&nbsp; Dzi\u0119kczynno-b\u0142agalna z okazji 75 urodzin Miros\u0142awa (m) Wi\u015bniewskiego z pro\u015bb\u0105 o Bo\u017ce b\u0142ogos\u0142awie\u0144stwo, opiek\u0119 Matki Bo\u017cej i \u015bwi\u0119tych patron\u00f3w dla ca\u0142ej rodziny<\/p>\n","protected":false},"excerpt":{"rendered":"<p>OG\u0141OSZENIA PARAFIALNE SIERPIE\u0143 MIESI\u0104CEM ABSTYNENCJI. Przez pami\u0119\u0107 o wielkich dzie\u0142ach, kt\u00f3re B\u00f3g dokona\u0142 w naszym narodzie w tym miesi\u0105cu, a tak\u017ce odpowiadaj\u0105c na Apel Ko\u015bcio\u0142a, powstrzymajmy si\u0119 od spo\u017cywania napoj\u00f3w alkoholowych.Wa\u017cne te\u017c jest, aby\u015bmy na nowo odkryli warto\u015b\u0107 okresowych lub sta\u0142ych przyrzecze\u0144 abstynenckich. Dajmy \u015bwiadectwo poprzez wpisanie swojej decyzji do PARAFIALNEJ KSI\u0118GI TRZE\u0179WO\u015aCI wy\u0142o\u017conej&nbsp; na [&hellip;]<\/p>\n","protected":false},"author":1,"featured_media":5792,"comment_status":"closed","ping_status":"closed","sticky":false,"template":"","format":"standard","meta":{"ngg_post_thumbnail":0,"footnotes":""},"categories":[11,8,4,3],"tags":[],"class_list":["post-5791","post","type-post","status-publish","format-standard","has-post-thumbnail","hentry","category-aktualnosci","category-blog","category-intencje","category-ogloszenia"],"_links":{"self":[{"href":"https:\/\/rafalk-elblag.pl\/index.php?rest_route=\/wp\/v2\/posts\/5791","targetHints":{"allow":["GET"]}}],"collection":[{"href":"https:\/\/rafalk-elblag.pl\/index.php?rest_route=\/wp\/v2\/posts"}],"about":[{"href":"https:\/\/rafalk-elblag.pl\/index.php?rest_route=\/wp\/v2\/types\/post"}],"author":[{"embeddable":true,"href":"https:\/\/rafalk-elblag.pl\/index.php?rest_route=\/wp\/v2\/users\/1"}],"replies":[{"embeddable":true,"href":"https:\/\/rafalk-elblag.pl\/index.php?rest_route=%2Fwp%2Fv2%2Fcomments&post=5791"}],"version-history":[{"count":3,"href":"https:\/\/rafalk-elblag.pl\/index.php?rest_route=\/wp\/v2\/posts\/5791\/revisions"}],"predecessor-version":[{"id":5819,"href":"https:\/\/rafalk-elblag.pl\/index.php?rest_route=\/wp\/v2\/posts\/5791\/revisions\/5819"}],"wp:featuredmedia":[{"embeddable":true,"href":"https:\/\/rafalk-elblag.pl\/index.php?rest_route=\/wp\/v2\/media\/5792"}],"wp:attachment":[{"href":"https:\/\/rafalk-elblag.pl\/index.php?rest_route=%2Fwp%2Fv2%2Fmedia&parent=5791"}],"wp:term":[{"taxonomy":"category","embeddable":true,"href":"https:\/\/rafalk-elblag.pl\/index.php?rest_route=%2Fwp%2Fv2%2Fcategories&post=5791"},{"taxonomy":"post_tag","embeddable":true,"href":"https:\/\/rafalk-elblag.pl\/index.php?rest_route=%2Fwp%2Fv2%2Ftags&post=5791"}],"curies":[{"name":"wp","href":"https:\/\/api.w.org\/{rel}","templated":true}]}}