{"id":5786,"date":"2025-08-02T19:36:59","date_gmt":"2025-08-02T19:36:59","guid":{"rendered":"https:\/\/rafalk-elblag.pl\/?p=5786"},"modified":"2025-08-03T12:42:16","modified_gmt":"2025-08-03T12:42:16","slug":"ogloszenia-parafialne-03-08-2025-r-xviii-niedziela-zwykla","status":"publish","type":"post","link":"https:\/\/rafalk-elblag.pl\/?p=5786","title":{"rendered":"OG\u0141OSZENIA PARAFIALNE 03.08.2025 r. \u2013 XVIII Niedziela Zwyk\u0142a"},"content":{"rendered":"<p><a href=\"http:\/\/rafalk-elblag.pl\/wp-content\/uploads\/2021\/08\/ogloszenia-parafialne-baner-01a.jpg\"><img decoding=\"async\" class=\"aligncenter\" src=\"http:\/\/rafalk-elblag.pl\/wp-content\/uploads\/2021\/08\/ogloszenia-parafialne-baner-01a.jpg\" alt=\"Obrazek posiada pusty atrybut alt; plik o nazwie ogloszenia-parafialne-baner-01a.jpg\"><\/a><\/p>\n<h3 style=\"font-weight: 400; text-align: center;\"><strong>OG\u0141OSZENIA PARAFIALNE<\/strong><\/h3>\n<ol>\n<li><strong><u>SIERPIE\u0143 MIESI\u0104CEM ABSTYNENCJI.<\/u><\/strong> Przez pami\u0119\u0107 o wielkich dzie\u0142ach, kt\u00f3re B\u00f3g dokona\u0142 w naszym narodzie w tym miesi\u0105cu, a tak\u017ce odpowiadaj\u0105c na Apel Ko\u015bcio\u0142a, powstrzymajmy si\u0119 od spo\u017cywania napoj\u00f3w alkoholowych.<em style=\"font-size: 16px;\">Wa\u017cne jest<strong>, <\/strong>aby\u015bmy na nowo odkryli warto\u015b\u0107 okresowych lub sta\u0142ych przyrzecze\u0144 abstynenckich. Dajmy \u015bwiadectwo poprzez wpisanie swojej decyzji do <strong>PARAFIALNEJ KSI\u0118GI TRZE\u0179WO\u015aCI<\/strong> wy\u0142o\u017conej&nbsp; na stoliku pod ch\u00f3rem przed obrazem Matki Bo\u017cej Nieustaj\u0105cej Pomocy.<strong> ZAPRASZAMY.<\/strong><\/em><\/li>\n<\/ol>\n<ol start=\"2\">\n<li><strong>Przy naszej parafii dzia\u0142a grupa rodzinna Al-Anon (\u201e\u015amieszki\u201d), <\/strong>kt\u00f3ra zaprasza zainteresowanych problemem nadu\u017cywania alkoholu bliskiej osoby. <em>Grupa spotyka si\u0119 w ka\u017cdy czwartek na plebanii o godz. 17:00 (wej\u015bcie od szczytu plebanii), natomiast w pierwsze czwartki miesi\u0105ca jest spotkanie otwarte dla zainteresowanych t\u0105 wsp\u00f3lnot\u0105. <\/em><\/li>\n<li><strong>Trwa XXXIII Pielgrzymka Piesza na Jasn\u0105 G\u00f3r\u0119. Trwaj\u0105c w jedno\u015bci modlitewnej z pielgrzymami zmierzaj\u0105cymi do Cz\u0119stochowy <\/strong>zach\u0119camy do udzia\u0142u (w czasie trwania pielgrzymki) w Mszach &nbsp;\u015bw. wieczornych zako\u0144czonych APELEM JASNOG\u00d3RSKIM.<\/li>\n<li><strong><em>W czasie trwania pielgrzymki pieszej do Cz\u0119stochowy o godz. 21:00 bij\u0105 dzwony, przypominaj\u0105c nam i zach\u0119caj\u0105c nas do wsp\u00f3lnej modlitwy <\/em><\/strong><\/li>\n<li>W tym tygodniu przypada pierwszy czwartek miesi\u0105ca sierpnia.<\/li>\n<li><strong>W tym tygodniu w liturgii Ko\u015bcio\u0142a wspominamy: <\/strong><\/li>\n<\/ol>\n<ul>\n<li>w poniedzia\u0142ek \u015bw. Jana Marii Vianneya, kap\u0142ana,<\/li>\n<li>w \u015brod\u0119 \u015awi\u0119to Przemienienia Pa\u0144skiego,<\/li>\n<li>w pi\u0105tek, wspomnienie \u015bw. Dominika, kap\u0142ana,<\/li>\n<li>w sobot\u0119 \u015awi\u0119to Teresy Benedykty od Krzy\u017ca, dziewicy i m\u0119czennicy, patronki Europy<\/li>\n<\/ul>\n<p><strong><em>Zapraszamy na Msze \u015bw. o godz. 8:00 i o godz. 18:00.<\/em><\/strong><\/p>\n<ol start=\"7\">\n<li>Dzisiejsze ofiary z\u0142o\u017cone na tac\u0119 przeznaczone s\u0105 na prace inwestycyjne w naszej parafii. <strong style=\"font-size: 16px;\">Dzi\u0119kuj\u0119 za zrozumienie i otwarto\u015b\u0107 Waszych serc.<\/strong><\/li>\n<\/ol>\n<ol start=\"8\">\n<li><strong>Kancelaria parafialna, <\/strong>przez okres wakacji, czynna jest <u>w \u015brody i pi\u0105tki po Mszy \u015bw. wieczornej do godziny 19:30.<\/u><\/li>\n<li><strong>Centrum Nowej Ewangelizacji zaprasza na dwa wyj\u0105tkowe wydarzenia Jubileuszowe! <\/strong><strong style=\"font-size: 16px;\">9 sierpnia w Stegnie<\/strong><span style=\"font-size: 16px;\">&nbsp;odb\u0119dzie si\u0119&nbsp;<\/span><strong style=\"font-size: 16px;\">FESTIWAL RADO\u015aCI<\/strong><span style=\"font-size: 16px;\">&nbsp;\u2013 spotkanie pe\u0142ne modlitwy, muzyki i \u015bwi\u0119towania wiary. <\/span><strong style=\"font-size: 16px;\">30\u201331 sierpnia w Elbl\u0105gu<\/strong><span style=\"font-size: 16px;\">&nbsp;na placu katedralnym zapraszamy na&nbsp;<\/span><strong style=\"font-size: 16px;\">JASN\u0104 STRON\u0118 MIASTA<\/strong><span style=\"font-size: 16px;\">, aby wsp\u00f3lnie odkrywa\u0107, \u017ce&nbsp;<\/span><strong style=\"font-size: 16px;\">Ko\u015bci\u00f3\u0142 jest \u017cywy<\/strong><span style=\"font-size: 16px;\">. W programie Eucharystia, spowied\u017a, koncerty, konferencje i wiele przestrzeni do spotkania z Bogiem i drugim cz\u0142owiekiem. <\/span><strong style=\"font-size: 16px;\">Przyjd\u017acie \u2013 prze\u017cyjmy razem Jubileusz 2025!<\/strong><\/li>\n<\/ol>\n<ol start=\"10\">\n<li><strong>Dzi\u0119kujemy za stosowny ubi\u00f3r w ko\u015bciele w okresie wakacji. <\/strong>Msza \u015bw. jest uroczyst\u0105 celebracj\u0105, kt\u00f3ra domaga si\u0119 swego pi\u0119kna, szacunku i najwy\u017cszej kultury.<\/li>\n<li><strong>Wszystkim parafianom i go\u015bciom <\/strong>\u017cyczymy udanego wypoczynku, b\u0142ogos\u0142awie\u0144stwa Bo\u017cego oraz opieki Matki Bo\u017cej Szkaplerznej.<\/li>\n<li>Dzisiaj pierwsza niedziela miesi\u0105ca. Zapraszamy na <strong>Adoracj\u0119 Naj\u015bwi\u0119tszego Sakramentu od godz. 15:00 do godz. 18.00.<\/strong><\/li>\n<li>Pan powo\u0142a\u0142 do wieczno\u015bci: \u015bp. Ryszarda (m) DYMOWSKIEGO lat 74 z ul. Myliusa.<\/li>\n<\/ol>\n<p>&nbsp;<\/p>\n<p><img decoding=\"async\" class=\"aligncenter\" src=\"http:\/\/rafalk-elblag.pl\/wp-content\/uploads\/2020\/04\/baner-intencje-mszy.jpg\" alt=\"Obrazek posiada pusty atrybut alt; plik o nazwie baner-intencje-mszy.jpg\"><\/p>\n<h3 style=\"text-align: center;\"><strong>INTENCJE MSZALNE<\/strong><\/h3>\n<h5 style=\"text-align: center;\"><strong>XVIII NIEDZIELA ZWYK\u0141A &#8211; 3 sierpnia 2025 \/&nbsp; \u0141k 12, 13 -21<\/strong><\/h5>\n<p>&nbsp; 8.00 O do\u015bwiadczenie Bo\u017cej Mi\u0142o\u015bci dla Karoliny i Oskara oraz dla Sebastiana i Natalii<\/p>\n<p>10.00 \u015bp. Irena WI\u015aNIEWSKA&nbsp; w 10 rocznice \u015bmierci<\/p>\n<p>12.00 Za parafian<\/p>\n<p>15.00 ADORACJA NAJ\u015aWI\u0118TSZEGO SAKRAMENTU<\/p>\n<p>18.00 Dzi\u0119kczynno \u2013 b\u0142agalna z okazji 40 rocznicy sakramentu ma\u0142\u017ce\u0144stwa Mariusza i Krystyny KOMOREK<\/p>\n<p>&nbsp;<\/p>\n<h5 style=\"text-align: center;\"><strong>PONIEDZIA\u0141EK \/ 4 sierpnia 2025 \/ Mt&nbsp; 13, 31 \u2013 35<\/strong><br \/>\nwspomnienie \u015bw. Jna Marii Vianney, kap\u0142ana<\/h5>\n<p>&nbsp; 8.00 \u015bp. Janina, Zenon(m), Zbigniew, Wanda, Henryk z rodziny MICHALSKICH i DAMNIC\u00d3W oraz za zmar\u0142ych \u015bp. Weronika, Jan, Roman, \u015bp. Danuta RABIEGA<\/p>\n<p>18.00 \u015bp. Adam MALISZEWSKI w 1 rocznice \u015bmierci<\/p>\n<p>&nbsp;<\/p>\n<h5 style=\"text-align: center;\"><strong>WTOREK&nbsp; \/ 5 sierpnia 2025\/&nbsp;&nbsp; J 11, 19 \u2013 27<\/strong><br \/>\nRocznica po\u015bwi\u0119cenia&nbsp; rzymskiej bazyliki Naj\u015bwi\u0119tszej Maryi Panny<\/h5>\n<p>&nbsp; 8.00 \u015bp. Zbigniew KUBIAK w 1 rocznic\u0119 \u015bmierci<\/p>\n<p>18.00 Dzi\u0119kczynna w 70&nbsp; urodziny Krystyny z pro\u015bba o Bo\u017ce b\u0142ogos\u0142awie\u0144stwo oraz o opiek\u0119 Matki Bo\u017cej Szkaplerznej dla Jubilatki<\/p>\n<p>&nbsp;<\/p>\n<h5 style=\"text-align: center;\"><strong>\u015aRODA \/ 6 sierpnia 2025 \/ Mt 13, 44 \u2013 46&nbsp;&nbsp;<\/strong><br \/>\n\u015awi\u0119to Przemienienia Pa\u0144skiego<\/h5>\n<p>&nbsp; 8.00 \u015ap. W\u0142adys\u0142aw (m) ZYCHOWICZ w 13 rocznice \u015bmierci, \u015bp. J\u00f3zefa(k), Katarzyna z rodziny ZYCHOWICZ<\/p>\n<p>18.00 \u015bp. Franciszka(k) URBA\u0143SKA w 22 rocznic\u0119 \u015bmierci, \u015bp. Zofia DOMA\u0143SKA w 47 rocznic\u0119 \u015bmierci<\/p>\n<p>&nbsp;<\/p>\n<h5 style=\"text-align: center;\"><strong>CZWARTEK&nbsp; \/ 7 sierpnia 2025 \/ Mt 13, 47 \u2013 53<\/strong><br \/>\nPierwszy czwartek miesi\u0105ca<\/h5>\n<p>&nbsp; 8.00 \u015bp. Henryk (m) STAN \u2013 intencja od Apostolatu Bo\u017cego Mi\u0142osierdzia<\/p>\n<p>18.00 \u015bp. Helena w 15 rocznice \u015bmierci<\/p>\n<p style=\"text-align: center;\">ADORACJA NAJ\u015aWI\u0118TSZEGO SAKRAMENTU do godz. 20:00<\/p>\n<p>&nbsp;<\/p>\n<h5 style=\"text-align: center;\"><strong>PI\u0104TEK \/ 8 sierpnia 2025 \/ Mt&nbsp; 13, 54 \u2013 58<\/strong><br \/>\nwspomnienie \u015bw. Dominika, kap\u0142ana<\/h5>\n<p>&nbsp; 8.00 \u015bp. Krystyna DEPTA o dar \u017cycia wiecznego<\/p>\n<p>18.00 \u015bp. Romuald w 40 rocznic \u015bmierci, \u015bp. Napoleon, Karolina, Jolanta z rodziny KARMAN<\/p>\n<p>&nbsp;<\/p>\n<h5 style=\"text-align: center;\"><strong>SOBOTA \/ 9 sierpnia 2025 \/ Mt 14, 1 \u2013 12<\/strong><br \/>\n\u015awi\u0119to \u015bw. Teresy Benedykty od Krzy\u017ca, dziewicy i m\u0119czennicy<\/h5>\n<p>&nbsp; 8.00 \u015bp. Czes\u0142awa(k) w 27 rocznice \u015bmierci, \u015bp. Stefan(m) w 5 rocznic\u0119 \u015bmierci i zmar\u0142ych&nbsp;&nbsp;&nbsp;&nbsp;&nbsp;&nbsp;&nbsp;&nbsp;&nbsp;&nbsp;&nbsp;&nbsp;&nbsp;&nbsp;&nbsp;&nbsp; z rodziny MIECZKOWSKICH<\/p>\n<p>18.00 \u015bp. Halina i Zdzis\u0142aw URBA\u0143SCY<\/p>\n<p>18.00 \u015bp. Krystyna KOTOWSKA w 30 dzie\u0144 po pogrzebie<\/p>\n<p>&nbsp;&nbsp;&nbsp;&nbsp;&nbsp;&nbsp;&nbsp;&nbsp;&nbsp;<\/p>\n<h5 style=\"text-align: center;\"><strong>XIX NIEDZIELA ZWYK\u0141A &#8211; 10 sierpnia 2025 \/ \u0141k 12, 13 -21<\/strong><\/h5>\n<p>&nbsp; 8.00 \u015bp. Gra\u017cyna DALIDOWICZ w 3 rocznic\u0119 \u015bmierci, \u015bp. Cezary, Janina, Mieczys\u0142aw, Lucjan, Bogdan i Jan<\/p>\n<p>10.00 O uprzedzaj\u0105c\u0105 \u0142ask\u0119 wszelkich natchnie\u0144, si\u0142\u0119 i rozwag\u0119, by wprowadzane w \u017cycie zaowocowa\u0142y ca\u0142kowitym przylgni\u0119ciem do Pana Boga dla Nikodema i jego rodziny, Agnieszki i ca\u0142ej rodziny zakonnej oraz dla Magdaleny i jej rodziny<\/p>\n<p>12.00 Za parafian<\/p>\n<p>18.00 Dzi\u0119kczynna z okazji rocznic \u015blubu: Iwona i Marcin SIERADZ w 20 rocznic\u0119, Aneta i Grzegorz ZIELKA&nbsp; w 21 rocznic\u0119, Agnieszka i Tomasz GR\u0104DZIK w 23 rocznice oraz Jadwiga i Lech&nbsp; GR\u0104DZIK w 47 rocznic\u0119<\/p>\n","protected":false},"excerpt":{"rendered":"<p>OG\u0141OSZENIA PARAFIALNE SIERPIE\u0143 MIESI\u0104CEM ABSTYNENCJI. Przez pami\u0119\u0107 o wielkich dzie\u0142ach, kt\u00f3re B\u00f3g dokona\u0142 w naszym narodzie w tym miesi\u0105cu, a tak\u017ce odpowiadaj\u0105c na Apel Ko\u015bcio\u0142a, powstrzymajmy si\u0119 od spo\u017cywania napoj\u00f3w alkoholowych.Wa\u017cne jest, aby\u015bmy na nowo odkryli warto\u015b\u0107 okresowych lub sta\u0142ych przyrzecze\u0144 abstynenckich. Dajmy \u015bwiadectwo poprzez wpisanie swojej decyzji do PARAFIALNEJ KSI\u0118GI TRZE\u0179WO\u015aCI wy\u0142o\u017conej&nbsp; na stoliku [&hellip;]<\/p>\n","protected":false},"author":1,"featured_media":5787,"comment_status":"closed","ping_status":"closed","sticky":false,"template":"","format":"standard","meta":{"ngg_post_thumbnail":0,"footnotes":""},"categories":[11,8,4,3],"tags":[],"class_list":["post-5786","post","type-post","status-publish","format-standard","has-post-thumbnail","hentry","category-aktualnosci","category-blog","category-intencje","category-ogloszenia"],"_links":{"self":[{"href":"https:\/\/rafalk-elblag.pl\/index.php?rest_route=\/wp\/v2\/posts\/5786","targetHints":{"allow":["GET"]}}],"collection":[{"href":"https:\/\/rafalk-elblag.pl\/index.php?rest_route=\/wp\/v2\/posts"}],"about":[{"href":"https:\/\/rafalk-elblag.pl\/index.php?rest_route=\/wp\/v2\/types\/post"}],"author":[{"embeddable":true,"href":"https:\/\/rafalk-elblag.pl\/index.php?rest_route=\/wp\/v2\/users\/1"}],"replies":[{"embeddable":true,"href":"https:\/\/rafalk-elblag.pl\/index.php?rest_route=%2Fwp%2Fv2%2Fcomments&post=5786"}],"version-history":[{"count":2,"href":"https:\/\/rafalk-elblag.pl\/index.php?rest_route=\/wp\/v2\/posts\/5786\/revisions"}],"predecessor-version":[{"id":5790,"href":"https:\/\/rafalk-elblag.pl\/index.php?rest_route=\/wp\/v2\/posts\/5786\/revisions\/5790"}],"wp:featuredmedia":[{"embeddable":true,"href":"https:\/\/rafalk-elblag.pl\/index.php?rest_route=\/wp\/v2\/media\/5787"}],"wp:attachment":[{"href":"https:\/\/rafalk-elblag.pl\/index.php?rest_route=%2Fwp%2Fv2%2Fmedia&parent=5786"}],"wp:term":[{"taxonomy":"category","embeddable":true,"href":"https:\/\/rafalk-elblag.pl\/index.php?rest_route=%2Fwp%2Fv2%2Fcategories&post=5786"},{"taxonomy":"post_tag","embeddable":true,"href":"https:\/\/rafalk-elblag.pl\/index.php?rest_route=%2Fwp%2Fv2%2Ftags&post=5786"}],"curies":[{"name":"wp","href":"https:\/\/api.w.org\/{rel}","templated":true}]}}