{"id":5783,"date":"2025-07-26T20:35:11","date_gmt":"2025-07-26T20:35:11","guid":{"rendered":"https:\/\/rafalk-elblag.pl\/?p=5783"},"modified":"2025-07-26T20:35:11","modified_gmt":"2025-07-26T20:35:11","slug":"ogloszenia-parafialne-27-07-2025-r-xvii-niedziela-zwykla","status":"publish","type":"post","link":"https:\/\/rafalk-elblag.pl\/?p=5783","title":{"rendered":"OG\u0141OSZENIA PARAFIALNE 27.07.2025 r. \u2013 XVII Niedziela Zwyk\u0142a"},"content":{"rendered":"<p><a href=\"http:\/\/rafalk-elblag.pl\/wp-content\/uploads\/2021\/08\/ogloszenia-parafialne-baner-01a.jpg\"><img decoding=\"async\" class=\"aligncenter\" src=\"http:\/\/rafalk-elblag.pl\/wp-content\/uploads\/2021\/08\/ogloszenia-parafialne-baner-01a.jpg\" alt=\"Obrazek posiada pusty atrybut alt; plik o nazwie ogloszenia-parafialne-baner-01a.jpg\"><\/a><\/p>\n<h3 style=\"font-weight: 400; text-align: center;\"><strong>OG\u0141OSZENIA PARAFIALNE<\/strong><\/h3>\n<ol>\n<li><strong>Serdecznie witamy w naszej wsp\u00f3lnocie parafialnej wikariusza, ks. mgr Adama Gapysa, <\/strong>kt\u00f3ry Dekretem Biskupa Elbl\u0105skiego od 1 sierpnia br. zosta\u0142 przeniesiony z parafii pw. \u015bw. Wojciecha w Elbl\u0105gu do naszej parafii. <em>Otoczmy kap\u0142ana modlitw\u0105, by Jego pos\u0142uga przynios\u0142a b\u0142ogos\u0142awione owoce. <\/em><\/li>\n<li><strong><u>W pi\u0105tek rozpoczynamy miesi\u0105c abstynencji<\/u><\/strong>. Przez pami\u0119\u0107 o wielkich dzie\u0142ach, kt\u00f3re B\u00f3g dokona\u0142 w naszym narodzie w tym miesi\u0105cu, a tak\u017ce odpowiadaj\u0105c na Apel Ko\u015bcio\u0142a, powstrzymajmy si\u0119 od spo\u017cywania napoj\u00f3w alkoholowych. <em style=\"font-size: 16px;\">Wa\u017cne jest<strong>, <\/strong>aby\u015bmy na nowo odkryli warto\u015b\u0107 okresowych lub sta\u0142ych przyrzecze\u0144 abstynenckich. Dajmy \u015bwiadectwo poprzez wpisanie swojej decyzji do <strong>PARAFIALNEJ KSI\u0118GI TRZE\u0179WO\u015aCI<\/strong> wy\u0142o\u017conej&nbsp; na stoliku pod ch\u00f3rem przed obrazem Matki Bo\u017cej Nieustaj\u0105cej Pomocy.<strong> ZAPRASZAMY.<\/strong><\/em><\/li>\n<\/ol>\n<ol start=\"3\">\n<li><strong>Przy naszej parafii dzia\u0142a grupa rodzinna Al-Anon (\u201e\u015amieszki\u201d), <\/strong>kt\u00f3ra zaprasza zainteresowanych problemem nadu\u017cywania alkoholu bliskiej osoby. <em>Grupa spotyka si\u0119 w ka\u017cdy czwartek na plebanii o godz. 17:00 (wej\u015bcie od szczytu plebanii), natomiast w pierwsze czwartki miesi\u0105ca jest spotkanie otwarte dla zainteresowanych t\u0105 wsp\u00f3lnot\u0105. <\/em><\/li>\n<li><strong>Jutro 28 lipca br. (poniedzia\u0142ek) wyruszy\u0142a z Elbl\u0105ga XXXIII Pielgrzymka Piesza na Jasn\u0105 G\u00f3r\u0119. Trwaj\u0105c w jedno\u015bci modlitewnej z pielgrzymami zmierzaj\u0105cymi do Cz\u0119stochowy <\/strong>zach\u0119camy do udzia\u0142u (w czasie trwania pielgrzymki) w Mszach \u015bw. wieczornych zako\u0144czonych APELEM JASNOG\u00d3RSKIM.<\/li>\n<li><strong>UWAGA!!! <em>W czasie trwania pielgrzymki pieszej do Cz\u0119stochowy o godz. 21:00 bij\u0105 dzwony, przypominaj\u0105c nam i zach\u0119caj\u0105c nas do wsp\u00f3lnej modlitwy \u2013 APELOWEJ. PAMI\u0118TAJMY !!!<\/em><\/strong><\/li>\n<li>W tym tygodniu przypada pierwszypi\u0105tek i sobota miesi\u0105ca sierpnia.<\/li>\n<\/ol>\n<ul>\n<li><strong>w pierwszy pi\u0105tek (1 sierpnia)<\/strong>spowied\u017a od godz. 7:45 i 17:30.<\/li>\n<li><strong>w pierwsz\u0105 sobot\u0119 (2 sierpnia) nabo\u017ce\u0144stwo o godz. 17:00.<\/strong><\/li>\n<\/ul>\n<ol start=\"7\">\n<li><strong>W tygodniu przypada: <\/strong><\/li>\n<\/ol>\n<ul>\n<li>we wtorek \u2013 wspomnienie \u015bw. Marty, Marii i \u0141azarza<\/li>\n<li>w czwartek &#8211; wspomnienie \u015bw. Ignacego z Loyoli, prezbitera<\/li>\n<li>w pi\u0105tek &#8211; wspomnienie \u015bw. Alfonsa Marii Liguoriego, biskupa i doktora Ko\u015bcio\u0142a<\/li>\n<\/ul>\n<ol start=\"8\">\n<li><strong>Kancelaria parafialna, <\/strong>przez okres wakacji, czynna jest <u>w \u015brody i pi\u0105tki po Mszy \u015bw. wieczornej do godziny 19:30.<\/u><\/li>\n<li><strong>Dzi\u0119kujemy za stosowny ubi\u00f3r w ko\u015bciele w okresie wakacji. <\/strong>Msza \u015bw. jest uroczyst\u0105 celebracj\u0105, kt\u00f3ra domaga si\u0119 swego pi\u0119kna, szacunku i najwy\u017cszej kultury.<\/li>\n<li><strong> Wszystkim parafianom i go\u015bciom <\/strong>\u017cyczymy udanego wypoczynku,b\u0142ogos\u0142awie\u0144stwa Bo\u017cego oraz opieki Matki Bo\u017cej Szkaplerznej.<\/li>\n<li>Za tydzie\u0144 pierwsza niedziela miesi\u0105ca. Zapraszamy na <strong>Adoracj\u0119 Naj\u015bwi\u0119tszego Sakramentu od godz. 15:00 do godz. 18.00.<\/strong><\/li>\n<li>Miesi\u0105c lipiec by\u0142 po\u015bwi\u0119cony kontemplacji Naj\u015bwi\u0119tszej Krwi Chrystusa. <em>Dzi\u0119kuj\u0119 Wsp\u00f3lnocie Krwi Chrystusa za prowadzenie modlitw przed wieczorn\u0105 Msz\u0105 \u015bw.<\/em><\/li>\n<li>Pan powo\u0142a\u0142 do wieczno\u015bci:<\/li>\n<\/ol>\n<ul>\n<li style=\"font-weight: 400;\">\u015bp. Danut\u0119 BORYSZEWSK\u0104 lat 91 z ul. Krzywoustego<\/li>\n<li style=\"font-weight: 400;\">\u015bp. Barbar\u0119 KWIATKOWSK\u0104 lat 78 z ul. K\u0142oczowskiego<\/li>\n<li style=\"font-weight: 400;\">\u015bp. Bogus\u0142awa(m) GROMADZKIEGO lat 72 z ul. Sobieskiego<\/li>\n<li style=\"font-weight: 400;\">\u015bp. Helen\u0119 BOREJKO lat 72 z ul. Leszczy\u0144skiego<\/li>\n<li style=\"font-weight: 400;\">\u015bp. Adama RASZKOWSKIEGO lat 72 z ul. Leszczy\u0144skiego<\/li>\n<\/ul>\n<p>&nbsp;<\/p>\n<p><img decoding=\"async\" class=\"aligncenter\" src=\"http:\/\/rafalk-elblag.pl\/wp-content\/uploads\/2020\/04\/baner-intencje-mszy.jpg\" alt=\"Obrazek posiada pusty atrybut alt; plik o nazwie baner-intencje-mszy.jpg\"><\/p>\n<h3 style=\"text-align: center;\"><strong>INTENCJE MSZALNE<\/strong><\/h3>\n<h5 style=\"font-weight: 400; text-align: center;\"><strong>XVII NIEDZIELA ZWYK\u0141A &#8211; 27 lipca 2025 \/ \u0141k 11, 1 -13<\/strong><\/h5>\n<p style=\"font-weight: 400;\">&nbsp; 8.00&nbsp;&nbsp;&nbsp;&nbsp;&nbsp; Dzi\u0119kczynna z okazji imienin z pro\u015bb\u0105 o Bo\u017ce b\u0142ogos\u0142awie\u0144stwo, potrzebne \u0142aski, ufno\u015b\u0107 dla Anny<\/p>\n<p style=\"font-weight: 400;\">10.00&nbsp;&nbsp;&nbsp;&nbsp;&nbsp; \u015bp. Antoni SKUZI\u0143SKI 27 greg.<\/p>\n<p style=\"font-weight: 400;\">10.00&nbsp;&nbsp;&nbsp;&nbsp;&nbsp; \u015bp. J\u00f3zef TUBILEWICZ w 34 rocznic\u0119 \u015bmierci i zmarli z rodziny<\/p>\n<p style=\"font-weight: 400;\">12.00&nbsp;&nbsp;&nbsp;&nbsp;&nbsp; Za parafian<\/p>\n<p style=\"font-weight: 400;\">18.00&nbsp;&nbsp;&nbsp;&nbsp;&nbsp; \u015bp. Franciszek, Boles\u0142awa(k), Jan, Jerzy z rodziny KURZY\u0143SCY<\/p>\n<p>&nbsp;<\/p>\n<h5 style=\"font-weight: 400; text-align: center;\"><strong>PONIEDZIA\u0141EK<\/strong> \/ 28 lipca 2025 \/ Mt&nbsp; 13, 31 \u2013 35<\/h5>\n<p style=\"font-weight: 400;\">Wspomnienie \u015bw. Szarbela, kap\u0142ana<\/p>\n<p style=\"font-weight: 400;\">&nbsp; 8.00&nbsp;&nbsp;&nbsp;&nbsp;&nbsp; \u015bp. Antoni SKUZI\u0143SKI 28 greg.<\/p>\n<p style=\"font-weight: 400;\">18.00&nbsp;&nbsp;&nbsp;&nbsp;&nbsp; \u015bp. Weronika \u0141askowska&nbsp; &#8211; intencja od uczestnik\u00f3w pogrzebu<\/p>\n<p>&nbsp;<\/p>\n<h5 style=\"font-weight: 400; text-align: center;\"><strong>WTOREK<\/strong>&nbsp; \/ 29 lipca 2025\/&nbsp;&nbsp; J 11, 19 &#8211; 27<br \/>\nWspomnienie \u015bw. Marty, Marii i \u0141azarza<\/h5>\n<p style=\"font-weight: 400;\">&nbsp; 8.00&nbsp;&nbsp;&nbsp;&nbsp;&nbsp; \u015bp. Antoni SKUZI\u0143SKI 29 greg.<\/p>\n<p style=\"font-weight: 400;\">18.00&nbsp;&nbsp;&nbsp;&nbsp;&nbsp; \u015bp. Ryszard DEMBLER&nbsp; w 8 rocznic\u0119 \u015bmierci, \u015bp. Tomasz DEMBLER w 4 rocznic\u0119 \u015bmierci oraz za rodzic\u00f3w z obojga stron<\/p>\n<p>&nbsp;<\/p>\n<h5 style=\"font-weight: 400; text-align: center;\"><strong>\u015aRODA<\/strong> \/ 30 lipca 2025 \/ Mt 13, 44 &#8211; 46<\/h5>\n<p style=\"font-weight: 400;\">&nbsp; 8.00&nbsp;&nbsp;&nbsp;&nbsp;&nbsp; Dzi\u0119kczynna w 70 urodziny Andrzeja i Krystyny z pro\u015bb\u0105 o Bo\u017ce b\u0142ogos\u0142awie\u0144stwo, opiek\u0119 Matki Bo\u017cej oraz o potrzebne \u0142aski na ka\u017cdy kolejny dzie\u0144<\/p>\n<p style=\"font-weight: 400;\">18.00&nbsp;&nbsp;&nbsp;&nbsp;&nbsp; \u015bp. Antoni SKUZI\u0143SKI 30 greg.<\/p>\n<p>&nbsp;<\/p>\n<h5 style=\"font-weight: 400; text-align: center;\"><strong>CZWARTEK<\/strong>&nbsp; \/ 31 lipca 2025 \/ Mt 13, 47 &#8211; 53<br \/>\nwspomnienie \u015bw. Ignacego z Loyoli, kap\u0142ana<\/h5>\n<p style=\"font-weight: 400;\">&nbsp; 8.00&nbsp;&nbsp;&nbsp;&nbsp;&nbsp; \u015bp. Jolanta KASPROWICZ \u2013 intencja od kole\u017canki<\/p>\n<p style=\"font-weight: 400;\">18.00&nbsp;&nbsp;&nbsp;&nbsp;&nbsp; Dzi\u0119kczynna w 73 urodziny Jadwigi URBA\u0143SKIEJ z pro\u015bb\u0105 o zdrowie, potrzebne \u0142aski i si\u0142y na ka\u017cdy kolejny dzie\u0144<\/p>\n<p style=\"font-weight: 400;\">ADORACJA NAJ\u015aWI\u0118TSZEGO SAKRAMENTU do godz. 20:00 w ciszy<\/p>\n<p>&nbsp;<\/p>\n<h5 style=\"font-weight: 400; text-align: center;\"><strong>PI\u0104TEK<\/strong> \/ 1 sierpnia 2025 \/ Mt&nbsp; 13, 54 &#8211; 58<br \/>\nwspomnienie \u015bw. Alfonsa Marii Liguriego, biskupa i doktora ko\u015bcio\u0142a<\/h5>\n<p style=\"font-weight: 400; text-align: center;\">PIERWSZY PI\u0104TEK MIESI\u0104CA<\/p>\n<p style=\"font-weight: 400;\">&nbsp; 8.00&nbsp;&nbsp;&nbsp;&nbsp;&nbsp; \u015bp. Maria OKONOWICZ, \u015bp. Marianna, Genowefa KOPCZY\u0143SKA oraz zmarli&nbsp;&nbsp;&nbsp;&nbsp;&nbsp;&nbsp;&nbsp;&nbsp;&nbsp;&nbsp;&nbsp;&nbsp;&nbsp;&nbsp;&nbsp;&nbsp;&nbsp;&nbsp;&nbsp;&nbsp;&nbsp;&nbsp;&nbsp;&nbsp; z rodzin: OKONOWICZ i KOPCZY\u0143SKICH<\/p>\n<p style=\"font-weight: 400;\">18.00&nbsp;&nbsp;&nbsp;&nbsp;&nbsp; \u015bp. Stanis\u0142awa(k), Wilhelm, Henryk GLI\u0143SCY, \u015bp. Konstancja i Stefan WODONOS<\/p>\n<p>&nbsp;<\/p>\n<h5 style=\"font-weight: 400; text-align: center;\"><strong>SOBOTA<\/strong> \/ 2 sierpnia 2025 \/ Mt 14, 1 &#8211; 12<\/h5>\n<p style=\"font-weight: 400; text-align: center;\">PIERWSZA SOBOTA MIESI\u0104CA<\/p>\n<p style=\"font-weight: 400;\">&nbsp; 8.00&nbsp;&nbsp;&nbsp;&nbsp;&nbsp; O zdrowie i potrzebne \u0142aski w chorobie dla El\u017cbiety i Zbigniewa Ratajczyk oraz o opiek\u0119 Matki Bo\u017cej na ka\u017cdy kolejny dzie\u0144<\/p>\n<p style=\"font-weight: 400;\">17.00&nbsp;&nbsp;&nbsp;&nbsp;&nbsp; NABO\u017bE\u0143STOWO WYNAGRADZAJACE<\/p>\n<p style=\"font-weight: 400;\">18.00&nbsp;&nbsp;&nbsp;&nbsp;&nbsp; Intencja \u017bywego R\u00f3\u017ca\u0144ca<\/p>\n<p>&nbsp;<\/p>\n<h5 style=\"font-weight: 400; text-align: center;\"><strong>XVIII NIEDZIELA ZWYK\u0141A<\/strong> &#8211; 3 sierpnia 2025 \/ \u0141k 12, 13 -21<\/h5>\n<p style=\"font-weight: 400;\">&nbsp; 8.00&nbsp;&nbsp;&nbsp;&nbsp;&nbsp; O do\u015bwiadczenie Bo\u017cej Mi\u0142o\u015bci dla Karoliny i Oskara oraz dla Sebastiana i Natalii<\/p>\n<p style=\"font-weight: 400;\">10.00&nbsp;&nbsp;&nbsp;&nbsp;&nbsp; \u015bp. Irena WI\u015aNIEWSKA&nbsp; w 10 rocznice \u015bmierci<\/p>\n<p style=\"font-weight: 400;\">12.00&nbsp;&nbsp;&nbsp;&nbsp;&nbsp; Za parafian<\/p>\n<p style=\"font-weight: 400;\">15.00&nbsp;&nbsp;&nbsp;&nbsp;&nbsp; ADORACJA NAJ\u015aWI\u0118TSZEGO SAKRAMENTU<\/p>\n<p style=\"font-weight: 400;\">18.00&nbsp;&nbsp;&nbsp;&nbsp;&nbsp; Dzi\u0119kczynno \u2013 b\u0142agalna z okazji 40 rocznicy sakramentu ma\u0142\u017ce\u0144stwa Mariusza&nbsp;&nbsp;&nbsp;&nbsp;&nbsp;&nbsp;&nbsp;&nbsp;&nbsp;&nbsp;&nbsp;&nbsp;&nbsp;&nbsp;&nbsp;&nbsp;&nbsp;&nbsp;&nbsp;&nbsp;&nbsp;&nbsp;&nbsp;&nbsp;&nbsp;&nbsp;&nbsp;&nbsp;&nbsp;&nbsp; i Krystyny KOMOREK<\/p>\n","protected":false},"excerpt":{"rendered":"<p>OG\u0141OSZENIA PARAFIALNE Serdecznie witamy w naszej wsp\u00f3lnocie parafialnej wikariusza, ks. mgr Adama Gapysa, kt\u00f3ry Dekretem Biskupa Elbl\u0105skiego od 1 sierpnia br. zosta\u0142 przeniesiony z parafii pw. \u015bw. Wojciecha w Elbl\u0105gu do naszej parafii. Otoczmy kap\u0142ana modlitw\u0105, by Jego pos\u0142uga przynios\u0142a b\u0142ogos\u0142awione owoce. W pi\u0105tek rozpoczynamy miesi\u0105c abstynencji. Przez pami\u0119\u0107 o wielkich dzie\u0142ach, kt\u00f3re B\u00f3g dokona\u0142 [&hellip;]<\/p>\n","protected":false},"author":1,"featured_media":5784,"comment_status":"closed","ping_status":"closed","sticky":false,"template":"","format":"standard","meta":{"ngg_post_thumbnail":0,"footnotes":""},"categories":[11,8,4,3],"tags":[],"class_list":["post-5783","post","type-post","status-publish","format-standard","has-post-thumbnail","hentry","category-aktualnosci","category-blog","category-intencje","category-ogloszenia"],"_links":{"self":[{"href":"https:\/\/rafalk-elblag.pl\/index.php?rest_route=\/wp\/v2\/posts\/5783","targetHints":{"allow":["GET"]}}],"collection":[{"href":"https:\/\/rafalk-elblag.pl\/index.php?rest_route=\/wp\/v2\/posts"}],"about":[{"href":"https:\/\/rafalk-elblag.pl\/index.php?rest_route=\/wp\/v2\/types\/post"}],"author":[{"embeddable":true,"href":"https:\/\/rafalk-elblag.pl\/index.php?rest_route=\/wp\/v2\/users\/1"}],"replies":[{"embeddable":true,"href":"https:\/\/rafalk-elblag.pl\/index.php?rest_route=%2Fwp%2Fv2%2Fcomments&post=5783"}],"version-history":[{"count":1,"href":"https:\/\/rafalk-elblag.pl\/index.php?rest_route=\/wp\/v2\/posts\/5783\/revisions"}],"predecessor-version":[{"id":5785,"href":"https:\/\/rafalk-elblag.pl\/index.php?rest_route=\/wp\/v2\/posts\/5783\/revisions\/5785"}],"wp:featuredmedia":[{"embeddable":true,"href":"https:\/\/rafalk-elblag.pl\/index.php?rest_route=\/wp\/v2\/media\/5784"}],"wp:attachment":[{"href":"https:\/\/rafalk-elblag.pl\/index.php?rest_route=%2Fwp%2Fv2%2Fmedia&parent=5783"}],"wp:term":[{"taxonomy":"category","embeddable":true,"href":"https:\/\/rafalk-elblag.pl\/index.php?rest_route=%2Fwp%2Fv2%2Fcategories&post=5783"},{"taxonomy":"post_tag","embeddable":true,"href":"https:\/\/rafalk-elblag.pl\/index.php?rest_route=%2Fwp%2Fv2%2Ftags&post=5783"}],"curies":[{"name":"wp","href":"https:\/\/api.w.org\/{rel}","templated":true}]}}