{"id":5779,"date":"2025-07-21T19:28:57","date_gmt":"2025-07-21T19:28:57","guid":{"rendered":"https:\/\/rafalk-elblag.pl\/?p=5779"},"modified":"2025-07-21T19:28:57","modified_gmt":"2025-07-21T19:28:57","slug":"ogloszenia-parafialne-20-07-2025-r-xvi-niedziela-zwykla","status":"publish","type":"post","link":"https:\/\/rafalk-elblag.pl\/?p=5779","title":{"rendered":"OG\u0141OSZENIA PARAFIALNE 20.07.2025 r. \u2013 XVI Niedziela Zwyk\u0142a"},"content":{"rendered":"<p><a href=\"http:\/\/rafalk-elblag.pl\/wp-content\/uploads\/2021\/08\/ogloszenia-parafialne-baner-01a.jpg\"><img decoding=\"async\" class=\"aligncenter\" src=\"http:\/\/rafalk-elblag.pl\/wp-content\/uploads\/2021\/08\/ogloszenia-parafialne-baner-01a.jpg\" alt=\"Obrazek posiada pusty atrybut alt; plik o nazwie ogloszenia-parafialne-baner-01a.jpg\"><\/a><\/p>\n<h3 style=\"font-weight: 400; text-align: center;\"><strong>OG\u0141OSZENIA PARAFIALNE<\/strong><\/h3>\n<ol>\n<li><em>W zwi\u0105zku z pielgrzymk\u0105 na Jasn\u0105 G\u00f3r\u0119 ju\u017c tradycyjnie przy wej\u015bciu do ko\u015bcio\u0142a wystawione jest pude\u0142ko na intencje modlitewne, kt\u00f3re zabior\u0105 w Naszym imieniu pielgrzymi w\u0119druj\u0105cy na Jasn\u0105 G\u00f3r\u0119. Prosimy o wypisywanie swoich intencji.<\/em><\/li>\n<li><strong>Dzi\u0119kujemy Panu Bogu za kolejny wspania\u0142y dzie\u0144, po\u015bwi\u0119cony Naj\u015bwi\u0119tszej Maryi Pannie z G\u00f3ry Karmel (16 lipca), by\u0142o to nasze radosne prze\u017cywanie ODPUSTU PARAFIALNEGO. <em>B\u00f3g zap\u0142a\u0107 za liczny udzia\u0142 i za pomoc w przygotowaniu powy\u017cszej uroczysto\u015bci. &nbsp;Dzi\u0119kuj\u0119.<\/em><\/strong><\/li>\n<li><strong>UWAGA KIEROWCY<\/strong> \u2013 w pi\u0105tek 25 lipca przypada liturgiczne wspomnienie \u015bw. Krzysztofa \u2013 patrona kierowc\u00f3w. <strong>Po Mszy \u015bw. o godz. 8:00 i 18:00 odb\u0119dzie si\u0119<\/strong><strong>po\u015bwi\u0119cenie pojazd\u00f3w<\/strong> i wr\u0119czenie pami\u0105tkowego breloczka. <em>Ofiary zebrane przy tej okazji jak co roku zostan\u0105 przekazane na \u015brodki transportu dla misjonarzy <\/em><\/li>\n<li>Pami\u0119tajmy, \u017ce 26 lipca to dzie\u0144 wdzi\u0119czno\u015bci rodzicom, dziadkom i emerytom. Pro\u015bmy, by \u015bwi\u0119ci Anna i Joachim patronowie tego dnia wypraszali dla nich potrzebne \u0142aski.<\/li>\n<li><strong>W tygodniu przypada: <\/strong><\/li>\n<\/ol>\n<ul>\n<li>wtorek wspomnienie \u015bw. Marii Magdaleny<\/li>\n<li>\u015broda \u015bwi\u0119to \u015bw. Brygidy, zakonnicy, patronki Europy<\/li>\n<li>czwartek wspomnienie \u015bw. Kingi, dziewicy<\/li>\n<li>pi\u0105tek \u015bwi\u0119to Jakuba, Aposto\u0142a i \u015bw. Krzysztofa<\/li>\n<li>sobota wspomnienie \u015bw. Joachima i Anny<\/li>\n<\/ul>\n<p style=\"font-weight: 400;\"><strong><em>Zapraszamy na Msz\u0119 \u015bw. o godz. 8:00 lub o godz. 18:00<\/em><\/strong><\/p>\n<ol start=\"6\">\n<li>Lipiec jest miesi\u0105cem po\u015bwi\u0119conym kontemplacji Naj\u015bwi\u0119tszej Krwi Chrystusa. Krew Chrystusa jest niezbitym dowodem mi\u0142o\u015bci Niebieskiego Ojca do ka\u017cdego cz\u0142owieka bez wyj\u0105tku. <em>Zach\u0119cam Wsp\u00f3lnot\u0119 Krwi Chrystusa do prowadzenia modlitw.<\/em><\/li>\n<li><strong>Kancelaria parafialna, <\/strong>przez ca\u0142y okres wakacji, <strong>czynna jest w \u015brody i pi\u0105tki<\/strong> po&nbsp;&nbsp; Mszy \u015bw. wieczorowej do godz<strong>. 19:30. <\/strong><\/li>\n<li>Zach\u0119cam do nabywania przed ko\u015bcio\u0142em nowego numeru \u201eGo\u015bcia Niedzielnego\u201d&nbsp; z dodatkiem \u201eGO\u015a\u0106 ELBL\u0104SKI\u201d.<\/li>\n<li>Pan powo\u0142a\u0142 do wieczno\u015bci:<\/li>\n<\/ol>\n<p style=\"font-weight: 400;\">&nbsp;&nbsp;&nbsp;&nbsp;&nbsp;&nbsp;&nbsp;&nbsp;&nbsp;&nbsp;&nbsp;&nbsp;&nbsp;&nbsp;&nbsp;&nbsp;&nbsp;&nbsp;&nbsp;&nbsp;&nbsp;&nbsp;&nbsp;&nbsp;&nbsp;&nbsp;&nbsp; \u015bp. W\u0142odzimierza WR\u00d3BLEWSKIEGO lat 75 z ul. Tuwima<\/p>\n<p>&nbsp;<\/p>\n<p><img decoding=\"async\" class=\"aligncenter\" src=\"http:\/\/rafalk-elblag.pl\/wp-content\/uploads\/2020\/04\/baner-intencje-mszy.jpg\" alt=\"Obrazek posiada pusty atrybut alt; plik o nazwie baner-intencje-mszy.jpg\"><\/p>\n<h3 style=\"text-align: center;\"><strong>INTENCJE MSZALN<\/strong><\/h3>\n<h5 style=\"font-weight: 400; text-align: center;\"><strong>XVI NIEDZIELA ZWYK\u0141A &#8211; 20 lipca 2025 \/ \u0141k 10, 38 &#8211; 42<\/strong><\/h5>\n<p style=\"font-weight: 400;\">&nbsp; 8.00 \u015bp. Janina, Jan, Iwona, Ryszard(m) i zmarli z rodzin: D\u0104BROWSKICH, JASINSKICH, KUJAWSKICH i NIKE<\/p>\n<p style=\"font-weight: 400;\">10.00 \u015bp. Anna \u0141USZCZYK w 30 dzie\u0144 po pogrzebie<\/p>\n<p style=\"font-weight: 400;\">12.00 Za parafian \u2013 Msza \u015bw. z udzieleniem sakramentu chrztu \u015bw.<\/p>\n<p style=\"font-weight: 400;\">18.00 \u015bp. Antoni SKUZI\u0143SKI 20 greg.<\/p>\n<p>&nbsp;<\/p>\n<h5 style=\"font-weight: 400; text-align: center;\"><strong>PONIEDZIA\u0141EK \/ 21 lipca 2025 \/ Mt&nbsp; 12, 38 \u2013 42<\/strong><\/h5>\n<p style=\"font-weight: 400;\">&nbsp; 8.00 \u015bp. Antoni SKUZI\u0143SKI 21 greg.<\/p>\n<p style=\"font-weight: 400;\">&nbsp; 8.00 \u015bp. Krystyna MURAWSKA&nbsp; w 30 dzie\u0144 po pogrzebie<\/p>\n<p style=\"font-weight: 400;\">18.00 Rezerwacja<\/p>\n<p>&nbsp;<\/p>\n<h5 style=\"font-weight: 400; text-align: center;\"><strong>WTOREK&nbsp; \/ 22 lipca 2025\/&nbsp;&nbsp; J 20, 1 -18 &#8211; \u015aWI\u0118TO \u015aW. MARII MAGDALENY<\/strong><\/h5>\n<p style=\"font-weight: 400;\">&nbsp; 8.00 \u015bp. Krzysztof KOSIDOWSKI \u2013 intencja od uczestnik\u00f3w pogrzebu<\/p>\n<p style=\"font-weight: 400;\">18.00 \u015bp. Antoni SKUZI\u0143SKI 22 greg.<\/p>\n<p>&nbsp;<\/p>\n<h5 style=\"font-weight: 400; text-align: center;\"><strong>\u015aRODA \/ 23 lipca 2025 \/ J 15, 1 -8 &#8211; \u015aWI\u0118TO \u015aW. BRIGIDY, ZAKONNICY, PATRONKI EUROPY<\/strong><\/h5>\n<p style=\"font-weight: 400;\">&nbsp; 8.00 \u015bp. Antoni SKUZI\u0143SKI 23 greg.<\/p>\n<p style=\"font-weight: 400;\">18.00 \u015bp. J\u00f3zefa(k), J\u00f3zef(m), Ryszard z rodziny SULECKICH, \u015bp. Edmund CIROCKI<\/p>\n<p>&nbsp;<\/p>\n<h5 style=\"font-weight: 400; text-align: center;\"><strong>CZWARTEK&nbsp; \/ 24 lipca 2025 \/ Mt 13, 10 \u2013 17 &#8211; WSPOMNIENIE \u015aW. KINGI, DZIEWICY<\/strong><\/h5>\n<p style=\"font-weight: 400;\">&nbsp; 8.00 \u015bp. Bogus\u0142awa(k) RAGUS w 11 rocznic\u0119 \u015bmierci, \u015bp. Stanis\u0142awa(k) i Kazimierz JARKA<\/p>\n<p style=\"font-weight: 400;\">18.00 \u015bp. Antoni SKUZI\u0143SKI 24 greg.<\/p>\n<p style=\"font-weight: 400;\">18.00 Z okazji imienin ks. Krzysztofa LEWANDOWSKIEGO&nbsp; z pro\u015bb\u0105 o Bo\u017ce b\u0142ogos\u0142awie\u0144stwo, wytrwa\u0142o\u015b\u0107 oraz o dary Ducha \u015awi\u0119tego w dalszej pos\u0142udze kap\u0142a\u0144skiej \u2013 intencja od Margaretki<\/p>\n<p>&nbsp;<\/p>\n<h5 style=\"font-weight: 400; text-align: center;\"><strong>PI\u0104TEK \/ 25 lipca 2025 \/ Mt&nbsp; 20, 20 -28 &#8211; \u015aWI\u0118TO \u015aW. JAKUBA, APOSTO\u0141A, \u015aW. KRZYSZTOFA PATRONA KIEROWC\u00d3W<\/strong><\/h5>\n<p style=\"font-weight: 400;\">&nbsp; 8.00 \u015bp. Antoni SKUZI\u0143SKI 25 greg.<\/p>\n<p style=\"font-weight: 400;\">18.00 \u015bp. Jerzy i Anna PIEKARSCY, \u015bp. Stanis\u0142aw(m) WASZAK, \u015bp. Ewa i Stefan WASZAK<\/p>\n<p>&nbsp;<\/p>\n<h5 style=\"font-weight: 400; text-align: center;\"><strong>SOBOTA \/ 26 lipca 2025 \/ Mt 13, 24 -30 &#8211; WSPOMNIENIE \u015aW.&nbsp; JOACHIMA i ANNY, RODZIC\u00d3W N M P<\/strong><\/h5>\n<p style=\"font-weight: 400;\">&nbsp; 8.00 \u015bp. J\u00f3zef CZESZEJKO \u2013 SOCHACKI<\/p>\n<p style=\"font-weight: 400;\">18.00 \u015bp. Antoni SKUZI\u0143SKI 26 greg.<\/p>\n<p style=\"font-weight: 400;\">18.00 \u015bp. Krzysztof, Miros\u0142aw, Ryszard, Zofia, Kazimierz ZABOROWSCY, \u015bp. Helena, Wiktor STANKIEWICZ, \u015bp. Wiktor HERNATKIEWICZ<\/p>\n<p style=\"font-weight: 400;\">&nbsp;&nbsp;&nbsp;&nbsp;&nbsp;&nbsp;&nbsp;&nbsp;<\/p>\n<h5 style=\"font-weight: 400; text-align: center;\"><strong>XVII NIEDZIELA ZWYK\u0141A &#8211; 27 lipca 2025 \/ \u0141k 11, 1 -13<\/strong><\/h5>\n<p style=\"font-weight: 400;\">&nbsp; 8.00 Dzi\u0119kczynna z okazji imienin z pro\u015bb\u0105 o Bo\u017ce b\u0142ogos\u0142awie\u0144stwo, potrzebne \u0142aski, ufno\u015b\u0107 dla Anny<\/p>\n<p style=\"font-weight: 400;\">10.00 \u015bp. Antoni SKUZI\u0143SKI 27 greg.<\/p>\n<p style=\"font-weight: 400;\">10.00 \u015bp. J\u00f3zef TUBILEWICZ w 34 rocznic\u0119 \u015bmierci i zmarli z rodziny<\/p>\n<p style=\"font-weight: 400;\">12.00 Za parafian<\/p>\n<p style=\"font-weight: 400;\">18.00 \u015bp. Franciszek, Boles\u0142awa(k), Jan, Jerzy z rodziny KURZY\u0143SCY<\/p>\n<p>&nbsp;<\/p>\n","protected":false},"excerpt":{"rendered":"<p>OG\u0141OSZENIA PARAFIALNE W zwi\u0105zku z pielgrzymk\u0105 na Jasn\u0105 G\u00f3r\u0119 ju\u017c tradycyjnie przy wej\u015bciu do ko\u015bcio\u0142a wystawione jest pude\u0142ko na intencje modlitewne, kt\u00f3re zabior\u0105 w Naszym imieniu pielgrzymi w\u0119druj\u0105cy na Jasn\u0105 G\u00f3r\u0119. Prosimy o wypisywanie swoich intencji. Dzi\u0119kujemy Panu Bogu za kolejny wspania\u0142y dzie\u0144, po\u015bwi\u0119cony Naj\u015bwi\u0119tszej Maryi Pannie z G\u00f3ry Karmel (16 lipca), by\u0142o to nasze [&hellip;]<\/p>\n","protected":false},"author":1,"featured_media":5780,"comment_status":"closed","ping_status":"closed","sticky":false,"template":"","format":"standard","meta":{"ngg_post_thumbnail":0,"footnotes":""},"categories":[11,8,4,3],"tags":[],"class_list":["post-5779","post","type-post","status-publish","format-standard","has-post-thumbnail","hentry","category-aktualnosci","category-blog","category-intencje","category-ogloszenia"],"_links":{"self":[{"href":"https:\/\/rafalk-elblag.pl\/index.php?rest_route=\/wp\/v2\/posts\/5779","targetHints":{"allow":["GET"]}}],"collection":[{"href":"https:\/\/rafalk-elblag.pl\/index.php?rest_route=\/wp\/v2\/posts"}],"about":[{"href":"https:\/\/rafalk-elblag.pl\/index.php?rest_route=\/wp\/v2\/types\/post"}],"author":[{"embeddable":true,"href":"https:\/\/rafalk-elblag.pl\/index.php?rest_route=\/wp\/v2\/users\/1"}],"replies":[{"embeddable":true,"href":"https:\/\/rafalk-elblag.pl\/index.php?rest_route=%2Fwp%2Fv2%2Fcomments&post=5779"}],"version-history":[{"count":1,"href":"https:\/\/rafalk-elblag.pl\/index.php?rest_route=\/wp\/v2\/posts\/5779\/revisions"}],"predecessor-version":[{"id":5781,"href":"https:\/\/rafalk-elblag.pl\/index.php?rest_route=\/wp\/v2\/posts\/5779\/revisions\/5781"}],"wp:featuredmedia":[{"embeddable":true,"href":"https:\/\/rafalk-elblag.pl\/index.php?rest_route=\/wp\/v2\/media\/5780"}],"wp:attachment":[{"href":"https:\/\/rafalk-elblag.pl\/index.php?rest_route=%2Fwp%2Fv2%2Fmedia&parent=5779"}],"wp:term":[{"taxonomy":"category","embeddable":true,"href":"https:\/\/rafalk-elblag.pl\/index.php?rest_route=%2Fwp%2Fv2%2Fcategories&post=5779"},{"taxonomy":"post_tag","embeddable":true,"href":"https:\/\/rafalk-elblag.pl\/index.php?rest_route=%2Fwp%2Fv2%2Ftags&post=5779"}],"curies":[{"name":"wp","href":"https:\/\/api.w.org\/{rel}","templated":true}]}}