{"id":5776,"date":"2025-07-15T14:47:00","date_gmt":"2025-07-15T14:47:00","guid":{"rendered":"http:\/\/rafalk-elblag.pl\/?p=5776"},"modified":"2025-07-15T12:27:24","modified_gmt":"2025-07-15T12:27:24","slug":"ogloszenia-parafialne-13-07-2025-r-xv-niedziela-zwykla","status":"publish","type":"post","link":"https:\/\/rafalk-elblag.pl\/?p=5776","title":{"rendered":"OG\u0141OSZENIA PARAFIALNE 13.07.2025 r. \u2013 XV Niedziela Zwyk\u0142a"},"content":{"rendered":"<p><a href=\"http:\/\/rafalk-elblag.pl\/wp-content\/uploads\/2021\/08\/ogloszenia-parafialne-baner-01a.jpg\"><img decoding=\"async\" class=\"aligncenter\" src=\"http:\/\/rafalk-elblag.pl\/wp-content\/uploads\/2021\/08\/ogloszenia-parafialne-baner-01a.jpg\" alt=\"Obrazek posiada pusty atrybut alt; plik o nazwie ogloszenia-parafialne-baner-01a.jpg\"><\/a><\/p>\n<h3 style=\"font-weight: 400; text-align: center;\"><strong>OG\u0141OSZENIA PARAFIALNE<\/strong><\/h3>\n<ol>\n<li><em>W zwi\u0105zku z pielgrzymk\u0105 na Jasn\u0105 G\u00f3r\u0119 ju\u017c tradycyjnie przy wej\u015bciu do ko\u015bcio\u0142a wystawione jest pude\u0142ko na intencje modlitewne, kt\u00f3re zabior\u0105 w Naszym imieniu pielgrzymi w\u0119druj\u0105cy na Jasn\u0105 G\u00f3r\u0119. Prosimy o wypisywanie swoich intencji.<\/em><\/li>\n<li>Dzisiaj w naszej parafii prze\u017cywamy <strong>DZIE\u0143 PIELGRZYMA.<\/strong> Us\u0142yszeli\u015bmy s\u0142owo Marcina Nie\u015bcigorskiego zach\u0119caj\u0105cego do wybrania si\u0119 na <strong>XXXIII ELBLASKA PIELGRZYMK\u0118 DO CZ\u0118STOCHOWY. <\/strong>M\u0142odzie\u017c pielgrzymuj\u0105ca pos\u0142uguj\u0105ca muzycznie b\u0119dzie dzi\u015b przed ko\u015bcio\u0142em zbiera\u0107 ofiary do puszek na powy\u017cszy cel. <strong><em>Dzi\u0119kujemy za wsparcie<\/em><\/strong><strong><em>.<\/em><\/strong><\/li>\n<li><strong><em><u>We wtorek (15 lipca) na godz. 10:00 zapraszam ch\u0119tnych m\u0119\u017cczyzn do pomocy przy postawieniu namiotu przed ko\u015bcio\u0142em na czas uroczysto\u015bci szkaplerznych.<\/u><\/em><\/strong><\/li>\n<li><strong>Trwa Nowenna przed \u015awi\u0119tem Matki Bo\u017cej Szkaplerznej (16 lipca). <\/strong>Zapraszamy wszystkich, a szczeg\u00f3lnie tych, kt\u00f3rzy przyj\u0119li szkaplerz karmelita\u0144ski i tworz\u0105 Rodzin\u0119 Karmelita\u0144sk\u0105 i Bractwo Szkaplerzne do podj\u0119cia tego wezwania.<\/li>\n<li>Osoby, kt\u00f3re chcia\u0142yby w\u0142\u0105czy\u0107 si\u0119 w przygotowanie <strong>UROCZYSTO\u015aCI SZKAPLERZNEJ,<\/strong> mog\u0105 to uczyni\u0107 poprzez przyniesienie ciast do wsp\u00f3lnego sto\u0142u. B\u0119d\u0119 wdzi\u0119czny za dostarczenie wypiek\u00f3w do salki parafialnej w dniu odpustu w \u015brod\u0119 16 lipca &#8211; od godziny 16:00 do 17:00. (wej\u015bcie boczne). <strong><em>Dzi\u0119kuje bardzo.<\/em><\/strong><\/li>\n<li><strong>W ramach bezpo\u015bredniego przygotowania do ODPUSTU Matki Bo\u017cej Szkaplerznej \u2013 patronki naszego ko\u015bcio\u0142a <\/strong>od niedzieli 13 lipca br. b\u0119dziemy mogli uczestniczy\u0107 w specjalnych naukach podczas Mszy \u015bw. o godz. 18:00. <em>Poprowadzi je ks. dr Marcin Pinkiewicz.<\/em><\/li>\n<\/ol>\n<p style=\"text-align: center;\"><strong><em>UROCZYSTA MSZA \u015aW. ODPUSTOWA zostanie odprawiona 16 LIPCA 2025 o godz. 18:00, kt\u00f3rej przewodniczy\u0107 b\u0119dzie zaproszony Go\u015b\u0107. Wszystkich pragn\u0105cych \u015bwi\u0119towa\u0107 i dzi\u0119kowa\u0107 za dar SZKAPLERZA \u015aWI\u0118TEGO, b\u0105d\u017a przyj\u0105\u0107 ten szczeg\u00f3lny dar Maryi zapraszamy do ko\u015bcio\u0142a w \u015brod\u0119 16 lipca od godz. 17:30. <\/em><\/strong><\/p>\n<ol start=\"7\">\n<li><strong>Lipiec jest miesi\u0105cem po\u015bwi\u0119conym kontemplacji Naj\u015bwi\u0119tszej Krwi Chrystusa. <\/strong>Krew Chrystusa jest niezbitym dowodem mi\u0142o\u015bci Niebieskiego Ojca do ka\u017cdego cz\u0142owieka bez wyj\u0105tku. <em>Zach\u0119cam Wsp\u00f3lnot\u0119 Krwi Chrystusa do prowadzenia modlitw.<\/em><\/li>\n<li><strong>Kancelaria parafialna, <\/strong>przez ca\u0142y okres wakacji, <strong>czynna jest w \u015brody i pi\u0105tki<\/strong><br \/>\npo&nbsp;&nbsp; Mszy \u015bw. wieczorowej do godz<strong>. 19:30. <\/strong><em>W tym tygodniu z racji ODPUSTU kancelaria w \u015brod\u0119 nieczynna.<\/em><\/li>\n<li>Zach\u0119cam do nabywania przed ko\u015bcio\u0142em nowego numeru \u201eGo\u015bcia Niedzielnego\u201d z dodatkiem \u201eGO\u015a\u0106 ELBL\u0104SKI\u201d.<\/li>\n<li>Pan powo\u0142a\u0142 do wieczno\u015bci: \u015bp. Jana MALANOWSKIEGO lat 87 z ul. Broniewskiego<\/li>\n<\/ol>\n<p>&nbsp;<\/p>\n<p>&nbsp;<\/p>\n<p><img decoding=\"async\" class=\"aligncenter\" src=\"http:\/\/rafalk-elblag.pl\/wp-content\/uploads\/2020\/04\/baner-intencje-mszy.jpg\" alt=\"Obrazek posiada pusty atrybut alt; plik o nazwie baner-intencje-mszy.jpg\"><\/p>\n<h3 style=\"text-align: center;\"><strong>INTENCJE MSZALNE<\/strong><\/h3>\n<p style=\"text-align: center;\"><strong>XV NIEDZIELA ZWYK\u0141A &#8211; 13 lipca 2025 \/ \u0141k 10, 25 &#8211; 37<\/strong><\/p>\n<p>&nbsp; 8.00&nbsp;&nbsp;&nbsp; \u015bp. Aleksandra(k) RADZISZEWSKA w 19 rocznic\u0119 \u015bmierci<\/p>\n<p>10.00&nbsp;&nbsp;&nbsp; \u015bp. Antoni SKUZI\u0143SKI 13 greg.<\/p>\n<p>10.00&nbsp;&nbsp;&nbsp; O uprzedzaj\u0105c\u0105 \u0142ask\u0119 wszelkich natchnie\u0144, si\u0142\u0119 i rozwag\u0119, by wprowadzane w \u017cycie zaowocowa\u0142y ca\u0142kowitym przylgni\u0119ciem do Pana Boga dla Nikodema i jego rodziny, Agnieszki i ca\u0142ej rodziny zakonnej oraz dla Magdaleny i jej rodziny<\/p>\n<p>12.00&nbsp;&nbsp;&nbsp; Za parafian<\/p>\n<p>18.00&nbsp;&nbsp;&nbsp; \u015bp. Teofil i Jadwiga<\/p>\n<p>&nbsp;<\/p>\n<p style=\"text-align: center;\"><strong>PONIEDZIA\u0141EK \/ 14 lipca 2025 \/ Mt&nbsp; 10, 34 \u2013 11,1<\/strong><\/p>\n<p>&nbsp; 8.00&nbsp;&nbsp;&nbsp; \u015bp. Anna NADOLSKA, \u015bp. J\u00f3zef, Marianna, Zbigniew, S\u0142awomir, Danuta z rodziny M\u0141YNARSKICH<\/p>\n<p>18.00&nbsp;&nbsp;&nbsp; \u015bp. Antoni SKUZI\u0143SKI 14 greg.<\/p>\n<p>&nbsp;<\/p>\n<p style=\"text-align: center;\"><strong>WTOREK&nbsp; \/ 15 lipca 2025\/&nbsp; Mt 11, 20 &#8211; 24<br \/>\n<\/strong>wspomnienie&nbsp; \u015bw. Bonawentury, biskupa i doktora ko\u015bcio\u0142a<\/p>\n<p>&nbsp; 8.00&nbsp;&nbsp;&nbsp; Za dusze cierpi\u0105ce w czy\u015b\u0107cu i \u015bp. Romana<\/p>\n<p>18.00&nbsp;&nbsp;&nbsp; \u015bp. Antoni SKUZI\u0143SKI 15 greg.<\/p>\n<p>&nbsp;<\/p>\n<p style=\"text-align: center;\"><strong>\u015aRODA \/ 16 lipca 2025 \/ Mt 11, 25 -27&nbsp;&nbsp;&nbsp;&nbsp;&nbsp;&nbsp; <\/strong><br \/>\n<strong>ODPUST &#8211; UROCZYSTO\u015a\u0106 NAJ\u015aWI\u0118TSZEJ MARYI PANNY Z G\u00d3RY KARMEL<\/strong><\/p>\n<p>&nbsp; 8.00&nbsp;&nbsp;&nbsp; \u015bp. Antoni SKUZI\u0143SKI 16 greg.<\/p>\n<p>&nbsp; 8.00&nbsp;&nbsp;&nbsp; \u015bp. Jadwiga KOZ\u0141OWSKA w 30 dzie\u0144 po pogrzebie<\/p>\n<p>18.00&nbsp;&nbsp;&nbsp; Za parafian<\/p>\n<p>18.00&nbsp;&nbsp;&nbsp; Za Rodzin\u0119 i Bractwo Szkaplerzne i osoby kt\u00f3re przyjm\u0105 Szkaplerz Karmelita\u0144ski<\/p>\n<p>&nbsp;<\/p>\n<p style=\"text-align: center;\"><strong>CZWARTEK&nbsp; \/ 17 lipca 2025 \/ Mt 11, 28 &#8211; 30<\/strong><\/p>\n<p>&nbsp; 8.00&nbsp;&nbsp;&nbsp; Dzi\u0119kczynna za otrzymane \u0142aski z pro\u015bb\u0105 o dalsz\u0105 opiek\u0119, Bo\u017ce b\u0142ogos\u0142awie\u0144stwo dla Doroty i ca\u0142ej rodziny<\/p>\n<p>18.00&nbsp;&nbsp;&nbsp; \u015bp. Antoni SKUZI\u0143SKI 17 greg.<\/p>\n<p>&nbsp;<\/p>\n<p style=\"text-align: center;\"><strong>PI\u0104TEK \/ 18 lipca 2025 \/ Mt&nbsp; 12, 1 -8<\/strong><br \/>\n\u015bw. Szymona z Lipnicy, kap\u0142ana<\/p>\n<p>&nbsp; 8.00&nbsp;&nbsp;&nbsp; \u015bp. Antoni SKUZI\u0143SKI 18 greg.<\/p>\n<p>18.00&nbsp;&nbsp;&nbsp; Za zmar\u0142ych z rodzin WALENDOWSKICH, FALENTA, NIECIECKICH i BACHORSKICH<\/p>\n<p>&nbsp;<\/p>\n<p style=\"text-align: center;\"><strong>SOBOTA \/ 19 lipca 2025 \/ Mt 12, 14 &#8211; 21<\/strong><\/p>\n<p>&nbsp; 8.00&nbsp;&nbsp;&nbsp; \u015bp. Antoni SKUZI\u0143SKI 19 greg.<\/p>\n<p>&nbsp; 8.00&nbsp;&nbsp;&nbsp; \u015bp. Tadeusz i zmar\u0142ych rodzic\u00f3w z obojga stron<\/p>\n<p>18.00&nbsp;&nbsp;&nbsp; \u015ap. Henryk CZAPIEWSKI w 4 rocznic\u0119 \u015bmierci i zmar\u0142ych z rodzin: CZAPIEWSKICH i FALKOWSKICH<\/p>\n<p>&nbsp;<\/p>\n<p style=\"text-align: center;\"><strong>XVI NIEDZIELA ZWYK\u0141A &#8211; 20 lipca 2025 \/ \u0141k 10, 38 &#8211; 42<\/strong><\/p>\n<p>&nbsp; 8.00&nbsp;&nbsp;&nbsp; \u015bp. Janina, Jan, Iwona, Ryszard(m) i zmarli z rodzin: D\u0104BROWSKICH, JASINSKICH, KUJAWSKICH i NIKE<\/p>\n<p>10.00&nbsp;&nbsp;&nbsp; \u015bp. Anna \u0141USZCZYK w 30 dzie\u0144 po pogrzebie<\/p>\n<p>12.00&nbsp;&nbsp;&nbsp; Za parafian \u2013 Msza \u015bw. z udzieleniem sakramentu chrztu \u015bw.<\/p>\n<p>18.00&nbsp;&nbsp;&nbsp; \u015bp. Antoni SKUZI\u0143SKI 20 greg.<\/p>\n","protected":false},"excerpt":{"rendered":"<p>OG\u0141OSZENIA PARAFIALNE W zwi\u0105zku z pielgrzymk\u0105 na Jasn\u0105 G\u00f3r\u0119 ju\u017c tradycyjnie przy wej\u015bciu do ko\u015bcio\u0142a wystawione jest pude\u0142ko na intencje modlitewne, kt\u00f3re zabior\u0105 w Naszym imieniu pielgrzymi w\u0119druj\u0105cy na Jasn\u0105 G\u00f3r\u0119. Prosimy o wypisywanie swoich intencji. Dzisiaj w naszej parafii prze\u017cywamy DZIE\u0143 PIELGRZYMA. Us\u0142yszeli\u015bmy s\u0142owo Marcina Nie\u015bcigorskiego zach\u0119caj\u0105cego do wybrania si\u0119 na XXXIII ELBLASKA PIELGRZYMK\u0118 [&hellip;]<\/p>\n","protected":false},"author":1,"featured_media":5777,"comment_status":"closed","ping_status":"closed","sticky":false,"template":"","format":"standard","meta":{"ngg_post_thumbnail":0,"footnotes":""},"categories":[11,8,4,3],"tags":[],"class_list":["post-5776","post","type-post","status-publish","format-standard","has-post-thumbnail","hentry","category-aktualnosci","category-blog","category-intencje","category-ogloszenia"],"_links":{"self":[{"href":"https:\/\/rafalk-elblag.pl\/index.php?rest_route=\/wp\/v2\/posts\/5776","targetHints":{"allow":["GET"]}}],"collection":[{"href":"https:\/\/rafalk-elblag.pl\/index.php?rest_route=\/wp\/v2\/posts"}],"about":[{"href":"https:\/\/rafalk-elblag.pl\/index.php?rest_route=\/wp\/v2\/types\/post"}],"author":[{"embeddable":true,"href":"https:\/\/rafalk-elblag.pl\/index.php?rest_route=\/wp\/v2\/users\/1"}],"replies":[{"embeddable":true,"href":"https:\/\/rafalk-elblag.pl\/index.php?rest_route=%2Fwp%2Fv2%2Fcomments&post=5776"}],"version-history":[{"count":1,"href":"https:\/\/rafalk-elblag.pl\/index.php?rest_route=\/wp\/v2\/posts\/5776\/revisions"}],"predecessor-version":[{"id":5778,"href":"https:\/\/rafalk-elblag.pl\/index.php?rest_route=\/wp\/v2\/posts\/5776\/revisions\/5778"}],"wp:featuredmedia":[{"embeddable":true,"href":"https:\/\/rafalk-elblag.pl\/index.php?rest_route=\/wp\/v2\/media\/5777"}],"wp:attachment":[{"href":"https:\/\/rafalk-elblag.pl\/index.php?rest_route=%2Fwp%2Fv2%2Fmedia&parent=5776"}],"wp:term":[{"taxonomy":"category","embeddable":true,"href":"https:\/\/rafalk-elblag.pl\/index.php?rest_route=%2Fwp%2Fv2%2Fcategories&post=5776"},{"taxonomy":"post_tag","embeddable":true,"href":"https:\/\/rafalk-elblag.pl\/index.php?rest_route=%2Fwp%2Fv2%2Ftags&post=5776"}],"curies":[{"name":"wp","href":"https:\/\/api.w.org\/{rel}","templated":true}]}}