{"id":5772,"date":"2025-06-28T19:33:39","date_gmt":"2025-06-28T19:33:39","guid":{"rendered":"https:\/\/rafalk-elblag.pl\/?p=5772"},"modified":"2025-06-28T19:33:39","modified_gmt":"2025-06-28T19:33:39","slug":"ogloszenia-parafialne-29-06-2025-r-uroczystosc-ss-apostolow-piotra-i-pawla","status":"publish","type":"post","link":"https:\/\/rafalk-elblag.pl\/?p=5772","title":{"rendered":"OG\u0141OSZENIA PARAFIALNE 29.06.2025 r. \u2013 Uroczysto\u015b\u0107 \u015b\u015b. Aposto\u0142\u00f3w Piotra i Paw\u0142a"},"content":{"rendered":"<h3 style=\"text-align: center;\"><strong>W JAKI SPOS\u00d3B UZYSKIWA\u0106 JUBILEUSZOWE ODPUSTY ?<\/strong><\/h3>\n<p><strong><em>Drogi Przyjacielu! <\/em><\/strong>Pyta\u0142e\u015b mnie, w jaki spos\u00f3b mo\u017cna zyska\u0107 jubileuszowy odpust i jakie s\u0105 warunki, by do\u015bwiadczy\u0107 \u0142aski Bo\u017cego mi\u0142osierdzia. Twoje zaanga\u017cowanie &nbsp;&nbsp;&nbsp;&nbsp;&nbsp;&nbsp;&nbsp;&nbsp;&nbsp;&nbsp;&nbsp;&nbsp;&nbsp;&nbsp;&nbsp;&nbsp;&nbsp;&nbsp;&nbsp;&nbsp;&nbsp;&nbsp;&nbsp;&nbsp;w przezywanie <strong>ROKU \u015aWI\u0118TEGO<\/strong> bardzo mnie cieszy. Wierz\u0119, \u017ce w tym \u201eczasie \u0142aski\u201d do\u015bwiadczysz nieograniczonego mi\u0142osierdzia Bo\u017cego. Ponowie zach\u0119cam Ci\u0119, aby\u015b zapozna\u0142 si\u0119 z dekretem Penitencjarii Apostolskiej, kt\u00f3ra podaje szczeg\u00f3\u0142owe wiadomo\u015bci na temat prze\u017cywania <strong>ROKU \u015aWI\u0118TEGO. <em>Odpust, kt\u00f3ry poprzez Ko\u015bci\u00f3\u0142 dociera do&nbsp; ka\u017cdego cz\u0142owieka, uwalnia go od wszystkich pozosta\u0142o\u015bci skutk\u00f3w grzechu. <\/em><\/strong>Wierni, kt\u00f3rzy oczy\u015bcili si\u0119 poprzez sakrament pokuty i przyj\u0119li Komuni\u0119 \u015awi\u0119t\u0105, b\u0119d\u0105 mogli ze skarbca Ko\u015bcio\u0142a uzyska\u0107 odpust&nbsp; zupe\u0142ny, odpuszczenie i darowanie swoich grzech\u00f3w. Warunkiem jednak jego uzyskania jest indywidualne lub grupowe pobo\u017cne nawiedzenie <strong>\u015bwi\u0105tyni jubileuszowej np. ko\u015bcio\u0142a \u015bw. Brata Alberta w Elbl\u0105gu. Spr\u00f3buj to uczyni\u0107, by uzyska\u0107 \u0142ask\u0119.&nbsp;&nbsp;&nbsp;&nbsp;&nbsp;<\/strong><\/p>\n<p style=\"font-weight: 400;\"><strong><em>Z tym nawiedzeniem powinna by\u0107 po\u0142\u0105czona adoracja eucharystyczna i rozmy\u015blanie zako\u0144czone modlitwa OJCZE NASZ , odm\u00f3wieniem wyznania wiary i modlitwy do Matki Bo\u017cej oraz modlitwy w intencjach Ojca \u015awi\u0119tego.<\/em><\/strong><\/p>\n<p style=\"font-weight: 400;\"><strong>Czy ten odpust mog\u0105 uzyska\u0107 osoby, kt\u00f3re nie b\u0119d\u0105 w stanie odby\u0107 pielgrzymki jubileuszowej? <\/strong>Ot\u00f3\u017c Penitencjaria Apostolska og\u0142osi\u0142a, \u017ce \u201ewierni prawdziwie skruszeni, kt\u00f3rzy nie b\u0119d\u0105 mogli uczestniczy\u0107 w uroczystych celebracjach, pielgrzymkach i pobo\u017cnym nawiedzeniu, z wa\u017cnych powod\u00f3w (przede wszystkim siostry i mnisi klauzurowi, osoby starsze, chorzy, osadzeni w wi\u0119zieniach, a tak\u017ce i, kt\u00f3rzy w szpitalu lub w innych miejscach opieki stale pos\u0142uguj\u0105 chorym), uzyskuj\u0105 odpust jubileuszowy na tych samych warunkach, je\u017celi zjednoczeni duchowo z wiernymi obecnymi, zw\u0142aszcza w momentach, kt\u00f3rych s\u0142owa Ojca \u015awi\u0119tego lub biskup\u00f3w diecezjalnych s\u0105 przekazywane za po\u015brednictwem \u015brodk\u00f3w komunikacji medialnej, w swoim domu lub tam, gdzie powstrzymuje ich przeszkoda (np. w kaplicy klasztornej, w szpitalu, w domu opieki, w wi\u0119zieniu\u2026),<strong> odm\u00f3wi\u0105<\/strong> <em>Ojcze nasz, wyznanie wiary w jakiekolwiek dopuszczonej formie i inne modlitwy zgodnie z intencjami ROKU \u015aWIETEGO, ofiaruj\u0105c swoje cierpienie lub \u017cyciowe trudno\u015bci\u201d. <\/em><strong>Nikt nie jest wi\u0119c wykluczony z uzyskania tego odpustu. Wszystkie dzieci Ko\u015bcio\u0142a b\u0119d\u0105 mog\u0142y do\u015bwiadczy\u0107, jak nieograniczone jest mi\u0142osierdzie Bo\u017ce.<\/strong><\/p>\n<p style=\"font-weight: 400;\"><strong>Ucieszy\u0142e\u015b si\u0119, podobnie jak ja, \u017ce nikt nie jest wykluczony z uzyskania ODPUSTU ROKU \u015aWI\u0118TEGO,<\/strong> nawet wi\u0119\u017aniowie czy osoby zakonne \u017cyj\u0105ce za klauzur\u0105. Brama Bo\u017cego mi\u0142osierdzia jest szeroka otwarta dla wszystkich dzieci ko\u015bcio\u0142a i zaprasza<strong><em>; \u201ePrzyjd\u017acie do mnie wszyscy\u2026\u201d(Mt 11,28).\u201d \u201eJe\u015bli kto\u015b jest spragniony, a wierzy we Mnie i pije!\u201d (J 7, 37)<\/em><\/strong><\/p>\n<p>&nbsp;<\/p>\n<p>&nbsp;<\/p>\n<p><a href=\"http:\/\/rafalk-elblag.pl\/wp-content\/uploads\/2021\/08\/ogloszenia-parafialne-baner-01a.jpg\"><img decoding=\"async\" class=\"aligncenter\" src=\"http:\/\/rafalk-elblag.pl\/wp-content\/uploads\/2021\/08\/ogloszenia-parafialne-baner-01a.jpg\" alt=\"Obrazek posiada pusty atrybut alt; plik o nazwie ogloszenia-parafialne-baner-01a.jpg\"><\/a><\/p>\n<h3 style=\"font-weight: 400; text-align: center;\"><strong>OG\u0141OSZENIA PARAFIALN<\/strong><\/h3>\n<ol>\n<li>Dzisiaj prze\u017cywamy Uroczysto\u015b\u0107 \u015awi\u0119tych Aposto\u0142\u00f3w Piotra i Paw\u0142a. <em><u>Taca z tego dnia przeznaczona jest na potrzeby Stolicy Apostolskiej.<\/u><\/em> W tym dniu imieniny obchodzi pan Piotr Zbierzchowski \u2013 nasz organista. <strong><em>Pami\u0119tajmy w modlitwie o naszym Solenizancie. <\/em><\/strong><\/li>\n<li>Ofiary zbierane dzisiaj do puszek po Mszach \u015bwi\u0119tych przeznaczone s\u0105 na organizacj\u0119 UROCZYSTO\u015aCI ODPUSTOWYCH KU CZCI MATKI BO\u017bEJ SZKAPLERZNEJ patronki naszego ko\u015bcio\u0142a. tj. 16 lipca br. (\u015broda). <em>B\u00f3g zap\u0142a\u0107.<\/em><\/li>\n<li>W tym tygodniu przypada pierwszy czwartek, pi\u0105tek i sobotamiesi\u0105ca.<\/li>\n<\/ol>\n<ul>\n<li><strong>w pierwszy czwartek miesi\u0105ca <\/strong>po Mszy \u015bw. o godz. 18:00 zapraszamy na Godzin\u0119 \u015awi\u0119t\u0105 by modli\u0107 si\u0119 w intencji powo\u0142a\u0144 z naszej parafii oraz o \u015bwi\u0119to\u015b\u0107 dla kap\u0142an\u00f3w,<\/li>\n<li><strong>w pierwszy pi\u0105tek miesi\u0105ca <\/strong>spowied\u017a i Adoracja Naj\u015bwi\u0119tszego Sakramentu od godz. 17:30. Zapraszamy wszystkich czcicieli Serca Pana Jezusa na Msz\u0119 \u015bw. Wotywn\u0105 ku czci Naj\u015bwi\u0119tszego Serca Pana Jezusa o godz. 18:00.<\/li>\n<li><strong>w pierwsz\u0105 sobot\u0119 <\/strong>zapraszamy na <strong>NABO\u017bE\u0143STWO WYNAGRADZAJ\u0104CE SERCU MARYI <\/strong>o godz. 17:00 w ramach nabo\u017ce\u0144stwa pierwszych pi\u0119ciu sob\u00f3t o kt\u00f3re prosi\u0142a Matka Bo\u017ca w FATIMIE.<\/li>\n<\/ul>\n<ol start=\"4\">\n<li>Serdecznie zapraszamy do wzi\u0119cia udzia\u0142u w <strong>XVI ROWEROWEJ PIELGRZYMCE<\/strong> z Elbl\u0105ga na Jasn\u0105 G\u00f3r\u0119, pod has\u0142em: <u>\u201eCHRYSTUS W WAS, NADZIEJA CHWA\u0141Y<\/u>\u201d (Kol.1,27) w terminie 5 \u2013 11 sierpnia 2025.<\/li>\n<li>Zach\u0119camy do wzi\u0119cia udzia\u0142u<em> <strong>w <\/strong><\/em><strong>XXXIII Elbl\u0105skiej Pielgrzymce Pieszej na Jasn\u0105 G\u00f3r\u0119<\/strong>z grup\u0105 KATEDRA \u2013 P\u00d3\u0141NOC ELBL\u0104G. Jak co roku pielgrzymi wyrusz\u0105 28 lipca&nbsp; z elbl\u0105skiej katedry, by 11 sierpnia dotrze\u0107 do Jasnej G\u00f3ry.&nbsp;<\/li>\n<li><strong>UWAGA OSOBY NOSZACE SZKAPLERZ !!!<\/strong> W zakrystii mo\u017cna odebra\u0107 deklaracj\u0119 o ch\u0119ci przyst\u0105pienia do Bractwa Szkaplerznego, kt\u00f3r\u0105 nale\u017cy wype\u0142ni\u0107 i przynie\u015b\u0107 do zakrystii.<\/li>\n<li><strong>Lipiec jest miesi\u0105cem po\u015bwi\u0119conym kontemplacji Naj\u015bwi\u0119tszej Krwi Chrystusa. <\/strong>Krew Chrystusa jest niezbitym dowodem mi\u0142o\u015bci Niebieskiego Ojca do ka\u017cdego cz\u0142owieka bez wyj\u0105tku. <em>Zach\u0119cam Wsp\u00f3lnot\u0119 Krwi Chrystusa do prowadzenia modlitw przed Msz\u0105 \u015bw. wieczorow\u0105 o godz. 17:30.<\/em><\/li>\n<li>W przysz\u0142\u0105 niedziel\u0119 (6 lipca) taca inwestycyjna. <em>B\u00f3g zap\u0142a\u0107 za <\/em><em>z\u0142o\u017cone ofiary.<\/em><\/li>\n<li><strong>Dzi\u0119kujemy <\/strong>za stosowny ubi\u00f3r w ko\u015bciele w okresie wakacji. Msza \u015bw. jest uroczyst\u0105 celebracj\u0105, kt\u00f3ra domaga si\u0119 swego pi\u0119kna, szacunku i najwy\u017cszej kultury.<\/li>\n<li><strong>Kancelaria parafialna, <\/strong>przez ca\u0142y okres wakacji, czynna b\u0119dzie w \u015brody i pi\u0105tki<br \/>\npo Mszy \u015bw. wieczorowej do godz<strong>. 19:30.<\/strong><\/li>\n<li>Zach\u0119cam do nabywania przed ko\u015bcio\u0142em nowego numeru \u201eGo\u015bcia Niedzielnego\u201d <strong>z dodatkiem<\/strong> <strong>\u201eGO\u015a\u0106 ELBL\u0104SKI\u201d<\/strong> a w nim wydarzenia z diecezji oraz \u201e<strong>GO\u015a\u0106 EXTRA\u201d<\/strong> i \u201e<strong>HISTORIA KOSCIO\u0141A\u201d.<\/strong><\/li>\n<li><em>Dzieciom i m\u0142odzie\u017cy \u017cyczymy udanych i bezpiecznych wakacji, polecaj\u0105c ich opiece Anio\u0142\u00f3w Str\u00f3\u017c\u00f3w. Jednocze\u015bnie przypominamy o obowi\u0105zku uczestniczenia we Mszy \u015bw. w niedziel\u0119 i uroczysto\u015bci, r\u00f3wnie\u017c w czasie wakacji. <strong>Szcz\u0119\u015b\u0107 Wam Bo\u017ce.<\/strong><\/em><\/li>\n<li><strong><u>Informujemy, \u017ce w czasie wakacji nie b\u0119dzie wydawany Biuletyn Parafialny.<\/u><\/strong><\/li>\n<\/ol>\n<p>&nbsp;<\/p>\n<p><img decoding=\"async\" class=\"aligncenter\" src=\"http:\/\/rafalk-elblag.pl\/wp-content\/uploads\/2020\/04\/baner-intencje-mszy.jpg\" alt=\"Obrazek posiada pusty atrybut alt; plik o nazwie baner-intencje-mszy.jpg\"><\/p>\n<h3 style=\"text-align: center;\"><strong>INTENCJE MSZALNE<\/strong><\/h3>\n<h4 style=\"font-weight: 400; text-align: center;\"><strong>UROCZYSTO\u015a\u0106 \u015aWI\u0118TYCH APOSTO\u0141\u00d3W PIOTRA I PAW\u0141A<\/strong><br \/>\n29 CZERWCA 2025 \/ Mt 16, 13 &#8211; 19<\/h4>\n<p style=\"font-weight: 400;\">&nbsp; 8.00&nbsp;&nbsp;&nbsp; \u015bp. Jan i Janina PASTUSZKA, \u015bp. Tadeusz, Zbigniew, Wojciech z zmar\u0142ych z rodziny<\/p>\n<p style=\"font-weight: 400;\">10.00&nbsp;&nbsp; \u015bp. Henryk STAN w 30 dzie\u0144 po pogrzebie<\/p>\n<p style=\"font-weight: 400;\">10.00&nbsp;&nbsp; \u015bp. Jan PRZERADZKI, \u015bp. Cecylia i W\u0142adys\u0142aw(m) LEWANDOWSCY, \u015bp. Jan OSTROWSKI i zmarli z rodzin: HOCHLEITNER i FIJA\u0141KOWSKICH<\/p>\n<p style=\"font-weight: 400;\">12.00&nbsp;&nbsp; Za parafian<\/p>\n<p style=\"font-weight: 400;\">18.00&nbsp;&nbsp; W intencji Barbary z okazji 70 urodzin, z podzi\u0119kowaniem za dar \u017cycia, otrzymane \u0142aski z pro\u015bb\u0105 o dalsze Bo\u017ce b\u0142ogos\u0142awie\u0144stwo i opiek\u0119 Matki Bo\u017cej dla Jubilatki i ca\u0142ej rodziny<\/p>\n<p style=\"font-weight: 400;\">&nbsp;<\/p>\n<h4 style=\"font-weight: 400; text-align: center;\"><strong>PONIEDZIA\u0141EK \/ 30 CZERWCA 2025 \/ Mt&nbsp; 8, 18 &#8211; 22<\/strong><\/h4>\n<p style=\"font-weight: 400;\">&nbsp; 8.00&nbsp;&nbsp;&nbsp; \u015bp. Piotr LIETZ, \u015bp. wnuczek Pawe\u0142 i zmar\u0142ych z rodzin: LIETZ, WORONKO, BARCIKOWSKICH&nbsp; i KOKOTKIEWICZ<\/p>\n<p style=\"font-weight: 400;\">18.00&nbsp;&nbsp; Za dar \u017cycia Sebastiana w 30 urodziny z pro\u015bb\u0105 o Bo\u017ce prowadzenie i opiek\u0119 Matki Bo\u017cej Szkaplerznej<\/p>\n<p style=\"font-weight: 400;\">&nbsp;<\/p>\n<h4 style=\"font-weight: 400; text-align: center;\"><strong>WTOREK&nbsp; \/ 1 lipca 2025\/&nbsp; Mt 8, 23 &#8211; 27<\/strong><\/h4>\n<p style=\"font-weight: 400;\">&nbsp; 8.00&nbsp;&nbsp;&nbsp; \u015bp. Antoni SKUZI\u0143SKI 1 greg.<\/p>\n<p style=\"font-weight: 400;\">18.00&nbsp;&nbsp; \u015bp. Halina i Zdzis\u0142aw URBA\u0143SCY<\/p>\n<p style=\"font-weight: 400;\">&nbsp;<\/p>\n<h4 style=\"font-weight: 400; text-align: center;\"><strong>\u015aRODA \/ 2 lipca 2025 \/ Mt 8, 28 &#8211; 34<\/strong><\/h4>\n<p style=\"font-weight: 400;\">&nbsp; 8.00&nbsp;&nbsp;&nbsp; \u015bp. Antoni SKUZI\u0143SKI 2 greg.<\/p>\n<p style=\"font-weight: 400;\">18.00&nbsp;&nbsp; \u015bp. Weronika \u0141ASKOWSKA \u2013 intencja od uczestnik\u00f3w pogrzebu<\/p>\n<p style=\"font-weight: 400;\">&nbsp;<\/p>\n<h4 style=\"font-weight: 400; text-align: center;\"><strong>CZWARTEK&nbsp; \/ 3 lipca 2025 \/ J 20, 24 \u2013 29<\/strong><br \/>\n\u015aWI\u0118TO SWI\u0118TEGO TOMASZA APOSTO\u0141A &#8211; PIERWSZY CZWARTEK MIESI\u0104CA<\/h4>\n<p style=\"font-weight: 400;\">&nbsp; 8.00&nbsp;&nbsp;&nbsp; \u015bp. Antoni SKUZI\u0143SKI 3 greg.<\/p>\n<p style=\"font-weight: 400;\">18.00&nbsp;&nbsp; \u015bp. Marcin KUROSAD w 2 rocznic\u0119 \u015bmierci<\/p>\n<p style=\"font-weight: 400;\">&nbsp;<\/p>\n<h4 style=\"font-weight: 400; text-align: center;\"><strong>PI\u0104TEK \/ 4 lipca 2025 \/ Mt 9, 9 \u2013 13<\/strong><br \/>\nPIERWSZY PI\u0104TEK MIESI\u0104CA<\/h4>\n<p style=\"font-weight: 400;\">&nbsp; 8.00&nbsp;&nbsp;&nbsp; \u015bp. Antoni SKUZI\u0143SKI 4 greg.<\/p>\n<p style=\"font-weight: 400;\">18.00&nbsp;&nbsp; \u015bp. Halina KORZENIOWSKA&nbsp; w 5 rocznice \u015bmierci<\/p>\n<p style=\"font-weight: 400;\">18.00&nbsp;&nbsp; \u015bp. Karolina PAWOWICZ&nbsp; w 1 rocznic\u0119 \u015bmierci<\/p>\n<p style=\"font-weight: 400;\">&nbsp;<\/p>\n<h4 style=\"font-weight: 400; text-align: center;\"><strong>SOBOTA \/ 5 lipca 2025 \/ Mt 9, 14 \u2013 17<\/strong><br \/>\nPIERWSZA SOBOTA MIESI\u0104CA<\/h4>\n<p style=\"font-weight: 400;\">&nbsp; 8.00&nbsp;&nbsp;&nbsp; \u015bp. Antoni SKUZI\u0143SKI 5 greg.<\/p>\n<p style=\"font-weight: 400;\">18.00&nbsp;&nbsp; W intencjach \u017bywego R\u00f3\u017ca\u0144ca<\/p>\n<p style=\"font-weight: 400;\">&nbsp;<\/p>\n<h4 style=\"font-weight: 400; text-align: center;\"><strong>XIV NIEDZIELA ZWYK\u0141A \/ 6 lipca 2025 \/ \u0141k 10, 1 &#8211; 20<\/strong><\/h4>\n<p style=\"font-weight: 400;\">&nbsp; 8.00&nbsp;&nbsp;&nbsp; O do\u015bwiadczenie Bo\u017cej Mi\u0142o\u015bci dla Karoliny i Oskara oraz dla Sebastiana i Natalii<\/p>\n<p style=\"font-weight: 400;\">10.00&nbsp;&nbsp; \u015bp. Antoni SKUZI\u0143SKI 6 greg.<\/p>\n<p style=\"font-weight: 400;\">10.00&nbsp;&nbsp; \u015bp. Wiktoria JANICKA w 8 rocznic\u0119 \u015bmierci, \u015bp. Bronis\u0142aw JANICKI , \u015bp. Wiktoria, Jan, Halina, SZCZ\u0118SNYCH, \u015bp. Marta, Antoni, J\u00f3zef i Tomasz Janickich, \u015bp. Hermenegild\u0119 MOLGA<\/p>\n<p style=\"font-weight: 400;\">12.00&nbsp;&nbsp; Za parafian<\/p>\n<p style=\"font-weight: 400;\">18.00&nbsp;&nbsp; \u015bp. Zygfryd DOBRZENIECKI&nbsp; w 10 rocznice \u015bmierci<\/p>\n","protected":false},"excerpt":{"rendered":"<p>W JAKI SPOS\u00d3B UZYSKIWA\u0106 JUBILEUSZOWE ODPUSTY ? Drogi Przyjacielu! Pyta\u0142e\u015b mnie, w jaki spos\u00f3b mo\u017cna zyska\u0107 jubileuszowy odpust i jakie s\u0105 warunki, by do\u015bwiadczy\u0107 \u0142aski Bo\u017cego mi\u0142osierdzia. Twoje zaanga\u017cowanie &nbsp;&nbsp;&nbsp;&nbsp;&nbsp;&nbsp;&nbsp;&nbsp;&nbsp;&nbsp;&nbsp;&nbsp;&nbsp;&nbsp;&nbsp;&nbsp;&nbsp;&nbsp;&nbsp;&nbsp;&nbsp;&nbsp;&nbsp;&nbsp;w przezywanie ROKU \u015aWI\u0118TEGO bardzo mnie cieszy. Wierz\u0119, \u017ce w tym \u201eczasie \u0142aski\u201d do\u015bwiadczysz nieograniczonego mi\u0142osierdzia Bo\u017cego. Ponowie zach\u0119cam Ci\u0119, aby\u015b zapozna\u0142 si\u0119 z dekretem Penitencjarii [&hellip;]<\/p>\n","protected":false},"author":1,"featured_media":5773,"comment_status":"closed","ping_status":"closed","sticky":false,"template":"","format":"standard","meta":{"ngg_post_thumbnail":0,"footnotes":""},"categories":[11,8,4,3],"tags":[],"class_list":["post-5772","post","type-post","status-publish","format-standard","has-post-thumbnail","hentry","category-aktualnosci","category-blog","category-intencje","category-ogloszenia"],"_links":{"self":[{"href":"https:\/\/rafalk-elblag.pl\/index.php?rest_route=\/wp\/v2\/posts\/5772","targetHints":{"allow":["GET"]}}],"collection":[{"href":"https:\/\/rafalk-elblag.pl\/index.php?rest_route=\/wp\/v2\/posts"}],"about":[{"href":"https:\/\/rafalk-elblag.pl\/index.php?rest_route=\/wp\/v2\/types\/post"}],"author":[{"embeddable":true,"href":"https:\/\/rafalk-elblag.pl\/index.php?rest_route=\/wp\/v2\/users\/1"}],"replies":[{"embeddable":true,"href":"https:\/\/rafalk-elblag.pl\/index.php?rest_route=%2Fwp%2Fv2%2Fcomments&post=5772"}],"version-history":[{"count":1,"href":"https:\/\/rafalk-elblag.pl\/index.php?rest_route=\/wp\/v2\/posts\/5772\/revisions"}],"predecessor-version":[{"id":5774,"href":"https:\/\/rafalk-elblag.pl\/index.php?rest_route=\/wp\/v2\/posts\/5772\/revisions\/5774"}],"wp:featuredmedia":[{"embeddable":true,"href":"https:\/\/rafalk-elblag.pl\/index.php?rest_route=\/wp\/v2\/media\/5773"}],"wp:attachment":[{"href":"https:\/\/rafalk-elblag.pl\/index.php?rest_route=%2Fwp%2Fv2%2Fmedia&parent=5772"}],"wp:term":[{"taxonomy":"category","embeddable":true,"href":"https:\/\/rafalk-elblag.pl\/index.php?rest_route=%2Fwp%2Fv2%2Fcategories&post=5772"},{"taxonomy":"post_tag","embeddable":true,"href":"https:\/\/rafalk-elblag.pl\/index.php?rest_route=%2Fwp%2Fv2%2Ftags&post=5772"}],"curies":[{"name":"wp","href":"https:\/\/api.w.org\/{rel}","templated":true}]}}