{"id":5768,"date":"2025-06-21T18:28:50","date_gmt":"2025-06-21T18:28:50","guid":{"rendered":"https:\/\/rafalk-elblag.pl\/?p=5768"},"modified":"2025-06-21T18:28:50","modified_gmt":"2025-06-21T18:28:50","slug":"ogloszenia-parafialne-22-06-2025-r-xii-niedziela-zwykla-c","status":"publish","type":"post","link":"https:\/\/rafalk-elblag.pl\/?p=5768","title":{"rendered":"OG\u0141OSZENIA PARAFIALNE 22.06.2025 r. \u2013 XII Niedziela Zwyk\u0142a C"},"content":{"rendered":"<h3 style=\"text-align: center;\"><strong>DLACZEGO MI\u0141O\u015a\u0106 POWINNA BY\u0106 CIERPLIWA ?<\/strong><strong>&nbsp;<\/strong><\/h3>\n<p><strong><em>Drogi Przyjacielu! <\/em><\/strong>Ciesz\u0119 si\u0119, \u017ce mo\u017cemy razem prze\u017cywa\u0107 obecny ROK \u015aWI\u0118TY, kt\u00f3rego has\u0142em s\u0105 s\u0142owa: <strong>\u201eNadzieja zawie\u015b\u0107 nie mo\u017ce\u201d. <\/strong>Gdy b\u0119dziemy razem uczestniczyli w r\u00f3\u017cnych wydarzeniach <strong>ROKU \u015aWI\u0118TEGO<\/strong> \u2013 a program jego jest bardzo r\u00f3\u017cnorodny \u2013 b\u0119dziemy mogli ubogaci\u0107 swoj\u0105 wiar\u0119 oraz pog\u0142\u0119bi\u0107 \u017cycie duchowe. Temu duchowemu pog\u0142\u0119bieniu pomagaj\u0105 rozwa\u017cania papie\u017ca Franciszka po\u015bwi\u0119cone r\u00f3\u017cnym cnotom. Ukaza\u0142 on rol\u0119 mi\u0142o\u015bci w \u017cyciu chrze\u015bcija\u0144skim.<\/p>\n<p>Nast\u0119pnie przypomnia\u0142 rol\u0119 cierpliwo\u015bci w \u017cyciu chrze\u015bcija\u0144skim. Wiesz dobrze, jak bardzo jest ona potrzebna ka\u017cdemu z nas w \u017cyciu codziennym. <strong>Zgodzisz si\u0119 zapewne z powiedzeniem: \u201enie ma mi\u0142o\u015bci bez cierpliwo\u015bci\u201d. <\/strong><\/p>\n<p>Jestem przekonany, \u017ce s\u0142owa papie\u017ca s\u0105 bardzo potrzebne tak Tobie jak i mnie. <strong>Cierpliwo\u015b\u0107 jest specyficzn\u0105 cnot\u0105 wyznawc\u00f3w Jezusa Chrystusa.<\/strong><\/p>\n<p style=\"font-weight: 400;\">Jest ona owocem Ducha \u015awi\u0119tego i postaw\u0105 wytrwa\u0142ego d\u0105\u017cenia do zdobywania trudnego dobra, uzdalniaj\u0105c\u0105 cz\u0142owieka do znoszenia wszelkich przeciwno\u015bci. <strong>Dla chrze\u015bcijanina cierpliwo\u015b\u0107 jest wytrwa\u0142o\u015bci\u0105 w nadziei. Wzmacnia ona cz\u0142owieka, by nie poddawa\u0142 si\u0119 przeszkodom i trudno\u015bciom oraz by\u0142 wytrwa\u0142y. <\/strong><\/p>\n<p style=\"font-weight: 400;\">Z nadziej\u0105 \u015bci\u015ble zwi\u0105zana jest cierpliwo\u015b\u0107. W bulli papie\u017c Franciszek zwraca na ni\u0105 uwag\u0119 i uwa\u017ca, \u017ce jest ona nam bardziej potrzebna. <strong>Ta cnota zosta\u0142a wygnana z \u017cycia wsp\u00f3\u0142czesnego cz\u0142owieka przez pospiech, niecierpliwo\u015b\u0107, nerwowo\u015b\u0107.<\/strong> Niekiedy nieuzasadniona przemoc bierze g\u00f3r\u0119, rodz\u0105c niezadowolenie i zamkniecie. Nale\u017cy wi\u0119c podkre\u015bla\u0107 wielkie znaczenie tej cnoty w \u017cyciu tak poszczeg\u00f3lnych os\u00f3b, jak i rodzin.<\/p>\n<p style=\"font-weight: 400;\">\u201eOdkrycie cierpliwo\u015bci na nowo jest bardzo dobre dla nas samych i dla innych. \u015aw. Pawe\u0142 cz\u0119sto odwo\u0142uje si\u0119 do cierpliwo\u015bci, aby podkre\u015bli\u0107 znaczenie wytrwa\u0142o\u015bci i zaufania do tego, co B\u00f3g nam obieca\u0142, ale przede wszystkim \u015bwiadczy o tym, <strong><em>\u017ce B\u00f3g jest cierpliwy wobec nas, On jest Bogiem, \u201e\u2026 kt\u00f3ry daje cierpliwo\u015b\u0107 i pociech\u0119\u201d(Rz. 15,5).<\/em><\/strong> Cierpliwo\u015b\u0107, b\u0119d\u0105c\u0105 r\u00f3wnie\u017c owocem Ducha \u015awi\u0119tego, podtrzymuje nadziej\u0119 i umacnia j\u0105 jako cnot\u0119 i spos\u00f3b \u017cycia. Dlatego uczmy si\u0119 cz\u0119sto prosi\u0107 o \u0142ask\u0119 cierpliwo\u015bci, kt\u00f3ra jest c\u00f3rk\u0105 nadziei i jednocze\u015bnie j\u0105 wspiera.<\/p>\n<p style=\"font-weight: 400;\"><strong>DROGI PRZYJACIELU<\/strong>, aby by\u0107 cierpliwym w \u017cyciu codziennym, zach\u0119cam Ci\u0119 do powtarzania w ci\u0105gu dnia aktu strzelistego pochodz\u0105cego z Litanii do Serca Jezusowego: \u201e<strong><em>SERCE JEZUSA, CIERPLIWE I WIELKIEGO MI\u0141OSIERDZIA, ZMI\u0141UJ SI\u0118 NADE MN\u0104\u201d<\/em><\/strong>&nbsp; Przekonasz si\u0119, \u017ce to bardzo skuteczna metoda uczenia si\u0119 cierpliwo\u015bci. Dlatego zapraszam Ci\u0119 do uczestnictwa w Nabo\u017ce\u0144stwie Czerwcowym w naszym ko\u015bciele.<\/p>\n<p>&nbsp;<\/p>\n<p><a href=\"http:\/\/rafalk-elblag.pl\/wp-content\/uploads\/2021\/08\/ogloszenia-parafialne-baner-01a.jpg\"><img decoding=\"async\" class=\"aligncenter\" src=\"http:\/\/rafalk-elblag.pl\/wp-content\/uploads\/2021\/08\/ogloszenia-parafialne-baner-01a.jpg\" alt=\"Obrazek posiada pusty atrybut alt; plik o nazwie ogloszenia-parafialne-baner-01a.jpg\"><\/a><\/p>\n<h3 style=\"font-weight: 400; text-align: center;\"><strong>OG\u0141OSZENIA PARAFIALNE<\/strong><\/h3>\n<ol>\n<li><strong>Przez ca\u0142y czerwiec po Mszy \u015bw. o godz. 18:00 odprawiane s\u0105 Nabo\u017ce\u0144stwa ku czci Naj\u015bwi\u0119tszego Serca Pana Jezusa. Zapraszamy do wsp\u00f3lnego odmawiania Litanii przed Naj\u015bwi\u0119tszym Sakramentem.<\/strong><\/li>\n<li>W <strong>Oktawie Bo\u017cego Cia\u0142a<\/strong> zapraszamy wiernych do udzia\u0142u w nabo\u017ce\u0144stwach czerwcowych po\u0142\u0105czonych z <strong>PROCESJ\u0104 EUCHARYSTYCZN\u0104<\/strong> po Mszy \u015bw. o godz. 18:00.&nbsp; Zapraszamy dzieci do sypania kwiat\u00f3w, a doros\u0142ych do przygotowania procesji. <strong><em>Udzia\u0142 w procesji jest wyrazem wiary w obecno\u015b\u0107 Jezusa Chrystusa w Naj\u015bwi\u0119tszym Sakramencie.<\/em><\/strong><\/li>\n<li><strong>Jutro 23 czerwca obchodzimy DZIE\u0143 OJCA<\/strong>. Pami\u0119tajmy o naszych ojcach w modlitwie, prosz\u0105c: dla \u017cyj\u0105cych <em>o Bo\u017ce b\u0142ogos\u0142awie\u0144stwo i opiek\u0119 \u015bw. J\u00f3zefa a dla zmar\u0142ych o \u0142ask\u0119 nieba.&nbsp;<\/em><\/li>\n<li>W pi\u0105tek (27 czerwca)<strong> UROCZYSTO\u015a\u0106<\/strong> <strong>NAJ\u015aWI\u0118TSZEGO SERCA PANA JEZUSA, <\/strong>natomiast w sobot\u0119 wspomnienie <strong>NIEPOKALANEGO SECA NAJ\u015aWI\u0118TSZEJ MARYI PANNY<\/strong>. <em><u>Zapraszamy na Msze \u015bw. o godz. 8:00 i o 18:00.<\/u><\/em><\/li>\n<li><strong><em>W UROCZYSTO\u015a\u0106<\/em><\/strong><em> <strong>NAJ\u015aWI\u0118TSZEGO SERCA PANA JEZUSA nie obowi\u0105zuje wstrzemi\u0119\u017aliwo\u015b\u0107 od pokarm\u00f3w mi\u0119snych.<\/strong><\/em><\/li>\n<li>W pi\u0105tek( 27 czerwca) <strong>zako\u0144czenie ROKU SZKOLNEGO<\/strong>. Zapraszam dzieci, m\u0142odzie\u017c i rodzic\u00f3w o godz. 8:00 na Msz\u0119 \u015bw. dzi\u0119kczynn\u0105 za otrzymane \u0142aski w ROKU SZKOLNYM przez dzieci i m\u0142odzie\u017c z pro\u015bb\u0105 o szcz\u0119\u015bliwe wakacje.<\/li>\n<li>Za tydzie\u0144 (29 czerwca) przypada Uroczysto\u015b\u0107 \u015awi\u0119tych Aposto\u0142\u00f3w Piotra i Paw\u0142a.<em><u>Taca z tego dnia przeznaczona jest na potrzeby Stolicy Apostolskiej.<\/u><\/em> W tym dniu imieniny obchodzi nasz wieloletni Organista &#8211; pan Piotr Zbierzchowski. <strong><em>Pami\u0119tajmy&nbsp; w modlitwie o naszym Solenizancie. <\/em><\/strong><\/li>\n<li>W przysz\u0142\u0105 niedziel\u0119 (29 czerwca) ofiary zbierane do puszek po Mszach \u015bwi\u0119tych przeznaczone b\u0119d\u0105 na organizacj\u0119 UROCZYSTO\u015aCI ODPUSTOWYCH KU CZCI MATKI BO\u017bEJ SZKAPLERZNEJ patronki naszego ko\u015bcio\u0142a. tj. 16 lipca br. (\u015broda). <em style=\"font-size: 16px;\">Za zrozumienie i z\u0142o\u017cone ofiary sk\u0142adam &#8211; B\u00f3g zap\u0142a\u0107.<\/em><\/li>\n<\/ol>\n<ol start=\"9\">\n<li>Serdecznie zapraszamy do wzi\u0119cia udzia\u0142u w <strong>XVI ROWEROWEJ PIELGRZYMCE<\/strong> z Elbl\u0105ga na Jasn\u0105 G\u00f3r\u0119, pod has\u0142em: <u>\u201eCHRYSTUS W WAS, NADZIEJA CHWA\u0141Y<\/u>\u201d (Kol.1,27) w terminie 5 \u2013 11 sierpnia 2025.<\/li>\n<li>Za tydzie\u0144 (29 czerwca) na Mszy \u015bw. o godz. 10:00 b\u0119dziemy dzi\u0119kowa\u0107 <strong>ksi\u0119dzu Marcinowi RUSIECKIEMU<\/strong>, kt\u00f3ry dekretem Biskupa Elbl\u0105skiego z dniem 1 lipca 2025 roku obejmie urz\u0105d ADMINISTRATORA parafii pw. \u015bw. Jana Chrzciciela w Szymonowie. <strong><em>Niech ta Msza \u015bwi\u0119ta b\u0119dzie wyrazem wdzi\u0119czno\u015bci za jego&nbsp; pos\u0142ug\u0119&nbsp; po\u015br\u00f3d nas. <\/em><\/strong><\/li>\n<li>Zesp\u00f3\u0142 Szk\u00f3\u0142 Pijarskich \u015bw. Miko\u0142aja w Elbl\u0105gu prowadzi rekrutacj\u0119 na rok szkolny 2025\/2026 do SZKO\u0141Y PODSTAWOWEJ I LICEUM OG\u00d3LNOKSZTA\u0141C\u0104CEGO. To wyj\u0105tkowe miejsce, w kt\u00f3rym dzieci i m\u0142odzie\u017c rozwijaj\u0105 si\u0119 w duchu warto\u015bci chrze\u015bcija\u0144skich, w \u017cyczliwej atmosferze i pod opiek\u0105 do\u015bwiadczonych nauczycieli. <em>Szczeg\u00f3\u0142owe informacje dost\u0119pne s\u0105 na stronie internetowej:&nbsp;<\/em><a href=\"http:\/\/www.elblag.pijarzy.pl\/\"><em>elblag.pijarzy.pl<\/em><\/a><\/li>\n<li>Zach\u0119cam do nabywania przed ko\u015bcio\u0142em nowego numeru \u201eGo\u015bcia Niedzielnego\u201d <strong>z dodatkiem<\/strong> <strong>\u201eGO\u015a\u0106 ELBL\u0104SKI\u201d<\/strong> a w nim wydarzenia z diecezji oraz \u201e<strong>GO\u015a\u0106 EXTRA\u201d<\/strong> i \u201e<strong>HISTORIA KOSCIO\u0141A\u201d.<\/strong><\/li>\n<li><em>Dzieciom i m\u0142odzie\u017cy \u017cyczymy udanych i bezpiecznych wakacji, polecaj\u0105c ich opiece Anio\u0142\u00f3w Str\u00f3\u017c\u00f3w. Jednocze\u015bnie przypominamy o obowi\u0105zku uczestniczenia we Mszy \u015bw. w niedziel\u0119 i uroczysto\u015bci, r\u00f3wnie\u017c w czasie wakacji. Szcz\u0119\u015b\u0107 Wam Bo\u017ce.<\/em><\/li>\n<li>Pan powo\u0142a\u0142 do wieczno\u015bci: \u015bp. Jadwig\u0119 KOZ\u0141OWSK\u0104 lat 80 z ul. K\u0142oczowskiego, <span style=\"font-size: 16px;\">\u015bp. Krystyn\u0119 MURAWSK\u0104 lat 68 z ul. Leszczy\u0144skiego.<\/span><\/li>\n<\/ol>\n<p>&nbsp;<\/p>\n<p>&nbsp;<\/p>\n<p><img decoding=\"async\" class=\"aligncenter\" src=\"http:\/\/rafalk-elblag.pl\/wp-content\/uploads\/2020\/04\/baner-intencje-mszy.jpg\" alt=\"Obrazek posiada pusty atrybut alt; plik o nazwie baner-intencje-mszy.jpg\"><\/p>\n<h3 style=\"text-align: center;\"><strong>INTENCJE MSZALNE<\/strong><\/h3>\n<h4 style=\"font-weight: 400; text-align: center;\"><strong>XII NIEDZIELA ZWYK\u0141A C &#8211; 22 CZERWCA 2025 \/ J 16, 12 &#8211; 15<\/strong><\/h4>\n<p style=\"font-weight: 400;\"><strong>&nbsp; 8.00<\/strong>&nbsp;&nbsp;&nbsp; \u015bp. Marian PIWNIKIEWICZ w 3 rocznice \u015bmierci<\/p>\n<p style=\"font-weight: 400;\"><strong>10.00<\/strong>&nbsp;&nbsp; \u015bp. Janina, Leopold, Krzysztof z rodziny B\u0104K<\/p>\n<p style=\"font-weight: 400;\"><strong>12.00<\/strong>&nbsp;&nbsp; Dzi\u0119kczynna w 50 rocznic\u0119 \u015blubu Marii i Arkadiusza PI\u00d3R z pro\u015bb\u0105 o Bo\u017ce b\u0142ogos\u0142awie\u0144stwo, potrzebne \u0142aski dla Z\u0141OTYCH JUBILAT\u00d3W<\/p>\n<p style=\"font-weight: 400;\"><strong>18.00<\/strong>&nbsp;&nbsp; Dzi\u0119kczynna za dar \u017cycia WIES\u0141AWY(k) oraz SEBASTIANA z pro\u015bb\u0105 o Bo\u017ce b\u0142ogos\u0142awie\u0144stwo, potrzebne \u0142aski na dalsze lata \u017cycia<\/p>\n<p style=\"font-weight: 400;\">&nbsp;<\/p>\n<h4 style=\"font-weight: 400; text-align: center;\"><strong>PONIEDZIA\u0141EK \/ 23 CZERWCA 2025 \/ Mt 7, 1 \u2013 5&nbsp;&nbsp;&nbsp; DZIE\u0143 OJCA<\/strong><\/h4>\n<p style=\"font-weight: 400;\"><strong>&nbsp; 8.00<\/strong>&nbsp;&nbsp;&nbsp; \u015bp. Jan CHOJNICKI, \u015bp. Janina, Marian GODOS<\/p>\n<p style=\"font-weight: 400;\"><strong>18.00<\/strong>&nbsp;&nbsp; \u015bp. Karolina w rocznic\u0119 \u015bmierci, \u015bp. Jolanta, Napoleon, Romuald z rodziny KARMAN<\/p>\n<p style=\"font-weight: 400;\"><strong>18.00<\/strong>&nbsp;&nbsp; \u015bp. Waldemar \u017bENDARSKI w 1 rocznic\u0119 \u015bmierci i zmar\u0142ych z rodziny<\/p>\n<p style=\"font-weight: 400;\">&nbsp;<\/p>\n<h4 style=\"font-weight: 400; text-align: center;\"><strong>WTOREK&nbsp; \/ 24 CZERWCA 2025\/&nbsp; \u0141k 1, 57 \u2013 66<br \/>\n<\/strong>UROCZYSTO\u015a\u0106 NARODZENIA \u015aW. JANA CHRZCICIELA<\/h4>\n<p style=\"font-weight: 400;\">&nbsp; <strong>8.00<\/strong>&nbsp;&nbsp;&nbsp; \u015bp. Stanis\u0142awa(k) FILAR w 11 rocznic\u0119 \u015bmierci i zmar\u0142ych z rodzin: WI\u015aNIEWSKICH, FILAR, PRZYGODA, KUBACKICH<\/p>\n<p style=\"font-weight: 400;\"><strong>18.00<\/strong>&nbsp;&nbsp; \u015ap. Janina i Stanis\u0142aw KUCHTA<\/p>\n<p style=\"font-weight: 400;\"><strong>18.00<\/strong>&nbsp;&nbsp; \u015bp. Jan PRZEWORSKI i zmar\u0142ych rodzic\u00f3w: Albina i Tadeusz LESZCZY\u0143SCY<\/p>\n<p style=\"font-weight: 400;\">&nbsp;<\/p>\n<h4 style=\"font-weight: 400; text-align: center;\"><strong>\u015aRODA \/ 25 CZERWCA2025 \/ Mt 7, 15 \u2013 20<br \/>\n<\/strong>Wspomnienie b\u0142. Doroty z M\u0105t\u00f3w Patronki Diecezji Elbl\u0105skiej<\/h4>\n<p style=\"font-weight: 400;\"><strong>&nbsp; 8.00<\/strong>&nbsp;&nbsp;&nbsp; \u015bp. Zofia RYNKOWSKA \u2013 HIPSZ w 6 rocznic\u0119 \u015bmierci<\/p>\n<p style=\"font-weight: 400;\"><strong>18.00<\/strong>&nbsp;&nbsp; Dzi\u0119kczynna w 20 rocznic\u0119 \u015blubu Beaty i Rados\u0142awa SAMUL z pro\u015bb\u0105 o Bo\u017ce b\u0142ogos\u0142awie\u0144stwo, potrzebne \u0142aski dla czcigodnych JUBILAT\u00d3W<\/p>\n<p style=\"font-weight: 400;\"><strong>18.00<\/strong>&nbsp;&nbsp; \u015bp. Stanis\u0142awa(k) w rocznice \u015bmierci Adolf, Wojciech, Zbigniew z rodziny ADAMOWICZ<\/p>\n<p style=\"font-weight: 400;\">&nbsp;<\/p>\n<h4 style=\"font-weight: 400; text-align: center;\"><strong>CZWARTEK \/ 26 CZERWCA 2025 \/ Mt 7, 21 -29<\/strong><\/h4>\n<p style=\"font-weight: 400;\"><strong>&nbsp; 8.00<\/strong>&nbsp;&nbsp;&nbsp; \u015bp. J\u00f3zef Czeszejko &#8211; Sochacki<\/p>\n<p style=\"font-weight: 400;\"><strong>&nbsp; 8.00<\/strong>&nbsp;&nbsp;&nbsp; Za parafian<\/p>\n<p style=\"font-weight: 400;\"><strong>18.00<\/strong>&nbsp;&nbsp; Za zmar\u0142ych rodzic\u00f3w, rodze\u0144stwo z rodziny BA\u0141DYGA<\/p>\n<p style=\"font-weight: 400;\">&nbsp;<\/p>\n<h4 style=\"font-weight: 400; text-align: center;\"><strong>PI\u0104TEK \/ 27 CZERWCA 2025 \/ \u0141k 15, 3 -7<br \/>\n<\/strong>UROCZYSTO\u015a\u0106 NAJ\u015aWI\u0118TSZEGO SERCA PANA JEZUSA<\/h4>\n<p style=\"font-weight: 400;\"><strong>&nbsp; 8.00<\/strong>&nbsp;&nbsp;&nbsp; \u015bp. Jerzy CIESIELSKI i zmar\u0142ych z rodziny<\/p>\n<p style=\"font-weight: 400;\"><strong>&nbsp; 8.00<\/strong>&nbsp;&nbsp;&nbsp; Msza \u015bw. dzi\u0119kczynna za otrzymane \u0142aski w ROKU SZKOLNYM 2024\/2025 przez dzieci i m\u0142odzie\u017c oraz w intencji katechet\u00f3w, nauczycieli i pracownik\u00f3w o\u015bwiaty&nbsp;&nbsp;&nbsp;&nbsp;&nbsp;&nbsp;&nbsp;&nbsp;&nbsp;&nbsp;&nbsp;&nbsp;&nbsp;&nbsp;&nbsp;&nbsp;&nbsp;&nbsp; o Bo\u017ce b\u0142ogos\u0142awie\u0144stwo i szcz\u0119\u015bliwe wakacje dla wszystkich<\/p>\n<p style=\"font-weight: 400;\"><strong>18.00<\/strong>&nbsp;&nbsp; Dzi\u0119kczynna w 80 urodziny Stanis\u0142awa(m) CIE\u015aLEKOWSKIEGO oraz za Ma\u0142gorzat\u0119 w 32 urodziny<\/p>\n<p style=\"font-weight: 400;\"><strong>18.00<\/strong>&nbsp;&nbsp; Dzi\u0119kczynno \u2013 b\u0142agalna o Bo\u017ce b\u0142ogos\u0142awie\u0144stwo i obfite \u0142aski dla Alicji i Piotra ZBIERZCHOWSKICH z okazji 17 rocznicy sakramentu ma\u0142\u017ce\u0144stwa<\/p>\n<p style=\"font-weight: 400;\">&nbsp;<\/p>\n<h4 style=\"font-weight: 400; text-align: center;\"><strong>SOBOTA \/ 28 CZEWCA 2025 \/ \u0141k 2, 41 -51<\/strong><br \/>\nWspomnienie Niepokalanego Serca Naj\u015bwi\u0119tszej Maryi Panny<\/h4>\n<p style=\"font-weight: 400;\">&nbsp; <strong>8.00<\/strong>&nbsp;&nbsp;&nbsp; \u015bp. Zenon MAGO\u0143 \u2013 intencja od Kr\u0119gu Biblijnego<\/p>\n<p style=\"font-weight: 400;\"><strong>18.00<\/strong>&nbsp;&nbsp; \u015bp. Maria PAW\u0141OSKA w 25 rocznice \u015bmierci i zmar\u0142ych z rodziny Tomaszewskich<\/p>\n<p style=\"font-weight: 400;\"><strong>18.00<\/strong>&nbsp;&nbsp; \u015bp. Reginald KACPRZAK w 1 rocznic\u0119 \u015bmierci oraz rodzic\u00f3w z obojga stron: \u015bp. Jadwiga i Marian i \u015bp. El\u017cbieta i Stanis\u0142aw oraz \u015bp. Dominik<\/p>\n","protected":false},"excerpt":{"rendered":"<p>DLACZEGO MI\u0141O\u015a\u0106 POWINNA BY\u0106 CIERPLIWA ?&nbsp; Drogi Przyjacielu! Ciesz\u0119 si\u0119, \u017ce mo\u017cemy razem prze\u017cywa\u0107 obecny ROK \u015aWI\u0118TY, kt\u00f3rego has\u0142em s\u0105 s\u0142owa: \u201eNadzieja zawie\u015b\u0107 nie mo\u017ce\u201d. Gdy b\u0119dziemy razem uczestniczyli w r\u00f3\u017cnych wydarzeniach ROKU \u015aWI\u0118TEGO \u2013 a program jego jest bardzo r\u00f3\u017cnorodny \u2013 b\u0119dziemy mogli ubogaci\u0107 swoj\u0105 wiar\u0119 oraz pog\u0142\u0119bi\u0107 \u017cycie duchowe. Temu duchowemu pog\u0142\u0119bieniu pomagaj\u0105 [&hellip;]<\/p>\n","protected":false},"author":1,"featured_media":5769,"comment_status":"closed","ping_status":"closed","sticky":false,"template":"","format":"standard","meta":{"ngg_post_thumbnail":0,"footnotes":""},"categories":[11,8,4,3],"tags":[],"class_list":["post-5768","post","type-post","status-publish","format-standard","has-post-thumbnail","hentry","category-aktualnosci","category-blog","category-intencje","category-ogloszenia"],"_links":{"self":[{"href":"https:\/\/rafalk-elblag.pl\/index.php?rest_route=\/wp\/v2\/posts\/5768","targetHints":{"allow":["GET"]}}],"collection":[{"href":"https:\/\/rafalk-elblag.pl\/index.php?rest_route=\/wp\/v2\/posts"}],"about":[{"href":"https:\/\/rafalk-elblag.pl\/index.php?rest_route=\/wp\/v2\/types\/post"}],"author":[{"embeddable":true,"href":"https:\/\/rafalk-elblag.pl\/index.php?rest_route=\/wp\/v2\/users\/1"}],"replies":[{"embeddable":true,"href":"https:\/\/rafalk-elblag.pl\/index.php?rest_route=%2Fwp%2Fv2%2Fcomments&post=5768"}],"version-history":[{"count":1,"href":"https:\/\/rafalk-elblag.pl\/index.php?rest_route=\/wp\/v2\/posts\/5768\/revisions"}],"predecessor-version":[{"id":5770,"href":"https:\/\/rafalk-elblag.pl\/index.php?rest_route=\/wp\/v2\/posts\/5768\/revisions\/5770"}],"wp:featuredmedia":[{"embeddable":true,"href":"https:\/\/rafalk-elblag.pl\/index.php?rest_route=\/wp\/v2\/media\/5769"}],"wp:attachment":[{"href":"https:\/\/rafalk-elblag.pl\/index.php?rest_route=%2Fwp%2Fv2%2Fmedia&parent=5768"}],"wp:term":[{"taxonomy":"category","embeddable":true,"href":"https:\/\/rafalk-elblag.pl\/index.php?rest_route=%2Fwp%2Fv2%2Fcategories&post=5768"},{"taxonomy":"post_tag","embeddable":true,"href":"https:\/\/rafalk-elblag.pl\/index.php?rest_route=%2Fwp%2Fv2%2Ftags&post=5768"}],"curies":[{"name":"wp","href":"https:\/\/api.w.org\/{rel}","templated":true}]}}