{"id":5766,"date":"2025-06-14T19:16:44","date_gmt":"2025-06-14T19:16:44","guid":{"rendered":"https:\/\/rafalk-elblag.pl\/?p=5766"},"modified":"2025-06-14T19:16:44","modified_gmt":"2025-06-14T19:16:44","slug":"ogloszenia-parafialne-15-06-2025-r-najswietszej-trojcy","status":"publish","type":"post","link":"https:\/\/rafalk-elblag.pl\/?p=5766","title":{"rendered":"OG\u0141OSZENIA PARAFIALNE 15.06.2025 r. \u2013 Naj\u015bwi\u0119tszej Tr\u00f3jcy"},"content":{"rendered":"<h3 style=\"text-align: center;\"><strong>CZYM TAK NAPRAWD\u0118 JEST NADZIEJA?<\/strong><\/h3>\n<p><strong><em>Drogi Przyjacielu!<\/em><\/strong> Ciesz\u0119 si\u0119, \u017ce r\u00f3wnie\u017c Tobie spodoba\u0142a si\u0119 g\u0142\u00f3wna my\u015bl przewodnia <strong>ROKU JUBILEUSZOWEGO<\/strong>.<\/p>\n<p>T\u0105 g\u0142\u00f3wn\u0105 my\u015bl\u0105 przewodni\u0105 jest <strong>nadzieja,<\/strong> kt\u00f3ra zawie\u015b\u0107 nie mo\u017ce. <strong>Nadzieja,<\/strong> o kt\u00f3rej tutaj m\u00f3wimy, ju\u017c ze swej nazwy, na samym pocz\u0105tku zastanawiania si\u0119 nad jej tre\u015bci\u0105 podnosi nas na duchu, uskrzydla, dodaje nowej duchowej mocy do kroczenia przed siebie. I Bogu dzi\u0119kujemy, \u017ce tak jest. Proponuj\u0119 jednak, aby\u015bmy wsp\u00f3lnie zastanowili si\u0119, z czego rodzi si\u0119 <strong>nadzieja<\/strong> i jaki jest jej fundament. Na te pytanie odpowiada papie\u017c Franciszek w bulli \u201eSpes non confundit\u201d. \u201e <strong>Nadzieja rodzi si\u0119 w istocie z mi\u0142o\u015bci i opiera si\u0119 na mi\u0142o\u015bci, kt\u00f3ra wyp\u0142ywa z Serca Jezusowego przebitego na krzy\u017cu.<\/strong> Je\u017celi bowiem, b\u0119d\u0105c nieprzyjaci\u00f3\u0142mi, zostali\u015bmy pojednani z Bogiem przez \u015bmier\u0107 Jego Syna, o tym bardziej, b\u0119d\u0105c ju\u017c pojednani, dost\u0105pimy zbawienia przez Jego \u017cycie(Rz.5,10).<\/p>\n<p style=\"font-weight: 400;\">A Jego \u017cycie objawia si\u0119 w naszym \u017cyciu wiary, kt\u00f3ra zaczyna si\u0119 od chrztu, rozwija si\u0119 w uleg\u0142o\u015bci wobec \u0142aski Bo\u017cej, dlatego jest o\u017cywione <strong>nadziej\u0105,<\/strong> kt\u00f3ra dzi\u0119ki dzia\u0142aniu Ducha \u015awi\u0119tego, jest stale &nbsp;odnawiana i niewzruszona\u201d.<\/p>\n<p style=\"font-weight: 400;\">W chwili chrztu otrzymali\u015bmy Ducha \u015awi\u0119tego, by Jego moc\u0105 \u017cy\u0107 mi\u0142o\u015bci\u0105. Kiedy On w nas dzia\u0142a, objawia si\u0119 jako mi\u0142o\u015b\u0107 w naszym \u017cyciu. To On prowadzi nas drog\u0105 mi\u0142o\u015bci i uczy przezwyci\u0119\u017ca\u0107 wszelkie przeszkody, kt\u00f3re staj\u0105 na jej drodze. Wi\u0119\u017a z Bogiem przez wiar\u0119 ma na celu zjednoczenie z Nim w mi\u0142o\u015bci. <strong><em>Nadzieja pomaga nam pokonywa\u0107 r\u00f3\u017cne trudno\u015bci na tej drodze mi\u0142o\u015bci do pe\u0142nego zjednoczenia z Bogiem w mi\u0142o\u015bci.<\/em><\/strong><\/p>\n<p style=\"font-weight: 400;\"><strong>Nadzieja <\/strong>chrze\u015bcija\u0144ska opiera si\u0119 na pewno\u015bci, \u017ce nic i nikt nigdy nie b\u0119dzie w stanie oddzieli\u0107 nas od Bo\u017cej mi\u0142o\u015bci: <strong><em>\u201eKt\u00f3\u017c nas mo\u017ce od\u0142\u0105czy\u0107 od mi\u0142o\u015bci Chrystusowej, g\u0142\u00f3d czy nago\u015b\u0107, niebezpiecze\u0144stwo czy miecz.? (Rz 8,35). <\/em><\/strong>\u015awi\u0119ty Pawe\u0142 pisze, \u017ce nic i nikt nie mo\u017ce nas od\u0142\u0105czy\u0107 od mi\u0142o\u015bci Boga, kt\u00f3ra jest w Jezusie Chrystusie, Panu naszym.<\/p>\n<p style=\"font-weight: 400;\"><strong>KOCHANI! Oby ROK \u015aWI\u0118TY, kt\u00f3ry prze\u017cywamy, umacnia\u0142 nasz\u0105 wiar\u0119 i mi\u0142o\u015b\u0107, z kt\u00f3rej zrodzi si\u0119 nadzieja. Oby\u015bmy dzi\u0119ki temu byli zawsze lud\u017ami nadziei i z t\u0105 nadziej\u0105 pielgrzymowali przez ziemi\u0119 do ojczyzny niebieskiej. O to si\u0119 modl\u0119 i tego Ci \u017cycz\u0119 z ca\u0142ego serca.<\/strong><\/p>\n<p>&nbsp;<\/p>\n<p>&nbsp;<\/p>\n<p><a href=\"http:\/\/rafalk-elblag.pl\/wp-content\/uploads\/2021\/08\/ogloszenia-parafialne-baner-01a.jpg\"><img decoding=\"async\" class=\"aligncenter\" src=\"http:\/\/rafalk-elblag.pl\/wp-content\/uploads\/2021\/08\/ogloszenia-parafialne-baner-01a.jpg\" alt=\"Obrazek posiada pusty atrybut alt; plik o nazwie ogloszenia-parafialne-baner-01a.jpg\"><\/a><\/p>\n<h3 style=\"font-weight: 400; text-align: center;\"><strong>OG\u0141OSZENIA PARAFIALN<\/strong><\/h3>\n<ol>\n<li><strong>Przez ca\u0142y czerwiec po Mszy \u015bw. o godz. 18:00 odprawiane s\u0105 Nabo\u017ce\u0144stwa ku czci Naj\u015bwi\u0119tszego Serca Pana Jezusa. Zapraszamy do wsp\u00f3lnego odmawiania Litanii przed Naj\u015bwi\u0119tszym Sakramentem.<\/strong><\/li>\n<li>Jutro 16 czerwca dzie\u0144 modlitw za <strong>Rodzin\u0119 i<\/strong> <strong>Bractwo Szkaplerzne. Zapraszamy wszystkich parafian na Msz\u0119 \u015bw. o godz. 18;00 <\/strong>a szczeg\u00f3lnie tych, kt\u00f3rzy odziani s\u0105 szat\u0105 opieki Maryi i pragn\u0105cych przyj\u0105\u0107 Szkaplerz \u015awi\u0119ty. Po Mszy \u015bw. odb\u0119dzie si\u0119 nabo\u017ce\u0144stwo przed Naj\u015bwi\u0119tszym Sakramentem a po nabo\u017ce\u0144stwie odb\u0119dzie si\u0119 spotkanie Rady Szkaplerznej. <em>Zach\u0119cam nowe osoby do w\u0142\u0105czenia si\u0119 w Rad\u0119 Szkaplerzn\u0105. <\/em><\/li>\n<li><strong>W czwartek (19 czerwca) przypada UROCZYSTO\u015a\u0106 NAJ\u015aWI\u0118TSZEGO CIA\u0141A I KRWI CHRYSTUSA <\/strong>&#8211; BO\u017bE CIA\u0141O<em>.<\/em><em> Msze \u015bw. w naszym ko\u015bciele odprawione b\u0119d\u0105 o godz. 8:00 i 18:00 oraz bezpo\u015brednio po zako\u0144czeniu procesji. <\/em><strong>W tym roku procesja wyruszy z Parafii pw. \u015bw. Brata Alberta <u>po Mszy \u015bw. o godz. 10:30.<\/u><\/strong> Zach\u0119cam parafian do przyozdobienia okien swoich mieszka\u0144. Procesja przejdzie ulicami: <u>Legion\u00f3w, Niepodleg\u0142o\u015bci, Broniewskiego, Og\u00f3ln\u0105, Broniewskiego i Sobieskiego. <\/u>Wsp\u00f3lnoty parafialne, za kt\u00f3re jest odpowiedzialny ks. Marcin prosimy o pomoc w przygotowaniu <strong>trzeciego o\u0142tarza.<\/strong> Natomiast wsp\u00f3lnoty, za kt\u00f3re odpowiedzialny jest&nbsp; Proboszcz zapraszamy do przygotowania <strong>czwartego o\u0142tarza<\/strong>. <em>Pozosta\u0142ych wiernych prosimy o przynoszenie kwiat\u00f3w do zakrystii. DZI\u0118KUJEMY.<\/em><\/li>\n<li>Gor\u0105co zach\u0119camy dzieci I Komunijne i rocznicowe do czynnego udzia\u0142u w UROCZYSTO\u015aCIACH BO\u017bEGO CIA\u0141A. Zapraszamy dziewczynki do sypania kwiat\u00f3w a ch\u0142opc\u00f3w do utworzenia procesji z dzwonkami. Po Mszy \u015bw. o godz. 10:00 b\u0119d\u0119 oczekiwa\u0142 na rodzic\u00f3w zg\u0142aszaj\u0105cych swoje dzieci do udzia\u0142u w tej procesji. <em>Zach\u0119ta rodzic\u00f3w do udzia\u0142u w procesji wobec dzieci jest pi\u0119knym \u015bwiadectwem przekazywania wiary w rodzinie. <\/em><\/li>\n<li>W <strong>Oktawie Bo\u017cego Cia\u0142a<\/strong> zapraszamy wiernych do udzia\u0142u w nabo\u017ce\u0144stwach czerwcowych po\u0142\u0105czonych z <strong>PROCESJ\u0104 EUCHARYSTYCZN\u0104<\/strong> po Mszy \u015bw. o godz. 18:00.&nbsp; Zapraszamy dzieci do sypania kwiat\u00f3w, a doros\u0142ych do przygotowania procesji. <strong><em>Udzia\u0142 w procesji jest wyrazem wiary w obecno\u015b\u0107 Jezusa Chrystusa w Naj\u015bwi\u0119tszym Sakramencie.<\/em><\/strong><\/li>\n<li>Zesp\u00f3\u0142 Szk\u00f3\u0142 Pijarskich \u015bw. Miko\u0142aja w Elbl\u0105gu prowadzi rekrutacj\u0119 na rok szkolny 2025\/2026 do szko\u0142y podstawowej i liceum og\u00f3lnokszta\u0142c\u0105cego. To wyj\u0105tkowe miejsce, w kt\u00f3rym dzieci i m\u0142odzie\u017c rozwijaj\u0105 si\u0119 w duchu warto\u015bci chrze\u015bcija\u0144skich, w \u017cyczliwej atmosferze i pod opiek\u0105 do\u015bwiadczonych nauczycieli. <strong>Uwaga!<\/strong> <em>Szko\u0142a nie bierze udzia\u0142u w miejskim systemie naboru elektronicznego. Szczeg\u00f3\u0142owe informacje dost\u0119pne s\u0105 na stronie internetowej:<\/em><a href=\"http:\/\/www.elblag.pijarzy.pl\/\"><em>elblag.pijarzy.pl<\/em><\/a><\/li>\n<li><strong>Informujemy, <\/strong>\u017ce miesi\u0105cach: czerwiec, lipiec i sierpie\u0144 Msza \u015bw. w niedziel\u0119 o godz.10:00 \u2013 z udzia\u0142em dzieci &#8211; b\u0119dzie nag\u0142o\u015bniana na zewn\u0105trz. <em style=\"font-size: 16px;\">W spos\u00f3b szczeg\u00f3lny zapraszamy na t\u0105 Msz\u0119 \u015bw. rodziny z ma\u0142ymi dzie\u0107mi.<\/em><\/li>\n<\/ol>\n<ol start=\"8\">\n<li>Zach\u0119cam do nabywania nowego numeru \u201eGo\u015bcia Niedzielnego\u201d<strong>z dodatkiem<\/strong> <strong>\u201eGo\u015b\u0107 Elbl\u0105ski\u201d<\/strong> a w nim wydarzenia z diecezji oraz \u201e<strong>GO\u015a\u0106 EXTRA\u201d<\/strong> cena 14 z\u0142.<\/li>\n<li>Wszystkim Jubilatom i Solenizantom tego tygodnia \u017cyczymy wszelkiego dobra w \u017cyciu i b\u0142ogos\u0142awie\u0144stwa Bo\u017cego.<\/li>\n<li>Pan powo\u0142a\u0142 do wieczno\u015bci: \u015bp. Ann\u0119 \u0141USZCZYK lat 40 z ul. Krzywoustego<\/li>\n<\/ol>\n<p>&nbsp;<\/p>\n<p>&nbsp;<\/p>\n<p><img decoding=\"async\" class=\"aligncenter\" src=\"http:\/\/rafalk-elblag.pl\/wp-content\/uploads\/2020\/04\/baner-intencje-mszy.jpg\" alt=\"Obrazek posiada pusty atrybut alt; plik o nazwie baner-intencje-mszy.jpg\"><\/p>\n<h3 style=\"text-align: center;\"><strong>INTENCJE MSZALNE<\/strong><\/h3>\n<table style=\"font-weight: 400;\" width=\"721\">\n<tbody>\n<tr>\n<td width=\"58\"><strong>&nbsp;<\/strong><\/td>\n<td width=\"663\">\n<p style=\"text-align: center;\"><strong>NIEDZIELA&nbsp; NAJ\u015aWI\u0118TSZEJ TR\u00d3JCY<\/strong><\/p>\n<p style=\"text-align: center;\"><strong>15 CZERWCA 2025 \/ J 16, 12 &#8211; 15<\/strong><\/p>\n<\/td>\n<\/tr>\n<tr>\n<td width=\"58\"><strong>&nbsp; 8.00<\/strong><\/td>\n<td width=\"663\"><strong>Za parafian<\/strong><\/td>\n<\/tr>\n<tr>\n<td width=\"58\"><strong>10.00<\/strong><\/td>\n<td width=\"663\">\u015bp. Zofia, Katarzyna, J\u00f3zef(m) KOZACZUK, \u015bp. Jan, Jadwiga, Ryszard WYSOCCY<\/td>\n<\/tr>\n<tr>\n<td width=\"58\"><strong>12.00<\/strong><\/td>\n<td width=\"663\">Dzi\u0119kczynna za wsp\u00f3lne prze\u017cyte 50 lat Gra\u017cyny i Ryszarda ZAMBRZYCKICH &nbsp;&nbsp;&nbsp;&nbsp;&nbsp;&nbsp;&nbsp;&nbsp;&nbsp;&nbsp;&nbsp;&nbsp;&nbsp;&nbsp;&nbsp;&nbsp;&nbsp;z pro\u015bb\u0105 o Bo\u017ce b\u0142ogos\u0142awie\u0144stwo, opiek\u0119 M.B. Szkaplerznej na dalsz\u0105 drog\u0119 Z\u0142otych JUBILAT\u00d3W<\/td>\n<\/tr>\n<tr>\n<td width=\"58\"><strong>18.00<\/strong><\/td>\n<td width=\"663\"><i>Za dusze cierpi\u0105ce w czy\u015b\u0107cu i \u015bp. Romana<\/i><\/td>\n<\/tr>\n<tr>\n<td colspan=\"2\" width=\"721\">\n<p style=\"text-align: center;\"><strong>PONIEDZIA\u0141EK \/ 16 CZERWCA 2025 \/ Mt 5, 38 \u2013 42<\/strong><\/p>\n<p style=\"text-align: center;\"><strong>Spotkanie Rodziny i Bractwa Szkaplerznego<\/strong><\/p>\n<\/td>\n<\/tr>\n<tr>\n<td width=\"58\"><strong>&nbsp; 8.00<\/strong><\/td>\n<td width=\"663\">\u015bp. Irena GAZA w 8 rocznice \u015bmierci<\/td>\n<\/tr>\n<tr>\n<td width=\"58\"><strong>18.00<\/strong><\/td>\n<td width=\"663\">\u015bp. Miros\u0142aw(m) SOWI\u0143SKI w 4 rocznice \u015bmierci i zmar\u0142ych rodzic\u00f3w z obojga stron<\/td>\n<\/tr>\n<tr>\n<td width=\"58\"><strong>18.00<\/strong><\/td>\n<td width=\"663\">Za Rodzin\u0119 i Bractwo Szkaplerzne oraz osoby przyjmuj\u0105ce Szkaplerz \u015bwi\u0119ty<\/td>\n<\/tr>\n<tr>\n<td colspan=\"2\" width=\"721\">\n<p style=\"text-align: center;\"><strong>WTOREK&nbsp; \/ 17 CZERWCA 2025\/&nbsp; Mt 5, 43 \u2013 48<\/strong><\/p>\n<p style=\"text-align: center;\"><strong>Wspomnienie \u015bw. Brata Alberta Chmielewskiego, zakonnika<\/strong><\/p>\n<p style=\"text-align: center;\"><strong>ODPUST W PARAFII \u015aW. BRATA&nbsp; ALBERTA<\/strong><\/p>\n<\/td>\n<\/tr>\n<tr>\n<td width=\"58\"><strong>&nbsp; 8.00<\/strong><\/td>\n<td width=\"663\">\u015bp. Jerzy i Teresa KOTLEWSCY \u2013 intencja od uczestnik\u00f3w pogrzebu<\/td>\n<\/tr>\n<tr>\n<td width=\"58\"><strong>&nbsp; 8.00<\/strong><\/td>\n<td width=\"663\">\u015bp. Marianna KACZOR w 30 dzie\u0144 po pogrzebie<\/td>\n<\/tr>\n<tr>\n<td width=\"58\"><strong>18.00<\/strong><\/td>\n<td width=\"663\">\u015bp. Krzysztof KOSIDOWSKI \u2013 intencja od uczestnik\u00f3w pogrzebu<\/td>\n<\/tr>\n<tr>\n<td colspan=\"2\" width=\"721\">\n<p style=\"text-align: center;\"><strong>\u015aRODA \/ 18 CZERWCA2025 <\/strong>\/ Mt 6, 1 &#8211; 18<\/p>\n<\/td>\n<\/tr>\n<tr>\n<td width=\"58\"><strong>&nbsp; 8.00<\/strong><\/td>\n<td width=\"663\">\u015bp. Maria TONGA, \u015bp. Jan TONGA i zmar\u0142ych z rodziny TONGA<\/td>\n<\/tr>\n<tr>\n<td width=\"58\"><strong>18.00<\/strong><\/td>\n<td width=\"663\">\u015bp. J\u00f3zef, Marianna, Henryk, Adam z rodziny MATUSZEWSKICH<\/td>\n<\/tr>\n<tr>\n<td width=\"58\"><strong>18.00<\/strong><\/td>\n<td width=\"663\">\u015bp. Franciszek BA\u0141DYGA&nbsp; w 3 rocznic\u0119 \u015bmierci<\/td>\n<\/tr>\n<tr>\n<td colspan=\"2\" width=\"721\">\n<p style=\"text-align: center;\"><strong>CZWARTEK&nbsp; \/ 19 CZERWCA 2025 \/ \u0141k&nbsp; 9, 11 \u2013 17<\/strong><\/p>\n<p style=\"text-align: center;\"><strong>UROCZYSTO\u015a\u0106 NAJ\u015aWI\u0118TSZEGO CIA\u0141A&nbsp; I KRWI CHRYSTUSA<\/strong><\/p>\n<\/td>\n<\/tr>\n<tr>\n<td width=\"58\"><strong>&nbsp; 8.00<\/strong><\/td>\n<td width=\"663\">\u015bp. Lucjan LASEK w dniu imienin, \u015bp. Bronis\u0142awa(k), Stanis\u0142aw LASEK, \u015bp. Marianna, Feliks, Sylwester BA\u0141DYGA&nbsp;<\/td>\n<\/tr>\n<tr>\n<td width=\"58\"><strong>10.30<\/strong><\/td>\n<td width=\"663\"><strong>Msza \u015bw. w parafii \u015bw. Brata Alberta a po wyj\u015bcie procesji do \u015bw. Rafa\u0142a <\/strong><\/td>\n<\/tr>\n<tr>\n<td width=\"58\"><strong>&nbsp;<\/strong><\/td>\n<td width=\"663\">Msza \u015bw. bezpo\u015brednio po zako\u0144czeniu procesji w ko\u015bciele<\/td>\n<\/tr>\n<tr>\n<td width=\"58\"><strong>18.00<\/strong><\/td>\n<td width=\"663\">\u015bp. Irena BARA\u0143SKA&nbsp; w 4 rocznice \u015bmierci<\/td>\n<\/tr>\n<tr>\n<td colspan=\"2\" width=\"721\">\n<p style=\"text-align: center;\"><strong>PI\u0104TEK \/ 20 CZERWCA 2025 \/ Mt 6, 19 &#8211; 23<\/strong><\/p>\n<\/td>\n<\/tr>\n<tr>\n<td width=\"58\"><strong>&nbsp; 8.00<\/strong><\/td>\n<td width=\"663\">O Bo\u017ce b\u0142ogos\u0142awie\u0144stwo, opiek\u0119 Matki Bo\u017cej dla ks. Jerzego oraz o potrzebne dary Ducha \u015awi\u0119tego w pos\u0142udze kap\u0142a\u0144skiej<\/td>\n<\/tr>\n<tr>\n<td width=\"58\"><strong>18.00<\/strong><\/td>\n<td width=\"663\">Dzi\u0119kczynna &#8211; b\u0142agalna w16 rocznic\u0119 \u015blubu Magdaleny i Paw\u0142a z pro\u015bb\u0105 o Bo\u017ce b\u0142ogos\u0142awie\u0144stwo i opiek\u0119 Matki Bo\u017ce Szkaplerznej<\/td>\n<\/tr>\n<tr>\n<td width=\"58\"><strong>18.00<\/strong><\/td>\n<td width=\"663\">\u015bp. J\u00f3zef GRACZYK&nbsp; &#8211; intencja od uczestnik\u00f3w pogrzebu<\/td>\n<\/tr>\n<tr>\n<td colspan=\"2\" width=\"721\">\n<p style=\"text-align: center;\"><strong>SOBOTA \/ 21 CZEWCA 2025 \/ Mt 6, 24 \u2013 34<\/strong><\/p>\n<p style=\"text-align: center;\"><strong>Wspomnienia \u015bw. Alojzego Gonzagi, zakonnika<\/strong><\/p>\n<\/td>\n<\/tr>\n<tr>\n<td width=\"58\"><strong>&nbsp; 8.00<\/strong><\/td>\n<td width=\"663\">\u015bp. W\u0142adys\u0142aw9m) i Wies\u0142awa FLORKOWSCY i za zmar\u0142ych z rodziny<\/td>\n<\/tr>\n<tr>\n<td width=\"58\"><strong>18.00<\/strong><\/td>\n<td width=\"663\">\u015bp. Ewa w rocznice \u015bmierci, \u015bp. Andrzej, Franciszek, Andrzej z rodziny BINKOWSKICH<\/td>\n<\/tr>\n<tr>\n<td width=\"58\"><strong>18.00<\/strong><\/td>\n<td width=\"663\">\u015bp. Danuta CHY\u0141A \u2013 intencja od uczestnik\u00f3w pogrzebu<\/td>\n<\/tr>\n<\/tbody>\n<\/table>\n<p>&nbsp;<\/p>\n","protected":false},"excerpt":{"rendered":"<p>CZYM TAK NAPRAWD\u0118 JEST NADZIEJA? Drogi Przyjacielu! Ciesz\u0119 si\u0119, \u017ce r\u00f3wnie\u017c Tobie spodoba\u0142a si\u0119 g\u0142\u00f3wna my\u015bl przewodnia ROKU JUBILEUSZOWEGO. T\u0105 g\u0142\u00f3wn\u0105 my\u015bl\u0105 przewodni\u0105 jest nadzieja, kt\u00f3ra zawie\u015b\u0107 nie mo\u017ce. Nadzieja, o kt\u00f3rej tutaj m\u00f3wimy, ju\u017c ze swej nazwy, na samym pocz\u0105tku zastanawiania si\u0119 nad jej tre\u015bci\u0105 podnosi nas na duchu, uskrzydla, dodaje nowej duchowej mocy [&hellip;]<\/p>\n","protected":false},"author":1,"featured_media":5471,"comment_status":"closed","ping_status":"closed","sticky":false,"template":"","format":"standard","meta":{"ngg_post_thumbnail":0,"footnotes":""},"categories":[11,8,4,3],"tags":[],"class_list":["post-5766","post","type-post","status-publish","format-standard","has-post-thumbnail","hentry","category-aktualnosci","category-blog","category-intencje","category-ogloszenia"],"_links":{"self":[{"href":"https:\/\/rafalk-elblag.pl\/index.php?rest_route=\/wp\/v2\/posts\/5766","targetHints":{"allow":["GET"]}}],"collection":[{"href":"https:\/\/rafalk-elblag.pl\/index.php?rest_route=\/wp\/v2\/posts"}],"about":[{"href":"https:\/\/rafalk-elblag.pl\/index.php?rest_route=\/wp\/v2\/types\/post"}],"author":[{"embeddable":true,"href":"https:\/\/rafalk-elblag.pl\/index.php?rest_route=\/wp\/v2\/users\/1"}],"replies":[{"embeddable":true,"href":"https:\/\/rafalk-elblag.pl\/index.php?rest_route=%2Fwp%2Fv2%2Fcomments&post=5766"}],"version-history":[{"count":1,"href":"https:\/\/rafalk-elblag.pl\/index.php?rest_route=\/wp\/v2\/posts\/5766\/revisions"}],"predecessor-version":[{"id":5767,"href":"https:\/\/rafalk-elblag.pl\/index.php?rest_route=\/wp\/v2\/posts\/5766\/revisions\/5767"}],"wp:featuredmedia":[{"embeddable":true,"href":"https:\/\/rafalk-elblag.pl\/index.php?rest_route=\/wp\/v2\/media\/5471"}],"wp:attachment":[{"href":"https:\/\/rafalk-elblag.pl\/index.php?rest_route=%2Fwp%2Fv2%2Fmedia&parent=5766"}],"wp:term":[{"taxonomy":"category","embeddable":true,"href":"https:\/\/rafalk-elblag.pl\/index.php?rest_route=%2Fwp%2Fv2%2Fcategories&post=5766"},{"taxonomy":"post_tag","embeddable":true,"href":"https:\/\/rafalk-elblag.pl\/index.php?rest_route=%2Fwp%2Fv2%2Ftags&post=5766"}],"curies":[{"name":"wp","href":"https:\/\/api.w.org\/{rel}","templated":true}]}}