{"id":5763,"date":"2025-06-07T13:52:16","date_gmt":"2025-06-07T13:52:16","guid":{"rendered":"https:\/\/rafalk-elblag.pl\/?p=5763"},"modified":"2025-06-07T13:52:16","modified_gmt":"2025-06-07T13:52:16","slug":"ogloszenia-parafialne-8-06-2025-r-zeslanie-ducha-swietego","status":"publish","type":"post","link":"https:\/\/rafalk-elblag.pl\/?p=5763","title":{"rendered":"OG\u0141OSZENIA PARAFIALNE 8.06.2025 r. \u2013 Zes\u0142anie Ducha \u015awi\u0119tego"},"content":{"rendered":"<h3 style=\"text-align: center;\"><strong>DLACZEGO ZOSTALI\u015aMY NAZWANI PIELGRZYMAMI NADZIEI?<\/strong><\/h3>\n<p>W kolejnym kroku naszej pielgrzymki po <strong>ROKU JUBILEUSZOWYM<\/strong> zwr\u00f3\u0107 uwag\u0119, drogi Przyjacielu, na s\u0142owa Ojca \u015awi\u0119tego, kt\u00f3ry nazwa\u0142 osoby pielgrzymuj\u0105ce w ROKU \u015aWIETYM \u201epielgrzymami nadziei\u201d. Co te s\u0142owa wyra\u017caj\u0105? Przypominaj\u0105 one podstawow\u0105 prawd\u0119 o ludzkim \u017cyciu, wyra\u017con\u0105 przez filozofa: <strong><em>cz\u0142owiek jest pielgrzymem \u2013 HOMO VIATOR. <\/em><\/strong>Cz\u0142owiek to osoba, kt\u00f3ra ci\u0105gle jest \u201ew drodze\u201d ci\u0105gle w\u0119druj\u0105ca. Przez ca\u0142e \u017cycie jeste\u015bmy pielgrzymami, kt\u00f3rzy zmierzaj\u0105 do domu Ojca, do nieba. To pielgrzymowanie w ROKU \u015aWIETYM powinno si\u0119 \u0142\u0105czy\u0107 z nadziej\u0105. W bulli &nbsp;\u201eSpes non confundit\u201d &nbsp;papie\u017c Franciszek , og\u0142aszaj\u0105c Jubileusz Roku 2025, wezwa\u0142 wszystkich chrze\u015bcijan, aby stali si\u0119 pielgrzymami nadziei. Wierni, pielgrzymi nadziei, b\u0119d\u0105 mogli uzyska\u0107 odpust&nbsp; jubileuszowy udzielony przez Ojca \u015awi\u0119tego, je\u015bli odb\u0119d\u0105 pobo\u017cn\u0105 pielgrzymk\u0119 do Rzymu &nbsp;&#8211; do co najmniej jednej z czterech bazylik.<\/p>\n<p style=\"font-weight: 400;\">Ewentualnie &nbsp;do Ziemi \u015awi\u0119tej lub do ko\u015bcio\u0142a katedralnego czy innych miejsc \u015bwi\u0119tych wyznaczonych przez ordynariusza diecezji zamieszkania. <strong>Biskup Elbl\u0105ski,<\/strong> bior\u0105c pod uwag\u0119 rozleg\u0142o\u015b\u0107 diecezji i jej regiony, a tak\u017ce warunki pastoralne, wyznaczy\u0142 &nbsp;w diecezji elbl\u0105skiej nast\u0119puj\u0105ce <strong>KO\u015aCIO\u0141Y JUBILEUSZOWE<\/strong>, w kt\u00f3rych wierni b\u0119d\u0105 mogli zyska\u0107 \u0142aski odpustu zupe\u0142nego pod zwyk\u0142ymi warunkami: <strong>katedry<\/strong>: <em>\u015bw. Miko\u0142aja \u2013 Elbl\u0105g, \u015bw. Jana Ewangelisty \u2013 Kwidzyn, \u015bw. Wojciecha \u2013 Prabuty <strong>oraz ko\u015bcio\u0142y<\/strong>: \u015bw. Brata Alberta \u2013 Elbl\u0105g, \u015bw. Jana Chrzciciela \u2013 Malbork, \u015bw. Anny \u2013 Sztum, \u015bw. Bart\u0142omieja \u2013 Pas\u0142\u0119k, \u015bw. Piotra i Paw\u0142a \u2013 Mor\u0105g, Przemienienia Pa\u0144skiego &nbsp;\u2013 I\u0142awa, \u015bw. Mateusza \u2013 Nowy Staw, Matki Bo\u017ce Kr\u00f3lowej \u015awiata \u2013 Kisielice, Naj\u015bwi\u0119tszego Serca Pana Jezusa \u2013 Stegna, sanktuarium NMP R\u00f3\u017ca\u0144cowej &nbsp;&nbsp;&nbsp;&nbsp;&nbsp;&nbsp;&nbsp;&nbsp;&nbsp;&nbsp;&nbsp;&nbsp;&nbsp;&nbsp;&nbsp;&nbsp;&nbsp;&nbsp;&nbsp;&nbsp;&nbsp;&nbsp;&nbsp;&nbsp;&nbsp;&nbsp;&nbsp;\u2013 Dzierzgo\u0144, sanktuarium NMP Fatimskiej i \u015bw. Jana Paw\u0142a II \u2013 Elbl\u0105g &#8211; Stagniewo.<\/em><\/p>\n<p style=\"font-weight: 400;\"><strong>Pielgrzymowanie nale\u017cy do istotnych element\u00f3w wydarzenia jubileuszowego.<\/strong> Piesze pielgrzymowanie bardzo sprzyja odkrywaniu na nowo warto\u015bci milczenia, wysi\u0142ku i tego, co istotne. <em><u>Pielgrzymi nadziei b\u0119d\u0105 przemierza\u0107 r\u00f3\u017cne szlaki, aby intensywnie prze\u017cy\u0107 do\u015bwiadczenie jubileuszowe. <\/u><\/em><\/p>\n<p style=\"font-weight: 400;\"><strong>Zach\u0119camy wiernych, aby podj\u0119li trud pielgrzymowania do ko\u015bcio\u0142\u00f3w jubileuszowych naszej diecezji,<\/strong> kt\u00f3re stanowi\u0105 oazy duchowo\u015bci, w kt\u00f3rych b\u0119dzie mo\u017cna od\u015bwie\u017cy\u0107 drog\u0119 wiary i nadziei. <em>Warunkiem jednak jest przyst\u0105pienie do sakramentu pojednania, od kt\u00f3rego rozpoczyna si\u0119 droga nawr\u00f3cenia.<\/em><\/p>\n<p style=\"font-weight: 400;\"><strong><em>\u017bycz\u0119 Ci drogi towarzyszu na pielgrzymim szlaku, aby\u015b prze\u017cywa\u0142 owocnie trwaj\u0105cy ROK \u015aWI\u0118TY 2025 jako pielgrzym nadziei i odrodzi\u0142 si\u0119 duchowo w tym czasie \u0142aski i nadziei, przyst\u0119puj\u0105c do sakramentu pojednania i pokuty, od kt\u00f3rego rozpoczyna si\u0119 droga prawdziwego nawr\u00f3cenia.<\/em><\/strong><\/p>\n<p>&nbsp;<\/p>\n<p>&nbsp;<\/p>\n<p><a href=\"http:\/\/rafalk-elblag.pl\/wp-content\/uploads\/2021\/08\/ogloszenia-parafialne-baner-01a.jpg\"><img decoding=\"async\" class=\"aligncenter\" src=\"http:\/\/rafalk-elblag.pl\/wp-content\/uploads\/2021\/08\/ogloszenia-parafialne-baner-01a.jpg\" alt=\"Obrazek posiada pusty atrybut alt; plik o nazwie ogloszenia-parafialne-baner-01a.jpg\"><\/a><\/p>\n<h3 style=\"font-weight: 400; text-align: center;\"><strong>OG\u0141OSZENIA PARAFIALNE<\/strong><\/h3>\n<ol>\n<li><strong>Dzisiaj Uroczysto\u015b\u0107 Zes\u0142ania Ducha \u015awi\u0119tego<\/strong>, a zarazem dzie\u0144, w kt\u00f3rym mo\u017cemy uzyska\u0107 ODPUST ZUPE\u0141NY pod zwyk\u0142ymi warunkami i za udzia\u0142 w publicznym \u015bpiewie lub recytacji hymnu:<strong> \u201eO Stworzycielu, Duchu przyjd\u017a\u201d.<\/strong><\/li>\n<li>Na Sumie Parafialnej o godz. 12:00 dzieci klas IV prze\u017cywa\u0107 b\u0119d\u0105 Rocznic\u0119 Pierwszej Komunii \u015awi\u0119tej. <em>Prosimy o modlitw\u0119 w intencji dzieci i ich rodzic\u00f3w.<\/em><\/li>\n<li>Jutro drugi dzie\u0144 \u015bwiat Zes\u0142ania Ducha \u015awi\u0119tego<strong> \u2013 \u015bwi\u0119to Naj\u015bwi\u0119tszej Maryi Panny, Matki Ko\u015bcio\u0142a. <\/strong><em>Zapraszamy na Msze \u015bw. o godz. 8:00 i 18:00.<\/em><\/li>\n<li>M\u0142odzie\u017c przygotowuj\u0105c\u0105 si\u0119 do SAKRAMENTU BIERZMOWANIA \u2013 rok pierwszy <strong><em>(uczniowie klas VIII Szko\u0142y Podstawowej)<\/em><\/strong> zapraszamy na spotkanie w poniedzia\u0142ek 9 czerwca br. o godz. 19:15 w salce na plebanii. Prosz\u0119 o zabranie ksi\u0105\u017ceczek. <em><u>Obecno\u015b\u0107 na tym spotkaniu jest bardzo istotna do dalszej formacji. <\/u><\/em><\/li>\n<li>Przez ca\u0142y czerwiec po Mszy \u015bw. o godz. 18:00 odprawiane b\u0119dzie<strong> Nabo\u017ce\u0144stwo ku czci Naj\u015bwi\u0119tszego Serca Pana Jezusa. Zapraszamy do wsp\u00f3lnego odmawiania Litanii przed Naj\u015bwi\u0119tszym Sakramentem.<\/strong><\/li>\n<li><strong>W czwartek 12 czerwca br. obchodzimy w Ko\u015bciele UROCZYSTO\u015a\u0106 JEZUSA CHRYSTUSA NAJWY\u017bSZEGO I WIECZNEGO KAP\u0141ANA.<\/strong> Tego dnia podczas Mszy \u015bw. o godz. 18:00 ksi\u0119\u017ca pos\u0142uguj\u0105cy w naszej parafii dzi\u0119kowa\u0107 b\u0119d\u0105 za otrzymany dar kap\u0142a\u0144stwa w rocznic\u0119 swoich \u015bwi\u0119ce\u0144: ks. Proboszcz Wojciech Zwolicki w 31 rocznic\u0119, ks. Marcin Rusiecki w 15 rocznic\u0119. <em><u>Pami\u0119tajmy w naszych modlitwach o wszystkich powo\u0142anych do s\u0142u\u017cby w Ko\u015bciele. Zapraszamy do wsp\u00f3lnej modlitwy.<\/u><\/em><\/li>\n<li>Parafia \u015bw.<em> Brata Alberta zaprasza na <strong>XVII FORUM RODZINY<\/strong>, kt\u00f3re odb\u0119dzie si\u0119 w dniach 9 \u2013 11 czerwca, pod has\u0142em: <strong>\u201eOD MA\u0141\u017bE\u0143STWA IDEALNEGO DO MA\u0141\u017bE\u0143STWA CHRZE\u015aCIJA\u0143SKIEGO\u201d.<\/strong> Ka\u017cdego dnia o godz. 18:00 Eucharystia z homili\u0105, a p\u00f3\u017aniej konferencja <u> Dominika Chmielewskiego SDB<\/u>. Dok\u0142adne informacje na plakatach oraz na stronie internetowej parafii.<\/em><\/li>\n<li><strong>Informujemy, <\/strong>\u017ce miesi\u0105cach: czerwiec, lipiec i sierpie\u0144 Msza \u015bw. w niedziel\u0119 o godz.10:00 \u2013 z udzia\u0142em dzieci &#8211; b\u0119dzie nag\u0142o\u015bniana na zewn\u0105trz. <em style=\"font-size: 16px;\">W spos\u00f3b szczeg\u00f3lny zapraszamy na t\u0105 Msz\u0119 \u015bw. rodziny z ma\u0142ymi dzie\u0107mi.<\/em><\/li>\n<\/ol>\n<ol start=\"9\">\n<li><strong>Przez czerwiec, lipiec i sierpie\u0144 nie b\u0119dzie Mszy \u015bw. niedzielnej o godz. 15:00. <\/strong>Koronka do Bo\u017cego Mi\u0142osierdzia pozostaje bez zmian, czyli w ka\u017cd\u0105 Niedziel\u0119 o godz. 15:00.<\/li>\n<li>Zach\u0119cam do nabywania nowego numeru \u201eGo\u015bcia Niedzielnego\u201d <strong>z dodatkiem<\/strong> <strong>\u201eGo\u015b\u0107 Elbl\u0105ski\u201d<\/strong> a w nim wydarzenia z diecezji.<\/li>\n<li>Wszystkim Jubilatom i Solenizantom tego tygodnia \u017cyczymy wszelkiego dobra w \u017cyciu i b\u0142ogos\u0142awie\u0144stwa Bo\u017cego.<\/li>\n<\/ol>\n<p>&nbsp;<\/p>\n<p>&nbsp;<\/p>\n<p><img decoding=\"async\" class=\"aligncenter\" src=\"http:\/\/rafalk-elblag.pl\/wp-content\/uploads\/2020\/04\/baner-intencje-mszy.jpg\" alt=\"Obrazek posiada pusty atrybut alt; plik o nazwie baner-intencje-mszy.jpg\"><\/p>\n<h3 style=\"text-align: center;\"><strong>INTENCJE MSZALNE<\/strong><\/h3>\n<table style=\"font-weight: 400;\" width=\"721\">\n<tbody>\n<tr>\n<td width=\"58\"><strong>&nbsp;<\/strong><\/td>\n<td width=\"663\">\n<p style=\"text-align: center;\"><strong>NIEDZIELA&nbsp; ZES\u0141ANIA DUCHA \u015aWI\u0118TEGO<br \/>\n<\/strong><strong>8 CZERWCA 2025 \/ J 14, 15 -26<\/strong><\/p>\n<\/td>\n<\/tr>\n<tr>\n<td width=\"58\"><strong>&nbsp; 8.00<\/strong><\/td>\n<td width=\"663\">\u015bp. Krystyna w 7 rocznic\u0119 \u015bmierci i J\u00f3zef BARTO\u015a oraz dziadk\u00f3w z obojga stron: Zofia i Aleksander oraz Jan i Helena<\/td>\n<\/tr>\n<tr>\n<td width=\"58\"><strong>10.00<\/strong><\/td>\n<td width=\"663\">O uprzedzaj\u0105c\u0105 \u0142ask\u0119 wszelkich natchnie\u0144, si\u0142\u0119 i rozwag\u0119, by wprowadzane w \u017cycie zaowocowa\u0142y ca\u0142kowitym przylgni\u0119ciem do Pana Boga dla Nikodema i jego rodziny, Agnieszki i ca\u0142ej rodziny zakonnej oraz dla Magdaleny i jej rodziny<\/td>\n<\/tr>\n<tr>\n<td width=\"58\"><strong>12.00<\/strong><\/td>\n<td width=\"663\"><strong>ZA DZIECI W ROCZNIC\u0118 I KOMUNII \u015aWI\u0118TEJ<\/strong><\/td>\n<\/tr>\n<tr>\n<td width=\"58\"><strong>15.00<\/strong><\/td>\n<td width=\"663\"><strong>Koronka do Bo\u017cego Mi\u0142osierdzia <\/strong><\/td>\n<\/tr>\n<tr>\n<td width=\"58\"><strong>18.00<\/strong><\/td>\n<td width=\"663\">\u015bp. Jan i rodzic\u00f3w z obojga stron, \u015bp. Barbara i J\u00f3zef<\/td>\n<\/tr>\n<tr>\n<td colspan=\"2\" width=\"721\">\n<p style=\"text-align: center;\"><strong>PONIEDZIA\u0141EK \/ 9 CZERWCA 2025 \/ J 19, 25 &#8211; 27<\/strong><\/p>\n<\/td>\n<\/tr>\n<tr>\n<td width=\"58\"><strong>&nbsp; 8.00<\/strong><\/td>\n<td width=\"663\">\u015bp. Krzysztof KOSIDOWSKI \u2013 intencja od uczestnik\u00f3w pogrzebu<\/td>\n<\/tr>\n<tr>\n<td width=\"58\"><strong>18.00<\/strong><\/td>\n<td width=\"663\">\u015bp. Helena, Andrzej \u015al\u0119zak, Aniela i Eugeniusz CIESIELSCY<\/td>\n<\/tr>\n<tr>\n<td colspan=\"2\" width=\"721\">\n<p style=\"text-align: center;\"><strong>WTOREK&nbsp; \/ 10 CZERWCA 2025\/&nbsp; Mk 12, 13 &#8211; 17<\/strong><\/p>\n<\/td>\n<\/tr>\n<tr>\n<td width=\"58\"><strong>&nbsp; 8.00<\/strong><\/td>\n<td width=\"663\">\u015bp. Stanis\u0142awa(k) MOCHOL&nbsp; &#8211; intencja od c\u00f3rek<\/td>\n<\/tr>\n<tr>\n<td width=\"58\"><strong>18.00<\/strong><\/td>\n<td width=\"663\">\u015bp. Antoni \u0141UKASZEWSKI \u2013 intencja od uczestnik\u00f3w pogrzebu<\/td>\n<\/tr>\n<tr>\n<td colspan=\"2\" width=\"721\">\n<p style=\"text-align: center;\"><strong>\u015aRODA \/ 11 CZERWCA2025 <\/strong>\/ Mk 12, 18 \u2013 27<br \/>\nWspomnienie \u015bw. Barnaby, Aposto\u0142a<\/p>\n<\/td>\n<\/tr>\n<tr>\n<td width=\"58\"><strong>&nbsp; 8.00<\/strong><\/td>\n<td width=\"663\">\u015bp. Rodzice&nbsp; Zofia i Ryszard, sp. Andrzej, Zbigniew, Elwira, Sebastian i Alicja z rodziny BLANK<\/td>\n<\/tr>\n<tr>\n<td width=\"58\"><strong>18.00<\/strong><\/td>\n<td width=\"663\">O Bo\u017ce b\u0142ogos\u0142awie\u0144stwo, zdroje \u0142ask, dary Ducha \u015awi\u0119tego i opiek\u0119 Matki Bo\u017cej Szkaplerznej dla ks. Kan. Wojciecha Zwolickiego w 31 rocznic\u0119 \u015bwi\u0119ce\u0144 kap\u0142a\u0144skich \u2013 intencja od Apostolatu Bo\u017cego Mi\u0142osierdzia<\/td>\n<\/tr>\n<tr>\n<td colspan=\"2\" width=\"721\">\n<p style=\"text-align: center;\"><strong>CZWARTEK&nbsp; \/ 12 CZERWCA 2025 \/ J 17, 1 \u2013 16<br \/>\n<\/strong><strong>\u015aWI\u0118TO JEZUSA CHRYSTUSA NAJWY\u017bSZEGO I WIECZNEGO KAP\u0141ANA<\/strong><\/p>\n<\/td>\n<\/tr>\n<tr>\n<td width=\"58\"><strong>&nbsp; 8.00<\/strong><\/td>\n<td width=\"663\">\u015bp. Bronis\u0142aw(m) i Anna LEWALSCY, \u015bp. Marianna(k) i Stefan RESZKA, \u015bp. Tomasz, Barbara oraz zmar\u0142ych z rodzin LEWALSKICH i RESZKA<\/td>\n<\/tr>\n<tr>\n<td width=\"58\"><strong>18.00<\/strong><\/td>\n<td width=\"663\">\u015bp. Zofia RECZEK w 7 rocznice \u015bmierci<\/td>\n<\/tr>\n<tr>\n<td width=\"58\"><strong>18.00<\/strong><\/td>\n<td width=\"663\">O zdroje \u0142ask, Bo\u017ce b\u0142ogos\u0142awie\u0144stwo, dary Ducha \u015awi\u0119tego dla ks. Marcina RUSIECKIEGO w 15 rocznice \u015bwi\u0119ce\u0144 kap\u0142a\u0144skich \u2013 intencja od Apostolatu Bo\u017cego Mi\u0142osierdzia<\/td>\n<\/tr>\n<tr>\n<td colspan=\"2\" width=\"721\">\n<p style=\"text-align: center;\"><strong>PI\u0104TEK \/ 13 CZERWCA 2025 \/ Mt 5, 27 \u2013 32<br \/>\n<\/strong><strong>Wspomnienie \u015bw. Antoniego z Padwy, kap\u0142ana i doktora ko\u015bcio\u0142a<\/strong><\/p>\n<\/td>\n<\/tr>\n<tr>\n<td width=\"58\"><strong>&nbsp; 8.00<\/strong><\/td>\n<td width=\"663\">\u015bp. Teresa KOTKEWSKA w 30 dzie\u0144 po pogrzebie<\/td>\n<\/tr>\n<tr>\n<td width=\"58\"><strong>18.00<\/strong><\/td>\n<td width=\"663\">\u015bp. Antoni, Irena, Leszek, Tomasz oraz za zmar\u0142ych z rodziny KOZ\u0141OWSKICH i te\u015bci\u00f3w<\/td>\n<\/tr>\n<tr>\n<td width=\"58\"><strong>18.00<\/strong><\/td>\n<td width=\"663\">Dzi\u0119kczynna \u2013 b\u0142agalna z pro\u015bb\u0105 o Bo\u017ce b\u0142ogos\u0142awie\u0144stwo z okazji 11 urodzin Mateusza oraz o opiek\u0119 Matki Bo\u017cej<\/td>\n<\/tr>\n<tr>\n<td colspan=\"2\" width=\"721\">\n<p style=\"text-align: center;\"><strong>SOBOTA \/ 14 CZEWCA 2025 \/ Mt 5, 33 \u2013 37<br \/>\n<\/strong><strong>Wspomnienie b\u0142. Micha\u0142a Kozala, biskupa i m\u0119czennika<\/strong><\/p>\n<\/td>\n<\/tr>\n<tr>\n<td width=\"58\"><strong>&nbsp; 8.00<\/strong><\/td>\n<td width=\"663\">\u015bp. Adam MALISZEWSKI w 10 miesi\u0105c po \u015bmierci<\/td>\n<\/tr>\n<tr>\n<td width=\"58\"><strong>18.00<\/strong><\/td>\n<td width=\"663\">\u015bp. Jolanta KARMAN w dniu imienin, sp. Romuald, Napoleon, Karolina<\/td>\n<\/tr>\n<tr>\n<td width=\"58\"><strong>18.00<\/strong><\/td>\n<td width=\"663\">Dzi\u0119kczynna z okazji 17 rocznicy \u015blubu Piotra i Alicji ZBIERZCHOWSKICH z pro\u015bba &nbsp;o Bo\u017ce b\u0142ogos\u0142awie\u0144stwo i opiek\u0119 Matki Bo\u017cej Szkaplerznej dla ca\u0142ej rodziny<\/td>\n<\/tr>\n<\/tbody>\n<\/table>\n","protected":false},"excerpt":{"rendered":"<p>DLACZEGO ZOSTALI\u015aMY NAZWANI PIELGRZYMAMI NADZIEI? W kolejnym kroku naszej pielgrzymki po ROKU JUBILEUSZOWYM zwr\u00f3\u0107 uwag\u0119, drogi Przyjacielu, na s\u0142owa Ojca \u015awi\u0119tego, kt\u00f3ry nazwa\u0142 osoby pielgrzymuj\u0105ce w ROKU \u015aWIETYM \u201epielgrzymami nadziei\u201d. Co te s\u0142owa wyra\u017caj\u0105? Przypominaj\u0105 one podstawow\u0105 prawd\u0119 o ludzkim \u017cyciu, wyra\u017con\u0105 przez filozofa: cz\u0142owiek jest pielgrzymem \u2013 HOMO VIATOR. Cz\u0142owiek to osoba, kt\u00f3ra ci\u0105gle [&hellip;]<\/p>\n","protected":false},"author":1,"featured_media":5468,"comment_status":"closed","ping_status":"closed","sticky":false,"template":"","format":"standard","meta":{"ngg_post_thumbnail":0,"footnotes":""},"categories":[11,8,4,3],"tags":[],"class_list":["post-5763","post","type-post","status-publish","format-standard","has-post-thumbnail","hentry","category-aktualnosci","category-blog","category-intencje","category-ogloszenia"],"_links":{"self":[{"href":"https:\/\/rafalk-elblag.pl\/index.php?rest_route=\/wp\/v2\/posts\/5763","targetHints":{"allow":["GET"]}}],"collection":[{"href":"https:\/\/rafalk-elblag.pl\/index.php?rest_route=\/wp\/v2\/posts"}],"about":[{"href":"https:\/\/rafalk-elblag.pl\/index.php?rest_route=\/wp\/v2\/types\/post"}],"author":[{"embeddable":true,"href":"https:\/\/rafalk-elblag.pl\/index.php?rest_route=\/wp\/v2\/users\/1"}],"replies":[{"embeddable":true,"href":"https:\/\/rafalk-elblag.pl\/index.php?rest_route=%2Fwp%2Fv2%2Fcomments&post=5763"}],"version-history":[{"count":1,"href":"https:\/\/rafalk-elblag.pl\/index.php?rest_route=\/wp\/v2\/posts\/5763\/revisions"}],"predecessor-version":[{"id":5764,"href":"https:\/\/rafalk-elblag.pl\/index.php?rest_route=\/wp\/v2\/posts\/5763\/revisions\/5764"}],"wp:featuredmedia":[{"embeddable":true,"href":"https:\/\/rafalk-elblag.pl\/index.php?rest_route=\/wp\/v2\/media\/5468"}],"wp:attachment":[{"href":"https:\/\/rafalk-elblag.pl\/index.php?rest_route=%2Fwp%2Fv2%2Fmedia&parent=5763"}],"wp:term":[{"taxonomy":"category","embeddable":true,"href":"https:\/\/rafalk-elblag.pl\/index.php?rest_route=%2Fwp%2Fv2%2Fcategories&post=5763"},{"taxonomy":"post_tag","embeddable":true,"href":"https:\/\/rafalk-elblag.pl\/index.php?rest_route=%2Fwp%2Fv2%2Ftags&post=5763"}],"curies":[{"name":"wp","href":"https:\/\/api.w.org\/{rel}","templated":true}]}}