{"id":5761,"date":"2025-05-31T18:09:02","date_gmt":"2025-05-31T18:09:02","guid":{"rendered":"https:\/\/rafalk-elblag.pl\/?p=5761"},"modified":"2025-05-31T18:09:02","modified_gmt":"2025-05-31T18:09:02","slug":"ogloszenia-parafialne-1-06-2025-r-wniebowstapienie-panskie","status":"publish","type":"post","link":"https:\/\/rafalk-elblag.pl\/?p=5761","title":{"rendered":"OG\u0141OSZENIA PARAFIALNE 1.06.2025 r. \u2013 Wniebowst\u0105pienie Pa\u0144skie"},"content":{"rendered":"<h3 style=\"text-align: center;\"><strong>CZYM S\u0104 DRZWI \u015aWI\u0118TE?<\/strong><\/h3>\n<p>Drogi &nbsp;Przyjacielu! Wiem, \u017ce pragniesz jak najlepiej&nbsp; prze\u017cy\u0107 <strong>ROK \u015aWI\u0118TY <\/strong>i skorzysta\u0107 z \u0142ask z nim zwi\u0105zanych. Pierwszym znakiem ROKU \u015aWII\u0118TEGO s\u0105 <strong>DRZWI \u015aWI\u0118TE<\/strong>(\u0142aci\u0144ska nazwa Porta Santa). Znajduj\u0105 si\u0119 one w bazylice \u015bw. Piotra &nbsp;w Watykanie, w bazylice \u015bw. Jana na Lateranie, \u015bw. Paw\u0142a za Murami i w bazylice Matki Bo\u017cej Wi\u0119kszej. <strong>Te DRZWI \u015aWI\u0118TE<\/strong> w bazylikach Rzymu maj\u0105 szczeg\u00f3lne znaczenie ze wzgl\u0119du na pami\u0119\u0107 \u015bw. Piotra i \u015bw. Paw\u0142a. Oni to uformowali wsp\u00f3lnot\u0119 chrze\u015bcijan w Rzymie. Ich nauczanie i przyk\u0142ad &nbsp;wiary stanowi\u0105 fundament Ko\u015bcio\u0142a powszechnego. W Wiecznym Mie\u015bcie ponie\u015bli \u015bmier\u0107 m\u0119cze\u0144sk\u0105. Do&nbsp; ich grob\u00f3w pielgrzymuj\u0105 pobo\u017cni pielgrzymi, aby otrzyma\u0107 \u0142aski jubileuszowe \u2013 czyli&nbsp; <strong>ODPUSTY.<\/strong>&nbsp; Uroczyste otwarcie przez papie\u017ca DRZWI \u015aWIETYCH w bazylice \u015bw. Piotra stanowi\u0142o oficjalne rozpocz\u0119cie <strong>ROKU \u015aWI\u0118TEGO.<\/strong>&nbsp;<\/p>\n<p style=\"font-weight: 400;\">Drzwi&nbsp; te pozostaj\u0105 otwarte przez ca\u0142y ROK JUBILEUSZOWY, by pielgrzymi mogli przez nie wej\u015b\u0107 do bazyliki i uzyska\u0107 <strong><span style=\"font-weight: 400;\">ODPUST ZUPE\u0141NY <\/span>ZWI\u0104ZANY<span style=\"font-weight: 400;\">&nbsp;z JUBILEUSZEM,<\/span><\/strong> ale tak\u017ce odkry\u0107 drog\u0119 nawr\u00f3cenia, kt\u00f3ra prowadzi do spotkania z Chrystusem \u201edrzwiami\u201d i \u201ebram\u0105\u201d do odnowienia \u017cycia. Mo\u017ce tej \u0142aski dost\u0105pisz i Ty, przechodz\u0105c przez DRZWI \u015aWI\u0118TE wraz z milionami pielgrzym\u00f3w nawiedzaj\u0105cych Rzym.<\/p>\n<p style=\"font-weight: 400;\">Przekraczaj\u0105c <strong>DRZWI \u015aWI\u0118TE,<\/strong> pielgrzymi przypominaj\u0105 sobie nauk\u0119 Chrystusa o bramie: <em>\u201eJa jestem bram\u0105. Je\u017celi kto\u015b wejdzie przeze mnie, b\u0119dzie zbawiony &#8211; &nbsp;wejdzie i wyjdzie, i pastwisko,(\u2026) Ja jestem dobrym pasterzem i znam owce moje, a moje mnie znaj\u0105\u201d (J 10, 9,19). <\/em>Przekraczaj\u0105c pr\u00f3g tych \u015aWI\u0118TYCH DRZWI, czyli \u201ebram\u0119\u201d prowadz\u0105c\u0105 do \u015bwi\u0105tyni, pielgrzym wyra\u017ca pragnienie p\u00f3j\u015bcia za Jezusem, kt\u00f3ry jest Dobrym Pasterzem, i na\u015bladowania Go w swoim \u017cyciu.<\/p>\n<p style=\"font-weight: 400;\">\u201eChocia\u017cbym chodzi\u0142 ciemna dolin\u0105, z\u0142a si\u0119 nie ul\u0119kn\u0119, bo Ty jeste\u015b ze mn\u0105\u201d(Ps.23). Z tymi s\u0142owami pe\u0142nymi ufno\u015bci i ca\u0142kowitego oddania si\u0119 Chrystusowi wchodzi do \u015bwi\u0105tyni, <u>aby w niej do\u015bwiadczy\u0107 \u0142aski jubileuszowej oraz pokoju i pojednania, a tak\u017ce uzyska\u0107 odpust ROKU \u015aWI\u0118TEGO.<\/u><\/p>\n<p style=\"font-weight: 400;\"><strong><em>\u017bycz\u0119 Ci, aby ten gest przej\u015bcia przez DRZWI \u015aWI\u0118TE prowadzi\u0142 Ci\u0119 do osobistego spotkania z Chrystusem, kt\u00f3ry jest \u201ebram\u0105\u201d i \u201e drzwiami\u201d prowadz\u0105cymi do odnowienia \u017cycia duchowego.<\/em><\/strong><\/p>\n<p>&nbsp;<\/p>\n<p>&nbsp;<\/p>\n<p><a href=\"http:\/\/rafalk-elblag.pl\/wp-content\/uploads\/2021\/08\/ogloszenia-parafialne-baner-01a.jpg\"><img decoding=\"async\" class=\"aligncenter\" src=\"http:\/\/rafalk-elblag.pl\/wp-content\/uploads\/2021\/08\/ogloszenia-parafialne-baner-01a.jpg\" alt=\"Obrazek posiada pusty atrybut alt; plik o nazwie ogloszenia-parafialne-baner-01a.jpg\"><\/a><\/p>\n<h3 style=\"font-weight: 400; text-align: center;\"><strong>OG\u0141OSZENIA PARAFIALNE<\/strong><\/h3>\n<ol>\n<li><strong>Kochani Parafianie <\/strong>przed nami ostatni tydzie\u0144 Wielkanocny &#8211; czas rado\u015bci ze Zmartwychwstania Pana Jezusa<em>. <\/em><strong><em>Gor\u0105co zach\u0119cam wiernych do skorzystania z \u0142aski sakramentu pojednania i do przyj\u0119cia KOMUNII \u015aW. WIELKANOCNEJ.<\/em><\/strong><em> Spowied\u017a \u015bw. w tygodniu od 7:45 oraz od godz. 17:30. Przykazanie ko\u015bcielne przypomina: <\/em><strong><em>\u201ePrzynajmniej raz w roku, w okresie wielkanocnym, przyj\u0105\u0107 Komuni\u0119 \u015bwi\u0119t\u0105&#8221; <\/em><\/strong><\/li>\n<li>W dniu dzisiejszym zapraszamy na <strong>ADORACJ\u0118 NAJ\u015aWI\u0118TSZEGO SAKRAMENTU <\/strong>od godz. 15:00 do godz. 18:00. <em>Adoracja rozpocznie si\u0119 Koronk\u0105 do Bo\u017cego Mi\u0142osierdzia a zako\u0144czy si\u0119 wyj\u0105tkowo w tym dniu Litani\u0105 do Naj\u015bwi\u0119tszego Serca Pana Jezusa.<\/em><\/li>\n<li>Trwa <strong>NOWENNA PRZED UROCZYSTO\u015aCI\u0104 ZES\u0141ANIA DUCHA \u015aWI\u0118TEGO<\/strong>, po\u0142\u0105czona z Nabo\u017ce\u0144stwem Czerwcowym po Mszy \u015bw. Uroczystym zwie\u0144czeniem tego czasu b\u0119dzie <strong>WIGILIA ZES\u0141ANIA DUCHA \u015aWI\u0118TEGO<\/strong> w sobot\u0119 7 czerwca br. w ko\u015bciele \u015bw. Brata Alberta&nbsp; w Elbl\u0105gu, kt\u00f3ry jest <strong>KO\u015aCIO\u0141EM JUBILEUSZOWYM.<\/strong> Pocz\u0105tek czuwania godz. 17:00, Msza \u015bw. &nbsp;&nbsp;&nbsp;&nbsp;&nbsp;&nbsp;&nbsp;&nbsp;&nbsp;&nbsp;&nbsp;&nbsp;&nbsp;&nbsp;&nbsp;&nbsp;o godz. 18:00 oraz modlitwy prowadzone przez wsp\u00f3lnoty Odnowy w Duchu \u015awi\u0119tym z Dekanatu Elbl\u0105g P\u00f3\u0142noc. Z<strong>apraszamy Wiernych &nbsp;do wsp\u00f3lnej modlitwy. <\/strong><\/li>\n<li>Przez ca\u0142y czerwiec po Mszy \u015bw. o godz. 18:00 odprawiane b\u0119dzie<strong> Nabo\u017ce\u0144stwo ku czci Naj\u015bwi\u0119tszego Serca Pana Jezusa. Zapraszamy do wsp\u00f3lnego odmawiania Litanii przed Naj\u015bwi\u0119tszym Sakramentem.<\/strong><\/li>\n<li>Ofiary zbierane dzisiaj na tac\u0119 przeznaczone s\u0105 na inwestycje w naszej parafii. <em style=\"font-size: 16px;\">Dzi\u0119kuj\u0119 za zrozumienie i sk\u0142adane ofiary<strong>. <\/strong><\/em><em style=\"font-size: 16px;\">B\u00f3g zap\u0142a\u0107.<\/em><\/li>\n<\/ol>\n<ol start=\"6\">\n<li>W tym tygodniu przypada pierwszy czwartek i pi\u0105tek miesi\u0105ca.<\/li>\n<\/ol>\n<ul>\n<li><strong>w pierwszy czwartek (5.06.)<\/strong> b\u0119dziemy modli\u0107 si\u0119 o \u015bwi\u0119to\u015b\u0107 kap\u0142an\u00f3w oraz o liczne i \u015bwi\u0119te powo\u0142ania kap\u0142a\u0144skie, zakonne i misyjne z naszej parafii. <strong>Zapraszam na ,,Godzin\u0119 \u015awi\u0119t\u0105\u201d<\/strong> po Mszy \u015bw. wieczorowej. Modli\u0107 si\u0119 te\u017c b\u0119dziemy<em> za kap\u0142an\u00f3w tutaj pos\u0142uguj\u0105cych, za nowo wy\u015bwieconych <\/em>kap\u0142an\u00f3w a szczeg\u00f3lnie za Amadeusza Babiela. <em>Do wsp\u00f3lnej modlitwy zapraszam Apostolat Margaretka.<\/em><\/li>\n<li><strong>przed pierwszym pi\u0105tkiem miesi\u0105ca<\/strong> <strong>(6.06.)<\/strong> zapraszamy do spowiedzi dzieci z klas IV wed\u0142ug ustalonego porz\u0105dku tj.: poniedzia\u0142ek od godz. 17:30 klasa IVA, wtorek od godz. 17:30 klasa IVB \u015broda od godz. 17:30 klasa IVC; <strong>w pierwszy pi\u0105tek<\/strong> <strong>od godz.<\/strong> <strong>16:00<\/strong>pozosta\u0142e dzieci z innych klas. <strong>Msza \u015bw. dla wszystkich dzieci w pierwszy pi\u0105tek 6 czerwca o godz. 16:30. <\/strong><em>Natomiast <\/em><em>spowied\u017a dla doros\u0142ych i m\u0142odzie\u017cy od godz. 17:30. Msza \u015bw. Wotywna o godz. 18:00.<\/em><\/li>\n<\/ul>\n<ol start=\"7\">\n<li>W pierwszy pi\u0105tek miesi\u0105ca (6.06.) kap\u0142ani udadz\u0105 si\u0119 do swoich chorych &nbsp;od godz. 9:30.<\/li>\n<li>W pi\u0105tek <strong>6 czerwca<\/strong> <strong>przypada XXVI rocznica wizyty Ojca \u015awi\u0119tego Jana Paw\u0142a II w Elbl\u0105gu.<\/strong> Zapraszamy na Msz\u0119 \u015bw. o godz. 18:00. <em>Niech nasza modlitwa b\u0119dzie dzi\u0119kczynieniem za szczeg\u00f3lne wyr\u00f3\u017cnienie ca\u0142ej diecezji elbl\u0105skiej, kt\u00f3r\u0105 u\u015bwi\u0119ci\u0142 \u015bw. Jan Pawe\u0142 II poprzez swoja obecno\u015b\u0107.<\/em><\/li>\n<li><strong>Informujemy, <\/strong>\u017ce w miesi\u0105cach: czerwiec, lipiec i sierpie\u0144 Msza \u015bw. w niedziel\u0119 o godz.10:00 \u2013 z udzia\u0142em dzieci &#8211; b\u0119dzie nag\u0142o\u015bniana na zewn\u0105trz. <em style=\"font-size: 16px;\">W spos\u00f3b szczeg\u00f3lny zapraszamy na t\u0105 Msz\u0119 \u015bw. rodziny z ma\u0142ymi dzie\u0107mi.<\/em><\/li>\n<\/ol>\n<ol start=\"10\">\n<li><strong>Przez czerwiec, lipiec i sierpie\u0144 <u>nie b\u0119dzie<\/u> Mszy \u015bw. niedzielnej o godz. 15:00. <\/strong><strong>&nbsp;&nbsp;&nbsp;&nbsp;&nbsp;&nbsp;&nbsp;&nbsp;&nbsp;&nbsp;&nbsp;&nbsp;&nbsp;&nbsp;&nbsp;&nbsp;<\/strong>Koronka do Bo\u017cego Mi\u0142osierdzia pozostaje bez zmian, czyli w ka\u017cd\u0105 Niedziel\u0119 o godz. 15:00.<\/li>\n<li>Zach\u0119cam do nabywania nowego numeru \u201eGo\u015bcia Niedzielnego\u201d<strong>z dodatkiem<\/strong> <strong>\u201eGo\u015b\u0107 Elbl\u0105ski\u201d<\/strong> a w nim wydarzenia z diecezji.&nbsp;<\/li>\n<\/ol>\n<p>&nbsp;<\/p>\n<p>&nbsp;<\/p>\n<p><img decoding=\"async\" class=\"aligncenter\" src=\"http:\/\/rafalk-elblag.pl\/wp-content\/uploads\/2020\/04\/baner-intencje-mszy.jpg\" alt=\"Obrazek posiada pusty atrybut alt; plik o nazwie baner-intencje-mszy.jpg\"><\/p>\n<h3 style=\"text-align: center;\"><strong>INTENCJE MSZALNE<\/strong><\/h3>\n<table style=\"font-weight: 400;\" width=\"718\">\n<tbody>\n<tr>\n<td width=\"58\"><strong>&nbsp;<\/strong><\/td>\n<td width=\"660\">\n<p style=\"text-align: center;\"><strong>NIEDZIELA&nbsp; WNIEBOWST\u0104PIENIA PA\u0143SKIEGO<br \/>\n<\/strong><strong>1 CZERWCA 2025<\/strong><\/p>\n<\/td>\n<\/tr>\n<tr>\n<td width=\"58\"><strong>&nbsp; 8.00<\/strong><\/td>\n<td width=\"660\">O do\u015bwiadczenie Bo\u017cej Mi\u0142o\u015bci dla Karoliny i Oskara oraz dla Sebastiana i Natalii<\/td>\n<\/tr>\n<tr>\n<td width=\"58\"><strong>10.00<\/strong><\/td>\n<td width=\"660\">\u015bp. Edyta SZYNWELSKA w 30 dzie\u0144 &nbsp;po pogrzebie<\/td>\n<\/tr>\n<tr>\n<td width=\"58\"><strong>10.00<\/strong><\/td>\n<td width=\"660\">\u015bp. Weronika DRUSZKOWSKA w 21 rocznic\u0119 \u015bmierci oraz za rodzic\u00f3w &nbsp;z obojga stron<\/td>\n<\/tr>\n<tr>\n<td width=\"58\"><strong>12.00<\/strong><\/td>\n<td width=\"660\"><strong>ZA PARAFIAN<\/strong><\/td>\n<\/tr>\n<tr>\n<td width=\"58\"><strong>15.00<\/strong><\/td>\n<td width=\"660\"><strong>Koronka do Bo\u017cego Mi\u0142osierdzia i Adoracja Naj\u015bwi\u0119tszego Sakramentu<\/strong><\/td>\n<\/tr>\n<tr>\n<td width=\"58\"><strong>18.00<\/strong><\/td>\n<td width=\"660\"><i>\u015bp. Miros\u0142aw LEKS i zmar\u0142ych rodzic\u00f3w z obojga stron<\/i><\/td>\n<\/tr>\n<tr>\n<td colspan=\"2\" width=\"718\">\n<p style=\"text-align: center;\"><strong>PONIEDZIA\u0141EK WIELKANOCNY\/ 2 CZERWCA 2025 \/ J 16, 29 33<\/strong><\/p>\n<\/td>\n<\/tr>\n<tr>\n<td width=\"58\"><strong>&nbsp; 8.00<\/strong><\/td>\n<td width=\"660\">\u015bp. Emilia CZESZEJKO &#8211; SOCHACKA<\/td>\n<\/tr>\n<tr>\n<td width=\"58\"><strong>18.00<\/strong><\/td>\n<td width=\"660\">\u015bp. Halina i Zdzis\u0142aw URBA\u0143SCY<\/td>\n<\/tr>\n<tr>\n<td width=\"58\"><strong>18.00<\/strong><\/td>\n<td width=\"660\">Dzi\u0119kczynna z okazji 18 urodzin Wiktorii SAMUL&nbsp; z pro\u015bb\u0105 o Bo\u017ce b\u0142ogos\u0142awie\u0144stwo, dary Ducha \u015awi\u0119tego w doros\u0142ym \u017cyciu<\/td>\n<\/tr>\n<tr>\n<td colspan=\"2\" width=\"718\">\n<p style=\"text-align: center;\"><strong>WTOREK&nbsp; WIELKANOCNY&nbsp; \/ 3 CZERWCA 2025\/&nbsp; J 17, 1 -11<br \/>\n<\/strong><strong>Wspomnienie \u015bwi\u0119tych m\u0119czennik\u00f3w Karola Lwangi i Towarzyszy z Ugandy<\/strong><\/p>\n<\/td>\n<\/tr>\n<tr>\n<td width=\"58\"><strong>&nbsp; 8.00<\/strong><\/td>\n<td width=\"660\">\u015bp. Adam (m\u0105\u017c) i wszystkich zmar\u0142ych z rodziny ZIELI\u0143SKICH<\/td>\n<\/tr>\n<tr>\n<td width=\"58\"><strong>18.00<\/strong><\/td>\n<td width=\"660\">\u015bp. W\u0142adys\u0142aw (m) WIADROWSKI w 6 rocznice \u015bmierci, \u015bp. W\u0142adys\u0142awa(k) WIADROWSKA w 2 rocznic\u0119 \u015bmierci<\/td>\n<\/tr>\n<tr>\n<td width=\"58\"><strong>18.00<\/strong><\/td>\n<td width=\"660\">O \u0142ask\u0119 i Bo\u017ce b\u0142ogos\u0142awie\u0144stwo, dary Ducha \u015awi\u0119tego dla ks. Piotra MAKOWSKIEGO&nbsp; w kolejna rocznic\u0119 \u015bwi\u0119ce\u0144 kap\u0142a\u0144skich \u2013 intencja od Margaretki<\/td>\n<\/tr>\n<tr>\n<td colspan=\"2\" width=\"718\">\n<p style=\"text-align: center;\"><strong>\u015aRODA&nbsp; WIELKANOCNA \/ 4 CZERWCA2025 <\/strong>\/ J 17, 11 -19<\/p>\n<\/td>\n<\/tr>\n<tr>\n<td width=\"58\"><strong>&nbsp; 8.00<\/strong><\/td>\n<td width=\"660\">\u015bp. Genowefa RZE\u0179NIKIEWICZ w 7 rocznic\u0119 \u015bmierci<\/td>\n<\/tr>\n<tr>\n<td width=\"58\"><strong>18.00<\/strong><\/td>\n<td width=\"660\">\u015bp. J\u00f3zefa(k) SONGIN o rado\u015b\u0107 Nieba<\/td>\n<\/tr>\n<tr>\n<td colspan=\"2\" width=\"718\">\n<p style=\"text-align: center;\"><strong>CZWARTEK&nbsp;&nbsp; WIELKANOCNY \/ 5 CZERWCA 2025 \/ J 17, 2 -26<br \/>\n<\/strong><strong>Wspomnienie \u015bw. Bonifacego, biskupa i m\u0119czennika<br \/>\n<\/strong><strong>Pierwszy czwartek miesi\u0105ca<\/strong><\/p>\n<\/td>\n<\/tr>\n<tr>\n<td width=\"58\"><strong>&nbsp; 8.00<\/strong><\/td>\n<td width=\"660\">\u015bp. Wac\u0142awa(k) i Leon \u017bBIKOWSCY<\/td>\n<\/tr>\n<tr>\n<td width=\"58\"><strong>18.00<\/strong><\/td>\n<td width=\"660\">\u015bp. Miros\u0142aw(m) w 7 rocznic\u0119 \u015bmierci \u015bp. Krzysztof, Ryszard, Zofia, Kazimierz ZABOROWSCY, \u015bp. Helena, Wiktor STANKIEWICZ, \u015bp. Wiktor HERNATKIEWICZ<\/td>\n<\/tr>\n<tr>\n<td colspan=\"2\" width=\"718\">\n<p style=\"text-align: center;\"><strong>PI\u0104TEK&nbsp; WIELKANOCNY \/ 6 CZERWCA 2025 \/ J 21, 15 -19<br \/>\n<\/strong><strong>XXVI rocznica pobytu \u015bw. Jana Paw\u0142a II w Elbl\u0105gu \/ I pi\u0105tek miesiaca<\/strong><\/p>\n<\/td>\n<\/tr>\n<tr>\n<td width=\"58\"><strong>&nbsp; 8.00<\/strong><\/td>\n<td width=\"660\">\u015bp. Bronis\u0142awa(k) i Piotr WAWRYSZUK i zmarli z rodzin: MARCHALEWSKICH, KORZENIEWSKICH, NESTEROWICZ<\/td>\n<\/tr>\n<tr>\n<td width=\"58\"><strong>16.30<\/strong><\/td>\n<td width=\"660\">W intencji czcicieli Naj\u015bwi\u0119tszego Serca Pana Jezusa oraz dzieci kt\u00f3re podj\u0119\u0142y praktyk\u0119 9 pierwszych pi\u0105tk\u00f3w miesi\u0105ca, aby si\u0119 przemienia\u0142y na wz\u00f3r Serca Jezusowego<\/td>\n<\/tr>\n<tr>\n<td width=\"58\"><strong>18.00<\/strong><\/td>\n<td width=\"660\">O Bo\u017ce b\u0142ogos\u0142awie\u0144stwo, dary Ducha \u015awi\u0119tego i opiek\u0119 Matki Bo\u017cej dla ks. S\u0142awomira MILDE w 11 rocznic\u0119 \u015bwi\u0119ce\u0144 kap\u0142a\u0144skich \u2013 intencja od Margaretki<\/td>\n<\/tr>\n<tr>\n<td colspan=\"2\" width=\"718\">\n<p style=\"text-align: center;\"><strong>SOBOTA WIELKANOCNA \/ 7 CZEWCA 2025 \/ J 21, 20 -25<br \/>\n<\/strong><strong>Pierwsza sobota miesi\u0105ca<\/strong><\/p>\n<\/td>\n<\/tr>\n<tr>\n<td width=\"58\"><strong>&nbsp; 8.00<\/strong><\/td>\n<td width=\"660\">\u015ap. Jerzy i Teresa KOTLEWSCY \u2013 od uczestnik\u00f3w pogrzebu<\/td>\n<\/tr>\n<tr>\n<td width=\"58\"><strong>17.00<\/strong><\/td>\n<td width=\"660\"><strong>Nabo\u017ce\u0144stwo Wynagradzaj\u0105ce Niepokalanemu Sercu Maryi \u2013 w ramach pi\u0119ciu sob\u00f3t miesi\u0105ca <\/strong><\/td>\n<\/tr>\n<tr>\n<td width=\"58\"><strong>18.00<\/strong><\/td>\n<td width=\"660\">REZ. \u017bYWY R\u00d3\u017bANIEC<\/td>\n<\/tr>\n<\/tbody>\n<\/table>\n","protected":false},"excerpt":{"rendered":"<p>CZYM S\u0104 DRZWI \u015aWI\u0118TE? Drogi &nbsp;Przyjacielu! Wiem, \u017ce pragniesz jak najlepiej&nbsp; prze\u017cy\u0107 ROK \u015aWI\u0118TY i skorzysta\u0107 z \u0142ask z nim zwi\u0105zanych. Pierwszym znakiem ROKU \u015aWII\u0118TEGO s\u0105 DRZWI \u015aWI\u0118TE(\u0142aci\u0144ska nazwa Porta Santa). Znajduj\u0105 si\u0119 one w bazylice \u015bw. Piotra &nbsp;w Watykanie, w bazylice \u015bw. Jana na Lateranie, \u015bw. Paw\u0142a za Murami i w bazylice Matki Bo\u017cej [&hellip;]<\/p>\n","protected":false},"author":1,"featured_media":5464,"comment_status":"closed","ping_status":"closed","sticky":false,"template":"","format":"standard","meta":{"ngg_post_thumbnail":0,"footnotes":""},"categories":[11,8,4,3],"tags":[],"class_list":["post-5761","post","type-post","status-publish","format-standard","has-post-thumbnail","hentry","category-aktualnosci","category-blog","category-intencje","category-ogloszenia"],"_links":{"self":[{"href":"https:\/\/rafalk-elblag.pl\/index.php?rest_route=\/wp\/v2\/posts\/5761","targetHints":{"allow":["GET"]}}],"collection":[{"href":"https:\/\/rafalk-elblag.pl\/index.php?rest_route=\/wp\/v2\/posts"}],"about":[{"href":"https:\/\/rafalk-elblag.pl\/index.php?rest_route=\/wp\/v2\/types\/post"}],"author":[{"embeddable":true,"href":"https:\/\/rafalk-elblag.pl\/index.php?rest_route=\/wp\/v2\/users\/1"}],"replies":[{"embeddable":true,"href":"https:\/\/rafalk-elblag.pl\/index.php?rest_route=%2Fwp%2Fv2%2Fcomments&post=5761"}],"version-history":[{"count":1,"href":"https:\/\/rafalk-elblag.pl\/index.php?rest_route=\/wp\/v2\/posts\/5761\/revisions"}],"predecessor-version":[{"id":5762,"href":"https:\/\/rafalk-elblag.pl\/index.php?rest_route=\/wp\/v2\/posts\/5761\/revisions\/5762"}],"wp:featuredmedia":[{"embeddable":true,"href":"https:\/\/rafalk-elblag.pl\/index.php?rest_route=\/wp\/v2\/media\/5464"}],"wp:attachment":[{"href":"https:\/\/rafalk-elblag.pl\/index.php?rest_route=%2Fwp%2Fv2%2Fmedia&parent=5761"}],"wp:term":[{"taxonomy":"category","embeddable":true,"href":"https:\/\/rafalk-elblag.pl\/index.php?rest_route=%2Fwp%2Fv2%2Fcategories&post=5761"},{"taxonomy":"post_tag","embeddable":true,"href":"https:\/\/rafalk-elblag.pl\/index.php?rest_route=%2Fwp%2Fv2%2Ftags&post=5761"}],"curies":[{"name":"wp","href":"https:\/\/api.w.org\/{rel}","templated":true}]}}