{"id":5757,"date":"2025-05-24T16:49:43","date_gmt":"2025-05-24T16:49:43","guid":{"rendered":"https:\/\/rafalk-elblag.pl\/?p=5757"},"modified":"2025-05-24T16:49:43","modified_gmt":"2025-05-24T16:49:43","slug":"ogloszenia-parafialne-25-05-2025-r-vi-niedziela-wielkanocna","status":"publish","type":"post","link":"https:\/\/rafalk-elblag.pl\/?p=5757","title":{"rendered":"OG\u0141OSZENIA PARAFIALNE 25.05.2025 r. \u2013 VI Niedziela Wielkanocna"},"content":{"rendered":"<h3 style=\"text-align: center;\"><strong>DLACZEGO SYMBOLEM ROKU \u015aWI\u0118TEGO JEST KOTWICA ?<\/strong><\/h3>\n<p>Jak doskonale pami\u0119tasz, drogi Przyjacielu, m\u00f3wili\u015bmy, \u017ce papie\u017c Franciszek &nbsp;&nbsp;w bulli<strong>\u201eNADZIEJA ZAWIE\u015a\u0106 NIE MO\u017bE\u201d<\/strong> podkre\u015bli\u0142 , i\u017c nadzieja powinna by\u0107 my\u015bl\u0105 przewodnia ca\u0142ego Roku Jubileuszowego 2025. Wszyscy wierni powinni si\u0119 sta\u0107 \u201epielgrzymami nadziei\u201d. Ma ona by\u0107 g\u0142\u00f3wnym przedmiotem nauczania jubileuszowego. Ta cnota nadziei mocno podkre\u015blana jest zar\u00f3wno w Starym, jak &nbsp;&nbsp;&nbsp;i w Nowym Testamencie. <strong>Ka\u017cdy chrze\u015bcijanin powinien by\u0107 cz\u0142owiekiem nadziei.<\/strong><em>Zadaniem Ko\u015bcio\u0142a jest g\u0142oszenie Ewangelii nadziei. &nbsp;&nbsp;&nbsp;&nbsp;&nbsp;&nbsp;&nbsp;&nbsp;&nbsp;&nbsp;&nbsp;&nbsp;&nbsp;&nbsp;&nbsp;&nbsp;&nbsp;Bo Ko\u015bci\u00f3\u0142 wsp\u00f3\u0142czesnym ludziom, cz\u0119sto zniech\u0119conym i patrz\u0105cym w przysz\u0142o\u015b\u0107 ze sceptycyzmem i pesymizmem, ma do zaofiarowani najcenniejsze dobro, jakie nikt inny da\u0107 im nie mo\u017ce:<\/em> jest to wiara w Chrystusa \u2013 \u017ar\u00f3d\u0142o nadziei, kt\u00f3ra nie zawodzi. <u>Ko\u015bci\u00f3\u0142, czyli nie tylko ksi\u0119\u017ca, ale wszyscy ludzie ochrzczeni, a wi\u0119c tak\u017ce Ty i ja, <\/u>powinni by\u0107 \u015bwiadkiem tej nadziei, g\u0142osz\u0105c Ewangelie nadziei w czasie Roku \u015awi\u0119tego: <em>\u201eb\u0105d\u017acie zawsze gotowi do obrony wobec ka\u017cdego, kto domaga si\u0119 od was uzasadnienia tej nadziei, kt\u00f3ra w was jest\u201d<\/em>&nbsp;&nbsp;&nbsp;&nbsp;&nbsp;&nbsp;&nbsp;&nbsp;&nbsp;&nbsp;&nbsp;&nbsp;<\/p>\n<p style=\"font-weight: 400;\"><strong>Wr\u00f3\u0107my teraz to pytania postawionego w tytule. <\/strong><strong>Sk\u0105d kotwica? Dlaczego kotwica? <\/strong><strong>Jak zrozumie\u0107 ten symbol?<\/strong><\/p>\n<p style=\"font-weight: 400;\">Ot\u00f3\u017c wspomniana bulla odwo\u0142uje si\u0119 do obrazu kotwicy. Nadziei chrze\u015bcija\u0144skiej nic nie jest w stanie zachwia\u0107, bo opiera si\u0119 na Chrystusie. <em>\u201eTrzymajmy si\u0119 jej jak bezpiecznej i silnej dla duszy kotwicy, kt\u00f3ra przenika poza zas\u0142on\u0119\u201d(Hbr 6,19). <\/em>Tym obrazem pos\u0142ugiwali si\u0119 staro\u017cytni pisarze oraz sztuka chrze\u015bcija\u0144ska. <strong>Kotwica jest bowiem znakiem nadziei &nbsp;&nbsp;&nbsp;&nbsp;&nbsp;&nbsp;&nbsp;&nbsp;&nbsp;&nbsp;&nbsp;&nbsp;&nbsp;&nbsp;&nbsp;&nbsp;&nbsp;&nbsp;&nbsp;&nbsp;&nbsp;&nbsp;&nbsp;&nbsp;&nbsp;i bezpiecze\u0144stwa dla okr\u0119tu w czasie burzy na morzu<\/strong>.<\/p>\n<p style=\"font-weight: 400;\"><em>\u201eTen obraz kotwicy jest sugestywny i pozwala zrozumie\u0107 stabilno\u015b\u0107 i bezpiecze\u0144stwo, jakie mamy po\u015br\u00f3d wzburzonych w\u00f3d \u017cycia, je\u015bli polegamy na Panu Jezusie. Burzy nigdy nie mog\u0105 zwyci\u0119\u017cy\u0107, poniewa\u017c jeste\u015bmy zakotwiczeni w nadziei \u0142aski, kt\u00f3ra jest w stanie uczyni\u0107 nas \u017cyj\u0105cymi w Chrystusie, przezwyci\u0119\u017caj\u0105c grzech, l\u0119k i \u015bmier\u0107(\u2026) &nbsp;&nbsp;&nbsp;&nbsp;&nbsp;&nbsp;&nbsp;&nbsp;&nbsp;&nbsp;&nbsp;&nbsp;&nbsp;&nbsp;&nbsp;&nbsp;&nbsp;&nbsp;&nbsp;&nbsp;&nbsp;<\/em><\/p>\n<p style=\"font-weight: 400;\">Niech Jubileusz b\u0119dzie zatem Rokiem \u015awi\u0119tym, charakteryzuj\u0105cym si\u0119 nadziej\u0105, kt\u00f3ra nie ga\u015bnie, nadziej\u0105 w Bogu. Pozw\u00f3lmy, by od teraz poci\u0105ga\u0142a nas nadzieja. Niech moc nadziei wype\u0142nia nasz\u0105 tera\u017aniejszo\u015b\u0107 w ufnym oczekiwaniu na powr\u00f3t Pana Jezusa Chrystusa\u201d.<\/p>\n<p style=\"font-weight: 400;\"><strong><em>Tego Ci \u017cycz\u0119, drogi Przyjacielu, i zach\u0119cam, aby\u015b z kotwic\u0105 nadziei wyruszy\u0142 w ka\u017cdy dzie\u0144 Roku Jubileuszowego i ka\u017cdy dzie\u0144 ca\u0142ego Twego \u017cycia. Ka\u017cdy, kto jest zakotwiczony poprzez nadziej\u0119 w Jezusie, nie zginie nawet po\u015br\u00f3d nawa\u0142nic zewn\u0119trznych i wewn\u0119trznych.<\/em><\/strong><\/p>\n<p>&nbsp;<\/p>\n<p><a href=\"http:\/\/rafalk-elblag.pl\/wp-content\/uploads\/2021\/08\/ogloszenia-parafialne-baner-01a.jpg\"><img decoding=\"async\" class=\"aligncenter\" src=\"http:\/\/rafalk-elblag.pl\/wp-content\/uploads\/2021\/08\/ogloszenia-parafialne-baner-01a.jpg\" alt=\"Obrazek posiada pusty atrybut alt; plik o nazwie ogloszenia-parafialne-baner-01a.jpg\"><\/a><\/p>\n<h3 style=\"font-weight: 400; text-align: center;\"><strong>OG\u0141OSZENIA PARAFIALNE<\/strong><\/h3>\n<ol>\n<li><em>W imieniu ksi\u0119dza Neoprezbitera Amadeusza BABIEL zapraszam na <\/em><strong>MSZ\u0118 \u015aWI\u0118T\u0104 PRYMICYJN\u0104 dzi\u015b o godz. 12:00,<\/strong> kt\u00f3ra zako\u0144czy si\u0119 uroczystym b\u0142ogos\u0142awie\u0144stwem poprzez na\u0142o\u017cenie r\u0105k ks. Amadeusza wszystkim zebranym.<\/li>\n<li><strong>Przed nami ostatni tydzie\u0144 miesi\u0105ca maja<\/strong> &#8211; zapraszamy na nabo\u017ce\u0144stwa ku czci Naj\u015bwi\u0119tszej Maryi Panny, tzw. <strong>\u201eMAJOWE<em>\u201d: <\/em><\/strong><em>doros\u0142ych i m\u0142odzie\u017c o godz. 17:30. a dzieci we wtorek i czwartek o godz. 16:30. Zach\u0119cam do udzia\u0142u w nabo\u017ce\u0144stwie majowym.<\/em><\/li>\n<li><strong>W tygodniu w liturgii ko\u015bcio\u0142a wspominamy:<\/strong><\/li>\n<\/ol>\n<ul>\n<li>w poniedzia\u0142ek (26.05.) wspomnienie \u015bw. Filipa Neri, kap\u0142ana,<\/li>\n<li>w \u015brod\u0119 (28.05.) wspomnienie b\u0142. Stefana Wyszy\u0144skiego Prymasa,<\/li>\n<li>w czwartek (29.05.) wspomnienie \u015bw. Urszuli Led\u00f3chowskiej , dziewicy,<\/li>\n<li>w sobot\u0119 (31.05.) \u015awi\u0119to Nawiedzenia Naj\u015bwi\u0119tszej Maryi panny<\/li>\n<\/ul>\n<ol start=\"4\">\n<li>Jutro<strong> DZIE\u0143 MATKI.<\/strong> Podzi\u0119kujmy naszym <strong>MAMOM<\/strong> za dar \u017cycia i okazywan\u0105 nam mi\u0142o\u015b\u0107 poprzez udzia\u0142&nbsp; w nabo\u017ce\u0144stwie majowym o godz. 17:30. Zapraszamy.<\/li>\n<li>We wtorek 27 maja br. m\u0142odzie\u017c naszej parafii przyjmie <strong>SAKRAMENT BIERZMOWANIA<\/strong> z r\u0105k J. E. ks. Biskupa Wojciecha Skibickiego w parafii \u015bw. Brata Alberta w Elbl\u0105gu na Mszy \u015bw. o godz. 18:00. <em>Otoczmy modlitw\u0105 m\u0142odzie\u017c i pro\u015bmy, aby Duch \u015awi\u0119ty, kt\u00f3rego otrzymaj\u0105 umocni\u0142 ich do m\u0119\u017cnego wyznawania wiary i do post\u0119powania wed\u0142ug jej zasad.<\/em><\/li>\n<li><strong>W \u015brod\u0119 (28 maja) spotkanie Kr\u0119gu Biblijnego o godz. 19.00 na plebanii. Zapraszam.<\/strong><\/li>\n<li>Za tydzie\u0144 zapraszamy na <strong>Adoracj\u0119 Naj\u015bwi\u0119tszego Sakramentu od godz. 15:00 do godz. 18:00. <\/strong>Rozpocznie si\u0119 Koronk\u0105 do Bo\u017cego Mi\u0142osierdzia.<\/li>\n<li><strong>Trwa okres Wielkanocny &#8211; czas rado\u015bci ze Zmartwychwstania Pana Jezusa. <\/strong><em>Zach\u0119camy wiernych do skorzystania z \u0142aski sakramentu pojednania i do przyj\u0119cia KOMUNII \u015aW. WIELKANOCNEJ. <\/em><strong style=\"font-size: 16px;\"><em>Spowied\u017a \u015bw. w tygodniu od 7:45 oraz od godz. 17:30.<\/em><\/strong><\/li>\n<\/ol>\n<ol start=\"9\">\n<li>Zach\u0119cam do nabywania nowego numeru \u201eGo\u015bcia Niedzielnego\u201d<strong> z dodatkiem<\/strong><strong>\u201eGo\u015bcia Elbl\u0105skiego\u201d<\/strong> w cenie 10 z\u0142.<\/li>\n<li><strong>PAMI\u0118TAJMY, \u017ce od 1 czerwca 2025 roku do ko\u0144ca sierpnia nie b\u0119dzie Mszy \u015bw. niedzielnej o godz. 15:00. <\/strong><em>Koronka do Bo\u017cego Mi\u0142osierdzia pozostaje bez zmian, czyli w ka\u017cd\u0105 Niedziel\u0119 o godz. 15:00. Zapraszamy.<\/em><\/li>\n<li>Za tydzie\u0144 ofiary z\u0142o\u017cone na tac\u0119 przeznaczone b\u0119d\u0105 na inwestycje w naszej parafii. <em>Dzi\u0119kuj\u0119 za zrozumienie i z\u0142o\u017cone ofiary.<\/em><\/li>\n<li>Wszystkim Jubilatom i Solenizantom tego tygodnia \u017cyczymy wszelkiego dobra w \u017cyciu, b\u0142ogos\u0142awie\u0144stwa Bo\u017cego i&nbsp; oddajemy pod opiek\u0119 Matki Bo\u017cej Szkaplerznej.<\/li>\n<\/ol>\n<p>&nbsp;<\/p>\n<p><img decoding=\"async\" class=\"aligncenter\" src=\"http:\/\/rafalk-elblag.pl\/wp-content\/uploads\/2020\/04\/baner-intencje-mszy.jpg\" alt=\"Obrazek posiada pusty atrybut alt; plik o nazwie baner-intencje-mszy.jpg\"><\/p>\n<h3 style=\"text-align: center;\"><strong>INTENCJE MSZALNE<\/strong><\/h3>\n<table style=\"font-weight: 400;\" width=\"718\">\n<tbody>\n<tr>\n<td width=\"58\"><strong>&nbsp;<\/strong><\/td>\n<td width=\"660\">\n<p style=\"text-align: center;\"><strong>VI NIEDZIELA&nbsp; WIELKANOCNA \/&nbsp; 25 MAJA 2025 \/J 14, 23 \u2013 29<\/strong><\/p>\n<\/td>\n<\/tr>\n<tr>\n<td width=\"58\"><strong>&nbsp; 8.00<\/strong><\/td>\n<td width=\"660\">\u015bp. Wojciech KANIGOWSKI 25greg.<\/td>\n<\/tr>\n<tr>\n<td width=\"58\"><strong>10.00<\/strong><\/td>\n<td width=\"660\">O Bo\u017ce b\u0142ogos\u0142awie\u0144stwo, dary Ducha \u015awi\u0119tego i opiek\u0119 Matki Bo\u017cej ks. Arkadiusza GRABOWSKIEGO w 30 rocznic\u0119 \u015bwi\u0119ce\u0144 kap\u0142a\u0144skich \u2013 intencja od Margaretek<\/td>\n<\/tr>\n<tr>\n<td width=\"58\"><strong>12.00<\/strong><\/td>\n<td width=\"660\"><strong>MSZA \u015aWI\u0118TA PRYMICYJNA KS. AMADEUSZA BABIEL<\/strong><\/td>\n<\/tr>\n<tr>\n<td width=\"58\"><strong>15.00<\/strong><\/td>\n<td width=\"660\">\u015bp. Kazimiera(k) i Stanis\u0142aw KACHNOWICZ i zmarli z rodziny<\/td>\n<\/tr>\n<tr>\n<td width=\"58\"><strong>18.00<\/strong><\/td>\n<td width=\"660\">\u015bp. Mariusz WIDOMSKI w 3 rocznice \u015bmierci , \u015bp. Jan KR\u00d3L w 4 rocznic\u0119 \u015bmierci<\/td>\n<\/tr>\n<tr>\n<td colspan=\"2\" width=\"718\">\n<p style=\"text-align: center;\"><strong>PONIEDZIA\u0141EK WIELKANOCNY\/ 26 MAJA 2025 \/ J 15, 26 -17<\/strong><\/p>\n<p style=\"text-align: center;\">DZIE\u0143 MATKI&nbsp;&nbsp; Wspomnienie \u015bw. Filipa Neri &#8211; kap\u0142ana<\/p>\n<\/td>\n<\/tr>\n<tr>\n<td width=\"58\"><strong>&nbsp; 8.00<\/strong><\/td>\n<td width=\"660\">\u015bp. J\u00f3zef CZESZEJKO \u2013 SOCHACKI , \u015bp. Stanis\u0142aw(m) KIEZA<\/td>\n<\/tr>\n<tr>\n<td width=\"58\"><strong>18.00<\/strong><\/td>\n<td width=\"660\">\u015bp. Helena KAPCIAK, \u015bp. Krystyna MARKIEWICZ,<\/p>\n<p>\u015bp. Regina K\u0104KOL, \u015bp. Genowefa ZDRODOWSKA<\/td>\n<\/tr>\n<tr>\n<td width=\"58\"><strong>18.00<\/strong><\/td>\n<td width=\"660\">\u015bp. Wojciech KANIGOWSKI 26greg.<\/td>\n<\/tr>\n<tr>\n<td colspan=\"2\" width=\"718\">\n<p style=\"text-align: center;\"><strong>WTOREK&nbsp; WIELKANOCNY&nbsp; \/ 27 MAJA 2025\/&nbsp; J 16, 5 &#8211; 11<\/strong><\/p>\n<\/td>\n<\/tr>\n<tr>\n<td width=\"58\"><strong>&nbsp; 8.00<\/strong><\/td>\n<td width=\"660\">\u015bp. Wojciech KANIGOWSKI 27greg.<\/td>\n<\/tr>\n<tr>\n<td width=\"58\"><strong>&nbsp; 8.00<\/strong><\/td>\n<td width=\"660\">Dzi\u0119kczynna w 2 rocznic\u0119 \u015bwi\u0119ce\u0144 kap\u0142a\u0144skich ks. Mateusza Ka\u017amierczaka z pro\u015bb\u0105 o Bo\u017ce b\u0142ogos\u0142awie\u0144stwo, oraz o dary Ducha \u015awi\u0119tego w pos\u0142udze kap\u0142a\u0144skiej \u2013 intencja od Margaretek<\/td>\n<\/tr>\n<tr>\n<td width=\"58\"><strong>18.00<\/strong><\/td>\n<td width=\"660\">Dzi\u0119kczynna w 8 rocznic\u0119 \u015bwi\u0119ce\u0144 kap\u0142a\u0144skich ks. Grzegorza WALA, z pro\u015bb\u0105 o Bo\u017ce b\u0142ogos\u0142awie\u0144stwo, opiek\u0119 Matki Bo\u017cej na dalsze lata pos\u0142ugi duszpasterskiej \u2013 intencja Margaretki<\/td>\n<\/tr>\n<tr>\n<td width=\"58\"><strong>18.00<\/strong><\/td>\n<td width=\"660\">Za zmar\u0142ych rodzic\u00f3w i rodze\u0144stwo z rodziny JEZIERSKICH<\/td>\n<\/tr>\n<tr>\n<td colspan=\"2\" width=\"718\">\n<p style=\"text-align: center;\"><strong>\u015aRODA&nbsp; WIELKANOCNA \/ 28 MAJA 2025 <\/strong>\/ J 16, 12 -15<\/p>\n<p style=\"text-align: center;\">Wspomnienie b\u0142. Stefana Wyszy\u0144skiego, biskupa<\/p>\n<\/td>\n<\/tr>\n<tr>\n<td width=\"58\"><strong>&nbsp; 8.00<\/strong><\/td>\n<td width=\"660\">\u015bp. Wojciech KANIGOWSKI 28greg.<\/td>\n<\/tr>\n<tr>\n<td width=\"58\"><strong>18.00<\/strong><\/td>\n<td width=\"660\">\u015bp. Franciszek, Izydor, Andrzej, Ewa z rodziny BINKOWSKICH<\/td>\n<\/tr>\n<tr>\n<td width=\"58\"><strong>18.00<\/strong><\/td>\n<td width=\"660\">Dzi\u0119kczynna w 6 rocznic\u0119 \u015bwi\u0119ce\u0144 ks. Marcina DOPIERA\u0141A z pro\u015bb\u0105 o dary Ducha \u015awi\u0119tego, opiek\u0119 Matki Bo\u017cej Szkaplerznej \u2013 intencja od Margaretki<\/td>\n<\/tr>\n<tr>\n<td colspan=\"2\" width=\"718\"><strong>CZWARTEK&nbsp;&nbsp; WIELKANOCNY \/ 29 MAJA 2025 \/ J 16, 16 \u2013 20<\/strong><\/td>\n<\/tr>\n<tr>\n<td width=\"58\"><strong>&nbsp; 8.00<\/strong><\/td>\n<td width=\"660\">\u015bp. Wojciech KANIGOWSKI 29greg.<\/td>\n<\/tr>\n<tr>\n<td width=\"58\"><strong>18.00<\/strong><\/td>\n<td width=\"660\">\u015bp. Tadeusz GUTOWSKI w 4 rocznic\u0119 \u015bmierci i zmarli rodzice z obojga stron: GUTOWSKICH i JAWORSKICH<\/td>\n<\/tr>\n<tr>\n<td width=\"58\"><strong>18.00<\/strong><\/td>\n<td width=\"660\">\u015bp. Czes\u0142awa(k) i Stanis\u0142aw KOWALSCY, \u015bp. Genowefa i Stanis\u0142aw OLEWNIK, \u015bp. Wanda GRAD, \u015bp. Emilia, Jacek, Renard SZAFIRSCY<\/td>\n<\/tr>\n<tr>\n<td colspan=\"2\" width=\"718\"><strong>PI\u0104TEK&nbsp; WIELKANOCNY \/ 30 MAJA 2025 \/ J 16, 20 -23<\/strong><\/td>\n<\/tr>\n<tr>\n<td width=\"58\"><strong>&nbsp; 8.00<\/strong><\/td>\n<td width=\"660\">\u015bp. Wojciech KANIGOWSKI&nbsp; 30greg.<\/td>\n<\/tr>\n<tr>\n<td width=\"58\"><strong>18.00<\/strong><\/td>\n<td width=\"660\">Dzi\u0119kczynno \u2013 b\u0142agalna z okazji 13 urodzin AGATKI z pro\u015bba o Bo\u017ce b\u0142ogos\u0142awie\u0144stwo i opiek\u0119 Matki Bo\u017cej<\/td>\n<\/tr>\n<tr>\n<td width=\"58\"><strong>18.00<\/strong><\/td>\n<td width=\"660\">\u015bp. Wiktoria i J\u00f3zef SZWARC, \u015bp. Wanda i Benon KASAFIER, \u015bp. Ewa i Czes\u0142aw EBERNIKIEL<\/td>\n<\/tr>\n<tr>\n<td colspan=\"2\" width=\"718\">\n<p style=\"text-align: center;\"><strong>SOBOTA WIELKANOCNA \/ 31 MAJA2025 \/ J 15, 18 &#8211; 21<\/strong><\/p>\n<p style=\"text-align: center;\"><strong>\u015awi\u0119to Nawiedzenia Naj\u015bwi\u0119tszej Maryi Panny<\/strong><\/p>\n<\/td>\n<\/tr>\n<tr>\n<td width=\"58\"><strong>&nbsp; 8.00<\/strong><\/td>\n<td width=\"660\">B\u0142agalna przez wstawiennictwo&nbsp; \u015bwi\u0119tych patron\u00f3w Polski o m\u0105dro\u015b\u0107 dla Polak\u00f3w, aby podj\u0119li odpowiedzialno\u015b\u0107 za wybory Prezydenckie<\/td>\n<\/tr>\n<tr>\n<td width=\"58\"><strong>18.00<\/strong><\/td>\n<td width=\"660\">\u015bp. Wojciech JUCHNOWICZ&nbsp; w 9 rocznice \u015bmierci, sp. Czes\u0142aw(m) JUCHNOWICZ i zmar\u0142ych rodzic\u00f3w<\/td>\n<\/tr>\n<tr>\n<td width=\"58\"><strong>18.00<\/strong><\/td>\n<td width=\"660\">Dzi\u0119kczynna za otrzymane \u0142aski, pomoc, dobrodziejstwa w 2024 roku a zw\u0142aszcza za szcz\u0119\u015bliwe zdanie egzaminu s\u0119dziowskiego przez Alicj\u0119 z pro\u015bba o dalsz\u0105 opiek\u0119&nbsp; i b\u0142ogos\u0142awie\u0144stwo w 2025 roku dla ca\u0142ej rodziny KARMOWSKICH<\/td>\n<\/tr>\n<\/tbody>\n<\/table>\n","protected":false},"excerpt":{"rendered":"<p>DLACZEGO SYMBOLEM ROKU \u015aWI\u0118TEGO JEST KOTWICA ? Jak doskonale pami\u0119tasz, drogi Przyjacielu, m\u00f3wili\u015bmy, \u017ce papie\u017c Franciszek &nbsp;&nbsp;w bulli\u201eNADZIEJA ZAWIE\u015a\u0106 NIE MO\u017bE\u201d podkre\u015bli\u0142 , i\u017c nadzieja powinna by\u0107 my\u015bl\u0105 przewodnia ca\u0142ego Roku Jubileuszowego 2025. Wszyscy wierni powinni si\u0119 sta\u0107 \u201epielgrzymami nadziei\u201d. Ma ona by\u0107 g\u0142\u00f3wnym przedmiotem nauczania jubileuszowego. Ta cnota nadziei mocno podkre\u015blana jest zar\u00f3wno w [&hellip;]<\/p>\n","protected":false},"author":1,"featured_media":5758,"comment_status":"closed","ping_status":"closed","sticky":false,"template":"","format":"standard","meta":{"ngg_post_thumbnail":0,"footnotes":""},"categories":[11,8,4,3],"tags":[],"class_list":["post-5757","post","type-post","status-publish","format-standard","has-post-thumbnail","hentry","category-aktualnosci","category-blog","category-intencje","category-ogloszenia"],"_links":{"self":[{"href":"https:\/\/rafalk-elblag.pl\/index.php?rest_route=\/wp\/v2\/posts\/5757","targetHints":{"allow":["GET"]}}],"collection":[{"href":"https:\/\/rafalk-elblag.pl\/index.php?rest_route=\/wp\/v2\/posts"}],"about":[{"href":"https:\/\/rafalk-elblag.pl\/index.php?rest_route=\/wp\/v2\/types\/post"}],"author":[{"embeddable":true,"href":"https:\/\/rafalk-elblag.pl\/index.php?rest_route=\/wp\/v2\/users\/1"}],"replies":[{"embeddable":true,"href":"https:\/\/rafalk-elblag.pl\/index.php?rest_route=%2Fwp%2Fv2%2Fcomments&post=5757"}],"version-history":[{"count":1,"href":"https:\/\/rafalk-elblag.pl\/index.php?rest_route=\/wp\/v2\/posts\/5757\/revisions"}],"predecessor-version":[{"id":5759,"href":"https:\/\/rafalk-elblag.pl\/index.php?rest_route=\/wp\/v2\/posts\/5757\/revisions\/5759"}],"wp:featuredmedia":[{"embeddable":true,"href":"https:\/\/rafalk-elblag.pl\/index.php?rest_route=\/wp\/v2\/media\/5758"}],"wp:attachment":[{"href":"https:\/\/rafalk-elblag.pl\/index.php?rest_route=%2Fwp%2Fv2%2Fmedia&parent=5757"}],"wp:term":[{"taxonomy":"category","embeddable":true,"href":"https:\/\/rafalk-elblag.pl\/index.php?rest_route=%2Fwp%2Fv2%2Fcategories&post=5757"},{"taxonomy":"post_tag","embeddable":true,"href":"https:\/\/rafalk-elblag.pl\/index.php?rest_route=%2Fwp%2Fv2%2Ftags&post=5757"}],"curies":[{"name":"wp","href":"https:\/\/api.w.org\/{rel}","templated":true}]}}