{"id":5754,"date":"2025-05-17T15:45:25","date_gmt":"2025-05-17T15:45:25","guid":{"rendered":"https:\/\/rafalk-elblag.pl\/?p=5754"},"modified":"2025-05-17T15:45:25","modified_gmt":"2025-05-17T15:45:25","slug":"ogloszenia-parafialne-18-05-2025-r-v-niedziela-wielkanocna","status":"publish","type":"post","link":"https:\/\/rafalk-elblag.pl\/?p=5754","title":{"rendered":"OG\u0141OSZENIA PARAFIALNE 18.05.2025 r. \u2013 V Niedziela Wielkanocna"},"content":{"rendered":"<h3 style=\"text-align: center;\"><strong>CZYM JEST ROK \u015aWI\u0118TY 2025?<\/strong><\/h3>\n<p>Zacznijmy, drogi Bracie, droga Siostro, nasz\u0105 duchow\u0105 podr\u00f3\u017c zwi\u0105zan\u0105 z <strong>Rokiem \u015awi\u0119tym od prawd fundamentalnych. <\/strong>Poznanie ich pomo\u017ce nam, tak ufam, pozna\u0107 g\u0142\u0119bi\u0119 tych prze\u017cy\u0107 i nie zagubi\u0107 si\u0119 po\u015br\u00f3d wielu propozycji, jakie nieustannie proponuje nam ko\u015bci\u00f3\u0142. Ju\u017c sam fakt, \u017ce rok \u015awi\u0119ty og\u0142oszony jest raz na 25 lat, a czasem tylko og\u0142asza si\u0119 \u201eNadzwyczajny Rok \u015awi\u0119ty\u201d, \u015bwiadczy o wyj\u0105tkowo\u015bci wydarzenia.<\/p>\n<p>Trzeba wiedzie\u0107, \u017ce has\u0142em, kierunkowskazem i przewodnikiem przez wszystkie dni tego \u015awi\u0119tego Roku b\u0119dzie bulla, kt\u00f3r\u0105 og\u0142osi\u0142 papie\u017c Franciszek. Jej \u0142aci\u0144ska tytu\u0142 brzmi: <strong>SPES NON CONFUNDIT,<\/strong> czyli <strong>NADZIEJA ZAWIE\u015a\u0106 NIE MO\u017bE.<\/strong> <em>Jak widzisz wi\u0119c, cnota nadziei jest g\u0142\u00f3wnym przes\u0142aniem tego Roku. <\/em><\/p>\n<p>W tym dokumencie jest jeszcze dok\u0142adniej sprecyzowana droga, po kt\u00f3rej maj\u0105 kroczy\u0107 chrze\u015bcijanie. <strong><em>Ot\u00f3\u017c papie\u017c m\u00f3wi, \u017ce wszyscy mamy by\u0107 \u201e pielgrzymami nadziei\u201d.<\/em><\/strong><\/p>\n<p style=\"font-weight: 400;\">W tym<strong> ROKU JUBILEUSZOWYM<\/strong> ko\u015bci\u00f3\u0142 wzywany jest do g\u0142oszenia \u201enadziei, kt\u00f3ra nie zawodzi\u201d. T\u0105 nadziej\u0105 jest Jezus Chrystus. <u>Zadaniem Ko\u015bcio\u0142a<\/u> <u>i jego misj\u0105<\/u> jest g\u0142oszenie jej zawsze, wsz\u0119dzie i wszystkim narodom. Ko\u015bci\u00f3\u0142 zosta\u0142 wezwany, aby by\u0107 dla wiernych \u015bwiadkiem nadziei. <strong>\u201e<em>To fundament naszej nadziei: Chrystus wst\u0119puj\u0105cy do nieba, wnosi do serca Boga nasze cz\u0142owiecze\u0144stwo, obci\u0105\u017cone oczekiwaniami i pytaniami, aby umocni\u0107 nasz\u0105 nadziej\u0119, \u017ce tam, gdzie jest On, G\u0142owa i Pierworodny, my r\u00f3wnie\u017c, Jego cz\u0142onki, b\u0119dziemy zjednoczeni w tej samej chwale\u201d.<\/em><\/strong><\/p>\n<p style=\"font-weight: 400;\">Ko\u015bci\u00f3\u0142, wyznaj\u0105c, \u017ce \u201enadzieja nie zawodzi\u201d, staje si\u0119 wiernym \u015bwiadkiem tej prawdy. Zach\u0119ca tak\u017ce , aby ni\u0105 \u017cy\u0107 w ka\u017cdej sytuacji. T\u0119 nadzieje, zakorzenion\u0105 w Chrystusie, kt\u00f3ry umar\u0142 i zmartwychwsta\u0142, chcemy wychwala\u0107, przyj\u0105\u0107 i g\u0142osi\u0107 ca\u0142emu \u015bwiatu w trwaj\u0105cym Roku Jubileuszowym.<\/p>\n<p style=\"font-weight: 400;\"><strong><em>Tak wi\u0119c, drogi Bracie, droga Siostro i drogi Przyjacielu<\/em><\/strong> <em>Jezusa Chrystusa, maj\u0105c &nbsp;w sercu zach\u0119t\u0119 Ko\u015bcio\u0142a, pielgrzymuj droga nadziei. <\/em>My\u015bl o nadziei, kt\u00f3ra nigdy nie zawodzi. Korzystaj z daru ROKU JUBILEUSZOWEGO, z podniesion\u0105 g\u0142ow\u0105 i pe\u0142nym entuzjazmu korzystaj z nadzwyczajnych dar\u00f3w \u0142aski, kt\u00f3r\u0105 daje tak\u017ce Tobie ROK \u015aWI\u0118TY. <em>&nbsp;<\/em>Najbli\u017cej do Ko\u015bcio\u0142a w kt\u00f3rym mo\u017cesz<strong> uzyska\u0107 \u0142ask\u0119 ODPOSTU JUBILEUSZOWEGO<\/strong> to Parafia \u015bw. Brata Alberta w Elbl\u0105gu ul. Cz\u0119stochowska. <strong><em>Zapraszamy.<\/em><\/strong><\/p>\n<p>&nbsp;<\/p>\n<p><a href=\"http:\/\/rafalk-elblag.pl\/wp-content\/uploads\/2021\/08\/ogloszenia-parafialne-baner-01a.jpg\"><img decoding=\"async\" class=\"aligncenter\" src=\"http:\/\/rafalk-elblag.pl\/wp-content\/uploads\/2021\/08\/ogloszenia-parafialne-baner-01a.jpg\" alt=\"Obrazek posiada pusty atrybut alt; plik o nazwie ogloszenia-parafialne-baner-01a.jpg\"><\/a><\/p>\n<h3 style=\"font-weight: 400; text-align: center;\"><strong>OG\u0141OSZENIA PARAFIALNE<\/strong><\/h3>\n<ol>\n<li><strong>Dzisiaj przypada 105 &#8211; rocznica urodzin WIELKIEGO POLAKA \u015aWI\u0118TEGO JANA PAW\u0141A II.<\/strong> Za wstawiennictwem \u015bw. Jana Paw\u0142a II pro\u015bmy o zako\u0144czenie wojny na Ukrainie, o pok\u00f3j na ca\u0142ym \u015bwiecie, zgod\u0119 i jedno\u015b\u0107 w\u015br\u00f3d Polak\u00f3w oraz odpowiedzialno\u015b\u0107 za losy naszej OJCZYZNY.<\/li>\n<li>Godzinki o Niepokalanym Pocz\u0119ciu Naj\u015bwi\u0119tszej Maryi Panny w naszej parafii\u015bpiewamy w ka\u017cd\u0105 niedziel\u0119 o godz. 7.40. <em>Serdecznie zapraszamy.<\/em><\/li>\n<li><strong>Obecny miesi\u0105c jest szczeg\u00f3lnie po\u015bwi\u0119cony Matce Bo\u017cej poprzez odprawianie nabo\u017ce\u0144stw \u201eMAJOWYCH\u201d<\/strong><em>. Nasza Ojczyzna od wiek\u00f3w s\u0142yn\u0119\u0142a z oddawania czci Maryi w \u015bpiewie<\/em> Litanii Loreta\u0144skiej w ro\u017cnych miejscach np. w ko\u015bcio\u0142ach, kaplicach, przy figurkach, przydro\u017cnych krzy\u017cach i w naszych domach. Ten obraz modl\u0105cego si\u0119 Ludu Bo\u017cego wielu z nas ci\u0105gle nosi w sobie. <strong><em>Zapraszamy na nabo\u017ce\u0144stwa ku czci Naj\u015bwi\u0119tszej Maryi Panny: doros\u0142ych, &nbsp;&nbsp;m\u0142odzie\u017c i dzieci z rodzicami codziennie o godz. 17:30.<\/em><\/strong><\/li>\n<li>Zapraszam rodzic\u00f3w, kt\u00f3rych dzieci b\u0119d\u0105 prze\u017cywa\u0142y w tym roku <strong>ROCZNIC\u0118 I KOMUNII \u015aWI\u0118TEJ<\/strong> na spotkanie do ko\u015bcio\u0142a: <span style=\"font-size: 16px;\">21 maja br. (\u015broda) o godz. 19:00. <\/span><strong style=\"font-size: 16px;\"><em>Prosz\u0119 o zabranie ksi\u0105\u017ceczki dziecka od pierwszych pi\u0105tk\u00f3w miesi\u0105ca<\/em><\/strong><em style=\"font-size: 16px;\">.<\/em><\/li>\n<\/ol>\n<ol start=\"5\">\n<li>W sobot\u0119 24 maja o godz. 10:00 w Katedrze Elbl\u0105skiej <strong>wa\u017cne wydarzenie: <\/strong><strong>\u015aWI\u0118CENIA KAP\u0141ANSKIE<\/strong> przyjmie powo\u0142any z naszej parafii Amadeusz BABIEL.<em> W imieniu diakona Amadeusza zapraszam parafian do wzi\u0119cia udzia\u0142u w tak wyj\u0105tkowej uroczysto\u015bci.<\/em> Natomiast w niedziel\u0119 25 maja o godz. 12:00 Amadeusz BABIEL odprawi <strong>MSZ\u0118 \u015aWI\u0118T\u0104 PRYMICYJN\u0104<\/strong> oraz udzieli uroczystego b\u0142ogos\u0142awie\u0144stwa wszystkim zebranym. W tak wielkim wydarzeniu nie mo\u017ce Ciebie zbrakn\u0105\u0107. <em style=\"font-size: 16px;\">Pami\u0119tajmy w modlitwie o tych, kt\u00f3rzy przyjm\u0105 \u015bwi\u0119cenia.<\/em><\/li>\n<\/ol>\n<ol start=\"6\">\n<li><strong>Trwa okres Wielkanocny &#8211; czas rado\u015bci ze Zmartwychwstania Pana Jezusa. <\/strong><em>Zach\u0119camy wiernych do skorzystania z \u0142aski sakramentu pojednania i do przyj\u0119cia KOMUNII \u015aW. WIELKANOCNEJ. <\/em><em style=\"font-size: 16px;\">Spowied\u017a \u015bw. w tygodniu od 7:45 oraz od godz. 17:30.<\/em><\/li>\n<\/ol>\n<ol start=\"7\">\n<li>Zach\u0119cam do nabywania nowego numeru \u201eGo\u015bcia Niedzielnego\u201d<strong> z dodatkiem<\/strong><strong>\u201eGo\u015bcia Elbl\u0105skiego\u201d<\/strong> w cenie 10 z\u0142.<\/li>\n<li><strong>INFORMUJEMY, \u017ce od 1 czerwca 2025 roku do ko\u0144ca sierpnia nie b\u0119dzie Mszy \u015bw. niedzielnej o godz. 15:00. <\/strong><em>Koronka do Bo\u017cego Mi\u0142osierdzia pozostaje bez zmian, czyli w ka\u017cd\u0105 Niedziel\u0119 o godz. 15:00. Zapraszamy.<\/em><\/li>\n<li>Wszystkim Jubilatom i Solenizantom tego tygodnia \u017cyczymy wszelkiego dobra w \u017cyciu, b\u0142ogos\u0142awie\u0144stwa Bo\u017cego i&nbsp; oddajemy pod opiek\u0119 Matki Bo\u017cej Szkaplerznej.<\/li>\n<\/ol>\n<p>&nbsp;<\/p>\n<p><img decoding=\"async\" class=\"aligncenter\" src=\"http:\/\/rafalk-elblag.pl\/wp-content\/uploads\/2020\/04\/baner-intencje-mszy.jpg\" alt=\"Obrazek posiada pusty atrybut alt; plik o nazwie baner-intencje-mszy.jpg\"><\/p>\n<table style=\"font-weight: 400;\" width=\"746\">\n<tbody>\n<tr>\n<td colspan=\"2\" width=\"71\"><strong>&nbsp;<\/strong><\/td>\n<td width=\"676\">\n<p style=\"text-align: center;\"><strong>V NIEDZIELA&nbsp; WIELKANOCNA \/&nbsp; 18 MAJA 2025 \/J 13, 31 &#8211; 35<\/strong><\/p>\n<\/td>\n<\/tr>\n<tr>\n<td colspan=\"2\" width=\"71\"><strong>&nbsp; 8.00<\/strong><\/td>\n<td width=\"676\">\u015bp. Ewa RADZISZEWSKA w 6 rocznic\u0119 \u015bmierci, \u015bp. Danuta RADZISZEWSKA&nbsp; w 7 rocznic\u0119 \u015bmierci<\/td>\n<\/tr>\n<tr>\n<td colspan=\"2\" width=\"71\"><strong>10.00<\/strong><\/td>\n<td width=\"676\">Z pro\u015bb\u0105 o Bo\u017ce b\u0142ogos\u0142awie\u0144stwo i opiek\u0119&nbsp; Matki Bo\u017cej dla Heleny, Aleksandra(m) Justyny, Ewy, Lidii, Krzysztofa i wnuk\u00f3w<\/td>\n<\/tr>\n<tr>\n<td colspan=\"2\" width=\"71\"><strong>12.00<\/strong><\/td>\n<td width=\"676\"><strong>Za parafian<\/strong><\/td>\n<\/tr>\n<tr>\n<td colspan=\"2\" width=\"71\"><strong>15.00<\/strong><\/td>\n<td width=\"676\">\u015bp. Karol WI\u015aNIEWSKI z okazji urodzin ziemskich i zmar\u0142ych z rodzin WI\u015aNIEWSKICH, FILAR I KUBACKICH<\/td>\n<\/tr>\n<tr>\n<td colspan=\"2\" width=\"71\"><strong>18.00<\/strong><\/td>\n<td width=\"676\">\u015bp. Wojciech KANIGOWSKI 18greg.<\/td>\n<\/tr>\n<tr>\n<td colspan=\"3\" width=\"746\">\n<p style=\"text-align: center;\"><strong>PONIEDZIA\u0141EK WIELKANOCNY\/ 19 MAJA 2025 \/ J 14, 21- 26<\/strong><\/p>\n<\/td>\n<\/tr>\n<tr>\n<td width=\"69\"><strong>&nbsp; 8.00<\/strong><\/td>\n<td colspan=\"2\" width=\"677\">\u015bp. Wojciech KANIGOWSKI 19greg.<\/td>\n<\/tr>\n<tr>\n<td width=\"69\"><strong>18.00<\/strong><\/td>\n<td colspan=\"2\" width=\"677\">\u015bp. Zofia TOMCZAK \u2013 intencja od s\u0105siadki<\/td>\n<\/tr>\n<tr>\n<td width=\"69\"><strong>18.00<\/strong><\/td>\n<td colspan=\"2\" width=\"677\">\u015bp. J\u00f3zef(m) , Marianna, Leokadia, Tadeusz z rodziny \u0141UKASIK<\/td>\n<\/tr>\n<tr>\n<td colspan=\"3\" width=\"746\">\n<p style=\"text-align: center;\"><strong>WTOREK&nbsp; WIELKANOCNY&nbsp; \/ 20 MAJA 2025\/&nbsp; J 14, 27 &#8211; 31<\/strong><\/p>\n<\/td>\n<\/tr>\n<tr>\n<td width=\"69\"><strong>&nbsp; 8.00<\/strong><\/td>\n<td colspan=\"2\" width=\"677\">\u015bp. Wojciech KANIGOWSKI 20greg.<\/td>\n<\/tr>\n<tr>\n<td width=\"69\"><strong>18.00<\/strong><\/td>\n<td colspan=\"2\" width=\"677\">\u015bp. W\u0142adys\u0142aw, Marianna, Wincenty, Janina z rodziny ULER<\/td>\n<\/tr>\n<tr>\n<td colspan=\"3\" width=\"746\">\n<p style=\"text-align: center;\"><strong>\u015aRODA&nbsp; WIELKANOCNA \/ 21 MAJA 2025 <\/strong>\/ J 15, 1 &#8211; 8<\/p>\n<\/td>\n<\/tr>\n<tr>\n<td width=\"69\"><strong>&nbsp; 8.00<\/strong><\/td>\n<td colspan=\"2\" width=\"677\">\u015bp. Wojciech KANIGOWSKI 21greg.<\/td>\n<\/tr>\n<tr>\n<td width=\"69\"><strong>18.00<\/strong><\/td>\n<td colspan=\"2\" width=\"677\">\u015bp. Danuta CHY\u0141A \u2013 intencja od uczestnik\u00f3w pogrzebu<\/td>\n<\/tr>\n<tr>\n<td width=\"69\"><strong>18.00<\/strong><\/td>\n<td colspan=\"2\" width=\"677\">Dzi\u0119kczynno \u2013 b\u0142agalna z okazji 79 urodzin LEONA z pro\u015bba o Bo\u017ce b\u0142ogos\u0142awie\u0144stwo, opiek\u0119 Matki Bo\u017cej oraz o \u0142ask\u0119 zdrowia<\/td>\n<\/tr>\n<tr>\n<td colspan=\"3\" width=\"746\">\n<p style=\"text-align: center;\"><strong>CZWARTEK&nbsp;&nbsp; WIELKANOCNY \/ 22 MAJA 2025 \/ J 15, 9 -11<\/strong><\/p>\n<\/td>\n<\/tr>\n<tr>\n<td width=\"69\"><strong>&nbsp; 8.00<\/strong><\/td>\n<td colspan=\"2\" width=\"677\">\u015bp. Krzysztof KOSIDOWSKI \u2013 intencja od uczestnik\u00f3w pogrzebu<\/td>\n<\/tr>\n<tr>\n<td width=\"69\"><strong>&nbsp; 8.00<\/strong><\/td>\n<td colspan=\"2\" width=\"677\">\u015bp. Wojciech KANIGOWSKI 22greg.<\/td>\n<\/tr>\n<tr>\n<td width=\"69\"><strong>18.00<\/strong><\/td>\n<td colspan=\"2\" width=\"677\">\u015bp. Marianna HUMELT w 8 rocznice \u015bmierci i zmar\u0142ych z obojga stron<\/td>\n<\/tr>\n<tr>\n<td width=\"69\"><strong>18.00<\/strong><\/td>\n<td colspan=\"2\" width=\"677\">REZ.<\/td>\n<\/tr>\n<tr>\n<td colspan=\"3\" width=\"746\">\n<p style=\"text-align: center;\"><strong>PI\u0104TEK&nbsp; WIELKANOCNY \/ 23 MAJA 2025 \/ J 15, 12 &#8211; 17<\/strong><\/p>\n<\/td>\n<\/tr>\n<tr>\n<td width=\"69\"><strong>&nbsp; 8.00<\/strong><\/td>\n<td colspan=\"2\" width=\"677\">\u015bp. Wojciech KANIGOWSKI&nbsp; 23greg.<\/td>\n<\/tr>\n<tr>\n<td width=\"69\"><strong>18.00<\/strong><\/td>\n<td colspan=\"2\" width=\"677\">\u015bp. Stanis\u0142aw AMANOWICZ w 1 rocznic\u0119 \u015bmierci<\/td>\n<\/tr>\n<tr>\n<td width=\"69\"><strong>18.00<\/strong><\/td>\n<td colspan=\"2\" width=\"677\">\u015bp. J\u00f3zef(m) KUBISIAK w 5 rocznic\u0119 \u015bmierci oraz zmar\u0142ych z rodziny KIBISIAK, MI\u0143KIEWICZ i KLECHA<\/td>\n<\/tr>\n<tr>\n<td colspan=\"3\" width=\"746\">\n<p style=\"text-align: center;\"><strong>SOBOTA WIELKANOCNA \/ 24 MAJA2025 \/ J 15, 18 &#8211; 21<\/strong><\/p>\n<p style=\"text-align: center;\"><strong>Wspomnienie Naj\u015bwi\u0119tszej Maryi Panny Wspomo\u017cycielki Wiernych<\/strong><\/p>\n<\/td>\n<\/tr>\n<tr>\n<td width=\"69\"><strong>&nbsp; 8.00<\/strong><\/td>\n<td colspan=\"2\" width=\"677\">\u015bp. Kazimiera(k) i Jan USIK<\/td>\n<\/tr>\n<tr>\n<td width=\"69\"><strong>10.00<\/strong><\/td>\n<td colspan=\"2\" width=\"677\"><strong>\u015aWI\u0118CENIA KAP\u0141A\u0143SKIE W KATEDRZE ELBL\u0104SKIEJ <\/strong><strong>Diakona Amadeusza BABIEL<\/strong><\/td>\n<\/tr>\n<tr>\n<td width=\"69\"><strong>18.00<\/strong><\/td>\n<td colspan=\"2\" width=\"677\">\u015bp. Wojciech KANIGOWSKI 17greg<\/td>\n<\/tr>\n<tr>\n<td width=\"69\"><strong>18.00<\/strong><\/td>\n<td colspan=\"2\" width=\"677\">Dzi\u0119kczynna w 30 rocznic\u0119 \u015bwi\u0119ce\u0144 kap\u0142a\u0144skich ks. Arkadiusza GRABOWSKIEGO &nbsp;&nbsp;z pro\u015bb\u0105 o bo\u017ce b\u0142ogos\u0142awie\u0144stwo, opiek\u0119 Matki Bo\u017cej oraz o owoce i dary Ducha \u015awi\u0119tego i bezpieczn\u0105 pos\u0142ug\u0119 na MISJACH&nbsp; \u2013 intencja od Margaretki<\/td>\n<\/tr>\n<tr>\n<td colspan=\"3\" width=\"746\">\n<p style=\"text-align: center;\"><strong>VI NIEDZIELA&nbsp; WIELKANOCNA \/&nbsp; 25 MAJA 2025 \/J 14, 23 &#8211; 29<\/strong><\/p>\n<\/td>\n<\/tr>\n<tr>\n<td width=\"69\"><strong>&nbsp; 8.00<\/strong><\/td>\n<td colspan=\"2\" width=\"677\">\u015bp. Wojciech KANIGOWSKI 18greg.<\/td>\n<\/tr>\n<tr>\n<td width=\"69\"><strong>10.00<\/strong><\/td>\n<td colspan=\"2\" width=\"677\">O Bo\u017ce b\u0142ogos\u0142awie\u0144stwo, dary Ducha \u015awi\u0119tego i opiek\u0119 Matki Bo\u017cej ks. Arkadiusza GRABOWSKIEGO w 30 rocznic\u0119 \u015bwi\u0119ce\u0144 kap\u0142a\u0144skich \u2013 intencja od Margaretek<\/td>\n<\/tr>\n<tr>\n<td width=\"69\"><strong>12.00<\/strong><\/td>\n<td colspan=\"2\" width=\"677\"><strong>MSZA \u015aWI\u0118TA PRYMICYJNA KS. AMADEUSZA BABIEL<\/strong><\/td>\n<\/tr>\n<tr>\n<td width=\"69\"><strong>15.00<\/strong><\/td>\n<td colspan=\"2\" width=\"677\">\u015bp. Kazimiera(k) i Stanis\u0142aw KACHNOWICZ i zmarli z rodziny<\/td>\n<\/tr>\n<tr>\n<td width=\"69\"><strong>18.00<\/strong><\/td>\n<td colspan=\"2\" width=\"677\">\u015bp. Mariusz WIDOMSKI w 3 rocznice \u015bmierci , \u015bp. Jan KR\u00d3L w 4 rocznic\u0119 \u015bmierci<\/td>\n<\/tr>\n<\/tbody>\n<\/table>\n","protected":false},"excerpt":{"rendered":"<p>CZYM JEST ROK \u015aWI\u0118TY 2025? Zacznijmy, drogi Bracie, droga Siostro, nasz\u0105 duchow\u0105 podr\u00f3\u017c zwi\u0105zan\u0105 z Rokiem \u015awi\u0119tym od prawd fundamentalnych. Poznanie ich pomo\u017ce nam, tak ufam, pozna\u0107 g\u0142\u0119bi\u0119 tych prze\u017cy\u0107 i nie zagubi\u0107 si\u0119 po\u015br\u00f3d wielu propozycji, jakie nieustannie proponuje nam ko\u015bci\u00f3\u0142. Ju\u017c sam fakt, \u017ce rok \u015awi\u0119ty og\u0142oszony jest raz na 25 lat, a [&hellip;]<\/p>\n","protected":false},"author":1,"featured_media":5755,"comment_status":"closed","ping_status":"closed","sticky":false,"template":"","format":"standard","meta":{"ngg_post_thumbnail":0,"footnotes":""},"categories":[11,8,4,3],"tags":[],"class_list":["post-5754","post","type-post","status-publish","format-standard","has-post-thumbnail","hentry","category-aktualnosci","category-blog","category-intencje","category-ogloszenia"],"_links":{"self":[{"href":"https:\/\/rafalk-elblag.pl\/index.php?rest_route=\/wp\/v2\/posts\/5754","targetHints":{"allow":["GET"]}}],"collection":[{"href":"https:\/\/rafalk-elblag.pl\/index.php?rest_route=\/wp\/v2\/posts"}],"about":[{"href":"https:\/\/rafalk-elblag.pl\/index.php?rest_route=\/wp\/v2\/types\/post"}],"author":[{"embeddable":true,"href":"https:\/\/rafalk-elblag.pl\/index.php?rest_route=\/wp\/v2\/users\/1"}],"replies":[{"embeddable":true,"href":"https:\/\/rafalk-elblag.pl\/index.php?rest_route=%2Fwp%2Fv2%2Fcomments&post=5754"}],"version-history":[{"count":1,"href":"https:\/\/rafalk-elblag.pl\/index.php?rest_route=\/wp\/v2\/posts\/5754\/revisions"}],"predecessor-version":[{"id":5756,"href":"https:\/\/rafalk-elblag.pl\/index.php?rest_route=\/wp\/v2\/posts\/5754\/revisions\/5756"}],"wp:featuredmedia":[{"embeddable":true,"href":"https:\/\/rafalk-elblag.pl\/index.php?rest_route=\/wp\/v2\/media\/5755"}],"wp:attachment":[{"href":"https:\/\/rafalk-elblag.pl\/index.php?rest_route=%2Fwp%2Fv2%2Fmedia&parent=5754"}],"wp:term":[{"taxonomy":"category","embeddable":true,"href":"https:\/\/rafalk-elblag.pl\/index.php?rest_route=%2Fwp%2Fv2%2Fcategories&post=5754"},{"taxonomy":"post_tag","embeddable":true,"href":"https:\/\/rafalk-elblag.pl\/index.php?rest_route=%2Fwp%2Fv2%2Ftags&post=5754"}],"curies":[{"name":"wp","href":"https:\/\/api.w.org\/{rel}","templated":true}]}}