{"id":5751,"date":"2025-05-10T19:18:53","date_gmt":"2025-05-10T19:18:53","guid":{"rendered":"https:\/\/rafalk-elblag.pl\/?p=5751"},"modified":"2025-05-10T19:18:53","modified_gmt":"2025-05-10T19:18:53","slug":"ogloszenia-parafialne-11-05-2025-r-iv-niedziela-wielkanocna","status":"publish","type":"post","link":"https:\/\/rafalk-elblag.pl\/?p=5751","title":{"rendered":"OG\u0141OSZENIA PARAFIALNE 11.05.2025 r. \u2013 IV Niedziela Wielkanocna"},"content":{"rendered":"<div>\n<div class=\"WordSection1\">\n<h3 align=\"center\"><b>NIEDZIELA DOBREGO PASTERZA<\/b><\/h3>\n<p>Papie\u017c Franciszek zauwa\u017ca, \u017ce wielu m\u0142odych czuje si\u0119 dzi\u015b zagubionych w obliczu przysz\u0142o\u015bci. Do\u015bwiadczaj\u0105 <i>\u201eniepewno\u015bci, co do perspektyw pracy, kryzysu to\u017csamo\u015bci, kt\u00f3ry jest kryzysem sensu i warto\u015bci, a zam\u0119t cyfrowy sprawia, \u017ce staje si\u0119 on jeszcze trudniejszy do przej\u015bcia\u201d. <\/i>Niesprawiedliwo\u015bci, egoizm i wojny zagra\u017caj\u0105 planom na dobre \u017cycie, kt\u00f3re piel\u0119gnuj\u0105 w swoich sercach. Pan jednak zna serce cz\u0142owieka i nie porzuca go w niepewno\u015bci \u2013 zapewnia Papie\u017c.<\/p>\n<p><strong>Zatrzymajcie si\u0119 i ws\u0142uchajcie si\u0119 w Boga<\/strong><\/p>\n<p>Ostrzega on m\u0142odych, \u017ce \u015bwiat popycha ich do pochopnych wybor\u00f3w i wype\u0142nienia swego \u017cycia zgie\u0142kiem, uniemo\u017cliwiaj\u0105c im do\u015bwiadczy\u0107 ciszy otwartej na Boga, kt\u00f3ry przemawia do serca<b><i>. \u201eMiejcie odwag\u0119 zatrzyma\u0107 si\u0119, ws\u0142ucha\u0107 w siebie i zapyta\u0107 Boga: czego pragnie dla was\u201d <\/i><\/b>\u2013 apeluje Ojciec \u015awi\u0119ty. <b>Powo\u0142anie, jak wyja\u015bnia, jest cennym darem, kt\u00f3ry B\u00f3g zasiewa w sercach.<\/b><\/p>\n<\/div>\n<\/div>\n<div>\n<p><strong>Zaufajcie Opatrzno\u015bci<\/strong><\/p>\n<\/div>\n<div>\n<p>Papie\u017c Franciszek podkre\u015bla, \u017ce \u201eka\u017cde powo\u0142anie jest o\u017cywiane nadziej\u0105, kt\u00f3ra przek\u0142ada si\u0119 na zaufanie Opatrzno\u015bci. Dla chrze\u015bcijanina bowiem, nadzieja jest czym\u015b wi\u0119cej ni\u017c zwyk\u0142ym ludzkim optymizmem: jest raczej pewno\u015bci\u0105 zakorzenion\u0105 w wierze w Boga, kt\u00f3ry dzia\u0142a w historii [\u017cycia] ka\u017cdej osoby. (\u2026) <b><i>Drodzy m\u0142odzi, nadzieja pok\u0142adana w Bogu nie zawodzi, poniewa\u017c On prowadzi ka\u017cdy krok tych, kt\u00f3rzy si\u0119 Jemu powierzaj\u0105\u201d.<\/i><\/b><\/p>\n<\/div>\n<div>\n<p><strong>\u015awiat szuka \u015bwiadk\u00f3w Chrystusa<\/strong><\/p>\n<\/div>\n<div>\n<p><b><i>\u201eKo\u015bci\u00f3\u0142 \u2013 pisze na zako\u0144czenie Papie\u017c &#8211; potrzebuje pasterzy, zakonnik\u00f3w, misjonarzy, ma\u0142\u017conk\u00f3w, kt\u00f3rzy potrafi\u0105 z ufno\u015bci\u0105 i nadziej\u0105 powiedzie\u0107 Panu \u2018tak\u2019. (\u2026)<\/i><\/b> A \u015bwiat szuka, cz\u0119sto nie\u015bwiadomie, \u015bwiadk\u00f3w nadziei, kt\u00f3rzy swoim \u017cyciem g\u0142osz\u0105, \u017ce p\u00f3jcie za Chrystusem jest \u017ar\u00f3d\u0142em rado\u015bci. <b>NIE USTAWAJMY ZATEM W PROSZENIU PANA O NOWYCH ROBOTNIK\u00d3W NA JEGO \u017bNIWO, PEWNI, \u017bE ON NIE PRZESTAJE POWO\u0141YWA\u0106 Z MI\u0141O\u015aCI\u0104\u201d. <\/b><\/p>\n<\/div>\n<div>\n<p align=\"right\">Krzysztof Bronk, Vatican News<\/p>\n<\/div>\n<p align=\"right\">&nbsp;<\/p>\n<p style=\"text-align: left;\" align=\"right\"><a href=\"http:\/\/rafalk-elblag.pl\/wp-content\/uploads\/2021\/08\/ogloszenia-parafialne-baner-01a.jpg\"><img decoding=\"async\" class=\"aligncenter\" src=\"http:\/\/rafalk-elblag.pl\/wp-content\/uploads\/2021\/08\/ogloszenia-parafialne-baner-01a.jpg\" alt=\"Obrazek posiada pusty atrybut alt; plik o nazwie ogloszenia-parafialne-baner-01a.jpg\"><\/a><\/p>\n<h3 style=\"font-weight: 400; text-align: center;\"><strong>OG\u0141OSZENIA PARAFIALNE&nbsp; 11.05.2025 r.<\/strong><\/h3>\n<ol>\n<li>Dzisiaj Niedziel\u0105 Dobrego Pasterza &#8211; rozpoczynamy <strong>62<\/strong> <strong>TYDZIE\u0143 MODLITW O POWO\u0141ANIA<\/strong> <strong>DO KAP\u0141A\u0143STWA I \u017bYCIA KONSEKROWANEGO.<\/strong>Zapraszamy wszystkich do wsp\u00f3lnej modlitwy w intencji m\u0142odych ludzi, aby dobrze rozeznali swoje powo\u0142anie.<\/li>\n<li>Osoby z grupy modlitewnej <strong>Rodzinny R\u00f3\u017caniec zapraszamy dzisiaj<\/strong> po Mszach \u015bwi\u0119tych w II niedziel\u0119 miesi\u0105ca po odbi\u00f3r tajemnic r\u00f3\u017ca\u0144cowych i deklaracji na kolejny miesi\u0105c u pana Piotra &#8211; Organisty. <em>Zapraszamy tak\u017ce nowe osoby, kt\u00f3re chc\u0105 modli\u0107 si\u0119 za swoje rodziny.<\/em><\/li>\n<li><strong>Obecny miesi\u0105c jest szczeg\u00f3lnie po\u015bwi\u0119cony Matce Bo\u017cej poprzez odprawianie nabo\u017ce\u0144stw \u201eMAJOWYCH\u201d<\/strong><em>. Nasza Ojczyzna od wiek\u00f3w s\u0142yn\u0119\u0142a z oddawania czci Maryi w \u015bpiewie<\/em> Litanii Loreta\u0144skiej w ro\u017cnych miejscach np. w ko\u015bcio\u0142ach, kaplicach, przy figurkach, przydro\u017cnych krzy\u017cach i w naszych domach. Ten obraz modl\u0105cego si\u0119 Ludu Bo\u017cego wielu z nas ci\u0105gle nosi w sobie. <strong><em>Zapraszamy na nabo\u017ce\u0144stwa ku czci Naj\u015bwi\u0119tszej Maryi Panny: doros\u0142ych i m\u0142odzie\u017c codziennie o godz. 17:30, a dzieci we wtorki i czwartki o godz. 16:30<\/em><\/strong><em>.<\/em><\/li>\n<li>W pi\u0105tek 16 maja dzie\u0144 spotkania<strong> Bractwa Szkaplerznego<\/strong>. Modli\u0107 si\u0119 b\u0119dziemy za osoby nosz\u0105ce szkaplerz \u015bwi\u0119ty. <em>Zapraszamy wszystkich nale\u017c\u0105cych i pragn\u0105cych w\u0142\u0105czy\u0107 si\u0119 do tej wsp\u00f3lnoty na Nabo\u017ce\u0144stwo Majowe o godz. 17:30 oraz na&nbsp; Msz\u0119 \u015bw. o godz. 18:00. <\/em><\/li>\n<li>W najbli\u017csz\u0105 sobot\u0119 17 maja o godz. 11:00 w naszej parafii prze\u017cywa\u0107 b\u0119dziemy<strong>UROCZYSTO\u015a\u0106 I KOMUNII \u015aWI\u0118TEJ. <\/strong><em>Wszystkich Parafian prosz\u0119 o modlitw\u0119, aby te dzieci &nbsp;i ich Rodziny przez ca\u0142e \u017cycie trwa\u0142y w przyja\u017ani z Chrystusem.&nbsp; <\/em><\/li>\n<li><strong>Trwa okres Wielkanocny &#8211; czas rado\u015bci ze Zmartwychwstania Pana Jezusa. <\/strong><em>Zach\u0119camy wiernych do skorzystania z \u0142aski sakramentu pojednania i do przyj\u0119cia KOMUNII \u015aW. WIELKANOCNEJ. <\/em><em style=\"font-size: 16px;\">Spowied\u017a \u015bw. w tygodniu od 7:45 oraz od godz. 17:30.<\/em><\/li>\n<\/ol>\n<ol start=\"7\">\n<li>Osobom z <strong>Kr\u0119gu Biblijnego,<\/strong> dzi\u0119kuj\u0119 za zaanga\u017cowanie i pomoc w organizacj\u0119 TYGODNIA BIBLIJNEGO w naszej parafii.<\/li>\n<li><strong>Dzi\u0119kuj\u0119<\/strong> za przyniesione <strong>SKARBONKI Z JA\u0141MU\u017bN\u0104 WIELKOPOSTN\u0104 2025<\/strong>w ramach og\u00f3lnopolskiej akcji <em>Z 500 rozdanych skarbonek przyniesione 189 i zebrano 7499,10 z\u0142. <u>Za wszystkie ofiary, kt\u00f3re s\u0105 pomoc\u0105 dla potrzebuj\u0105cych sk\u0142adam \u201eB\u00f3g zap\u0142a\u0107\u201d<\/u><\/em><\/li>\n<li><strong>Spotkania dla przygotowuj\u0105cych si\u0119 do Sakramentu Bierzmowania, m\u0142odzie\u017cy z roku II odbywaj\u0105 si\u0119 <\/strong>w ka\u017cdy poniedzia\u0142ek &nbsp;maja po Mszy \u015bw. o godz. 19:00. <em>Obecno\u015b\u0107 kandydat\u00f3w na powy\u017cszych spotkaniach jest obowi\u0105zkowa. <\/em><\/li>\n<li><strong>W przysz\u0142\u0105 niedziel\u0119 przypada 105 &#8211; rocznica urodzin WIELKIEGO POLAKA \u015aWI\u0118TEGO JANA PAW\u0141A II.<\/strong> Za wstawiennictwem \u015bw. Jana Paw\u0142a II pro\u015bmy o zako\u0144czenie wojny na Ukrainie, o pok\u00f3j na ca\u0142ym \u015bwiecie, zgod\u0119 i jedno\u015b\u0107 w\u015br\u00f3d Polak\u00f3w oraz odpowiedzialno\u015b\u0107 za losy naszej OJCZYZNY.<\/li>\n<li>Godzinki o Niepokalanym Pocz\u0119ciu Naj\u015bwi\u0119tszej Maryi Panny w naszej parafii\u015bpiewamy w ka\u017cd\u0105 niedziel\u0119 o godz. 7.40. <em>Serdecznie zapraszamy.<\/em><\/li>\n<li>Zach\u0119cam do nabywania nowego numeru \u201eGo\u015bcia Niedzielnego\u201d<strong> z dodatkiem<\/strong> <strong>\u201eGo\u015bcia Elbl\u0105skiego\u201d<\/strong> w cenie 10 z\u0142. oraz <strong>\u201eHistorii Ko\u015bcio\u0142a\u201d<\/strong> w cenie 14 z\u0142.<\/li>\n<li>Wszystkim Jubilatom i Solenizantom tego tygodnia \u017cyczymy wszelkiego dobra w \u017cyciu, b\u0142ogos\u0142awie\u0144stwa Bo\u017cego i&nbsp; oddajemy pod opiek\u0119 Matki Bo\u017cej Szkaplerznej.<\/li>\n<\/ol>\n<p>&nbsp;<\/p>\n<p><img decoding=\"async\" class=\"aligncenter\" src=\"http:\/\/rafalk-elblag.pl\/wp-content\/uploads\/2020\/04\/baner-intencje-mszy.jpg\" alt=\"Obrazek posiada pusty atrybut alt; plik o nazwie baner-intencje-mszy.jpg\"><\/p>\n<h3 style=\"text-align: center;\"><strong>INTENCJE MSZALNE&nbsp;<\/strong><\/h3>\n<table style=\"font-weight: 400;\" width=\"707\">\n<tbody>\n<tr>\n<td colspan=\"2\" width=\"707\">\n<p style=\"text-align: center;\"><strong>PONIEDZIA\u0141EK WIELKANOCNY\/ 12 MAJA 2025 \/ J 10, 1 &#8211; 10<\/strong><\/p>\n<\/td>\n<\/tr>\n<tr>\n<td width=\"59\"><strong>&nbsp; 8.00<\/strong><\/td>\n<td width=\"648\">\u015bp. Wojciech KANIGOWSKI 12greg.<\/td>\n<\/tr>\n<tr>\n<td width=\"59\"><strong>18.00<\/strong><\/td>\n<td width=\"648\">\u015bp. Monika i Jan OSTROWSCY i zmarli z rodziny<\/td>\n<\/tr>\n<tr>\n<td colspan=\"2\" width=\"707\">\n<p style=\"text-align: center;\"><strong>WTOREK&nbsp; WIELKANOCNY&nbsp; \/ 13 MAJA 2025\/&nbsp; J 10, 22 \u2013 30<\/strong><\/p>\n<p style=\"text-align: center;\"><strong>NAJ\u015aWI\u0118TSZEJ MARYI PANNY Z FATIMY<\/strong><\/p>\n<\/td>\n<\/tr>\n<tr>\n<td width=\"59\"><strong>&nbsp; 8.00<\/strong><\/td>\n<td width=\"648\">\u015bp. Wojciech KANIGOWSKI 13greg.<\/td>\n<\/tr>\n<tr>\n<td width=\"59\"><strong>18.00<\/strong><\/td>\n<td width=\"648\">\u015bp. Genowefa BOROWIECKA i zmarli z rodzin BOROWIECKICH &nbsp;&nbsp;&nbsp;&nbsp;&nbsp;&nbsp;&nbsp;&nbsp;&nbsp;&nbsp;&nbsp;&nbsp;&nbsp;&nbsp;&nbsp;&nbsp;&nbsp;&nbsp;&nbsp;&nbsp;&nbsp;&nbsp;&nbsp;&nbsp;&nbsp;&nbsp;&nbsp;&nbsp;&nbsp;&nbsp;&nbsp;&nbsp;&nbsp;&nbsp;&nbsp;&nbsp;&nbsp;&nbsp;i SKALI\u0143SKICH<\/td>\n<\/tr>\n<tr>\n<td width=\"59\"><strong>18.00<\/strong><\/td>\n<td width=\"648\">\u015bp. Antoni \u0141UKASZEWSKI \u2013 od uczestnik\u00f3w pogrzebu<\/td>\n<\/tr>\n<tr>\n<td colspan=\"2\" width=\"707\">\n<p style=\"text-align: center;\"><strong>\u015aRODA&nbsp; WIELKANOCNY \/ 14 MAJA 2025 <\/strong>\/ J 15, 9 \u2013 17<\/p>\n<p style=\"text-align: center;\"><strong>\u015aWI\u0118TO \u015aW. MACIEJA, APOSTO\u0141A<\/strong><\/p>\n<\/td>\n<\/tr>\n<tr>\n<td width=\"59\"><strong>&nbsp; 8.00<\/strong><\/td>\n<td width=\"648\">\u015bp. Wojciech KANIGOWSKI 14greg.<\/td>\n<\/tr>\n<tr>\n<td width=\"59\"><strong>18.00<\/strong><\/td>\n<td width=\"648\">\u015bp. rodzice: Irena i Stanis\u0142aw MAJERSCY, \u015bp. Henryka(k) i Kazimierz KUCZEWSCY oraz siostra Zdzis\u0142awa<\/td>\n<\/tr>\n<tr>\n<td width=\"59\"><strong>18.00<\/strong><\/td>\n<td width=\"648\">\u015bp. Zofia, Jan, Andrzej z rodziny JAWORSKICH, \u015bp. Marianna i Boles\u0142aw STAN i za &nbsp;Babcie i Dziadk\u00f3w<\/td>\n<\/tr>\n<tr>\n<td colspan=\"2\" width=\"707\">\n<p style=\"text-align: center;\"><strong>CZWARTEK&nbsp;&nbsp; WIELKANOCNY \/ 15 MAJA 2025 \/ J 13, 16 &#8211; 20<\/strong><\/p>\n<\/td>\n<\/tr>\n<tr>\n<td width=\"59\"><strong>&nbsp; 8.00<\/strong><\/td>\n<td width=\"648\">Za dusze cierpi\u0105ce w czy\u015b\u0107cu i \u015bp. Romana<\/td>\n<\/tr>\n<tr>\n<td width=\"59\"><strong>18.00<\/strong><\/td>\n<td width=\"648\">\u015bp. Helena i Wincenty i zmarli z rodziny KOKOSZKA<\/td>\n<\/tr>\n<tr>\n<td width=\"59\"><strong>18.00<\/strong><\/td>\n<td width=\"648\">\u015bp. Wojciech KANIGOWSKI 15greg.<\/td>\n<\/tr>\n<tr>\n<td colspan=\"2\" width=\"707\">\n<p style=\"text-align: center;\"><strong>PI\u0104TEK&nbsp; WIELKANOCNY \/ 16 MAJA 2025 \/ J 17, 20 \u2013 26<\/strong><\/p>\n<p style=\"text-align: center;\"><strong>\u015aWI\u0118TO \u015aW. ANDRZEJA BOBOLI, KAP\u0141ANA I M\u0118CZENNIKA<\/strong><\/p>\n<\/td>\n<\/tr>\n<tr>\n<td width=\"59\"><strong>&nbsp; 8.00<\/strong><\/td>\n<td width=\"648\">\u015bp. Wojciech KANIGOWSKI&nbsp; 16greg.<\/td>\n<\/tr>\n<tr>\n<td width=\"59\"><strong>18.00<\/strong><\/td>\n<td width=\"648\">Dzi\u0119kczynna z okazji urodzin Anny z pro\u015bb\u0105 o Bo\u017ce b\u0142ogos\u0142awie\u0144stwo, dary Ducha \u015awi\u0119tego oraz o opiek\u0119 Matki Bo\u017cej Szkaplerznej<\/td>\n<\/tr>\n<tr>\n<td width=\"59\"><strong>18.00<\/strong><\/td>\n<td width=\"648\">W intencji Rodziny &nbsp;i Bractwa Szkaplerznego i os\u00f3b przyjmuj\u0105cych Szkaplerz \u015awi\u0119ty<\/td>\n<\/tr>\n<tr>\n<td colspan=\"2\" width=\"707\">\n<p style=\"text-align: center;\"><strong>SOBOTA WIELKANOCNA \/ 17 MAJA2025 <\/strong><\/p>\n<p style=\"text-align: center;\"><strong>ROCZNICA PO\u015aWI\u0118CENIA KO\u015aCIO\u0141A KATEDRALNEGO <\/strong><\/p>\n<\/td>\n<\/tr>\n<tr>\n<td width=\"59\"><strong>&nbsp; 8.00<\/strong><\/td>\n<td width=\"648\">\u015bp. Wojciech KANIGOWSKI 17greg.<\/td>\n<\/tr>\n<tr>\n<td width=\"59\"><strong>11.00<\/strong><\/td>\n<td width=\"648\"><strong>UROCZYSTO\u015a\u0106 PIERWSZEJ KOMUNII \u015aWI\u0118TEJ <\/strong><\/td>\n<\/tr>\n<tr>\n<td width=\"59\"><strong>18.00<\/strong><\/td>\n<td width=\"648\">\u015bp. Bart\u0142omiej CZ\u0118\u015aCIK w 2 rocznice \u015bmierci<\/td>\n<\/tr>\n<tr>\n<td width=\"59\"><strong>18.00<\/strong><\/td>\n<td width=\"648\">Dzi\u0119kczynna w 50 rocznic\u0119 \u015blubu Jadwigi i Ryszarda SOWA&nbsp; z pro\u015bb\u0105 &nbsp;&nbsp;&nbsp;&nbsp;&nbsp;&nbsp;&nbsp;&nbsp;&nbsp;&nbsp;&nbsp;&nbsp;&nbsp;&nbsp;&nbsp;&nbsp;o Bo\u017ce b\u0142ogos\u0142awie\u0144stwo i potrzebne \u0142aski dla Czcigodnych Z\u0142otych JUBILAT\u00d3W<\/td>\n<\/tr>\n<tr>\n<td colspan=\"2\" width=\"707\">\n<p style=\"text-align: center;\"><strong>V NIEDZIELA&nbsp; WIELKANOCNA \/&nbsp; 18 MAJA 2025 \/J 13, 31 &#8211; 35<\/strong><\/p>\n<\/td>\n<\/tr>\n<tr>\n<td width=\"59\"><strong>&nbsp; 8.00<\/strong><\/td>\n<td width=\"648\">\u015bp. Ewa RADZISZEWSKA w 6 rocznic\u0119 \u015bmierci, \u015bp. Danuta RADZISZEWSKA&nbsp; w 7 rocznic\u0119 \u015bmierci<\/td>\n<\/tr>\n<tr>\n<td width=\"59\"><strong>10.00<\/strong><\/td>\n<td width=\"648\">Z pro\u015bb\u0105 o Bo\u017ce b\u0142ogos\u0142awie\u0144stwo i opiek\u0119&nbsp; Matki Bo\u017cej dla Heleny, Aleksandra(m) Justyny, Ewy, Lidii, Krzysztofa i wnuk\u00f3w<\/td>\n<\/tr>\n<tr>\n<td width=\"59\"><strong>12.00<\/strong><\/td>\n<td width=\"648\"><strong>Za parafian<\/strong><\/td>\n<\/tr>\n<tr>\n<td width=\"59\"><strong>15.00<\/strong><\/td>\n<td width=\"648\">\u015bp. Karol WI\u015aNIEWSKI z okazji urodzin ziemskich i zmar\u0142ych z rodzin WI\u015aNIEWSKICH, FILAR I KUBACKICH<\/td>\n<\/tr>\n<tr>\n<td width=\"59\"><strong>18.00<\/strong><\/td>\n<td width=\"648\">\u015bp. Wojciech KANIGOWSKI 18greg.<\/td>\n<\/tr>\n<\/tbody>\n<\/table>\n","protected":false},"excerpt":{"rendered":"<p>NIEDZIELA DOBREGO PASTERZA Papie\u017c Franciszek zauwa\u017ca, \u017ce wielu m\u0142odych czuje si\u0119 dzi\u015b zagubionych w obliczu przysz\u0142o\u015bci. Do\u015bwiadczaj\u0105 \u201eniepewno\u015bci, co do perspektyw pracy, kryzysu to\u017csamo\u015bci, kt\u00f3ry jest kryzysem sensu i warto\u015bci, a zam\u0119t cyfrowy sprawia, \u017ce staje si\u0119 on jeszcze trudniejszy do przej\u015bcia\u201d. Niesprawiedliwo\u015bci, egoizm i wojny zagra\u017caj\u0105 planom na dobre \u017cycie, kt\u00f3re piel\u0119gnuj\u0105 w swoich [&hellip;]<\/p>\n","protected":false},"author":1,"featured_media":5448,"comment_status":"closed","ping_status":"closed","sticky":false,"template":"","format":"standard","meta":{"ngg_post_thumbnail":0,"footnotes":""},"categories":[11,8,4,3],"tags":[],"class_list":["post-5751","post","type-post","status-publish","format-standard","has-post-thumbnail","hentry","category-aktualnosci","category-blog","category-intencje","category-ogloszenia"],"_links":{"self":[{"href":"https:\/\/rafalk-elblag.pl\/index.php?rest_route=\/wp\/v2\/posts\/5751","targetHints":{"allow":["GET"]}}],"collection":[{"href":"https:\/\/rafalk-elblag.pl\/index.php?rest_route=\/wp\/v2\/posts"}],"about":[{"href":"https:\/\/rafalk-elblag.pl\/index.php?rest_route=\/wp\/v2\/types\/post"}],"author":[{"embeddable":true,"href":"https:\/\/rafalk-elblag.pl\/index.php?rest_route=\/wp\/v2\/users\/1"}],"replies":[{"embeddable":true,"href":"https:\/\/rafalk-elblag.pl\/index.php?rest_route=%2Fwp%2Fv2%2Fcomments&post=5751"}],"version-history":[{"count":1,"href":"https:\/\/rafalk-elblag.pl\/index.php?rest_route=\/wp\/v2\/posts\/5751\/revisions"}],"predecessor-version":[{"id":5752,"href":"https:\/\/rafalk-elblag.pl\/index.php?rest_route=\/wp\/v2\/posts\/5751\/revisions\/5752"}],"wp:featuredmedia":[{"embeddable":true,"href":"https:\/\/rafalk-elblag.pl\/index.php?rest_route=\/wp\/v2\/media\/5448"}],"wp:attachment":[{"href":"https:\/\/rafalk-elblag.pl\/index.php?rest_route=%2Fwp%2Fv2%2Fmedia&parent=5751"}],"wp:term":[{"taxonomy":"category","embeddable":true,"href":"https:\/\/rafalk-elblag.pl\/index.php?rest_route=%2Fwp%2Fv2%2Fcategories&post=5751"},{"taxonomy":"post_tag","embeddable":true,"href":"https:\/\/rafalk-elblag.pl\/index.php?rest_route=%2Fwp%2Fv2%2Ftags&post=5751"}],"curies":[{"name":"wp","href":"https:\/\/api.w.org\/{rel}","templated":true}]}}