{"id":5749,"date":"2025-05-06T09:01:21","date_gmt":"2025-05-06T09:01:21","guid":{"rendered":"https:\/\/rafalk-elblag.pl\/?p=5749"},"modified":"2025-05-06T09:01:21","modified_gmt":"2025-05-06T09:01:21","slug":"ogloszenia-parafialne-4-05-2025-r-iii-niedziela-wielkanocna","status":"publish","type":"post","link":"https:\/\/rafalk-elblag.pl\/?p=5749","title":{"rendered":"OG\u0141OSZENIA PARAFIALNE 4.05.2025 r. \u2013 III Niedziela Wielkanocna"},"content":{"rendered":"<p style=\"text-align: center;\"><strong><em>TYDZIE\u0143 BIBLIJNY W KO\u015aCIELE I NASZEJ PARAFII CZAS ZACZ\u0104\u0106<\/em><\/strong><\/p>\n<p><em>W niedziel\u0119 4 maja w ko\u015bcio\u0142ach ca\u0142ego kraju odb\u0119dzie si\u0119 IX Narodowe Czytanie Pisma \u015awi\u0119tego, kt\u00f3re nawi\u0105zuje do Chrztu Polski. Wydarzenie zainauguruje obchody XVII Tygodnia Biblijnego, kt\u00f3ry potrwa do 10 maja.<\/em><\/p>\n<p>Tegoroczne Narodowe Czytanie Pisma \u015awi\u0119tego i ca\u0142y <a href=\"https:\/\/ekai.pl\/search\/Tydzie%C5%84+Biblijny\/\">TYDZIE\u0143 BIBLIJNY<\/a> nawi\u0105zuje do has\u0142a &nbsp;Roku Jubileuszowego: PIELGRZYMI NADZIEI. Chcemy w duchu wiary inspirowanej S\u0142owem Bo\u017cym medytowa\u0107 nad tematem:<\/p>\n<p style=\"text-align: center;\"><strong>\u201eZMARTWYCHWSTA\u0141Y CHRYSTUS \u2013 NASZA NADZIEJA CHWA\u0141Y\u201d <\/strong><strong>por. Kol 1,27<\/strong><strong> &nbsp;<\/strong><\/p>\n<p>&nbsp;&nbsp;&nbsp;&nbsp;&nbsp;&nbsp;&nbsp;&nbsp;&nbsp;&nbsp;&nbsp; &nbsp;<\/p>\n<p style=\"font-weight: 400;\"><strong>Kr\u0105g Biblijny<\/strong> to grupa os\u00f3b czytaj\u0105cych Pismo \u015awi\u0119te. To miejsce, gdzie czyta si\u0119 i rozwa\u017ca S\u0142owa Boga. To poznawanie dziej\u00f3w historii jak przemawia\u0142 i jak dzia\u0142a\u0142 B\u00f3g.<\/p>\n<p style=\"font-weight: 400;\">Spotkania w <strong>Kr\u0119gu Biblijnym<\/strong> to czas, gdzie cz\u0142owiek zaczyna wi\u0119cej wierzy\u0107, zaczyna co\u015b robi\u0107 lepiej, to pocz\u0105tek, gdzie zaczyna robi\u0107 co\u015b, co jest pragnieniem Bo\u017cym. Celem spotka\u0144 <strong>Kr\u0119gu Biblijnego<\/strong> jest nie tylko poznanie Biblii, ale uczynienie z niej Ksi\u0119gi, kt\u00f3ra jest \u015bwiat\u0142em dla naszego \u017cycia.<\/p>\n<p style=\"font-weight: 400;\"><strong>Kr\u0105g Biblijny<\/strong> to spotkanie ze S\u0142owem Bo\u017cym, odnajdywanie jego Prawdy w naszym \u017cyciu, poznawanie Ewangelii i zg\u0142\u0119bianie jej przes\u0142ania. W <strong>Kr\u0119gu Biblijnym<\/strong> <em>\u201enauczysz si\u0119 rozpoznawa\u0107 Oblicze Boga w s\u0142owach Boga\u201d, to miejsce, gdzie \u201eczytaj\u0105cy ro\u015bnie na skutek czytania Pisma \u015awi\u0119tego\u201d.<\/em><\/p>\n<p style=\"font-weight: 400;\"><strong>Kr\u0105g Biblijny<\/strong> to tak\u017ce rozpalanie wsp\u00f3lnotowe \u201elampy oliwnej\u201d, kt\u00f3ra mo\u017ce i powinna coraz bardziej \u015bwieci\u0107 dzi\u0119ki \u201eoliwie\u201d przynoszonej przez ka\u017cdego cz\u0142owieka. Uczymy si\u0119 tu pewnej formy \u015bwiadectwa wobec innych. Czynne uczestnictwo w Kr\u0119gu Biblijnym otwiera cz\u0142owiekowi oczy, budzi u\u015bpione dot\u0105d pragnienia. <em>Nie musisz by\u0107 znawc\u0105 Pisma \u015awi\u0119tego, mo\u017cesz przyj\u015b\u0107 bez \u017cadnego przygotowania.<\/em><\/p>\n<p style=\"font-weight: 400;\"><strong>Przyjd\u017a i pos\u0142uchaj, co Jezus m\u00f3wi do Ciebie w Ewangelii i przez pozosta\u0142ych uczestnik\u00f3w kr\u0119gu. Kto wie, a mo\u017ce akurat taka forma spotka\u0144 przypadnie Ci do gustu\u2026 <\/strong><\/p>\n<p style=\"font-weight: 400;\"><strong>Spotkania naszej Wsp\u00f3lnoty Biblijnej odbywaj\u0105 si\u0119 w ka\u017cd\u0105 II i IV \u015brod\u0119 miesi\u0105ca o godzinie 19.00 w sali na plebanii.<\/strong><\/p>\n<p>&nbsp;<\/p>\n<p><a href=\"http:\/\/rafalk-elblag.pl\/wp-content\/uploads\/2021\/08\/ogloszenia-parafialne-baner-01a.jpg\"><img decoding=\"async\" class=\"aligncenter\" src=\"http:\/\/rafalk-elblag.pl\/wp-content\/uploads\/2021\/08\/ogloszenia-parafialne-baner-01a.jpg\" alt=\"Obrazek posiada pusty atrybut alt; plik o nazwie ogloszenia-parafialne-baner-01a.jpg\"><\/a><\/p>\n<h3 style=\"font-weight: 400; text-align: center;\"><strong>OG\u0141OSZENIA PARAFIALNE<\/strong><\/h3>\n<ol>\n<li>W dniu dzisiejszym zapraszamy na <strong>ADORACJ\u0118 NAJ\u015aWI\u0118TSZEGO SAKRAMENTU od godz. 16:00 do godz. 18:00.<\/strong><\/li>\n<li>Rozpoczynamy dzisiaj XVII Tydzie\u0144 Biblijny w Ko\u015bciele i naszej parafii pt. <strong>\u201e<em>ZMARTWYCHWSTA\u0141Y CHRYSTUS \u2013 NASZA NADZEJA CHWA\u0141Y\u201d<\/em>.<\/strong> W czasie Tygodnia Biblijnego b\u0119dziemy rozwa\u017ca\u0107 trzy ksi\u0119gi Nowego Testamentu: 1-2 List \u015bw. Paw\u0142a do Koryntian oraz Pierwszy List \u015bw. Piotra. B\u0119d\u0105 one odczytywane podczas nabo\u017ce\u0144stw majowych o godz. 17:30 w naszej parafii przez cz\u0142onk\u00f3w <strong>Wsp\u00f3lnoty Kr\u0119gu Biblijnego<\/strong>. <em>Serdecznie zapraszamy. <\/em><strong style=\"font-size: 16px;\">Gor\u0105co zach\u0119camy Parafian do cz\u0119stego si\u0119gania po Pismo \u015awi\u0119te i rozmi\u0142owania w czytaniu S\u0142owa Bo\u017cego.<\/strong><\/li>\n<\/ol>\n<ol start=\"3\">\n<li>W czwartek 8 maja obchodzimy <strong>UROCZYSTO\u015a\u0106 \u015aW. STANIS\u0141AWA, BISKUPA I M\u0118CZENNIKA, G\u0141\u00d3WNEGO PATRONA POLSKI. <\/strong><em style=\"font-size: 16px;\">Zapraszamy na Msze \u015bw. o godzinie 8.00 i 18.00.<\/em><\/li>\n<\/ol>\n<ol start=\"4\">\n<li>W pierwsze niedziele miesi\u0105ca zbierana taca przeznaczona jest na inwestycje w naszej parafii. <em>B\u00f3g zap\u0142a\u0107 za sk\u0142adane ofiary<strong>.<\/strong><\/em><\/li>\n<li><strong>Obecny miesi\u0105c jest szczeg\u00f3lnie po\u015bwi\u0119cony Matce Bo\u017cej poprzez odprawianie nabo\u017ce\u0144stw \u201eMAJOWYCH\u201d<\/strong><em>. Nasza Ojczyzna od wiek\u00f3w s\u0142yn\u0119\u0142a z oddawania czci Maryi w \u015bpiewie<\/em> Litanii Loreta\u0144skiej w ro\u017cnych miejscach np. w ko\u015bcio\u0142ach, kaplicach, przy figurkach, przydro\u017cnych krzy\u017cach i w naszych domach. Ten obraz modl\u0105cego si\u0119 Ludu Bo\u017cego wielu z nas ci\u0105gle nosi w sobie. <strong>Zapraszamy na nabo\u017ce\u0144stwa ku czci Naj\u015bwi\u0119tszej Maryi Panny: doros\u0142ych i m\u0142odzie\u017c codziennie o godz. 17:30, a dzieci we wtorki i czwartki o godz. 16:30<\/strong>.<\/li>\n<li><strong>Spotkania dla przygotowuj\u0105cych si\u0119 do Sakramentu Bierzmowania, m\u0142odzie\u017cy z roku II odbywa\u0107 si\u0119 b\u0119d\u0105 <\/strong>w ka\u017cdy poniedzia\u0142ek (od 5 maja br.) po Mszy \u015bw. o godz. 19:00. <em>Obecno\u015b\u0107 kandydat\u00f3w na powy\u017cszych spotkaniach jest obowi\u0105zkowa. <\/em><\/li>\n<li><strong>Trwa okres Wielkanocny &#8211; czas rado\u015bci ze Zmartwychwstania Pana Jezusa. <\/strong><em>Zach\u0119camy wiernych do skorzystania z \u0142aski sakramentu pojednania i do przyj\u0119cia KOMUNII \u015aW. WIELKANOCNEJ. <\/em><em style=\"font-size: 16px;\">Spowied\u017a \u015bw. w tygodniu od 7:45 oraz od godz. 17:30.<\/em><\/li>\n<\/ol>\n<ol start=\"8\">\n<li><strong>Zako\u0144czy\u0142 si\u0119 <\/strong>81 Tydzie\u0144 Mi\u0142osierdzia w Polsce czas szczeg\u00f3lnej refleksji nad nakazem Jezusa: <strong>\u201eB\u0105d\u017acie mi\u0142osierni, jak Ojciec wasz jest mi\u0142osierny\u201d<\/strong>( \u0141k 6,26) Dzi\u0119kujemy za przyniesione SKARBONKI Z JA\u0141MU\u017bN\u0104 WIELKOPOSTN\u0104 2025 &nbsp;w ramach og\u00f3lnopolskiej akcji. Na \u015bwi\u0119ta Wielkanocne zosta\u0142o wydanych 30 paczek. <em>Za wszystkie ofiary, kt\u00f3re s\u0105 pomoc\u0105 dla potrzebuj\u0105cych sk\u0142adamy \u201eB\u00f3g zap\u0142a\u0107\u201d. <\/em><strong style=\"font-size: 16px;\">INFORMUJEMY<\/strong><span style=\"font-size: 16px;\">: Parafialny Oddzia\u0142 Caritas znajduje si\u0119 na ul. Myliusa 1A i czynny jest&nbsp;w ka\u017cdy pierwszy i trzeci czwartek miesi\u0105ca od godz. 16:00 do godz. 17:00.<\/span><\/li>\n<\/ol>\n<ol start=\"9\">\n<li>Za tydzie\u0144 w IV Niedziel\u0119 Wielkanocn\u0105 nazywan\u0105 Niedziel\u0119 Dobrego Pasterza &nbsp;&nbsp;&nbsp;&nbsp;&nbsp;&nbsp;&nbsp;&nbsp;&nbsp;&nbsp;&nbsp;&nbsp;&nbsp;&nbsp;&nbsp;&nbsp;&nbsp;&nbsp;&nbsp;&nbsp;&#8211; rozpoczynamy <strong>62<\/strong> <strong>Tydzie\u0144 Modlitw o Powo\u0142ania<\/strong>. Has\u0142o tego tygodnia brzmi: \u201ePAN B\u00d3G NIE PORZUCA DZISIEJSZEJ M\u0141ODZIE\u017bY\u201d. Zapraszamy wszystkich do wsp\u00f3lnej modlitwy w intencji m\u0142odych ludzi, aby dobrze rozeznali swoje powo\u0142anie.<\/li>\n<li>Zach\u0119cam do nabywania nowego numeru \u201eGo\u015bcia Niedzielnego\u201d<strong> z dodatkiem<\/strong> <strong>\u201eGo\u015bcia Elbl\u0105skiego\u201d<\/strong> <strong>w cenie 10 z\u0142.<\/strong><\/li>\n<li>Wszystkim Jubilatom i Solenizantom tego tygodnia \u017cyczymy wszelkiego dobra w \u017cyciu, b\u0142ogos\u0142awie\u0144stwa Bo\u017cego i&nbsp; oddajemy pod opiek\u0119 Matki Bo\u017cej Szkaplerznej.<\/li>\n<li>Pan powo\u0142a\u0142 do wieczno\u015bci \u015bp.Teres\u0119 KOTLEWSK\u0104 lat 68 z ul. Myliusa<\/li>\n<\/ol>\n<p>&nbsp;<\/p>\n<p><img decoding=\"async\" class=\"aligncenter\" src=\"http:\/\/rafalk-elblag.pl\/wp-content\/uploads\/2020\/04\/baner-intencje-mszy.jpg\" alt=\"Obrazek posiada pusty atrybut alt; plik o nazwie baner-intencje-mszy.jpg\"><\/p>\n<table style=\"font-weight: 400;\" width=\"718\">\n<tbody>\n<tr>\n<td colspan=\"2\" width=\"718\">\n<p style=\"text-align: center;\"><strong>III NIEDZIELA&nbsp; WIELKANOCNA \/ 4 MAJA 2025 \/J 21, 1 -14<\/strong><\/p>\n<\/td>\n<\/tr>\n<tr>\n<td width=\"47\"><strong>&nbsp; 8.00<\/strong><\/td>\n<td width=\"671\">O do\u015bwiadczenie Bo\u017cej mi\u0142o\u015bci dla Karoliny i Oskara oraz dla Sebastiana i Natalii<\/td>\n<\/tr>\n<tr>\n<td width=\"47\"><strong>10.00<\/strong><\/td>\n<td width=\"671\">Dzi\u0119kczynno \u2013 b\u0142agalna z okazji 15 urodzin Marcina z pro\u015bb\u0105 o Bo\u017ce b\u0142ogos\u0142awie\u0144stwo i opiek\u0119 Matki Bo\u017cej<\/td>\n<\/tr>\n<tr>\n<td width=\"47\"><strong>12.00<\/strong><\/td>\n<td width=\"671\"><strong>ZA PARAFIAN<\/strong><\/td>\n<\/tr>\n<tr>\n<td width=\"47\"><strong>15.00<\/strong><\/td>\n<td width=\"671\">Dzi\u0119kczynna w 89 urodziny Moniki GO\u0141Y\u0143SKIEJ z pro\u015bb\u0105 o Bo\u017ce b\u0142ogos\u0142awie\u0144stwo i potrzebne \u0142aski dla Jubilatki<\/td>\n<\/tr>\n<tr>\n<td width=\"47\"><strong>18.00<\/strong><\/td>\n<td width=\"671\">\u015bp. Wojciech KANIGOWSKI&nbsp; 4greg.<\/td>\n<\/tr>\n<tr>\n<td colspan=\"2\" width=\"718\">\n<p style=\"text-align: center;\"><strong>PONIEDZIA\u0141EK WIELKANOCNY\/ 5 MAJA 2025 \/ J 6, 22 -29<\/strong><\/p>\n<\/td>\n<\/tr>\n<tr>\n<td width=\"47\"><strong>&nbsp; 8.00<\/strong><\/td>\n<td width=\"671\">\u015bp. Wojciech KANIGOWSKI 5greg.<\/td>\n<\/tr>\n<tr>\n<td width=\"47\"><strong>18.00<\/strong><\/td>\n<td width=\"671\">\u015bp. Irena SIWEK w 30 dzie\u0144 po pogrzebie<\/td>\n<\/tr>\n<tr>\n<td width=\"47\"><strong>18.00<\/strong><\/td>\n<td width=\"671\">\u015bp. Jadwiga w 31 rocz. \u015bmierci i \u015bp. Stanis\u0142aw BYZDRA oraz dziadkowie<\/td>\n<\/tr>\n<tr>\n<td colspan=\"2\" width=\"718\">\n<p style=\"text-align: center;\"><strong>WTOREK&nbsp; WIELKANOCNY&nbsp; \/ 6 MAJA 2025\/&nbsp; J 14, 6 \u2013 14<\/strong><\/p>\n<p style=\"text-align: center;\"><strong>\u015aWI\u0118TO \u015aWI\u0118TYCH APOSTO\u0141\u00d3W FILIPA I JAKUBA<\/strong><\/p>\n<\/td>\n<\/tr>\n<tr>\n<td width=\"47\"><strong>&nbsp; 8.00<\/strong><\/td>\n<td width=\"671\">\u015bp. Wojciech KANIGOWSKI 6greg.<\/td>\n<\/tr>\n<tr>\n<td width=\"47\"><strong>18.00<\/strong><\/td>\n<td width=\"671\">\u015bp. Henryk, Maria, Jan, JU\u015aKO<\/td>\n<\/tr>\n<tr>\n<td width=\"47\"><strong>18.00<\/strong><\/td>\n<td width=\"671\">\u015bp. J\u00f3zef(m) GRACZYK \u2013 od uczestnik\u00f3w pogrzebu<\/td>\n<\/tr>\n<tr>\n<td colspan=\"2\" width=\"718\">\n<p style=\"text-align: center;\"><strong>\u015aRODA&nbsp; WIELKANOCNY \/ 7 MAJA 2025 <\/strong>\/ J 6, 35 &#8211; 40<\/p>\n<\/td>\n<\/tr>\n<tr>\n<td width=\"47\"><strong>&nbsp; 8.00<\/strong><\/td>\n<td width=\"671\">\u015bp. Wojciech KANIGOWSKI 7greg.<\/td>\n<\/tr>\n<tr>\n<td width=\"47\"><strong>18.00<\/strong><\/td>\n<td width=\"671\">\u015bp. Cecylia PLIT \u2013 od uczestnik\u00f3w pogrzebu<\/td>\n<\/tr>\n<tr>\n<td width=\"47\"><strong>18.00<\/strong><\/td>\n<td width=\"671\">Dzi\u0119kczynna z okazji 8 urodzin Tobiasza za pro\u015bb\u0105 o Bo\u017ce b\u0142ogos\u0142awie\u0144stwo, dary Ducha \u015awi\u0119tego i opiek\u0119 Matki Bo\u017cej Szkaplerznej<\/td>\n<\/tr>\n<tr>\n<td colspan=\"2\" width=\"718\">\n<p style=\"text-align: center;\"><strong>CZWARTEK&nbsp;&nbsp; WIELKANOCNY \/ 8 MAJA 2025 \/ J 10, 11 \u2013 16<\/strong><\/p>\n<p style=\"text-align: center;\"><strong>UROCZYSTO\u015a\u0106 \u015aW. STANIS\u0141AWA, BISKUPA I M\u0118CZENNIKA, GL\u00d3WNEGO PATRONA POLSKI<\/strong><\/p>\n<\/td>\n<\/tr>\n<tr>\n<td width=\"47\"><strong>&nbsp; 8.00<\/strong><\/td>\n<td width=\"671\">\u015bp. Wojciech KANIGOWSKI 8greg.<\/td>\n<\/tr>\n<tr>\n<td width=\"47\"><strong>18.00<\/strong><\/td>\n<td width=\"671\">\u015bp. Stanis\u0142aw i Janina KUCHTA<\/td>\n<\/tr>\n<tr>\n<td colspan=\"2\" width=\"718\"><strong>PI\u0104TEK&nbsp; WIELKANOCNY \/ 9 MAJA 2025 \/ J 6, 52 -59<\/strong><\/td>\n<\/tr>\n<tr>\n<td width=\"47\"><strong>&nbsp; 8.00<\/strong><\/td>\n<td width=\"671\">\u015bp. Wojciech KANIGOWSKI&nbsp; 9greg.<\/td>\n<\/tr>\n<tr>\n<td width=\"47\"><strong>18.00<\/strong><\/td>\n<td width=\"671\">\u015bp. J\u00f3zef (m)S\u0141OMI\u0143SKI w 32 rocznic\u0119 \u015bmierci i zmar\u0142ych z rodziny<\/td>\n<\/tr>\n<tr>\n<td width=\"47\"><strong>18.00<\/strong><\/td>\n<td width=\"671\">\u015bp. El\u017cbieta i zmarli z rodziny WOZNIAKOWSKICH<\/td>\n<\/tr>\n<tr>\n<td colspan=\"2\" width=\"718\">\n<p style=\"text-align: center;\"><strong>SOBOTA WIELKANOCNA \/ 10 MAJA2025 \/ J 6, 55 &#8211; 69<\/strong><\/p>\n<\/td>\n<\/tr>\n<tr>\n<td width=\"47\"><strong>&nbsp; 8.00<\/strong><\/td>\n<td width=\"671\">\u015bp. Wojciech KANIGOWSKI 10greg.<\/td>\n<\/tr>\n<tr>\n<td width=\"47\"><strong>18.00<\/strong><\/td>\n<td width=\"671\">Za zmar\u0142ych z rodzin WILE\u0143SKICH i ZGLENICKICH<\/td>\n<\/tr>\n<tr>\n<td width=\"47\"><strong>18.00<\/strong><\/td>\n<td width=\"671\">\u015bp. Wanda KOWNACKA \u2013 od uczestnik\u00f3w pogrzebu<\/td>\n<\/tr>\n<tr>\n<td colspan=\"2\" width=\"718\">\n<p style=\"text-align: center;\"><strong>IV NIEDZIELA&nbsp; WIELKANOCNA \/&nbsp; 11 MAJA 2025 \/J 10, 27 &#8211; 30<\/strong><\/p>\n<\/td>\n<\/tr>\n<tr>\n<td width=\"47\"><strong>&nbsp;&nbsp;8.00<\/strong><\/td>\n<td width=\"671\">\u015bp. Stefania(k) BRZEZI\u0143SKA w 1 rocznic\u0119 \u015bmierci<\/td>\n<\/tr>\n<tr>\n<td width=\"47\"><strong>10.00<\/strong><\/td>\n<td width=\"671\">O uprzedzaj\u0105c\u0105 \u0142ask\u0119 wszelkich natchnie\u0144, si\u0142\u0119 i rozwag\u0119, by wprowadzane w \u017cycie zaowocowa\u0142y ca\u0142kowitym przylgni\u0119ciem do Pana Boga dla Nikodema i jego rodziny, Agnieszki i ca\u0142ej rodziny zakonnej oraz dla Magdaleny i jej rodziny<\/td>\n<\/tr>\n<tr>\n<td width=\"47\"><strong>12.00<\/strong><\/td>\n<td width=\"671\">Dzi\u0119kczynna za wsp\u00f3lne prze\u017cyte 50 lat Ireny i Tadeusza &nbsp;FRONTCZAK z pro\u015bb\u0105 &nbsp;&nbsp;&nbsp;&nbsp;&nbsp;&nbsp;&nbsp;&nbsp;&nbsp;&nbsp;&nbsp;&nbsp;&nbsp;&nbsp;o Bo\u017ce b\u0142ogos\u0142awie\u0144stwo, opiek\u0119 M.B. Szkaplerznej na dalsz\u0105 drog\u0119 Z\u0142otych JUBILAT\u00d3W<\/td>\n<\/tr>\n<tr>\n<td width=\"47\"><strong>15.00<\/strong><\/td>\n<td width=\"671\">\u015bp. Wojciech KANIGOWSKI 11greg.<\/td>\n<\/tr>\n<tr>\n<td width=\"47\"><strong>18.00<\/strong><\/td>\n<td width=\"671\">\u015bp. Robert ANDRZEJEWSKI w 3 rocznic\u0119 \u015bmierci i zmar\u0142ych z rodzin BADURK\u00d3W i PAWELCZYK\u00d3W<\/td>\n<\/tr>\n<\/tbody>\n<\/table>\n<p>&nbsp;<\/p>\n","protected":false},"excerpt":{"rendered":"<p>TYDZIE\u0143 BIBLIJNY W KO\u015aCIELE I NASZEJ PARAFII CZAS ZACZ\u0104\u0106 W niedziel\u0119 4 maja w ko\u015bcio\u0142ach ca\u0142ego kraju odb\u0119dzie si\u0119 IX Narodowe Czytanie Pisma \u015awi\u0119tego, kt\u00f3re nawi\u0105zuje do Chrztu Polski. Wydarzenie zainauguruje obchody XVII Tygodnia Biblijnego, kt\u00f3ry potrwa do 10 maja. Tegoroczne Narodowe Czytanie Pisma \u015awi\u0119tego i ca\u0142y TYDZIE\u0143 BIBLIJNY nawi\u0105zuje do has\u0142a &nbsp;Roku Jubileuszowego: PIELGRZYMI [&hellip;]<\/p>\n","protected":false},"author":1,"featured_media":5444,"comment_status":"closed","ping_status":"closed","sticky":false,"template":"","format":"standard","meta":{"ngg_post_thumbnail":0,"footnotes":""},"categories":[11,8,4,3],"tags":[],"class_list":["post-5749","post","type-post","status-publish","format-standard","has-post-thumbnail","hentry","category-aktualnosci","category-blog","category-intencje","category-ogloszenia"],"_links":{"self":[{"href":"https:\/\/rafalk-elblag.pl\/index.php?rest_route=\/wp\/v2\/posts\/5749","targetHints":{"allow":["GET"]}}],"collection":[{"href":"https:\/\/rafalk-elblag.pl\/index.php?rest_route=\/wp\/v2\/posts"}],"about":[{"href":"https:\/\/rafalk-elblag.pl\/index.php?rest_route=\/wp\/v2\/types\/post"}],"author":[{"embeddable":true,"href":"https:\/\/rafalk-elblag.pl\/index.php?rest_route=\/wp\/v2\/users\/1"}],"replies":[{"embeddable":true,"href":"https:\/\/rafalk-elblag.pl\/index.php?rest_route=%2Fwp%2Fv2%2Fcomments&post=5749"}],"version-history":[{"count":1,"href":"https:\/\/rafalk-elblag.pl\/index.php?rest_route=\/wp\/v2\/posts\/5749\/revisions"}],"predecessor-version":[{"id":5750,"href":"https:\/\/rafalk-elblag.pl\/index.php?rest_route=\/wp\/v2\/posts\/5749\/revisions\/5750"}],"wp:featuredmedia":[{"embeddable":true,"href":"https:\/\/rafalk-elblag.pl\/index.php?rest_route=\/wp\/v2\/media\/5444"}],"wp:attachment":[{"href":"https:\/\/rafalk-elblag.pl\/index.php?rest_route=%2Fwp%2Fv2%2Fmedia&parent=5749"}],"wp:term":[{"taxonomy":"category","embeddable":true,"href":"https:\/\/rafalk-elblag.pl\/index.php?rest_route=%2Fwp%2Fv2%2Fcategories&post=5749"},{"taxonomy":"post_tag","embeddable":true,"href":"https:\/\/rafalk-elblag.pl\/index.php?rest_route=%2Fwp%2Fv2%2Ftags&post=5749"}],"curies":[{"name":"wp","href":"https:\/\/api.w.org\/{rel}","templated":true}]}}