{"id":5746,"date":"2025-04-26T18:00:50","date_gmt":"2025-04-26T18:00:50","guid":{"rendered":"https:\/\/rafalk-elblag.pl\/?p=5746"},"modified":"2025-04-26T09:47:41","modified_gmt":"2025-04-26T09:47:41","slug":"ogloszenia-parafialne-21-04-2025-r-niedziela-milosierdzia-bozego","status":"publish","type":"post","link":"https:\/\/rafalk-elblag.pl\/?p=5746","title":{"rendered":"OG\u0141OSZENIA PARAFIALNE 21.04.2025 r. \u2013 Niedziela Mi\u0142osierdzia Bo\u017cego"},"content":{"rendered":"<p><strong>W II Niedziel\u0119 Wielkanocn\u0105 rozwa\u017camy prawd\u0119 o niesko\u0144czonym Mi\u0142osierdziu Bo\u017cym,<\/strong> kt\u00f3re jest wi\u0119ksze ni\u017c najwi\u0119ksze niegodziwo\u015bci i grzechy ludzkie. Chrystus przez swoj\u0105 m\u0119k\u0119, \u015bmier\u0107 krzy\u017cow\u0105 i zmartwychwstanie pokazuje, \u017ce mi\u0142o\u015b\u0107 bli\u017aniego nie mo\u017ce ogranicza\u0107 si\u0119 do granic doczesno\u015bci, lecz ma wydoskonali\u0107 si\u0119 w ogniu cierpienia i prowadzi\u0107 do ostatecznego zwyci\u0119stwa w zmartwychwstaniu.<\/p>\n<p><strong>Celem tego Tygodnia Mi\u0142osierdzia<\/strong> <strong>jest przede wszystkim formacja \u2013 budzenie wra\u017cliwo\u015bci na potrzeby bli\u017anich: <\/strong>chorych, samotnych, bezrobotnych, bezdomnych &nbsp;&nbsp;&nbsp;&nbsp;&nbsp;&nbsp;&nbsp;&nbsp;&nbsp;&nbsp;&nbsp;&nbsp;&nbsp;&nbsp;&nbsp;&nbsp;&nbsp;&nbsp;&nbsp;&nbsp;&nbsp;&nbsp;i prze\u015bladowanych. Obchody s\u0105 okazj\u0105 do g\u0142\u0119bszej refleksji na temat mi\u0142osierdzia czynionego na co dzie\u0144, s\u0142u\u017c\u0105 tak\u017ce prezentacji pracy, jak\u0105 r\u00f3\u017cne organizacje charytatywne &nbsp;&nbsp;&nbsp;&nbsp;&nbsp;&nbsp;&nbsp;&nbsp;&nbsp;&nbsp;&nbsp;&nbsp;&nbsp;&nbsp;&nbsp;&nbsp;&nbsp;&nbsp;&nbsp;&nbsp;&nbsp;&nbsp;wykonuj\u0105 na polu pomocy charytatywnej i s\u0105 zach\u0119t\u0105 do aktywnego w\u0142\u0105czania si\u0119 w dzie\u0142a mi\u0142osierdzia.<\/p>\n<p style=\"font-weight: 400;\">Cze\u015b\u0107 obrazu&nbsp; Jezusa&nbsp; Mi\u0142osiernego polega&nbsp; wi\u0119c na ufnej modlitwie po\u0142\u0105czonej z aktami mi\u0142osierdzia. Do tak rozumianego kultu obrazu Pan Jezus przywi\u0105za\u0142 wielkie obietnice. Ju\u017c przy pierwszym objawieniu obrazu zapewni\u0142,&nbsp;<strong><em>\u017ce dusza, kt\u00f3ra czci\u0107 b\u0119dzie ten obraz, nie zginie<\/em>&nbsp;(Dz. 48)<\/strong>, a wi\u0119c da\u0142 obietnic\u0119 wiecznego zbawienia.<\/p>\n<p style=\"font-weight: 400;\">Obieca\u0142 tak\u017ce du\u017ce post\u0119py na drodze chrze\u015bcija\u0144skiej doskona\u0142o\u015bci, \u0142ask\u0119 szcz\u0119\u015bliwej \u015bmierci oraz wszelkie inne \u0142aski i doczesne dobrodziejstwa, o kt\u00f3re z ufno\u015bci\u0105 mi\u0142osierni ludzie prosi\u0107 Go b\u0119d\u0105.&nbsp;<\/p>\n<p style=\"font-weight: 400;\"><strong><em>Podaj\u0119 ludziom naczynie<\/em><\/strong><strong>&nbsp;\u2013 powiedzia\u0142 do Siostry Faustyny \u2013&nbsp;<em>z kt\u00f3rym maj\u0105 przychodzi\u0107 po \u0142aski do \u017ar\u00f3d\u0142a mi\u0142osierdzia. Tym naczyniem jest ten obraz z podpisem: Jezu, ufam Tobie<\/em>&nbsp;(Dz. 327).&nbsp;<em>Przez obraz ten udziela\u0107 b\u0119d\u0119 wiele \u0142ask dla dusz, a przeto niech ma przyst\u0119p wszelka dusza do niego<\/em>&nbsp; (Dz. 570).<\/strong><\/p>\n<p style=\"font-weight: 400;\">Jeszcze za \u017cycia Siostra Faustyna otrzyma\u0142a&nbsp;zapewnienie od Pana Jezusa, \u017ce obraz ten poci\u0105gnie wiele dusz do Boga i przez niego mi\u0142osierdzie Bo\u017ce&nbsp; dzia\u0142a&nbsp; w&nbsp; duszach&nbsp;&nbsp;(por. Dz. 1379).<\/p>\n<p style=\"font-weight: 400;\">W&nbsp; kwietniu&nbsp; 1938&nbsp; roku&nbsp; zapisa\u0142a w \u201eDzienniczku\u201d:<\/p>\n<p style=\"font-weight: 400;\"><strong><em>Dzi\u015b ujrza\u0142am chwa\u0142\u0119 Bo\u017c\u0105, kt\u00f3ra p\u0142ynie z obrazu tego. Wiele dusz doznaje \u0142ask, cho\u0107 o nich g\u0142o\u015bno nie m\u00f3wi\u0105. Cho\u0107 r\u00f3\u017cne s\u0105 koleje jego, B\u00f3g otrzymuje chwa\u0142\u0119 przeze\u0144, i wysi\u0142ki szatana, i z\u0142ych ludzi rozbijaj\u0105 si\u0119 i obracaj\u0105 w nico\u015b\u0107. Mimo z\u0142o\u015bci szatana, mi\u0142osierdzie Bo\u017ce zatriumfuje nad ca\u0142ym \u015bwiatem i czczone b\u0119dzie przez wszystkie dusze <\/em><\/strong><strong>(Dz. 1789).<\/strong><\/p>\n<p>&nbsp;<\/p>\n<p><a href=\"http:\/\/rafalk-elblag.pl\/wp-content\/uploads\/2021\/08\/ogloszenia-parafialne-baner-01a.jpg\"><img decoding=\"async\" class=\"aligncenter\" src=\"http:\/\/rafalk-elblag.pl\/wp-content\/uploads\/2021\/08\/ogloszenia-parafialne-baner-01a.jpg\" alt=\"Obrazek posiada pusty atrybut alt; plik o nazwie ogloszenia-parafialne-baner-01a.jpg\"><\/a><\/p>\n<h5 style=\"font-weight: 400; text-align: center;\"><strong>OG\u0141OSZENIA PARAFIALNE&nbsp; 27.04.2025 r.<\/strong><\/h5>\n<ol>\n<li><strong>Dzisiaj w ca\u0142ym Ko\u015bciele obchodzimy Niedziel\u0119 Bo\u017cego Mi\u0142osierdzia. <\/strong><em><u>Uroczysta Msza \u015bw. z odnowieniem Aktu Zawierzenia Parafii Mi\u0142osierdziu Bo\u017cemu b\u0119dzie odprawiona o godz. 15:00. <\/u><\/em><strong style=\"font-size: 16px;\">UWAGA:<\/strong> <em style=\"font-size: 16px;\">M<\/em><em style=\"font-size: 16px;\">amy jeszcze mo\u017cliwo\u015b\u0107 nabycia obrazu Jezusa Mi\u0142osiernego w cenie 60 z\u0142., (wielko\u015b\u0107 20 x 45)&nbsp; kt\u00f3re zostan\u0105 po\u015bwi\u0119cone dzisiaj o godz. 15:00.&nbsp;<\/em><\/li>\n<\/ol>\n<ol start=\"2\">\n<li><strong>Skarbonki z Ja\u0142mu\u017cn\u0105 2025<\/strong> w ramach og\u00f3lnopolskiej akcji charytatywnej<em> zostawiamy dzisiaj pod o\u0142tarzem. B\u00f3g zap\u0142a\u0107 za podj\u0119ty trud i z\u0142o\u017con\u0105 ofiar\u0119.<\/em><\/li>\n<li>W Niedziel\u0119 Mi\u0142osierdzia rozpoczyna si\u0119 <strong> TYDZIE\u0143 MI\u0141OSIERDZIA<\/strong> \u2013 czas szczeg\u00f3lnej refleksji nad nakazem Jezusa: <strong>\u201e<em>B\u0105d\u017acie mi\u0142osierni, jak Ojciec wasz jest mi\u0142osierny<\/em>\u201d (\u0141k 6,36). <\/strong>Ofiary zbierane przed ko\u015bcio\u0142em przeznaczone s\u0105 na dzia\u0142alno\u015b\u0107 Caritas Diecezji Elbl\u0105skiej. Punkt Parafialnego Oddzia\u0142u Caritas mie\u015bci przy ul. Myliusa 1A i b\u0119dzie otwarty 8 maja(czwartek) od godz.16:00 do 17:00. Zapraszamy.<\/li>\n<li>W poniedzia\u0142ek 28 kwietnia br. obchodzi\u0107 b\u0119dziemy <strong>UROCZYSTO\u015a\u0106 \u015aW. WOJCIECHA, BISKUPA I M\u0118CZENNIKA, G\u0141\u00d3WNEGO PATRONA POLSKI I DIECEZJI ELBLASKIEJ<\/strong>. W parafii \u015bw. Wojciecha w Elbl\u0105gu Msze \u015bw. o godz. 7:00, 11.00 i 18.00 zako\u0144czone uca\u0142owaniem Relikwii.<\/li>\n<li><strong>Uwaga!!! 28 i 29 kwietnia na plebanii odb\u0119d\u0105 si\u0119 obowi\u0105zkowe spotkania dla rodzic\u00f3w dzieci przygotowuj\u0105cych si\u0119 do pierwszej Komunii \u015bw.: o godz. 19.00.<\/strong><\/li>\n<li><strong>W \u015brod\u0119 (30 kwietnia) spotkanie Kr\u0119gu Biblijnego o godz. 19.00 na plebanii.<\/strong><\/li>\n<li><strong>NAJPI\u0118KNIEJSZY MIESI\u0104C MAJ<\/strong> &#8211; zapraszamy na nabo\u017ce\u0144stwa ku czci Naj\u015bwi\u0119tszej Maryi Panny, tzw. <strong>\u201eMAJOWE\u201d: <\/strong>doros\u0142ych i m\u0142odzie\u017c codziennie o godz. 17:30, a dzieci we wtorki i w czwartki o godz. 16:30.<\/li>\n<li><strong>W czwartek 1 maja br<\/strong><strong>. dodatkowa Msza \u015bw. o godz. 11:00<\/strong>, gdzie b\u0119dziemy modli\u0107 si\u0119 za wszystkich ludzi pracy, bezrobotnych i poszukuj\u0105cych pracy. <em>Niech \u015bw. J\u00f3zef wyprasza nam wszystkim potrzebne \u0142aski. ZAPRASZAMY.<\/em><\/li>\n<li><strong>W sobot\u0119 (3.05.) przypada Uroczysto\u015b\u0107 Naj\u015bwi\u0119tszej Maryi Panny Kr\u00f3lowej Polski. <\/strong>W tym dniu zapraszamy na Msze \u015bw. o godz.: 8:00, 11:00 i 18:00. <em>B\u0119dziemy wsp\u00f3lnie dzi\u0119kowa\u0107 za wolno\u015b\u0107 naszej Ojczyzny i prosi\u0107 Boga o m\u0105dro\u015b\u0107 i odpowiedzialno\u015b\u0107 dla Narodu Polskiego.<\/em><\/li>\n<li>W tym tygodniu przypada pierwszy czwartek, pi\u0105tek i sobota miesi\u0105ca maja:<\/li>\n<\/ol>\n<ul>\n<li><strong>w pierwszy czwartek (1.05.)<\/strong> b\u0119dziemy modli\u0107 si\u0119 o \u015bwi\u0119to\u015b\u0107 dla kap\u0142an\u00f3w oraz o liczne i \u015bwi\u0119te powo\u0142ania kap\u0142a\u0144skie, zakonne i misyjne z naszej parafii. <strong>Zapraszamy na Msz\u0119 \u015bw. o godz. 18:00 a po na ,,Godzin\u0119 \u015awi\u0119t\u0105\u201d<\/strong>, czyli Adoracj\u0119 przed Naj\u015bwi\u0119tszym Sakramentem&nbsp; w powy\u017cszych intencjach.<\/li>\n<li><strong>w pierwszy pi\u0105tek miesi\u0105ca<\/strong> <strong>(2.05.)<\/strong> zapraszamy do spowiedzi dzieci, m\u0142odzie\u017c i doros\u0142ych w tygodniu od godz. 17:30. <strong>Msza \u015bw. dla wszystkich w pierwszy pi\u0105tek &#8211; 2 maja o godz. 18:00. <\/strong><\/li>\n<li><strong>w pierwsz\u0105 sobot\u0119 (3.05.)<\/strong> przed Msz\u0105 \u015bw. o godz. 17:00 zapraszamy na nabo\u017ce\u0144stwo wynagradzaj\u0105ce Niepokalanemu Sercu Maryi za zniewagi grzesznik\u00f3w. <em style=\"font-size: 16px;\">Tego dnia zmiana tajemnic dla \u017bywego R\u00f3\u017ca\u0144ca.<\/em><\/li>\n<\/ul>\n<ol start=\"11\">\n<li>W pierwszy pi\u0105tek miesi\u0105ca (2.05.) ks. Proboszcz i ks. Marcin z Panem Jezusem udadz\u0105 si\u0119 do chorych od godz. 9:30.<\/li>\n<li>Zach\u0119cam do nabywania nowego numeru \u201eGo\u015bcia Niedzielnego\u201d<strong> z dodatkiem<\/strong> <strong>\u201eGo\u015bcia Elbl\u0105skiego\u201d<\/strong> <strong>w cenie 10 z\u0142.<\/strong><\/li>\n<li>Pan powo\u0142a\u0142 do wieczno\u015bci: \u015bp. z ul. Edyt\u0119 SZYNWELSK\u0104 lat 81 z ul. \u0141okietka<\/li>\n<\/ol>\n<p>&nbsp;<\/p>\n<p><img decoding=\"async\" class=\"aligncenter\" src=\"http:\/\/rafalk-elblag.pl\/wp-content\/uploads\/2020\/04\/baner-intencje-mszy.jpg\" alt=\"Obrazek posiada pusty atrybut alt; plik o nazwie baner-intencje-mszy.jpg\"><\/p>\n<table style=\"font-weight: 400;\" width=\"716\">\n<tbody>\n<tr>\n<td colspan=\"2\" width=\"716\"><strong>&nbsp;&nbsp;&nbsp; <\/strong><strong>&nbsp;&nbsp;&nbsp;&nbsp;&nbsp;&nbsp;&nbsp; &nbsp;NIEDZIELA MI\u0141OSIERDZIA BO\u017bEGO &nbsp;\/ 27 kwietnia 2025&nbsp; \/ J 20, 19-31<\/strong><\/td>\n<\/tr>\n<tr>\n<td width=\"73\"><strong>8.00<\/strong><\/td>\n<td width=\"643\">\u015bp. J\u00f3zefa(k) TUBILEWICZ w 40 rocznic\u0119 \u015bmierci, \u015bp. J\u00f3zef (m) TUBILEWICZ w 29 rocznice \u015bmierci i zmar\u0142ych z rodziny<\/td>\n<\/tr>\n<tr>\n<td width=\"73\"><strong>10.00<\/strong><\/td>\n<td width=\"643\">Dzi\u0119kczynna w 18 rocznic\u0119 \u015blubu Eweliny i Adama z pro\u015bb\u0105 o Bo\u017ce b\u0142ogos\u0142awie\u0144stwo i opiek\u0119&nbsp; Matki Bo\u017cej dla ca\u0142ej rodziny<\/td>\n<\/tr>\n<tr>\n<td width=\"73\"><strong>12.00<\/strong><\/td>\n<td width=\"643\"><strong>Za parafian<\/strong><\/td>\n<\/tr>\n<tr>\n<td width=\"73\"><strong>15.00<\/strong><\/td>\n<td width=\"643\">O obfito\u015b\u0107 \u0142ask Bo\u017cych, nieustann\u0105 opiek\u0119 Matki Bo\u017cej Szkaplerznej dla ks. Wojciecha i ks. Marcina oraz dla cz\u0142onk\u00f3w Apostolatu Mi\u0142osierdzia Bo\u017cego i Parafialnego Oddzia\u0142u Caritas<\/td>\n<\/tr>\n<tr>\n<td width=\"73\"><strong>18.00<\/strong><\/td>\n<td width=\"643\">\u015bp. Feliksa(k) i Franciszek GUZIEROWICZ, \u015bp. Jadwiga, Zofia i Kazimierz<\/td>\n<\/tr>\n<tr>\n<td colspan=\"2\" width=\"716\"><strong>PONIEDZIA\u0141EK WIELKANOCNY\/ 28 kwietnia 2025 \/ J 3, 1 &#8211; 8<\/strong><\/td>\n<\/tr>\n<tr>\n<td width=\"73\"><strong>8.00<\/strong><\/td>\n<td width=\"643\">\u015bp. Ryszard SZNAZA w 30 dzie\u0144 po pogrzebie<\/td>\n<\/tr>\n<tr>\n<td width=\"73\"><strong>18.00<\/strong><\/td>\n<td width=\"643\">\u015bp. Zdzis\u0142awa(k) BRZOZOWSKA w 1 rocznic\u0119 \u015bmierci<\/td>\n<\/tr>\n<tr>\n<td width=\"73\"><strong>18.00<\/strong><\/td>\n<td width=\"643\">Z okazji imienin ks. Proboszcza Wojciecha z pro\u015bb\u0105 o Bo\u017ce b\u0142ogos\u0142., dary Ducha \u015awi\u0119tego, opiek\u0119 Matki Bo\u017cej Szkaplerznej oraz o zdrowie, potrzebne \u0142aski w pos\u0142udze kap\u0142a\u0144skiej \u2013 intencja od Wsp\u00f3lnoty \u201eKana Galilejska\u201d<\/td>\n<\/tr>\n<tr>\n<td colspan=\"2\" width=\"716\"><strong>WTOREK&nbsp; WIELKANOCNY&nbsp; \/ 29 kwietnia 2025\/ &nbsp;Mt 11, 25 -30<\/strong><\/td>\n<\/tr>\n<tr>\n<td width=\"73\"><strong>8.00<\/strong><\/td>\n<td width=\"643\">\u015bp. Adam MALISZEWSKI w 8 miesi\u0105c po \u015bmierci<\/td>\n<\/tr>\n<tr>\n<td width=\"73\"><strong>18.00<\/strong><\/td>\n<td width=\"643\">\u015bp. Stanis\u0142awa(k) MOCHOL &#8211; intencja z okazji imienin<\/td>\n<\/tr>\n<tr>\n<td colspan=\"2\" width=\"716\"><strong>&nbsp;\u015aRODA&nbsp; WIELKANOCNY \/ 30 kwietnia 2025 <\/strong>\/ J 3, 16 &#8211; 21<\/td>\n<\/tr>\n<tr>\n<td width=\"73\"><strong>8.00<\/strong><\/td>\n<td width=\"643\">Przez wstawiennictwo&nbsp; polskich patron\u00f3w o m\u0105dro\u015b\u0107 dla Polak\u00f3w, aby podj\u0119li odpowiedzialno\u015b\u0107 za Wybory Prezydenckie<\/td>\n<\/tr>\n<tr>\n<td width=\"73\"><strong>18.00<\/strong><\/td>\n<td width=\"643\">\u015bp. Stanis\u0142aw, Bronis\u0142awa(k), Wojciech, Edward, Stanis\u0142awa(k), Maria i zmar\u0142ych z rodziny WALA, \u015bp. Teresa PIGO\u0143 &nbsp;<\/td>\n<\/tr>\n<tr>\n<td colspan=\"2\" width=\"716\"><strong>&nbsp;CZWARTEK&nbsp;&nbsp; WIELKANOCNY \/ 1 MAJA 2025 \/ J 3, 31 &#8211; 36<\/strong><\/td>\n<\/tr>\n<tr>\n<td width=\"73\"><strong>8.00<\/strong><\/td>\n<td width=\"643\">Dzi\u0119kczynna w 21 rocznic\u0119 \u015blubu Urszuli i Henryka GIL z pro\u015bb\u0105 o Bo\u017ce b\u0142ogos\u0142awie\u0144stwo, potrzebne \u0142aski dla Jubilat\u00f3w<\/td>\n<\/tr>\n<tr>\n<td width=\"73\"><strong>8.00<\/strong><\/td>\n<td width=\"643\">\u015bp. Wojciech KANIGOWSKI&nbsp; 1greg.<\/td>\n<\/tr>\n<tr>\n<td width=\"73\"><strong>11.00<\/strong><\/td>\n<td width=\"643\">\u015bp. Michalina(k) WO\u0179NIAK&nbsp; w rocznice \u015bmierci<\/td>\n<\/tr>\n<tr>\n<td width=\"73\"><strong>18.00<\/strong><\/td>\n<td width=\"643\">O nowe powo\u0142ania kap\u0142a\u0144skie , zakonne i misyjne oraz za diakona Amadeusza BABIEL i przygotowuj\u0105cych w tym roku do \u015bwi\u0119ce\u0144 kap\u0142a\u0144skich<\/td>\n<\/tr>\n<tr>\n<td colspan=\"2\" width=\"716\"><strong>&nbsp;PI\u0104TEK&nbsp; WIELKANOCNY \/ 2 MAJA 2025 \/ J 6, 1 &#8211; 15<\/strong><\/td>\n<\/tr>\n<tr>\n<td width=\"73\"><strong>8.00<\/strong><\/td>\n<td width=\"643\">\u015bp. Wojciech KANIGOWSKI&nbsp; 2greg.<\/td>\n<\/tr>\n<tr>\n<td width=\"73\"><strong>18.00<\/strong><\/td>\n<td width=\"643\">\u015bp. Bazyli i Stefania(k)<\/td>\n<\/tr>\n<tr>\n<td colspan=\"2\" width=\"716\"><strong>&nbsp;SOBOTA WIELKANOCNA \/ 3 MAJA2025 \/ J 19, 25 &#8211; 27<\/strong><\/td>\n<\/tr>\n<tr>\n<td width=\"73\"><strong>8.00<\/strong><\/td>\n<td width=\"643\">\u015bp. Wojciech KANIGOWSKI 3greg.<\/td>\n<\/tr>\n<tr>\n<td width=\"73\"><strong>8.00<\/strong><\/td>\n<td width=\"643\">Za zmar\u0142ych rodzic\u00f3w Kazimiera(k) i Jan RYBICCY, \u015bp. Bogumi\u0142a(k), Jan, Benedykt oraz zmar\u0142ych z rodzin RYBICKICH, KU\u0141AKOWSKICH &nbsp;i MIKO\u0141AJEWSKICH<\/td>\n<\/tr>\n<tr>\n<td width=\"73\"><strong>11.00<\/strong><\/td>\n<td width=\"643\"><strong>ZA OJCZYZN\u0118<\/strong><\/td>\n<\/tr>\n<tr>\n<td width=\"73\"><strong>18.00<\/strong><\/td>\n<td width=\"643\">W intencji dzieci i m\u0142odzie\u017cy przygotowuj\u0105cych do Sakramentu Eucharystii i Bierzmowania, aby wyro\u015bli na dobrych i dojrza\u0142ych katolik\u00f3w i swoim \u017cyciem \u015bwiadczyli o Bogu \u2013 intencja od VI R\u00f3\u017cy \u015bw. Jana Paw\u0142a II<\/td>\n<\/tr>\n<tr>\n<td colspan=\"2\" width=\"716\"><strong>III NIEDZIELA &nbsp;WIELKANOCNA \/ 4 MAJA 2025 \/J 21, 1 -14<\/strong><\/td>\n<\/tr>\n<tr>\n<td width=\"73\"><strong>&nbsp;8.00<\/strong><\/td>\n<td width=\"643\">O do\u015bwiadczenie Bo\u017cej mi\u0142o\u015bci dla Karoliny i Oskara oraz dla Sebastiana i Natalii<\/td>\n<\/tr>\n<tr>\n<td width=\"73\"><strong>10.00<\/strong><\/td>\n<td width=\"643\">Dzi\u0119kczynno \u2013 b\u0142agalna z okazji 15 urodzin Marcina z pro\u015bb\u0105 o Bo\u017ce b\u0142ogos\u0142awie\u0144stwo i opiek\u0119 Matki Bo\u017cej<\/td>\n<\/tr>\n<tr>\n<td width=\"73\"><strong>12.00<\/strong><\/td>\n<td width=\"643\"><strong>ZA PARAFIAN<\/strong><\/td>\n<\/tr>\n<tr>\n<td width=\"73\"><strong>15.00<\/strong><\/td>\n<td width=\"643\">Dzi\u0119kczynna w 89 urodziny Moniki GO\u0141Y\u0143SKIEJ z pro\u015bb\u0105 o Bo\u017ce b\u0142ogos\u0142awie\u0144stwo i potrzebne \u0142aski dla Jubilatki<\/td>\n<\/tr>\n<tr>\n<td width=\"73\"><strong>18.00<\/strong><\/td>\n<td width=\"643\">\u015bp. Wojciech KANIGOWSKI&nbsp; 4 greg.<\/td>\n<\/tr>\n<\/tbody>\n<\/table>\n","protected":false},"excerpt":{"rendered":"<p>W II Niedziel\u0119 Wielkanocn\u0105 rozwa\u017camy prawd\u0119 o niesko\u0144czonym Mi\u0142osierdziu Bo\u017cym, kt\u00f3re jest wi\u0119ksze ni\u017c najwi\u0119ksze niegodziwo\u015bci i grzechy ludzkie. Chrystus przez swoj\u0105 m\u0119k\u0119, \u015bmier\u0107 krzy\u017cow\u0105 i zmartwychwstanie pokazuje, \u017ce mi\u0142o\u015b\u0107 bli\u017aniego nie mo\u017ce ogranicza\u0107 si\u0119 do granic doczesno\u015bci, lecz ma wydoskonali\u0107 si\u0119 w ogniu cierpienia i prowadzi\u0107 do ostatecznego zwyci\u0119stwa w zmartwychwstaniu. Celem tego Tygodnia [&hellip;]<\/p>\n","protected":false},"author":1,"featured_media":5438,"comment_status":"closed","ping_status":"closed","sticky":false,"template":"","format":"standard","meta":{"ngg_post_thumbnail":0,"footnotes":""},"categories":[11,8,4,3],"tags":[],"class_list":["post-5746","post","type-post","status-publish","format-standard","has-post-thumbnail","hentry","category-aktualnosci","category-blog","category-intencje","category-ogloszenia"],"_links":{"self":[{"href":"https:\/\/rafalk-elblag.pl\/index.php?rest_route=\/wp\/v2\/posts\/5746","targetHints":{"allow":["GET"]}}],"collection":[{"href":"https:\/\/rafalk-elblag.pl\/index.php?rest_route=\/wp\/v2\/posts"}],"about":[{"href":"https:\/\/rafalk-elblag.pl\/index.php?rest_route=\/wp\/v2\/types\/post"}],"author":[{"embeddable":true,"href":"https:\/\/rafalk-elblag.pl\/index.php?rest_route=\/wp\/v2\/users\/1"}],"replies":[{"embeddable":true,"href":"https:\/\/rafalk-elblag.pl\/index.php?rest_route=%2Fwp%2Fv2%2Fcomments&post=5746"}],"version-history":[{"count":1,"href":"https:\/\/rafalk-elblag.pl\/index.php?rest_route=\/wp\/v2\/posts\/5746\/revisions"}],"predecessor-version":[{"id":5747,"href":"https:\/\/rafalk-elblag.pl\/index.php?rest_route=\/wp\/v2\/posts\/5746\/revisions\/5747"}],"wp:featuredmedia":[{"embeddable":true,"href":"https:\/\/rafalk-elblag.pl\/index.php?rest_route=\/wp\/v2\/media\/5438"}],"wp:attachment":[{"href":"https:\/\/rafalk-elblag.pl\/index.php?rest_route=%2Fwp%2Fv2%2Fmedia&parent=5746"}],"wp:term":[{"taxonomy":"category","embeddable":true,"href":"https:\/\/rafalk-elblag.pl\/index.php?rest_route=%2Fwp%2Fv2%2Fcategories&post=5746"},{"taxonomy":"post_tag","embeddable":true,"href":"https:\/\/rafalk-elblag.pl\/index.php?rest_route=%2Fwp%2Fv2%2Ftags&post=5746"}],"curies":[{"name":"wp","href":"https:\/\/api.w.org\/{rel}","templated":true}]}}