{"id":5743,"date":"2025-04-19T13:53:02","date_gmt":"2025-04-19T13:53:02","guid":{"rendered":"https:\/\/rafalk-elblag.pl\/?p=5743"},"modified":"2025-04-19T13:53:02","modified_gmt":"2025-04-19T13:53:02","slug":"ogloszenia-parafialne-20-04-2025-r-niedziela-wielkanocna","status":"publish","type":"post","link":"https:\/\/rafalk-elblag.pl\/?p=5743","title":{"rendered":"OG\u0141OSZENIA PARAFIALNE 20.04.2025 r. \u2013 Niedziela Wielkanocna"},"content":{"rendered":"<p style=\"text-align: center;\"><em><strong>On swoj\u0105 \u015bmierci\u0105 wybawi\u0142 nas od \u015bmierci,<br \/>\n<\/strong><strong>a Jego zmartwychwstanie jest zadatkiem naszego zmartwychwstania. Dlatego pe\u0142ni\u0105 \u0142ask paschalnych raduj\u0105 si\u0119 wszystkie ludy na ca\u0142ej ziemi\u201d.<\/strong><\/em><\/p>\n<p>Z okazji \u015awi\u0105t Paschalnych \u017cyczymy aby Pan, kt\u00f3ry powsta\u0142 z martwych by\u0142 dla Was jedynym przewodnikiem w drodze ku \u015bwi\u0119to\u015bci, niech odnawia Waszego ducha i budzi do dzie\u0142, kt\u00f3re sam przygotowa\u0142.&nbsp; Niech umiera w Was cz\u0142owiek stary, a rodzi si\u0119 nowy przepe\u0142niony Bo\u017c\u0105 mi\u0142o\u015bci\u0105 &nbsp;&nbsp;&nbsp;&nbsp;&nbsp;&nbsp;&nbsp;&nbsp;&nbsp;&nbsp;&nbsp;&nbsp;&nbsp;&nbsp;&nbsp;&nbsp;&nbsp;i rado\u015bci\u0105. Niech Jego blask odbija si\u0119 w Was samych, aby\u015bcie mogli to \u015bwiat\u0142o przekazywa\u0107 potrzebuj\u0105cym.<\/p>\n<p style=\"text-align: right;\">Ks. Kan. Wojciech Zwolicki, Ks. Marcin Rusiecki<\/p>\n<p>&nbsp;<\/p>\n<p><a href=\"http:\/\/rafalk-elblag.pl\/wp-content\/uploads\/2021\/08\/ogloszenia-parafialne-baner-01a.jpg\"><img decoding=\"async\" class=\"aligncenter\" src=\"http:\/\/rafalk-elblag.pl\/wp-content\/uploads\/2021\/08\/ogloszenia-parafialne-baner-01a.jpg\" alt=\"Obrazek posiada pusty atrybut alt; plik o nazwie ogloszenia-parafialne-baner-01a.jpg\"><\/a><\/p>\n<h5 style=\"font-weight: 400; text-align: center;\"><strong>OG\u0141OSZENIA PARAFIALNE&nbsp; 20.04.2025 r.<\/strong><\/h5>\n<h5 style=\"font-weight: 400; text-align: center;\"><strong>&nbsp;NIEDZIELA WIELKANOCNA <\/strong><\/h5>\n<ol>\n<li>Jutro Poniedzia\u0142ek Wielkanocny, II dzie\u0144 \u015awi\u0105t. Porz\u0105dek Mszy \u015bw. jak<br \/>\nw niedziel\u0119. <strong>UWAGA! NIE MA MSZY O GODZ. 15:00<\/strong>. Taca przeznaczona na Katolicki Uniwersytet Lubelski im. \u015bw. Jana Paw\u0142a II. <em>B\u00f3g zap\u0142a\u0107 za z\u0142o\u017cone ofiary.<\/em><\/li>\n<li><strong>OD WIELKIEGO PI\u0104TKU trwamy na<\/strong> <strong>NOWENNIE, kt\u00f3ra przygotowuje nas do Niedzieli Mi\u0142osierdzia Bo\u017cego, kt\u00f3r\u0105 odmawiamy po Mszy \u015bw. wieczorowej.<\/strong><em> Parafian zach\u0119cam do wsp\u00f3lnej modlitwy w ko\u015bciele lub rodzinnej w swoich domach, \u0142\u0105cz\u0105c si\u0119 duchowo z parafi\u0105. Pro\u015bmy Mi\u0142osiernego Boga o pok\u00f3j na \u015bwiecie.<\/em><\/li>\n<li>Za tydzie\u0144 w <strong>NIEDZIEL\u0118 BO\u017bEGO MI\u0141OSIERDZIA <\/strong><strong>przynosimy do ko\u015bcio\u0142a Skarbonki z Ja\u0142mu\u017cn\u0105 2025<\/strong> w ramach og\u00f3lnopolskiej akcji <em>Skarbonki zostawiamy pod o\u0142tarzem. B\u00f3g zap\u0142a\u0107 za podj\u0119ty trud i z\u0142o\u017con\u0105 ofiar\u0119.<\/em><\/li>\n<li><strong>W przysz\u0142\u0105 Niedziel\u0119 w ca\u0142ym Ko\u015bciele obchodzi\u0107 b\u0119dziemy Niedziel\u0119 Bo\u017cego Mi\u0142osierdzia. <\/strong><em><u>Uroczysta Msza \u015bw. z odnowieniem Aktu Zawierzenia Parafii Mi\u0142osierdziu Bo\u017cemu odb\u0119dzie si\u0119 o godz. 15:00. <\/u><\/em><strong style=\"font-size: 16px;\">UWAGA:<\/strong> <em style=\"font-size: 16px;\">M<\/em><em style=\"font-size: 16px;\">amy mo\u017cliwo\u015b\u0107 zam\u00f3wienia obrazu Jezusa Mi\u0142osiernego w cenie 60 z\u0142., (wielko\u015b\u0107 20 x 45)&nbsp; kt\u00f3re zostan\u0105 po\u015bwi\u0119cone w Niedziel\u0119 Bo\u017cego Mi\u0142osierdzia o godz. 15:00.&nbsp; Zapisy w zakrystii. Zapraszamy.<\/em><\/li>\n<\/ol>\n<ol start=\"5\">\n<li><strong>Dzi\u0119kuj\u0119:<\/strong> Wsp\u00f3lnocie Odnowy w Duchu \u015awi\u0119tym i ks. Marcinowi za przygotowaniu Ciemnicy a pa\u0144stwu Bo\u017cenie i Henrykowi KULIG &nbsp;&nbsp;&nbsp;&nbsp;&nbsp;&nbsp;&nbsp;&nbsp;&nbsp;&nbsp;&nbsp;&nbsp;&nbsp;&nbsp;&nbsp;&nbsp;&nbsp;&nbsp;&nbsp;&nbsp;&nbsp;&nbsp;&nbsp;&nbsp;&nbsp;&nbsp;&nbsp;&nbsp;&nbsp;&nbsp;za przygotowanie Grobu Pa\u0144skiego, dekoracji naszej \u015bwi\u0105tyni oraz wszystkim osobom kt\u00f3re pomaga\u0142y, pani Ma\u0142gorzacie \u2013 zakrystiance, S\u0142u\u017cbie Liturgicznej O\u0142tarza &nbsp;&nbsp;&nbsp;&nbsp;&nbsp;&nbsp;&nbsp;&nbsp;&nbsp;&nbsp;&nbsp;&nbsp;&nbsp;&nbsp;&nbsp;&nbsp;&nbsp;&nbsp;&nbsp;a szczeg\u00f3lne za zaanga\u017cowanie \u2013 ceremoniarzom: Szymonowi, Piotrowi i Karolowi, panu Piotrowi \u2013 Organi\u015bcie i Ch\u00f3rowi za pos\u0142ug\u0119 muzyczn\u0105 w czasie Triduum Paschalnego.<\/li>\n<li><strong>Parafia \u015bw. Wojciecha organizuje w dniu 26 kwietnia (sobota) pielgrzymk\u0119 piesz\u0105 do \u015awi\u0119tego Gaju,<\/strong> miejsca m\u0119cze\u0144stwa \u015bw. Wojciecha, g\u0142\u00f3wnego patrona naszej diecezji. Wyj\u015bcie z Katedry o godz. 6:00. <strong>Uroczysta Msza \u015bw. w \u015awi\u0119tym Gaju o godz. 14:00.<\/strong> Powr\u00f3t autokarem po uroczysto\u015bciach. Koszt 25 z\u0142. <em><u>Wi\u0119cej informacji na plakacie i stronie internetowej parafii.<\/u><\/em> Zapisy trwaj\u0105 w parafii \u015bw. Wojciecha &nbsp;&nbsp;&nbsp;&nbsp;&nbsp;&nbsp;&nbsp;&nbsp;&nbsp;&nbsp;&nbsp;&nbsp;&nbsp;&nbsp;&nbsp;i &nbsp;u ks. Micha\u0142a&nbsp; 500&nbsp;745&nbsp;791.<\/li>\n<li>W poniedzia\u0142ek 28 kwietnia br. obchodzi\u0107 b\u0119dziemy <strong>UROCZYSTO\u015a\u0106 \u015aW. WOJCIECHA, BISKUPA I M\u0118CZENNIKA, G\u0141\u00d3WNEGO PATRONA POLSKI I DIECEZJI ELBLASKIEJ<\/strong>. W parafii \u015bw. Wojciecha w Elbl\u0105gu Msze \u015bw. o godz. 7:00, 11.00 i 18.00 zako\u0144czone uca\u0142owaniem Relikwii.<\/li>\n<li>Zach\u0119cam do nabywania nowego numeru \u201eGo\u015bcia Niedzielnego\u201d<strong> z dodatkiem<\/strong> <strong>\u201eGo\u015bcia Elbl\u0105skiego\u201d<\/strong> <strong>w cenie 10 z\u0142.<\/strong><\/li>\n<li><strong>\u017byczymy wszystkim Parafianom i Go\u015bciom radosnego Alleluja &#8211; pe\u0142nego nadziei &nbsp;&nbsp;&nbsp;&nbsp;i wiary w moc Zmartwychwsta\u0142ego Pana, kt\u00f3ry zwyci\u0119\u017cy\u0142 \u015bmier\u0107 i pokona wszystko co jest smutkiem, niepewno\u015bci\u0105 i chorob\u0105. Szcz\u0119\u015b\u0107 Bo\u017ce<\/strong>.<\/li>\n<li>Pan powo\u0142a\u0142 do wieczno\u015bci: \u015bp. Zofi\u0119 Tomczak lat 84 z ul. Broniewskiego<\/li>\n<\/ol>\n<p>&nbsp;<\/p>\n<p><img decoding=\"async\" class=\"aligncenter\" src=\"http:\/\/rafalk-elblag.pl\/wp-content\/uploads\/2020\/04\/baner-intencje-mszy.jpg\" alt=\"Obrazek posiada pusty atrybut alt; plik o nazwie baner-intencje-mszy.jpg\"><\/p>\n<table style=\"font-weight: 400;\" width=\"716\">\n<tbody>\n<tr>\n<td colspan=\"2\" width=\"716\"><strong>&nbsp;&nbsp;&nbsp; <\/strong><strong>&nbsp;&nbsp;&nbsp;&nbsp;&nbsp;&nbsp;&nbsp;&nbsp;&nbsp;&nbsp;&nbsp;&nbsp;&nbsp;&nbsp;&nbsp;&nbsp;&nbsp;&nbsp;&nbsp;&nbsp;&nbsp;&nbsp;&nbsp;&nbsp;&nbsp;&nbsp;&nbsp;&nbsp; &nbsp;WIELKANOC \/ 20 kwietnia 2025&nbsp; \/ J 20, 1-9<\/strong><\/td>\n<\/tr>\n<tr>\n<td width=\"73\"><strong>6.00<\/strong><\/td>\n<td width=\"643\"><strong>Za parafian<\/strong><\/td>\n<\/tr>\n<tr>\n<td width=\"73\"><strong>10.00<\/strong><\/td>\n<td width=\"643\">\u015bp. Stanis\u0142aw(m) JASI\u0143SKI i zmar\u0142ych z rodziny<\/td>\n<\/tr>\n<tr>\n<td width=\"73\"><strong>10.00<\/strong><\/td>\n<td width=\"643\">\u015bp. Stanis\u0142aw(m) KO\u015aCIELSKI w 4 rocznic\u0119 \u015bmierci<\/td>\n<\/tr>\n<tr>\n<td width=\"73\"><strong>12.00<\/strong><\/td>\n<td width=\"643\">\u015bp. Monika i Wiktor JANKOWSCY i zmar\u0142ych z rodziny KAMI\u0143SKICH<\/td>\n<\/tr>\n<tr>\n<td width=\"73\"><strong>18.00<\/strong><\/td>\n<td width=\"643\">\u015bp. Ma\u0142gorzata KRZEMI\u0143SKA w 1 rocznice \u015bmierci<\/td>\n<\/tr>\n<tr>\n<td colspan=\"2\" width=\"716\"><strong>PONIEDZIA\u0141EK WIELKANOCNY\/ 21 kwietnia 2025 \/ Mt 28, 8-15<\/strong><\/td>\n<\/tr>\n<tr>\n<td width=\"73\"><strong>8.00<\/strong><\/td>\n<td width=\"643\">\u015bp. Anna ZAMBRZYCKA w 5 rocznic\u0119 \u015bmierci, \u015bp. Jan ZAMBRZYCKI, \u015bp. Danuta PODOLSKA<\/td>\n<\/tr>\n<tr>\n<td width=\"73\"><strong>10.00<\/strong><\/td>\n<td width=\"643\">\u015bp. Sylwester ZAK\u0118S<\/td>\n<\/tr>\n<tr>\n<td width=\"73\"><strong>10.00<\/strong><\/td>\n<td width=\"643\">\u015bp. Wanda LUBIEJEWSKA w 3 rocznic\u0119 \u015bmierci<\/td>\n<\/tr>\n<tr>\n<td width=\"73\"><strong>12.00<\/strong><\/td>\n<td width=\"643\">\u015bp. Zenon MAGO\u0143 w 30 dzie\u0144 po pogrzebie<\/td>\n<\/tr>\n<tr>\n<td width=\"73\"><strong>18.00<\/strong><\/td>\n<td width=\"643\">Dzi\u0119kczynna za dar powo\u0142ania ks. Wojciecha z pro\u015bb\u0105, aby Duch \u015awi\u0119ty o\u015bwieca\u0142 Mu drog\u0119 do \u015bwi\u0119to\u015bci i nape\u0142nia\u0142 Go ogniem swojej mi\u0142o\u015bci<\/td>\n<\/tr>\n<tr>\n<td colspan=\"2\" width=\"716\"><strong>WTOREK W OKTAWIE WIELKANOCY&nbsp; \/ 22 kwietnia 2025\/ J 20, 11-18<\/strong><\/td>\n<\/tr>\n<tr>\n<td width=\"73\"><strong>8.00<\/strong><\/td>\n<td width=\"643\">Dzi\u0119kczynna za dar powo\u0142ania ks. Piotra BRYKA z pro\u015bb\u0105, aby Duch \u015awi\u0119ty o\u015bwieca\u0142 Mu drog\u0119 do \u015bwi\u0119to\u015bci i nape\u0142nia\u0142 Go ogniem swojej mi\u0142o\u015bci<\/td>\n<\/tr>\n<tr>\n<td width=\"73\"><strong>18.00<\/strong><\/td>\n<td width=\"643\">\u015bp. Miros\u0142aw ZALEWSKI w 1 rocznic\u0119 \u015bmierci, \u015bp. Stanis\u0142awa(k) ZALEWSKA w 2 rocznic\u0119 \u015bmierci<\/td>\n<\/tr>\n<tr>\n<td colspan=\"2\" width=\"716\"><strong>&nbsp;\u015aRODA W OKTAWIE &nbsp;WIELKANOCY \/ 23 kwietnia 2025 <\/strong>\/ \u0141k 24, 13-35<\/td>\n<\/tr>\n<tr>\n<td width=\"73\"><strong>8.00<\/strong><\/td>\n<td width=\"643\">Dzi\u0119kczynna za dar powo\u0142ania ks. Marcina RUSIECKIEGO z pro\u015bb\u0105, aby Duch \u015awi\u0119ty o\u015bwieca\u0142 Mu drog\u0119 do \u015bwi\u0119to\u015bci i nape\u0142nia\u0142 Go ogniem swojej mi\u0142o\u015bci<\/td>\n<\/tr>\n<tr>\n<td width=\"73\"><strong>18.00<\/strong><\/td>\n<td width=\"643\">\u015bp. Anatol (m) USIK w 5 rocznice \u015bmierci<\/td>\n<\/tr>\n<tr>\n<td colspan=\"2\" width=\"716\"><strong>&nbsp;CZWARTEK &nbsp;W OKTAWIE WIELKANOCY \/ 24 kwietnia 2025 \/ \u0141k 24, 35-48<\/strong><\/td>\n<\/tr>\n<tr>\n<td width=\"73\"><strong>8.00<\/strong><\/td>\n<td width=\"643\">Dzi\u0119kczynna za dar powo\u0142ania ks. Krzysztofa LEWANDOWSKIEGO z pro\u015bb\u0105, aby Duch \u015awi\u0119ty o\u015bwieca\u0142 Mu drog\u0119 do \u015bwi\u0119to\u015bci i nape\u0142nia\u0142 Go ogniem swojej mi\u0142o\u015bci<\/td>\n<\/tr>\n<tr>\n<td width=\"73\"><strong>18.00<\/strong><\/td>\n<td width=\"643\">\u015bp. Irena i W\u0142adys\u0142aw oraz zmar\u0142ych z obojga stron i te\u015bci\u00f3w<\/td>\n<\/tr>\n<tr>\n<td width=\"73\"><strong>18.00<\/strong><\/td>\n<td width=\"643\">\u015bp. Zenon MAGO\u0143 \u2013 intencja z okazji ziemskich urodzin<\/td>\n<\/tr>\n<tr>\n<td colspan=\"2\" width=\"716\"><strong>&nbsp;PI\u0104TEK W OKTAWIE WIELKANOCY \/ 25 kwietnia 2025 \/ Mk 16, 9-15<\/strong><\/td>\n<\/tr>\n<tr>\n<td width=\"73\"><strong>8.00<\/strong><\/td>\n<td width=\"643\">Dzi\u0119kczynna za dar powo\u0142ania ks. \u0141ukasza BOCIEK z pro\u015bb\u0105, aby Duch \u015awi\u0119ty o\u015bwieca\u0142 Mu drog\u0119 do \u015bwi\u0119to\u015bci i nape\u0142nia\u0142 Go ogniem swojej mi\u0142o\u015bci<\/td>\n<\/tr>\n<tr>\n<td width=\"73\"><strong>18.00<\/strong><\/td>\n<td width=\"643\">\u015bp. Ryszard w 12 rocznic\u0119 \u015bmierci, Krzysztof, Miros\u0142aw, Zofia, Kazimierz ZABOROWSCY, \u015bp. Helena i Wiktor STANKIEWICZ, \u015bp. Wiktor HERNATKIEWICZ<\/td>\n<\/tr>\n<tr>\n<td colspan=\"2\" width=\"716\"><strong>&nbsp;SOBOTA W OKTAWIE WIELKANOCY \/ 26 kwietnia 2025 \/ J 20, 19-31<\/strong><\/td>\n<\/tr>\n<tr>\n<td width=\"73\"><strong>8.00<\/strong><\/td>\n<td width=\"643\">\u015bp. J\u00f3zef CZESZEJKO &#8211; SOCHACKI<\/td>\n<\/tr>\n<tr>\n<td width=\"73\"><strong>18.00<\/strong><\/td>\n<td width=\"643\">\u015bp. Danuta KONDRACKA w 1 rocznic\u0119 \u015bmierci<\/td>\n<\/tr>\n<tr>\n<td colspan=\"2\" width=\"716\"><strong>NIEDZIELA MI\u0141OSIERDZIA BO\u017bEGO <\/strong><\/td>\n<\/tr>\n<tr>\n<td width=\"73\"><strong>&nbsp;8.00<\/strong><\/td>\n<td width=\"643\">\u015bp. J\u00f3zefa(k) TUBILEWICZ w 40 rocznic\u0119 \u015bmierci, \u015bp. J\u00f3zef (m) TUBILEWICZ &nbsp;w 29 rocznice \u015bmierci i zmar\u0142ych z rodziny<\/td>\n<\/tr>\n<tr>\n<td width=\"73\"><strong>10.00<\/strong><\/td>\n<td width=\"643\">Dzi\u0119kczynna w 18 rocznic\u0119 \u015blubu Eweliny i Adama z pro\u015bb\u0105 o Bo\u017ce b\u0142ogos\u0142awie\u0144stwo i opiek\u0119 &nbsp;Matki Bo\u017cej dla ca\u0142ej rodziny<\/td>\n<\/tr>\n<tr>\n<td width=\"73\"><strong>12.00<\/strong><\/td>\n<td width=\"643\"><strong>Za parafian<\/strong><\/td>\n<\/tr>\n<tr>\n<td width=\"73\"><strong>15.00<\/strong><\/td>\n<td width=\"643\">O obfito\u015b\u0107 \u0142ask Bo\u017cych, nieustann\u0105 opiek\u0119 Matki Bo\u017cej Szkaplerznej dla ks. Wojciecha i ks. Marcina oraz dla cz\u0142onk\u00f3w Apostolatu Mi\u0142osierdzia Bo\u017cego i Parafialnego Oddzia\u0142u Caritas<\/td>\n<\/tr>\n<tr>\n<td width=\"73\"><strong>18.00<\/strong><\/td>\n<td width=\"643\">\u015bp. Feliksa(k) i Franciszek GUZIEROWICZ, \u015bp. Jadwiga, Zofia i Kazimierz<\/td>\n<\/tr>\n<\/tbody>\n<\/table>\n","protected":false},"excerpt":{"rendered":"<p>On swoj\u0105 \u015bmierci\u0105 wybawi\u0142 nas od \u015bmierci, a Jego zmartwychwstanie jest zadatkiem naszego zmartwychwstania. Dlatego pe\u0142ni\u0105 \u0142ask paschalnych raduj\u0105 si\u0119 wszystkie ludy na ca\u0142ej ziemi\u201d. Z okazji \u015awi\u0105t Paschalnych \u017cyczymy aby Pan, kt\u00f3ry powsta\u0142 z martwych by\u0142 dla Was jedynym przewodnikiem w drodze ku \u015bwi\u0119to\u015bci, niech odnawia Waszego ducha i budzi do dzie\u0142, kt\u00f3re sam [&hellip;]<\/p>\n","protected":false},"author":1,"featured_media":5431,"comment_status":"closed","ping_status":"closed","sticky":false,"template":"","format":"standard","meta":{"ngg_post_thumbnail":0,"footnotes":""},"categories":[11,8,4,3],"tags":[],"class_list":["post-5743","post","type-post","status-publish","format-standard","has-post-thumbnail","hentry","category-aktualnosci","category-blog","category-intencje","category-ogloszenia"],"_links":{"self":[{"href":"https:\/\/rafalk-elblag.pl\/index.php?rest_route=\/wp\/v2\/posts\/5743","targetHints":{"allow":["GET"]}}],"collection":[{"href":"https:\/\/rafalk-elblag.pl\/index.php?rest_route=\/wp\/v2\/posts"}],"about":[{"href":"https:\/\/rafalk-elblag.pl\/index.php?rest_route=\/wp\/v2\/types\/post"}],"author":[{"embeddable":true,"href":"https:\/\/rafalk-elblag.pl\/index.php?rest_route=\/wp\/v2\/users\/1"}],"replies":[{"embeddable":true,"href":"https:\/\/rafalk-elblag.pl\/index.php?rest_route=%2Fwp%2Fv2%2Fcomments&post=5743"}],"version-history":[{"count":1,"href":"https:\/\/rafalk-elblag.pl\/index.php?rest_route=\/wp\/v2\/posts\/5743\/revisions"}],"predecessor-version":[{"id":5744,"href":"https:\/\/rafalk-elblag.pl\/index.php?rest_route=\/wp\/v2\/posts\/5743\/revisions\/5744"}],"wp:featuredmedia":[{"embeddable":true,"href":"https:\/\/rafalk-elblag.pl\/index.php?rest_route=\/wp\/v2\/media\/5431"}],"wp:attachment":[{"href":"https:\/\/rafalk-elblag.pl\/index.php?rest_route=%2Fwp%2Fv2%2Fmedia&parent=5743"}],"wp:term":[{"taxonomy":"category","embeddable":true,"href":"https:\/\/rafalk-elblag.pl\/index.php?rest_route=%2Fwp%2Fv2%2Fcategories&post=5743"},{"taxonomy":"post_tag","embeddable":true,"href":"https:\/\/rafalk-elblag.pl\/index.php?rest_route=%2Fwp%2Fv2%2Ftags&post=5743"}],"curies":[{"name":"wp","href":"https:\/\/api.w.org\/{rel}","templated":true}]}}