{"id":5741,"date":"2025-04-12T19:24:29","date_gmt":"2025-04-12T19:24:29","guid":{"rendered":"https:\/\/rafalk-elblag.pl\/?p=5741"},"modified":"2025-04-12T19:24:29","modified_gmt":"2025-04-12T19:24:29","slug":"ogloszenia-parafialne-13-04-2025-r-niedziela-palmowa","status":"publish","type":"post","link":"https:\/\/rafalk-elblag.pl\/?p=5741","title":{"rendered":"OG\u0141OSZENIA PARAFIALNE 13.04.2025 r. \u2013 Niedziela Palmowa"},"content":{"rendered":"<h3 style=\"text-align: center;\"><strong>TRIDUUM PASCHALNE<\/strong><\/h3>\n<h4 style=\"text-align: center;\"><u>trzy dni, kt\u00f3re streszczaj\u0105 to co najwa\u017cniejsze<\/u><\/h4>\n<p style=\"text-align: center;\">&nbsp;<\/p>\n<p style=\"text-align: center;\"><strong><u>WIELKI&nbsp; CZWARTEK<\/u><\/strong><\/p>\n<p>Ko\u015bci\u00f3\u0142 staje si\u0119 w tym dniu, w czasie liturgii Wieczernikiem, w kt\u00f3rym Jezus spotyka si\u0119 przed M\u0119k\u0105 ze swoimi uczniami, umywa im nogi i nazywa przyjaci\u00f3\u0142mi.<\/p>\n<p><strong>18:00<\/strong> <strong>Msza Wieczerzy Pa\u0144skiej <\/strong>\u2013 pami\u0105tka ustanowienia Eucharystii i Kap\u0142a\u0144stwa. Tego dnia liturgia ko\u0144czy si\u0119 przeniesieniem Naj\u015bwi\u0119tszego Sakramentu do Ciemnicy.<\/p>\n<p><strong>Od godz<\/strong>. <strong>21:00 <\/strong>\u2013 adoracja prowadzona przez Odnow\u0119 w Duchu \u015awi\u0119tym. <strong>Adoracja trwa do godziny 22:00.<\/strong><\/p>\n<p><strong>&nbsp;<\/strong><\/p>\n<p style=\"text-align: center;\"><strong><u>WIELKI&nbsp; PI\u0104TEK<\/u><\/strong><\/p>\n<p>Dzie\u0144 M\u0119ki i \u015bmierci naszego Pana Jezusa Chrystusa. W tym dniu Ko\u015bci\u00f3\u0142 nie sprawuje Mszy \u015bw. Gromadzimy si\u0119 na wieczornej liturgii ku czci M\u0119ki Pa\u0144skiej.<\/p>\n<p><strong>9:00 &#8211; CIEMNA JUTRZNIA<\/strong> \u2013 modlitwa brewiarzowa<\/p>\n<p><strong>15:00 \u2013 GODZINA MI\u0141OSIERDZIA<\/strong> &#8211; Droga Krzy\u017cowa. oraz Pierwszy Dzie\u0144 Nowenny do Mi\u0142osierdzia Bo\u017cego<\/p>\n<p style=\"font-weight: 400;\"><strong>18:00<\/strong> <strong>LITURGIA M\u0118KI PA\u0143SKIEJ I ADORACJA KRZY\u017bA \u2013 <\/strong>Sk\u0142ada si\u0119 z czterech cz\u0119\u015bci: pierwsza to s\u0142uchanie S\u0142owa Bo\u017cego, druga to ods\u0142oni\u0119cie i adoracja Krzy\u017ca, po niej obrz\u0119dy Komunii \u015awi\u0119tej. <em><u>Adoracja Krzy\u017ca odb\u0119dzie si\u0119 przez uca\u0142owanie Krzy\u017ca. <\/u><\/em><strong><em>Liturgia ko\u0144czy si\u0119 przeniesieniem Naj\u015bwi\u0119tszego Sakramentu do symbolicznego Grobu Pa\u0144skiego. Adoracja do godz. 22:00.<\/em><\/strong><\/p>\n<p style=\"font-weight: 400; text-align: center;\"><strong>UWAGA!!! <\/strong><\/p>\n<p style=\"font-weight: 400;\"><em>W tym dniu obowi\u0105zuje nas POST \u015aCIS\u0141Y tzn. wstrzemi\u0119\u017aliwo\u015b\u0107 od pokarm\u00f3w mi\u0119snych i ograniczenie ilo\u015bci spo\u017cywanego pokarmu (trzy posi\u0142ki \u2013 jeden do syta i dwa lekkie).<\/em><\/p>\n<p style=\"font-weight: 400;\">&nbsp;<\/p>\n<p style=\"font-weight: 400; text-align: center;\"><strong><u>WIELKA&nbsp; SOBOTA<\/u><\/strong><\/p>\n<p style=\"font-weight: 400;\"><strong>9:00<\/strong> <strong>CIEMNA JUTRZNIA<\/strong> \u2013 modlitwa brewiarzowa<\/p>\n<p style=\"font-weight: 400;\"><strong>D<\/strong><strong>zie\u0144 Adoracji przy Grobie Pa\u0144skim. Zapraszamy na po\u015bwiecenie pokarm\u00f3w na st\u00f3\u0142&nbsp;&nbsp; Wielkanocny i adoracj\u0119 do ko\u015bcio\u0142a na godz. 10:00, 11:00, 12:00, 13:00, 14:00. <\/strong>Podczas po\u015bwi\u0119cenia koszyk trzymamy przed sob\u0105, aby zachowa\u0107 wi\u0119kszy porz\u0105dek oraz dystans. <em>Ofiary zbierane w tym dniu przeznaczone b\u0119d\u0105 dla os\u00f3b korzystaj\u0105cych z pomocy Caritas w naszej parafii.<\/em><\/p>\n<p style=\"font-weight: 400;\"><strong>15:00<\/strong> <strong>II DZIE\u0143 NOWENNY DO MI\u0141OSIERDZIA BO\u017bEGO<\/strong><\/p>\n<p style=\"font-weight: 400;\"><strong>20:00<\/strong> <strong>WIGILIA PASCHALNA &#8211; <\/strong>To najpi\u0119kniejsza i najbardziej rozbudowana liturgia w ca\u0142ym roku. W jej trakcie proklamowane jest uroczy\u015bcie zwyci\u0119stwo Jezusa nad grzechem i \u015bmierci\u0105 oraz og\u0142oszenie Jego zmartwychwstania.&nbsp; <u>Liturgia rozpocznie si\u0119 przed Ko\u015bcio\u0142em, dlatego prosimy o zgromadzenie si\u0119 na placu przed Ko\u015bcio\u0142em<\/u>. <strong>Na liturgi\u0119 zabieramy ze sob\u0105 naczynko na wod\u0119 \u015bwi\u0119con\u0105 oraz \u015bwiec\u0119.<\/strong><\/p>\n<p>&nbsp;<\/p>\n<p><a href=\"http:\/\/rafalk-elblag.pl\/wp-content\/uploads\/2021\/08\/ogloszenia-parafialne-baner-01a.jpg\"><img decoding=\"async\" class=\"aligncenter\" src=\"http:\/\/rafalk-elblag.pl\/wp-content\/uploads\/2021\/08\/ogloszenia-parafialne-baner-01a.jpg\" alt=\"Obrazek posiada pusty atrybut alt; plik o nazwie ogloszenia-parafialne-baner-01a.jpg\"><\/a><\/p>\n<p style=\"font-weight: 400; text-align: center;\"><strong>OG\u0141OSZENIA PARAFIALNE&nbsp; 13.04.2025 r.<\/strong><\/p>\n<p style=\"font-weight: 400; text-align: center;\"><strong>&nbsp;NIEDZIELA PALMOWA czyli M\u0118KI PA\u0143SKIEJ<\/strong><\/p>\n<ol>\n<li><strong>Gr\u00f3b Pa\u0144ski<\/strong> <strong>jest wyrazem wdzi\u0119czno\u015bci Chrystusowi, kt\u00f3ry umar\u0142 za nas<\/strong>. Kto zechcia\u0142by przyczyni\u0107 si\u0119 do upi\u0119kszenia GROBU i KO\u015aCIO\u0141A mo\u017ce, po ka\u017cdej Mszy \u015bwi\u0119tej z\u0142o\u017cy\u0107 dzisiaj ofiar\u0119 do puszki na kwiaty.<strong>Dzi\u0119kujemy za zrozumienie.<\/strong><\/li>\n<li><strong>Zapraszamy jeszcze <\/strong>w t\u0119 Niedziel\u0119 WIELKIEGO POSTU<strong> na Adoracj\u0119 Naj\u015bwi\u0119tszego Sakramentu od godz. 16:00 do godz. 17:15<\/strong> oraz na GORZKIE \u017bALE z kazaniem pasyjnym o godz. 17:15. <em>Masz mo\u017cliwo\u015b\u0107 spotkania si\u0119 z Jezusem w ciszy.<\/em><\/li>\n<li><strong>ZACH\u0118CAMY DO SPOWIEDZI \u015aWI\u0118TEJ,<\/strong> gdy\u017c od Wielkiego Czwartku rozpoczynamy <strong><em>TRIDUUM PASCHALNE<\/em> <\/strong>i mo\u017cliwo\u015b\u0107 skorzystania z Sakramentu Pokuty b\u0119dzie ograniczona. <em>Spowied\u017a rano od godz. 7:45 i wieczorem od godz. 17:30.<\/em><\/li>\n<li><strong>Rodzic\u00f3w dzieci klas III Szko\u0142y Podstawowej<\/strong> przygotowuj\u0105cych si\u0119 do I Spowiedzi i Komunii \u015bw. zapraszam jutro (14 kwietnia) na comiesi\u0119czne spotkanie do ko\u015bcio\u0142a na godz. 19:00. <em>Obecno\u015b\u0107 obojga RODZIC\u00d3W mile widziana.<\/em><\/li>\n<li><strong>W WIELK\u0104 \u015aROD\u0118 przed \u015bwi\u0119tami Wielkanocy, tj. 16 kwietnia 2025, odb\u0119dzie si\u0119 na ulicach Elbl\u0105ga NABO\u017bE\u0143STWO DROGI KRZY\u017bOWEJ.<\/strong> Rozpocz\u0119cie o godz. 19:00, przy ko\u015bciele Matki Bo\u017cej Kr\u00f3lowej Polski (ul. Robotnicza). Stamt\u0105d, ulicami: p\u0142k. D\u0105bka, 12 Lutego, Hetma\u0144sk\u0105 i Giermk\u00f3w b\u0119dziemy w\u0119drowa\u0107 w stron\u0119 katedry \u015bw. Miko\u0142aja. <em>Zapraszam do udzia\u0142u w Drodze Krzy\u017cowej, aby wsp\u00f3lnie z innymi wspomina\u0107 M\u0119k\u0119 Chrystusa i zastanowi\u0107 si\u0119 nad jej znaczeniem dla ka\u017cdego cz\u0142owieka &nbsp;i \u015bwiata, tak\u017ce dzi\u015b. <strong>Parafia \u015bw. Rafa\u0142a Kalinowskiego niesie krzy\u017c od stacji X do XI. Prosz\u0119 osoby uczestnicz\u0105ce w drodze szczeg\u00f3lnie m\u0119\u017cczyzn, by ponie\u015bli krzy\u017c.&nbsp;<\/strong><\/em><\/li>\n<li>Ka\u017cdy 16 dzie\u0144 miesi\u0105ca to dzie\u0144 spotkania si\u0119<strong> Rodziny<\/strong> i <strong>Bractwa Szkaplerznego.<\/strong>Zapraszamy 16 kwietnia (\u015broda) wszystkich nale\u017c\u0105cych i pragn\u0105cych w\u0142\u0105czy\u0107 si\u0119 do tej wsp\u00f3lnoty na Msz\u0119 \u015bw. o godz. 18:00 z mo\u017cliwo\u015bci\u0105 przyj\u0119cia tej szczeg\u00f3lnej szaty.<\/li>\n<li>W WIELKI CZWARTEK (17 kwietnia) od godz.16:00 do godz.17:00 <strong>Parafialny Oddzia\u0142 Caritas<\/strong> przy ul. Myliusa 1A, b\u0119dzie wydawa\u0142 paczki \u015bwi\u0105teczne dla os\u00f3b potrzebuj\u0105cych wsparcia.<\/li>\n<li><strong>W WIELKI PI\u0104TEK<\/strong> o godz. 15:00 rozpoczniemy Nowenn\u0119, kt\u00f3ra przygotowywa\u0107 nas b\u0119dzie do Niedzieli Bo\u017cego Mi\u0142osierdzia. <em><u>Od Niedzieli Nowenna odprawiana b\u0119dzie po Mszy \u015bw. wieczorowej.<\/u><\/em><\/li>\n<li><strong>Plan czuwania mieszka\u0144c\u00f3w naszej parafii na WIELKI PI\u0104TEK:<\/strong><\/li>\n<\/ol>\n<ul>\n<li><strong>9:00 \u2013 Ciemna Jutrznia<\/strong><\/li>\n<li>10:00 \u2013 11:00 \u2013 mieszka\u0144cy ul. Korczaka, Brzechwy<\/li>\n<li>11:00 \u2013 12:00 \u2013 mieszka\u0144cy ul. Broniewskiego, Tuwima<\/li>\n<li>12:00 \u2013 13:00 \u2013 mieszka\u0144cy ul. Sobieskiego, K\u0142oczowskiego<\/li>\n<li>13:00 \u2013 14:00 \u2013 mieszka\u0144cy ul. Myliusa, Leszczy\u0144skiego, Legion\u00f3w, Fromborskiej<\/li>\n<li>14:00 \u2013 15:00 \u2013 mieszka\u0144cy ul. Mieszka I, \u0141okietka, Krzywoustego<\/li>\n<li><strong>15:00 &#8211; Godzina Mi\u0142osierdzia<\/strong><\/li>\n<li>16:00 \u2013 17:00 \u2013 mieszka\u0144cy ul. Og\u00f3lnej, Lubelskiej, Porazi\u0144skiej.<\/li>\n<\/ul>\n<ol start=\"10\">\n<li><strong>W NIEDZIEL\u0118 ZMARTWYCHWSTANIA<\/strong> Msza Rezurekcyjna o godz. <strong>6:00<\/strong>i procesj\u0105 wok\u00f3\u0142 Ko\u015bcio\u0142a. Kolejne Msze \u015bw. o godz. 10:00, 12:00 i 18:00. <strong style=\"font-size: 16px; text-align: center;\"><em>UWAGA:<\/em><\/strong><em style=\"font-size: 16px; text-align: center;\"> <strong>NIE MA MSZY \u015aW. o godz. 8:00 i o godz.15:00<\/strong><\/em><\/li>\n<\/ol>\n<ol start=\"11\">\n<li><em>Jest ju\u017c mo\u017cliwo\u015b\u0107 zam\u00f3wienia obrazu Jezusa Mi\u0142osiernego w cenie 60 z\u0142., w zakrystii&nbsp;&nbsp;&nbsp;&nbsp;&nbsp;&nbsp;&nbsp;&nbsp;&nbsp;&nbsp;&nbsp;&nbsp; (wielko\u015b\u0107 20 x45), kt\u00f3re zostan\u0105 po\u015bwi\u0119cone w Niedziel\u0119 Mi\u0142osierdzia Bo\u017cego. &nbsp;&nbsp;&nbsp;&nbsp;&nbsp;&nbsp;&nbsp;&nbsp;&nbsp;&nbsp;&nbsp;&nbsp;&nbsp;&nbsp;&nbsp;&nbsp;&nbsp;&nbsp;&nbsp;&nbsp;&nbsp;&nbsp;&nbsp;&nbsp;&nbsp;<\/em><\/li>\n<li>Zach\u0119camy do nabywania nowego numeru <strong>\u201eGo\u015bcia Niedzielnego\u201d<\/strong> z dodatkiem elbl\u0105skim.<\/li>\n<\/ol>\n<p>&nbsp;<\/p>\n<p><img decoding=\"async\" class=\"aligncenter\" src=\"http:\/\/rafalk-elblag.pl\/wp-content\/uploads\/2020\/04\/baner-intencje-mszy.jpg\" alt=\"Obrazek posiada pusty atrybut alt; plik o nazwie baner-intencje-mszy.jpg\"><\/p>\n<table style=\"font-weight: 400;\" width=\"716\">\n<tbody>\n<tr>\n<td colspan=\"2\" width=\"716\"><strong>Niedziela PALMOWA czyli M\u0118KI PA\u0143SKIEJ\/ 13 kwietnia 2025&nbsp; \/ \u0141K 23, 1-49<\/strong><\/td>\n<\/tr>\n<tr>\n<td width=\"73\"><strong>8.00<\/strong><\/td>\n<td width=\"643\">\u015bp. Marianna BA\u0141DYGA 20 w rocz. \u015bmierci i zmar\u0142ych \u015bp. Feliks, Sylwester BA\u0141DYGA, \u015bp. Lucjan, Bronis\u0142awa(k), Stanis\u0142aw LASEK<\/td>\n<\/tr>\n<tr>\n<td width=\"73\"><strong>10.00<\/strong><\/td>\n<td width=\"643\">O uprzedzaj\u0105c\u0105 \u0142ask\u0119 wszelkich natchnie\u0144, si\u0142\u0119 i rozwag\u0119, by wprowadzane w \u017cycie zaowocowa\u0142y ca\u0142kowitym przylgni\u0119ciem do Pana Boga dla Nikodema i jego rodziny, Agnieszki i ca\u0142ej rodziny zakonnej oraz dla Magdaleny i jej rodziny<\/td>\n<\/tr>\n<tr>\n<td width=\"73\"><strong>12.00<\/strong><\/td>\n<td width=\"643\"><strong>Za parafian<\/strong><\/td>\n<\/tr>\n<tr>\n<td width=\"73\"><strong>15.00<\/strong><\/td>\n<td width=\"643\">Dzi\u0119kczynna z okazji 14 urodzin Kazimierza(m) z pro\u015bb\u0105 o zdrowie, Bo\u017ce b\u0142ogos\u0142awie\u0144stwo i opiek\u0119 Matki Bo\u017cej<\/td>\n<\/tr>\n<tr>\n<td width=\"73\"><strong>18.00<\/strong><\/td>\n<td width=\"643\">\u015bp. Jolanta KASPROWICZ o \u0142ask\u0119 nieba<\/td>\n<\/tr>\n<tr>\n<td colspan=\"2\" width=\"716\"><strong>WIELKI PONIEDZIA\u0141EK \/ 14 kwietnia 2025\/ J 12, 1-11<\/strong><\/td>\n<\/tr>\n<tr>\n<td width=\"73\"><strong>8.00<\/strong><\/td>\n<td width=\"643\">\u015bp. J\u00f3zefa(k) i zmar\u0142ych z rodziny KOWALSKICH<\/td>\n<\/tr>\n<tr>\n<td width=\"73\"><strong>18.00<\/strong><\/td>\n<td width=\"643\">\u015bp. Jadwiga KO\u0141TO\u0143SKA&nbsp; w 1 rocznic\u0119 \u015bmierci<\/td>\n<\/tr>\n<tr>\n<td width=\"73\"><strong>18.00<\/strong><\/td>\n<td width=\"643\">O zdrowie i potrzebne \u0142aski w chorobie dla Anny \u0141USZCZYK oraz o ufno\u015b\u0107 dla ca\u0142ej rodziny<\/td>\n<\/tr>\n<tr>\n<td colspan=\"2\" width=\"716\"><strong>WIELKI WTOREK&nbsp; \/ 15 kwietnia 2025\/ J 13, 21-33.36-38<\/strong><\/td>\n<\/tr>\n<tr>\n<td width=\"73\"><strong>8.00<\/strong><\/td>\n<td width=\"643\">Za dusze cierpi\u0105ce w czy\u015b\u0107cu i za \u015bp. Romana<\/td>\n<\/tr>\n<tr>\n<td width=\"73\"><strong>18.00<\/strong><\/td>\n<td width=\"643\">\u015bp. Janusz JAROSI\u0143SKI w rocznic\u0119 urodzin ziemskich o dar nieba<\/td>\n<\/tr>\n<tr>\n<td colspan=\"2\" width=\"716\"><strong>WIELKA \u015aRODA \/ 16 kwietnia 2025 <\/strong>\/ Mt 26, 14-25<\/td>\n<\/tr>\n<tr>\n<td width=\"73\"><strong>8.00<\/strong><\/td>\n<td width=\"643\">\u015bp. Zenon KANANOWICZ w 30 dzie\u0144 po pogrzebu<\/td>\n<\/tr>\n<tr>\n<td width=\"73\"><strong>18.00<\/strong><\/td>\n<td width=\"643\">\u015bp. Teresa MA\u0141KOWSKA w 4 rocznic\u0119 \u015bmierci<\/td>\n<\/tr>\n<tr>\n<td width=\"73\"><strong>18.00<\/strong><\/td>\n<td width=\"643\">Za Rodzin\u0119 i Bractwo SZKAPLERZNE i tych kt\u00f3rzy otwieraj\u0105 si\u0119 na dar Szkaplerza \u015bwi\u0119tego<\/td>\n<\/tr>\n<tr>\n<td width=\"73\"><strong>19.00<\/strong><\/td>\n<td width=\"643\"><strong>DROGA KRZY\u017bOWA ULICAMI MIASTA ELBL\u0104GA<\/strong><\/td>\n<\/tr>\n<tr>\n<td colspan=\"2\" width=\"716\"><strong>WIELKI CZWARTEK \/ 17 kwietnia 2025 \/ J 13, 1-15<\/strong><\/td>\n<\/tr>\n<tr>\n<td width=\"73\"><strong>9.00<\/strong><\/td>\n<td width=\"643\">Msza \u015bw. Krzy\u017ca w Katedrze Elbl\u0105skiej<\/td>\n<\/tr>\n<tr>\n<td width=\"73\"><strong>18.00<\/strong><\/td>\n<td width=\"643\"><strong>Za kap\u0142an\u00f3w<\/strong><\/td>\n<\/tr>\n<tr>\n<td width=\"73\"><strong>18.00<\/strong><\/td>\n<td width=\"643\">Za Apostolat Margaretka i osoby modl\u0105ce si\u0119 za kap\u0142an\u00f3w o si\u0142\u0119 i wytrwa\u0142o\u015b\u0107 &nbsp;&nbsp;&nbsp;&nbsp;&nbsp;&nbsp;&nbsp;&nbsp;&nbsp;&nbsp;&nbsp;&nbsp;&nbsp;&nbsp;&nbsp;&nbsp;w podj\u0119tym zobowi\u0105zaniu oraz o Bo\u017ce b\u0142ogos\u0142awie\u0144stwo<\/td>\n<\/tr>\n<tr>\n<td colspan=\"2\" width=\"716\"><strong>WIELKI PI\u0104TEK \/ 18 kwietnia 2025 \/ J 18, 1-19,42<\/strong><\/td>\n<\/tr>\n<tr>\n<td width=\"73\"><strong>9.00<\/strong><\/td>\n<td width=\"643\">CIEMNA JUTRZNIA<\/td>\n<\/tr>\n<tr>\n<td width=\"73\"><strong>15.00<\/strong><\/td>\n<td width=\"643\">Droga Krzy\u017cowa i pierwszy dzie\u0144 NOWENNY przed Niedziel\u0105 Mi\u0142osierdzia Bo\u017cego<\/td>\n<\/tr>\n<tr>\n<td width=\"73\"><strong>18.00<\/strong><\/td>\n<td width=\"643\">LITURGIA M\u0118KI PA\u0143SKIEJ<\/td>\n<\/tr>\n<tr>\n<td colspan=\"2\" width=\"716\"><strong>WIELKA SOBOTA \/ 19 kwietnia 2025 \/ \u0141k 24, 1-12<\/strong><\/td>\n<\/tr>\n<tr>\n<td width=\"73\"><strong>9.00<\/strong><\/td>\n<td width=\"643\"><strong>CIEMNA JUTRZNIA<\/strong><\/td>\n<\/tr>\n<tr>\n<td width=\"73\"><strong>15.00<\/strong><\/td>\n<td width=\"643\">II DZIE\u0143 NOWENNY<\/td>\n<\/tr>\n<tr>\n<td width=\"73\"><strong>20.00<\/strong><\/td>\n<td width=\"643\">O Bo\u017ce prowadzenie i b\u0142ogos\u0142awie\u0144stwo, potrzebne \u0142aski, dary Ducha \u015awi\u0119tego, opiek\u0119 M. B. Szkaplerznej dla ks. Wojciecha Zwolickiego z okazji urodzin \u2013 intencja od II R\u00f3\u017cy M.B. Gietrzwa\u0142dzkiej<\/td>\n<\/tr>\n<tr>\n<td width=\"73\"><strong>20.00<\/strong><\/td>\n<td width=\"643\">Dziekczynno \u2013 b\u0142agalna o Bo\u017ce b\u0142ogos\u0142awie\u0144stwo i obfite \u0142aski dla Ireny i J\u00f3zefa BRZ\u00d3SKA w 47 rocznic\u0119 Sakramentu Ma\u0142\u017ce\u0144stwa<\/td>\n<\/tr>\n<tr>\n<td colspan=\"2\" width=\"716\"><strong>&nbsp;WIELKANOC \/ 20 kwietnia 2025&nbsp; \/ J 20, 1-9<\/strong><\/td>\n<\/tr>\n<tr>\n<td width=\"73\"><strong>6.00<\/strong><\/td>\n<td width=\"643\"><strong>Za parafian<\/strong><\/td>\n<\/tr>\n<tr>\n<td width=\"73\"><strong>10.00<\/strong><\/td>\n<td width=\"643\">\u015bp. Stanis\u0142aw(m) JASI\u0143SKI i zmar\u0142ych z rodziny<\/td>\n<\/tr>\n<tr>\n<td width=\"73\"><strong>10.00<\/strong><\/td>\n<td width=\"643\">\u015bp. Stanis\u0142aw(m) KO\u015aCIELSKI w 4 rocznic\u0119 \u015bmierci<\/td>\n<\/tr>\n<tr>\n<td width=\"73\"><strong>12.00<\/strong><\/td>\n<td width=\"643\">\u015bp. Monika i Wiktor JANKOWSCY i zmar\u0142ych z rodziny KAMI\u0143SKICH<\/td>\n<\/tr>\n<tr>\n<td width=\"73\"><strong>18.00<\/strong><\/td>\n<td width=\"643\">\u015bp. Ma\u0142gorzata KRZEMI\u0143SKA w 1 rocznice \u015bmierci<\/td>\n<\/tr>\n<\/tbody>\n<\/table>\n","protected":false},"excerpt":{"rendered":"<p>TRIDUUM PASCHALNE trzy dni, kt\u00f3re streszczaj\u0105 to co najwa\u017cniejsze &nbsp; WIELKI&nbsp; CZWARTEK Ko\u015bci\u00f3\u0142 staje si\u0119 w tym dniu, w czasie liturgii Wieczernikiem, w kt\u00f3rym Jezus spotyka si\u0119 przed M\u0119k\u0105 ze swoimi uczniami, umywa im nogi i nazywa przyjaci\u00f3\u0142mi. 18:00 Msza Wieczerzy Pa\u0144skiej \u2013 pami\u0105tka ustanowienia Eucharystii i Kap\u0142a\u0144stwa. Tego dnia liturgia ko\u0144czy si\u0119 przeniesieniem Naj\u015bwi\u0119tszego [&hellip;]<\/p>\n","protected":false},"author":1,"featured_media":5423,"comment_status":"closed","ping_status":"closed","sticky":false,"template":"","format":"standard","meta":{"ngg_post_thumbnail":0,"footnotes":""},"categories":[11,8,4,3],"tags":[],"class_list":["post-5741","post","type-post","status-publish","format-standard","has-post-thumbnail","hentry","category-aktualnosci","category-blog","category-intencje","category-ogloszenia"],"_links":{"self":[{"href":"https:\/\/rafalk-elblag.pl\/index.php?rest_route=\/wp\/v2\/posts\/5741","targetHints":{"allow":["GET"]}}],"collection":[{"href":"https:\/\/rafalk-elblag.pl\/index.php?rest_route=\/wp\/v2\/posts"}],"about":[{"href":"https:\/\/rafalk-elblag.pl\/index.php?rest_route=\/wp\/v2\/types\/post"}],"author":[{"embeddable":true,"href":"https:\/\/rafalk-elblag.pl\/index.php?rest_route=\/wp\/v2\/users\/1"}],"replies":[{"embeddable":true,"href":"https:\/\/rafalk-elblag.pl\/index.php?rest_route=%2Fwp%2Fv2%2Fcomments&post=5741"}],"version-history":[{"count":1,"href":"https:\/\/rafalk-elblag.pl\/index.php?rest_route=\/wp\/v2\/posts\/5741\/revisions"}],"predecessor-version":[{"id":5742,"href":"https:\/\/rafalk-elblag.pl\/index.php?rest_route=\/wp\/v2\/posts\/5741\/revisions\/5742"}],"wp:featuredmedia":[{"embeddable":true,"href":"https:\/\/rafalk-elblag.pl\/index.php?rest_route=\/wp\/v2\/media\/5423"}],"wp:attachment":[{"href":"https:\/\/rafalk-elblag.pl\/index.php?rest_route=%2Fwp%2Fv2%2Fmedia&parent=5741"}],"wp:term":[{"taxonomy":"category","embeddable":true,"href":"https:\/\/rafalk-elblag.pl\/index.php?rest_route=%2Fwp%2Fv2%2Fcategories&post=5741"},{"taxonomy":"post_tag","embeddable":true,"href":"https:\/\/rafalk-elblag.pl\/index.php?rest_route=%2Fwp%2Fv2%2Ftags&post=5741"}],"curies":[{"name":"wp","href":"https:\/\/api.w.org\/{rel}","templated":true}]}}