{"id":5737,"date":"2025-04-05T19:54:04","date_gmt":"2025-04-05T19:54:04","guid":{"rendered":"https:\/\/rafalk-elblag.pl\/?p=5737"},"modified":"2025-04-05T19:54:04","modified_gmt":"2025-04-05T19:54:04","slug":"ogloszenia-parafialne-6-04-2025-r-v-niedziela-wielkiego-postu","status":"publish","type":"post","link":"https:\/\/rafalk-elblag.pl\/?p=5737","title":{"rendered":"OG\u0141OSZENIA PARAFIALNE 6.04.2025 r. \u2013 V Niedziela Wielkiego Postu"},"content":{"rendered":"<p style=\"text-align: center;\"><strong>ZAS\u0141ANIANIE KRZY\u017bY<\/strong><\/p>\n<p>Jest to zwyczaj istniej\u0105cy od \u015bredniowiecza (Durandus \u2020 1295). Jego pochodzenie t\u0142umaczy si\u0119 tym, \u017ce od IV w. krzy\u017c Chrystusa by\u0142 znakiem Je-go paschalnego zwyci\u0119stwa, dlatego nie umieszczano na nim wizerunku um\u0119czonego Pana, lecz wysadzano go drogimi kamieniami na znak chwa\u0142y i zwyci\u0119stwa (tzw. crux gemmata). Podobn\u0105 wymow\u0119 mia\u0142y krzy\u017ce roma\u0144skie z wizerunkiem Chrystusa chwalebnego, Zmartwychwsta\u0142ego, w szatach kap\u0142a\u0144skich i kr\u00f3lewskich, czasem tak\u017ce z koron\u0105 na g\u0142owie. Dlatego na czas Wielkiego Postu zas\u0142aniano takie paschalne krzy\u017ce i obrazy. <strong>Ceremonia\u0142 z 1488 roku za\u015bwiadcza, \u017ce: w pi\u0105t\u0105 niedziel\u0119 Wielkiego Postu, nazwan\u0105 niedziel\u0105 m\u0119ki, zanim pojawi si\u0119 papie\u017c, zakrywa si\u0119 krzy\u017ce na o\u0142tarzu, jak i niesione przed papie-\u017cem. Ten ekspresywny obrz\u0119d zosta\u0142 wprowadzony do liturgii papieskiej ju\u017c w XII w. i wi\u0105za\u0142 si\u0119 z tym, \u017ce wizerunki Ukrzy\u017cowanego by\u0142y najcz\u0119\u015bciej wykonane z metalu i bogato inkrustowane, dlatego zas\u0142aniano je, by potem wywo\u0142a\u0107 jak najwi\u0119ksze wra\u017cenie przy ods\u0142oni\u0119ciu.<\/strong><\/p>\n<p>Inni t\u0142umacz\u0105 ten zwyczaj pozosta\u0142o\u015bci\u0105 tzw. zas\u0142ony postnej u\u017cywanej w okresie publicznej pokuty na znak oddzielenia pokutnik\u00f3w od o\u0142tarza. Uchylano j\u0105 jedynie na przeistoczenie i podniesienie. Zas\u0142anianie obraz\u00f3w \u015bwi\u0119tych mia\u0142o koncentrowa\u0107 uwag\u0119 i pobo\u017cno\u015b\u0107 wiernych na M\u0119ce Chrystusa jako g\u0142\u00f3wnym \u017ar\u00f3dle odkupienia, a nie zas\u0142ugach i wstawiennictwie \u015bwi\u0119tych. Popularne t\u0142umaczenie zwyczaju zas\u0142aniania krzy\u017cy nawi\u0105zuje do s\u0142\u00f3w Ewangelii: <em>Porwali wi\u0119c kamienie, aby je rzuci\u0107 na Niego. Jezus jednak ukry\u0142 si\u0119 i wyszed\u0142 ze \u015bwi\u0105tyni<\/em> (J 8,59).<\/p>\n<p>Dawniej w ko\u015bcio\u0142ach zas\u0142aniano krzy\u017ce i obrazy na ca\u0142y okres Wielkiego Postu. Od w. XVII zas\u0142ania si\u0119 je tylko w ostatnich dw\u00f3ch tygodniach, tj. od V Niedzieli Wielkiego Postu i ods\u0142ania si\u0119 po liturgii wielkopi\u0105tkowej, a obrazy przed rozpocz\u0119ciem liturgii Wigilii Paschalnej. Od reformy Kalendarza w 1969 r. zwyczaj ten mo\u017ce by\u0107 zachowany, je\u015bli tak postanowi miejscowa Konferencja Biskup\u00f3w. W Polsce decyzj\u0105 biskup\u00f3w zachowuje si\u0119 ten zwyczaj.<\/p>\n<p>Zas\u0142anianie krzy\u017cy ma tak\u017ce pewien aspekt psychologiczny. To, na co patrzy si\u0119 codziennie, powszednieje i przestaje oddzia\u0142ywa\u0107. Podobnie mo\u017cemy powiedzie\u0107 o krzy\u017cu. Nie zwracamy na niego uwagi, chocia\u017c zawieszony jest w ko\u015bciele, w domach. Dopiero, gdy si\u0119 go za-s\u0142oni, spostrzega si\u0119 brak tego znaku naszej wiary i zbawienia. Ko\u015bci\u00f3\u0142 pragnie w ten spos\u00f3b przypomnie\u0107, \u017ce \u015bwi\u0119ta wielkanocne ju\u017c s\u0105 blisko i trzeba za Chrystusem nie\u015b\u0107 krzy\u017c w\u0142asnego \u017cycia.<\/p>\n<p>Ze zwyczajem zas\u0142aniania krzy\u017cy zwi\u0105zana jest tradycja (g\u0142\u00f3wnie w Niemczech i Austrii) tzw. Wielkopostnej chusty (Hungertuch), wywodz\u0105ca si\u0119 ze \u015bredniowiecza i ci\u0105gle jeszcze \u017cywa w krajach niemieckiego obszaru j\u0119zykowego. Zgodnie z t\u0105 tradycj\u0105 post ma obowi\u0105zywa\u0107 nie tylko w zakresie przyjmowania pokarm\u00f3w, ale powinien by\u0107 r\u00f3wnie\u017c postem dla oczu. Chusty wielkopostne s\u0105 nie tylko fioletowymi tkaninami, znanymi tak\u017ce w Polsce, kt\u00f3rymi zas\u0142ania si\u0119 krzy\u017ce. Tematyka chust nawi\u0105zuje do M\u0119ki Pa\u0144skiej i s\u0105 elementem wystroju ko\u015bcio\u0142a, zach\u0119caj\u0105cym do medytacji. Znane s\u0105 np. chusty nawi\u0105zuj\u0105ce do Siedmiu s\u0142\u00f3w Jezusa na krzy\u017cu.<\/p>\n<p style=\"text-align: right;\"><strong>Ks. Czes\u0142aw Krakowiak<\/strong><\/p>\n<p>&nbsp;<\/p>\n<p><a href=\"http:\/\/rafalk-elblag.pl\/wp-content\/uploads\/2021\/08\/ogloszenia-parafialne-baner-01a.jpg\"><img decoding=\"async\" class=\"aligncenter\" src=\"http:\/\/rafalk-elblag.pl\/wp-content\/uploads\/2021\/08\/ogloszenia-parafialne-baner-01a.jpg\" alt=\"Obrazek posiada pusty atrybut alt; plik o nazwie ogloszenia-parafialne-baner-01a.jpg\"><\/a><\/p>\n<p><strong>OG\u0141OSZENIA PARAFIALNE&nbsp; 6.04.2025 r.<\/strong><\/p>\n<p><strong>V NIEDZIELA WIELKIEGO POSTU<\/strong><\/p>\n<ol>\n<li>Dzisiaj mo\u017cemy w\u0142\u0105czy\u0107 si\u0119 w akcj\u0119 <strong>\u201ePola Nadziei 2025\u201d.<\/strong> Akcja ma uwra\u017cliwi\u0107 spo\u0142ecze\u0144stwo, przypominaj\u0105c o chorych i cierpi\u0105cych, a tak\u017ce zach\u0119ci\u0107 do wolontariatu hospicyjnego. <em>Przed ko\u015bcio\u0142em mo\u017cna do puszek z\u0142o\u017cy\u0107 dobrowoln\u0105 ofiar\u0119. Dzi\u0119kujemy.<\/em><\/li>\n<li>W zakrystii mamy mo\u017cliwo\u015b\u0107 nabycia \u015bwieczki na st\u00f3\u0142 WIELKANOCNY w cenie 17 z\u0142. Zapraszamy.<\/li>\n<li><strong>W WIELKIM PO\u015aCIE<\/strong> w ka\u017cd\u0105 niedziel\u0119 zapraszamy na \u015bpiewanie <strong>GODZINEK KU CZCI M\u0118KI PA\u0143SKIEJ<\/strong> o godz. 7:40 oraz na <strong>GORZKIE \u017bALE<\/strong> z kazaniem pasyjnym o godz. 17:15.&nbsp; Natomiast w pi\u0105tki zapraszamy na<strong> DROG\u0118 KRZY\u017bOW\u0104 o godz. 16:30 z udzia\u0142em dzieci &nbsp;lub o godz. 17:15 dla doros\u0142ych i m\u0142odzie\u017cy.<\/strong><\/li>\n<li>Zapraszamy do udzia\u0142u w <strong>X EDYCJI EKSTREMALNEJ DROGI KRZY\u017bOWEJ.<\/strong> Odb\u0119dzie si\u0119 ona w nocy z 11 na 12 kwietnia. Przed wyj\u015bciem w Drog\u0119 Krzy\u017cow\u0105 zapraszamy na Msz\u0119 \u015bw. o godz. 20:00 do parafii \u015bw. Brata Alberta w Elbl\u0105gu.&nbsp; <em>Przygotowanych jest 5 tras &#8211; do Tolkmicka, Fromborka, Zielonki Pas\u0142\u0119ckiej, Malborka i p\u0119tla, kt\u00f3ra rozpoczyna i ko\u0144czy si\u0119 w Elbl\u0105gu.<\/em> Ka\u017cda z tych tras ma ponad 40 km do przej\u015bcia. Koszt pakietu z rozwa\u017caniami to 30 z\u0142. W razie jakichkolwiek pyta\u0144, czy niejasno\u015bci mo\u017cna pisa\u0107 na adres e-maila: edk@gmail.com. Zach\u0119camy tak\u017ce do \u015bledzenia profilu facebookowego: ELBL\u0104G.EDK.&nbsp;<a href=\"http:\/\/www.edk.org.pl\/\">www.edk.org.pl<\/a>.&nbsp;<\/li>\n<li>Dzi\u0119kujemy wszystkim, kt\u00f3rzy zaanga\u017cowali si\u0119 w przygotowanie i przeprowadzenie tegorocznych <strong>Rekolekcji Wielkopostnych.<\/strong> Sk\u0142adam podzi\u0119kowanie Dyrekcji, nauczycielom i katechetom za opiek\u0119 nad dzie\u0107mi i m\u0142odzie\u017c\u0105 Szko\u0142y Podstawowej 11. <em>B\u00f3g zap\u0142a\u0107.<\/em><\/li>\n<li>Spotkanie lider\u00f3w wsp\u00f3lnot parafialnych i odpowiedzialnych za grupy odb\u0119dzie si\u0119 12 kwietnia (sobota) na plebanii o godz. 19.00. Serdecznie zapraszam.<\/li>\n<li>Osoby z grupy modlitewnej <strong>Rodzinny R\u00f3\u017caniec<\/strong> zaprasza pan Piotr &#8211; Organista po Mszach \u015bwi\u0119tych w II niedziel\u0119 miesi\u0105ca <strong>(13 kwietnia)<\/strong> po odbi\u00f3r tajemnic r\u00f3\u017ca\u0144cowych i deklaracji na kolejny miesi\u0105c. <em>Zapraszamy tak\u017ce nowe osoby, kt\u00f3re chc\u0105 modli\u0107 si\u0119 za swoje rodziny.<\/em><\/li>\n<li>Przypominamy o Skarbonce na <strong>JA\u0141MU\u017bN\u0118 WIELKOPOSTN\u0104 2025<\/strong>. <em>W ten spos\u00f3b w\u0142\u0105czymy si\u0119 w og\u00f3lnopolsk\u0105 akcj\u0119 charytatywn\u0105<strong>.<\/strong> <\/em><\/li>\n<li><strong>W Niedziel\u0119 Palmow\u0105 przed ka\u017cd\u0105 Msz\u0105 \u015bw. prosimy, by oczekiwa\u0107 na po\u015bwi\u0119cenie palm przed BANEREM JUBILEUSZOWYM za zewn\u0105trz ko\u015bcio\u0142a. Po po\u015bwieceniu palm wyruszymy procesyjnie do ko\u015bcio\u0142a. <\/strong><\/li>\n<li>Ofiary na kwiaty do Grobu Pa\u0144skiego i Ko\u015bcio\u0142a b\u0119dzie mo\u017cna z\u0142o\u017cy\u0107 za tydzie\u0144 (w Niedziel\u0119 Palmow\u0105) do puszek przed ko\u015bcio\u0142em. <em>Dzi\u0119kuj\u0119.<\/em><\/li>\n<li>Zach\u0119camy do nabywania nowego numeru <strong>\u201eGo\u015bcia Niedzielnego\u201d<\/strong> z dodatkiem elbl\u0105skim.<\/li>\n<\/ol>\n<p>&nbsp;<\/p>\n<p><img decoding=\"async\" class=\"aligncenter\" src=\"http:\/\/rafalk-elblag.pl\/wp-content\/uploads\/2020\/04\/baner-intencje-mszy.jpg\" alt=\"Obrazek posiada pusty atrybut alt; plik o nazwie baner-intencje-mszy.jpg\"><\/p>\n<table width=\"716\">\n<tbody>\n<tr>\n<td colspan=\"2\" width=\"716\"><strong>V Niedziela Wielkiego Postu\/ &nbsp;6 kwietnia 2025&nbsp; \/ J 8, 1-11<\/strong><\/td>\n<\/tr>\n<tr>\n<td width=\"73\"><strong>8.00<\/strong><\/td>\n<td width=\"643\">O do\u015bwiadczenie Bo\u017cej mi\u0142o\u015bci dla Karolini i Oskara oraz dla Sebastiana i Natalii<\/td>\n<\/tr>\n<tr>\n<td width=\"73\"><strong>10.00<\/strong><\/td>\n<td width=\"643\">\u015bp. Izabela, Henryk, Ryszard z rodziny CZACHOROWSKICH<\/td>\n<\/tr>\n<tr>\n<td width=\"73\"><strong>12.00<\/strong><\/td>\n<td width=\"643\">\u015bp. J\u00f3zef (m), Kazimierz(m) KIMSO o dar nieba<\/td>\n<\/tr>\n<tr>\n<td width=\"73\"><strong>15.00<\/strong><\/td>\n<td width=\"643\">\u015bp. Ryszard TRACZYK&nbsp; i zmar\u0142ych z rodziny<\/td>\n<\/tr>\n<tr>\n<td width=\"73\"><strong>18.00<\/strong><\/td>\n<td width=\"643\"><strong>Za parafian<\/strong><\/td>\n<\/tr>\n<tr>\n<td colspan=\"2\" width=\"716\"><strong>PONIEDZIA\u0141EK \/ 7 kwietnia<\/strong><strong> 2025\/ J 8, 1-11<\/strong><\/td>\n<\/tr>\n<tr>\n<td width=\"73\"><strong>8.00<\/strong><\/td>\n<td width=\"643\">\u015bp. Cecylia PLIT \u2013 od uczestnik\u00f3w pogrzebu<\/td>\n<\/tr>\n<tr>\n<td width=\"73\"><strong>18.00<\/strong><\/td>\n<td width=\"643\">\u015bp. Irena WILE\u0143SKA w 13 rocznic\u0119 smierci<\/td>\n<\/tr>\n<tr>\n<td colspan=\"2\" width=\"716\"><strong>WTOREK&nbsp; \/ 8 kwietnia 2025\/ J 8, 21-30<\/strong><\/td>\n<\/tr>\n<tr>\n<td width=\"73\"><strong>8.00<\/strong><\/td>\n<td width=\"643\">\u015bp. Antoni \u0141UKASZEWSKI \u2013 od uczestnik\u00f3w pogrzebu<\/td>\n<\/tr>\n<tr>\n<td width=\"73\"><strong>18.00<\/strong><\/td>\n<td width=\"643\">\u015bp. Cecylia CHMIEL w 10 rocznic\u0119 \u015bmierci<\/td>\n<\/tr>\n<tr>\n<td colspan=\"2\" width=\"716\"><strong>\u015aRODA \/ 9 kwietnia 2025 <\/strong>\/ J 8, 31-42<\/td>\n<\/tr>\n<tr>\n<td width=\"73\"><strong>8.00<\/strong><\/td>\n<td width=\"643\">\u015bp. Wanda KOWNACKA \u2013 od uczestnik\u00f3w pogrzebu<\/td>\n<\/tr>\n<tr>\n<td width=\"73\"><strong>18.00<\/strong><\/td>\n<td width=\"643\">\u015bp. Krzysztof MORZY w 3 rocznic\u0119 \u015bmierci<\/td>\n<\/tr>\n<tr>\n<td colspan=\"2\" width=\"716\"><strong>CZWARTEK \/ 10 kwietnia 2025 \/ J 8, 51-59<\/strong><\/td>\n<\/tr>\n<tr>\n<td width=\"73\"><strong>8.00<\/strong><\/td>\n<td width=\"643\">Za ofiary katastrowy samolotu Tu -154M w Smole\u0144sku w 15 rocznic\u0119<\/td>\n<\/tr>\n<tr>\n<td width=\"73\"><strong>18.00<\/strong><\/td>\n<td width=\"643\">\u015bp. Teresa MA\u0141KOWSKA z okazji urodzin<\/td>\n<\/tr>\n<tr>\n<td colspan=\"2\" width=\"716\"><strong>PI\u0104TEK \/ 11 kwietnia 2025 \/ J 10, 31-42<\/strong><\/td>\n<\/tr>\n<tr>\n<td width=\"73\"><strong>8.00<\/strong><\/td>\n<td width=\"643\">O nawr\u00f3cenie grzesznik\u00f3w<\/td>\n<\/tr>\n<tr>\n<td width=\"73\"><strong>18.00<\/strong><\/td>\n<td width=\"643\">\u015bp. Jadwiga STARZY\u0143SKA w 19 rocznic\u0119 \u015bmierci i zmar\u0142ych &nbsp;&nbsp;&nbsp;&nbsp;&nbsp;&nbsp;&nbsp;&nbsp;&nbsp;&nbsp;&nbsp;&nbsp;&nbsp;&nbsp;&nbsp;&nbsp;&nbsp;&nbsp;&nbsp;z rodziny<\/td>\n<\/tr>\n<tr>\n<td colspan=\"2\" width=\"716\"><strong>SOBOTA \/ 12 kwietnia 2025 \/ J 11, 45-57<\/strong><\/td>\n<\/tr>\n<tr>\n<td width=\"73\"><strong>8.00<\/strong><\/td>\n<td width=\"643\">\u015bp. Zenon MAGO\u0143 \u2013 intencja od Kr\u0119gu Biblijnego<\/td>\n<\/tr>\n<tr>\n<td width=\"73\"><strong>18.00<\/strong><\/td>\n<td width=\"643\">\u015bp. Jan PRZYBY\u0141EK w 30 rocznic\u0119 \u015bmierci, sp. Bogdan w 9 rocz. \u015bmierci oraz za zmar\u0142ych siostry i braci, rodzic\u00f3w z obojga stron<\/td>\n<\/tr>\n<tr>\n<td width=\"73\"><strong>18.00<\/strong><\/td>\n<td width=\"643\">\u015bp. Ryszard MYSZK w 6 rocznice \u015bmierci<\/td>\n<\/tr>\n<tr>\n<td colspan=\"2\" width=\"716\"><strong>&nbsp;Niedziela Palmowa \/ 13 kwietnia 2025&nbsp; \/ \u0141k 23, 1-49<\/strong><\/td>\n<\/tr>\n<tr>\n<td width=\"73\"><strong>8.00<\/strong><\/td>\n<td width=\"643\">\u015bp. Marianna BA\u0141DYGA 20 w rocz. \u015bmierci i zmar\u0142ych \u015bp. Feliks, Sylwester BA\u0141DYGA, \u015bp. Lucjan, Bronis\u0142awa(k), Stanis\u0142aw LASEK<\/td>\n<\/tr>\n<tr>\n<td width=\"73\"><strong>10.00<\/strong><\/td>\n<td width=\"643\">O uprzedzaj\u0105c\u0105 \u0142ask\u0119 wszelkich natchnie\u0144, si\u0142\u0119 i rozwag\u0119, by wprowadzane w \u017cycie zaowocowa\u0142y ca\u0142kowitym przylgni\u0119ciem do Pana Boga dla Nikodema i jego rodziny, Agnieszki i ca\u0142ej rodziny zakonnej oraz dla Magdaleny i jej rodziny<\/td>\n<\/tr>\n<tr>\n<td width=\"73\"><strong>12.00<\/strong><\/td>\n<td width=\"643\"><strong>Za parafian<\/strong><\/td>\n<\/tr>\n<tr>\n<td width=\"73\"><strong>15.00<\/strong><\/td>\n<td width=\"643\">Dzi\u0119kczynna z okazji 14 urodzin Kazimierza(m) z pro\u015bb\u0105 o zdrowie, Bo\u017ce b\u0142ogos\u0142awie\u0144stwo i opiek\u0119 Matki Bo\u017cej<\/td>\n<\/tr>\n<tr>\n<td width=\"73\"><strong>18.00<\/strong><\/td>\n<td width=\"643\"><strong>&nbsp;<\/strong><\/td>\n<\/tr>\n<\/tbody>\n<\/table>\n<p>Zdj\u0119cie: George Martell | Flickr | CC BY-ND 2.0<\/p>\n","protected":false},"excerpt":{"rendered":"<p>ZAS\u0141ANIANIE KRZY\u017bY Jest to zwyczaj istniej\u0105cy od \u015bredniowiecza (Durandus \u2020 1295). Jego pochodzenie t\u0142umaczy si\u0119 tym, \u017ce od IV w. krzy\u017c Chrystusa by\u0142 znakiem Je-go paschalnego zwyci\u0119stwa, dlatego nie umieszczano na nim wizerunku um\u0119czonego Pana, lecz wysadzano go drogimi kamieniami na znak chwa\u0142y i zwyci\u0119stwa (tzw. crux gemmata). Podobn\u0105 wymow\u0119 mia\u0142y krzy\u017ce roma\u0144skie z wizerunkiem [&hellip;]<\/p>\n","protected":false},"author":1,"featured_media":5738,"comment_status":"closed","ping_status":"closed","sticky":false,"template":"","format":"standard","meta":{"ngg_post_thumbnail":0,"footnotes":""},"categories":[11,8,4,3],"tags":[],"class_list":["post-5737","post","type-post","status-publish","format-standard","has-post-thumbnail","hentry","category-aktualnosci","category-blog","category-intencje","category-ogloszenia"],"_links":{"self":[{"href":"https:\/\/rafalk-elblag.pl\/index.php?rest_route=\/wp\/v2\/posts\/5737","targetHints":{"allow":["GET"]}}],"collection":[{"href":"https:\/\/rafalk-elblag.pl\/index.php?rest_route=\/wp\/v2\/posts"}],"about":[{"href":"https:\/\/rafalk-elblag.pl\/index.php?rest_route=\/wp\/v2\/types\/post"}],"author":[{"embeddable":true,"href":"https:\/\/rafalk-elblag.pl\/index.php?rest_route=\/wp\/v2\/users\/1"}],"replies":[{"embeddable":true,"href":"https:\/\/rafalk-elblag.pl\/index.php?rest_route=%2Fwp%2Fv2%2Fcomments&post=5737"}],"version-history":[{"count":1,"href":"https:\/\/rafalk-elblag.pl\/index.php?rest_route=\/wp\/v2\/posts\/5737\/revisions"}],"predecessor-version":[{"id":5739,"href":"https:\/\/rafalk-elblag.pl\/index.php?rest_route=\/wp\/v2\/posts\/5737\/revisions\/5739"}],"wp:featuredmedia":[{"embeddable":true,"href":"https:\/\/rafalk-elblag.pl\/index.php?rest_route=\/wp\/v2\/media\/5738"}],"wp:attachment":[{"href":"https:\/\/rafalk-elblag.pl\/index.php?rest_route=%2Fwp%2Fv2%2Fmedia&parent=5737"}],"wp:term":[{"taxonomy":"category","embeddable":true,"href":"https:\/\/rafalk-elblag.pl\/index.php?rest_route=%2Fwp%2Fv2%2Fcategories&post=5737"},{"taxonomy":"post_tag","embeddable":true,"href":"https:\/\/rafalk-elblag.pl\/index.php?rest_route=%2Fwp%2Fv2%2Ftags&post=5737"}],"curies":[{"name":"wp","href":"https:\/\/api.w.org\/{rel}","templated":true}]}}