{"id":5733,"date":"2025-03-29T18:51:50","date_gmt":"2025-03-29T18:51:50","guid":{"rendered":"https:\/\/rafalk-elblag.pl\/?p=5733"},"modified":"2025-03-29T18:54:31","modified_gmt":"2025-03-29T18:54:31","slug":"ogloszenia-parafialne-30-03-2025-r-iv-niedziela-wielkiego-postu","status":"publish","type":"post","link":"https:\/\/rafalk-elblag.pl\/?p=5733","title":{"rendered":"OG\u0141OSZENIA PARAFIALNE 30.03.2025 r. \u2013 REKOLEKCJE WIELKOPOSTNE"},"content":{"rendered":"<p style=\"text-align: center;\"><strong>REKOLEKCJE WIELKOPOSTNE<\/strong><\/p>\n<p>W czasie czterdziestu dni Wielkiego Postu warto zaplanowa\u0107 czas rekolekcji, czas zastanowienia si\u0119 nad sob\u0105 i nad swoim \u017cyciem. Zatrzyma\u0107 si\u0119 na chwil\u0119, wyciszy\u0107 i zamy\u015bli\u0107. Spotka\u0107 Boga i spotka\u0107 si\u0119 sam na sam ze sob\u0105. Trzeba wyj\u015b\u0107 na pustyni\u0119, bo tam jest cisza, spok\u00f3j i milczenie. Wtedy mo\u017cna us\u0142ysze\u0107 siebie. A mo\u017ce w\u0142a\u015bnie tegoroczne nauki rekolekcyjne b\u0119d\u0105 dla mnie swoist\u0105 pustyni\u0105, powrotem do \u017ar\u00f3de\u0142?<\/p>\n<p><strong>Rekolekcje wielkopostne to taki szczeg\u00f3lny i wyj\u0105tkowy czas w roku liturgicznym Ko\u015bcio\u0142a. Jest to czas pr\u00f3by, czas lekcji i nauk, kiedy uczymy si\u0119 roztropno\u015bci, m\u0105dro\u015bci ducha i stajemy si\u0119 lepsi.<\/strong> Czas rekolekcji jest bardzo znanym aktem pokutnym w Ko\u015bciele od wiek\u00f3w &nbsp;\u2013 aktem duchowych \u0107wicze\u0144.<\/p>\n<p>To b\u0119d\u0105 twoje prawdziwe rekolekcje. Zobaczysz, \u017ce inny jest \u015bwiat, inna rzeczywisto\u015b\u0107, inni b\u0119d\u0105 ludzie, a ty prze\u017cyjesz prawdziwe nawr\u00f3cenie. Podczas rekolekcji wielkopostnych trzeba <strong>\u201eza\u0142atwi\u0107\u201d<\/strong> wiele spraw nie tylko z Bogiem, ale i ze wsp\u00f3\u0142ma\u0142\u017conkiem, z rodzicami, z dzie\u0107mi &nbsp;i bli\u017animi.<\/p>\n<p><strong><em>Rekolekcje s\u0105 po to, aby wyprostowa\u0107 to wszystko, inaczej zmarnujemy dni, kt\u00f3re zosta\u0142y nam dane na uleczenie duszy. Zapraszamy.<\/em><\/strong><\/p>\n<p>&nbsp;<\/p>\n<p><a href=\"http:\/\/rafalk-elblag.pl\/wp-content\/uploads\/2021\/08\/ogloszenia-parafialne-baner-01a.jpg\"><img decoding=\"async\" class=\"aligncenter\" src=\"http:\/\/rafalk-elblag.pl\/wp-content\/uploads\/2021\/08\/ogloszenia-parafialne-baner-01a.jpg\" alt=\"Obrazek posiada pusty atrybut alt; plik o nazwie ogloszenia-parafialne-baner-01a.jpg\"><\/a><\/p>\n<p style=\"font-weight: 400; text-align: center;\"><strong>OG\u0141OSZENIA PARAFIALNE&nbsp; 30.03.2025 r.<\/strong><\/p>\n<p style=\"font-weight: 400; text-align: center;\"><strong>IV NIEDZIELA WIELKIEGO POSTU &#8222;LAETARE&#8221;<\/strong><\/p>\n<ol>\n<li><strong>Dzi\u015b rozpoczynamy <\/strong><em><strong>Rekolekcje<\/strong><\/em> <strong>Wielkopostne,<\/strong> kt\u00f3re poprowadzi Piotr KANAREK. <em>Pro\u015bmy o \u015bwiat\u0142o Ducha \u015awi\u0119tego dla ks. Rekolekcjonisty i ca\u0142ej parafii, aby s\u0142owa wypowiedziane w czasie tych dni, przemieni\u0142y nasze serca i przygotowa\u0142y na rado\u015b\u0107 \u015awi\u0105t Wielkanocnych. <\/em><\/li>\n<li>W czasie rekolekcji prosimy o zg\u0142aszanie w zakrystii chorych parafian, <strong><em>do kt\u00f3rych nie chodzimy w I pi\u0105tki miesi\u0105ca.<\/em><\/strong> Kap\u0142an uda si\u0119 do tych os\u00f3b z Komuni\u0105 \u015bwi\u0119t\u0105 w \u015brod\u0119 2 kwietnia br. od godz. 15:00.<\/li>\n<li><strong>Wolontariusze Caritas zbieraj\u0105 ofiary do puszki dla os\u00f3b potrzebuj\u0105cych pomocy oraz rozprowadzaj\u0105 \u015bwieczki na st\u00f3\u0142 WIELKANOCNY w cenie 17 z\u0142<\/strong>. Dzisiaj w salce na plebanii, odb\u0119dzie si\u0119 spotkanie formacyjne Apostolatu Bo\u017cego Mi\u0142osierdzia i Wolontariuszy Caritas po Mszy \u015bw. o godz. 15:00. Zapraszam.<\/li>\n<li><strong>W WIELKIM PO\u015aCIE<\/strong> w ka\u017cd\u0105 niedziel\u0119 zapraszamy na \u015bpiewanie <strong>GODZINEK KU CZCI M\u0118KI PA\u0143SKIEJ<\/strong> o godz. 7:40 oraz na <strong>GORZKIE \u017bALE<\/strong> z kazaniem pasyjnym o godz. 17:15.&nbsp; Natomiast w pi\u0105tki zapraszamy na<strong> DROG\u0118 KRZY\u017bOW\u0104 o godz. 16:30 z udzia\u0142em dzieci &nbsp;lub o godz. 17:15 dla doros\u0142ych i m\u0142odzie\u017cy.<\/strong><\/li>\n<li>W tym tygodniu przypada pierwszy czwartek, pi\u0105tek i sobota miesi\u0105ca.<\/li>\n<\/ol>\n<ul>\n<li><strong>w pierwszy czwartek (03.04.) <\/strong>zapraszamy do wsp\u00f3lnej modlitwy o nowe powo\u0142ania kap\u0142a\u0144skie i zakonne.<strong> Msza \u015bw. o godz. 18:00. ,,Godzina \u015awi\u0119ta\u201d<\/strong> czyli ADORACJA przed Naj\u015bwi\u0119tszym Sakramentem po Mszy \u015bw. do godz. 20:00.<\/li>\n<li><strong>w pierwszy pi\u0105tek (04.04.)<\/strong> spowied\u017a dla wszystkich w tygodniu od godz. 17:30, oraz w pi\u0105tek od godz. 16:00 oraz <strong>Droga Krzy\u017cowa<\/strong> po\u0142\u0105czona z Komuni\u0105 \u015bwi\u0119t\u0105 dla dzieci o godz. 16:30 a dla doros\u0142ych i m\u0142odzie\u017cy Msza \u015bw. o godz. 18:00. <em>Zapraszamy wszystkich czcicieli Naj\u015bwi\u0119tszego Serca Pana Jezusa.<\/em><\/li>\n<\/ul>\n<ol start=\"6\">\n<li><strong>w pierwsz\u0105 sobot\u0119 (05.04.)<\/strong> przed Msz\u0105 \u015bw. o godz. 17:00 zapraszamy na nabo\u017ce\u0144stwo wynagradzaj\u0105ce Niepokalanemu Sercu Maryi Panny.<\/li>\n<li>Z racji pierwszego pi\u0105tku ksi\u0105dz Proboszcz i ks. Marcin udadz\u0105 si\u0119 do chorych 4 kwietnia od godz. 9:30.<\/li>\n<li>W pi\u0105tek <strong>(4 kwietnia)<\/strong> po Drodze Krzy\u017cowej dla dzieci ok. godz. 17:00 na plebanii b\u0119dzie mo\u017cliwo\u015b\u0107 odebrania przez rodzic\u00f3w alb dla dzieci do I Komuni\u0105 \u015bw.<\/li>\n<li><strong>ZAPRASZAM DO WSP\u00d3LNEGO WYJ\u015aCIA DO MULTIKINA <\/strong>w Elbl\u0105gu \u2013 Ogrody,<strong> dnia 3 kwietnia br.(czwartek): godz. 19:30 <\/strong>na film<strong> &#8222;21:37&#8221;<\/strong> jest to dokument o \u015bw. Janie Pawle II. <em>To film, po kt\u00f3rym trudno nie zada\u0107 pyta\u0144: Kim dla nas by\u0142 cz\u0142owiek, kt\u00f3rego odej\u015bcie potrafi\u0142o zatrzyma\u0107 nasz \u015bwiat i przenie\u015b\u0107 nas na wiele dni w inny wymiar? Kim my byli\u015bmy wtedy i co si\u0119 z nami sta\u0142o po 20 latach? &nbsp;<strong>Przede wszystkim jednak film \u201e21:37\u201d b\u0119dzie dla Ciebie pe\u0142nym wzrusze\u0144 i dobrych emocji wywo\u0142uj\u0105cym t\u0119sknot\u0119 za pi\u0119knem tamtych dni.<\/strong><\/em> Spotkajmy si\u0119 wsp\u00f3lnie w kinie. <strong>Cena biletu 14 z\u0142.<\/strong>wp\u0142acamy przy wej\u015bciu do sali kinowej.<\/li>\n<li>Za tydzie\u0144 <strong>(6 kwietnia) <\/strong>b\u0119dziemy mogli w\u0142\u0105czy\u0107 si\u0119 w akcj\u0119 <strong>\u201ePola Nadziei 2025\u201d.<\/strong> Akcja ma uwra\u017cliwi\u0107 spo\u0142ecze\u0144stwo, przypominaj\u0105c o chorych i cierpi\u0105cych, a tak\u017ce zach\u0119ci\u0107 do wolontariatu hospicyjnego. <em>Przed ko\u015bcio\u0142em w tym dniu b\u0119dzie mo\u017cna do puszek z\u0142o\u017cy\u0107 dobrowoln\u0105 ofiar\u0119. Dzi\u0119kujemy.<\/em><\/li>\n<li>Zach\u0119camy do nabywania nowego numeru <strong>\u201eGo\u015bcia Niedzielnego\u201d<\/strong> z dodatkiem.<\/li>\n<li>Pan powo\u0142a\u0142 do wieczno\u015bci: \u015bp. Ryszarda(m) SZNAZA lat 81 z ul. Lubelskiej, <span style=\"font-size: 16px;\">&nbsp;\u015bp. Iren\u0119&nbsp; SIWEK lat 97 z ul. Sobieskiego. <\/span><u style=\"font-size: 16px; text-align: center;\">Wieczny odpoczynek racz Im da\u0107 Panie.<\/u><\/li>\n<\/ol>\n<p style=\"font-weight: 400;\"><strong>&nbsp;<\/strong><\/p>\n<p>&nbsp;<\/p>\n<h4 style=\"font-weight: 400; text-align: center;\"><strong>PROGRAM REKOLEKCJI WIELKOPOSTNYCH 2025<\/strong><\/h4>\n<table width=\"633\">\n<tbody>\n<tr>\n<td colspan=\"2\" width=\"633\"><strong>NIEDZIELA 30 MARCA 2025<\/strong><\/td>\n<\/tr>\n<tr>\n<td width=\"56\"><strong>7.40<\/strong><\/td>\n<td width=\"576\"><strong>Godzinki o M\u0119ce Pa\u0144skiej<\/strong><\/td>\n<\/tr>\n<tr>\n<td width=\"56\"><strong>8.00<\/strong><\/td>\n<td width=\"576\">Msza \u015bw. z nauk\u0105 dla doros\u0142ych<\/td>\n<\/tr>\n<tr>\n<td width=\"56\"><strong>10.00<\/strong><\/td>\n<td width=\"576\">Msza \u015bw. z udzia\u0142em dzieci<\/td>\n<\/tr>\n<tr>\n<td width=\"56\"><strong>12.00<\/strong><\/td>\n<td width=\"576\">Msza \u015bw. z nauk\u0105 dla doros\u0142ych<\/td>\n<\/tr>\n<tr>\n<td width=\"56\"><strong>15.00<\/strong><\/td>\n<td width=\"576\">Msza \u015bw. z nauk\u0105 dla doros\u0142ych<\/td>\n<\/tr>\n<tr>\n<td width=\"56\"><strong>&nbsp;<\/strong><\/td>\n<td width=\"576\"><strong>ADORACJA NAJ\u015aWI\u0118TSZEGO SAKRAMENTU<\/strong><\/td>\n<\/tr>\n<tr>\n<td width=\"56\"><strong>17.15<\/strong><\/td>\n<td width=\"576\"><strong>Gorzkie \u017bale z kazaniem pasyjnym<\/strong><\/td>\n<\/tr>\n<tr>\n<td width=\"56\"><strong>18.00<\/strong><\/td>\n<td width=\"576\">Msza \u015bw. z udzia\u0142em m\u0142odzie\u017cy<\/td>\n<\/tr>\n<tr>\n<td colspan=\"2\" width=\"633\"><strong>PONIEDZIA\u0141EK 31 marca 2025 r.<\/strong><\/p>\n<p><strong>WTOREK 1 kwietnia 2025 r.<\/strong><\/td>\n<\/tr>\n<tr>\n<td width=\"56\"><strong>8.00<\/strong><\/td>\n<td width=\"576\">Msza \u015bw. z nauk\u0105 dla doros\u0142ych<\/td>\n<\/tr>\n<tr>\n<td width=\"56\"><strong>9.15<\/strong><\/td>\n<td width=\"576\">Nauka dla klas IV \u2013 VIII Szko\u0142y Podstawowej<\/td>\n<\/tr>\n<tr>\n<td width=\"56\"><strong>11.00<\/strong><\/td>\n<td width=\"576\">Msza \u015bw. z nauk\u0105 dla doros\u0142ych<\/td>\n<\/tr>\n<tr>\n<td width=\"56\"><strong>12.15<\/strong><\/td>\n<td width=\"576\">Nauka dla klas 0 \u2013 III Szko\u0142y Podstawowej<\/td>\n<\/tr>\n<tr>\n<td width=\"56\"><strong>16.00<\/strong><\/td>\n<td width=\"576\">Spotkanie i nauk\u0105 dla klas IV,V,VI,VII S.P.<\/td>\n<\/tr>\n<tr>\n<td width=\"56\"><strong>17.00<\/strong><\/td>\n<td width=\"576\">Spotkanie i nauka dla dzieci klas 0, I, II, III&nbsp; S.P.<\/td>\n<\/tr>\n<tr>\n<td width=\"56\"><strong>18.00<\/strong><\/td>\n<td width=\"576\">Msza \u015bw. z nauk\u0105 dla doros\u0142ych<\/td>\n<\/tr>\n<tr>\n<td width=\"56\"><strong>19.15<\/strong><\/td>\n<td width=\"576\">Spotkanie i nauka dla m\u0142odzie\u017cy \/ kandydat\u00f3w do Sakramentu Bierzmowania<\/td>\n<\/tr>\n<tr>\n<td width=\"56\"><strong>20.00<\/strong><\/td>\n<td width=\"576\">Msza \u015bw. z nauk\u0105 dla doros\u0142ych<\/td>\n<\/tr>\n<tr>\n<td colspan=\"2\" width=\"633\"><strong>\u015aRODA 2 kwietnia 2025 r.<\/strong><\/td>\n<\/tr>\n<tr>\n<td width=\"56\"><strong>8.00<\/strong><\/td>\n<td width=\"576\">Msza \u015bw. z nauk\u0105 dla doros\u0142ych<\/td>\n<\/tr>\n<tr>\n<td width=\"56\"><strong>9.15<\/strong><\/td>\n<td width=\"576\">Msza \u015bw. z nauk\u0105 dla klas IV -VIII Szko\u0142y Podstawowej<\/td>\n<\/tr>\n<tr>\n<td width=\"56\"><strong>11.00<\/strong><\/td>\n<td width=\"576\">Msza \u015bw. z nauk\u0105 dla doros\u0142ych<\/td>\n<\/tr>\n<tr>\n<td width=\"56\"><strong>12.15<\/strong><\/td>\n<td width=\"576\">Msza \u015bw. z nauk\u0105 dla klas 0, I, II, III Szko\u0142y Podstawowej<\/td>\n<\/tr>\n<tr>\n<td width=\"56\"><strong>15.00<\/strong><\/td>\n<td width=\"576\">Odwiedziny chorych &#8211; zg\u0142oszonych w zakrystii<\/td>\n<\/tr>\n<tr>\n<td width=\"56\"><strong>17.00<\/strong><\/td>\n<td width=\"576\"><strong>Adoracja Naj\u015bwi\u0119tszego Sakramentu<\/strong><\/td>\n<\/tr>\n<tr>\n<td width=\"56\"><strong>18.00<\/strong><\/td>\n<td width=\"576\">Msza \u015bw. z nauk\u0105 dla doros\u0142ych<\/td>\n<\/tr>\n<tr>\n<td width=\"56\"><strong>20.00<\/strong><\/td>\n<td width=\"576\">Msza \u015bw. z nauk\u0105 dla m\u0142odzie\u017cy \/ kandydat\u00f3w do Sakramentu Bierzmowania<\/td>\n<\/tr>\n<\/tbody>\n<\/table>\n<p>&nbsp;<\/p>\n<p style=\"font-weight: 400; text-align: center;\"><strong><u>SPOWIED\u0179 P\u00d3\u0141 GODZINY PRZED KA\u017bD\u0104 MSZ\u0104 \u015aWI\u0118T\u0104 <\/u><\/strong><\/p>\n<p style=\"font-weight: 400; text-align: center;\"><strong><u>ZAPRASZAMY.<\/u><\/strong><\/p>\n<p>&nbsp;<\/p>\n<p>&nbsp;<\/p>\n<p><img decoding=\"async\" class=\"aligncenter\" src=\"http:\/\/rafalk-elblag.pl\/wp-content\/uploads\/2020\/04\/baner-intencje-mszy.jpg\" alt=\"Obrazek posiada pusty atrybut alt; plik o nazwie baner-intencje-mszy.jpg\"><\/p>\n<table style=\"font-weight: 400;\" width=\"716\">\n<tbody>\n<tr>\n<td colspan=\"2\" width=\"716\"><strong>IV Niedziela Wielkiego Postu\/ \u0141k 15, 1-3.11-32 30 marca 2025&nbsp; \/ REKOLEKCJE<\/strong><\/td>\n<\/tr>\n<tr>\n<td width=\"73\"><strong>8.00<\/strong><\/td>\n<td width=\"643\"><strong>Za parafian<\/strong><\/td>\n<\/tr>\n<tr>\n<td width=\"73\"><strong>10.00<\/strong><\/td>\n<td width=\"643\">\u015bp. Apolonia LIZUT w 13 rocz. \u015bmierci i zmar\u0142ych z rodzin JANKOWSKICH : &nbsp;&nbsp;&nbsp;&nbsp;&nbsp;&nbsp;&nbsp;&nbsp;&nbsp;&nbsp;&nbsp;&nbsp;&nbsp;&nbsp;&nbsp;&nbsp;&nbsp;&nbsp;&nbsp;&nbsp;&nbsp;&nbsp;&nbsp;\u015bp. Franciszka(k), Jan, Janusz oraz z rodziny PIOTROWSKICH: \u015bp. Maria, Mariusz, Tomasz, Wiktoria<\/td>\n<\/tr>\n<tr>\n<td width=\"73\"><strong>10.00<\/strong><\/td>\n<td width=\"643\">\u015bp. Genowefa i Pawe\u0142 LAMPARSCY, \u015bp. Justyna, Kazimierz HUSZCZA<\/td>\n<\/tr>\n<tr>\n<td width=\"73\"><strong>12.00<\/strong><\/td>\n<td width=\"643\">Dzi\u0119kczynna za wsp\u00f3lne prze\u017cyte 50 lat Zofii i Henryka POTURA\u0141A z pro\u015bb\u0105 o Bo\u017ce b\u0142ogos\u0142awie\u0144stwo , opiek\u0119 M.B. Szkaplerznej na dalsz\u0105 drog\u0119 Z\u0142otych JUBILAT\u00d3W oraz za dzieci i wnuk\u00f3w<\/td>\n<\/tr>\n<tr>\n<td width=\"73\"><strong>15.00<\/strong><\/td>\n<td width=\"643\">\u015bp. Lutos\u0142aw DUSZNIAK gr. 30<\/td>\n<\/tr>\n<tr>\n<td width=\"73\"><strong>18.00<\/strong><\/td>\n<td width=\"643\">Dzi\u0119kczynna z okazji 70 urodzin Marii TONGA z pro\u015bb\u0105 o Bo\u017ce b\u0142ogos\u0142awie\u0144stwo, potrzebne \u0142aski dla Jubilatki \u2013 intencja od Ksawerego i Oskara<\/td>\n<\/tr>\n<tr>\n<td colspan=\"2\" width=\"716\"><strong>PONIEDZIA\u0141EK \/ 31 marca<\/strong><strong> 2025\/ J 4,43-54 \/ REKOLEKCJE<\/strong><\/td>\n<\/tr>\n<tr>\n<td width=\"73\"><strong>8.00<\/strong><\/td>\n<td width=\"643\">Za zmar\u0142ych rodzic\u00f3w: Janina i Tomasz, oraz za \u015bp. Stanis\u0142awa (k) i Edward &nbsp;&nbsp;&nbsp;&nbsp;&nbsp;&nbsp;&nbsp;&nbsp;&nbsp;&nbsp;&nbsp;&nbsp;&nbsp;&nbsp;&nbsp;&nbsp;&nbsp;&nbsp;&nbsp;&nbsp;&nbsp;&nbsp;i zmar\u0142ych z rodzin WNUK i CHMIELEWSKICH<\/td>\n<\/tr>\n<tr>\n<td width=\"73\"><strong>8.00<\/strong><\/td>\n<td width=\"643\">\u015bp. Stefan BOROWIECKI w 38 rocz. \u015bmierci oraz zmar\u0142ych \u015bp. Tadeusz, Longina, Kazimierz i Jadwiga<\/td>\n<\/tr>\n<tr>\n<td width=\"73\"><strong>11.00<\/strong><\/td>\n<td width=\"643\">Dzi\u0119kczynno &nbsp;\u2013 b\u0142agalna z okazji 80 urodzin Zbigniewa<\/td>\n<\/tr>\n<tr>\n<td width=\"73\"><strong>18.00<\/strong><\/td>\n<td width=\"643\">\u015bp. Jadwiga w 10 rocznic\u0119 \u015bmierci<\/td>\n<\/tr>\n<tr>\n<td width=\"73\"><strong>20.00<\/strong><\/td>\n<td width=\"643\">O \u0142ask\u0119 zdrowia i Bo\u017ce b\u0142ogos\u0142awie\u0144stwo w chorobie nowotworowej dla Ewy oraz &nbsp;&nbsp;&nbsp;&nbsp;&nbsp;&nbsp;&nbsp;&nbsp;&nbsp;&nbsp;&nbsp;&nbsp;&nbsp;&nbsp;&nbsp;&nbsp;&nbsp;&nbsp;o ufno\u015b\u0107 i wiar\u0119 dla ca\u0142ej rodziny<\/td>\n<\/tr>\n<tr>\n<td colspan=\"2\" width=\"716\"><strong>WTOREK&nbsp; \/ 1 kwietnia 2025\/ J 5, 1-16\/ REKOLEKCJE<\/strong><\/td>\n<\/tr>\n<tr>\n<td width=\"73\"><strong>8.00<\/strong><\/td>\n<td width=\"643\">\u015bp. Andrzej BARA\u0143SKI w 12 rocznic\u0119 \u015bmierci, \u015bp. Stefania(k) KONIECZNA &nbsp;&nbsp;&nbsp;&nbsp;&nbsp;&nbsp;&nbsp;&nbsp;&nbsp;&nbsp;&nbsp;&nbsp;&nbsp;&nbsp;&nbsp;&nbsp;&nbsp;&nbsp;&nbsp;&nbsp;&nbsp;&nbsp;w 6 rocznice \u015bmierci<\/td>\n<\/tr>\n<tr>\n<td width=\"73\"><strong>11.00<\/strong><\/td>\n<td width=\"643\">\u015bp. Danuta CHY\u0141A \u2013 intencja od uczestnik\u00f3w pogrzebu<\/td>\n<\/tr>\n<tr>\n<td width=\"73\"><strong>18.00<\/strong><\/td>\n<td width=\"643\">Dzi\u0119kczynna z okazji urodzin Krystyny z pro\u015bb\u0105 o Bo\u017ce b\u0142ogos\u0142awie\u0144stwo, dary Ducha \u015awi\u0119tego i opiek\u0119 Matki Bo\u017cej Szkaplerznej<\/td>\n<\/tr>\n<tr>\n<td width=\"73\"><strong>20.00<\/strong><\/td>\n<td width=\"643\">\u015bp. Barbara STARZY\u0143SKA w 1 rocznic\u0119 \u015bmierci<\/td>\n<\/tr>\n<tr>\n<td colspan=\"2\" width=\"716\"><strong>\u015aRODA \/ 2 kwietnia 2025 <\/strong>\/ J 5, 17-30\/ REKOLEKCJE<\/td>\n<\/tr>\n<tr>\n<td width=\"73\"><strong>8.00<\/strong><\/td>\n<td width=\"643\">\u015bp. Edward w 40 rocznic\u0119 \u015bmierci, \u015bp. Stanis\u0142awa(k) i J\u00f3zef w 34 rocz. \u015bmierci, &nbsp;&nbsp;&nbsp;&nbsp;&nbsp;&nbsp;&nbsp;&nbsp;&nbsp;&nbsp;&nbsp;&nbsp;&nbsp;&nbsp;&nbsp;&nbsp;&nbsp;&nbsp;&nbsp;&nbsp;&nbsp;\u015bp. Barbara i zmar\u0142ych z rodzin OSOWSKICH i WALA<\/td>\n<\/tr>\n<tr>\n<td width=\"73\"><strong>9.15<\/strong><\/td>\n<td width=\"643\">Za dzieci i m\u0142odzie\u017c za Szko\u0142y Podstawowej nr.11<\/td>\n<\/tr>\n<tr>\n<td width=\"73\"><strong>11.00<\/strong><\/td>\n<td width=\"643\">\u015bp. Janina w 15 rocznic\u0119 \u015bmierci<\/td>\n<\/tr>\n<tr>\n<td width=\"73\"><strong>12.15<\/strong><\/td>\n<td width=\"643\">Za nauczycieli, katechet\u00f3w i pracownik\u00f3w o\u015bwiaty o potrzebne \u0142aski, m\u0105dro\u015b\u0107 \u015bwiat\u0142o Ducha \u015awi\u0119tego w przekazywaniu dobrych warto\u015bci wychowawczych&nbsp; &nbsp;<\/td>\n<\/tr>\n<tr>\n<td width=\"73\"><strong>18.00<\/strong><\/td>\n<td width=\"643\">\u015bp. Antoni TOMASZEWICZ w 30 dzie\u0144 po pogrzebie<\/td>\n<\/tr>\n<tr>\n<td width=\"73\"><strong>20.00<\/strong><\/td>\n<td width=\"643\">Dzi\u0119kczynna w 45 urodziny Grzegorza z pro\u015bb\u0105 o Bo\u017ce b\u0142ogos\u0142. i opiek\u0119 Matki Bo\u017cej Szkaplerznej<\/td>\n<\/tr>\n<tr>\n<td colspan=\"2\" width=\"716\"><strong>CZWARTEK \/ 3 kwietnia 2025 \/ J 5,31-47\/ Pierwszy czwartek miesi\u0105ca<\/strong><\/td>\n<\/tr>\n<tr>\n<td width=\"73\"><strong>8.00<\/strong><\/td>\n<td width=\"643\">\u015bp. Stefan P\u0141OTKA w 30 dzie\u0144 po pogrzebie<\/td>\n<\/tr>\n<tr>\n<td width=\"73\"><strong>18.00<\/strong><\/td>\n<td width=\"643\">\u015bp. Stanis\u0142aw(m) HRY\u0143 w 19 rocz. \u015bmierci, sp. Emilia HRY\u0143 i zmar\u0142ych rodzic\u00f3w z obojga stron<\/td>\n<\/tr>\n<tr>\n<td colspan=\"2\" width=\"716\"><strong>PI\u0104TEK \/ 4 kwietnia 2025 \/ J 7, 1-2.10.25-30&nbsp; \/ Pierwszy pi\u0105tek miesi\u0105ca<\/strong><\/td>\n<\/tr>\n<tr>\n<td width=\"73\"><strong>8.00<\/strong><\/td>\n<td width=\"643\">\u015bp. Stanis\u0142awa(k) OBSZA\u0143SKA w 25 rocznic\u0119 \u015bmierci i zmar\u0142ych z rodziny<\/td>\n<\/tr>\n<tr>\n<td width=\"73\"><strong>18.00<\/strong><\/td>\n<td width=\"643\">W intencji czcicieli Naj\u015bwi\u0119tszego Serca Pana Jezusa oraz za osoby, kt\u00f3re podj\u0119\u0142y praktyk\u0119 IX pierwszych pi\u0105tk\u00f3w miesi\u0105ca o gorliwo\u015b\u0107 i wytrwa\u0142o\u015b\u0107.<\/td>\n<\/tr>\n<tr>\n<td colspan=\"2\" width=\"716\"><strong>SOBOTA \/ 5 kwietnia 2025 \/ J 7, 40-53\/ Pierwsza sobota miesi\u0105ca<\/strong><\/td>\n<\/tr>\n<tr>\n<td width=\"73\"><strong>8.00<\/strong><\/td>\n<td width=\"643\">\u015bp. Teresa URBANIAK, \u015bp. Wanda WILMA<\/td>\n<\/tr>\n<tr>\n<td width=\"73\"><strong>17.00<\/strong><\/td>\n<td width=\"643\"><strong>Nabo\u017ce\u0144stwo wynagradzaj\u0105ce Niepokalanemu Sercu Maryi <\/strong><\/td>\n<\/tr>\n<tr>\n<td width=\"73\"><strong>18.00<\/strong><\/td>\n<td width=\"643\">O owoce zako\u0144czonych Rekolekcji Wielkopostnych w naszej parafii oraz w intencji wynagradzaj\u0105cej N.S.N. M.P. &#8211; intencja od V R\u00f3\u017cy M. B. Fatimskiej<\/td>\n<\/tr>\n<tr>\n<td width=\"73\"><strong>18.00<\/strong><\/td>\n<td width=\"643\">\u015bp. Jan SO\u0141TYS<\/td>\n<\/tr>\n<\/tbody>\n<\/table>\n<p>&nbsp;<\/p>\n","protected":false},"excerpt":{"rendered":"<p>REKOLEKCJE WIELKOPOSTNE W czasie czterdziestu dni Wielkiego Postu warto zaplanowa\u0107 czas rekolekcji, czas zastanowienia si\u0119 nad sob\u0105 i nad swoim \u017cyciem. Zatrzyma\u0107 si\u0119 na chwil\u0119, wyciszy\u0107 i zamy\u015bli\u0107. Spotka\u0107 Boga i spotka\u0107 si\u0119 sam na sam ze sob\u0105. Trzeba wyj\u015b\u0107 na pustyni\u0119, bo tam jest cisza, spok\u00f3j i milczenie. Wtedy mo\u017cna us\u0142ysze\u0107 siebie. A mo\u017ce [&hellip;]<\/p>\n","protected":false},"author":1,"featured_media":5734,"comment_status":"closed","ping_status":"closed","sticky":false,"template":"","format":"standard","meta":{"ngg_post_thumbnail":0,"footnotes":""},"categories":[11,8,4,3],"tags":[],"class_list":["post-5733","post","type-post","status-publish","format-standard","has-post-thumbnail","hentry","category-aktualnosci","category-blog","category-intencje","category-ogloszenia"],"_links":{"self":[{"href":"https:\/\/rafalk-elblag.pl\/index.php?rest_route=\/wp\/v2\/posts\/5733","targetHints":{"allow":["GET"]}}],"collection":[{"href":"https:\/\/rafalk-elblag.pl\/index.php?rest_route=\/wp\/v2\/posts"}],"about":[{"href":"https:\/\/rafalk-elblag.pl\/index.php?rest_route=\/wp\/v2\/types\/post"}],"author":[{"embeddable":true,"href":"https:\/\/rafalk-elblag.pl\/index.php?rest_route=\/wp\/v2\/users\/1"}],"replies":[{"embeddable":true,"href":"https:\/\/rafalk-elblag.pl\/index.php?rest_route=%2Fwp%2Fv2%2Fcomments&post=5733"}],"version-history":[{"count":2,"href":"https:\/\/rafalk-elblag.pl\/index.php?rest_route=\/wp\/v2\/posts\/5733\/revisions"}],"predecessor-version":[{"id":5736,"href":"https:\/\/rafalk-elblag.pl\/index.php?rest_route=\/wp\/v2\/posts\/5733\/revisions\/5736"}],"wp:featuredmedia":[{"embeddable":true,"href":"https:\/\/rafalk-elblag.pl\/index.php?rest_route=\/wp\/v2\/media\/5734"}],"wp:attachment":[{"href":"https:\/\/rafalk-elblag.pl\/index.php?rest_route=%2Fwp%2Fv2%2Fmedia&parent=5733"}],"wp:term":[{"taxonomy":"category","embeddable":true,"href":"https:\/\/rafalk-elblag.pl\/index.php?rest_route=%2Fwp%2Fv2%2Fcategories&post=5733"},{"taxonomy":"post_tag","embeddable":true,"href":"https:\/\/rafalk-elblag.pl\/index.php?rest_route=%2Fwp%2Fv2%2Ftags&post=5733"}],"curies":[{"name":"wp","href":"https:\/\/api.w.org\/{rel}","templated":true}]}}