{"id":5729,"date":"2025-03-22T17:45:54","date_gmt":"2025-03-22T17:45:54","guid":{"rendered":"https:\/\/rafalk-elblag.pl\/?p=5729"},"modified":"2025-03-20T09:55:44","modified_gmt":"2025-03-20T09:55:44","slug":"ogloszenia-parafialne-23-03-2025-r-iii-niedziela-wielkiego-postu","status":"publish","type":"post","link":"https:\/\/rafalk-elblag.pl\/?p=5729","title":{"rendered":"OG\u0141OSZENIA PARAFIALNE  23.03.2025 r. &#8211; III NIEDZIELA WIELKIEGO POSTU"},"content":{"rendered":"<p><strong>Co to jest Wielki Post?<\/strong><\/p>\n<p><strong>Czym jest pokuta? W jaki spos\u00f3b pokuta wyra\u017ca si\u0119 w \u017cyciu chrze\u015bcija\u0144skim?<\/strong><\/p>\n<p>Pokuta, \u0142aci\u0144skie t\u0142umaczenie greckiego s\u0142owa <em>metanoia<\/em>, kt\u00f3re w Biblii oznacza nawr\u00f3cenie (duchow\u0105 przemian\u0119) grzesznika. Okre\u015bla ono ca\u0142y zesp\u00f3\u0142 wewn\u0119trznych i zewn\u0119trznych czyn\u00f3w, maj\u0105cych na celu zado\u015b\u0107uczynienie za pope\u0142niony grzech i wynikaj\u0105cy z niego stan faktyczny grzesznika.<\/p>\n<p><strong>Dos\u0142ownie m\u00f3wi si\u0119 o przemianie \u017cycia grzesznika, kt\u00f3ry powraca do Boga po tym, jak si\u0119 od Niego oddali\u0142, lub o niewierz\u0105cym, kt\u00f3ry zaczyna wierzy\u0107.<\/strong><\/p>\n<p>&#8222;Wewn\u0119trzna pokuta chrze\u015bcijanina mo\u017ce wyra\u017ca\u0107 si\u0119 w bardzo zr\u00f3\u017cnicowanych formach. Pismo \u015bwi\u0119te i Ojcowie Ko\u015bcio\u0142a k\u0142ad\u0105 nacisk szczeg\u00f3lnie na trzy formy: <strong>post, modlitw\u0119 i ja\u0142mu\u017cn\u0119.<\/strong><\/p>\n<p>Wyra\u017caj\u0105 one nawr\u00f3cenie w odniesieniu do samego siebie, do Boga i do innych ludzi. Obok radykalnego oczyszczenia, jakiego dokonuje chrzest lub m\u0119cze\u0144stwo, wymienia si\u0119 jako \u015brodek otrzymania przebaczenia grzech\u00f3w: wysi\u0142ki podejmowane w celu pojednania si\u0119 z bli\u017anim, \u0142zy pokuty, trosk\u0119 o zbawienie bli\u017aniego wstawiennictwo \u015bwi\u0119tych i praktykowanie mi\u0142o\u015bci, kt\u00f3ra &#8222;zakrywa wiele grzech\u00f3w&#8221;<\/p>\n<p style=\"font-weight: 400;\"><strong>Co to jest nawr\u00f3cenie? Dlaczego ochrzczeni chrze\u015bcijanie musz\u0105 si\u0119 nawraca\u0107?<\/strong><\/p>\n<p style=\"font-weight: 400;\">Nawr\u00f3ci\u0107 si\u0119 to pojedna\u0107 si\u0119 z Bogiem, odwr\u00f3ci\u0107 si\u0119 od z\u0142a, nawi\u0105za\u0107 przyja\u017a\u0144 ze Stw\u00f3rc\u0105. Wi\u0105\u017ce si\u0119 to z pokut\u0105 i wyznaniem ka\u017cdego z naszych grzech\u00f3w. B\u0119d\u0105c w \u0142asce (bez \u015bwiadomo\u015bci grzechu \u015bmiertelnego), musimy zmieni\u0107 od wewn\u0105trz (w swojej postawie) wszystko, co nie podoba si\u0119 Bogu.<\/p>\n<p style=\"font-weight: 400;\">Wezwanie Chrystusa do nawr\u00f3cenia nadal rozbrzmiewa w \u017cyciu chrze\u015bcijan. To drugie nawr\u00f3cenie jest nieprzerwanym zadaniem ca\u0142ego Ko\u015bcio\u0142a, kt\u00f3ry \u00abprzyjmuje grzesznik\u00f3w na swoje \u0142ono\u00bb i kt\u00f3ry b\u0119d\u0105c \u00ab\u015bwi\u0119ty, a zarazem potrzebuj\u0105cy nieustannego oczyszczenia, nieustannie szuka pokuty i odnowy\u00bb.<\/p>\n<p style=\"font-weight: 400;\">Ten wysi\u0142ek nawr\u00f3cenia nie jest jedynie dzie\u0142em ludzkim. <strong>Jest on poruszeniem &#8222;skruszonego serca&#8221;, poci\u0105gni\u0119tego i dotkni\u0119tego \u0142ask\u0105, pobudzaj\u0105c\u0105 do odpowiedzi na mi\u0142osiern\u0105 mi\u0142o\u015b\u0107 Boga, kt\u00f3ry pierwszy nas umi\u0142owa\u0142. <\/strong><\/p>\n<p style=\"font-weight: 400;\">Nawr\u00f3cenie jest spraw\u0105 jednej chwili; u\u015bwi\u0119cenie jest zadaniem na ca\u0142e \u017cycie. Ziarno mi\u0142o\u015bci, kt\u00f3re B\u00f3g zasia\u0142 w naszych duszach, pragnie wzrasta\u0107, przejawia\u0107 si\u0119 w czynach, wydawa\u0107 owoce, kt\u00f3re w ka\u017cdej chwili b\u0119d\u0105 zgodne z tym, co jest mi\u0142e Panu. St\u0105d te\u017c niezb\u0119dna jest gotowo\u015b\u0107 rozpoczynania na nowo, odnajdywania na nowo &#8211; we wci\u0105\u017c nowych sytuacjach swojego \u017cycia &#8211; \u015bwiat\u0142a i impulsu pierwszego nawr\u00f3cenia.<\/p>\n<p>&nbsp;<\/p>\n<p><a href=\"http:\/\/rafalk-elblag.pl\/wp-content\/uploads\/2021\/08\/ogloszenia-parafialne-baner-01a.jpg\"><img decoding=\"async\" class=\"aligncenter\" src=\"http:\/\/rafalk-elblag.pl\/wp-content\/uploads\/2021\/08\/ogloszenia-parafialne-baner-01a.jpg\" alt=\"Obrazek posiada pusty atrybut alt; plik o nazwie ogloszenia-parafialne-baner-01a.jpg\"><\/a><\/p>\n<p style=\"font-weight: 400; text-align: center;\"><strong>OG\u0141OSZENIA PARAFIALNE&nbsp; 23.03.2025 r.<\/strong><\/p>\n<p style=\"font-weight: 400; text-align: center;\"><strong>III NIEDZIELA WIELKIEGO POSTU<\/strong><\/p>\n<p style=\"font-weight: 400; text-align: center;\"><strong>&nbsp;<\/strong><\/p>\n<ol>\n<li><strong>W WIELKIEM POSCIE<\/strong> zapraszamy<strong> na Adoracj\u0119 Naj\u015bwi\u0119tszego Sakramentu:<\/strong><\/li>\n<\/ol>\n<ul>\n<li>w niedziele od godz. 16:00 do godz. 17:15<\/li>\n<li>w czwartki po Mszy \u015bw. wieczorowej do godz. 20:00.<\/li>\n<\/ul>\n<p style=\"font-weight: 400;\"><strong><em>Przyjd\u017a, by&nbsp; w ciszy spotka\u0107 si\u0119 z Jezusem.<\/em><\/strong><\/p>\n<ol start=\"2\">\n<li><strong>\u201eRADOSNEGO DAWC\u0118 MI\u0141UJE B\u00d3G\u201d. <\/strong>Przy Biuletynie Parafialnym znajduj\u0105 si\u0119 <strong>SKARBONKI <\/strong>na <strong>JA\u0141MU\u017bN\u0118 WIELKOPOSTN\u0104 2025. <\/strong>Zach\u0119cam, by w\u0142\u0105czy\u0107 si\u0119 w t\u0119 og\u00f3lnopolsk\u0105 akcj\u0119 pomocy seniorom poprzez swoje dowolne ofiary, kt\u00f3re przyniesiemy w niedziele Mi\u0142osierdzia Bo\u017cego.<\/li>\n<li>Zapraszamy dzisiaj osoby odpowiedzialne na swoje \u201eMARGARETKI\u201d naspotkanie &nbsp;&nbsp;&nbsp;&nbsp;&nbsp;&nbsp;&nbsp;&nbsp;&nbsp;&nbsp;&nbsp;&nbsp;&nbsp;&nbsp;&nbsp;&nbsp;&nbsp;&nbsp;&nbsp;&nbsp;&nbsp;&nbsp;&nbsp;&nbsp;&nbsp;o godz. 16:00 do salki na plebani.<\/li>\n<li><strong><em>Drogi Parafianinie<\/em><\/strong><em> czy odkry\u0142e\u015b warto\u015b\u0107 okresowych lub sta\u0142ych przyrzecze\u0144 abstynenckich w Wielkim Po\u015bcie ? Je\u015bli tak &#8211; to prosz\u0119 o wpisanie si\u0119 do PARAFIALNEJ KSI\u0118GI TRZE\u0179WO\u015aCI wy\u0142o\u017conej na stoliku pod ch\u00f3rem przed obrazem Matki Bo\u017cej Nieustaj\u0105cej Pomocy. <\/em><\/li>\n<li><strong>W WIELKIM PO\u015aCIE<\/strong> w ka\u017cd\u0105 niedziel\u0119 zapraszamy na \u015bpiewanie <strong>GODZINEK KU CZCI M\u0118KI PA\u0143SKIEJ<\/strong> o godz. 7:40 oraz na <strong>GORZKIE \u017bALE<\/strong> z kazaniem pasyjnym &nbsp;&nbsp;&nbsp;&nbsp;&nbsp;&nbsp;&nbsp;&nbsp;&nbsp;&nbsp;&nbsp;o godz. 17:15.&nbsp; Natomiast w pi\u0105tki zapraszamy na<strong> DROG\u0118 KRZY\u017bOW\u0104 o godz. 16:30 &nbsp;&nbsp;&nbsp;&nbsp;&nbsp;&nbsp;&nbsp;&nbsp;&nbsp;&nbsp;&nbsp;&nbsp;&nbsp;z udzia\u0142em dzieci &nbsp;lub o godz. 17:15 dla doros\u0142ych i m\u0142odzie\u017cy.<\/strong><\/li>\n<li><strong>We wtorek 25 marca br. przypada 33 rocznica powstania DIECEZJI ELBLASKIEJ.<\/strong>Zach\u0119cam<em>y<\/em> do modlitwy za nasz\u0105 diecezj\u0119. Pami\u0119tajmy, \u017ce Uroczysto\u015b\u0107 Zwiastowania Pa\u0144skiego to <strong>DZIE\u0143 \u015aWI\u0118TO\u015aCI \u017bYCIA. Msze \u015bw. w naszej parafii o godz. 8:00 i 18:00<\/strong>. Przy Biuletynie wy\u0142o\u017cone s\u0105 kartki dla os\u00f3b pragn\u0105cych w\u0142\u0105czy\u0107 si\u0119 w to wielkie dzie\u0142o modlitewne &#8211; OBRONY \u017bYCIA jakim jest Dzie\u0142o Duchowej Adopcji.<\/li>\n<li><strong>Za tydzie\u0144 30 marca br. rozpoczniemy nasze tegoroczne Rekolekcje Wielkopostne dla wszystkich parafian..<\/strong> Poprowadzi je ks. Piotr KANAREK studiuj\u0105cy na KUL-u w Lublinie. <em>Uczy\u0144my wszystko, aby wzi\u0105\u0107 w nich udzia\u0142. Pro\u015bmy o potrzebne dary Ducha \u015awi\u0119tego dla ks. Piotra i dla nas, by\u015bmy byli otwarci na g\u0142oszone S\u0142owo. <\/em>Informujemy, &nbsp;&nbsp;&nbsp;&nbsp;&nbsp;&nbsp;&nbsp;&nbsp;&nbsp;&nbsp;&nbsp;&nbsp;&nbsp;&nbsp;\u017ce w poniedzia\u0142ek, wtorek i w \u015brod\u0119 Msze \u015awi\u0119te z naukami dla doros\u0142ych odb\u0119d\u0105 si\u0119&nbsp;&nbsp;&nbsp;&nbsp;&nbsp;&nbsp;&nbsp;&nbsp;&nbsp;&nbsp;&nbsp;&nbsp;&nbsp;&nbsp;&nbsp;&nbsp;&nbsp;&nbsp;&nbsp;&nbsp;&nbsp;&nbsp;&nbsp;&nbsp;&nbsp;&nbsp;&nbsp;&nbsp; <strong>o godz. 8:00, 11:00, 18:00, 20:00.<\/strong><\/li>\n<li><strong>Zach\u0119cam wiernych do przekazania 1,5% podatku dla Caritas Polska<\/strong>.<\/li>\n<li><strong>W ostatni\u0105 niedziel\u0119 przed ko\u015bcio\u0142em zebrano 5802 z\u0142<\/strong>. w ramach pomocy leczenia dla Anny \u0141uszczyk. <em>Dzi\u0119kujemy za zrozumienie i okazane serce. B\u00f3g zap\u0142a\u0107.<\/em><\/li>\n<li>Zach\u0119camy do nabywania nowego numeru <strong>\u201eGo\u015bcia Niedzielnego\u201d<\/strong> z dodatkiem.<\/li>\n<\/ol>\n<table style=\"font-weight: 400;\" width=\"680\">\n<tbody>\n<tr>\n<td width=\"680\">\n<p style=\"text-align: center;\"><strong>Numer Konta Parafialnego<\/strong><\/p>\n<p style=\"text-align: center;\"><strong>PKO BP 72 1020 1752 0000 0102 0069 6047<\/strong><\/p>\n<\/td>\n<\/tr>\n<\/tbody>\n<\/table>\n<p>&nbsp;<\/p>\n<p><img decoding=\"async\" class=\"aligncenter\" src=\"http:\/\/rafalk-elblag.pl\/wp-content\/uploads\/2020\/04\/baner-intencje-mszy.jpg\" alt=\"Obrazek posiada pusty atrybut alt; plik o nazwie baner-intencje-mszy.jpg\"><\/p>\n<table style=\"font-weight: 400;\" width=\"716\">\n<tbody>\n<tr>\n<td colspan=\"2\" width=\"716\"><strong>III Niedziela Wielkiego Postu 23 marca 2025&nbsp; \/ \u0141k 3, 1-9<\/strong><\/td>\n<\/tr>\n<tr>\n<td width=\"73\"><strong>8.00<\/strong><\/td>\n<td width=\"643\">\u015bp. Regina i Artur KOWALSCY<\/td>\n<\/tr>\n<tr>\n<td width=\"73\"><strong>10.00<\/strong><\/td>\n<td width=\"643\">\u015bp. Leon JURGIELEWICZ w 15 rocznice \u015bmierci<\/td>\n<\/tr>\n<tr>\n<td width=\"73\"><strong>10.00<\/strong><\/td>\n<td width=\"643\">\u015bp. Zygmunt ZDROJEWSKI w 21 r. \u015bmierci, \u015bp. Kazimiera(k), J\u00f3zef, Jan z rodz. CYWI\u0143SKICH<\/td>\n<\/tr>\n<tr>\n<td width=\"73\"><strong>12.00<\/strong><\/td>\n<td width=\"643\">Dzi\u0119kczynna w 50 r. \u015blubu Was\u0142awy i Stanis\u0142awa WA\u015aNIEWSKICH o Bo\u017ce B\u0142og. i potrzebne \u0141aski dla z\u0142otych Jubilat\u00f3w<\/td>\n<\/tr>\n<tr>\n<td width=\"73\"><strong>15.00<\/strong><\/td>\n<td width=\"643\">\u015bp. Henryka CHWA\u0141A<\/td>\n<\/tr>\n<tr>\n<td width=\"73\"><strong>18.00<\/strong><\/td>\n<td width=\"643\">\u015bp. Lutos\u0142aw DUSZNIAK gr. 23<\/td>\n<\/tr>\n<tr>\n<td colspan=\"2\" width=\"716\"><strong>PONIEDZIA\u0141EK \/ 24 marca<\/strong><strong> 2025\/ \u0141k 4, 24-30<\/strong><\/td>\n<\/tr>\n<tr>\n<td width=\"73\"><strong>8.00<\/strong><\/td>\n<td width=\"643\">\u015bp. Lutos\u0142aw DUSZNIAK gr. 24<\/td>\n<\/tr>\n<tr>\n<td width=\"73\"><strong>18.00<\/strong><\/td>\n<td width=\"643\">\u015bp. Stefan, Jan, Paulina z rodziny SZCZE\u015aNIAK\u00d3W<\/td>\n<\/tr>\n<tr>\n<td width=\"73\"><strong>18.00<\/strong><\/td>\n<td width=\"643\">Dzi\u0119kczynna z okazji 75 urodzin Janiny z pro\u015bb\u0105 o Bo\u017ce b\u0142ogos\u0142awie\u0144stwo, opiek\u0119 Matki Bo\u017cej i \u015bwi\u0119tych patron\u00f3w<\/td>\n<\/tr>\n<tr>\n<td colspan=\"2\" width=\"716\"><strong>WTOREK&nbsp; \/ 25 marca 2025\/ \u0141k 1, 26-38<\/strong><\/p>\n<p><strong>UROCZYSTO\u015a\u0106 ZWIASTOWANIA PA\u0143SKIEGO<\/strong><\/td>\n<\/tr>\n<tr>\n<td width=\"73\"><strong>8.00<\/strong><\/td>\n<td width=\"643\">\u015bp. Lidia w 10 rocznice \u015bmierci, \u015bp. Franciszek SZURKA<\/td>\n<\/tr>\n<tr>\n<td width=\"73\"><strong>18.00<\/strong><\/td>\n<td width=\"643\">\u015bp. Lutos\u0142aw DUSZNIAK gr. 25<\/td>\n<\/tr>\n<tr>\n<td width=\"73\"><strong>18.00<\/strong><\/td>\n<td width=\"643\">\u015bp. Czes\u0142aw BUCHNOWSKI w 9 rocznic\u0119 \u015bmierci<\/td>\n<\/tr>\n<tr>\n<td colspan=\"2\" width=\"716\"><strong>\u015aRODA \/ 26 marca 2025 <\/strong>\/ Mt 5, 17-19<\/td>\n<\/tr>\n<tr>\n<td width=\"73\"><strong>8.00<\/strong><\/td>\n<td width=\"643\">\u015bp. Cyryla(k) KIEZA, \u015bp. J\u00f3zef Czeszejko \u2013 Sochacki w 1 rocznice \u015bmierci<\/td>\n<\/tr>\n<tr>\n<td width=\"73\"><strong>18.00<\/strong><\/td>\n<td width=\"643\">\u015bp. Danuta KONDRACKA w 11 miesi\u0105c po \u015bmierci<\/td>\n<\/tr>\n<tr>\n<td width=\"73\"><strong>18.00<\/strong><\/td>\n<td width=\"643\">\u015bp. Lutos\u0142aw DUSZNIAK gr. 26<\/td>\n<\/tr>\n<tr>\n<td colspan=\"2\" width=\"716\"><strong>CZWARTEK \/ 27 marca 2025 \/ \u0141k 11, 14-23<\/strong><\/td>\n<\/tr>\n<tr>\n<td width=\"73\"><strong>8.00<\/strong><\/td>\n<td width=\"643\">\u015bp. Jerzy CIESIELSKI w 2 rocznic\u0119 \u015bmierci<\/td>\n<\/tr>\n<tr>\n<td width=\"73\"><strong>18.00<\/strong><\/td>\n<td width=\"643\">\u015bp. Lutos\u0142aw DUSZNIAK gr. 27<\/td>\n<\/tr>\n<tr>\n<td width=\"73\"><strong>18.00<\/strong><\/td>\n<td width=\"643\">\u015bp. Janina , Edward i Czes\u0142aw(m)<\/td>\n<\/tr>\n<tr>\n<td colspan=\"2\" width=\"716\"><strong>PI\u0104TEK \/ 28 marca 2025 \/ Mk 12, 28-34&nbsp; <\/strong><\/td>\n<\/tr>\n<tr>\n<td width=\"73\"><strong>8.00<\/strong><\/td>\n<td width=\"643\">\u015bp. Lutos\u0142aw DUSZNIAK gr. 28<\/td>\n<\/tr>\n<tr>\n<td width=\"73\"><strong>18.00<\/strong><\/td>\n<td width=\"643\">\u015bp. Romana(k) OBRZY\u0143SKA w 30 dzie\u0144 po pogrzebie<\/td>\n<\/tr>\n<tr>\n<td width=\"73\"><strong>18.00<\/strong><\/td>\n<td width=\"643\">Dzi\u0119kczynna w 50 urodziny Ireneusza z pro\u015bb\u0105 &nbsp;o Bo\u017ce b\u0142ogos\u0142awie\u0144stwo, potrzebne \u0142aski i \u017cyw\u0105 wiar\u0119 dla ca\u0142ej rodziny<\/td>\n<\/tr>\n<tr>\n<td colspan=\"2\" width=\"716\"><strong>SOBOTA \/ 29 marca 2025 \/ \u0141k 18, 9-14<\/strong><\/td>\n<\/tr>\n<tr>\n<td width=\"73\"><strong>8.00<\/strong><\/td>\n<td width=\"643\">\u015bp. Franciszka(k) i Stanis\u0142aw ZABOROWSCY i zmarli rodzice<\/td>\n<\/tr>\n<tr>\n<td width=\"73\"><strong>18.00<\/strong><\/td>\n<td width=\"643\">\u015bp. Lutos\u0142aw DUSZNIAK gr. 29<\/td>\n<\/tr>\n<tr>\n<td width=\"73\"><strong>18.00<\/strong><\/td>\n<td width=\"643\">\u015bp. Jan BUKOWSKI w 1 rocznic\u0119 \u015bmierci<\/td>\n<\/tr>\n<tr>\n<td colspan=\"2\" width=\"716\"><strong>IV Niedziela Wielkiego Postu 30 marca 2025&nbsp; \/ \u0141k 15, 1-3, 11-32<\/strong><\/p>\n<p><strong>Rekolekcje Wielkopostne <\/strong><\/td>\n<\/tr>\n<tr>\n<td width=\"73\"><strong>8.00<\/strong><\/td>\n<td width=\"643\"><strong>Za parafian<\/strong><\/td>\n<\/tr>\n<tr>\n<td width=\"73\"><strong>10.00<\/strong><\/td>\n<td width=\"643\">\u015bp. Apolonia LIZUT w 13 rocz. \u015bmierci i zmar\u0142ych z rodzin JANKOWSKICH : \u015bp. Franciszka(k), Jan, Janusz oraz z rodziny PIOTROWSKICH: \u015bp. Maria, Mariusz, Tomasz, Wiktoria<\/td>\n<\/tr>\n<tr>\n<td width=\"73\"><strong>10.00<\/strong><\/td>\n<td width=\"643\">\u015bp. Genowefa i Pawe\u0142 LAMPARSCY, \u015bp. Justyna, Kazimierz HUSZCZA<\/td>\n<\/tr>\n<tr>\n<td width=\"73\"><strong>12.00<\/strong><\/td>\n<td width=\"643\">Dzi\u0119kczynna za wsp\u00f3lne prze\u017cyte 50 lat Zofii i Henryka POTURA\u0141A z pro\u015bb\u0105 o Bo\u017ce b\u0142ogos\u0142awie\u0144stwo , opiek\u0119 M.B. Szkaplerznej na dalsz\u0105 drog\u0119 Z\u0142otych JUBILAT\u00d3W oraz za dzieci i wnuk\u00f3w<\/td>\n<\/tr>\n<tr>\n<td width=\"73\"><strong>15.00<\/strong><\/td>\n<td width=\"643\">\u015bp. Lutos\u0142aw DUSZNIAK gr. 30<\/td>\n<\/tr>\n<tr>\n<td width=\"73\"><strong>18.00<\/strong><\/td>\n<td width=\"643\">Dzi\u0119kczynna z okazji 70 urodzin Marii TONGA z pro\u015bb\u0105 o Bo\u017ce b\u0142ogos\u0142awie\u0144stwo, potrzebne \u0142aski dla Jubilatki \u2013 intencja od Ksawerego i Oskara<\/td>\n<\/tr>\n<\/tbody>\n<\/table>\n","protected":false},"excerpt":{"rendered":"<p>Co to jest Wielki Post? Czym jest pokuta? W jaki spos\u00f3b pokuta wyra\u017ca si\u0119 w \u017cyciu chrze\u015bcija\u0144skim? Pokuta, \u0142aci\u0144skie t\u0142umaczenie greckiego s\u0142owa metanoia, kt\u00f3re w Biblii oznacza nawr\u00f3cenie (duchow\u0105 przemian\u0119) grzesznika. Okre\u015bla ono ca\u0142y zesp\u00f3\u0142 wewn\u0119trznych i zewn\u0119trznych czyn\u00f3w, maj\u0105cych na celu zado\u015b\u0107uczynienie za pope\u0142niony grzech i wynikaj\u0105cy z niego stan faktyczny grzesznika. Dos\u0142ownie m\u00f3wi [&hellip;]<\/p>\n","protected":false},"author":1,"featured_media":5730,"comment_status":"closed","ping_status":"closed","sticky":false,"template":"","format":"standard","meta":{"ngg_post_thumbnail":0,"footnotes":""},"categories":[11,8,4,3],"tags":[],"class_list":["post-5729","post","type-post","status-publish","format-standard","has-post-thumbnail","hentry","category-aktualnosci","category-blog","category-intencje","category-ogloszenia"],"_links":{"self":[{"href":"https:\/\/rafalk-elblag.pl\/index.php?rest_route=\/wp\/v2\/posts\/5729","targetHints":{"allow":["GET"]}}],"collection":[{"href":"https:\/\/rafalk-elblag.pl\/index.php?rest_route=\/wp\/v2\/posts"}],"about":[{"href":"https:\/\/rafalk-elblag.pl\/index.php?rest_route=\/wp\/v2\/types\/post"}],"author":[{"embeddable":true,"href":"https:\/\/rafalk-elblag.pl\/index.php?rest_route=\/wp\/v2\/users\/1"}],"replies":[{"embeddable":true,"href":"https:\/\/rafalk-elblag.pl\/index.php?rest_route=%2Fwp%2Fv2%2Fcomments&post=5729"}],"version-history":[{"count":1,"href":"https:\/\/rafalk-elblag.pl\/index.php?rest_route=\/wp\/v2\/posts\/5729\/revisions"}],"predecessor-version":[{"id":5731,"href":"https:\/\/rafalk-elblag.pl\/index.php?rest_route=\/wp\/v2\/posts\/5729\/revisions\/5731"}],"wp:featuredmedia":[{"embeddable":true,"href":"https:\/\/rafalk-elblag.pl\/index.php?rest_route=\/wp\/v2\/media\/5730"}],"wp:attachment":[{"href":"https:\/\/rafalk-elblag.pl\/index.php?rest_route=%2Fwp%2Fv2%2Fmedia&parent=5729"}],"wp:term":[{"taxonomy":"category","embeddable":true,"href":"https:\/\/rafalk-elblag.pl\/index.php?rest_route=%2Fwp%2Fv2%2Fcategories&post=5729"},{"taxonomy":"post_tag","embeddable":true,"href":"https:\/\/rafalk-elblag.pl\/index.php?rest_route=%2Fwp%2Fv2%2Ftags&post=5729"}],"curies":[{"name":"wp","href":"https:\/\/api.w.org\/{rel}","templated":true}]}}