{"id":5726,"date":"2025-03-16T09:43:58","date_gmt":"2025-03-16T09:43:58","guid":{"rendered":"https:\/\/rafalk-elblag.pl\/?p=5726"},"modified":"2025-03-20T09:44:53","modified_gmt":"2025-03-20T09:44:53","slug":"ogloszenia-parafialne-16-03-2025-r-ii-niedziela-wielkiego-postu","status":"publish","type":"post","link":"https:\/\/rafalk-elblag.pl\/?p=5726","title":{"rendered":"OG\u0141OSZENIA PARAFIALNE  16.03.2025 r. &#8211; II NIEDZIELA WIELKIEGO POSTU"},"content":{"rendered":"<p style=\"font-weight: 400;\"><strong>Wielki Post, wielka dobro\u0107 \u2013 diecezjalna Caritas zach\u0119ca do ja\u0142mu\u017cny na pomoc senioro<\/strong><\/p>\n<p style=\"font-weight: 400;\">Od pierwszego dnia Wielkiego Postu, czyli od \u015arody Popielcowej <strong>CARITAS <\/strong><strong>rozprowadza papierowe skarbonki ja\u0142mu\u017cny wielkopostnej. <\/strong><\/p>\n<p style=\"font-weight: 400;\">Wielki Post to czas refleksji i dzielenia si\u0119 z innymi. Proponujemy trzy \u0107wiczenia duchowe \u2013 <strong>POST, JA\u0141MU\u017bN\u0118, MODLITW\u0118<\/strong>. Zach\u0119camy, \u017ceby podzieli\u0107 si\u0119 w tym szczeg\u00f3lnym okresie z potrzebuj\u0105cymi nie tym co nam zbywa, ale tym co ma dla nas warto\u015b\u0107. <em>To co zaoszcz\u0119dzisz dzi\u0119ki praktyce postu, mo\u017ce dla kogo\u015b uczyni\u0107 wielkie dobro.<\/em><\/p>\n<p style=\"font-weight: 400;\"><strong>\u201eJa\u0142mu\u017cna Wielkopostna\u201d<\/strong> to ma\u0142a ofiara, kt\u00f3ra przybiera form\u0119 dobrowolnej rezygnacji z przyjemno\u015bci materialnej lub po\u015bwi\u0119cenia czasu na wys\u0142uchanie, wsparcie &nbsp;i zrozumienie drugiej osoby. &nbsp;<\/p>\n<p style=\"font-weight: 400;\"><strong>Tegoroczna ja\u0142mu\u017cna b\u0119dzie przeznaczona na pomoc dla senior\u00f3w, czyli os\u00f3b starszych, schorowanych, niepe\u0142nosprawnych i samotnych. <\/strong><\/p>\n<p style=\"font-weight: 400;\">Ja\u0142mu\u017cna wielkopostna, obok modlitwy i postu, jest tradycyjnym wskazaniem na drodze wielkopostnego przygotowania do \u015awi\u0105t Wielkiej Nocy.<\/p>\n<p style=\"font-weight: 400;\">&nbsp;Jest to tradycyjna, zaszczepiona na sta\u0142e w kalendarzu dzia\u0142a\u0144 charytatywnych akcja w formie czerwonych skarbonek na ja\u0142mu\u017cn\u0119 wielkopostn\u0105.<\/p>\n<p style=\"font-weight: 400;\">W ten spos\u00f3b uczymy postaw bycia dobrym i dzielenia si\u0119 dobrem materialnym z innymi.<\/p>\n<p style=\"font-weight: 400;\"><strong>Caritas serdecznie zach\u0119ca wszystkich doros\u0142ych, m\u0142odzie\u017c i dzieci do udzia\u0142u w dziele JA\u0141MU\u017bNY WIELKOPOSTNEJ.<\/strong><\/p>\n<p>&nbsp;<\/p>\n<p><a href=\"http:\/\/rafalk-elblag.pl\/wp-content\/uploads\/2021\/08\/ogloszenia-parafialne-baner-01a.jpg\"><img decoding=\"async\" class=\"aligncenter\" src=\"http:\/\/rafalk-elblag.pl\/wp-content\/uploads\/2021\/08\/ogloszenia-parafialne-baner-01a.jpg\" alt=\"Obrazek posiada pusty atrybut alt; plik o nazwie ogloszenia-parafialne-baner-01a.jpg\"><\/a><\/p>\n<p style=\"font-weight: 400;\"><strong>OG\u0141OSZENIA PARAFIALNE&nbsp; 16.03.2025 r.<\/strong><\/p>\n<p style=\"font-weight: 400;\"><strong>II NIEDZIELA WIELKIEGO POSTU<\/strong><\/p>\n<ol>\n<li><strong>Zapraszamy <\/strong>w ka\u017cd\u0105 Niedziel\u0119 WIELKIEGO POSTU<strong> na Adoracj\u0119 Naj\u015bwi\u0119tszego Sakramentu od godz. 16:00 do godz. 17:15<\/strong> oraz w ka\u017cdy czwartek po Mszy \u015bw. do godz. 20:00. <em>Przyjd\u017a, by spotka\u0107 si\u0119 z Jezusem w ciszy.<\/em><\/li>\n<li><strong>40-letnia Anna \u0141uszczyk zd. Plewi\u0144ska, wieloletnia nasza Parafianka \u015bpiewaj\u0105ca<br \/>\ni graj\u0105ca w zespole muzycznym naszej parafii us\u0142ysza\u0142a diagnoz\u0119, kt\u00f3ra wstrz\u0105sn\u0119\u0142a ni\u0105 i jej bliskimi &#8211; z\u0142o\u015bliwy nowotw\u00f3r trzustki. Guz jest du\u017cy, nieoperacyjny, z przerzutami. W Polsce lekarze nie daj\u0105 jej nadziei na wyleczenie. Ale Anna nie poddaje si\u0119 i prosi &nbsp;&nbsp;&nbsp;&nbsp;&nbsp;&nbsp;&nbsp;&nbsp;&nbsp;&nbsp;&nbsp;&nbsp;&nbsp;&nbsp;&nbsp;&nbsp;&nbsp;o pomoc \u2013 bo dla niej to dopiero pocz\u0105tek walki. <\/strong>Mimo trudnej diagnozy Anna wierzy, \u017ce ma szans\u0119 pokona\u0107 chorob\u0119 lub przynajmniej zatrzyma\u0107 jej post\u0119p. Jedyn\u0105 opcj\u0105, kt\u00f3ra daje jej nadziej\u0119, jest kosztowna <strong>immunoterapia kom\u00f3rkami dendrytycznymi w klinice &nbsp;&nbsp;&nbsp;&nbsp;&nbsp;&nbsp;&nbsp;&nbsp;&nbsp;&nbsp;&nbsp;&nbsp;&nbsp;&nbsp;&nbsp;&nbsp;w Kolonii<\/strong><strong>.<\/strong> Koszt terapii to milion z\u0142otych. <strong><em>Dzi\u015b przed ko\u015bcio\u0142em przyjaciele i znajomi Ani zbieraj\u0105 do puszek potrzebne \u015brodki na jej leczenie. Mo\u017cna r\u00f3wnie\u017c zabra\u0107 do domu ulotki je\u015bli kto\u015b chcia\u0142by przekaza\u0107 1,5% podatku lub dokona\u0107 przelewu. <\/em><\/strong><\/li>\n<li>Dzisiaj przy Biuletynie Parafialnym znajdziemy <strong>SKARBONK\u0118 <\/strong>na <strong>JA\u0141MU\u017bN\u0118 WIELKOPOSTN\u0104 2025. <\/strong>W ten spos\u00f3b w\u0142\u0105czamy si\u0119 w t\u0119 og\u00f3lnopolsk\u0105 akcj\u0119<strong>.<\/strong> <em><u>Wi\u0119cej informacji o znaczeniu ja\u0142mu\u017cny i podj\u0119tej akcji znajduje si\u0119 w dzisiejszym Biuletynie. <\/u>Ja\u0142mu\u017cn\u0119 Wielkopostn\u0105 przyniesiemy do ko\u015bcio\u0142a w Niedziel\u0119 Bo\u017cego Mi\u0142osierdzia (27.04.2025).<\/em><\/li>\n<li><strong>Rodzic\u00f3w dzieci klas III Szko\u0142y Podstawowej<\/strong> przygotowuj\u0105cych si\u0119 do I Spowiedzi i Komunii \u015bw. zapraszam jutro (17 marca) na comiesi\u0119czne spotkanie do ko\u015bcio\u0142a na godz. 19:00. <em>Obecno\u015b\u0107 obojga RODZIC\u00d3W mile widziana.<\/em><\/li>\n<li><strong><em>Wa\u017cne jest, <\/em><\/strong><em>aby\u015bmy na nowo odkryli warto\u015b\u0107 okresowych lub sta\u0142ych przyrzecze\u0144 abstynenckich. Dajmy \u015bwiadectwo poprzez wpisanie swojej decyzji do <strong>PARAFIALNEJ KSI\u0118GI TRZE\u0179WO\u015aCI<\/strong> wy\u0142o\u017conej na stoliku pod ch\u00f3rem przed obrazem Matki Bo\u017cej Nieustaj\u0105cej Pomocy.<\/em><\/li>\n<li><strong>W WIELKIM PO\u015aCIE<\/strong> w ka\u017cd\u0105 niedziel\u0119 zapraszamy na \u015bpiewanie <strong>GODZINEK KU CZCI M\u0118KI PA\u0143SKIEJ<\/strong> o godz. 7:40 oraz na <strong>GORZKIE \u017bALE<\/strong> z kazaniem pasyjnym &nbsp;&nbsp;&nbsp;&nbsp;&nbsp;&nbsp;&nbsp;&nbsp;&nbsp;&nbsp;&nbsp;&nbsp;&nbsp;&nbsp;&nbsp;o godz. 17:15.&nbsp; Natomiast w pi\u0105tki zapraszamy na<strong> DROG\u0118 KRZY\u017bOW\u0104 o godz. 16:30 &nbsp;&nbsp;&nbsp;&nbsp;&nbsp;&nbsp;&nbsp;&nbsp;&nbsp;&nbsp;&nbsp;&nbsp;&nbsp;&nbsp;&nbsp;z udzia\u0142em dzieci &nbsp;lub o godz. 17:15 dla doros\u0142ych i m\u0142odzie\u017cy.<\/strong><\/li>\n<li><strong>Marzec to miesi\u0105c po\u015bwi\u0119cony \u015aWI\u0118TEMU<\/strong><strong> J\u00d3ZEFOWI &#8211; PATRONOWI KO\u015aCIO\u0141A POWSZECHNEGO. Od 10 marca zapraszamy do udzia\u0142u w NOWENNIE do \u015bw. J\u00f3zefa odmawianej podczas Mszy \u015bw. wieczorowej. <\/strong><em>Wsp\u00f3lnie pro\u015bmy, by \u015bw. J\u00f3zef wyjedna\u0142 \u015bwiatu pok\u00f3j a ka\u017cdemu, potrzebne \u0142aski i si\u0142y do wype\u0142niania swoich obowi\u0105zk\u00f3w zawodowych, domowych i rodzinnych.&nbsp; <\/em><\/li>\n<li>W \u015brod\u0119 <strong>(19 marca)<\/strong> przypada <strong>UROCZYSTO\u015a\u0106 \u015aWI\u0118TEGO J\u00d3ZEFA<\/strong>. W tym dniu zapraszamy wszystkich Parafian a szczeg\u00f3lnie m\u0119\u017cczyzn do uczestnictwa we Mszach \u015bw. o godz. 8:00 i 18:00. Po Mszy \u015bw. wieczorowej odb\u0119dzie si\u0119 nabo\u017ce\u0144stwo ku czci &nbsp;&nbsp;&nbsp;&nbsp;&nbsp;&nbsp;&nbsp;&nbsp;&nbsp;&nbsp;&nbsp;&nbsp;&nbsp;&nbsp;&nbsp;&nbsp;&nbsp;&nbsp;&nbsp;&nbsp;\u015bw. J\u00f3zefa. <strong><em>Wszystkim solenizantom \u017cyczymy b\u0142ogos\u0142awie\u0144stwa Bo\u017cego i opieki \u015bw. J\u00f3zefa.<\/em><\/strong><\/li>\n<li>W parafii pos\u0142ug\u0119 zakrystianki w miesi\u0105cu marcu podj\u0119\u0142a pani Ma\u0142gorzata. \u017byczymy Jej wielu \u0142ask i rado\u015bci z podj\u0119tej pos\u0142ugi. <em>Szcz\u0119\u015b\u0107 Bo\u017ce.<\/em><\/li>\n<li>Za tydzie\u0144 tj. 23 marca br. zapraszamy wszystkie osoby odpowiedzialne na swoje \u201eMARGARETKI\u201d na spotkanie o godz. 16:00 do salki na plebani.<\/li>\n<li>Zach\u0119camy do nabywania nowego numeru <strong>\u201eGo\u015bcia Niedzielnego\u201d<\/strong> z dodatkiem \u201eGo\u015b\u0107 Elbl\u0105ski\u201d w cenie 10 z\u0142.<\/li>\n<li>Pan powo\u0142a\u0142 do wieczno\u015bci: \u015bp. Zenona KANANOWICZA lat 75 z ul. K\u0142oczowskiego. <em style=\"font-size: 16px;\">Wieczny odpoczynek racz Mu da\u0107 Panie \u2026<\/em><\/li>\n<\/ol>\n<p>&nbsp;<\/p>\n<p><img decoding=\"async\" class=\"aligncenter\" src=\"http:\/\/rafalk-elblag.pl\/wp-content\/uploads\/2020\/04\/baner-intencje-mszy.jpg\" alt=\"Obrazek posiada pusty atrybut alt; plik o nazwie baner-intencje-mszy.jpg\"><\/p>\n<table style=\"font-weight: 400;\" width=\"716\">\n<tbody>\n<tr>\n<td colspan=\"2\" width=\"716\"><strong>II Niedziela Wielkiego Postu 16 marca 2025&nbsp; \/ \u0141k 9, 28-36<\/strong><\/p>\n<p><strong>Dzie\u0144 spotkania Rodziny i Bractwa Szkaplerznego<\/strong><\/td>\n<\/tr>\n<tr>\n<td width=\"73\"><strong>8.00<\/strong><\/td>\n<td width=\"643\">\u015bp. Barbara i Lucjan KACHNOWICZ i zmarli z rodziny<\/td>\n<\/tr>\n<tr>\n<td width=\"73\"><strong>10.00<\/strong><\/td>\n<td width=\"643\">\u015bp. Bronis\u0142aw JANICKI w 24 r.\u015bm. Wiktoria JANICKA, \u015bp. Wiktoria i Jan SZCZ\u0118SNYCH, Marta, Antoni, J\u00f3zef, Tomasz, Hermenegilda MOLGA<\/td>\n<\/tr>\n<tr>\n<td width=\"73\"><strong>12.00<\/strong><\/td>\n<td width=\"643\"><strong>Za parafian<\/strong><\/td>\n<\/tr>\n<tr>\n<td width=\"73\"><strong>15.00<\/strong><\/td>\n<td width=\"643\">\u015bp. Lutos\u0142aw DUSZNIAK gr. 16<\/td>\n<\/tr>\n<tr>\n<td width=\"73\"><strong>18.00<\/strong><\/td>\n<td width=\"643\">Za Rodzin\u0119 i Bractwo Szkaplerzne oraz osoby przyjmuj\u0105ce Szkaplerz \u015bwi\u0119ty<\/td>\n<\/tr>\n<tr>\n<td colspan=\"2\" width=\"716\"><strong>PONIEDZIA\u0141EK \/ 17 marca<\/strong><strong> 2025\/ \u0141k 6, 36-38<\/strong><\/td>\n<\/tr>\n<tr>\n<td width=\"73\"><strong>8.00<\/strong><\/td>\n<td width=\"643\">\u015bp. Lutos\u0142aw DUSZNIAK gr. 17<\/td>\n<\/tr>\n<tr>\n<td width=\"73\"><strong>18.00<\/strong><\/td>\n<td width=\"643\">\u015bp. Danuta \u015aNIADACH w 3rocznic\u0119 \u015bmierci zm. z rodz. \u015aNIADACH, KOLASA, NOCO\u0143<\/td>\n<\/tr>\n<tr>\n<td width=\"73\"><strong>18.00<\/strong><\/td>\n<td width=\"643\">\u015bp. W\u0142odzimierz \u015aCIBOR, \u015bp. Piotr KORBELA w 3r.\u015bm.<\/td>\n<\/tr>\n<tr>\n<td colspan=\"2\" width=\"716\"><strong>WTOREK &nbsp;\/ 18 marca 2025\/ Mt 23, 1-12<\/strong><\/td>\n<\/tr>\n<tr>\n<td width=\"73\"><strong>8.00<\/strong><\/td>\n<td width=\"643\">Dzi\u0119kczynna za 20 lat \u017cycia Natalii z pro\u015bb\u0105 o Bo\u017ce b\u0142og. dary Ducha \u015awi\u0119tego i opiek\u0119 Matki Bo\u017cej<\/td>\n<\/tr>\n<tr>\n<td width=\"73\"><strong>18.00<\/strong><\/td>\n<td width=\"643\">\u015bp. Lutos\u0142aw DUSZNIAK gr. 18<\/td>\n<\/tr>\n<tr>\n<td width=\"73\"><strong>18.00<\/strong><\/td>\n<td width=\"643\">\u015bp. Wanda KOWNACKA \u2013 intencja od Paw\u0142a z rodzin\u0105<\/td>\n<\/tr>\n<tr>\n<td colspan=\"2\" width=\"716\"><strong>\u015aRODA \/ 19 marca 2025 <\/strong>\/\u015aw. J\u00f3zefa Oblubie\u0144ca NMP \/ <strong>\u0141k &nbsp;2,41-51<\/strong><\/td>\n<\/tr>\n<tr>\n<td width=\"73\"><strong>8.00<\/strong><\/td>\n<td width=\"643\">\u015bp. Lutos\u0142aw DUSZNIAK gr. 19&nbsp;<\/td>\n<\/tr>\n<tr>\n<td width=\"73\"><strong>18.00<\/strong><\/td>\n<td width=\"643\">\u015bp. J\u00f3zef KWIATOSZ z okazji imienin oraz zmar\u0142ych rodzic\u00f3w z obu stron<\/td>\n<\/tr>\n<tr>\n<td width=\"73\"><strong>18.00<\/strong><\/td>\n<td width=\"643\">\u015bp. Janusz EKES w 4 rocznice \u015bmierci oraz zmar\u0142ych z rodz. DOMAGALSKICH i DYMOWSKICH<\/td>\n<\/tr>\n<tr>\n<td colspan=\"2\" width=\"716\"><strong>CZWARTEK \/ 20 marca 2025 \/ \u0141k 16,19-31<\/strong><\/td>\n<\/tr>\n<tr>\n<td width=\"73\"><strong>8.00<\/strong><\/td>\n<td width=\"643\">\u015bp. Andrzej KACZOROWSKI w I rocznice \u015bmierci<\/td>\n<\/tr>\n<tr>\n<td width=\"73\"><strong>18.00<\/strong><\/td>\n<td width=\"643\">\u015bp. Lutos\u0142aw DUSZNIAK gr. 20<\/td>\n<\/tr>\n<tr>\n<td width=\"73\"><strong>18.00<\/strong><\/td>\n<td width=\"643\">\u015bp. Wac\u0142aw BAZYLAK w 6 rocznice \u015bmierci i zm. z rodzin: BAZYLAK i WA\u015aNIEWSKICH<\/td>\n<\/tr>\n<tr>\n<td colspan=\"2\" width=\"716\"><strong>PI\u0104TEK \/ 21 marca 2025 \/ Mt 31, 33-46 &nbsp;&nbsp;<\/strong><\/td>\n<\/tr>\n<tr>\n<td width=\"73\"><strong>8.00<\/strong><\/td>\n<td width=\"643\">\u015bp. Lutos\u0142aw DUSZNIAK gr. 21<\/td>\n<\/tr>\n<tr>\n<td width=\"73\"><strong>8.00<\/strong><\/td>\n<td width=\"643\">\u015bp. J\u00f3zef Graczyk od uczestnik\u00f3w pogrzebu<\/td>\n<\/tr>\n<tr>\n<td width=\"73\"><strong>18.00<\/strong><\/td>\n<td width=\"643\">\u015bp. Weronika \u0141ASKOWSKA 30 dzie\u0144 po pogrzebie<\/td>\n<\/tr>\n<tr>\n<td width=\"73\"><strong>18.00<\/strong><\/td>\n<td width=\"643\">\u015bp. Barbara JO\u0143SKA w 9 rocznic\u0119 \u015bmierci<\/td>\n<\/tr>\n<tr>\n<td colspan=\"2\" width=\"716\"><strong>SOBOTA \/ 22 marca 2025 \/ \u0141k 15,1-3. 11-32 <\/strong><\/td>\n<\/tr>\n<tr>\n<td width=\"73\"><strong>8.00<\/strong><\/td>\n<td width=\"643\">Dzi\u0119kczynna za \u0142aski otrzymane w dotychczasowym \u017cyciu z pro\u015bb\u0105 o dalsze Bo\u017ce b\u0142ogos\u0142awie\u0144stwo dla ca\u0142ej rodziny<\/td>\n<\/tr>\n<tr>\n<td width=\"73\"><strong>8.00<\/strong><\/td>\n<td width=\"643\">\u015bp. Lutos\u0142aw DUSZNIAK gr. 22<\/td>\n<\/tr>\n<tr>\n<td width=\"73\"><strong>18.00<\/strong><\/td>\n<td width=\"643\">\u015bp. Micha\u0142 KATA w 37 r.\u015bm. \u015bp. Edward D\u0104BKOWSKI w 16 r.\u015bm.<\/td>\n<\/tr>\n<tr>\n<td colspan=\"2\" width=\"716\"><strong>III Niedziela Wielkiego Postu 23 marca 2025&nbsp; \/ \u0141k 3, 1-9<\/strong><\/td>\n<\/tr>\n<tr>\n<td width=\"73\"><strong>8.00<\/strong><\/td>\n<td width=\"643\">\u015bp. Regina i Artur KOWALSCY<\/td>\n<\/tr>\n<tr>\n<td width=\"73\"><strong>10.00<\/strong><\/td>\n<td width=\"643\">\u015bp. Leon JURGIELEWICZ w 15 rocznice \u015bmierci<\/td>\n<\/tr>\n<tr>\n<td width=\"73\"><strong>10.00<\/strong><\/td>\n<td width=\"643\">\u015bp. Zygmunt ZDROJEWSKI w 21 r.\u015bm., \u015bp. Kazimiera(k), J\u00f3zef, Jan z rodz. CYWI\u0143SKICH<\/td>\n<\/tr>\n<tr>\n<td width=\"73\"><strong>12.00<\/strong><\/td>\n<td width=\"643\">Dzi\u0119kczynna w 50 r. \u015blubu Wac\u0142awy i Stanis\u0142awa WA\u015aNIEWSKICH o Bo\u017ce B\u0142og. i potrzebne \u0141aski dla z\u0142otych Jubilat\u00f3w<\/td>\n<\/tr>\n<tr>\n<td width=\"73\"><strong>15.00<\/strong><\/td>\n<td width=\"643\">\u015bp. Henryka CHWA\u0141A<\/td>\n<\/tr>\n<tr>\n<td width=\"73\"><strong>18.00<\/strong><\/td>\n<td width=\"643\">\u015bp. Lutos\u0142aw DUSZNIAK gr. 23<\/td>\n<\/tr>\n<\/tbody>\n<\/table>\n<p>&nbsp;<\/p>\n","protected":false},"excerpt":{"rendered":"<p>Wielki Post, wielka dobro\u0107 \u2013 diecezjalna Caritas zach\u0119ca do ja\u0142mu\u017cny na pomoc senioro Od pierwszego dnia Wielkiego Postu, czyli od \u015arody Popielcowej CARITAS rozprowadza papierowe skarbonki ja\u0142mu\u017cny wielkopostnej. Wielki Post to czas refleksji i dzielenia si\u0119 z innymi. Proponujemy trzy \u0107wiczenia duchowe \u2013 POST, JA\u0141MU\u017bN\u0118, MODLITW\u0118. Zach\u0119camy, \u017ceby podzieli\u0107 si\u0119 w tym szczeg\u00f3lnym okresie z [&hellip;]<\/p>\n","protected":false},"author":1,"featured_media":5727,"comment_status":"closed","ping_status":"closed","sticky":false,"template":"","format":"standard","meta":{"ngg_post_thumbnail":0,"footnotes":""},"categories":[11,8,4,3],"tags":[],"class_list":["post-5726","post","type-post","status-publish","format-standard","has-post-thumbnail","hentry","category-aktualnosci","category-blog","category-intencje","category-ogloszenia"],"_links":{"self":[{"href":"https:\/\/rafalk-elblag.pl\/index.php?rest_route=\/wp\/v2\/posts\/5726","targetHints":{"allow":["GET"]}}],"collection":[{"href":"https:\/\/rafalk-elblag.pl\/index.php?rest_route=\/wp\/v2\/posts"}],"about":[{"href":"https:\/\/rafalk-elblag.pl\/index.php?rest_route=\/wp\/v2\/types\/post"}],"author":[{"embeddable":true,"href":"https:\/\/rafalk-elblag.pl\/index.php?rest_route=\/wp\/v2\/users\/1"}],"replies":[{"embeddable":true,"href":"https:\/\/rafalk-elblag.pl\/index.php?rest_route=%2Fwp%2Fv2%2Fcomments&post=5726"}],"version-history":[{"count":1,"href":"https:\/\/rafalk-elblag.pl\/index.php?rest_route=\/wp\/v2\/posts\/5726\/revisions"}],"predecessor-version":[{"id":5728,"href":"https:\/\/rafalk-elblag.pl\/index.php?rest_route=\/wp\/v2\/posts\/5726\/revisions\/5728"}],"wp:featuredmedia":[{"embeddable":true,"href":"https:\/\/rafalk-elblag.pl\/index.php?rest_route=\/wp\/v2\/media\/5727"}],"wp:attachment":[{"href":"https:\/\/rafalk-elblag.pl\/index.php?rest_route=%2Fwp%2Fv2%2Fmedia&parent=5726"}],"wp:term":[{"taxonomy":"category","embeddable":true,"href":"https:\/\/rafalk-elblag.pl\/index.php?rest_route=%2Fwp%2Fv2%2Fcategories&post=5726"},{"taxonomy":"post_tag","embeddable":true,"href":"https:\/\/rafalk-elblag.pl\/index.php?rest_route=%2Fwp%2Fv2%2Ftags&post=5726"}],"curies":[{"name":"wp","href":"https:\/\/api.w.org\/{rel}","templated":true}]}}