{"id":5721,"date":"2025-03-07T14:28:14","date_gmt":"2025-03-07T14:28:14","guid":{"rendered":"https:\/\/rafalk-elblag.pl\/?p=5721"},"modified":"2025-03-10T07:44:03","modified_gmt":"2025-03-10T07:44:03","slug":"ogloszenia-parafialne-9-03-2025-r-i-niedziela-wielkiego-postu","status":"publish","type":"post","link":"https:\/\/rafalk-elblag.pl\/?p=5721","title":{"rendered":"OG\u0141OSZENIA PARAFIALNE\u00a0 9.03.2025 r.  I NIEDZIELA WIELKIEGO POSTU"},"content":{"rendered":"<p><strong>Co to jest Wielki Post?<\/strong><\/p>\n<p>Od jak dawna prze\u017cywamy Wielki Post? Jakie jest znaczenie Wielkiego<\/p>\n<p>Wielki Post nazywamy okresem czterdziestu dni zarezerwowanych na przygotowanie Wielkanocy. Pocz\u0105wszy od IV wieku istnia\u0142a tendencja do uczynienia z niego czasu pokuty i odnowy dla ca\u0142ego Ko\u015bcio\u0142a, z praktyk\u0105 postu i wstrzemi\u0119\u017aliwo\u015bci.<\/p>\n<p>\u00abKo\u015bci\u00f3\u0142 co roku, przez czterdzie\u015bci dni <em>Wielkiego Postu<\/em>, jednoczy si\u0119 z tajemnic\u0105 Jezusa na pustyni\u00bb <em>(Katechizm Ko\u015bcio\u0142a Katolickiego, 540). <\/em><\/p>\n<p>Daj\u0105c swoim wiernym przyk\u0142ad Chrystusa w Jego odosobnieniu na pustyni, przygotowuje si\u0119 do obchod\u00f3w uroczysto\u015bci paschalnych, oczyszczaj\u0105c serce, doskonal\u0105c \u017cycie chrze\u015bcija\u0144skie i zachowuj\u0105c postaw\u0119 pokutn\u0105.<\/p>\n<p><strong>Kiedy zaczyna si\u0119 i ko\u0144czy okres Wielkiego Postu? Jakie s\u0105 dni i godziny pokutne? Jak nale\u017cy prze\u017cywa\u0107 pi\u0105tki Wielkiego Postu?<\/strong><\/p>\n<p><strong>Wielki Post rozpoczyna<\/strong> si\u0119 w \u015arod\u0119 Popielcow\u0105, a ko\u0144czy bezpo\u015brednio przed wieczorn\u0105 Msz\u0105 \u015bw. w Wielki Czwartek.<\/p>\n<p>&#8222;W Ko\u015bciele powszechnym dniami i okresami pokutnymi s\u0105 poszczeg\u00f3lne pi\u0105tki ca\u0142ego roku i czas wielkiego postu&#8221; <em>(Kodeks Prawa Kanonicznego, kan. 1250).<\/em><\/p>\n<p><strong>Okresy te s\u0105 szczeg\u00f3lnie odpowiednie dla \u0107wicze\u0144 duchowych, liturgii pokutnej, pielgrzymek o charakterze pokutnym, dobrowolnych wyrzecze\u0144, jak post i ja\u0142mu\u017cna, braterskiego dzielenia si\u0119 z innymi (dzie\u0142a charytatywne i misyjne). <\/strong><em>Katechizm Ko\u015bcio\u0142a Katolickiego, 1438<\/em><\/p>\n<p>Wstrzemi\u0119\u017aliwo\u015b\u0107 od spo\u017cywania mi\u0119sa lub innych pokarm\u00f3w, zgodnie z zarz\u0105dzeniem Konferencji Episkopatu, nale\u017cy zachowywa\u0107 we wszystkie pi\u0105tki ca\u0142ego roku, chyba \u017ce w danym dniu przypada jaka\u015b uroczysto\u015b\u0107. Natomiast wstrzemi\u0119\u017aliwo\u015b\u0107 i post obowi\u0105zuj\u0105 w \u015arod\u0119 Popielcow\u0105 oraz w Wielki Pi\u0105tek &#8211; dzie\u0144 M\u0119ki i \u015amierci Pana naszego Jezusa <em>(Kodeks Prawa Kanonicznego, kan. 1251).<\/em><\/p>\n<p><strong>Do czego zach\u0119ca Ko\u015bci\u00f3\u0142 w czasie Wielkiego Postu?<\/strong><\/p>\n<p>Ko\u015bci\u00f3\u0142 zach\u0119ca swoich wiernych, aby uczynili ten czas rekolekcjami duchowymi, w kt\u00f3rych trud medytacji i modlitwy musi by\u0107 wspierany przez wysi\u0142ek osobistego umartwienia, kt\u00f3rego miara, pocz\u0105wszy od tego minimum, jest pozostawiona wolno\u015bci i wielkoduszno\u015bci ka\u017cdego.<\/p>\n<p>&nbsp;&nbsp;&nbsp; <strong><em>Dobrze prze\u017cywany Wielki Post przygotowuje do autentycznego i g\u0142\u0119bokiego osobistego nawr\u00f3cenia, aby uczestniczy\u0107 w najwi\u0119kszym \u015bwi\u0119cie roku: w NIEDZIEL\u0118 ZMARTWYCHWSTANIA PA\u0143SKIEGO.<\/em><\/strong><\/p>\n<p>&nbsp;<\/p>\n<p>&nbsp;<\/p>\n<figure id=\"block-11bfdc70-3a14-4d5e-94a4-c45b2bb4a6cf\" class=\"wp-block-image\"><a href=\"http:\/\/rafalk-elblag.pl\/wp-content\/uploads\/2021\/08\/ogloszenia-parafialne-baner-01a.jpg\"><img decoding=\"async\" src=\"http:\/\/rafalk-elblag.pl\/wp-content\/uploads\/2021\/08\/ogloszenia-parafialne-baner-01a.jpg\" alt=\"Obrazek posiada pusty atrybut alt; plik o nazwie ogloszenia-parafialne-baner-01a.jpg\"><\/a><\/figure>\n<p>&nbsp;<\/p>\n<p><strong>&nbsp;<\/strong><\/p>\n<p><strong>OG\u0141OSZENIA PARAFIALNE&nbsp; 9.03.2025 r.<\/strong><\/p>\n<p><strong>I NIEDZIELA WIELKIEGO POSTU<\/strong><\/p>\n<p><strong>&nbsp;<\/strong><\/p>\n<ol>\n<li><strong>Zapraszamy <\/strong>w ka\u017cd\u0105 Niedziel\u0119 WIELKIEGO POSTU<strong> na Adoracj\u0119 Naj\u015bwi\u0119tszego Sakramentu od godz. 16:00 do godz. 17:15<\/strong> oraz w ka\u017cdy czwartek po Mszy \u015bw. do godz. 20:00. <em>Masz mo\u017cliwo\u015b\u0107 spotkania si\u0119 z Jezusem w ciszy.<\/em><\/li>\n<\/ol>\n<ul>\n<li><strong>PAMI\u0118TAJMY, \u017ce Wielki Post jest tak zwanym \u201eczasem zakazanym\u201d dla wszelkich hucznych wesel, zabaw i dyskotek !!!<\/strong><\/li>\n<\/ul>\n<ol start=\"2\">\n<li><strong><em>Wa\u017cne jest, <\/em><\/strong><em>aby\u015bmy na nowo odkryli warto\u015b\u0107 okresowych lub sta\u0142ych przyrzecze\u0144 abstynenckich. Dajmy \u015bwiadectwo poprzez wpisanie swojej decyzji do <strong>PARAFIALNEJ KSI\u0118GI TRZE\u0179WO\u015aCI<\/strong> wy\u0142o\u017conej na stoliku przed obrazem Matki Bo\u017cej Nieustaj\u0105cej Pomocy \u2013 pod ch\u00f3rem. <\/em><\/li>\n<li>&nbsp;W \u015brod\u0119 po Mszy wieczornej o 18:45 Spotkanie kr\u0119gu Biblijnego&nbsp;<\/li>\n<li>W naszej parafii <strong>dzia\u0142a Al\u2013Anon, <\/strong>kt\u00f3ry spotyka si\u0119 w ka\u017cdy czwartek o godz. 17:00 na plebanii \u2013 wej\u015bcie od szczytu.<\/li>\n<li><strong>W WIELKIM PO\u015aCIE<\/strong> w ka\u017cd\u0105 niedziel\u0119 zapraszamy na \u015bpiewanie <strong>GODZINEK KU CZCI M\u0118KI PA\u0143SKIEJ<\/strong> o godz. 7:40 oraz na <strong>GORZKIE \u017bALE<\/strong> z kazaniem pasyjnym o godz. 17:15.&nbsp; Natomiast w pi\u0105tki zapraszamy na<strong> DROG\u0118 KRZY\u017bOW\u0104:<\/strong><\/li>\n<\/ol>\n<ul>\n<li><em> 16:30 dla dzieci; <\/em><\/li>\n<li><em> 17:15 dla doros\u0142ych i m\u0142odzie\u017cy.<\/em><\/li>\n<\/ul>\n<ol start=\"5\">\n<li><strong>Marzec to miesi\u0105c po\u015bwi\u0119cony \u015aWI\u0118TEMU<\/strong><strong> J\u00d3ZEFOWI &#8211; PATRONOWI KO\u015aCIO\u0141A POWSZECHNEGO. Od 10 marca zapraszamy do udzia\u0142u w NOWENNIE do \u015bw. J\u00f3zefa odmawianej podczas Mszy \u015bw. wieczorowej. <\/strong><em>Wsp\u00f3lnie pro\u015bmy, by \u015bw. J\u00f3zef wyjedna\u0142 \u015bwiatu pok\u00f3j a ka\u017cdemu, potrzebne \u0142aski i si\u0142y do wype\u0142niania swoich obowi\u0105zk\u00f3w zawodowych, domowych i rodzinnych.&nbsp; <\/em><\/li>\n<li><strong>Decyzj\u0105 Biskupa Elbl\u0105skiego z dniem 14 marca br. ks. Piotr Kuczewski ko\u0144czy pos\u0142ug\u0119 w naszej parafii. Zostaje wikariuszem w parafii Rzymskokatolickiej &nbsp; Tr\u00f3jcy \u015awi\u0119tej w Elbl\u0105gu. Dzi\u0119kujemy za pos\u0142ug\u0119 w naszej parafii &nbsp;&nbsp;&nbsp;&nbsp;&nbsp;&nbsp;&nbsp;&nbsp;&nbsp;&nbsp;&nbsp;&nbsp;&nbsp;&nbsp;&nbsp;&nbsp;&nbsp;&nbsp;&nbsp;&nbsp;&nbsp;&nbsp;&nbsp;&nbsp;&nbsp;&nbsp;i otaczamy modlitw\u0105 ks. Piotra w jego dalszej pracy kap\u0142a\u0144skiej.<\/strong><\/li>\n<li><strong>KORZYSTAJMY <\/strong>z Sakramentu Pokuty<em> \u2013 <u>mamy tak\u0105 mo\u017cliwo\u015b\u0107, codziennie przed Msz\u0105 \u015bw. od godz. 7:45 lub od godz.17:30.<\/u><\/em><\/li>\n<li>Zapraszamy na otwarte spotkania <strong>ELBL\u0104SKIEJ SZKO\u0141Y BIBLIJNE<\/strong> w II semestrze roku akademickiego 2024\/2025. Terminy spotka\u0144 w soboty 15 marca, 5 kwietnia, 17 maja, 21 czerwca, w gmachu Wy\u017cszego Seminarium Duchownego w Elbl\u0105gu, ul. Bo\u017cego Cia\u0142a 10. Czas zaj\u0119\u0107: od godz. 9:00 do 12:00. <strong><em>Udzia\u0142 w spotkaniach jest darmowy.<\/em><\/strong><\/li>\n<li><strong>Zach\u0119cam wiernych do przekazania 1,5% podatku dla Caritas Polska<\/strong>.<\/li>\n<li>Zach\u0119camy do nabywania nowego numeru <strong>\u201eGo\u015bcia Niedzielnego\u201d<\/strong> z dodatkiem \u201eGo\u015b\u0107 Elbl\u0105ski\u201d w cenie 10 z\u0142. oraz najnowszego numeru <strong>\u201eHistoria Ko\u015bcio\u0142a\u201d&nbsp; &nbsp;w<\/strong> cenie 14 z\u0142.<\/li>\n<li>Pan powo\u0142a\u0142 do wieczno\u015bci: \u015bp. Stefana(m) P\u0141OTK\u0118 lat 77 z ul. Korczaka<\/li>\n<\/ol>\n<p><em><u>Dobry Jezu a nasz Panie daj mu wieczne spoczywanie.<\/u><\/em><\/p>\n<p>&nbsp;<\/p>\n<p>&nbsp;<\/p>\n<p style=\"text-align: center;\"><em>&nbsp;<\/em><strong>Numer Konta Parafialnego<\/strong><\/p>\n<p style=\"text-align: center;\"><strong>PKO BP 72 1020 1752 0000 0102 0069 6047<\/strong><\/p>\n<p>&nbsp;<\/p>\n<figure id=\"block-5f437b95-503a-4f29-91f7-75b7c74612d1\" class=\"wp-block-image\"><img decoding=\"async\" src=\"http:\/\/rafalk-elblag.pl\/wp-content\/uploads\/2020\/04\/baner-intencje-mszy.jpg\" alt=\"Obrazek posiada pusty atrybut alt; plik o nazwie baner-intencje-mszy.jpg\"><\/figure>\n<h1 id=\"block-ebb85da5-2bf8-44c6-8a18-015b59726bae\" class=\"wp-block-heading\">Intencje mszalne<\/h1>\n<p>I Niedziela Wielkiego Postu 9 marca 2025 \/ \u0141k 4, 1-13<\/p>\n<p>8.00 O Bo\u017ce b\u0142ogos\u0142awie\u0144stwo dla wnucz\u0105t: KAI i WOJTKA i ich rodzin<br \/>\n10.00 O uprzedzaj\u0105c\u0105 \u0142ask\u0119 wszelkich natchnie\u0144, si\u0142\u0119 i rozwag\u0119, by wprowadzane w \u017cycie zaowocowa\u0142y ca\u0142kowitym przylgni\u0119ciem do Pana Boga dla Nikodema i jego rodziny, Agnieszki i ca\u0142ej rodziny zakonnej oraz dla Magdaleny i jej rodziny<br \/>\n12.00 Za parafian<br \/>\n15.00 \u015bp. Lutos\u0142aw DUSZNIAK gr. 9<br \/>\n18.00 \u015bp. J\u00f3zef (m) DRUSZKOWSKI w 27 rocz. \u015bmierci oraz zmar\u0142ych rodzic\u00f3w z obojga stron<\/p>\n<p>PONIEDZIA\u0141EK \/ 10 marca 2025\/ Mt 25, 31-46<\/p>\n<p>8.00 Intencja wynagradzaj\u0105ca Naj\u015bwi\u0119tszemu Sercu Pana Jezusa i Niepokalanemu Sercu N.M.P za grzechy Ojczyny<br \/>\n18.00 \u015bp. Irena KALI\u0143SKA w 5 r. \u015bmierci, \u015bp. Marian, Waleria i Zbigniew WOJTCZAKOWIE<br \/>\n18.00 \u015bp. Lutos\u0142aw DUSZNIAK gr. 10<\/p>\n<p>WTOREK \/ 11 marca 2025\/ Mt 6,7-15<\/p>\n<p>8.00 \u015bp. Waldemar, Robert, Henryk PAWLICCY<br \/>\n18.00 \u015bp. Lutos\u0142aw DUSZNIAK gr. 11<br \/>\n18.00 \u015bp. Stanis\u0142aw RUTKOWSKI w 3r. \u015bmierci i zmar\u0142ych z rodziny RUTKOWSKICH i URBA\u0143SKICH<\/p>\n<p>\u015aRODA \/ 12 marca 2025 \/ \u0141k 11, 29-32<\/p>\n<p>8.00 Za dusze w czy\u015b\u0107cu cierpi\u0105ce<br \/>\n18.00 \u015bp. Lutos\u0142aw DUSZNIAK gr. 12<br \/>\n18.00 \u015bp. Stanis\u0142awa (k) D\u0104BROWSKA w 4 r. \u015bmierci i zmar\u0142ych z rodziny<\/p>\n<p>CZWARTEK \/ 13 marca 2025 \/ Mt 7, 7-12<\/p>\n<p>8.00 Za dusze w czy\u015b\u0107cu cierpi\u0105ce<br \/>\n18.00 \u015bp. Lutos\u0142aw DUSZNIAK gr. 13<br \/>\n18.00 \u015bp. Kazimierz STANDARSKI w 6 r.\u015bm.<\/p>\n<p>PI\u0104TEK \/ 14 marca 2025 \/ Mt 5, 20-26<\/p>\n<p>8.00 \u015bp. Lutos\u0142aw DUSZNIAK gr. 14<br \/>\n8.00 \u015bp. Krzysztof KOSIDOWSKI 30 dzie\u0144 po pogrzebie<br \/>\n18.00 \u015bp. Bronis\u0142awa (k) Stanis\u0142aw (m) ZASKALSCY, \u015bp. Henryk, Stanis\u0142awa i Wilhelm GLI\u0143SCY<\/p>\n<p>SOBOTA \/ 15 marca 2025 \/ Mt 5, 43-48<\/p>\n<p>8.00 \u015bp. Jerzy, Natalia z rodziny DUDA<br \/>\n8.00 \u015bp. Lutos\u0142aw DUSZNIAK gr. 15<br \/>\n18.00 Za dusze w czy\u015b\u0107cu cierpi\u0105ce i \u015bp. Roman<\/p>\n<p>II Niedziela Wielkiego Postu 16 marca 2025 \/ \u0141k 9, 28-36<\/p>\n<p>Dzie\u0144 spotkania Rodziny i Bractwa Szkaplerznego<\/p>\n<p>8.00 \u015bp. Barbara i Lucjan KACHNOWICZ i zm. z rodziny<br \/>\n10.00 \u015bp. Bronis\u0142aw JANICKI w 24r.\u015bm. Wiktoria JANICKA, \u015bp.Wiktoria i Jan SZCZ\u0118SNYCH, Marta, Antoni, J\u00f3zef, Tomasz, Hermenegilda MOLGA<br \/>\n12.00 Za parafian<br \/>\n15.00 \u015bp. Lutos\u0142aw DUSZNIAK gr. 16<br \/>\n18.00 Za Rodzin\u0119 i Bractwo Szkaplerzne oraz osoby przyjmuj\u0105ce Szkaplerz \u015bwi\u0119ty<\/p>\n","protected":false},"excerpt":{"rendered":"<p>Co to jest Wielki Post? Od jak dawna prze\u017cywamy Wielki Post? Jakie jest znaczenie Wielkiego Wielki Post nazywamy okresem czterdziestu dni zarezerwowanych na przygotowanie Wielkanocy. Pocz\u0105wszy od IV wieku istnia\u0142a tendencja do uczynienia z niego czasu pokuty i odnowy dla ca\u0142ego Ko\u015bcio\u0142a, z praktyk\u0105 postu i wstrzemi\u0119\u017aliwo\u015bci. \u00abKo\u015bci\u00f3\u0142 co roku, przez czterdzie\u015bci dni Wielkiego Postu, [&hellip;]<\/p>\n","protected":false},"author":1,"featured_media":1200,"comment_status":"closed","ping_status":"closed","sticky":false,"template":"","format":"standard","meta":{"ngg_post_thumbnail":0,"footnotes":""},"categories":[11,8,4,3],"tags":[],"class_list":["post-5721","post","type-post","status-publish","format-standard","has-post-thumbnail","hentry","category-aktualnosci","category-blog","category-intencje","category-ogloszenia"],"_links":{"self":[{"href":"https:\/\/rafalk-elblag.pl\/index.php?rest_route=\/wp\/v2\/posts\/5721","targetHints":{"allow":["GET"]}}],"collection":[{"href":"https:\/\/rafalk-elblag.pl\/index.php?rest_route=\/wp\/v2\/posts"}],"about":[{"href":"https:\/\/rafalk-elblag.pl\/index.php?rest_route=\/wp\/v2\/types\/post"}],"author":[{"embeddable":true,"href":"https:\/\/rafalk-elblag.pl\/index.php?rest_route=\/wp\/v2\/users\/1"}],"replies":[{"embeddable":true,"href":"https:\/\/rafalk-elblag.pl\/index.php?rest_route=%2Fwp%2Fv2%2Fcomments&post=5721"}],"version-history":[{"count":1,"href":"https:\/\/rafalk-elblag.pl\/index.php?rest_route=\/wp\/v2\/posts\/5721\/revisions"}],"predecessor-version":[{"id":5722,"href":"https:\/\/rafalk-elblag.pl\/index.php?rest_route=\/wp\/v2\/posts\/5721\/revisions\/5722"}],"wp:featuredmedia":[{"embeddable":true,"href":"https:\/\/rafalk-elblag.pl\/index.php?rest_route=\/wp\/v2\/media\/1200"}],"wp:attachment":[{"href":"https:\/\/rafalk-elblag.pl\/index.php?rest_route=%2Fwp%2Fv2%2Fmedia&parent=5721"}],"wp:term":[{"taxonomy":"category","embeddable":true,"href":"https:\/\/rafalk-elblag.pl\/index.php?rest_route=%2Fwp%2Fv2%2Fcategories&post=5721"},{"taxonomy":"post_tag","embeddable":true,"href":"https:\/\/rafalk-elblag.pl\/index.php?rest_route=%2Fwp%2Fv2%2Ftags&post=5721"}],"curies":[{"name":"wp","href":"https:\/\/api.w.org\/{rel}","templated":true}]}}