{"id":5718,"date":"2025-02-26T19:34:13","date_gmt":"2025-02-26T19:34:13","guid":{"rendered":"https:\/\/rafalk-elblag.pl\/?p=5718"},"modified":"2025-03-04T17:47:22","modified_gmt":"2025-03-04T17:47:22","slug":"ogloszenia-parafialne-2-03-2025-r-viii-niedziela-zwykla","status":"publish","type":"post","link":"https:\/\/rafalk-elblag.pl\/?p=5718","title":{"rendered":"OG\u0141OSZENIA PARAFIALNE\u00a0 2.03.2025 r.  VIII NIEDZIELA ZWYK\u0141A"},"content":{"rendered":"<p><strong>Popielec \u2013 pi\u0119kno symbolu i gestu<\/strong><\/p>\n<p><strong>&nbsp;<\/strong>Bez cienia w\u0105tpliwo\u015bci pocz\u0105tek Wielkiego Postu powszechnie kojarzy si\u0119 jednak z popio\u0142em. Jego symbolik\u0119 przej\u0119\u0142o chrze\u015bcija\u0144stwo. Popi\u00f3\u0142 jest r\u00f3wnocze\u015bnie znakiem oczyszczenia (u\u017cywa\u0142o si\u0119 go do oczyszczania przedmiot\u00f3w, zanim wynaleziono bardziej skuteczne \u015brodki chemiczne).<\/p>\n<p><strong>Oczyszczenie zatem to poddanie si\u0119 Bo\u017cemu mi\u0142osierdziu i przebaczeniu poprzez \u017cal i szczer\u0105 ch\u0119\u0107 poprawy. Ale te\u017c przyj\u0119cie jakiego\u015b dzie\u0142a pokutnego (trudu, cierpienia) \u2013 cz\u0142owiek cierpi, gdy tarza si\u0119 w popiele.<\/strong><\/p>\n<p>&nbsp;&nbsp;&nbsp;&nbsp;&nbsp;&nbsp;&nbsp;&nbsp;&nbsp;&nbsp;&nbsp; Ciekawe jest to, \u017ce popi\u00f3\u0142 na \u015arod\u0119 Popielcow\u0105 przygotowuje si\u0119 ze spalonych palm po\u015bwi\u0119conych w poprzednim roku w Niedziel\u0119 Palmow\u0105. Ten fakt przypomina, \u017ce w\u0142a\u015bnie Chrystus, wys\u0142awiany przy wje\u017adzie do Jerozolimy przez t\u0142umy nios\u0105ce ga\u0142\u0105zki palmowe jako Mesjasz i Kr\u00f3l, daje nam si\u0142\u0119 do duchowego odrodzenia \u2013 pokonywania grzech\u00f3w i budowy dobra w sobie.<\/p>\n<p><strong>Popi\u00f3\u0142 przypomina zatem znikomo\u015b\u0107 ludzkiego \u017cycia, konieczno\u015b\u0107 pami\u0119ci o tym, by \u017cy\u0107 sprawiedliwie, w Bo\u017cej \u0142asce, bo nasze ziemskie \u017cycie sko\u0144czy si\u0119 i pozostanie po nim tylko proch.<\/strong><\/p>\n<p>Posypania popio\u0142em by\u0142o jednym z nielicznych sposob\u00f3w u\u017cy\u017aniania ziemi. Tam, gdzie posypano j\u0105 popio\u0142em, by\u0142a nadzieja na lepszy plon. Posypanie g\u0142owy by\u0142o wi\u0119c po prostu znakiem nadziei na zmian\u0119 na lepsze.<\/p>\n<p>Posypywania g\u0142\u00f3w popio\u0142em nie ma tylko negatywnego znaczenia, jako znaku upokorzenia i uni\u017cenia. Poprzez przyj\u0119cie tego znaku, b\u0119d\u0105cego jednym z sakramentali\u00f3w (nie sakrament\u00f3w!), cz\u0142owiek \u015bwiadomie podejmuje dar \u0142aski Bo\u017cej, kt\u00f3ra b\u0119dzie mu pomaga\u0107 w drodze do odnowy.<\/p>\n<p>Warto zwr\u00f3ci\u0107 uwag\u0119 na fenomen licznego uczestnictwa w Eucharystii w \u015arod\u0119 Popielcow\u0105. \u2013 Wydaje si\u0119, \u017ce ludzie ch\u0119tniej przychodz\u0105 wtedy do ko\u015bcio\u0142a na nabo\u017ce\u0144stwo, gdy\u017c dzieje si\u0119 co\u015b nadzwyczajnego.<\/p>\n<p>Fenomenem Popielca wskazuje jeszcze na element pewnej rutyny. Ci\u0105gle aktualne jest pewne przyzwyczajenie.<\/p>\n<p>Drugim motywem mo\u017ce by\u0107 fakt, \u017ce wtedy w ko\u015bciele co\u015b otrzymujemy. Ten znak popio\u0142u staje si\u0119 dla cz\u0142owieka czym\u015b wa\u017cnym, a czasami nawet zabobonnym. Dla nas, wierz\u0105cych, najwa\u017cniejszym motywem b\u0119dzie zawsze \u0142aska, kt\u00f3ra pomaga nam w procesie nawr\u00f3cenia. A tak\u0105 potrzeb\u0119 wielu z nas wci\u0105\u017c odczuwa.<\/p>\n<p><strong><em>Wykorzystajmy ten nied\u0142ugo rozpoczynaj\u0105cy si\u0119 czas Wielkiego Postu do podj\u0119cia konkretnych postanowie\u0144&nbsp; i decyzji. Niech moje osobiste zaanga\u017cowanie umocni we mnie ducha modlitwy, postu i ja\u0142mu\u017cny. W trwajacym Roku Jubileuszowym podejmijmy z nadziej\u0105 zaproszenie &nbsp;do nawr\u00f3cenia i przemiany naszego \u017cycia. &nbsp;<\/em><\/strong><\/p>\n<p>&nbsp;<\/p>\n<p>&nbsp;<\/p>\n<p>&nbsp;<\/p>\n<figure id=\"block-11bfdc70-3a14-4d5e-94a4-c45b2bb4a6cf\" class=\"wp-block-image\"><a href=\"http:\/\/rafalk-elblag.pl\/wp-content\/uploads\/2021\/08\/ogloszenia-parafialne-baner-01a.jpg\"><img decoding=\"async\" src=\"http:\/\/rafalk-elblag.pl\/wp-content\/uploads\/2021\/08\/ogloszenia-parafialne-baner-01a.jpg\" alt=\"Obrazek posiada pusty atrybut alt; plik o nazwie ogloszenia-parafialne-baner-01a.jpg\"><\/a><\/figure>\n<p>&nbsp;<\/p>\n<p><strong>&nbsp;<\/strong><\/p>\n<p><strong>OG\u0141OSZENIA PARAFIALNE&nbsp; 2.03.2025 r.<\/strong><\/p>\n<p><strong>VIII NIEDZIELA ZWYK\u0141A<\/strong><\/p>\n<p><strong>&nbsp;<\/strong><\/p>\n<ol>\n<li><strong>JAK W KA\u017bD\u0104 PIERWSZ\u0104 NIEDZIEL\u0118 MIESI\u0104CA TAK I DZISIAJ ZAPRASZAMY NA ADORACJ\u0118 NAJ\u015aWI\u0118TSZEGO SAKRAMENTU OD GODZ. 16:00 DO GODZ. 18:00.<\/strong><\/li>\n<li>Dzisiejsz\u0105 niedziel\u0105 rozpoczynamy TYDZIE\u0143 MODLITW O TRZE\u0179WO\u015a\u0106 NARODU pod has\u0142em <strong>\u201eOdpowiedzialni za trze\u017awo\u015b\u0107\u201d, <\/strong>kt\u00f3ry trwa\u0107 b\u0119dzie do soboty 8 marca. Jest to duchowe przygotowanie do owocnego prze\u017cycia Wielkiego Postu. Zach\u0119camy do podj\u0119cia modlitwy o trze\u017awo\u015b\u0107 w naszych rodzinach i udzia\u0142u w Drodze Krzy\u017cowej w pi\u0105tek 7 marca o godz. 17:15.<\/li>\n<li><strong><em>Wa\u017cne jest, <\/em><\/strong><em>aby\u015bmy na nowo odkryli warto\u015b\u0107 okresowych lub sta\u0142ych przyrzecze\u0144 abstynenckich. Dajmy \u015bwiadectwo poprzez wpisanie swojej decyzji do <strong>PARAFIALNEJ KSI\u0118GI TRZE\u0179WO\u015aCI<\/strong> wy\u0142o\u017conej na stoliku przed obrazem Matki Bo\u017cej Nieustaj\u0105cej Pomocy \u2013 pod ch\u00f3rem. <\/em><\/li>\n<li>W naszej parafii <strong>dzia\u0142a Al\u2013Anon, <\/strong>kt\u00f3ry spotyka si\u0119 w ka\u017cdy czwartek o godz. 17:00.<\/li>\n<li>Z dniem 5 marca &#8211; <strong>\u015arod\u0105 Popielcow\u0105<\/strong> &#8211; rozpoczynamy WIELKI POST. Przed nami 40 dni przygotowania si\u0119 do Wielkiej Nocy. Zapraszamy w tym dniu na Msze \u015bw. <strong>o godzinie 8:00, 11:00, 16:30 (z udzia\u0142em dzieci), 18:00 i 20:00<\/strong> <strong>(z udzia\u0142em m\u0142odzie\u017cy)<\/strong><\/li>\n<li><strong>Przypominamy, \u017ce w \u015arod\u0119 Popielcow\u0105 obowi\u0105zuje nas post \u015bcis\u0142y. <\/strong>Oznacza to, \u017ce wszystkie osoby od 14 roku \u017cycia bez g\u00f3rnej granicy wieku obowi\u0105zuje&nbsp; wstrzemi\u0119\u017aliwo\u015b\u0107 od potraw mi\u0119snych, natomiast post ilo\u015bciowy obowi\u0105zuje od 18 do 60 roku \u017cycia. W ci\u0105gu dnia mo\u017cemy spo\u017cy\u0107 wy\u0142\u0105cznie jeden posi\u0142ek do syta, a pozosta\u0142e dwa niepe\u0142ne. <em>Obowi\u0105zek ten nie dotyczy os\u00f3b chorych.<\/em><\/li>\n<li><strong>W WIELKIM PO\u015aCIE<\/strong> w ka\u017cd\u0105 niedziel\u0119 zapraszamy na \u015bpiewanie <strong>GODZINEK KU CZCI M\u0118KI PA\u0143SKIEJ<\/strong> o godz. 7:40 oraz na <strong>GORZKIE \u017bALE<\/strong> z kazaniem pasyjnym o godz. 17:15.&nbsp; Natomiast w pi\u0105tki zapraszamy na<strong> DROG\u0118 KRZY\u017bOW\u0104:<\/strong><\/li>\n<\/ol>\n<ul>\n<li><em> 16:30 dla dzieci; <\/em><\/li>\n<li><em> 17:15 dla doros\u0142ych i m\u0142odzie\u017cy.<\/em><\/li>\n<\/ul>\n<ol start=\"8\">\n<li><strong>UWAGA!!! W \u015arod\u0119 Popielcow\u0105 kancelaria parafialna <\/strong>&#8211;<\/li>\n<li>W tym tygodniu przypada pierwszy czwartek i pi\u0105tek miesi\u0105ca.<\/li>\n<\/ol>\n<ul>\n<li><strong>pierwszy czwartek (6.03.) <\/strong>miesi\u0105ca zapraszamy do wsp\u00f3lnej modlitwy o nowe powo\u0142ania kap\u0142a\u0144skie i zakonne.<strong> Msza \u015bw. o godz. 18:00. ,,Godzina \u015awi\u0119ta\u201d<\/strong> czyli ADORACJA przed Naj\u015bwi\u0119tszym Sakramentem <strong>po Mszy \u015bw.<\/strong><\/li>\n<li><strong>w pierwszy pi\u0105tek (07.03.)<\/strong> spowied\u017a dla dzieci, m\u0142odzie\u017cy i doros\u0142ych w tygodniu od godz. 17:30. W pierwszy pi\u0105tek spowied\u017a dla dzieci od godz. 16:00. Droga Krzy\u017cowa dla dzieci o godz. 16:30 zako\u0144czona obrz\u0119dem Komunii \u015bw.<\/li>\n<\/ul>\n<ol start=\"10\">\n<li>Z racji pierwszego pi\u0105tku kap\u0142ani udadz\u0105 si\u0119 do chorych 7 marca od godz. 9:30.&nbsp;&nbsp;&nbsp;&nbsp;&nbsp;&nbsp;&nbsp;&nbsp;&nbsp;&nbsp;&nbsp;&nbsp;&nbsp;&nbsp;&nbsp;&nbsp;&nbsp;&nbsp;&nbsp;&nbsp;&nbsp;&nbsp;&nbsp;<\/li>\n<li><strong>Z okazji Dnia Kobiet<\/strong> wszystkim paniom sk\u0142adamy najserdeczniejsze \u017cyczenia wielu \u0142ask Bo\u017cych oraz opieki Matki Naj\u015bwi\u0119tszej. <em>Niech ten dzie\u0144 b\u0119dzie wyrazem wdzi\u0119czno\u015bci za wielk\u0105 mi\u0142o\u015b\u0107 i dobro\u0107, jak\u0105 wnosz\u0105 w nasze rodziny niewiasty.<\/em><\/li>\n<li>Zach\u0119camy do nabywania nowego numeru <strong>\u201eGo\u015bcia Niedzielnego\u201d<\/strong> z dodatkiem \u201eGo\u015b\u0107 Elbl\u0105ski\u201d w cenie 10 z\u0142. oraz najnowszego numeru <strong>\u201eHistoria Ko\u015bcio\u0142a\u201d w<\/strong> cenie 14 z\u0142.<\/li>\n<li>Ofiary z\u0142o\u017cone dzisiaj na tac\u0119 przeznaczone s\u0105 na uregulowanie rachunku za ogrzewanie Ko\u015bcio\u0142a. <em>Dzi\u0119kuj\u0119 za zrozumienie i z\u0142o\u017cone ofiary.<\/em><\/li>\n<li>Pan powo\u0142a\u0142 do wieczno\u015bci: &nbsp;\u015bp. Roman\u0119(k) OBSZY\u0143SK\u0104 lat 77 z ul. Broniewskiego<\/li>\n<\/ol>\n<p>&nbsp;&nbsp;&nbsp;&nbsp;&nbsp;&nbsp; \u015bp. Antoniego TOMASZEWICZA lat 80 z ul. Leszczy\u0144skiego &nbsp;<\/p>\n<p><em><u>Dobry Jezu a nasz Panie daj jej wieczne spoczywanie.<\/u><\/em><\/p>\n<p>&nbsp;<\/p>\n<p>&nbsp;<\/p>\n<p style=\"text-align: center;\"><em>&nbsp;<\/em><strong>Numer Konta Parafialnego<\/strong><\/p>\n<p style=\"text-align: center;\"><strong>PKO BP 72 1020 1752 0000 0102 0069 6047<\/strong><\/p>\n<p>&nbsp;<\/p>\n<figure id=\"block-5f437b95-503a-4f29-91f7-75b7c74612d1\" class=\"wp-block-image\"><img decoding=\"async\" src=\"http:\/\/rafalk-elblag.pl\/wp-content\/uploads\/2020\/04\/baner-intencje-mszy.jpg\" alt=\"Obrazek posiada pusty atrybut alt; plik o nazwie baner-intencje-mszy.jpg\"><\/figure>\n<h1 id=\"block-ebb85da5-2bf8-44c6-8a18-015b59726bae\" class=\"wp-block-heading\">Intencje mszalne<\/h1>\n<p>VIII Niedziela Zwyk\u0142a 2 marca 2025 \/ \u0141k 6, 39-45<\/p>\n<p>8.00 O do\u015bwiadczenie Bo\u017cej mi\u0142o\u015bci dla Karoliny i Oskara oraz Sebastiana i Natalii<br \/>\n10.00 O powr\u00f3t do zdrowia dla Zenona(m) z pro\u015bb\u0105 o potrzebne \u0142aski w chorobie<br \/>\n12.00 Za parafian<br \/>\n15.00 \u015bp. Lutos\u0142aw DUSZNIAK gr. 2<br \/>\n18.00 \u015bp. Irena WILE\u0143SKA gr.30<\/p>\n<p>PONIEDZIA\u0141EK \/ 3 marca 2025\/ Mk 10, 17-27<\/p>\n<p>8.00 \u015bp. Lutos\u0142aw DUSZNIAK gr. 3<br \/>\n18.00 \u015bp. Ryszard SIKORSKI w 3 rocznice \u015bmierci i zmar\u0142ych rodzic\u00f3w z obojga stron<br \/>\n18.00 \u015bp. Pelagia HERMAN w 13 rocz. \u015amierci oraz za zmar\u0142ych z rodzin HERMAN, K\u0118DZIERSKICH i SOLECKICH<\/p>\n<p>WTOREK \u015bw. Kazimierza Kr\u00f3lewicza \/ 4 marca 2025\/ J 15,9-17<\/p>\n<p>8.00 \u015bp. Antoni \u0141UKASZEWSKI \u2013 intencja od kole\u017canki Haliny<br \/>\n18.00 \u015bp. Lutos\u0142aw DUSZNIAK gr. 4<br \/>\n18.00 \u015bp. Wac\u0142aw(m) G\u0104SIOR w 42 rocz. \u015bmierci, \u015bp. Kazimierz w 19 rocz. \u015bmierci<\/p>\n<p>\u015aRODA POPIELCOWA \/ 5 marca 2025 \/ Mk 6,1-6. 16-18<\/p>\n<p>8.00 \u015bp. Henryk DZIKOWSKI i zmar\u0142ych z rodziny<br \/>\n11.00 \u015bp. Lutos\u0142aw DUSZNIAK gr. 5<br \/>\n16.30 O \u0142ask\u0119 powrotu do zdrowia i wype\u0142nienie woli Bo\u017cej w \u017cyciu Marty<br \/>\n18.00 Dzi\u0119kczynna z okazji urodzin ks. S\u0142awomira z pro\u015bba o Bo\u017ce b\u0142ogos\u0142., opiek\u0119 Matki Bo\u017cej Szkaplerznej oraz o dary Ducha \u015awi\u0119tego na ka\u017cdy dzie\u0144 \u017cycia \u2013 intencja od Margaretki<br \/>\n20.00 Dzi\u0119kczynna za otrzymane \u0142aski z pro\u015bba o Bo\u017ce b\u0142ogos\u0142awie\u0144stwo dla Izabeli i Krzysztofa oraz o wszelkie potrzebne dary<\/p>\n<p>CZWARTEK \/ 6 marca 2025 \/ \u0141k 9,22-25 \/ I czwartek miesi\u0105ca<\/p>\n<p>8.00 \u015bp. Lutos\u0142aw DUSZNIAK gr. 6<br \/>\n8.00 Dzi\u0119kczynna w 51 rocznice \u015blubu Barbary i Henryka JACKIEWICZ z pro\u015bb\u0105 o Bo\u017ce b\u0142ogos\u0142awie\u0144stwo i potrzebne \u0142aski<br \/>\n18.00 Za kap\u0142an\u00f3w naszej parafii oraz o potrzebne \u0142aski i dary Ducha \u015awi\u0119tego w ich codziennej pos\u0142udze duszpasterskiej<\/p>\n<p>PI\u0104TEK \/ 7 marca 2025 \/ Mt 9,14-15 \/ I pi\u0105tek miesi\u0105ca<\/p>\n<p>8.00 \u015bp. Lutos\u0142aw DUSZNIAK gr. 7<br \/>\n8.00 Intencja wynagradzaj\u0105ca Naj\u015bwi\u0119tszemu Sercu Pana Jezusa i Niepokalanemu Sercu Naj\u015bwi\u0119tszej Maryi Panny za grzechy naszej Ojczyzny<br \/>\n18.00 \u015bp. Wies\u0142aw TRYBURSKI w 30 dzie\u0144 po pogrzebie<\/p>\n<p>SOBOTA \/ 8 marca 2025 \/ \u0141k 5, 27-32 \/ Dzie\u0144 Kobiet<\/p>\n<p>8.00 \u015bp. Lutos\u0142aw DUSZNIAK gr. 8<br \/>\n8.00 Intencja wynagradzaj\u0105ca Naj\u015bwi\u0119tszemu Sercu Pana Jezusa i Niepokalanemu Sercu Naj\u015bwi\u0119tszej Maryi Panny za grzechy naszej Ojczyzny<br \/>\n18.00 \u015bp. Jerzy KOTLEWSKI w 30 dzie\u0144 po pogrzebie<\/p>\n<p>I Niedziela Wielkiego Postu 9 marca 2025 \/ \u0141k 4, 1-13<\/p>\n<p>8.00 O Bo\u017ce b\u0142ogos\u0142awie\u0144stwo dla wnucz\u0105t: KAI i WOJTKA i ich rodzin<br \/>\n10.00 O uprzedzaj\u0105c\u0105 \u0142ask\u0119 wszelkich natchnie\u0144, si\u0142\u0119 i rozwag\u0119, by wprowadzane w \u017cycie zaowocowa\u0142y ca\u0142kowitym przylgni\u0119ciem do Pana Boga dla Nikodema i jego rodziny, Agnieszki i ca\u0142ej rodziny zakonnej oraz dla Magdaleny i jej rodziny<br \/>\n12.00 Za parafian<br \/>\n15.00 \u015bp. Lutos\u0142aw DUSZNIAK gr. 9<br \/>\n18.00 \u015bp. J\u00f3zef (m) DRUSZKOWSKI w 27 rocz. \u015bmierci oraz zmar\u0142ych rodzic\u00f3w z obojga stron<\/p>\n<p>&nbsp;<\/p>\n","protected":false},"excerpt":{"rendered":"<p>Popielec \u2013 pi\u0119kno symbolu i gestu &nbsp;Bez cienia w\u0105tpliwo\u015bci pocz\u0105tek Wielkiego Postu powszechnie kojarzy si\u0119 jednak z popio\u0142em. Jego symbolik\u0119 przej\u0119\u0142o chrze\u015bcija\u0144stwo. Popi\u00f3\u0142 jest r\u00f3wnocze\u015bnie znakiem oczyszczenia (u\u017cywa\u0142o si\u0119 go do oczyszczania przedmiot\u00f3w, zanim wynaleziono bardziej skuteczne \u015brodki chemiczne). Oczyszczenie zatem to poddanie si\u0119 Bo\u017cemu mi\u0142osierdziu i przebaczeniu poprzez \u017cal i szczer\u0105 ch\u0119\u0107 poprawy. Ale [&hellip;]<\/p>\n","protected":false},"author":1,"featured_media":5719,"comment_status":"closed","ping_status":"closed","sticky":false,"template":"","format":"standard","meta":{"ngg_post_thumbnail":0,"footnotes":""},"categories":[11,8,4,3],"tags":[],"class_list":["post-5718","post","type-post","status-publish","format-standard","has-post-thumbnail","hentry","category-aktualnosci","category-blog","category-intencje","category-ogloszenia"],"_links":{"self":[{"href":"https:\/\/rafalk-elblag.pl\/index.php?rest_route=\/wp\/v2\/posts\/5718","targetHints":{"allow":["GET"]}}],"collection":[{"href":"https:\/\/rafalk-elblag.pl\/index.php?rest_route=\/wp\/v2\/posts"}],"about":[{"href":"https:\/\/rafalk-elblag.pl\/index.php?rest_route=\/wp\/v2\/types\/post"}],"author":[{"embeddable":true,"href":"https:\/\/rafalk-elblag.pl\/index.php?rest_route=\/wp\/v2\/users\/1"}],"replies":[{"embeddable":true,"href":"https:\/\/rafalk-elblag.pl\/index.php?rest_route=%2Fwp%2Fv2%2Fcomments&post=5718"}],"version-history":[{"count":1,"href":"https:\/\/rafalk-elblag.pl\/index.php?rest_route=\/wp\/v2\/posts\/5718\/revisions"}],"predecessor-version":[{"id":5720,"href":"https:\/\/rafalk-elblag.pl\/index.php?rest_route=\/wp\/v2\/posts\/5718\/revisions\/5720"}],"wp:featuredmedia":[{"embeddable":true,"href":"https:\/\/rafalk-elblag.pl\/index.php?rest_route=\/wp\/v2\/media\/5719"}],"wp:attachment":[{"href":"https:\/\/rafalk-elblag.pl\/index.php?rest_route=%2Fwp%2Fv2%2Fmedia&parent=5718"}],"wp:term":[{"taxonomy":"category","embeddable":true,"href":"https:\/\/rafalk-elblag.pl\/index.php?rest_route=%2Fwp%2Fv2%2Fcategories&post=5718"},{"taxonomy":"post_tag","embeddable":true,"href":"https:\/\/rafalk-elblag.pl\/index.php?rest_route=%2Fwp%2Fv2%2Ftags&post=5718"}],"curies":[{"name":"wp","href":"https:\/\/api.w.org\/{rel}","templated":true}]}}