{"id":5713,"date":"2025-02-20T16:23:06","date_gmt":"2025-02-20T16:23:06","guid":{"rendered":"https:\/\/rafalk-elblag.pl\/?p=5713"},"modified":"2025-02-22T09:45:44","modified_gmt":"2025-02-22T09:45:44","slug":"ogloszenia-parafialne-23-02-2025-r-vii-niedziela-zwykla","status":"publish","type":"post","link":"https:\/\/rafalk-elblag.pl\/?p=5713","title":{"rendered":"OG\u0141OSZENIA PARAFIALNE\u00a0 23.02.2025 r.  VII NIEDZIELA ZWYK\u0141A"},"content":{"rendered":"<p><strong>Narodowy Dzie\u0144 Pami\u0119ci \u201e\u017bo\u0142nierzy Wykl\u0119tych\u201d<\/strong><\/p>\n<p>Wiele lat musia\u0142o up\u0142yn\u0105\u0107, aby \u015brodowiska kombatanckie, liczne organizacje patriotyczne, a przede wszystkim przyjaciele i rodziny doczeka\u0142y si\u0119 dnia po\u015bwi\u0119conego pami\u0119ci \u017bo\u0142nierzy Wykl\u0119tych.<\/p>\n<p>Prezydent Lech Kaczy\u0144ski korzystaj\u0105c ze swego konstytucyjnego uprawnienia do inicjatywy ustawodawczej, w 2010 roku z\u0142o\u017cy\u0142 na r\u0119ce marsza\u0142ka Sejmu projekt ustawy o ustanowieniu <strong>Narodowego Dnia Pami\u0119ci \u201e\u017bo\u0142nierzy Wykl\u0119tych\u201d, <\/strong><em><u>jako \u015bwi\u0119ta pa\u0144stwowego, kt\u00f3re b\u0119dzie obchodzone w dniu 1 marca ka\u017cdego roku. <\/u><\/em><\/p>\n<p>Uzasadnienie do\u0142\u0105czone do projektu ustawy g\u0142osi\u0142o, \u017ce ustanowienie \u015bwi\u0119ta \u201ejest wyrazem ho\u0142du dla \u017co\u0142nierzy drugiej konspiracji za \u015bwiadectwo m\u0119stwa, niez\u0142omnej postawy patriotycznej i przywi\u0105zania do tradycji patriotycznych, za krew przelan\u0105 w obronie Ojczyzny (&#8230;).<\/p>\n<p><strong>Narodowy Dzie\u0144 pami\u0119ci \u201e\u017bo\u0142nierzy Wykl\u0119tych\u201d<\/strong> <em>to tak\u017ce wyraz ho\u0142du licznym spo\u0142eczno\u015bciom lokalnym, kt\u00f3rych patriotyzm i sta\u0142a gotowo\u015b\u0107 ofiar na rzecz idei niepodleg\u0142o\u015bciowej pozwoli\u0142y na kontynuacj\u0119 oporu na d\u0142ugie lata\u201d.<\/em><\/p>\n<p>3 lutego 2011 roku Sejm uchwali\u0142 ustaw\u0119 o ustanowieniu dnia 1 marca Narodowym Dniem Pami\u0119ci \u017bo\u0142nierzy Wykl\u0119tych.<\/p>\n<p>Data ta jest nieprzypadkowa \u2013 1 marca 1951 w mokotowskim wi\u0119zieniu komuni\u015bci strza\u0142em w ty\u0142 g\u0142owy zamordowali przyw\u00f3dc\u00f3w IV Zarz\u0105du Zrzeszenia Wolno\u015b\u0107 i Niezawis\u0142o\u015b\u0107 \u2013 \u0141ukasza Ciepli\u0144skiego i jego towarzyszy walki. Tworzyli oni ostatnie kierownictwo ostatniej og\u00f3lnopolskiej konspiracji kontynuuj\u0105cej od 1945 roku dzie\u0142o Armii Krajowej.<\/p>\n<p>O \u015bwi\u0119to \u017bo\u0142nierzy Wykl\u0119tych zabiega\u0142 te\u017c prezes IPN Janusz Kurtyka. Ustanowienie w 2011 r. 1 marca <strong>Narodowym Dniem Pami\u0119ci \u201e\u017bo\u0142nierzy Wykl\u0119tych\u201d<\/strong> stanowi potwierdzenie przez woln\u0105, demokratyczn\u0105 Rzeczpospolit\u0105 roli, jak\u0105 odegrali oni na drodze do odzyskania przez Polsk\u0119 niepodleg\u0142o\u015bci.<\/p>\n<p><strong>Pami\u0119\u0107 i szacunek dla przodk\u00f3w s\u0105 bowiem fundamentem wsp\u00f3lnoty narodowej.<\/strong><\/p>\n<figure id=\"block-11bfdc70-3a14-4d5e-94a4-c45b2bb4a6cf\" class=\"wp-block-image\"><a href=\"http:\/\/rafalk-elblag.pl\/wp-content\/uploads\/2021\/08\/ogloszenia-parafialne-baner-01a.jpg\"><img decoding=\"async\" src=\"http:\/\/rafalk-elblag.pl\/wp-content\/uploads\/2021\/08\/ogloszenia-parafialne-baner-01a.jpg\" alt=\"Obrazek posiada pusty atrybut alt; plik o nazwie ogloszenia-parafialne-baner-01a.jpg\"><\/a><\/figure>\n<p>&nbsp;<\/p>\n<p><strong>OG\u0141OSZENIA PARAFIALNE&nbsp; 23.02.2025 r.<\/strong><\/p>\n<p><strong>VII NIEDZIELA ZWYK\u0141A<\/strong><\/p>\n<p><strong>&nbsp;<\/strong><\/p>\n<ol>\n<li><strong>Wolontariusze Caritas zbieraj\u0105 ofiary do puszki dla os\u00f3b potrzebuj\u0105cych pomocy. Dzi\u0119kujemy za zrozumienie. <\/strong>Zapraszam dzisiaj na spotkanie formacyjne dla Apostolatu Bo\u017cego Mi\u0142osierdzia i Wolontariuszy Caritas po Mszy \u015bw. o godz. 15:00.<\/li>\n<li>W \u015brod\u0119 26 lutego br. spotkanie Kr\u0119gu Biblijnego o godz. 19:00.<\/li>\n<\/ol>\n<p><em>Ksi\u0105dz Piotr przypomina, \u017ce spotkania KR\u0118GU BIBLIJNEGO odbywaj\u0105 si\u0119 w II i IV \u015brod\u0119 miesi\u0105ca. Serdecznie zapraszamy.<\/em><\/p>\n<ol start=\"3\">\n<li>W tym tygodniu przypada pierwsza sobota miesi\u0105ca.<\/li>\n<\/ol>\n<ul>\n<li><strong>w pierwsz\u0105 sobot\u0119<\/strong> przed Msz\u0105 \u015aw. o godz. 17:00 zapraszamy na nabo\u017ce\u0144stwo wynagradzaj\u0105ce Niepokalanemu Sercu Maryi za zniewagi grzesznik\u00f3w. <em>Tego dnia zmiana tajemnic dla \u017bywego R\u00f3\u017ca\u0144ca. <\/em><\/li>\n<\/ul>\n<ol start=\"4\">\n<li>Zapraszamy parafian w ka\u017cd\u0105 niedziel\u0119<strong> o godz. 7:40 na \u015bpiewanie GODZINEK KU CZCI NIEPOKALANEGO POCZ\u0118CIA N.M.P.. <\/strong><\/li>\n<li><strong>KORZYSTAJMY Z SAKRAMENTU SPOWIEDZI \u015aW.<\/strong><em><u> \u2013 mamy tak\u0105 mo\u017cliwo\u015b\u0107, codziennie przed Msz\u0105 \u015bw. od godz. 7:45 lub od godz.17:30. <\/u><\/em><\/li>\n<li><strong>Kancelaria Parafialna <\/strong>czynna w \u015brody od 16:00 do 17:30 oraz w pi\u0105tki po Mszy wieczorowej do godz. 19:30. Zapraszamy.<\/li>\n<li>Zach\u0119camy do nabywania nowego numeru <strong>\u201eGo\u015bcia Niedzielnego\u201d<\/strong> z dodatkiem \u201eGo\u015b\u0107 Elbl\u0105ski\u201d w cenie 10 z\u0142.<\/li>\n<li>Wszystkim Jubilatom i Solenizantom tego tygodnia \u017cyczymy wielu \u0142ask Bo\u017cych i opieki Matki Bo\u017cej Szkaplerznej naszej patronki.<\/li>\n<li>Parafia nasza organizuje pielgrzymk\u0119 autokarow\u0105 w dniach od 28 kwietnia do 2 maja. W programie nawiedzimy takie miejsca jak:<strong> PAKO\u015a\u0106, TRZEBNICA, WROC\u0141AW (Panorama Rac\u0142awicka), LEGNICA, LUBI\u0104\u017b, JAWOR. Koszt 1250 z\u0142. W cenie: autokar, noclegi \u015bniadania, obiadokolacje, przewodnicy, bilety wyj\u015bciowe, ubezpieczenie. <em>Zapisy na powy\u017csz\u0105 pielgrzymk\u0119 do 2 marca, gdy\u017c trzeba potwierdzi\u0107 rezerwacj\u0119 i wp\u0142aci\u0107 zaliczk\u0119. <\/em><\/strong><em>&nbsp;<\/em><\/li>\n<li>Za tydzie\u0144 ofiary z\u0142o\u017cone na tac\u0119 przeznaczone b\u0119d\u0105 uregulowanie rachunku za ogrzewanie Ko\u015bcio\u0142a. <em>Dzi\u0119kuj\u0119 za zrozumienie i z\u0142o\u017cone ofiary.<\/em><\/li>\n<li>Pan powo\u0142a\u0142 do wieczno\u015bci:<\/li>\n<\/ol>\n<p>&nbsp;&nbsp;&nbsp;&nbsp;&nbsp;&nbsp;&nbsp;&nbsp;&nbsp;&nbsp;&nbsp;&nbsp;&nbsp;&nbsp;&nbsp;&nbsp;&nbsp;&nbsp;&nbsp;&nbsp;&nbsp;&nbsp;&nbsp;&nbsp;&nbsp;&nbsp;&nbsp; \u015bp. Weronik\u0119 \u0141ASKOWSKA &nbsp;lat 81 z ul. K\u0142oczowskiego<\/p>\n<p><em><u>Dobry Jezu a nasz Panie daj jej wieczne spoczywanie.<\/u><\/em><\/p>\n<ol start=\"4\">\n<li><strong>W roku JUBILEUSZOWYM 2025 zosta\u0142y zaplanowane trzy pielgrzymki:<\/strong><\/li>\n<\/ol>\n<ul>\n<li>autokarowa pielgrzymka do WROC\u0141AWIA i okolic. Termin od 28 kwietnia do 2 maja 2025 roku&nbsp; pi\u0119\u0107 dni. Koszt ok. 1200 z\u0142.<\/li>\n<li>autokarowa pielgrzymka do Medjugorii we wrze\u015bniu (22-29) 2025 roku. Koszt ok. 850 z\u0142 i 270 euro.<\/li>\n<\/ul>\n<ul>\n<li>autokarowa pielgrzymka do wiecznego miasta RZYMU w drugiej po\u0142owie pa\u017adziernika (16-25) 2025 roku. Koszt ok. 3980z\u0142. i 300 euro. <strong><em>Rozpoczynam zapisy na powy\u017csze pielgrzymki, gdy\u017c do ko\u0144ca lutego musz\u0119 potwierdzi\u0107 rezerwacj\u0119&nbsp;&nbsp;&nbsp;&nbsp;&nbsp;&nbsp;&nbsp;&nbsp;&nbsp;&nbsp;&nbsp;&nbsp;&nbsp;&nbsp;&nbsp;&nbsp;&nbsp;&nbsp;&nbsp;&nbsp; i wp\u0142aci\u0107 zaliczk\u0119. <\/em><\/strong><em>Zapisy i wi\u0119cej informacji u ks. Proboszcza. <\/em><\/li>\n<\/ul>\n<p>&nbsp;<\/p>\n<p>&nbsp;<\/p>\n<p style=\"text-align: center;\"><em>&nbsp;<\/em><strong>Numer Konta Parafialnego<\/strong><\/p>\n<p style=\"text-align: center;\"><strong>PKO BP 72 1020 1752 0000 0102 0069 6047<\/strong><\/p>\n<p>&nbsp;<\/p>\n<figure id=\"block-5f437b95-503a-4f29-91f7-75b7c74612d1\" class=\"wp-block-image\"><img decoding=\"async\" src=\"http:\/\/rafalk-elblag.pl\/wp-content\/uploads\/2020\/04\/baner-intencje-mszy.jpg\" alt=\"Obrazek posiada pusty atrybut alt; plik o nazwie baner-intencje-mszy.jpg\"><\/figure>\n<h1 id=\"block-ebb85da5-2bf8-44c6-8a18-015b59726bae\" class=\"wp-block-heading\">Intencje mszalne<\/h1>\n<p>VII Niedziela Zwyk\u0142a 23 Luty 2025 \/ \u0141k 6, 27-38<\/p>\n<p>8.00 \u015bp. Irena WILE\u0143SKA gr.23<br \/>\n10.00 \u015bp. Janina i Jerzy oraz zmar\u0142ych z obojga stron rodzic\u00f3w i te\u015bci\u00f3w<br \/>\n10.00 \u015bp. Helena w 6 r. \u015bmierci, \u015bp. Stanis\u0142aw CYREK i \u015bp. Beata JARGI\u0141O<br \/>\n12.00 Za parafian<br \/>\n15.00 \u015bp. W\u0142adys\u0142aw DUDKIEWICZ w 18 r. \u015bmierci, \u015bp. W\u0142adys\u0142awa(k) DUDKIEWICZ w 10 r. \u015bmierci i \u015bp. Marek DUDKIEWICZ w 25 r. \u015bmierci<br \/>\n18.00 \u015bp. Franciszek i Halina KRE\u0143SCY<\/p>\n<p>PONIEDZIA\u0141EK \/ 24 Luty 2025\/ Mk 8, 11-13<br \/>\n8.00 \u015bp. Irena WILE\u0143SKA gr.24<br \/>\n18.00 \u015bp. Cecylia PLIT w 30 dzie\u0144 po pogrzebie<br \/>\n18.00 \u015bp. Antoni \u0141ukaszewski w 30 dzie\u0144 po pogrzebie<\/p>\n<p>WTOREK \/ 25 Luty 2025\/ Mk 8, 14-21<br \/>\n8.00 \u015bp. Irena WILE\u0143SKA gr.25<br \/>\n18.00 \u015bp. Jan KAPCIAK i Jan MARKIEWICZ<br \/>\n18.00 \u015bp. Wanda KOWNACKA w 30 dzie\u0144 po pogrzebie<\/p>\n<p>\u015aRODA \/ 26 Luty 2025 \/ Mk 8,22-26<br \/>\n8.00 O Bo\u017ce b\u0142og. i potrzebne \u0142aski, opiek\u0119 Matki Bo\u017cej dla Romana<br \/>\n18.00 \u015bp. Irena WILE\u0143SKA gr.26<br \/>\n18.00 \u015bp. Danuta KONDRACKA w 30 dzie\u0144 po pogrzebie<\/p>\n<p>CZWARTEK \/ 27 Luty 2025 \/ Mk 8,27-33<br \/>\nT\u0141USTY CZWARTEK<br \/>\n8.00 \u015bp. Danuta i Jerzy BOGDA\u0143SCY<br \/>\n8.00 Dzi\u0119kczynno b\u0142agalna o Bo\u017ce b\u0142ogos\u0142awie\u0144stwo i obfite \u0142aski dla Heleny LENCKOWSKIEJ w dniu urodzin<br \/>\n18.00 \u015bp. Irena WILE\u0143SKA gr.27<br \/>\n18.00 \u015bp. Stanis\u0142aw KOWALSKI 4 miesi\u0105c po pogrzebu<\/p>\n<p>PI\u0104TEK \/ 28 Luty 2025 \/ MK 8,34-9,1<br \/>\n8.00 Dzi\u0119kczynna w 60 r. urodzin syna Krzysztofa z pro\u015bb\u0105 o Bo\u017ce b\u0142og. i potrzebne \u0142aski na dalsze lata \u017cycia<br \/>\n18.00 Dzi\u0119kczynna w 18 r. urodzin Wiktorii KR\u00d3L z pro\u015bb\u0105 o dary Ducha \u015awi\u0119tego i potrzebne \u0142aski na dalsze lata \u017cycia doros\u0142ego<br \/>\n18.00 \u015bp. Irena WILE\u0143SKA gr.28<\/p>\n<p>SOBOTA \/ 1 Marca 2025 \/<br \/>\nNarodowy Dzie\u0144 Pami\u0119ci o \u017bo\u0142nierzach Niez\u0142omnych Mt 16, 13-19<br \/>\n8.00 \u015bp. Irena WILE\u0143SKA gr.29<br \/>\n18.00 O Bo\u017ce b\u0142ogos\u0142awie\u0144stwo i wstawiennictwo w Matki Bo\u017cej Cz\u0119stochowskiej dla IV R\u00f3\u017cy i kap\u0142an\u00f3w tutaj pos\u0142uguj\u0105cych<br \/>\n18.00 \u015bp. Lutos\u0142aw DUSZNIAK gr. 1<\/p>\n<p>VIII Niedziela Zwyk\u0142a 2 Marca 2025 \/ \u0141k 6, 27-38<br \/>\n8.00 O do\u015bwiadczenie Bo\u017cej mi\u0142o\u015bci dla Karoliny i Oskara oraz Sebastiana i Natalii<br \/>\n10.00 \u015bp. Irena WI\u015aNIEWSKA<br \/>\n12.00 Za parafian<br \/>\n15.00 \u015bp. Lutos\u0142aw DUSZNIAK gr. 2<br \/>\n18.00 \u015bp. Irena WILE\u0143SKA gr.30<\/p>\n<p>&nbsp;<\/p>\n","protected":false},"excerpt":{"rendered":"<p>Narodowy Dzie\u0144 Pami\u0119ci \u201e\u017bo\u0142nierzy Wykl\u0119tych\u201d Wiele lat musia\u0142o up\u0142yn\u0105\u0107, aby \u015brodowiska kombatanckie, liczne organizacje patriotyczne, a przede wszystkim przyjaciele i rodziny doczeka\u0142y si\u0119 dnia po\u015bwi\u0119conego pami\u0119ci \u017bo\u0142nierzy Wykl\u0119tych. Prezydent Lech Kaczy\u0144ski korzystaj\u0105c ze swego konstytucyjnego uprawnienia do inicjatywy ustawodawczej, w 2010 roku z\u0142o\u017cy\u0142 na r\u0119ce marsza\u0142ka Sejmu projekt ustawy o ustanowieniu Narodowego Dnia Pami\u0119ci \u201e\u017bo\u0142nierzy [&hellip;]<\/p>\n","protected":false},"author":1,"featured_media":5714,"comment_status":"closed","ping_status":"closed","sticky":false,"template":"","format":"standard","meta":{"ngg_post_thumbnail":0,"footnotes":""},"categories":[11,8,4,3],"tags":[],"class_list":["post-5713","post","type-post","status-publish","format-standard","has-post-thumbnail","hentry","category-aktualnosci","category-blog","category-intencje","category-ogloszenia"],"_links":{"self":[{"href":"https:\/\/rafalk-elblag.pl\/index.php?rest_route=\/wp\/v2\/posts\/5713","targetHints":{"allow":["GET"]}}],"collection":[{"href":"https:\/\/rafalk-elblag.pl\/index.php?rest_route=\/wp\/v2\/posts"}],"about":[{"href":"https:\/\/rafalk-elblag.pl\/index.php?rest_route=\/wp\/v2\/types\/post"}],"author":[{"embeddable":true,"href":"https:\/\/rafalk-elblag.pl\/index.php?rest_route=\/wp\/v2\/users\/1"}],"replies":[{"embeddable":true,"href":"https:\/\/rafalk-elblag.pl\/index.php?rest_route=%2Fwp%2Fv2%2Fcomments&post=5713"}],"version-history":[{"count":3,"href":"https:\/\/rafalk-elblag.pl\/index.php?rest_route=\/wp\/v2\/posts\/5713\/revisions"}],"predecessor-version":[{"id":5717,"href":"https:\/\/rafalk-elblag.pl\/index.php?rest_route=\/wp\/v2\/posts\/5713\/revisions\/5717"}],"wp:featuredmedia":[{"embeddable":true,"href":"https:\/\/rafalk-elblag.pl\/index.php?rest_route=\/wp\/v2\/media\/5714"}],"wp:attachment":[{"href":"https:\/\/rafalk-elblag.pl\/index.php?rest_route=%2Fwp%2Fv2%2Fmedia&parent=5713"}],"wp:term":[{"taxonomy":"category","embeddable":true,"href":"https:\/\/rafalk-elblag.pl\/index.php?rest_route=%2Fwp%2Fv2%2Fcategories&post=5713"},{"taxonomy":"post_tag","embeddable":true,"href":"https:\/\/rafalk-elblag.pl\/index.php?rest_route=%2Fwp%2Fv2%2Ftags&post=5713"}],"curies":[{"name":"wp","href":"https:\/\/api.w.org\/{rel}","templated":true}]}}