{"id":5711,"date":"2025-02-16T08:07:49","date_gmt":"2025-02-16T08:07:49","guid":{"rendered":"https:\/\/rafalk-elblag.pl\/?p=5711"},"modified":"2025-02-16T08:07:49","modified_gmt":"2025-02-16T08:07:49","slug":"ogloszenia-parafialne-16-02-2025-r-vi-niedziela-zwykla","status":"publish","type":"post","link":"https:\/\/rafalk-elblag.pl\/?p=5711","title":{"rendered":"OG\u0141OSZENIA PARAFIALNE\u00a0 16.02.2025 r.  VI NIEDZIELA ZWYK\u0141A"},"content":{"rendered":"<h1>Matka Bo\u017ca Szkaplerzna<\/h1>\n<p>Historia szkaplerza karmelita\u0144skiego si\u0119ga XII w. Duchowi synowie proroka Eliasza prowadzili \u017cycie modlitwy na G\u00f3rze Karmel w Palestynie. Nazywali si\u0119 Bra\u0107mi Naj\u015bwi\u0119tszej Maryi Panny z G\u00f3ry Karmel. Z powodu prze\u015bladowa\u0144 przenie\u015bli si\u0119 do Europy. Ko\u015bci\u00f3\u0142 uzna\u0142 ich regu\u0142\u0119 \u017cycia i da\u0142 prawny pocz\u0105tek Zakonowi Karmelit\u00f3w, kt\u00f3ry promieniowa\u0142 przyk\u0142adem \u015bwi\u0119to\u015bci w nowym dla siebie \u015brodowisku, ale nie unikn\u0105\u0142 te\u017c okre\u015blonych trudno\u015bci. &nbsp;<\/p>\n<p>Wtedy odznaczaj\u0105cy si\u0119 \u015bwi\u0119to\u015bci\u0105 genera\u0142 zakonu, angielski karmelita \u015bw. Szymon Stock, zmobilizowa\u0142 swoich braci i zawierzaj\u0105c si\u0119 Maryi, prosi\u0142 J\u0105 o pomoc. Jak podaj\u0105 kroniki, gdy modli\u0142 si\u0119 w nocy z 15 na 16 lipca 1251 r. ukaza\u0142a mu si\u0119 Maryja w otoczeniu anio\u0142\u00f3w i wskazuj\u0105c na szkaplerz, powiedzia\u0142a:<\/p>\n<p><strong>&nbsp;<\/strong><\/p>\n<p>&#8222;Przyjmij, najmilszy synu, Szkaplerz twego zakonu jako znak mego braterstwa, przywilej dla ciebie i wszystkich karmelit\u00f3w. Kto w nim umrze, nie zazna ognia piekielnego.<\/p>\n<p>Oto znak zbawienia, ratunek w niebezpiecze\u0144stwach, przymierze pokoju i wiecznego zobowi\u0105zania&#8221;. Nabo\u017ce\u0144stwo szkaplerzne, praktykowane pocz\u0105tkowo tylko we wsp\u00f3lnotach karmelita\u0144skich, bardzo szybko rozpowszechni\u0142o si\u0119 w\u015br\u00f3d ludzi \u015bwieckich i duchowie\u0144stwa.<\/p>\n<p><strong>Do nabo\u017ce\u0144stwa szkaplerznego przywi\u0105zane s\u0105 przywileje uznane przez Ko\u015bci\u00f3\u0142 jako objawione przez Maryj\u0119:<\/strong><\/p>\n<p>&#8211; nosz\u0105cym szkaplerz Maryja zapewni\u0142a opiek\u0119 w trudach i niebezpiecze\u0144stwach \u017cycia zar\u00f3wno wzgl\u0119dem duszy, jak i cia\u0142a;<\/p>\n<p>&#8211; w znaku szkaplerza Maryja obieca\u0142a szcz\u0119\u015bliw\u0105 \u015bmier\u0107 i zachowanie od wiecznego pot\u0119pienia;<\/p>\n<p>&#8211; ka\u017cdy, kto nosi szkaplerz, jest z\u0142\u0105czony z Zakonem Karmelita\u0144skim i ma udzia\u0142 w jego duchowych dobrach za \u017cycia i po \u015bmierci (obj\u0119ty jest intencjami Mszy \u015bw., komunii \u015bw., umartwie\u0144, post\u00f3w, modlitw itp.).<\/p>\n<p>Z ko\u0144cem XV w. do powy\u017cszych \u0142ask do\u0142\u0105czono tzw. przywilej sobotni oparty na objawieniu, jakie mia\u0142 mie\u0107 papie\u017c Jan XXII. Maryja obieca\u0142a przez niego, \u017ce ka\u017cdy nosz\u0105cy szkaplerz i zachowuj\u0105cy czysto\u015b\u0107 wed\u0142ug swego stanu zostanie uwolniony z czy\u015b\u0107ca w pierwsz\u0105 sobot\u0119 po \u015bmierci.<\/p>\n<p>&nbsp;<\/p>\n<figure id=\"block-11bfdc70-3a14-4d5e-94a4-c45b2bb4a6cf\" class=\"wp-block-image\"><a href=\"http:\/\/rafalk-elblag.pl\/wp-content\/uploads\/2021\/08\/ogloszenia-parafialne-baner-01a.jpg\"><img decoding=\"async\" src=\"http:\/\/rafalk-elblag.pl\/wp-content\/uploads\/2021\/08\/ogloszenia-parafialne-baner-01a.jpg\" alt=\"Obrazek posiada pusty atrybut alt; plik o nazwie ogloszenia-parafialne-baner-01a.jpg\"><\/a><\/figure>\n<p>&nbsp;<\/p>\n<p><strong>&nbsp;<\/strong><\/p>\n<p><strong>OG\u0141OSZENIA PARAFIALNE&nbsp; 16.02.2025 r.<\/strong><\/p>\n<p><strong>VI NIEDZIELA ZWYK\u0141A<\/strong><\/p>\n<p><strong>XI rocznica nadania drugiego tytu\u0142u \u015bwi\u0105tyni <\/strong><\/p>\n<p><strong>Matki Bo\u017cej Szkaplerznej<\/strong><\/p>\n<p><strong>&nbsp;<\/strong><\/p>\n<ol>\n<li>Dok\u0142adnie dzisiaj &#8211; 16 lutego przypada <strong>XI rocznica<\/strong> nadania drugiego tytu\u0142u naszej \u015bwi\u0105tyni:<strong> MATKI BO\u017bEJ SZKAPLERZNEJ.<\/strong> Wszystkie osoby nale\u017c\u0105ce do RODZINY KARMELITA\u0143SKIEJ i pragn\u0105ce tego dnia przyj\u0105\u0107 szkaplerz \u015bwi\u0119ty zapraszam na Msz\u0119 \u015bw. o godz. 18:00.<em> Nasze spotkanie zako\u0144czymy od\u015bpiewaniem Godzinek ku czci Matki Bo\u017cej Szkaplerznej. <\/em><\/li>\n<li><strong>Rodzic\u00f3w dzieci klas III Szko\u0142y Podstawowej<\/strong> przygotowuj\u0105cych si\u0119 do I Spowiedzi i Komunii \u015bw. zapraszam jutro (17 lutego) na comiesi\u0119czne spotkanie do ko\u015bcio\u0142a na godz. 19:00. <em>Obecno\u015b\u0107 obojga RODZIC\u00d3W mile widziana.<\/em><\/li>\n<li>Informujemy o najbli\u017cszych spotkaniach kandydat\u00f3w przygotowuj\u0105cych si\u0119 do przyj\u0119cia Sakramentu Bierzmowania:<\/li>\n<\/ol>\n<ul>\n<li><strong>Rok I \u2013 <\/strong>spotkanie z ks. Piotrem: <strong><u>wtorek 18 lutego g. 19:00<\/u><\/strong><\/li>\n<li><strong>Rok II \u2013 <\/strong>spotkanie z ks. Piotrem:<strong> <u>\u015broda 19 lutego g. 19:00<\/u><\/strong><\/li>\n<\/ul>\n<ol start=\"4\">\n<li>Grupa rodzinna Al-Anon \u201e<strong><em>\u015amieszki\u201d<\/em> <\/strong>zaprasza w ka\u017cdy czwartek o godz. 17:00. Spotkania odbywaj\u0105 si\u0119 w salce na plebanii. <em>Wszystkich ch\u0119tnych i pragn\u0105cych uzyska\u0107 informacj\u0119 zapraszamy. <\/em><\/li>\n<li>Za tydzie\u0144 Caritas Parafialna b\u0119dzie zbiera\u0142a ofiary do puszki dla os\u00f3b potrzebuj\u0105cych pomocy. Dzi\u0119kujemy za zrozumienie. Spotkanie Apostolatu Bo\u017cego Mi\u0142osierdzia oraz Woluntariuszy Caritas za tydzie\u0144 po Mszy \u015bw. o godz. 15:00 na plebanii. <em>Obecno\u015b\u0107 wszystkich cz\u0142onk\u00f3w mile widziana.<\/em><\/li>\n<li>Zesp\u00f3\u0142 Szk\u00f3\u0142 Pijarskich \u015bw. Miko\u0142aja w Elbl\u0105gu serdecznie zaprasza na <strong>Dzie\u0144 Otwarty Szko\u0142y Podstawowej, kt\u00f3ry odb\u0119dzie si\u0119 w sobot\u0119 22 lutego 2025 w godzinach od 10:00 do godz. 13:00.<\/strong> Jest to okazja, aby spotka\u0107 si\u0119 z uczniami i nauczycielami, porozmawia\u0107 o szkole, a tak\u017ce pozna\u0107 atmosfer\u0119 wsp\u00f3lnoty pijarskiej. Szko\u0142a mie\u015bci si\u0119 przy ul. Saper\u00f3w 20 (obok Powiatowego Urz\u0119du Pracy). <em>Ojcowie Pijarzy serdecznie zapraszaj\u0105 na to spotkanie rodzic\u00f3w i dzieci!<\/em><\/li>\n<li>Zach\u0119camy do nabywania nowego numeru <strong>\u201eGo\u015bcia Niedzielnego\u201d<\/strong> z dodatkiem \u201eGo\u015b\u0107 Elbl\u0105ski\u201d w cenie 10 z\u0142. Mamy dzisiaj mo\u017cliwo\u015b\u0107 si\u0119gn\u0105\u0107 po <strong>\u201eGO\u015aCIA EXTRA\u201d<\/strong> poruszaj\u0105cy temat znak\u00f3w i cud\u00f3w w Ko\u015bciele w cenie 14 z\u0142.<\/li>\n<li>Wszystkim Jubilatom i Solenizantom tego tygodnia \u017cyczymy wielu \u0142ask Bo\u017cych i opieki Matki Bo\u017cej Szkaplerznej naszej patronki.<\/li>\n<li><strong>W roku JUBILEUSZOWYM 2025 zosta\u0142y zaplanowane trzy pielgrzymki:<\/strong><\/li>\n<\/ol>\n<ul>\n<li>autokarowa pielgrzymka do WROC\u0141AWIA i okolic. Termin od 28 kwietnia do&nbsp;&nbsp;&nbsp;&nbsp;&nbsp;&nbsp;&nbsp;&nbsp;&nbsp;&nbsp;&nbsp;&nbsp;&nbsp;&nbsp;&nbsp;&nbsp;&nbsp;&nbsp;&nbsp; 2 maja 2025 roku&nbsp; pi\u0119\u0107 dni. Koszt ok. 1200 z\u0142.<\/li>\n<li>autokarowa pielgrzymka do Medjugorii we wrze\u015bniu (22-29) 2025 roku.<\/li>\n<\/ul>\n<p>Koszt ok. 850 z\u0142 i 270 euro.<\/p>\n<ul>\n<li>autokarowa pielgrzymka do wiecznego miasta RZYMU w drugiej po\u0142owie pa\u017adziernika (16-25) 2025 roku. Koszt ok. 3980z\u0142. i 300 euro. <strong><em>Rozpoczynam zapisy na powy\u017csze pielgrzymki, gdy\u017c do ko\u0144ca lutego musz\u0119 potwierdzi\u0107 rezerwacj\u0119&nbsp;&nbsp;&nbsp;&nbsp;&nbsp;&nbsp;&nbsp;&nbsp;&nbsp;&nbsp;&nbsp;&nbsp;&nbsp;&nbsp;&nbsp;&nbsp;&nbsp;&nbsp;&nbsp;&nbsp; i wp\u0142aci\u0107 zaliczk\u0119. <\/em><\/strong><em>Zapisy i wi\u0119cej informacji u ks. Proboszcza. <\/em><\/li>\n<\/ul>\n<ol start=\"10\">\n<li>Pan powo\u0142a\u0142 do wieczno\u015bci:<\/li>\n<\/ol>\n<p>\u015bp. Krzysztofa KOSIDOWSKIEGO lat 39 z ul. \u0141okietka<\/p>\n<p><em><u>Dobry Jezu a nasz Panie daj mu wieczne spoczywanie.<\/u><\/em><\/p>\n<p>&nbsp;<\/p>\n<p style=\"text-align: center;\"><em>&nbsp;<\/em><strong>Numer Konta Parafialnego<\/strong><\/p>\n<p style=\"text-align: center;\"><strong>PKO BP 72 1020 1752 0000 0102 0069 6047<\/strong><\/p>\n<p>&nbsp;<\/p>\n<figure id=\"block-5f437b95-503a-4f29-91f7-75b7c74612d1\" class=\"wp-block-image\"><img decoding=\"async\" src=\"http:\/\/rafalk-elblag.pl\/wp-content\/uploads\/2020\/04\/baner-intencje-mszy.jpg\" alt=\"Obrazek posiada pusty atrybut alt; plik o nazwie baner-intencje-mszy.jpg\"><\/figure>\n<h1 id=\"block-ebb85da5-2bf8-44c6-8a18-015b59726bae\" class=\"wp-block-heading\">Intencje mszalne<\/h1>\n<p>VI Niedziela Zwyk\u0142a 16 Luty 2025 \/ \u0141k 6, 17.20-26<br \/>\n8.00 \u015bp. J\u00f3zef CZESZEJKO \u2013 SOCHACKI<br \/>\n8.00 Dzi\u0119kczynna za 77 lat \u017cycia z pro\u015bb\u0105 o Bo\u017ce b\u0142og., dary Ducha \u015bw. i opiek\u0119 Matki Bo\u017cej dla Teresy JAKUBIAK<br \/>\n10.00 \u015bp. Irena WILE\u0143SKA gr.16<br \/>\n12.00 Za parafian<br \/>\n15.00 Dzi\u0119kczynna w 62 rocz. \u015blubu IRENY i ZENONA URBANOWSKICH z pro\u015bb\u0105 o Bo\u017ce b\u0142og. opiek\u0119 M.B. dla czcigodnych Jubilat\u00f3w<br \/>\n18.00 Za Rodzin\u0119 i Bractwo Szkaplerzne i jego opiekuna ks. Proboszcza<\/p>\n<p>PONIEDZIA\u0141EK \/ 17 Luty 2025\/ Mk 8, 11-13<br \/>\n8.00 O Bo\u017ce b\u0142og. potrzebne \u0142aski i opiek\u0119 Matki Bo\u017cej dla Haliny<br \/>\n18.00 \u015bp. Helena RYMARCZYK w 3 mc po pogrzebie od rodz. Burnus<br \/>\n18.00 \u015bp. Irena Wile\u0144ska gr.17<\/p>\n<p>WTOREK 18 Luty 2025\/ Mk 8, 14-21<br \/>\n8.00 \u015bp. Irena WILE\u0143SKA gr.18<br \/>\n18.00 \u015bp. Maria, Wac\u0142aw Ryszard i zm. z rodz. JASIULEWICZ i ANDREARCZYK<br \/>\n18.00 O \u0142ask\u0119 zdrowia dla Ma\u0142gorzaty w ci\u0119\u017ckiej chorobie oraz potrzebne \u0142aski<\/p>\n<p>\u015aRODA \/ 19 Luty 2025 \/ Mk 8,22-26<br \/>\n8.00 O \u0142ask\u0119 uzdrowienia z chor\u00f3b oraz o ulg\u0119 w cierpieniach dla c\u00f3rki Patrycji<br \/>\n18.00 \u015bp. Irena Wile\u0144ska gr.19<br \/>\n18.00 \u015bp. J\u00f3zef GRACZYK w 30 dzie\u0144 po pogrzebie<\/p>\n<p>CZWARTEK \/ 20 Luty 2025 \/ Mk 8,27-33<br \/>\n8.00 \u015bp. Andrzej i Barbara ZIELI\u0143SCY w 13.r.\u015bm.<br \/>\n18.00 \u015bp. Irena WILE\u0143SKA gr.20<br \/>\n18.00 Dzi\u0119kczynna z okazji urodzin Tomasza z pro\u015bb\u0105 o dary Ducha \u015awi\u0119tego, Bo\u017ce b\u0142ogos\u0142awie\u0144stwo i opiek\u0119 Matki Bo\u017cej Szkaplerznej<\/p>\n<p>PI\u0104TEK \/ 21 Luty 2025 \/ MK 8,34-9,1<br \/>\n8.00 \u015bp. Irena WILE\u0143SKA gr.21<br \/>\n18.00 O szcz\u0119\u015bliwe rozwi\u0105zanie dla Natalii oraz o Bo\u017ce b\u0142og. na czas oczekiwania<br \/>\n18.00 \u015bp. Danuta CHY\u0141A w 30 dzie\u0144 po pogrzebie<\/p>\n<p>SOBOTA \/ 22 Luty 2025 \/<br \/>\n\u015awi\u0119to Katedry \u015bw. Piotra Aposto\u0142a Mt 16, 13-19<br \/>\n8.00 \u015bp. Irena WILE\u0143SKA gr.22<br \/>\n18.00 \u015bp. Stanis\u0142aw(m) w 22r.\u015bm. KANDYBA i zm. z rodziny z obojga stron<br \/>\n18.00 \u015bp. Jan LIS<\/p>\n<p>VII Niedziela Zwyk\u0142a 23 Luty 2025 \/ \u0141k 6, 27-38<br \/>\n8.00 \u015bp. Irena WILE\u0143SKA gr.23<br \/>\n10.00 \u015bp. Janina i Jerzy oraz zmar\u0142ych z obojga stron rodzic\u00f3w i te\u015bci\u00f3w<br \/>\n10.00 \u015bp. Helena w 6 r. \u015bmierci, \u015bp Stanis\u0142aw CYREK i \u015bp. Beata JARGI\u0141O<br \/>\n12.00 Za parafian<br \/>\n15.00 \u015bp. W\u0142adys\u0142aw DUDKIEWICZ w 18 r. \u015bmierci, \u015bp. W\u0142adys\u0142awa(k) DUDKIEWICZ w 10 r. \u015bm. i \u015bp. Marek DUDKIEWICZ w 25 r. \u015bmierci<br \/>\n18.00 \u015bp. Franciszek i Halina KRE\u0143SCY<\/p>\n<p>&nbsp;<\/p>\n","protected":false},"excerpt":{"rendered":"<p>Matka Bo\u017ca Szkaplerzna Historia szkaplerza karmelita\u0144skiego si\u0119ga XII w. Duchowi synowie proroka Eliasza prowadzili \u017cycie modlitwy na G\u00f3rze Karmel w Palestynie. Nazywali si\u0119 Bra\u0107mi Naj\u015bwi\u0119tszej Maryi Panny z G\u00f3ry Karmel. Z powodu prze\u015bladowa\u0144 przenie\u015bli si\u0119 do Europy. Ko\u015bci\u00f3\u0142 uzna\u0142 ich regu\u0142\u0119 \u017cycia i da\u0142 prawny pocz\u0105tek Zakonowi Karmelit\u00f3w, kt\u00f3ry promieniowa\u0142 przyk\u0142adem \u015bwi\u0119to\u015bci w nowym dla [&hellip;]<\/p>\n","protected":false},"author":1,"featured_media":2554,"comment_status":"closed","ping_status":"closed","sticky":false,"template":"","format":"standard","meta":{"ngg_post_thumbnail":0,"footnotes":""},"categories":[11,8,4,3],"tags":[],"class_list":["post-5711","post","type-post","status-publish","format-standard","has-post-thumbnail","hentry","category-aktualnosci","category-blog","category-intencje","category-ogloszenia"],"_links":{"self":[{"href":"https:\/\/rafalk-elblag.pl\/index.php?rest_route=\/wp\/v2\/posts\/5711","targetHints":{"allow":["GET"]}}],"collection":[{"href":"https:\/\/rafalk-elblag.pl\/index.php?rest_route=\/wp\/v2\/posts"}],"about":[{"href":"https:\/\/rafalk-elblag.pl\/index.php?rest_route=\/wp\/v2\/types\/post"}],"author":[{"embeddable":true,"href":"https:\/\/rafalk-elblag.pl\/index.php?rest_route=\/wp\/v2\/users\/1"}],"replies":[{"embeddable":true,"href":"https:\/\/rafalk-elblag.pl\/index.php?rest_route=%2Fwp%2Fv2%2Fcomments&post=5711"}],"version-history":[{"count":1,"href":"https:\/\/rafalk-elblag.pl\/index.php?rest_route=\/wp\/v2\/posts\/5711\/revisions"}],"predecessor-version":[{"id":5712,"href":"https:\/\/rafalk-elblag.pl\/index.php?rest_route=\/wp\/v2\/posts\/5711\/revisions\/5712"}],"wp:featuredmedia":[{"embeddable":true,"href":"https:\/\/rafalk-elblag.pl\/index.php?rest_route=\/wp\/v2\/media\/2554"}],"wp:attachment":[{"href":"https:\/\/rafalk-elblag.pl\/index.php?rest_route=%2Fwp%2Fv2%2Fmedia&parent=5711"}],"wp:term":[{"taxonomy":"category","embeddable":true,"href":"https:\/\/rafalk-elblag.pl\/index.php?rest_route=%2Fwp%2Fv2%2Fcategories&post=5711"},{"taxonomy":"post_tag","embeddable":true,"href":"https:\/\/rafalk-elblag.pl\/index.php?rest_route=%2Fwp%2Fv2%2Ftags&post=5711"}],"curies":[{"name":"wp","href":"https:\/\/api.w.org\/{rel}","templated":true}]}}