{"id":5706,"date":"2025-02-07T15:45:03","date_gmt":"2025-02-07T15:45:03","guid":{"rendered":"https:\/\/rafalk-elblag.pl\/?p=5706"},"modified":"2025-02-07T15:45:54","modified_gmt":"2025-02-07T15:45:54","slug":"ogloszenia-parafialne-9-02-2025-r-v-niedziela-zwykla","status":"publish","type":"post","link":"https:\/\/rafalk-elblag.pl\/?p=5706","title":{"rendered":"OG\u0141OSZENIA PARAFIALNE\u00a0 9.02.2025 r. V NIEDZIELA ZWYK\u0141A"},"content":{"rendered":"<p><strong>Roku Jubileuszowego 2025 \u201ePielgrzymi nadziei\u201d <\/strong><strong>w diecezji elbl\u0105skiej<\/strong><\/p>\n<p><strong>&nbsp;<\/strong>Ko\u015bci\u00f3\u0142 katolicki nawi\u0105zuje do idei i praktyki ludu Bo\u017cego pierwszego Przymierza, kt\u00f3ry obchodzi\u0142 co 50 lat rok jubileuszowy. Jubileusze w Starym Testamencie mia\u0142y charakter religijny i spo\u0142eczny. Czas Jubileuszu zobowi\u0105zuje nas tak\u017ce do zwr\u00f3cenia wi\u0119kszej uwagi na ubogich, dotkni\u0119tych wojnami, niesprawiedliwo\u015bci\u0105, g\u0142odnych, pozbawionych domu, uchod\u017ac\u00f3w i migrant\u00f3w.<\/p>\n<p>Podstawowymi dokumentami ko\u015bcielnymi dotycz\u0105cymi obecnego Roku Jubileuszowego s\u0105:<\/p>\n<p>* Franciszek \u2013 bulla <em>Spes non confundit <\/em>&nbsp;(9 V 2024)<\/p>\n<p>* Penitencjaria Apostolska \u2013 dekret <em>O uzyskaniu odpustu podczas Jubileuszu 2025<\/em> (13 V 2024)<\/p>\n<p><strong>Ko\u015bcio\u0142y<\/strong><\/p>\n<ol>\n<li>W diecezji elbl\u0105skiej zosta\u0142y wyznaczone ko\u015bcio\u0142y Jubileuszu:<\/li>\n<\/ol>\n<p>* Elbl\u0105g &#8211; katedra \u015bw. Miko\u0142aja<\/p>\n<p>* Kwidzyn &#8211; wsp\u00f3\u0142katedra \u015bw. Jana Ewangelisty<\/p>\n<p>* Prabuty &#8211; wsp\u00f3\u0142katedra \u015bw. Wojciecha<\/p>\n<p>* Nowy Staw &#8211; kolegiata \u015bw. Mateusza<\/p>\n<p>* Elbl\u0105g &#8211; ko\u015bci\u00f3\u0142 \u015bw. Brata Alberta<\/p>\n<p>* Malbork &#8211; ko\u015bci\u00f3\u0142 \u015bw. Jana Chrzciciela<\/p>\n<p>* Sztum &#8211; ko\u015bci\u00f3\u0142 \u015bw. Anny<\/p>\n<p>* Pas\u0142\u0119k &#8211; ko\u015bci\u00f3\u0142 \u015bw. Bart\u0142omieja<\/p>\n<p>* Mor\u0105g &#8211; ko\u015bci\u00f3\u0142 \u015bw. Piotra i Paw\u0142a<\/p>\n<p>* I\u0142awa &#8211; ko\u015bci\u00f3\u0142 Przemienienia Pa\u0144skiego<\/p>\n<p>* Kisielice &#8211; ko\u015bci\u00f3\u0142 Matki Bo\u017cej Kr\u00f3lowej \u015awiata<\/p>\n<p>* Stegna &#8211; ko\u015bci\u00f3\u0142 Naj\u015bwi\u0119tszego Serca Pana Jezusa<\/p>\n<p>* Dzierzgo\u0144 &#8211; Sanktuarium NMP R\u00f3\u017ca\u0144cowej<\/p>\n<p>* Elbl\u0105g-Stagniewo &#8211; Sanktuarium NMP Fatimskiej i \u015bw. Jana Paw\u0142a II<\/p>\n<ol start=\"2\">\n<li>Ka\u017cda ze \u015bwi\u0105ty\u0144 Jubileuszu powinna by\u0107 oznakowana, tzn. posiada\u0107 napis (baner) informuj\u0105cy: Ko\u015bci\u00f3\u0142 Jubileuszu 2025.<\/li>\n<li>Potrzebna jest te\u017c informacja o porz\u0105dku Mszy \u015bw. i czasie sprawowania sakramentu pokuty, zawieraj\u0105ca tak\u017ce kontakt do administratora ko\u015bcio\u0142a.<\/li>\n<\/ol>\n<p><strong>Sakrament pokuty i spowiednicy<\/strong><\/p>\n<p>Ksi\u0119\u017ca kanonicy i spowiednicy w ko\u015bcio\u0142ach jubileuszowych otrzymuj\u0105 na czas Roku Jubileuszowego <strong>uprawnienie<\/strong> do uwalniania od cenzur <em>latae sententiae<\/em> (ekskomunika) niezadeklarowanych i niezastrze\u017conych Stolicy Apostolskiej. Dotyczy to zw\u0142aszcza grzechu i przest\u0119pstwa aborcji (por. kan. 508, \u00a7 1; kan. 1357-1358 KPK).<\/p>\n<p>Spowiednicy powinni pami\u0119ta\u0107 o powadze grzechu, ale r\u00f3wnocze\u015bnie udziela\u0107 poucze\u0144 nacechowanych mi\u0142o\u015bci\u0105 wobec penitent\u00f3w. Powinni wyznacza\u0107 odpowiednie pokuty. Maj\u0105 one pom\u00f3c ukszta\u0142towa\u0107 trwa\u0142\u0105 i warto\u015bciow\u0105 postaw\u0105 \u017cycia chrze\u015bcijanina.<\/p>\n<p><strong>Odpusty<\/strong><\/p>\n<ol>\n<li>Nale\u017cy przypomina\u0107, \u017ce odpust to dar mi\u0142osierdzia Bo\u017cego udzielany poprzez Jezusa Chrystusa w Ko\u015bciele. Odpust usuwa pozosta\u0142o\u015bci skutk\u00f3w grzechu.<\/li>\n<li>Odpust mo\u017cna zyska\u0107 dla siebie (raz dziennie) albo dla osoby zmar\u0142ej (znajduj\u0105cej si\u0119 w stanie przej\u015bciowym czy\u015b\u0107ca). Odpustu nie mo\u017cna podarowa\u0107 (aplikowa\u0107) osobie \u017cyj\u0105cej.<\/li>\n<li>W Roku Jubileuszu odpusty zyskujemy poprzez:<\/li>\n<\/ol>\n<p>*<strong> pielgrzymk\u0119<\/strong> do wyznaczonych ko\u015bcio\u0142\u00f3w jubileuszowych, ale tak\u017ce do sanktuari\u00f3w maryjnych (np. w Lubieszewie). W tych ko\u015bcio\u0142ach nale\u017cy uczestniczy\u0107 w liturgii lub nabo\u017ce\u0144stwie.<\/p>\n<p>*<strong> nawiedzenie<\/strong> (<strong>odwiedzenie) <\/strong>ko\u015bcio\u0142a jubileuszowego w pobli\u017cu i d\u0142u\u017csz\u0105 chwil\u0119 modlitwy przed Naj\u015bwi\u0119tszym Sakramentem.<\/p>\n<ol start=\"4\">\n<li>Odpusty mog\u0105 uzyska\u0107: <strong>chorzy <\/strong>w domach i szpitalach, <strong>starsi<\/strong> w domach i domach opieki oraz <strong>osadzeni <\/strong>w wi\u0119zieniach, gdy modl\u0105 si\u0119 w miejscu przebywania w kaplicy o\u015brodka lub we w\u0142asnym pokoju czy celi. Odpust mo\u017cna zyska\u0107 tak\u017ce po wys\u0142uchaniu transmisji medialnej nabo\u017ce\u0144stwa, zw\u0142aszcza z udzia\u0142em papie\u017ca i biskup\u00f3w poprzez do\u0142\u0105czenie osobistej modlitwy.<\/li>\n<li>W ramach udzia\u0142u w <strong>rekolekcjach<\/strong>, w <strong>misjach<\/strong>, <strong>spotkaniach <\/strong>formacyjnych, w <strong>katechezie.<\/strong><\/li>\n<li>Odpust otrzymuj\u0105 ci, kt\u00f3rzy wype\u0142niaj\u0105 dobrowolnie <strong>dzie\u0142a mi\u0142osierdzia<\/strong> (charytatywne) i pokuty w formie wolontariatu. Odpust otrzymuj\u0105 tak\u017ce ci, kt\u00f3rzy pe\u0142ni\u0105 <strong>uczynki mi\u0142osierdzia<\/strong> \u201ewzgl\u0119dem cia\u0142a\u201d i \u201ewzgl\u0119dem ducha\u201d bli\u017anich, np. <strong>odwiedzaj\u0105c chorych, wi\u0119\u017ani\u00f3w, bior\u0105c udzia\u0142 w pogrzebie<\/strong>.<\/li>\n<li>W zasadzie mo\u017cna zyska\u0107 tylko jeden odpust w ci\u0105gu dnia. Drugi \u2013 na rzecz osoby zmar\u0142ej \u2013 tego samego dnia wymaga ponownego uczestnictwa w Eucharystii.<\/li>\n<\/ol>\n<p>+Jacek Jezierski, biskup elbl\u0105ski<\/p>\n<p><strong>Elbl\u0105g, dn. 27 grudnia 2024<\/strong><\/p>\n<p>&nbsp;<\/p>\n<figure id=\"block-11bfdc70-3a14-4d5e-94a4-c45b2bb4a6cf\" class=\"wp-block-image\"><a href=\"http:\/\/rafalk-elblag.pl\/wp-content\/uploads\/2021\/08\/ogloszenia-parafialne-baner-01a.jpg\"><img decoding=\"async\" src=\"http:\/\/rafalk-elblag.pl\/wp-content\/uploads\/2021\/08\/ogloszenia-parafialne-baner-01a.jpg\" alt=\"Obrazek posiada pusty atrybut alt; plik o nazwie ogloszenia-parafialne-baner-01a.jpg\"><\/a><\/figure>\n<p>&nbsp;<\/p>\n<p><strong>&nbsp;<\/strong><\/p>\n<p><strong>OG\u0141OSZENIA PARAFIALNE&nbsp; 9.02.2025 r. <\/strong><strong>V NIEDZIELA ZWYK\u0141A<\/strong><\/p>\n<ol>\n<li>W poniedzia\u0142ek 10 lutego przypada <strong>85 rocznica pierwszej deportacji Polak\u00f3w na Sybir<\/strong>. Tego dnia o godz. 18:00 b\u0119dzie sprawowana Msza \u015bw. w intencji Sybirak\u00f3w.<\/li>\n<\/ol>\n<p><em>Serdecznie zapraszamy do wsp\u00f3lnej modlitwy.<\/em><\/p>\n<ol start=\"2\">\n<li>Osoby z grupy modlitewnej <strong>Rodzinny R\u00f3\u017caniec<\/strong> zapraszamy po Mszach \u015bwi\u0119tych w II niedziel\u0119 miesi\u0105ca po odbi\u00f3r tajemnic r\u00f3\u017ca\u0144cowych i deklaracji na kolejny miesi\u0105c &nbsp;&nbsp;&nbsp;&nbsp;&nbsp;&nbsp;&nbsp;&nbsp;&nbsp;&nbsp;&nbsp;&nbsp;&nbsp;&nbsp;&nbsp;u pana Piotra &#8211; organisty. <em>Zapraszamy tak\u017ce nowe osoby, kt\u00f3re chc\u0105 modli\u0107 si\u0119 za swoje rodziny.<\/em><\/li>\n<li>We wtorek 11 lutego przypada 167 rocznica Objawie\u0144 Matki Bo\u017cej z Lourdes, a zarazem jest to <strong>\u015aWIATOWY DZIE\u0143 CHOREGO<\/strong>. Chorych i ich opiekun\u00f3w zapraszamy szczeg\u00f3lnie na Msz\u0119 \u015bw. o godz. 11:00, w trakcie kt\u00f3rej zostanie <strong>udzielony SAKRAMENT NAMASZCZENIA CHORYCH.<\/strong><em> Mo\u017cliwo\u015b\u0107 skorzystania z sakramentu spowiedzi przed Msz\u0105 \u015bw. Zapraszamy. <\/em><\/li>\n<li><em>W \u015brod\u0119 Spotkanie Kr\u0119gu biblijnego o 18:45<\/em><\/li>\n<li>W ko\u015bciele \u015bw. Brata Alberta w Elbl\u0105gu \u2013 jest to <strong>KO\u015aCI\u00d3\u0141 JUBILEUSZOWY<\/strong> \u2013 dnia 15 lutego o godz. 11:00 b\u0119dzie sprawowana Msza \u015bw. po\u0142\u0105czona z Sakramentem Namaszczenia Chorych. <em>Mszy \u015bw. b\u0119dzie przewodniczy\u0142 Biskup Elbl\u0105ski Jacek Jezierski.<\/em> Zapraszamy ludzi starszych i chorych. <strong><em>W ROKU \u0141ASKI nawiedzaj\u0105c Ko\u015bci\u00f3\u0142 Jubileuszowy mo\u017cemy uzyska\u0107 ODPUST <\/em><\/strong><\/li>\n<li>Za tydzie\u0144 16 lutego dzie\u0144 modlitw za <strong>Bractwo Szkaplerzne,<\/strong> a tak\u017ce za osoby nosz\u0105ce Szkaplerz \u015awi\u0119ty. Serdecznie zapraszamy wszystkich nale\u017c\u0105cych i pragn\u0105cych w\u0142\u0105czy\u0107 si\u0119 do tej wsp\u00f3lnoty na godz. 18:00 na Msze \u015bw. \u2013 <em>dzi\u0119kczynn\u0105 w <strong>XI rocznic\u0119 nadania drugiego tytu\u0142u naszej \u015bwi\u0105tyni:<\/strong><strong> MATKI BO\u017bEJ SZKAPLERZNEJ.<\/strong> Nasze spotkanie zako\u0144czymy od\u015bpiewaniem Godzinek ku czci Matki Bo\u017cej Szkaplerznej. <\/em><\/li>\n<li><strong>W roku JUBILEUSZOWYM 2025 zosta\u0142y zaplanowane trzy pielgrzymki:<\/strong><\/li>\n<\/ol>\n<ul>\n<li>autokarowa pielgrzymka do WROC\u0141AWIA i okolic. Termin od 28 kwietnia do &nbsp;&nbsp;&nbsp;&nbsp;&nbsp;&nbsp;&nbsp;&nbsp;&nbsp;&nbsp;&nbsp;&nbsp;&nbsp;&nbsp;&nbsp;&nbsp;&nbsp;&nbsp;&nbsp;2 maja 2025 roku&nbsp; pi\u0119\u0107 dni. Koszt ok. 1200 z\u0142.<\/li>\n<li>autokarowa pielgrzymka do Medjugorii we wrze\u015bniu (22-29) 2025 roku.<\/li>\n<\/ul>\n<p>Koszt ok. 850 z\u0142 i 270 euro.<\/p>\n<ul>\n<li>autokarowa pielgrzymka do wiecznego miasta RZYMU w drugiej po\u0142owie pa\u017adziernika (16-25) 2025 roku. Koszt ok. 3980z\u0142. i 300 euro. <strong><em>Rozpoczynam zapisy na powy\u017csze pielgrzymki, gdy\u017c do ko\u0144ca lutego musz\u0119 potwierdzi\u0107 rezerwacj\u0119 &nbsp;&nbsp;&nbsp;&nbsp;&nbsp;&nbsp;&nbsp;&nbsp;&nbsp;&nbsp;&nbsp;&nbsp;&nbsp;&nbsp;&nbsp;&nbsp;&nbsp;&nbsp;&nbsp;&nbsp;i wp\u0142aci\u0107 zaliczk\u0119. <\/em><\/strong><em>Zapisy i wi\u0119cej informacji u ks. Proboszcza. <\/em><\/li>\n<\/ul>\n<ol start=\"8\">\n<li><strong>Kancelaria Parafialna <\/strong>czynna w \u015brody od 16:00 do 17:30 oraz w pi\u0105tki od godz. 18:45 do 19:30. Zapraszamy.<\/li>\n<li><strong>KORZYSTAJMY Z SAKRAMENTU SPOWIEDZI \u015aW.<\/strong><em><u> \u2013 mamy tak\u0105 mo\u017cliwo\u015b\u0107, codziennie przed Msz\u0105 \u015bw. od godz. 7:45 lub od godz.17:30. <\/u><\/em><\/li>\n<li><strong>Dzi\u0119kuj\u0119 osobom, kt\u00f3re dnia 3 lutego br.<\/strong><strong> zaanga\u017cowa\u0142y si\u0119 w rozbi\u00f3rk\u0119 dekoracji \u015bwi\u0105tecznej w naszym ko\u015bciele. B\u00d3G ZAP\u0141A\u0106.<\/strong><\/li>\n<li><em><u>PROSIMY O ZAMYKANIE DRZWI PRZY WCHODZENIU I WYCHODZENIU Z KO\u015aCIO\u0141A PONIEWA\u017b KO\u015aCI\u00d3\u0141 JEST OGRZEWANY.&nbsp;&nbsp; <strong>DZI\u0118KUJEMY.<\/strong><\/u><\/em><\/li>\n<li>Zach\u0119camy do nabywania nowego numeru <strong>\u201eGo\u015bcia Niedzielnego\u201d<\/strong> z dodatkiem \u201eGo\u015b\u0107 Elbl\u0105ski\u201d w cenie 10 z\u0142. Mamy dzisiaj mo\u017cliwo\u015b\u0107 si\u0119gn\u0105\u0107 po <strong>\u201eGO\u015aCIA EXTRA\u201d<\/strong> poruszaj\u0105cy temat znak\u00f3w i cud\u00f3w w Ko\u015bciele w cenie 14 z\u0142.<\/li>\n<li>Pan powo\u0142a\u0142 do wieczno\u015bci: \u015bp. Jerzego KOTLEWSKIEGO lat 71 z ul. Myliusa<\/li>\n<\/ol>\n<p><em><u>DOBRY JEZU A NASZ PANIE DAJ MU WIECZNE SPOCZYWANIE.<\/u><\/em><\/p>\n<p>&nbsp;<\/p>\n<p style=\"text-align: center;\"><em>&nbsp;<\/em><strong>Numer Konta Parafialnego<\/strong><\/p>\n<p style=\"text-align: center;\"><strong>PKO BP 72 1020 1752 0000 0102 0069 6047<\/strong><\/p>\n<p>&nbsp;<\/p>\n<figure id=\"block-5f437b95-503a-4f29-91f7-75b7c74612d1\" class=\"wp-block-image\"><img decoding=\"async\" src=\"http:\/\/rafalk-elblag.pl\/wp-content\/uploads\/2020\/04\/baner-intencje-mszy.jpg\" alt=\"Obrazek posiada pusty atrybut alt; plik o nazwie baner-intencje-mszy.jpg\"><\/figure>\n<h1 id=\"block-ebb85da5-2bf8-44c6-8a18-015b59726bae\" class=\"wp-block-heading\">Intencje mszalne<\/h1>\n<p>5 Niedziela Zwyk\u0142a 9 Luty 2025 \/ \u0141k 5, 1-11<\/p>\n<p>8.00 \u015bp. Irena Wile\u0144ska gr.9<br \/>\n10.00 Dzi\u0119kczynna w kolejn\u0105 rocznic\u0119 urodzin Marianny z pro\u015bb\u0105 o Bo\u017ce b\u0142og., dary Ducha \u015bw. i opiek\u0119 M.B na kolejne lata \u017cycia<br \/>\n10.00 O uprzedzaj\u0105c\u0105 \u0142ask\u0119 wszelkich natchnie\u0144, si\u0142\u0119 i rozwag\u0119, by wprowadzane w \u017cycie zaowocowa\u0142y ca\u0142kowitym przylgni\u0119ciem do Pana Boga dla Nikodema i jego rodziny, Agnieszki i ca\u0142ej rodziny zakonnej oraz dla Magdaleny i jej rodziny<br \/>\n12.00 Za parafian<br \/>\n15.00 \u015bp. Roman STASZY\u0143SKI w 3 rocznic\u0119 \u015bmierci oraz zmar\u0142ych rodzic\u00f3w, dziadk\u00f3w i rodze\u0144stwo<br \/>\n18.00 \u015bp. Bronis\u0142awa G\u0104SIOR w 22 r. \u015bmierci oraz zm. rodzic\u00f3w z obojga stron<\/p>\n<p>PONIEDZIA\u0141EK \/ 10 Luty 2025\/\u015bw. Scholastyki \/ Mk 6, 53-56<\/p>\n<p>8.00 \u015bp. Irena Wile\u0144ska gr.10<br \/>\n18.00 \u015bp. Boles\u0142awa(k) SZULCZYK w 12 rocz. \u015bmierci \u015bp. Bronis\u0142aw SZULCZYK<br \/>\n18.00 W intencji wszystkich Sybirak\u00f3w w rocznic\u0119 pierwszej deportacji<\/p>\n<p>WTOREK 11 Luty 2025\/ NMP z Lourdes \/ Mk 7, 1-13<\/p>\n<p>8.00 \u015bp. Cecylia LEWANDOWSKA w 14r.\u015bm., Julian HOCHLEITNER w 10r.\u015bm<br \/>\n11.00 W intencji chorych i ich opiekun\u00f3w<br \/>\n18.00 \u015bp. Irena Wile\u0144ska gr.11<\/p>\n<p>\u015aRODA \/ 12 Luty 2025 \/ \u0141k. 7,14-23<\/p>\n<p>8.00 \u015bp. Marta BOGDANOWICZ 3 rocznic\u0119 \u015bmierci<br \/>\n18.00 \u015bp. Irena Wile\u0144ska gr.12<br \/>\n18.00 \u015bp. Ma\u0142gorzata, J\u00f3zef, Leszek SZANDRACH<\/p>\n<p>CZWARTEK \/ 13 Luty 2025 \/ \u0141k 7,24-30<\/p>\n<p>8.00 \u015bp. Irena Wile\u0144ska gr.13<br \/>\n18.00 \u015bp. Weronika CZAJKOWSKA w 27 rocznic\u0119 \u015bmierci<br \/>\n18.00 Dzi\u0119kczynno &#8211; b\u0142agalna o Bo\u017ce b\u0142og. i obfite \u0142aski dla Szymona z okazji urodzin i o \u017cycie zgodne z wiar\u0105<\/p>\n<p>PI\u0104TEK \/ 14 Luty 2025 \/\u015bw. Cyryla i Metodego \/ \u0141k 10,1-9<\/p>\n<p>8.00 \u015bp. Walentyna MYSZK w 21 rocznice \u015bmierci<br \/>\n18.00 \u015bp. Irena Wile\u0144ska gr.14<br \/>\n18.00 \u015bp. Edward KOSI\u0143SKI w 4 r. \u015bmierci oraz za zm. rodzic\u00f3w z obojga stron<\/p>\n<p>SOBOTA \/ 15 Luty 2025 \/ Mk 8, 1-10<\/p>\n<p>8.00 \u015bp. Irena Wile\u0144ska gr.15<br \/>\n8.00 Dzi\u0119kczynno &#8211; b\u0142agalna o Bo\u017ce b\u0142og. i obfite \u0142aski dla ks. Sylwestra \u017bBIKOWSKIEGO w dniu urodzin intencja od Margaretki<br \/>\n18.00 Za dusze w czy\u015b\u0107cu cierpi\u0105ce i \u015bp. Romana<br \/>\n18.00 \u015bp. Jerzy Duda w 7 rocznic\u0119 \u015bmierci<\/p>\n<p>5 Niedziela Zwyk\u0142a 16 Luty 2025 \/ \u0141k 6, 17.20-26<\/p>\n<p>8.00 \u015bp. J\u00f3zef CZESZEJKO \u2013 SOCHACKI<br \/>\n8.00 Dzi\u0119kczynna za 77 lat \u017cycia z pro\u015bb\u0105 o Bo\u017ce b\u0142ogos\u0142awie\u0144stwo, dary Ducha \u015awietego i opiek\u0119 Matki Bo\u017cej dla Teresy JAKUBIAK<br \/>\n10.00 \u015bp. Irena Wile\u0144ska gr.16<br \/>\n12.00 Za parafian<br \/>\n15.00 Dzi\u0119kczynna w 62 rocz. \u015blubu IRENY i ZENONA URBANOWSKICH z pro\u015bb\u0105 o Bo\u017ce b\u0142ogos\u0142awie\u0144stwo i opiek\u0119 M.B. dla czcigodnych Jubilat\u00f3w<br \/>\n18.00 Za Rodzin\u0119 i Bractwo Szkaplerzne i jego opiekuna ks. Proboszcza<\/p>\n","protected":false},"excerpt":{"rendered":"<p>Roku Jubileuszowego 2025 \u201ePielgrzymi nadziei\u201d w diecezji elbl\u0105skiej &nbsp;Ko\u015bci\u00f3\u0142 katolicki nawi\u0105zuje do idei i praktyki ludu Bo\u017cego pierwszego Przymierza, kt\u00f3ry obchodzi\u0142 co 50 lat rok jubileuszowy. Jubileusze w Starym Testamencie mia\u0142y charakter religijny i spo\u0142eczny. Czas Jubileuszu zobowi\u0105zuje nas tak\u017ce do zwr\u00f3cenia wi\u0119kszej uwagi na ubogich, dotkni\u0119tych wojnami, niesprawiedliwo\u015bci\u0105, g\u0142odnych, pozbawionych domu, uchod\u017ac\u00f3w i migrant\u00f3w. [&hellip;]<\/p>\n","protected":false},"author":1,"featured_media":5707,"comment_status":"closed","ping_status":"closed","sticky":false,"template":"","format":"standard","meta":{"ngg_post_thumbnail":0,"footnotes":""},"categories":[11,8,4,3],"tags":[],"class_list":["post-5706","post","type-post","status-publish","format-standard","has-post-thumbnail","hentry","category-aktualnosci","category-blog","category-intencje","category-ogloszenia"],"_links":{"self":[{"href":"https:\/\/rafalk-elblag.pl\/index.php?rest_route=\/wp\/v2\/posts\/5706","targetHints":{"allow":["GET"]}}],"collection":[{"href":"https:\/\/rafalk-elblag.pl\/index.php?rest_route=\/wp\/v2\/posts"}],"about":[{"href":"https:\/\/rafalk-elblag.pl\/index.php?rest_route=\/wp\/v2\/types\/post"}],"author":[{"embeddable":true,"href":"https:\/\/rafalk-elblag.pl\/index.php?rest_route=\/wp\/v2\/users\/1"}],"replies":[{"embeddable":true,"href":"https:\/\/rafalk-elblag.pl\/index.php?rest_route=%2Fwp%2Fv2%2Fcomments&post=5706"}],"version-history":[{"count":1,"href":"https:\/\/rafalk-elblag.pl\/index.php?rest_route=\/wp\/v2\/posts\/5706\/revisions"}],"predecessor-version":[{"id":5708,"href":"https:\/\/rafalk-elblag.pl\/index.php?rest_route=\/wp\/v2\/posts\/5706\/revisions\/5708"}],"wp:featuredmedia":[{"embeddable":true,"href":"https:\/\/rafalk-elblag.pl\/index.php?rest_route=\/wp\/v2\/media\/5707"}],"wp:attachment":[{"href":"https:\/\/rafalk-elblag.pl\/index.php?rest_route=%2Fwp%2Fv2%2Fmedia&parent=5706"}],"wp:term":[{"taxonomy":"category","embeddable":true,"href":"https:\/\/rafalk-elblag.pl\/index.php?rest_route=%2Fwp%2Fv2%2Fcategories&post=5706"},{"taxonomy":"post_tag","embeddable":true,"href":"https:\/\/rafalk-elblag.pl\/index.php?rest_route=%2Fwp%2Fv2%2Ftags&post=5706"}],"curies":[{"name":"wp","href":"https:\/\/api.w.org\/{rel}","templated":true}]}}